{"id":477,"date":"2011-07-11T09:11:00","date_gmt":"2011-07-11T09:11:00","guid":{"rendered":"http:\/\/carideal.com\/blog\/?p=477"},"modified":"2023-08-29T13:14:27","modified_gmt":"2023-08-29T11:14:27","slug":"porsche-panamera-diesel","status":"publish","type":"post","link":"https:\/\/www.carideal.com\/blog\/2011\/07\/11\/porsche-panamera-diesel\/","title":{"rendered":"Porsche Panamera Diesel"},"content":{"rendered":"\n<h2 class=\"wp-block-heading\">Porsche Panamera Diesel : Performance, \u00c9cologie et Luxe R\u00e9invent\u00e9s<\/h2>\n\n\n\n<p>La version diesel de la <a href=\"http:\/\/www.carideal.com\/blog\/2012\/11\/28\/porsche-panamera-shooting-brake\/\">Porsche Panamera<\/a> sera disponible en aout.<\/p>\n\n\n\n<p>La Porsche Panamera existe d\u00e9j\u00e0 en <a href=\"http:\/\/www.carideal.com\/blog\/2011\/03\/04\/porsche-panamera-s-hybride\/\">version S hybride<\/a>, et propose des performances notoires avec l'agr\u00e9ment similaire d'un moteur V8 et des consommations r\u00e9duites \u00e0 celles d'un moteur diesel en comparaison.<br>Le seul \"petit\" soucis reste son prix...107 ... 107 794794 \u20ac ...rien que \u00e7a !<\/p>\n\n\n\n<p>Le <a href=\"http:\/\/www.carideal.com\/blog\/marque-de-voiture-actualites-essais\/allemande\/\">Constructeur allemand<\/a> nous a donc concoct\u00e9 une version diesel \u00e0 seulement 81 661 \u20ac qui devra se contenter de son moteur Audi V6 de 250 ch. Cette version diesel se contente d'une consommation moyenne de 6.5 l aux 100 km pour 172 g\/km de CO2. Avec des pneus \u00e0 faible r\u00e9sistance de roulement elle descend \u00e0 6.3 L\/100 km et 167 g\/km. Malgr\u00e9 cette motorisation diesel, <a href=\"http:\/\/www.carideal.com\/blog\/marque-de-voiture-actualites-essais\/porsche\/\">Porsche<\/a> d\u00e9voile des performances dignes de la marque avec une vitesse de pointe de 242 km\/h et le 0 \u00e0 100 km\/h en 6.8 sec.<\/p>\n\n\n\n<h2 class=\"wp-block-heading\">\ud83c\udfc1 D\u00e9couvrez la Panamera Diesel : la r\u00e9volution Porsche \ud83c\udfc1<\/h2>\n\n\n\n<h3 class=\"wp-block-heading\">\ud83d\ude80 Performance et consommation r\u00e9duite, le duo gagnant \ud83d\ude80<\/h3>\n\n\n\n<p>Qui aurait cru qu'une Porsche Panamera Diesel pourrait parcourir 1 200 km sans s'arr\u00eater pour faire le plein ? Gr\u00e2ce aux <a href=\"http:\/\/www.carideal.com\/blog\/garage-automobile\/pneu\/pneu-michelin\/\">pneumatiques Michelin<\/a> \u00e0 faible r\u00e9sistance au roulement, cette merveille technologique fait d\u00e9sormais partie de la r\u00e9alit\u00e9. Curieux de savoir comment cela est possible ? \ud83e\udd14<\/p>\n\n\n\n<h3 class=\"wp-block-heading\">\ud83c\udf3f Un pas vers l'\u00e9cologie avec un syst\u00e8me d'arr\u00eat-d\u00e9marrage automatique \ud83c\udf3f<\/h3>\n\n\n\n<p>Outre sa faible consommation d'essence, cette Porsche se veut \u00e9cologique. Dot\u00e9e d'un syst\u00e8me <a href=\"http:\/\/www.carideal.com\/blog\/2007\/12\/10\/le-stop-and-start-de-psa-sera-t-il-bientot-obligatoire-sur-toute-les-voitures\/\">d'arr\u00eat-d\u00e9marrage automatique<\/a> et d'un contr\u00f4le des \u00e9missions, elle limite son impact environnemental. Mais comment cette performance est-elle obtenue ? \ud83e\uddd0<\/p>\n\n\n\n<h3 class=\"wp-block-heading\">\ud83d\udcaa Un moteur Diesel sign\u00e9 Audi pour une puissance in\u00e9gal\u00e9e \ud83d\udcaa<\/h3>\n\n\n\n<p>La Panamera Diesel est \u00e9quip\u00e9e d'un moteur <a href=\"https:\/\/www.audi-tourisme.com\/audi\/tdi\/moteurs-v6-tdi-v8-tdi\/\">V6 de 3 litres<\/a> d\u00e9veloppant 250 chevaux et 550 Nm de couple. Con\u00e7u par <a href=\"http:\/\/www.carideal.com\/blog\/marque-de-voiture-actualites-essais\/audi\/\">Audi<\/a>, ce moteur garantit une exp\u00e9rience de conduite inoubliable. Quelles sont les performances de cette Porsche Panamera Diesel en termes de vitesse et d'acc\u00e9l\u00e9ration ? \ud83c\udfce\ufe0f<\/p>\n\n\n\n<h3 class=\"wp-block-heading\">\u26a1 Vitesse et acc\u00e9l\u00e9ration impressionnantes pour une Porsche Diesel \u26a1<\/h3>\n\n\n\n<p>Avec une acc\u00e9l\u00e9ration de 0 \u00e0 100 km\/h en seulement 6,8 secondes et une vitesse maximale de 242 km\/h, la Porsche Panamera Diesel n'a rien \u00e0 envier \u00e0 ses concurrents. Qui a dit qu'une voiture diesel ne pouvait pas \u00eatre performante et dynamique ? \ud83d\ude0e<\/p>\n\n\n\n<ul class=\"wp-block-list\">\n<li><a href=\"http:\/\/www.carideal.com\/blog\/2016\/11\/12\/panamera-porsche-ajoute-un-nouveau-turbo-v6\/\">Panamera : Porsche ajoute un V6 turbo et une version Executive<\/a><\/li>\n\n\n\n<li><a href=\"http:\/\/www.carideal.com\/blog\/2013\/10\/14\/porsche-panamera-s-e-hybrid-416-ch\/\">Porsche Panamera S e-Hybrid 416 ch<\/a><\/li>\n\n\n\n<li><a href=\"http:\/\/www.carideal.com\/blog\/2013\/09\/08\/la-porsche-panamera-s-e-hybrid-et-son-bonus\/\">La porsche panamera s e hybrid et son bonus<\/a><\/li>\n<\/ul>\n\n\n\n<h3 class=\"wp-block-heading\">\ud83d\udcb8 Une Porsche accessible pour les passionn\u00e9s \ud83d\udcb8<\/h3>\n\n\n\n<p>Disponible sur le march\u00e9 fran\u00e7ais \u00e0 partir d'ao\u00fbt 2011, la Porsche Panamera Diesel est propos\u00e9e au prix de 82 558,00 \u20ac TTC. En option, une suspension pneumatique pilot\u00e9e peut \u00eatre ajout\u00e9e pour un confort de conduite optimal. Alors, pr\u00eat \u00e0 passer \u00e0 l'exp\u00e9rience Panamera Diesel ? \ud83d\ude98<\/p>\n\n\n\n<p>Ne manquez pas cette occasion unique de d\u00e9couvrir la Porsche Panamera Diesel, la r\u00e9volution dans l'univers des voitures de luxe. Vous ne serez pas d\u00e9\u00e7u ! \ud83d\ude09<\/p>\n","protected":false},"excerpt":{"rendered":"<p>Porsche Panamera Diesel : Performance, \u00c9cologie et Luxe R\u00e9invent\u00e9s La version diesel de la Porsche Panamera sera disponible en aout. La Porsche Panamera existe d\u00e9j\u00e0 en version S hybride, et propose des performances notoires avec l&rsquo;agr\u00e9ment similaire d&rsquo;un moteur V8 et des consommations r\u00e9duites \u00e0 celles d&rsquo;un moteur diesel en comparaison.Le seul \u00ab\u00a0petit\u00a0\u00bb soucis reste &#8230; <a title=\"Porsche Panamera Diesel\" class=\"read-more\" href=\"https:\/\/www.carideal.com\/blog\/2011\/07\/11\/porsche-panamera-diesel\/\" aria-label=\"En savoir plus sur Porsche Panamera Diesel\">Lire plus<\/a><\/p>\n","protected":false},"author":1,"featured_media":27135,"comment_status":"open","ping_status":"open","sticky":false,"template":"","format":"standard","meta":{"_uag_custom_page_level_css":"","_themeisle_gutenberg_block_has_review":false,"footnotes":""},"categories":[9],"tags":[730],"class_list":["post-477","post","type-post","status-publish","format-standard","has-post-thumbnail","hentry","category-divers","tag-panamera"],"wppr_data":{"cwp_meta_box_check":"No"},"yoast_head":"<!-- This site is optimized with the Yoast SEO plugin v24.8.1 - https:\/\/yoast.com\/wordpress\/plugins\/seo\/ -->\n<title>Porsche Panamera Diesel - Blog auto Carid\u00e9al<\/title>\n<meta name=\"description\" content=\"Porsche Panamera Diesel : Performance, \u00c9cologie et Luxe R\u00e9invent\u00e9s. La version diesel de la Porsche Panamera sera disponible en aout.\" \/>\n<meta name=\"robots\" content=\"index, follow, max-snippet:-1, max-image-preview:large, max-video-preview:-1\" \/>\n<link rel=\"canonical\" href=\"https:\/\/www.carideal.com\/blog\/2011\/07\/11\/porsche-panamera-diesel\/\" \/>\n<meta property=\"og:locale\" content=\"fr_FR\" \/>\n<meta property=\"og:type\" content=\"article\" \/>\n<meta property=\"og:title\" content=\"Porsche Panamera Diesel - Blog auto Carid\u00e9al\" \/>\n<meta property=\"og:description\" content=\"Porsche Panamera Diesel : Performance, \u00c9cologie et Luxe R\u00e9invent\u00e9s. La version diesel de la Porsche Panamera sera disponible en aout.\" \/>\n<meta property=\"og:url\" content=\"https:\/\/www.carideal.com\/blog\/2011\/07\/11\/porsche-panamera-diesel\/\" \/>\n<meta property=\"og:site_name\" content=\"Blog auto Carid\u00e9al\" \/>\n<meta property=\"article:publisher\" content=\"https:\/\/www.facebook.com\/Carideal.mandataire.automobile\" \/>\n<meta property=\"article:author\" content=\"https:\/\/www.facebook.com\/Carideal.mandataire.automobile\/\" \/>\n<meta property=\"article:published_time\" content=\"2011-07-11T09:11:00+00:00\" \/>\n<meta property=\"article:modified_time\" content=\"2023-08-29T11:14:27+00:00\" \/>\n<meta property=\"og:image\" content=\"https:\/\/www.carideal.com\/blog\/wp-content\/uploads\/2011\/07\/porsche-panamera-diesel-2011.jpg\" \/>\n\t<meta property=\"og:image:width\" content=\"824\" \/>\n\t<meta property=\"og:image:height\" content=\"457\" \/>\n\t<meta property=\"og:image:type\" content=\"image\/jpeg\" \/>\n<meta name=\"author\" content=\"N.S Carideal\" \/>\n<meta name=\"twitter:card\" content=\"summary_large_image\" \/>\n<meta name=\"twitter:creator\" content=\"@caridealauto\" \/>\n<meta name=\"twitter:site\" content=\"@caridealauto\" \/>\n<meta name=\"twitter:label1\" content=\"\u00c9crit par\" \/>\n\t<meta name=\"twitter:data1\" content=\"N.S Carideal\" \/>\n\t<meta name=\"twitter:label2\" content=\"Dur\u00e9e de lecture estim\u00e9e\" \/>\n\t<meta name=\"twitter:data2\" content=\"3 minutes\" \/>\n<script type=\"application\/ld+json\" class=\"yoast-schema-graph\">{\"@context\":\"https:\/\/schema.org\",\"@graph\":[{\"@type\":\"Article\",\"@id\":\"https:\/\/www.carideal.com\/blog\/2011\/07\/11\/porsche-panamera-diesel\/#article\",\"isPartOf\":{\"@id\":\"https:\/\/www.carideal.com\/blog\/2011\/07\/11\/porsche-panamera-diesel\/\"},\"author\":{\"name\":\"N.S Carideal\",\"@id\":\"https:\/\/www.carideal.com\/blog\/#\/schema\/person\/985c7e757d1042d647f21bfaf8d41ebc\"},\"headline\":\"Porsche Panamera Diesel\",\"datePublished\":\"2011-07-11T09:11:00+00:00\",\"dateModified\":\"2023-08-29T11:14:27+00:00\",\"mainEntityOfPage\":{\"@id\":\"https:\/\/www.carideal.com\/blog\/2011\/07\/11\/porsche-panamera-diesel\/\"},\"wordCount\":472,\"commentCount\":0,\"publisher\":{\"@id\":\"https:\/\/www.carideal.com\/blog\/#organization\"},\"image\":{\"@id\":\"https:\/\/www.carideal.com\/blog\/2011\/07\/11\/porsche-panamera-diesel\/#primaryimage\"},\"thumbnailUrl\":\"https:\/\/www.carideal.com\/blog\/wp-content\/uploads\/2011\/07\/porsche-panamera-diesel-2011.jpg\",\"keywords\":[\"Panamera\"],\"articleSection\":[\"Divers\"],\"inLanguage\":\"fr-FR\",\"potentialAction\":[{\"@type\":\"CommentAction\",\"name\":\"Comment\",\"target\":[\"https:\/\/www.carideal.com\/blog\/2011\/07\/11\/porsche-panamera-diesel\/#respond\"]}]},{\"@type\":\"WebPage\",\"@id\":\"https:\/\/www.carideal.com\/blog\/2011\/07\/11\/porsche-panamera-diesel\/\",\"url\":\"https:\/\/www.carideal.com\/blog\/2011\/07\/11\/porsche-panamera-diesel\/\",\"name\":\"Porsche Panamera Diesel - Blog auto Carid\u00e9al\",\"isPartOf\":{\"@id\":\"https:\/\/www.carideal.com\/blog\/#website\"},\"primaryImageOfPage\":{\"@id\":\"https:\/\/www.carideal.com\/blog\/2011\/07\/11\/porsche-panamera-diesel\/#primaryimage\"},\"image\":{\"@id\":\"https:\/\/www.carideal.com\/blog\/2011\/07\/11\/porsche-panamera-diesel\/#primaryimage\"},\"thumbnailUrl\":\"https:\/\/www.carideal.com\/blog\/wp-content\/uploads\/2011\/07\/porsche-panamera-diesel-2011.jpg\",\"datePublished\":\"2011-07-11T09:11:00+00:00\",\"dateModified\":\"2023-08-29T11:14:27+00:00\",\"description\":\"Porsche Panamera Diesel : Performance, \u00c9cologie et Luxe R\u00e9invent\u00e9s. La version diesel de la Porsche Panamera sera disponible en aout.\",\"breadcrumb\":{\"@id\":\"https:\/\/www.carideal.com\/blog\/2011\/07\/11\/porsche-panamera-diesel\/#breadcrumb\"},\"inLanguage\":\"fr-FR\",\"potentialAction\":[{\"@type\":\"ReadAction\",\"target\":[\"https:\/\/www.carideal.com\/blog\/2011\/07\/11\/porsche-panamera-diesel\/\"]}]},{\"@type\":\"ImageObject\",\"inLanguage\":\"fr-FR\",\"@id\":\"https:\/\/www.carideal.com\/blog\/2011\/07\/11\/porsche-panamera-diesel\/#primaryimage\",\"url\":\"https:\/\/www.carideal.com\/blog\/wp-content\/uploads\/2011\/07\/porsche-panamera-diesel-2011.jpg\",\"contentUrl\":\"https:\/\/www.carideal.com\/blog\/wp-content\/uploads\/2011\/07\/porsche-panamera-diesel-2011.jpg\",\"width\":824,\"height\":457,\"caption\":\"Porsche Panamera Diesel 2011\"},{\"@type\":\"BreadcrumbList\",\"@id\":\"https:\/\/www.carideal.com\/blog\/2011\/07\/11\/porsche-panamera-diesel\/#breadcrumb\",\"itemListElement\":[{\"@type\":\"ListItem\",\"position\":1,\"name\":\"Blog Carid\u00e9al\",\"item\":\"https:\/\/www.carideal.com\/blog\/\"},{\"@type\":\"ListItem\",\"position\":2,\"name\":\"Divers\",\"item\":\"https:\/\/www.carideal.com\/blog\/divers\/\"},{\"@type\":\"ListItem\",\"position\":3,\"name\":\"Porsche Panamera Diesel\"}]},{\"@type\":\"WebSite\",\"@id\":\"https:\/\/www.carideal.com\/blog\/#website\",\"url\":\"https:\/\/www.carideal.com\/blog\/\",\"name\":\"Blog auto Carid\u00e9al\",\"description\":\"Actualit\u00e9 auto par des passionn\u00e9s\",\"publisher\":{\"@id\":\"https:\/\/www.carideal.com\/blog\/#organization\"},\"potentialAction\":[{\"@type\":\"SearchAction\",\"target\":{\"@type\":\"EntryPoint\",\"urlTemplate\":\"https:\/\/www.carideal.com\/blog\/?s={search_term_string}\"},\"query-input\":{\"@type\":\"PropertyValueSpecification\",\"valueRequired\":true,\"valueName\":\"search_term_string\"}}],\"inLanguage\":\"fr-FR\"},{\"@type\":\"Organization\",\"@id\":\"https:\/\/www.carideal.com\/blog\/#organization\",\"name\":\"Carideal\",\"url\":\"https:\/\/www.carideal.com\/blog\/\",\"logo\":{\"@type\":\"ImageObject\",\"inLanguage\":\"fr-FR\",\"@id\":\"https:\/\/www.carideal.com\/blog\/#\/schema\/logo\/image\/\",\"url\":\"http:\/\/www.carideal.com\/blog\/wp-content\/uploads\/2016\/03\/logo-carideal-mandataire-automobile.png\",\"contentUrl\":\"http:\/\/www.carideal.com\/blog\/wp-content\/uploads\/2016\/03\/logo-carideal-mandataire-automobile.png\",\"width\":300,\"height\":300,\"caption\":\"Carideal\"},\"image\":{\"@id\":\"https:\/\/www.carideal.com\/blog\/#\/schema\/logo\/image\/\"},\"sameAs\":[\"https:\/\/www.facebook.com\/Carideal.mandataire.automobile\",\"https:\/\/x.com\/caridealauto\",\"https:\/\/www.instagram.com\/carideal1\/\",\"https:\/\/www.linkedin.com\/company\/carideal.com\",\"https:\/\/fr.pinterest.com\/schiavonsas\/\",\"https:\/\/www.youtube.com\/user\/caridealsas\"]},{\"@type\":\"Person\",\"@id\":\"https:\/\/www.carideal.com\/blog\/#\/schema\/person\/985c7e757d1042d647f21bfaf8d41ebc\",\"name\":\"N.S Carideal\",\"image\":{\"@type\":\"ImageObject\",\"inLanguage\":\"fr-FR\",\"@id\":\"https:\/\/www.carideal.com\/blog\/#\/schema\/person\/image\/\",\"url\":\"https:\/\/secure.gravatar.com\/avatar\/edb7ccdf1a4e3d14aef967760d354d0e?s=96&r=g\",\"contentUrl\":\"https:\/\/secure.gravatar.com\/avatar\/edb7ccdf1a4e3d14aef967760d354d0e?s=96&r=g\",\"caption\":\"N.S Carideal\"},\"description\":\"Depuis tout petit fan d'automobile. Il est question d'essayer et de comparer toutes ces voitures qui nous ont fait r\u00e9ver, avant que celles-ci ne devient uniquement des voitures de collection.\",\"sameAs\":[\"http:\/\/www.carideal.com\/blog\",\"https:\/\/www.facebook.com\/Carideal.mandataire.automobile\/\",\"https:\/\/www.linkedin.com\/in\/nschiavon\/\",\"https:\/\/www.youtube.com\/user\/caridealsas\/\"],\"url\":\"https:\/\/www.carideal.com\/blog\/author\/admin_carideal\/\"}]}<\/script>\n<!-- \/ Yoast SEO plugin. -->","yoast_head_json":{"title":"Porsche Panamera Diesel - Blog auto Carid\u00e9al","description":"Porsche Panamera Diesel : Performance, \u00c9cologie et Luxe R\u00e9invent\u00e9s. La version diesel de la Porsche Panamera sera disponible en aout.","robots":{"index":"index","follow":"follow","max-snippet":"max-snippet:-1","max-image-preview":"max-image-preview:large","max-video-preview":"max-video-preview:-1"},"canonical":"https:\/\/www.carideal.com\/blog\/2011\/07\/11\/porsche-panamera-diesel\/","og_locale":"fr_FR","og_type":"article","og_title":"Porsche Panamera Diesel - Blog auto Carid\u00e9al","og_description":"Porsche Panamera Diesel : Performance, \u00c9cologie et Luxe R\u00e9invent\u00e9s. La version diesel de la Porsche Panamera sera disponible en aout.","og_url":"https:\/\/www.carideal.com\/blog\/2011\/07\/11\/porsche-panamera-diesel\/","og_site_name":"Blog auto Carid\u00e9al","article_publisher":"https:\/\/www.facebook.com\/Carideal.mandataire.automobile","article_author":"https:\/\/www.facebook.com\/Carideal.mandataire.automobile\/","article_published_time":"2011-07-11T09:11:00+00:00","article_modified_time":"2023-08-29T11:14:27+00:00","og_image":[{"width":824,"height":457,"url":"https:\/\/www.carideal.com\/blog\/wp-content\/uploads\/2011\/07\/porsche-panamera-diesel-2011.jpg","type":"image\/jpeg"}],"author":"N.S Carideal","twitter_card":"summary_large_image","twitter_creator":"@caridealauto","twitter_site":"@caridealauto","twitter_misc":{"\u00c9crit par":"N.S Carideal","Dur\u00e9e de lecture estim\u00e9e":"3 minutes"},"schema":{"@context":"https:\/\/schema.org","@graph":[{"@type":"Article","@id":"https:\/\/www.carideal.com\/blog\/2011\/07\/11\/porsche-panamera-diesel\/#article","isPartOf":{"@id":"https:\/\/www.carideal.com\/blog\/2011\/07\/11\/porsche-panamera-diesel\/"},"author":{"name":"N.S Carideal","@id":"https:\/\/www.carideal.com\/blog\/#\/schema\/person\/985c7e757d1042d647f21bfaf8d41ebc"},"headline":"Porsche Panamera Diesel","datePublished":"2011-07-11T09:11:00+00:00","dateModified":"2023-08-29T11:14:27+00:00","mainEntityOfPage":{"@id":"https:\/\/www.carideal.com\/blog\/2011\/07\/11\/porsche-panamera-diesel\/"},"wordCount":472,"commentCount":0,"publisher":{"@id":"https:\/\/www.carideal.com\/blog\/#organization"},"image":{"@id":"https:\/\/www.carideal.com\/blog\/2011\/07\/11\/porsche-panamera-diesel\/#primaryimage"},"thumbnailUrl":"https:\/\/www.carideal.com\/blog\/wp-content\/uploads\/2011\/07\/porsche-panamera-diesel-2011.jpg","keywords":["Panamera"],"articleSection":["Divers"],"inLanguage":"fr-FR","potentialAction":[{"@type":"CommentAction","name":"Comment","target":["https:\/\/www.carideal.com\/blog\/2011\/07\/11\/porsche-panamera-diesel\/#respond"]}]},{"@type":"WebPage","@id":"https:\/\/www.carideal.com\/blog\/2011\/07\/11\/porsche-panamera-diesel\/","url":"https:\/\/www.carideal.com\/blog\/2011\/07\/11\/porsche-panamera-diesel\/","name":"Porsche Panamera Diesel - Blog auto Carid\u00e9al","isPartOf":{"@id":"https:\/\/www.carideal.com\/blog\/#website"},"primaryImageOfPage":{"@id":"https:\/\/www.carideal.com\/blog\/2011\/07\/11\/porsche-panamera-diesel\/#primaryimage"},"image":{"@id":"https:\/\/www.carideal.com\/blog\/2011\/07\/11\/porsche-panamera-diesel\/#primaryimage"},"thumbnailUrl":"https:\/\/www.carideal.com\/blog\/wp-content\/uploads\/2011\/07\/porsche-panamera-diesel-2011.jpg","datePublished":"2011-07-11T09:11:00+00:00","dateModified":"2023-08-29T11:14:27+00:00","description":"Porsche Panamera Diesel : Performance, \u00c9cologie et Luxe R\u00e9invent\u00e9s. La version diesel de la Porsche Panamera sera disponible en aout.","breadcrumb":{"@id":"https:\/\/www.carideal.com\/blog\/2011\/07\/11\/porsche-panamera-diesel\/#breadcrumb"},"inLanguage":"fr-FR","potentialAction":[{"@type":"ReadAction","target":["https:\/\/www.carideal.com\/blog\/2011\/07\/11\/porsche-panamera-diesel\/"]}]},{"@type":"ImageObject","inLanguage":"fr-FR","@id":"https:\/\/www.carideal.com\/blog\/2011\/07\/11\/porsche-panamera-diesel\/#primaryimage","url":"https:\/\/www.carideal.com\/blog\/wp-content\/uploads\/2011\/07\/porsche-panamera-diesel-2011.jpg","contentUrl":"https:\/\/www.carideal.com\/blog\/wp-content\/uploads\/2011\/07\/porsche-panamera-diesel-2011.jpg","width":824,"height":457,"caption":"Porsche Panamera Diesel 2011"},{"@type":"BreadcrumbList","@id":"https:\/\/www.carideal.com\/blog\/2011\/07\/11\/porsche-panamera-diesel\/#breadcrumb","itemListElement":[{"@type":"ListItem","position":1,"name":"Blog Carid\u00e9al","item":"https:\/\/www.carideal.com\/blog\/"},{"@type":"ListItem","position":2,"name":"Divers","item":"https:\/\/www.carideal.com\/blog\/divers\/"},{"@type":"ListItem","position":3,"name":"Porsche Panamera Diesel"}]},{"@type":"WebSite","@id":"https:\/\/www.carideal.com\/blog\/#website","url":"https:\/\/www.carideal.com\/blog\/","name":"Blog auto Carid\u00e9al","description":"Actualit\u00e9 auto par des passionn\u00e9s","publisher":{"@id":"https:\/\/www.carideal.com\/blog\/#organization"},"potentialAction":[{"@type":"SearchAction","target":{"@type":"EntryPoint","urlTemplate":"https:\/\/www.carideal.com\/blog\/?s={search_term_string}"},"query-input":{"@type":"PropertyValueSpecification","valueRequired":true,"valueName":"search_term_string"}}],"inLanguage":"fr-FR"},{"@type":"Organization","@id":"https:\/\/www.carideal.com\/blog\/#organization","name":"Carideal","url":"https:\/\/www.carideal.com\/blog\/","logo":{"@type":"ImageObject","inLanguage":"fr-FR","@id":"https:\/\/www.carideal.com\/blog\/#\/schema\/logo\/image\/","url":"http:\/\/www.carideal.com\/blog\/wp-content\/uploads\/2016\/03\/logo-carideal-mandataire-automobile.png","contentUrl":"http:\/\/www.carideal.com\/blog\/wp-content\/uploads\/2016\/03\/logo-carideal-mandataire-automobile.png","width":300,"height":300,"caption":"Carideal"},"image":{"@id":"https:\/\/www.carideal.com\/blog\/#\/schema\/logo\/image\/"},"sameAs":["https:\/\/www.facebook.com\/Carideal.mandataire.automobile","https:\/\/x.com\/caridealauto","https:\/\/www.instagram.com\/carideal1\/","https:\/\/www.linkedin.com\/company\/carideal.com","https:\/\/fr.pinterest.com\/schiavonsas\/","https:\/\/www.youtube.com\/user\/caridealsas"]},{"@type":"Person","@id":"https:\/\/www.carideal.com\/blog\/#\/schema\/person\/985c7e757d1042d647f21bfaf8d41ebc","name":"N.S Carideal","image":{"@type":"ImageObject","inLanguage":"fr-FR","@id":"https:\/\/www.carideal.com\/blog\/#\/schema\/person\/image\/","url":"https:\/\/secure.gravatar.com\/avatar\/edb7ccdf1a4e3d14aef967760d354d0e?s=96&r=g","contentUrl":"https:\/\/secure.gravatar.com\/avatar\/edb7ccdf1a4e3d14aef967760d354d0e?s=96&r=g","caption":"N.S Carideal"},"description":"Depuis tout petit fan d'automobile. Il est question d'essayer et de comparer toutes ces voitures qui nous ont fait r\u00e9ver, avant que celles-ci ne devient uniquement des voitures de collection.","sameAs":["http:\/\/www.carideal.com\/blog","https:\/\/www.facebook.com\/Carideal.mandataire.automobile\/","https:\/\/www.linkedin.com\/in\/nschiavon\/","https:\/\/www.youtube.com\/user\/caridealsas\/"],"url":"https:\/\/www.carideal.com\/blog\/author\/admin_carideal\/"}]}},"uagb_featured_image_src":{"full":["https:\/\/www.carideal.com\/blog\/wp-content\/uploads\/2011\/07\/porsche-panamera-diesel-2011.jpg",824,457,false],"thumbnail":["https:\/\/www.carideal.com\/blog\/wp-content\/uploads\/2011\/07\/porsche-panamera-diesel-2011-150x150.jpg",150,150,true],"medium":["https:\/\/www.carideal.com\/blog\/wp-content\/uploads\/2011\/07\/porsche-panamera-diesel-2011-300x166.jpg",300,166,true],"medium_large":["https:\/\/www.carideal.com\/blog\/wp-content\/uploads\/2011\/07\/porsche-panamera-diesel-2011-768x426.jpg",768,426,true],"large":["https:\/\/www.carideal.com\/blog\/wp-content\/uploads\/2011\/07\/porsche-panamera-diesel-2011.jpg",824,457,false],"1536x1536":["https:\/\/www.carideal.com\/blog\/wp-content\/uploads\/2011\/07\/porsche-panamera-diesel-2011.jpg",824,457,false],"2048x2048":["https:\/\/www.carideal.com\/blog\/wp-content\/uploads\/2011\/07\/porsche-panamera-diesel-2011.jpg",824,457,false],"wppr-widget":["https:\/\/www.carideal.com\/blog\/wp-content\/uploads\/2011\/07\/porsche-panamera-diesel-2011-50x28.jpg",50,28,true]},"uagb_author_info":{"display_name":"N.S Carideal","author_link":"https:\/\/www.carideal.com\/blog\/author\/admin_carideal\/"},"uagb_comment_info":0,"uagb_excerpt":"Porsche Panamera Diesel : Performance, \u00c9cologie et Luxe R\u00e9invent\u00e9s La version diesel de la Porsche Panamera sera disponible en aout. La Porsche Panamera existe d\u00e9j\u00e0 en version S hybride, et propose des performances notoires avec l'agr\u00e9ment similaire d'un moteur V8 et des consommations r\u00e9duites \u00e0 celles d'un moteur diesel en comparaison.Le seul \"petit\" soucis reste\u2026","_links":{"self":[{"href":"https:\/\/www.carideal.com\/blog\/wp-json\/wp\/v2\/posts\/477"}],"collection":[{"href":"https:\/\/www.carideal.com\/blog\/wp-json\/wp\/v2\/posts"}],"about":[{"href":"https:\/\/www.carideal.com\/blog\/wp-json\/wp\/v2\/types\/post"}],"author":[{"embeddable":true,"href":"https:\/\/www.carideal.com\/blog\/wp-json\/wp\/v2\/users\/1"}],"replies":[{"embeddable":true,"href":"https:\/\/www.carideal.com\/blog\/wp-json\/wp\/v2\/comments?post=477"}],"version-history":[{"count":0,"href":"https:\/\/www.carideal.com\/blog\/wp-json\/wp\/v2\/posts\/477\/revisions"}],"wp:featuredmedia":[{"embeddable":true,"href":"https:\/\/www.carideal.com\/blog\/wp-json\/wp\/v2\/media\/27135"}],"wp:attachment":[{"href":"https:\/\/www.carideal.com\/blog\/wp-json\/wp\/v2\/media?parent=477"}],"wp:term":[{"taxonomy":"category","embeddable":true,"href":"https:\/\/www.carideal.com\/blog\/wp-json\/wp\/v2\/categories?post=477"},{"taxonomy":"post_tag","embeddable":true,"href":"https:\/\/www.carideal.com\/blog\/wp-json\/wp\/v2\/tags?post=477"}],"curies":[{"name":"wp","href":"https:\/\/api.w.org\/{rel}","templated":true}]}}