{"id":4760,"date":"2009-04-20T22:00:00","date_gmt":"2009-04-20T22:00:00","guid":{"rendered":"http:\/\/www.carideal.com\/blog\/2009\/04\/20\/nouvelles-plaques-d-immatriculations\/"},"modified":"2017-01-31T18:59:09","modified_gmt":"2017-01-31T17:59:09","slug":"nouvelles-plaques-d-immatriculations","status":"publish","type":"post","link":"https:\/\/www.carideal.com\/blog\/2009\/04\/20\/nouvelles-plaques-d-immatriculations\/","title":{"rendered":"Nouvelles plaques d immatriculation et cartes grises"},"content":{"rendered":"<div>\n<h1><strong>Nouvelles plaques d immatriculation et\u00a0cartes grises<\/strong><\/h1>\n<p>Depuis lundi, nous immatricullons enfin les premi\u00e8re voitures neuves d'origine cee, ainsi que d'occasion avec les nouvelles cartes grises et plaques d'immatriculations. Il est \u00e9tonnant de noter depuis cette semaine le syst\u00e8me d'immatriculation des concessionnaires ne fonctionne toujours pas, et que certain se plaignent qu'ils ont 100 voitures sur le parc en attente de livraison. Du coup, les pr\u00e9fectures ont de nouveau authoris\u00e9 l'utilisation des carnet de cartes grises provisoires.<br \/>\nNous sommes pratiquement les seuls \u00e0 r\u00e9ussir \u00e0 sortir des nouvelles plaques et cartes grises.<\/p>\n<p><img decoding=\"async\" src=\"http:\/\/www.carideal.com\/images_actualite\/nouvelleplaqueimmatriculation-1240326095.jpg\" alt=\"\" \/><\/p>\n<p>Nouvelles plaques immatriculation, pour le moment seul ces plaques sont disponibles.<\/p>\n<\/div>\n<div>\n<p><img decoding=\"async\" src=\"http:\/\/www.carideal.com\/images_actualite\/nouvellecartegrisecarideal-1240326118.jpg\" alt=\"\" \/><\/p>\n<p>Nouvelle carte grise\u00a0Papier provisoir justifiant de la nouvelle immatriculation, la carte grise d\u00e9finitive\u00a0est\u00a0envoy\u00e9e directement par la pr\u00e9fecture chez le client<\/p>\n<\/div>\n<p>Enfin depuis lundi nous immatriculons nos voitures d'importation, neuves et d'occasions avec les nouvelles cartes grises et plaques d'immatriculation.<\/p>\n","protected":false},"excerpt":{"rendered":"<p>Nouvelles plaques d immatriculation et\u00a0cartes grises Depuis lundi, nous immatricullons enfin les premi\u00e8re voitures neuves d&rsquo;origine cee, ainsi que d&rsquo;occasion avec les nouvelles cartes grises et plaques d&rsquo;immatriculations. Il est \u00e9tonnant de noter depuis cette semaine le syst\u00e8me d&rsquo;immatriculation des concessionnaires ne fonctionne toujours pas, et que certain se plaignent qu&rsquo;ils ont 100 voitures sur &#8230; <a title=\"Nouvelles plaques d immatriculation et cartes grises\" class=\"read-more\" href=\"https:\/\/www.carideal.com\/blog\/2009\/04\/20\/nouvelles-plaques-d-immatriculations\/\" aria-label=\"En savoir plus sur Nouvelles plaques d immatriculation et cartes grises\">Lire plus<\/a><\/p>\n","protected":false},"author":3,"featured_media":0,"comment_status":"open","ping_status":"open","sticky":false,"template":"","format":"standard","meta":{"_uag_custom_page_level_css":"","_themeisle_gutenberg_block_has_review":false,"footnotes":""},"categories":[21],"tags":[6227,1935],"class_list":["post-4760","post","type-post","status-publish","format-standard","hentry","category-actualites-auto","tag-carte-grise","tag-plaques-d-immatriculation"],"wppr_data":{"cwp_meta_box_check":"No"},"yoast_head":"<!-- This site is optimized with the Yoast SEO plugin v24.8.1 - https:\/\/yoast.com\/wordpress\/plugins\/seo\/ -->\n<title>Nouvelles plaques d immatriculation et cartes grises - Blog auto Carid\u00e9al<\/title>\n<meta name=\"robots\" content=\"index, follow, max-snippet:-1, max-image-preview:large, max-video-preview:-1\" \/>\n<link rel=\"canonical\" href=\"https:\/\/www.carideal.com\/blog\/2009\/04\/20\/nouvelles-plaques-d-immatriculations\/\" \/>\n<meta property=\"og:locale\" content=\"fr_FR\" \/>\n<meta property=\"og:type\" content=\"article\" \/>\n<meta property=\"og:title\" content=\"Nouvelles plaques d immatriculation et cartes grises - Blog auto Carid\u00e9al\" \/>\n<meta property=\"og:description\" content=\"Nouvelles plaques d immatriculation et\u00a0cartes grises Depuis lundi, nous immatricullons enfin les premi\u00e8re voitures neuves d&#039;origine cee, ainsi que d&#039;occasion avec les nouvelles cartes grises et plaques d&#039;immatriculations. Il est \u00e9tonnant de noter depuis cette semaine le syst\u00e8me d&#039;immatriculation des concessionnaires ne fonctionne toujours pas, et que certain se plaignent qu&#039;ils ont 100 voitures sur ... Lire plus\" \/>\n<meta property=\"og:url\" content=\"https:\/\/www.carideal.com\/blog\/2009\/04\/20\/nouvelles-plaques-d-immatriculations\/\" \/>\n<meta property=\"og:site_name\" content=\"Blog auto Carid\u00e9al\" \/>\n<meta property=\"article:publisher\" content=\"https:\/\/www.facebook.com\/Carideal.mandataire.automobile\" \/>\n<meta property=\"article:author\" content=\"https:\/\/www.facebook.com\/nicolas.schiavon.39\" \/>\n<meta property=\"article:published_time\" content=\"2009-04-20T22:00:00+00:00\" \/>\n<meta property=\"article:modified_time\" content=\"2017-01-31T17:59:09+00:00\" \/>\n<meta property=\"og:image\" content=\"http:\/\/www.carideal.com\/images_actualite\/nouvelleplaqueimmatriculation-1240326095.jpg\" \/>\n<meta name=\"author\" content=\"Nicolas SCHIAVON\" \/>\n<meta name=\"twitter:card\" content=\"summary_large_image\" \/>\n<meta name=\"twitter:creator\" content=\"@caridealauto\" \/>\n<meta name=\"twitter:site\" content=\"@caridealauto\" \/>\n<meta name=\"twitter:label1\" content=\"\u00c9crit par\" \/>\n\t<meta name=\"twitter:data1\" content=\"Nicolas SCHIAVON\" \/>\n\t<meta name=\"twitter:label2\" content=\"Dur\u00e9e de lecture estim\u00e9e\" \/>\n\t<meta name=\"twitter:data2\" content=\"1 minute\" \/>\n<script type=\"application\/ld+json\" class=\"yoast-schema-graph\">{\"@context\":\"https:\/\/schema.org\",\"@graph\":[{\"@type\":\"Article\",\"@id\":\"https:\/\/www.carideal.com\/blog\/2009\/04\/20\/nouvelles-plaques-d-immatriculations\/#article\",\"isPartOf\":{\"@id\":\"https:\/\/www.carideal.com\/blog\/2009\/04\/20\/nouvelles-plaques-d-immatriculations\/\"},\"author\":{\"name\":\"Nicolas SCHIAVON\",\"@id\":\"https:\/\/www.carideal.com\/blog\/#\/schema\/person\/cd95dc7919660de90d31b366f85be1ec\"},\"headline\":\"Nouvelles plaques d immatriculation et cartes grises\",\"datePublished\":\"2009-04-20T22:00:00+00:00\",\"dateModified\":\"2017-01-31T17:59:09+00:00\",\"mainEntityOfPage\":{\"@id\":\"https:\/\/www.carideal.com\/blog\/2009\/04\/20\/nouvelles-plaques-d-immatriculations\/\"},\"wordCount\":156,\"commentCount\":0,\"publisher\":{\"@id\":\"https:\/\/www.carideal.com\/blog\/#organization\"},\"image\":{\"@id\":\"https:\/\/www.carideal.com\/blog\/2009\/04\/20\/nouvelles-plaques-d-immatriculations\/#primaryimage\"},\"thumbnailUrl\":\"http:\/\/www.carideal.com\/images_actualite\/nouvelleplaqueimmatriculation-1240326095.jpg\",\"keywords\":[\"Carte Grise\",\"plaques d immatriculation\"],\"articleSection\":[\"Actualit\u00e9 automobile\"],\"inLanguage\":\"fr-FR\",\"potentialAction\":[{\"@type\":\"CommentAction\",\"name\":\"Comment\",\"target\":[\"https:\/\/www.carideal.com\/blog\/2009\/04\/20\/nouvelles-plaques-d-immatriculations\/#respond\"]}]},{\"@type\":\"WebPage\",\"@id\":\"https:\/\/www.carideal.com\/blog\/2009\/04\/20\/nouvelles-plaques-d-immatriculations\/\",\"url\":\"https:\/\/www.carideal.com\/blog\/2009\/04\/20\/nouvelles-plaques-d-immatriculations\/\",\"name\":\"Nouvelles plaques d immatriculation et cartes grises - Blog auto Carid\u00e9al\",\"isPartOf\":{\"@id\":\"https:\/\/www.carideal.com\/blog\/#website\"},\"primaryImageOfPage\":{\"@id\":\"https:\/\/www.carideal.com\/blog\/2009\/04\/20\/nouvelles-plaques-d-immatriculations\/#primaryimage\"},\"image\":{\"@id\":\"https:\/\/www.carideal.com\/blog\/2009\/04\/20\/nouvelles-plaques-d-immatriculations\/#primaryimage\"},\"thumbnailUrl\":\"http:\/\/www.carideal.com\/images_actualite\/nouvelleplaqueimmatriculation-1240326095.jpg\",\"datePublished\":\"2009-04-20T22:00:00+00:00\",\"dateModified\":\"2017-01-31T17:59:09+00:00\",\"breadcrumb\":{\"@id\":\"https:\/\/www.carideal.com\/blog\/2009\/04\/20\/nouvelles-plaques-d-immatriculations\/#breadcrumb\"},\"inLanguage\":\"fr-FR\",\"potentialAction\":[{\"@type\":\"ReadAction\",\"target\":[\"https:\/\/www.carideal.com\/blog\/2009\/04\/20\/nouvelles-plaques-d-immatriculations\/\"]}]},{\"@type\":\"ImageObject\",\"inLanguage\":\"fr-FR\",\"@id\":\"https:\/\/www.carideal.com\/blog\/2009\/04\/20\/nouvelles-plaques-d-immatriculations\/#primaryimage\",\"url\":\"http:\/\/www.carideal.com\/images_actualite\/nouvelleplaqueimmatriculation-1240326095.jpg\",\"contentUrl\":\"http:\/\/www.carideal.com\/images_actualite\/nouvelleplaqueimmatriculation-1240326095.jpg\"},{\"@type\":\"BreadcrumbList\",\"@id\":\"https:\/\/www.carideal.com\/blog\/2009\/04\/20\/nouvelles-plaques-d-immatriculations\/#breadcrumb\",\"itemListElement\":[{\"@type\":\"ListItem\",\"position\":1,\"name\":\"Blog Carid\u00e9al\",\"item\":\"https:\/\/www.carideal.com\/blog\/\"},{\"@type\":\"ListItem\",\"position\":2,\"name\":\"Actualit\u00e9 automobile\",\"item\":\"https:\/\/www.carideal.com\/blog\/actualites-auto\/\"},{\"@type\":\"ListItem\",\"position\":3,\"name\":\"Nouvelles plaques d immatriculation et cartes grises\"}]},{\"@type\":\"WebSite\",\"@id\":\"https:\/\/www.carideal.com\/blog\/#website\",\"url\":\"https:\/\/www.carideal.com\/blog\/\",\"name\":\"Blog auto Carid\u00e9al\",\"description\":\"Actualit\u00e9 auto par des passionn\u00e9s\",\"publisher\":{\"@id\":\"https:\/\/www.carideal.com\/blog\/#organization\"},\"potentialAction\":[{\"@type\":\"SearchAction\",\"target\":{\"@type\":\"EntryPoint\",\"urlTemplate\":\"https:\/\/www.carideal.com\/blog\/?s={search_term_string}\"},\"query-input\":{\"@type\":\"PropertyValueSpecification\",\"valueRequired\":true,\"valueName\":\"search_term_string\"}}],\"inLanguage\":\"fr-FR\"},{\"@type\":\"Organization\",\"@id\":\"https:\/\/www.carideal.com\/blog\/#organization\",\"name\":\"Carideal\",\"url\":\"https:\/\/www.carideal.com\/blog\/\",\"logo\":{\"@type\":\"ImageObject\",\"inLanguage\":\"fr-FR\",\"@id\":\"https:\/\/www.carideal.com\/blog\/#\/schema\/logo\/image\/\",\"url\":\"http:\/\/www.carideal.com\/blog\/wp-content\/uploads\/2016\/03\/logo-carideal-mandataire-automobile.png\",\"contentUrl\":\"http:\/\/www.carideal.com\/blog\/wp-content\/uploads\/2016\/03\/logo-carideal-mandataire-automobile.png\",\"width\":300,\"height\":300,\"caption\":\"Carideal\"},\"image\":{\"@id\":\"https:\/\/www.carideal.com\/blog\/#\/schema\/logo\/image\/\"},\"sameAs\":[\"https:\/\/www.facebook.com\/Carideal.mandataire.automobile\",\"https:\/\/x.com\/caridealauto\",\"https:\/\/www.instagram.com\/carideal1\/\",\"https:\/\/www.linkedin.com\/company\/carideal.com\",\"https:\/\/fr.pinterest.com\/schiavonsas\/\",\"https:\/\/www.youtube.com\/user\/caridealsas\"]},{\"@type\":\"Person\",\"@id\":\"https:\/\/www.carideal.com\/blog\/#\/schema\/person\/cd95dc7919660de90d31b366f85be1ec\",\"name\":\"Nicolas SCHIAVON\",\"image\":{\"@type\":\"ImageObject\",\"inLanguage\":\"fr-FR\",\"@id\":\"https:\/\/www.carideal.com\/blog\/#\/schema\/person\/image\/\",\"url\":\"https:\/\/secure.gravatar.com\/avatar\/c17e55009e671d92cc7f5dc837dc418a?s=96&r=g\",\"contentUrl\":\"https:\/\/secure.gravatar.com\/avatar\/c17e55009e671d92cc7f5dc837dc418a?s=96&r=g\",\"caption\":\"Nicolas SCHIAVON\"},\"description\":\"Nicolas Schiavon est tomb\u00e9 tout petit dans la marmite automobile. Ayant eu un garage de marque automobile, mandataire automobile de la premi\u00e8re heure d\u00e8s 1999. Nicolas a cr\u00e9\u00e9 ces premiers sites de vente de voiture et blog automobile d\u00e8s 1994. Carideal est n\u00e9 le 15 d\u00e9cembre 2000 de la volont\u00e9 de vendre des voitures d'occasions en ligne puis des voitures neuves. Il a pu essayer beaucoup de voitures tr\u00e8s diff\u00e9rentes et ayant eu personnellement quelques belles autos, Subaru Impreza, Mitsubishi Lancer Evo 7, Porsche 911, Ferrari Testarrossa, Audi RS3, RS4 et j'en passe...\",\"sameAs\":[\"http:\/\/www.carideal.com\",\"https:\/\/www.facebook.com\/nicolas.schiavon.39\",\"https:\/\/www.instagram.com\/carideal1\/\",\"https:\/\/www.linkedin.com\/in\/nschiavon\/\",\"https:\/\/x.com\/caridealauto\",\"https:\/\/www.youtube.com\/user\/caridealsas\/\"],\"url\":\"https:\/\/www.carideal.com\/blog\/author\/nschiavon\/\"}]}<\/script>\n<!-- \/ Yoast SEO plugin. -->","yoast_head_json":{"title":"Nouvelles plaques d immatriculation et cartes grises - Blog auto Carid\u00e9al","robots":{"index":"index","follow":"follow","max-snippet":"max-snippet:-1","max-image-preview":"max-image-preview:large","max-video-preview":"max-video-preview:-1"},"canonical":"https:\/\/www.carideal.com\/blog\/2009\/04\/20\/nouvelles-plaques-d-immatriculations\/","og_locale":"fr_FR","og_type":"article","og_title":"Nouvelles plaques d immatriculation et cartes grises - Blog auto Carid\u00e9al","og_description":"Nouvelles plaques d immatriculation et\u00a0cartes grises Depuis lundi, nous immatricullons enfin les premi\u00e8re voitures neuves d'origine cee, ainsi que d'occasion avec les nouvelles cartes grises et plaques d'immatriculations. Il est \u00e9tonnant de noter depuis cette semaine le syst\u00e8me d'immatriculation des concessionnaires ne fonctionne toujours pas, et que certain se plaignent qu'ils ont 100 voitures sur ... Lire plus","og_url":"https:\/\/www.carideal.com\/blog\/2009\/04\/20\/nouvelles-plaques-d-immatriculations\/","og_site_name":"Blog auto Carid\u00e9al","article_publisher":"https:\/\/www.facebook.com\/Carideal.mandataire.automobile","article_author":"https:\/\/www.facebook.com\/nicolas.schiavon.39","article_published_time":"2009-04-20T22:00:00+00:00","article_modified_time":"2017-01-31T17:59:09+00:00","og_image":[{"url":"http:\/\/www.carideal.com\/images_actualite\/nouvelleplaqueimmatriculation-1240326095.jpg","type":"","width":"","height":""}],"author":"Nicolas SCHIAVON","twitter_card":"summary_large_image","twitter_creator":"@caridealauto","twitter_site":"@caridealauto","twitter_misc":{"\u00c9crit par":"Nicolas SCHIAVON","Dur\u00e9e de lecture estim\u00e9e":"1 minute"},"schema":{"@context":"https:\/\/schema.org","@graph":[{"@type":"Article","@id":"https:\/\/www.carideal.com\/blog\/2009\/04\/20\/nouvelles-plaques-d-immatriculations\/#article","isPartOf":{"@id":"https:\/\/www.carideal.com\/blog\/2009\/04\/20\/nouvelles-plaques-d-immatriculations\/"},"author":{"name":"Nicolas SCHIAVON","@id":"https:\/\/www.carideal.com\/blog\/#\/schema\/person\/cd95dc7919660de90d31b366f85be1ec"},"headline":"Nouvelles plaques d immatriculation et cartes grises","datePublished":"2009-04-20T22:00:00+00:00","dateModified":"2017-01-31T17:59:09+00:00","mainEntityOfPage":{"@id":"https:\/\/www.carideal.com\/blog\/2009\/04\/20\/nouvelles-plaques-d-immatriculations\/"},"wordCount":156,"commentCount":0,"publisher":{"@id":"https:\/\/www.carideal.com\/blog\/#organization"},"image":{"@id":"https:\/\/www.carideal.com\/blog\/2009\/04\/20\/nouvelles-plaques-d-immatriculations\/#primaryimage"},"thumbnailUrl":"http:\/\/www.carideal.com\/images_actualite\/nouvelleplaqueimmatriculation-1240326095.jpg","keywords":["Carte Grise","plaques d immatriculation"],"articleSection":["Actualit\u00e9 automobile"],"inLanguage":"fr-FR","potentialAction":[{"@type":"CommentAction","name":"Comment","target":["https:\/\/www.carideal.com\/blog\/2009\/04\/20\/nouvelles-plaques-d-immatriculations\/#respond"]}]},{"@type":"WebPage","@id":"https:\/\/www.carideal.com\/blog\/2009\/04\/20\/nouvelles-plaques-d-immatriculations\/","url":"https:\/\/www.carideal.com\/blog\/2009\/04\/20\/nouvelles-plaques-d-immatriculations\/","name":"Nouvelles plaques d immatriculation et cartes grises - Blog auto Carid\u00e9al","isPartOf":{"@id":"https:\/\/www.carideal.com\/blog\/#website"},"primaryImageOfPage":{"@id":"https:\/\/www.carideal.com\/blog\/2009\/04\/20\/nouvelles-plaques-d-immatriculations\/#primaryimage"},"image":{"@id":"https:\/\/www.carideal.com\/blog\/2009\/04\/20\/nouvelles-plaques-d-immatriculations\/#primaryimage"},"thumbnailUrl":"http:\/\/www.carideal.com\/images_actualite\/nouvelleplaqueimmatriculation-1240326095.jpg","datePublished":"2009-04-20T22:00:00+00:00","dateModified":"2017-01-31T17:59:09+00:00","breadcrumb":{"@id":"https:\/\/www.carideal.com\/blog\/2009\/04\/20\/nouvelles-plaques-d-immatriculations\/#breadcrumb"},"inLanguage":"fr-FR","potentialAction":[{"@type":"ReadAction","target":["https:\/\/www.carideal.com\/blog\/2009\/04\/20\/nouvelles-plaques-d-immatriculations\/"]}]},{"@type":"ImageObject","inLanguage":"fr-FR","@id":"https:\/\/www.carideal.com\/blog\/2009\/04\/20\/nouvelles-plaques-d-immatriculations\/#primaryimage","url":"http:\/\/www.carideal.com\/images_actualite\/nouvelleplaqueimmatriculation-1240326095.jpg","contentUrl":"http:\/\/www.carideal.com\/images_actualite\/nouvelleplaqueimmatriculation-1240326095.jpg"},{"@type":"BreadcrumbList","@id":"https:\/\/www.carideal.com\/blog\/2009\/04\/20\/nouvelles-plaques-d-immatriculations\/#breadcrumb","itemListElement":[{"@type":"ListItem","position":1,"name":"Blog Carid\u00e9al","item":"https:\/\/www.carideal.com\/blog\/"},{"@type":"ListItem","position":2,"name":"Actualit\u00e9 automobile","item":"https:\/\/www.carideal.com\/blog\/actualites-auto\/"},{"@type":"ListItem","position":3,"name":"Nouvelles plaques d immatriculation et cartes grises"}]},{"@type":"WebSite","@id":"https:\/\/www.carideal.com\/blog\/#website","url":"https:\/\/www.carideal.com\/blog\/","name":"Blog auto Carid\u00e9al","description":"Actualit\u00e9 auto par des passionn\u00e9s","publisher":{"@id":"https:\/\/www.carideal.com\/blog\/#organization"},"potentialAction":[{"@type":"SearchAction","target":{"@type":"EntryPoint","urlTemplate":"https:\/\/www.carideal.com\/blog\/?s={search_term_string}"},"query-input":{"@type":"PropertyValueSpecification","valueRequired":true,"valueName":"search_term_string"}}],"inLanguage":"fr-FR"},{"@type":"Organization","@id":"https:\/\/www.carideal.com\/blog\/#organization","name":"Carideal","url":"https:\/\/www.carideal.com\/blog\/","logo":{"@type":"ImageObject","inLanguage":"fr-FR","@id":"https:\/\/www.carideal.com\/blog\/#\/schema\/logo\/image\/","url":"http:\/\/www.carideal.com\/blog\/wp-content\/uploads\/2016\/03\/logo-carideal-mandataire-automobile.png","contentUrl":"http:\/\/www.carideal.com\/blog\/wp-content\/uploads\/2016\/03\/logo-carideal-mandataire-automobile.png","width":300,"height":300,"caption":"Carideal"},"image":{"@id":"https:\/\/www.carideal.com\/blog\/#\/schema\/logo\/image\/"},"sameAs":["https:\/\/www.facebook.com\/Carideal.mandataire.automobile","https:\/\/x.com\/caridealauto","https:\/\/www.instagram.com\/carideal1\/","https:\/\/www.linkedin.com\/company\/carideal.com","https:\/\/fr.pinterest.com\/schiavonsas\/","https:\/\/www.youtube.com\/user\/caridealsas"]},{"@type":"Person","@id":"https:\/\/www.carideal.com\/blog\/#\/schema\/person\/cd95dc7919660de90d31b366f85be1ec","name":"Nicolas SCHIAVON","image":{"@type":"ImageObject","inLanguage":"fr-FR","@id":"https:\/\/www.carideal.com\/blog\/#\/schema\/person\/image\/","url":"https:\/\/secure.gravatar.com\/avatar\/c17e55009e671d92cc7f5dc837dc418a?s=96&r=g","contentUrl":"https:\/\/secure.gravatar.com\/avatar\/c17e55009e671d92cc7f5dc837dc418a?s=96&r=g","caption":"Nicolas SCHIAVON"},"description":"Nicolas Schiavon est tomb\u00e9 tout petit dans la marmite automobile. Ayant eu un garage de marque automobile, mandataire automobile de la premi\u00e8re heure d\u00e8s 1999. Nicolas a cr\u00e9\u00e9 ces premiers sites de vente de voiture et blog automobile d\u00e8s 1994. Carideal est n\u00e9 le 15 d\u00e9cembre 2000 de la volont\u00e9 de vendre des voitures d'occasions en ligne puis des voitures neuves. Il a pu essayer beaucoup de voitures tr\u00e8s diff\u00e9rentes et ayant eu personnellement quelques belles autos, Subaru Impreza, Mitsubishi Lancer Evo 7, Porsche 911, Ferrari Testarrossa, Audi RS3, RS4 et j'en passe...","sameAs":["http:\/\/www.carideal.com","https:\/\/www.facebook.com\/nicolas.schiavon.39","https:\/\/www.instagram.com\/carideal1\/","https:\/\/www.linkedin.com\/in\/nschiavon\/","https:\/\/x.com\/caridealauto","https:\/\/www.youtube.com\/user\/caridealsas\/"],"url":"https:\/\/www.carideal.com\/blog\/author\/nschiavon\/"}]}},"uagb_featured_image_src":{"full":false,"thumbnail":false,"medium":false,"medium_large":false,"large":false,"1536x1536":false,"2048x2048":false,"wppr-widget":false},"uagb_author_info":{"display_name":"Nicolas SCHIAVON","author_link":"https:\/\/www.carideal.com\/blog\/author\/nschiavon\/"},"uagb_comment_info":0,"uagb_excerpt":"Nouvelles plaques d immatriculation et\u00a0cartes grises Depuis lundi, nous immatricullons enfin les premi\u00e8re voitures neuves d'origine cee, ainsi que d'occasion avec les nouvelles cartes grises et plaques d'immatriculations. Il est \u00e9tonnant de noter depuis cette semaine le syst\u00e8me d'immatriculation des concessionnaires ne fonctionne toujours pas, et que certain se plaignent qu'ils ont 100 voitures sur\u2026","_links":{"self":[{"href":"https:\/\/www.carideal.com\/blog\/wp-json\/wp\/v2\/posts\/4760"}],"collection":[{"href":"https:\/\/www.carideal.com\/blog\/wp-json\/wp\/v2\/posts"}],"about":[{"href":"https:\/\/www.carideal.com\/blog\/wp-json\/wp\/v2\/types\/post"}],"author":[{"embeddable":true,"href":"https:\/\/www.carideal.com\/blog\/wp-json\/wp\/v2\/users\/3"}],"replies":[{"embeddable":true,"href":"https:\/\/www.carideal.com\/blog\/wp-json\/wp\/v2\/comments?post=4760"}],"version-history":[{"count":0,"href":"https:\/\/www.carideal.com\/blog\/wp-json\/wp\/v2\/posts\/4760\/revisions"}],"wp:attachment":[{"href":"https:\/\/www.carideal.com\/blog\/wp-json\/wp\/v2\/media?parent=4760"}],"wp:term":[{"taxonomy":"category","embeddable":true,"href":"https:\/\/www.carideal.com\/blog\/wp-json\/wp\/v2\/categories?post=4760"},{"taxonomy":"post_tag","embeddable":true,"href":"https:\/\/www.carideal.com\/blog\/wp-json\/wp\/v2\/tags?post=4760"}],"curies":[{"name":"wp","href":"https:\/\/api.w.org\/{rel}","templated":true}]}}