{"id":4758,"date":"2009-04-08T22:00:00","date_gmt":"2009-04-08T22:00:00","guid":{"rendered":"http:\/\/www.carideal.com\/blog\/2009\/04\/08\/ford-fiesta-iv-d-occasion\/"},"modified":"2020-03-07T16:51:39","modified_gmt":"2020-03-07T15:51:39","slug":"ford-fiesta-iv-d-occasion","status":"publish","type":"post","link":"https:\/\/www.carideal.com\/blog\/2009\/04\/08\/ford-fiesta-iv-d-occasion\/","title":{"rendered":"Ford Fiesta IV d occasion"},"content":{"rendered":"<div><img decoding=\"async\" src=\"http:\/\/www.carideal.com\/images_actualite\/fordfiestaivcarideal-1239297478.jpg\" alt=\"\" \/>Ford fiesta IV d'occasion<\/p>\n<\/div>\n<p><strong>Achat Ford Fiesta IV d'occasion le tour du propri\u00e9taire<\/strong><\/p>\n<p>Son ch\u00e2ssis sain et toujours pr\u00e9venant conf\u00e8re \u00e0 la Ford Fiesta d'occasion un comportement routier tr\u00e8s s\u00fbr sur tout type de terrain. Le roulis bien contenu en courbe, m\u00eame \u00e0 vive allure, renforce cette impression de stabilit\u00e9. Les suspensions, elles aussi garantes de cette bonne tenue de route, gomment efficacement les irr\u00e9gularit\u00e9s de la chauss\u00e9e. Pour profiter de ses trains roulants, la Ford dispose de moteurs attachants si l'on fait abstraction des blocs d'entr\u00e9e de gamme. En essence, le 1.3 de 68 ch est loin d'\u00eatre un foudre de guerre et le diesel 1.4 TDCI d'origine Citroen, de m\u00eame puissance, assez bruyant \u00e0 froid, s'essoufle trop vite hors la ville. Ce moteur s'illustre surtout par sa consommation (4.3 l\/100 km en moyenne). Les 1.6 de 100 ch et 2.0 de 150 ch de la version st, plus amusants, autorisent des performances remarquables mais au prix d'une consommation \u00e9lev\u00e9e en conduite sportive.<\/p>\n<p>L'espace aux jambes est tr\u00e8s correcte sur cette Ford Fiesta IV, tant \u00e0 l'avant qu'\u00e0 l'arri\u00e8re. Le pavillon \u00e9tant peu courb\u00e9, la garde au toit est \u00e9galement pr\u00e9serv\u00e9e. L'importante surface vitr\u00e9e accentue l'impression d'espace \u00e0 bord. Bien dessin\u00e9s, les si\u00e8ges assurent, de pair avec les suspensions, un confort de bon niveau. Cot\u00e9 coffre, le volume de chargement de 285 litres apparait honorable pour la cat\u00e9gorie. En revanche, la banquette arri\u00e8re n'est fractionnable en 2\/3 1\/3 qu'au niveau des dossiers. Voil\u00e0 qui est peu commode. La modularit\u00e9 de cette fiesta s'arr\u00eate ici, moins \u00e9labor\u00e9 que sur une Citroen C3 par exemple. Par ailleurs, le nombre d'espaces de rangements pourra para\u00eetre insuffisant \u00e0 certains.<\/p>\n<p>En essence, le 1.3 a rencontr\u00e9 des probl\u00e8mes de fils haute tension g\u00e9n\u00e9rant des rat\u00e9s d'allumage. Les 1.4 et 1.6 peuvent \u00e9prouver des difficult\u00e9s \u00e0 d\u00e9marrer \u00e0 chaud, dues \u00e0 un probl\u00e8me de connectique. En diesel, le 1.4 TDCI connait le plus souvent une fuite de gazole \u00e0 cause d'un tuyau de retour non \u00e9tanche. Sinon, les pannes m\u00e9caniques gr\u00e2ves sont anecdotiques. La seule avarie vraiment courante est une fuite de liquide au niveau du circuit d'assistance de direction. Pour ce qui est de la qualit\u00e9 per\u00e7ue, les plastiques d\u00e9\u00e7oivent autant par leur aspect bas de gamme que par leur long\u00e9vit\u00e9 limit\u00e9e. L'assemblage trahit en outre un manque de rigueur et favorise rapidement la naissance de bruits parasites. l'int\u00e9rieur souffre \u00e9galement d'\u00e9conomies r\u00e9alis\u00e9es au niveau de l'isolation phonique ou encore de la moquette du plancher, trop fragile. Toutes les <a href=\"http:\/\/www.carideal.com\/blog\/2009\/02\/13\/ford-fiesta-iii-d-occasion\/\">Ford Fiesta III d'occasion<\/a><\/p>\n","protected":false},"excerpt":{"rendered":"<p>Ford fiesta IV d&rsquo;occasion Achat Ford Fiesta IV d&rsquo;occasion le tour du propri\u00e9taire Son ch\u00e2ssis sain et toujours pr\u00e9venant conf\u00e8re \u00e0 la Ford Fiesta d&rsquo;occasion un comportement routier tr\u00e8s s\u00fbr sur tout type de terrain. Le roulis bien contenu en courbe, m\u00eame \u00e0 vive allure, renforce cette impression de stabilit\u00e9. Les suspensions, elles aussi garantes &#8230; <a title=\"Ford Fiesta IV d occasion\" class=\"read-more\" href=\"https:\/\/www.carideal.com\/blog\/2009\/04\/08\/ford-fiesta-iv-d-occasion\/\" aria-label=\"En savoir plus sur Ford Fiesta IV d occasion\">Lire plus<\/a><\/p>\n","protected":false},"author":3,"featured_media":0,"comment_status":"open","ping_status":"open","sticky":false,"template":"","format":"standard","meta":{"_uag_custom_page_level_css":"","_themeisle_gutenberg_block_has_review":false,"footnotes":""},"categories":[21],"tags":[],"class_list":["post-4758","post","type-post","status-publish","format-standard","hentry","category-actualites-auto"],"wppr_data":[],"yoast_head":"<!-- This site is optimized with the Yoast SEO plugin v24.8.1 - https:\/\/yoast.com\/wordpress\/plugins\/seo\/ -->\n<title>Ford Fiesta IV d occasion - Blog auto Carid\u00e9al<\/title>\n<meta name=\"robots\" content=\"index, follow, max-snippet:-1, max-image-preview:large, max-video-preview:-1\" \/>\n<link rel=\"canonical\" href=\"https:\/\/www.carideal.com\/blog\/2009\/04\/08\/ford-fiesta-iv-d-occasion\/\" \/>\n<meta property=\"og:locale\" content=\"fr_FR\" \/>\n<meta property=\"og:type\" content=\"article\" \/>\n<meta property=\"og:title\" content=\"Ford Fiesta IV d occasion - Blog auto Carid\u00e9al\" \/>\n<meta property=\"og:description\" content=\"Ford fiesta IV d&#039;occasion Achat Ford Fiesta IV d&#039;occasion le tour du propri\u00e9taire Son ch\u00e2ssis sain et toujours pr\u00e9venant conf\u00e8re \u00e0 la Ford Fiesta d&#039;occasion un comportement routier tr\u00e8s s\u00fbr sur tout type de terrain. Le roulis bien contenu en courbe, m\u00eame \u00e0 vive allure, renforce cette impression de stabilit\u00e9. Les suspensions, elles aussi garantes ... Lire plus\" \/>\n<meta property=\"og:url\" content=\"https:\/\/www.carideal.com\/blog\/2009\/04\/08\/ford-fiesta-iv-d-occasion\/\" \/>\n<meta property=\"og:site_name\" content=\"Blog auto Carid\u00e9al\" \/>\n<meta property=\"article:publisher\" content=\"https:\/\/www.facebook.com\/Carideal.mandataire.automobile\" \/>\n<meta property=\"article:author\" content=\"https:\/\/www.facebook.com\/nicolas.schiavon.39\" \/>\n<meta property=\"article:published_time\" content=\"2009-04-08T22:00:00+00:00\" \/>\n<meta property=\"article:modified_time\" content=\"2020-03-07T15:51:39+00:00\" \/>\n<meta property=\"og:image\" content=\"http:\/\/www.carideal.com\/images_actualite\/fordfiestaivcarideal-1239297478.jpg\" \/>\n<meta name=\"author\" content=\"Nicolas SCHIAVON\" \/>\n<meta name=\"twitter:card\" content=\"summary_large_image\" \/>\n<meta name=\"twitter:creator\" content=\"@caridealauto\" \/>\n<meta name=\"twitter:site\" content=\"@caridealauto\" \/>\n<meta name=\"twitter:label1\" content=\"\u00c9crit par\" \/>\n\t<meta name=\"twitter:data1\" content=\"Nicolas SCHIAVON\" \/>\n\t<meta name=\"twitter:label2\" content=\"Dur\u00e9e de lecture estim\u00e9e\" \/>\n\t<meta name=\"twitter:data2\" content=\"2 minutes\" \/>\n<script type=\"application\/ld+json\" class=\"yoast-schema-graph\">{\"@context\":\"https:\/\/schema.org\",\"@graph\":[{\"@type\":\"Article\",\"@id\":\"https:\/\/www.carideal.com\/blog\/2009\/04\/08\/ford-fiesta-iv-d-occasion\/#article\",\"isPartOf\":{\"@id\":\"https:\/\/www.carideal.com\/blog\/2009\/04\/08\/ford-fiesta-iv-d-occasion\/\"},\"author\":{\"name\":\"Nicolas SCHIAVON\",\"@id\":\"https:\/\/www.carideal.com\/blog\/#\/schema\/person\/cd95dc7919660de90d31b366f85be1ec\"},\"headline\":\"Ford Fiesta IV d occasion\",\"datePublished\":\"2009-04-08T22:00:00+00:00\",\"dateModified\":\"2020-03-07T15:51:39+00:00\",\"mainEntityOfPage\":{\"@id\":\"https:\/\/www.carideal.com\/blog\/2009\/04\/08\/ford-fiesta-iv-d-occasion\/\"},\"wordCount\":441,\"commentCount\":0,\"publisher\":{\"@id\":\"https:\/\/www.carideal.com\/blog\/#organization\"},\"image\":{\"@id\":\"https:\/\/www.carideal.com\/blog\/2009\/04\/08\/ford-fiesta-iv-d-occasion\/#primaryimage\"},\"thumbnailUrl\":\"http:\/\/www.carideal.com\/images_actualite\/fordfiestaivcarideal-1239297478.jpg\",\"articleSection\":[\"Actualit\u00e9 automobile\"],\"inLanguage\":\"fr-FR\",\"potentialAction\":[{\"@type\":\"CommentAction\",\"name\":\"Comment\",\"target\":[\"https:\/\/www.carideal.com\/blog\/2009\/04\/08\/ford-fiesta-iv-d-occasion\/#respond\"]}]},{\"@type\":\"WebPage\",\"@id\":\"https:\/\/www.carideal.com\/blog\/2009\/04\/08\/ford-fiesta-iv-d-occasion\/\",\"url\":\"https:\/\/www.carideal.com\/blog\/2009\/04\/08\/ford-fiesta-iv-d-occasion\/\",\"name\":\"Ford Fiesta IV d occasion - Blog auto Carid\u00e9al\",\"isPartOf\":{\"@id\":\"https:\/\/www.carideal.com\/blog\/#website\"},\"primaryImageOfPage\":{\"@id\":\"https:\/\/www.carideal.com\/blog\/2009\/04\/08\/ford-fiesta-iv-d-occasion\/#primaryimage\"},\"image\":{\"@id\":\"https:\/\/www.carideal.com\/blog\/2009\/04\/08\/ford-fiesta-iv-d-occasion\/#primaryimage\"},\"thumbnailUrl\":\"http:\/\/www.carideal.com\/images_actualite\/fordfiestaivcarideal-1239297478.jpg\",\"datePublished\":\"2009-04-08T22:00:00+00:00\",\"dateModified\":\"2020-03-07T15:51:39+00:00\",\"breadcrumb\":{\"@id\":\"https:\/\/www.carideal.com\/blog\/2009\/04\/08\/ford-fiesta-iv-d-occasion\/#breadcrumb\"},\"inLanguage\":\"fr-FR\",\"potentialAction\":[{\"@type\":\"ReadAction\",\"target\":[\"https:\/\/www.carideal.com\/blog\/2009\/04\/08\/ford-fiesta-iv-d-occasion\/\"]}]},{\"@type\":\"ImageObject\",\"inLanguage\":\"fr-FR\",\"@id\":\"https:\/\/www.carideal.com\/blog\/2009\/04\/08\/ford-fiesta-iv-d-occasion\/#primaryimage\",\"url\":\"http:\/\/www.carideal.com\/images_actualite\/fordfiestaivcarideal-1239297478.jpg\",\"contentUrl\":\"http:\/\/www.carideal.com\/images_actualite\/fordfiestaivcarideal-1239297478.jpg\"},{\"@type\":\"BreadcrumbList\",\"@id\":\"https:\/\/www.carideal.com\/blog\/2009\/04\/08\/ford-fiesta-iv-d-occasion\/#breadcrumb\",\"itemListElement\":[{\"@type\":\"ListItem\",\"position\":1,\"name\":\"Blog Carid\u00e9al\",\"item\":\"https:\/\/www.carideal.com\/blog\/\"},{\"@type\":\"ListItem\",\"position\":2,\"name\":\"Actualit\u00e9 automobile\",\"item\":\"https:\/\/www.carideal.com\/blog\/actualites-auto\/\"},{\"@type\":\"ListItem\",\"position\":3,\"name\":\"Ford Fiesta IV d occasion\"}]},{\"@type\":\"WebSite\",\"@id\":\"https:\/\/www.carideal.com\/blog\/#website\",\"url\":\"https:\/\/www.carideal.com\/blog\/\",\"name\":\"Blog auto Carid\u00e9al\",\"description\":\"Actualit\u00e9 auto par des passionn\u00e9s\",\"publisher\":{\"@id\":\"https:\/\/www.carideal.com\/blog\/#organization\"},\"potentialAction\":[{\"@type\":\"SearchAction\",\"target\":{\"@type\":\"EntryPoint\",\"urlTemplate\":\"https:\/\/www.carideal.com\/blog\/?s={search_term_string}\"},\"query-input\":{\"@type\":\"PropertyValueSpecification\",\"valueRequired\":true,\"valueName\":\"search_term_string\"}}],\"inLanguage\":\"fr-FR\"},{\"@type\":\"Organization\",\"@id\":\"https:\/\/www.carideal.com\/blog\/#organization\",\"name\":\"Carideal\",\"url\":\"https:\/\/www.carideal.com\/blog\/\",\"logo\":{\"@type\":\"ImageObject\",\"inLanguage\":\"fr-FR\",\"@id\":\"https:\/\/www.carideal.com\/blog\/#\/schema\/logo\/image\/\",\"url\":\"http:\/\/www.carideal.com\/blog\/wp-content\/uploads\/2016\/03\/logo-carideal-mandataire-automobile.png\",\"contentUrl\":\"http:\/\/www.carideal.com\/blog\/wp-content\/uploads\/2016\/03\/logo-carideal-mandataire-automobile.png\",\"width\":300,\"height\":300,\"caption\":\"Carideal\"},\"image\":{\"@id\":\"https:\/\/www.carideal.com\/blog\/#\/schema\/logo\/image\/\"},\"sameAs\":[\"https:\/\/www.facebook.com\/Carideal.mandataire.automobile\",\"https:\/\/x.com\/caridealauto\",\"https:\/\/www.instagram.com\/carideal1\/\",\"https:\/\/www.linkedin.com\/company\/carideal.com\",\"https:\/\/fr.pinterest.com\/schiavonsas\/\",\"https:\/\/www.youtube.com\/user\/caridealsas\"]},{\"@type\":\"Person\",\"@id\":\"https:\/\/www.carideal.com\/blog\/#\/schema\/person\/cd95dc7919660de90d31b366f85be1ec\",\"name\":\"Nicolas SCHIAVON\",\"image\":{\"@type\":\"ImageObject\",\"inLanguage\":\"fr-FR\",\"@id\":\"https:\/\/www.carideal.com\/blog\/#\/schema\/person\/image\/\",\"url\":\"https:\/\/secure.gravatar.com\/avatar\/c17e55009e671d92cc7f5dc837dc418a?s=96&r=g\",\"contentUrl\":\"https:\/\/secure.gravatar.com\/avatar\/c17e55009e671d92cc7f5dc837dc418a?s=96&r=g\",\"caption\":\"Nicolas SCHIAVON\"},\"description\":\"Nicolas Schiavon est tomb\u00e9 tout petit dans la marmite automobile. Ayant eu un garage de marque automobile, mandataire automobile de la premi\u00e8re heure d\u00e8s 1999. Nicolas a cr\u00e9\u00e9 ces premiers sites de vente de voiture et blog automobile d\u00e8s 1994. Carideal est n\u00e9 le 15 d\u00e9cembre 2000 de la volont\u00e9 de vendre des voitures d'occasions en ligne puis des voitures neuves. Il a pu essayer beaucoup de voitures tr\u00e8s diff\u00e9rentes et ayant eu personnellement quelques belles autos, Subaru Impreza, Mitsubishi Lancer Evo 7, Porsche 911, Ferrari Testarrossa, Audi RS3, RS4 et j'en passe...\",\"sameAs\":[\"http:\/\/www.carideal.com\",\"https:\/\/www.facebook.com\/nicolas.schiavon.39\",\"https:\/\/www.instagram.com\/carideal1\/\",\"https:\/\/www.linkedin.com\/in\/nschiavon\/\",\"https:\/\/x.com\/caridealauto\",\"https:\/\/www.youtube.com\/user\/caridealsas\/\"],\"url\":\"https:\/\/www.carideal.com\/blog\/author\/nschiavon\/\"}]}<\/script>\n<!-- \/ Yoast SEO plugin. -->","yoast_head_json":{"title":"Ford Fiesta IV d occasion - Blog auto Carid\u00e9al","robots":{"index":"index","follow":"follow","max-snippet":"max-snippet:-1","max-image-preview":"max-image-preview:large","max-video-preview":"max-video-preview:-1"},"canonical":"https:\/\/www.carideal.com\/blog\/2009\/04\/08\/ford-fiesta-iv-d-occasion\/","og_locale":"fr_FR","og_type":"article","og_title":"Ford Fiesta IV d occasion - Blog auto Carid\u00e9al","og_description":"Ford fiesta IV d'occasion Achat Ford Fiesta IV d'occasion le tour du propri\u00e9taire Son ch\u00e2ssis sain et toujours pr\u00e9venant conf\u00e8re \u00e0 la Ford Fiesta d'occasion un comportement routier tr\u00e8s s\u00fbr sur tout type de terrain. Le roulis bien contenu en courbe, m\u00eame \u00e0 vive allure, renforce cette impression de stabilit\u00e9. Les suspensions, elles aussi garantes ... Lire plus","og_url":"https:\/\/www.carideal.com\/blog\/2009\/04\/08\/ford-fiesta-iv-d-occasion\/","og_site_name":"Blog auto Carid\u00e9al","article_publisher":"https:\/\/www.facebook.com\/Carideal.mandataire.automobile","article_author":"https:\/\/www.facebook.com\/nicolas.schiavon.39","article_published_time":"2009-04-08T22:00:00+00:00","article_modified_time":"2020-03-07T15:51:39+00:00","og_image":[{"url":"http:\/\/www.carideal.com\/images_actualite\/fordfiestaivcarideal-1239297478.jpg","type":"","width":"","height":""}],"author":"Nicolas SCHIAVON","twitter_card":"summary_large_image","twitter_creator":"@caridealauto","twitter_site":"@caridealauto","twitter_misc":{"\u00c9crit par":"Nicolas SCHIAVON","Dur\u00e9e de lecture estim\u00e9e":"2 minutes"},"schema":{"@context":"https:\/\/schema.org","@graph":[{"@type":"Article","@id":"https:\/\/www.carideal.com\/blog\/2009\/04\/08\/ford-fiesta-iv-d-occasion\/#article","isPartOf":{"@id":"https:\/\/www.carideal.com\/blog\/2009\/04\/08\/ford-fiesta-iv-d-occasion\/"},"author":{"name":"Nicolas SCHIAVON","@id":"https:\/\/www.carideal.com\/blog\/#\/schema\/person\/cd95dc7919660de90d31b366f85be1ec"},"headline":"Ford Fiesta IV d occasion","datePublished":"2009-04-08T22:00:00+00:00","dateModified":"2020-03-07T15:51:39+00:00","mainEntityOfPage":{"@id":"https:\/\/www.carideal.com\/blog\/2009\/04\/08\/ford-fiesta-iv-d-occasion\/"},"wordCount":441,"commentCount":0,"publisher":{"@id":"https:\/\/www.carideal.com\/blog\/#organization"},"image":{"@id":"https:\/\/www.carideal.com\/blog\/2009\/04\/08\/ford-fiesta-iv-d-occasion\/#primaryimage"},"thumbnailUrl":"http:\/\/www.carideal.com\/images_actualite\/fordfiestaivcarideal-1239297478.jpg","articleSection":["Actualit\u00e9 automobile"],"inLanguage":"fr-FR","potentialAction":[{"@type":"CommentAction","name":"Comment","target":["https:\/\/www.carideal.com\/blog\/2009\/04\/08\/ford-fiesta-iv-d-occasion\/#respond"]}]},{"@type":"WebPage","@id":"https:\/\/www.carideal.com\/blog\/2009\/04\/08\/ford-fiesta-iv-d-occasion\/","url":"https:\/\/www.carideal.com\/blog\/2009\/04\/08\/ford-fiesta-iv-d-occasion\/","name":"Ford Fiesta IV d occasion - Blog auto Carid\u00e9al","isPartOf":{"@id":"https:\/\/www.carideal.com\/blog\/#website"},"primaryImageOfPage":{"@id":"https:\/\/www.carideal.com\/blog\/2009\/04\/08\/ford-fiesta-iv-d-occasion\/#primaryimage"},"image":{"@id":"https:\/\/www.carideal.com\/blog\/2009\/04\/08\/ford-fiesta-iv-d-occasion\/#primaryimage"},"thumbnailUrl":"http:\/\/www.carideal.com\/images_actualite\/fordfiestaivcarideal-1239297478.jpg","datePublished":"2009-04-08T22:00:00+00:00","dateModified":"2020-03-07T15:51:39+00:00","breadcrumb":{"@id":"https:\/\/www.carideal.com\/blog\/2009\/04\/08\/ford-fiesta-iv-d-occasion\/#breadcrumb"},"inLanguage":"fr-FR","potentialAction":[{"@type":"ReadAction","target":["https:\/\/www.carideal.com\/blog\/2009\/04\/08\/ford-fiesta-iv-d-occasion\/"]}]},{"@type":"ImageObject","inLanguage":"fr-FR","@id":"https:\/\/www.carideal.com\/blog\/2009\/04\/08\/ford-fiesta-iv-d-occasion\/#primaryimage","url":"http:\/\/www.carideal.com\/images_actualite\/fordfiestaivcarideal-1239297478.jpg","contentUrl":"http:\/\/www.carideal.com\/images_actualite\/fordfiestaivcarideal-1239297478.jpg"},{"@type":"BreadcrumbList","@id":"https:\/\/www.carideal.com\/blog\/2009\/04\/08\/ford-fiesta-iv-d-occasion\/#breadcrumb","itemListElement":[{"@type":"ListItem","position":1,"name":"Blog Carid\u00e9al","item":"https:\/\/www.carideal.com\/blog\/"},{"@type":"ListItem","position":2,"name":"Actualit\u00e9 automobile","item":"https:\/\/www.carideal.com\/blog\/actualites-auto\/"},{"@type":"ListItem","position":3,"name":"Ford Fiesta IV d occasion"}]},{"@type":"WebSite","@id":"https:\/\/www.carideal.com\/blog\/#website","url":"https:\/\/www.carideal.com\/blog\/","name":"Blog auto Carid\u00e9al","description":"Actualit\u00e9 auto par des passionn\u00e9s","publisher":{"@id":"https:\/\/www.carideal.com\/blog\/#organization"},"potentialAction":[{"@type":"SearchAction","target":{"@type":"EntryPoint","urlTemplate":"https:\/\/www.carideal.com\/blog\/?s={search_term_string}"},"query-input":{"@type":"PropertyValueSpecification","valueRequired":true,"valueName":"search_term_string"}}],"inLanguage":"fr-FR"},{"@type":"Organization","@id":"https:\/\/www.carideal.com\/blog\/#organization","name":"Carideal","url":"https:\/\/www.carideal.com\/blog\/","logo":{"@type":"ImageObject","inLanguage":"fr-FR","@id":"https:\/\/www.carideal.com\/blog\/#\/schema\/logo\/image\/","url":"http:\/\/www.carideal.com\/blog\/wp-content\/uploads\/2016\/03\/logo-carideal-mandataire-automobile.png","contentUrl":"http:\/\/www.carideal.com\/blog\/wp-content\/uploads\/2016\/03\/logo-carideal-mandataire-automobile.png","width":300,"height":300,"caption":"Carideal"},"image":{"@id":"https:\/\/www.carideal.com\/blog\/#\/schema\/logo\/image\/"},"sameAs":["https:\/\/www.facebook.com\/Carideal.mandataire.automobile","https:\/\/x.com\/caridealauto","https:\/\/www.instagram.com\/carideal1\/","https:\/\/www.linkedin.com\/company\/carideal.com","https:\/\/fr.pinterest.com\/schiavonsas\/","https:\/\/www.youtube.com\/user\/caridealsas"]},{"@type":"Person","@id":"https:\/\/www.carideal.com\/blog\/#\/schema\/person\/cd95dc7919660de90d31b366f85be1ec","name":"Nicolas SCHIAVON","image":{"@type":"ImageObject","inLanguage":"fr-FR","@id":"https:\/\/www.carideal.com\/blog\/#\/schema\/person\/image\/","url":"https:\/\/secure.gravatar.com\/avatar\/c17e55009e671d92cc7f5dc837dc418a?s=96&r=g","contentUrl":"https:\/\/secure.gravatar.com\/avatar\/c17e55009e671d92cc7f5dc837dc418a?s=96&r=g","caption":"Nicolas SCHIAVON"},"description":"Nicolas Schiavon est tomb\u00e9 tout petit dans la marmite automobile. Ayant eu un garage de marque automobile, mandataire automobile de la premi\u00e8re heure d\u00e8s 1999. Nicolas a cr\u00e9\u00e9 ces premiers sites de vente de voiture et blog automobile d\u00e8s 1994. Carideal est n\u00e9 le 15 d\u00e9cembre 2000 de la volont\u00e9 de vendre des voitures d'occasions en ligne puis des voitures neuves. Il a pu essayer beaucoup de voitures tr\u00e8s diff\u00e9rentes et ayant eu personnellement quelques belles autos, Subaru Impreza, Mitsubishi Lancer Evo 7, Porsche 911, Ferrari Testarrossa, Audi RS3, RS4 et j'en passe...","sameAs":["http:\/\/www.carideal.com","https:\/\/www.facebook.com\/nicolas.schiavon.39","https:\/\/www.instagram.com\/carideal1\/","https:\/\/www.linkedin.com\/in\/nschiavon\/","https:\/\/x.com\/caridealauto","https:\/\/www.youtube.com\/user\/caridealsas\/"],"url":"https:\/\/www.carideal.com\/blog\/author\/nschiavon\/"}]}},"uagb_featured_image_src":{"full":false,"thumbnail":false,"medium":false,"medium_large":false,"large":false,"1536x1536":false,"2048x2048":false,"wppr-widget":false},"uagb_author_info":{"display_name":"Nicolas SCHIAVON","author_link":"https:\/\/www.carideal.com\/blog\/author\/nschiavon\/"},"uagb_comment_info":0,"uagb_excerpt":"Ford fiesta IV d'occasion Achat Ford Fiesta IV d'occasion le tour du propri\u00e9taire Son ch\u00e2ssis sain et toujours pr\u00e9venant conf\u00e8re \u00e0 la Ford Fiesta d'occasion un comportement routier tr\u00e8s s\u00fbr sur tout type de terrain. Le roulis bien contenu en courbe, m\u00eame \u00e0 vive allure, renforce cette impression de stabilit\u00e9. Les suspensions, elles aussi garantes\u2026","_links":{"self":[{"href":"https:\/\/www.carideal.com\/blog\/wp-json\/wp\/v2\/posts\/4758"}],"collection":[{"href":"https:\/\/www.carideal.com\/blog\/wp-json\/wp\/v2\/posts"}],"about":[{"href":"https:\/\/www.carideal.com\/blog\/wp-json\/wp\/v2\/types\/post"}],"author":[{"embeddable":true,"href":"https:\/\/www.carideal.com\/blog\/wp-json\/wp\/v2\/users\/3"}],"replies":[{"embeddable":true,"href":"https:\/\/www.carideal.com\/blog\/wp-json\/wp\/v2\/comments?post=4758"}],"version-history":[{"count":0,"href":"https:\/\/www.carideal.com\/blog\/wp-json\/wp\/v2\/posts\/4758\/revisions"}],"wp:attachment":[{"href":"https:\/\/www.carideal.com\/blog\/wp-json\/wp\/v2\/media?parent=4758"}],"wp:term":[{"taxonomy":"category","embeddable":true,"href":"https:\/\/www.carideal.com\/blog\/wp-json\/wp\/v2\/categories?post=4758"},{"taxonomy":"post_tag","embeddable":true,"href":"https:\/\/www.carideal.com\/blog\/wp-json\/wp\/v2\/tags?post=4758"}],"curies":[{"name":"wp","href":"https:\/\/api.w.org\/{rel}","templated":true}]}}