{"id":4755,"date":"2009-02-13T23:00:00","date_gmt":"2009-02-13T23:00:00","guid":{"rendered":"http:\/\/www.carideal.com\/blog\/2009\/02\/13\/fiat-grande-punto-d-occasion\/"},"modified":"2020-03-07T22:40:04","modified_gmt":"2020-03-07T21:40:04","slug":"fiat-grande-punto-d-occasion","status":"publish","type":"post","link":"https:\/\/www.carideal.com\/blog\/2009\/02\/13\/fiat-grande-punto-d-occasion\/","title":{"rendered":"Fiat Grande Punto occasion"},"content":{"rendered":"<div>\n<h1>Achat\u00a0Fiat Grande Punto occasion<\/h1>\n<figure style=\"width: 490px\" class=\"wp-caption alignnone\"><img loading=\"lazy\" decoding=\"async\" title=\"Achat Fiat Grande Punto occasion\" src=\"http:\/\/www.carideal.com\/images_actualite\/fiatgrandepunto19jtdcarideal-1234601866.jpg\" alt=\"Achat Fiat Grande Punto occasion\" width=\"500\" height=\"333\" \/><figcaption class=\"wp-caption-text\">Achat Fiat Grande Punto occasion<\/figcaption><\/figure>\n<p>Fiat Grande Punto d'occasion<\/p>\n<\/div>\n<div>\n<figure style=\"width: 388px\" class=\"wp-caption alignnone\"><img loading=\"lazy\" decoding=\"async\" title=\"Achat Fiat Grande Punto occasion\" src=\"http:\/\/www.carideal.com\/images_actualite\/fiatgrandepuntocarideal-1234602192.jpg\" alt=\"Achat Fiat Grande Punto occasion\" width=\"398\" height=\"272\" \/><figcaption class=\"wp-caption-text\">Achat Fiat Grande Punto occasion<\/figcaption><\/figure>\n<p>Tr\u00e8s sain, le comportement de cette Fiat Grande Punto occasion n'appelle aucune critique. Agile, maniable mais aussi s\u00fbre et agr\u00e9able \u00e0 conduire, la Fiat Grande Punto est chez elle \u00e0 la campagne comme \u00e0 la ville. L\u00e0 sa direction city qui se manoeuvre d'un doigt transforme les cr\u00e9neaux en un jeu d'enfant. Par contre, sa carrosserie priv\u00e9e de protections risque de regretter chaque contact, au niveau des pare-chocs comme des porti\u00e8res. Sur la balance, la Fiat grande Punto accuse 200 kg de plus que sa devanci\u00e8re. Il faut donc opter pour un moteur plus vif que le timide et bruyant 1.2 8V d'entr\u00e9e de gamme. Les blocs \u00e0 essence 1.4 lui conviennent mieux, avec au choix 8 soupapes et 77 ch ou 16 soupapes et 95 ch. En diesel, le bloc 1.3 MJT est d\u00e9clin\u00e9 en 75 ou 90 ch mais manque de punch \u00e0 bas r\u00e9gime. Et la version 90 ch p\u00e2tit d'une boite \u00e0 6 vitesses trop longue. pour d\u00e9passer le tonus, le moteur 1.9 MJT est id\u00e9al, en 120 ch comme en 130 ch, sport uniquement, et ne consomme pas trop.<\/p>\n<\/div>\n<p>La Fiat grande Punto occasion offre un habitacle bien plus spacieux que celui de son ain\u00e9e. Elle fait m\u00eame mieux que ses rivales <span style=\"text-decoration: underline;\">Peugeot 207<\/span> et <span style=\"text-decoration: underline;\">Renault Clio 3<\/span>, ce avec une longueur de 4 m\u00e8tres environ. Largeur au coudes et garde au toit sont confortables. Les passagers arri\u00e8res trouvent m\u00eame au caser leurs pieds. De m\u00eame, la sellerie semble de qualit\u00e9 et s'av\u00e8re confortable. L'\u00e9quipement de s\u00e9rie suffit d\u00e8s le deuxi\u00e8me niveau de finition, Dynamique. Cot\u00e9 coffre, la Fiat grande Punto offre de 275 \u00e0 1020 litres selon la configuration. Dommage, l'accessibilit\u00e9 n'est pas son point fort et l'ouverture du hayon n'est possible qu'avec la cl\u00e9 ou depuis l'int\u00e9rieur.<\/p>\n<h2>Fiat Grande Punto Occasion : Fiable<\/h2>\n<p>Encore jeune, la Fiat grande Punto occasion n'a connu jusqu'ici que peu d'anomalies, qu'il s'agisse en essence ou en diesel. On aurra juste remarqu\u00e9 quelques voitures affect\u00e9es par des couinements de freins incessants. En outre le vase d'expansion a sur de rares mod\u00e8les, souffert de petites fuites. Les pi\u00e8ces d'usures ont une bonne long\u00e9vit\u00e9. Encore mieux, l'entretien de la petite Fiat n'est pas trop on\u00e9reux. A l'achat, par ailleurs, les plastiques paraissent solides et ne devraient pas trop souffrir du vieillissement, tout comme la carrosserie et la peinture sans fausse note. plus cossue que la pr\u00e9c\u00e9dente Fiat Punto, cette auto p\u00e8che par quelques d\u00e9tails de finition. Les plastiques sont clinquants, certains assemblages manquent de finesse et des vis sont apparentes ici et l\u00e0. Cependant aucun bruit parasite ne vient troubler l'ambiance preuve d'une fabrication s\u00e9rieuse. La Fiat grande Punto est sortie en octobre 2005 et il y en a 37900 en circulation.<\/p>\n","protected":false},"excerpt":{"rendered":"<p>Achat\u00a0Fiat Grande Punto occasion Fiat Grande Punto d&rsquo;occasion Tr\u00e8s sain, le comportement de cette Fiat Grande Punto occasion n&rsquo;appelle aucune critique. Agile, maniable mais aussi s\u00fbre et agr\u00e9able \u00e0 conduire, la Fiat Grande Punto est chez elle \u00e0 la campagne comme \u00e0 la ville. L\u00e0 sa direction city qui se manoeuvre d&rsquo;un doigt transforme les &#8230; <a title=\"Fiat Grande Punto occasion\" class=\"read-more\" href=\"https:\/\/www.carideal.com\/blog\/2009\/02\/13\/fiat-grande-punto-d-occasion\/\" aria-label=\"En savoir plus sur Fiat Grande Punto occasion\">Lire plus<\/a><\/p>\n","protected":false},"author":3,"featured_media":0,"comment_status":"open","ping_status":"open","sticky":false,"template":"","format":"standard","meta":{"_uag_custom_page_level_css":"","_themeisle_gutenberg_block_has_review":false,"footnotes":""},"categories":[21,5944,5980,5947,5981],"tags":[],"class_list":["post-4755","post","type-post","status-publish","format-standard","hentry","category-actualites-auto","category-constructeur","category-fiat","category-essai","category-fiat-essai"],"wppr_data":[],"yoast_head":"<!-- This site is optimized with the Yoast SEO plugin v24.8.1 - https:\/\/yoast.com\/wordpress\/plugins\/seo\/ -->\n<title>Fiat Grande Punto occasion - Blog auto Carid\u00e9al<\/title>\n<meta name=\"description\" content=\"Fiat Grande Punto occasion, l&#039;essai de la citadine polyvalente de Fiat, ses moteurs essence et diesel, ses finitions et son comportement routier.\" \/>\n<meta name=\"robots\" content=\"index, follow, max-snippet:-1, max-image-preview:large, max-video-preview:-1\" \/>\n<link rel=\"canonical\" href=\"https:\/\/www.carideal.com\/blog\/2009\/02\/13\/fiat-grande-punto-d-occasion\/\" \/>\n<meta property=\"og:locale\" content=\"fr_FR\" \/>\n<meta property=\"og:type\" content=\"article\" \/>\n<meta property=\"og:title\" content=\"Fiat Grande Punto occasion - Blog auto Carid\u00e9al\" \/>\n<meta property=\"og:description\" content=\"Fiat Grande Punto occasion, l&#039;essai de la citadine polyvalente de Fiat, ses moteurs essence et diesel, ses finitions et son comportement routier.\" \/>\n<meta property=\"og:url\" content=\"https:\/\/www.carideal.com\/blog\/2009\/02\/13\/fiat-grande-punto-d-occasion\/\" \/>\n<meta property=\"og:site_name\" content=\"Blog auto Carid\u00e9al\" \/>\n<meta property=\"article:publisher\" content=\"https:\/\/www.facebook.com\/Carideal.mandataire.automobile\" \/>\n<meta property=\"article:author\" content=\"https:\/\/www.facebook.com\/nicolas.schiavon.39\" \/>\n<meta property=\"article:published_time\" content=\"2009-02-13T23:00:00+00:00\" \/>\n<meta property=\"article:modified_time\" content=\"2020-03-07T21:40:04+00:00\" \/>\n<meta property=\"og:image\" content=\"http:\/\/www.carideal.com\/images_actualite\/fiatgrandepunto19jtdcarideal-1234601866.jpg\" \/>\n<meta name=\"author\" content=\"Nicolas SCHIAVON\" \/>\n<meta name=\"twitter:card\" content=\"summary_large_image\" \/>\n<meta name=\"twitter:creator\" content=\"@caridealauto\" \/>\n<meta name=\"twitter:site\" content=\"@caridealauto\" \/>\n<meta name=\"twitter:label1\" content=\"\u00c9crit par\" \/>\n\t<meta name=\"twitter:data1\" content=\"Nicolas SCHIAVON\" \/>\n\t<meta name=\"twitter:label2\" content=\"Dur\u00e9e de lecture estim\u00e9e\" \/>\n\t<meta name=\"twitter:data2\" content=\"2 minutes\" \/>\n<script type=\"application\/ld+json\" class=\"yoast-schema-graph\">{\"@context\":\"https:\/\/schema.org\",\"@graph\":[{\"@type\":\"Article\",\"@id\":\"https:\/\/www.carideal.com\/blog\/2009\/02\/13\/fiat-grande-punto-d-occasion\/#article\",\"isPartOf\":{\"@id\":\"https:\/\/www.carideal.com\/blog\/2009\/02\/13\/fiat-grande-punto-d-occasion\/\"},\"author\":{\"name\":\"Nicolas SCHIAVON\",\"@id\":\"https:\/\/www.carideal.com\/blog\/#\/schema\/person\/cd95dc7919660de90d31b366f85be1ec\"},\"headline\":\"Fiat Grande Punto occasion\",\"datePublished\":\"2009-02-13T23:00:00+00:00\",\"dateModified\":\"2020-03-07T21:40:04+00:00\",\"mainEntityOfPage\":{\"@id\":\"https:\/\/www.carideal.com\/blog\/2009\/02\/13\/fiat-grande-punto-d-occasion\/\"},\"wordCount\":492,\"commentCount\":0,\"publisher\":{\"@id\":\"https:\/\/www.carideal.com\/blog\/#organization\"},\"image\":{\"@id\":\"https:\/\/www.carideal.com\/blog\/2009\/02\/13\/fiat-grande-punto-d-occasion\/#primaryimage\"},\"thumbnailUrl\":\"http:\/\/www.carideal.com\/images_actualite\/fiatgrandepunto19jtdcarideal-1234601866.jpg\",\"articleSection\":[\"Actualit\u00e9 automobile\",\"Actualit\u00e9 Constructeur automobile\",\"Actualit\u00e9 Fiat\",\"Essais automobile\",\"Essais Fiat\"],\"inLanguage\":\"fr-FR\",\"potentialAction\":[{\"@type\":\"CommentAction\",\"name\":\"Comment\",\"target\":[\"https:\/\/www.carideal.com\/blog\/2009\/02\/13\/fiat-grande-punto-d-occasion\/#respond\"]}]},{\"@type\":\"WebPage\",\"@id\":\"https:\/\/www.carideal.com\/blog\/2009\/02\/13\/fiat-grande-punto-d-occasion\/\",\"url\":\"https:\/\/www.carideal.com\/blog\/2009\/02\/13\/fiat-grande-punto-d-occasion\/\",\"name\":\"Fiat Grande Punto occasion - Blog auto Carid\u00e9al\",\"isPartOf\":{\"@id\":\"https:\/\/www.carideal.com\/blog\/#website\"},\"primaryImageOfPage\":{\"@id\":\"https:\/\/www.carideal.com\/blog\/2009\/02\/13\/fiat-grande-punto-d-occasion\/#primaryimage\"},\"image\":{\"@id\":\"https:\/\/www.carideal.com\/blog\/2009\/02\/13\/fiat-grande-punto-d-occasion\/#primaryimage\"},\"thumbnailUrl\":\"http:\/\/www.carideal.com\/images_actualite\/fiatgrandepunto19jtdcarideal-1234601866.jpg\",\"datePublished\":\"2009-02-13T23:00:00+00:00\",\"dateModified\":\"2020-03-07T21:40:04+00:00\",\"description\":\"Fiat Grande Punto occasion, l'essai de la citadine polyvalente de Fiat, ses moteurs essence et diesel, ses finitions et son comportement routier.\",\"breadcrumb\":{\"@id\":\"https:\/\/www.carideal.com\/blog\/2009\/02\/13\/fiat-grande-punto-d-occasion\/#breadcrumb\"},\"inLanguage\":\"fr-FR\",\"potentialAction\":[{\"@type\":\"ReadAction\",\"target\":[\"https:\/\/www.carideal.com\/blog\/2009\/02\/13\/fiat-grande-punto-d-occasion\/\"]}]},{\"@type\":\"ImageObject\",\"inLanguage\":\"fr-FR\",\"@id\":\"https:\/\/www.carideal.com\/blog\/2009\/02\/13\/fiat-grande-punto-d-occasion\/#primaryimage\",\"url\":\"http:\/\/www.carideal.com\/images_actualite\/fiatgrandepunto19jtdcarideal-1234601866.jpg\",\"contentUrl\":\"http:\/\/www.carideal.com\/images_actualite\/fiatgrandepunto19jtdcarideal-1234601866.jpg\"},{\"@type\":\"BreadcrumbList\",\"@id\":\"https:\/\/www.carideal.com\/blog\/2009\/02\/13\/fiat-grande-punto-d-occasion\/#breadcrumb\",\"itemListElement\":[{\"@type\":\"ListItem\",\"position\":1,\"name\":\"Blog Carid\u00e9al\",\"item\":\"https:\/\/www.carideal.com\/blog\/\"},{\"@type\":\"ListItem\",\"position\":2,\"name\":\"Actualit\u00e9 constructeur automobile\",\"item\":\"https:\/\/www.carideal.com\/blog\/constructeur\/\"},{\"@type\":\"ListItem\",\"position\":3,\"name\":\"Actualit\u00e9 Fiat\",\"item\":\"https:\/\/www.carideal.com\/blog\/constructeur\/fiat\/\"},{\"@type\":\"ListItem\",\"position\":4,\"name\":\"Fiat Grande Punto occasion\"}]},{\"@type\":\"WebSite\",\"@id\":\"https:\/\/www.carideal.com\/blog\/#website\",\"url\":\"https:\/\/www.carideal.com\/blog\/\",\"name\":\"Blog auto Carid\u00e9al\",\"description\":\"Actualit\u00e9 auto par des passionn\u00e9s\",\"publisher\":{\"@id\":\"https:\/\/www.carideal.com\/blog\/#organization\"},\"potentialAction\":[{\"@type\":\"SearchAction\",\"target\":{\"@type\":\"EntryPoint\",\"urlTemplate\":\"https:\/\/www.carideal.com\/blog\/?s={search_term_string}\"},\"query-input\":{\"@type\":\"PropertyValueSpecification\",\"valueRequired\":true,\"valueName\":\"search_term_string\"}}],\"inLanguage\":\"fr-FR\"},{\"@type\":\"Organization\",\"@id\":\"https:\/\/www.carideal.com\/blog\/#organization\",\"name\":\"Carideal\",\"url\":\"https:\/\/www.carideal.com\/blog\/\",\"logo\":{\"@type\":\"ImageObject\",\"inLanguage\":\"fr-FR\",\"@id\":\"https:\/\/www.carideal.com\/blog\/#\/schema\/logo\/image\/\",\"url\":\"http:\/\/www.carideal.com\/blog\/wp-content\/uploads\/2016\/03\/logo-carideal-mandataire-automobile.png\",\"contentUrl\":\"http:\/\/www.carideal.com\/blog\/wp-content\/uploads\/2016\/03\/logo-carideal-mandataire-automobile.png\",\"width\":300,\"height\":300,\"caption\":\"Carideal\"},\"image\":{\"@id\":\"https:\/\/www.carideal.com\/blog\/#\/schema\/logo\/image\/\"},\"sameAs\":[\"https:\/\/www.facebook.com\/Carideal.mandataire.automobile\",\"https:\/\/x.com\/caridealauto\",\"https:\/\/www.instagram.com\/carideal1\/\",\"https:\/\/www.linkedin.com\/company\/carideal.com\",\"https:\/\/fr.pinterest.com\/schiavonsas\/\",\"https:\/\/www.youtube.com\/user\/caridealsas\"]},{\"@type\":\"Person\",\"@id\":\"https:\/\/www.carideal.com\/blog\/#\/schema\/person\/cd95dc7919660de90d31b366f85be1ec\",\"name\":\"Nicolas SCHIAVON\",\"image\":{\"@type\":\"ImageObject\",\"inLanguage\":\"fr-FR\",\"@id\":\"https:\/\/www.carideal.com\/blog\/#\/schema\/person\/image\/\",\"url\":\"https:\/\/secure.gravatar.com\/avatar\/c17e55009e671d92cc7f5dc837dc418a?s=96&r=g\",\"contentUrl\":\"https:\/\/secure.gravatar.com\/avatar\/c17e55009e671d92cc7f5dc837dc418a?s=96&r=g\",\"caption\":\"Nicolas SCHIAVON\"},\"description\":\"Nicolas Schiavon est tomb\u00e9 tout petit dans la marmite automobile. Ayant eu un garage de marque automobile, mandataire automobile de la premi\u00e8re heure d\u00e8s 1999. Nicolas a cr\u00e9\u00e9 ces premiers sites de vente de voiture et blog automobile d\u00e8s 1994. Carideal est n\u00e9 le 15 d\u00e9cembre 2000 de la volont\u00e9 de vendre des voitures d'occasions en ligne puis des voitures neuves. Il a pu essayer beaucoup de voitures tr\u00e8s diff\u00e9rentes et ayant eu personnellement quelques belles autos, Subaru Impreza, Mitsubishi Lancer Evo 7, Porsche 911, Ferrari Testarrossa, Audi RS3, RS4 et j'en passe...\",\"sameAs\":[\"http:\/\/www.carideal.com\",\"https:\/\/www.facebook.com\/nicolas.schiavon.39\",\"https:\/\/www.instagram.com\/carideal1\/\",\"https:\/\/www.linkedin.com\/in\/nschiavon\/\",\"https:\/\/x.com\/caridealauto\",\"https:\/\/www.youtube.com\/user\/caridealsas\/\"],\"url\":\"https:\/\/www.carideal.com\/blog\/author\/nschiavon\/\"}]}<\/script>\n<!-- \/ Yoast SEO plugin. -->","yoast_head_json":{"title":"Fiat Grande Punto occasion - Blog auto Carid\u00e9al","description":"Fiat Grande Punto occasion, l'essai de la citadine polyvalente de Fiat, ses moteurs essence et diesel, ses finitions et son comportement routier.","robots":{"index":"index","follow":"follow","max-snippet":"max-snippet:-1","max-image-preview":"max-image-preview:large","max-video-preview":"max-video-preview:-1"},"canonical":"https:\/\/www.carideal.com\/blog\/2009\/02\/13\/fiat-grande-punto-d-occasion\/","og_locale":"fr_FR","og_type":"article","og_title":"Fiat Grande Punto occasion - Blog auto Carid\u00e9al","og_description":"Fiat Grande Punto occasion, l'essai de la citadine polyvalente de Fiat, ses moteurs essence et diesel, ses finitions et son comportement routier.","og_url":"https:\/\/www.carideal.com\/blog\/2009\/02\/13\/fiat-grande-punto-d-occasion\/","og_site_name":"Blog auto Carid\u00e9al","article_publisher":"https:\/\/www.facebook.com\/Carideal.mandataire.automobile","article_author":"https:\/\/www.facebook.com\/nicolas.schiavon.39","article_published_time":"2009-02-13T23:00:00+00:00","article_modified_time":"2020-03-07T21:40:04+00:00","og_image":[{"url":"http:\/\/www.carideal.com\/images_actualite\/fiatgrandepunto19jtdcarideal-1234601866.jpg","type":"","width":"","height":""}],"author":"Nicolas SCHIAVON","twitter_card":"summary_large_image","twitter_creator":"@caridealauto","twitter_site":"@caridealauto","twitter_misc":{"\u00c9crit par":"Nicolas SCHIAVON","Dur\u00e9e de lecture estim\u00e9e":"2 minutes"},"schema":{"@context":"https:\/\/schema.org","@graph":[{"@type":"Article","@id":"https:\/\/www.carideal.com\/blog\/2009\/02\/13\/fiat-grande-punto-d-occasion\/#article","isPartOf":{"@id":"https:\/\/www.carideal.com\/blog\/2009\/02\/13\/fiat-grande-punto-d-occasion\/"},"author":{"name":"Nicolas SCHIAVON","@id":"https:\/\/www.carideal.com\/blog\/#\/schema\/person\/cd95dc7919660de90d31b366f85be1ec"},"headline":"Fiat Grande Punto occasion","datePublished":"2009-02-13T23:00:00+00:00","dateModified":"2020-03-07T21:40:04+00:00","mainEntityOfPage":{"@id":"https:\/\/www.carideal.com\/blog\/2009\/02\/13\/fiat-grande-punto-d-occasion\/"},"wordCount":492,"commentCount":0,"publisher":{"@id":"https:\/\/www.carideal.com\/blog\/#organization"},"image":{"@id":"https:\/\/www.carideal.com\/blog\/2009\/02\/13\/fiat-grande-punto-d-occasion\/#primaryimage"},"thumbnailUrl":"http:\/\/www.carideal.com\/images_actualite\/fiatgrandepunto19jtdcarideal-1234601866.jpg","articleSection":["Actualit\u00e9 automobile","Actualit\u00e9 Constructeur automobile","Actualit\u00e9 Fiat","Essais automobile","Essais Fiat"],"inLanguage":"fr-FR","potentialAction":[{"@type":"CommentAction","name":"Comment","target":["https:\/\/www.carideal.com\/blog\/2009\/02\/13\/fiat-grande-punto-d-occasion\/#respond"]}]},{"@type":"WebPage","@id":"https:\/\/www.carideal.com\/blog\/2009\/02\/13\/fiat-grande-punto-d-occasion\/","url":"https:\/\/www.carideal.com\/blog\/2009\/02\/13\/fiat-grande-punto-d-occasion\/","name":"Fiat Grande Punto occasion - Blog auto Carid\u00e9al","isPartOf":{"@id":"https:\/\/www.carideal.com\/blog\/#website"},"primaryImageOfPage":{"@id":"https:\/\/www.carideal.com\/blog\/2009\/02\/13\/fiat-grande-punto-d-occasion\/#primaryimage"},"image":{"@id":"https:\/\/www.carideal.com\/blog\/2009\/02\/13\/fiat-grande-punto-d-occasion\/#primaryimage"},"thumbnailUrl":"http:\/\/www.carideal.com\/images_actualite\/fiatgrandepunto19jtdcarideal-1234601866.jpg","datePublished":"2009-02-13T23:00:00+00:00","dateModified":"2020-03-07T21:40:04+00:00","description":"Fiat Grande Punto occasion, l'essai de la citadine polyvalente de Fiat, ses moteurs essence et diesel, ses finitions et son comportement routier.","breadcrumb":{"@id":"https:\/\/www.carideal.com\/blog\/2009\/02\/13\/fiat-grande-punto-d-occasion\/#breadcrumb"},"inLanguage":"fr-FR","potentialAction":[{"@type":"ReadAction","target":["https:\/\/www.carideal.com\/blog\/2009\/02\/13\/fiat-grande-punto-d-occasion\/"]}]},{"@type":"ImageObject","inLanguage":"fr-FR","@id":"https:\/\/www.carideal.com\/blog\/2009\/02\/13\/fiat-grande-punto-d-occasion\/#primaryimage","url":"http:\/\/www.carideal.com\/images_actualite\/fiatgrandepunto19jtdcarideal-1234601866.jpg","contentUrl":"http:\/\/www.carideal.com\/images_actualite\/fiatgrandepunto19jtdcarideal-1234601866.jpg"},{"@type":"BreadcrumbList","@id":"https:\/\/www.carideal.com\/blog\/2009\/02\/13\/fiat-grande-punto-d-occasion\/#breadcrumb","itemListElement":[{"@type":"ListItem","position":1,"name":"Blog Carid\u00e9al","item":"https:\/\/www.carideal.com\/blog\/"},{"@type":"ListItem","position":2,"name":"Actualit\u00e9 constructeur automobile","item":"https:\/\/www.carideal.com\/blog\/constructeur\/"},{"@type":"ListItem","position":3,"name":"Actualit\u00e9 Fiat","item":"https:\/\/www.carideal.com\/blog\/constructeur\/fiat\/"},{"@type":"ListItem","position":4,"name":"Fiat Grande Punto occasion"}]},{"@type":"WebSite","@id":"https:\/\/www.carideal.com\/blog\/#website","url":"https:\/\/www.carideal.com\/blog\/","name":"Blog auto Carid\u00e9al","description":"Actualit\u00e9 auto par des passionn\u00e9s","publisher":{"@id":"https:\/\/www.carideal.com\/blog\/#organization"},"potentialAction":[{"@type":"SearchAction","target":{"@type":"EntryPoint","urlTemplate":"https:\/\/www.carideal.com\/blog\/?s={search_term_string}"},"query-input":{"@type":"PropertyValueSpecification","valueRequired":true,"valueName":"search_term_string"}}],"inLanguage":"fr-FR"},{"@type":"Organization","@id":"https:\/\/www.carideal.com\/blog\/#organization","name":"Carideal","url":"https:\/\/www.carideal.com\/blog\/","logo":{"@type":"ImageObject","inLanguage":"fr-FR","@id":"https:\/\/www.carideal.com\/blog\/#\/schema\/logo\/image\/","url":"http:\/\/www.carideal.com\/blog\/wp-content\/uploads\/2016\/03\/logo-carideal-mandataire-automobile.png","contentUrl":"http:\/\/www.carideal.com\/blog\/wp-content\/uploads\/2016\/03\/logo-carideal-mandataire-automobile.png","width":300,"height":300,"caption":"Carideal"},"image":{"@id":"https:\/\/www.carideal.com\/blog\/#\/schema\/logo\/image\/"},"sameAs":["https:\/\/www.facebook.com\/Carideal.mandataire.automobile","https:\/\/x.com\/caridealauto","https:\/\/www.instagram.com\/carideal1\/","https:\/\/www.linkedin.com\/company\/carideal.com","https:\/\/fr.pinterest.com\/schiavonsas\/","https:\/\/www.youtube.com\/user\/caridealsas"]},{"@type":"Person","@id":"https:\/\/www.carideal.com\/blog\/#\/schema\/person\/cd95dc7919660de90d31b366f85be1ec","name":"Nicolas SCHIAVON","image":{"@type":"ImageObject","inLanguage":"fr-FR","@id":"https:\/\/www.carideal.com\/blog\/#\/schema\/person\/image\/","url":"https:\/\/secure.gravatar.com\/avatar\/c17e55009e671d92cc7f5dc837dc418a?s=96&r=g","contentUrl":"https:\/\/secure.gravatar.com\/avatar\/c17e55009e671d92cc7f5dc837dc418a?s=96&r=g","caption":"Nicolas SCHIAVON"},"description":"Nicolas Schiavon est tomb\u00e9 tout petit dans la marmite automobile. Ayant eu un garage de marque automobile, mandataire automobile de la premi\u00e8re heure d\u00e8s 1999. Nicolas a cr\u00e9\u00e9 ces premiers sites de vente de voiture et blog automobile d\u00e8s 1994. Carideal est n\u00e9 le 15 d\u00e9cembre 2000 de la volont\u00e9 de vendre des voitures d'occasions en ligne puis des voitures neuves. Il a pu essayer beaucoup de voitures tr\u00e8s diff\u00e9rentes et ayant eu personnellement quelques belles autos, Subaru Impreza, Mitsubishi Lancer Evo 7, Porsche 911, Ferrari Testarrossa, Audi RS3, RS4 et j'en passe...","sameAs":["http:\/\/www.carideal.com","https:\/\/www.facebook.com\/nicolas.schiavon.39","https:\/\/www.instagram.com\/carideal1\/","https:\/\/www.linkedin.com\/in\/nschiavon\/","https:\/\/x.com\/caridealauto","https:\/\/www.youtube.com\/user\/caridealsas\/"],"url":"https:\/\/www.carideal.com\/blog\/author\/nschiavon\/"}]}},"uagb_featured_image_src":{"full":false,"thumbnail":false,"medium":false,"medium_large":false,"large":false,"1536x1536":false,"2048x2048":false,"wppr-widget":false},"uagb_author_info":{"display_name":"Nicolas SCHIAVON","author_link":"https:\/\/www.carideal.com\/blog\/author\/nschiavon\/"},"uagb_comment_info":0,"uagb_excerpt":"Achat\u00a0Fiat Grande Punto occasion Fiat Grande Punto d'occasion Tr\u00e8s sain, le comportement de cette Fiat Grande Punto occasion n'appelle aucune critique. Agile, maniable mais aussi s\u00fbre et agr\u00e9able \u00e0 conduire, la Fiat Grande Punto est chez elle \u00e0 la campagne comme \u00e0 la ville. L\u00e0 sa direction city qui se manoeuvre d'un doigt transforme les\u2026","_links":{"self":[{"href":"https:\/\/www.carideal.com\/blog\/wp-json\/wp\/v2\/posts\/4755"}],"collection":[{"href":"https:\/\/www.carideal.com\/blog\/wp-json\/wp\/v2\/posts"}],"about":[{"href":"https:\/\/www.carideal.com\/blog\/wp-json\/wp\/v2\/types\/post"}],"author":[{"embeddable":true,"href":"https:\/\/www.carideal.com\/blog\/wp-json\/wp\/v2\/users\/3"}],"replies":[{"embeddable":true,"href":"https:\/\/www.carideal.com\/blog\/wp-json\/wp\/v2\/comments?post=4755"}],"version-history":[{"count":0,"href":"https:\/\/www.carideal.com\/blog\/wp-json\/wp\/v2\/posts\/4755\/revisions"}],"wp:attachment":[{"href":"https:\/\/www.carideal.com\/blog\/wp-json\/wp\/v2\/media?parent=4755"}],"wp:term":[{"taxonomy":"category","embeddable":true,"href":"https:\/\/www.carideal.com\/blog\/wp-json\/wp\/v2\/categories?post=4755"},{"taxonomy":"post_tag","embeddable":true,"href":"https:\/\/www.carideal.com\/blog\/wp-json\/wp\/v2\/tags?post=4755"}],"curies":[{"name":"wp","href":"https:\/\/api.w.org\/{rel}","templated":true}]}}