{"id":475,"date":"2011-07-09T09:33:00","date_gmt":"2011-07-09T09:33:00","guid":{"rendered":"http:\/\/carideal.com\/blog\/?p=475"},"modified":"2020-03-07T16:49:40","modified_gmt":"2020-03-07T15:49:40","slug":"une-vw-coccinnelle-immergee-comme-recif-a-cancun","status":"publish","type":"post","link":"https:\/\/www.carideal.com\/blog\/2011\/07\/09\/une-vw-coccinnelle-immergee-comme-recif-a-cancun\/","title":{"rendered":"Un recif Volkswagen Coccinelle immergee"},"content":{"rendered":" La sculpture de la Vw Coccinelle en b\u00e9ton qui sert de r\u00e9cif artificiel\n<h1><strong>Un Recif Volkswagen Coccinelle immerg\u00e9e \u00e0 Cancun<\/strong><\/h1>\n<p>Jason de Caires taylor's est un sculpteur qui immerge ses oeuvres, dont ce <strong>r\u00e9cif de Volkswagen Coccinelle<\/strong>. Son travail met en avant un proc\u00e9d\u00e9 un proc\u00e9d\u00e9 \u00e9cologique avantgardiste et pointe la relation qui peut y avoir entre l'art et l'environnement. Ses oeuvres deviennent des r\u00e9cifs artificiels, prot\u00e9geant et attirant la vie sous marine, et offrant \u00e0 ceux qui le regardent une nouvelle vision du monde sous marin.<br \/>\nl'artiste vient d'immerger cette <span style=\"text-decoration: underline;\">Volkswagen Coccinnelle<\/span> au large de Cancun au Mexique.<\/p>\n<p>La sculpture au service de la protection de la nature<\/p>\n<p>Il est surprenant de voir un sculpteur inspir\u00e9 par la Volkswagen Coccinelle afin qu'elle soit immerg\u00e9e comme r\u00e9cif artificiel.<\/p>\n<p>Les oc\u00e9ans regorgent d'organismes microscopiques qui d\u00e9rivent vers le fond de la mer. D\u00e8s que ces organismes rencontrent une surface dure, des rochers par exemple, cr\u00e9ant ainsi la base d'un r\u00e9cif naturel. Il faut savoir que les r\u00e9cifs coralliens attirent la\u00a0vie sous-marine, les poissons, les tortues, oursins, \u00e9ponges et requins. Ces r\u00e9cifs fournissent \u00e9galement des espaces clos ou les poissons ou autres esp\u00e8ces de mer afin qu'ils se reproduisent et\u00a0s'y r\u00e9fugient.<\/p>\n<h2>Mais pourquoi avoir sculpt\u00e9 ce\u00a0recif\u00a0Volkswagen Coccinelle ?<\/h2>\n<figure id=\"attachment_11406\" aria-describedby=\"caption-attachment-11406\" style=\"width: 290px\" class=\"wp-caption alignleft\"><a href=\"http:\/\/www.carideal.com\/blog\/wp-content\/uploads\/2011\/07\/volkswagen-coccinelle-recif.jpg\"><img loading=\"lazy\" decoding=\"async\" class=\"wp-image-11406 size-medium\" title=\"Recif Volkswagen Coccinelle\" src=\"http:\/\/www.carideal.com\/blog\/wp-content\/uploads\/2011\/07\/volkswagen-coccinelle-recif-300x196.jpg\" alt=\"Recif Volkswagen Coccinelle\" width=\"300\" height=\"196\" srcset=\"https:\/\/www.carideal.com\/blog\/wp-content\/uploads\/2011\/07\/volkswagen-coccinelle-recif-300x196.jpg 300w, https:\/\/www.carideal.com\/blog\/wp-content\/uploads\/2011\/07\/volkswagen-coccinelle-recif-624x408.jpg 624w, https:\/\/www.carideal.com\/blog\/wp-content\/uploads\/2011\/07\/volkswagen-coccinelle-recif.jpg 680w\" sizes=\"(max-width: 300px) 100vw, 300px\" \/><\/a><figcaption id=\"caption-attachment-11406\" class=\"wp-caption-text\">Recif Volkswagen Coccinelle<\/figcaption><\/figure>\n<p>Ce recif Volkswagen Coccinelle artificiel est rudement bien fait. Des espaces pour que les Langoustes ou autres homards puissent venir s'y cacher et se reproduirent. Idem pour certains types de fentes \u00a0de la taille des poissons juv\u00e9nils pour qu'ils puissent s'y cacher. \u00a0Afin d'augmenter le nombre de r\u00e9cifs dans ces zones de sable blanc, des r\u00e9cifs artificiels ont r\u00e9cemment \u00e9t\u00e9 cr\u00e9\u00e9s \u00e0 partir de mat\u00e9riaux durables, s\u00fbrs et respectueux de l'environnement. Cette op\u00e9ration est un v\u00e9ritable succ\u00e8s, le Recif de la Volkswagen Coccinelle a permis la croissance des coraux qui, \u00e0 leur tour, peuvent soutenir un \u00e9cosyst\u00e8me marin.<\/p>\n<h2>Des r\u00e9cifs artificiels cr\u00e9\u00e9s avec des sculptures comme celle de cette Volkwagen Coccinelle.<\/h2>\n<p>Cette id\u00e9e est de Jason de Caires Taylor, c\u00e9l\u00e8bre sculpteur britannique et passionn\u00e9 de plong\u00e9e sous-marine. Les statues sont sculpt\u00e9es sur la terre ferme et ensuite immerg\u00e9es.<\/p>\n<p>Respectueuses de l'environnement, elles vont servir d'habitat \u00e0 la flore et \u00e0 la faune. Les poissons, coraux, an\u00e9mones de mer... viendront s'abriter dans ce r\u00e9cif de Volkswagen Coccinelle, et au fur et \u00e0 mesure que le temps passera, vont en changer l'aspect.<\/p>\n<p>Ce recif Volkswagen Coccinelle est immerg\u00e9e au\u00a0Mus\u00e9e d'Art Moderne sous-marin, au Mexique. La derni\u00e8re partie intitul\u00e9e,\u00a0\"L'\u00e9volution silencieuse\" a \u00e9t\u00e9 ouverte, d\u00e9but 2011, \u00e0 Cancun. Les 400 statues grandeur nature sont\u00a0immerg\u00e9es \u00e0 9 m\u00e8tres de profondeur.<\/p>\n<h2>Vid\u00e9o de recif Volkswagen Coccinelle \u00e0 Cancun<\/h2>\n<p><iframe loading=\"lazy\" src=\"https:\/\/www.youtube.com\/embed\/oip5M3IJ4bI\" width=\"560\" height=\"315\" frameborder=\"0\" allowfullscreen=\"allowfullscreen\"><\/iframe><\/p>\n<p>source <span style=\"text-decoration: underline;\"><a href=\"http:\/\/www.lac-du-bourget.fr\">le blog de la plong\u00e9e sous marine, \u00e9pave, recycleur<\/a><\/span><\/p>\n","protected":false},"excerpt":{"rendered":"<p>Un Recif Volkswagen Coccinelle immerg\u00e9e \u00e0 Cancun Jason de Caires taylor&rsquo;s est un sculpteur qui immerge ses oeuvres, dont ce r\u00e9cif de Volkswagen Coccinelle. Son travail met en avant un proc\u00e9d\u00e9 un proc\u00e9d\u00e9 \u00e9cologique avantgardiste et pointe la relation qui peut y avoir entre l&rsquo;art et l&rsquo;environnement. Ses oeuvres deviennent des r\u00e9cifs artificiels, prot\u00e9geant et &#8230; <a title=\"Un recif Volkswagen Coccinelle immergee\" class=\"read-more\" href=\"https:\/\/www.carideal.com\/blog\/2011\/07\/09\/une-vw-coccinnelle-immergee-comme-recif-a-cancun\/\" aria-label=\"En savoir plus sur Un recif Volkswagen Coccinelle immergee\">Lire plus<\/a><\/p>\n","protected":false},"author":1,"featured_media":0,"comment_status":"open","ping_status":"open","sticky":false,"template":"","format":"standard","meta":{"_uag_custom_page_level_css":"","_themeisle_gutenberg_block_has_review":false,"footnotes":""},"categories":[5944,9,5994,18],"tags":[],"class_list":["post-475","post","type-post","status-publish","format-standard","hentry","category-constructeur","category-divers","category-fun","category-videos"],"wppr_data":[],"yoast_head":"<!-- This site is optimized with the Yoast SEO plugin v24.8.1 - https:\/\/yoast.com\/wordpress\/plugins\/seo\/ -->\n<title>Un recif Volkswagen Coccinelle immergee - Blog auto Carid\u00e9al<\/title>\n<meta name=\"description\" content=\"Un Recif Volkswagen Coccinelle immerg\u00e9e comme recif a cancun. Jason de Caires taylor&#039;s est un sculpteur qui immerge ses oeuvres.\" \/>\n<meta name=\"robots\" content=\"index, follow, max-snippet:-1, max-image-preview:large, max-video-preview:-1\" \/>\n<link rel=\"canonical\" href=\"https:\/\/www.carideal.com\/blog\/2011\/07\/09\/une-vw-coccinnelle-immergee-comme-recif-a-cancun\/\" \/>\n<meta property=\"og:locale\" content=\"fr_FR\" \/>\n<meta property=\"og:type\" content=\"article\" \/>\n<meta property=\"og:title\" content=\"Un recif Volkswagen Coccinelle immergee - Blog auto Carid\u00e9al\" \/>\n<meta property=\"og:description\" content=\"Un Recif Volkswagen Coccinelle immerg\u00e9e comme recif a cancun. Jason de Caires taylor&#039;s est un sculpteur qui immerge ses oeuvres.\" \/>\n<meta property=\"og:url\" content=\"https:\/\/www.carideal.com\/blog\/2011\/07\/09\/une-vw-coccinnelle-immergee-comme-recif-a-cancun\/\" \/>\n<meta property=\"og:site_name\" content=\"Blog auto Carid\u00e9al\" \/>\n<meta property=\"article:publisher\" content=\"https:\/\/www.facebook.com\/Carideal.mandataire.automobile\" \/>\n<meta property=\"article:author\" content=\"https:\/\/www.facebook.com\/Carideal.mandataire.automobile\/\" \/>\n<meta property=\"article:published_time\" content=\"2011-07-09T09:33:00+00:00\" \/>\n<meta property=\"article:modified_time\" content=\"2020-03-07T15:49:40+00:00\" \/>\n<meta property=\"og:image\" content=\"http:\/\/www.carideal.com\/blog\/wp-content\/uploads\/2011\/07\/volkswagen-coccinelle-recif-300x196.jpg\" \/>\n<meta name=\"author\" content=\"N.S Carideal\" \/>\n<meta name=\"twitter:card\" content=\"summary_large_image\" \/>\n<meta name=\"twitter:creator\" content=\"@caridealauto\" \/>\n<meta name=\"twitter:site\" content=\"@caridealauto\" \/>\n<meta name=\"twitter:label1\" content=\"\u00c9crit par\" \/>\n\t<meta name=\"twitter:data1\" content=\"N.S Carideal\" \/>\n\t<meta name=\"twitter:label2\" content=\"Dur\u00e9e de lecture estim\u00e9e\" \/>\n\t<meta name=\"twitter:data2\" content=\"2 minutes\" \/>\n<script type=\"application\/ld+json\" class=\"yoast-schema-graph\">{\"@context\":\"https:\/\/schema.org\",\"@graph\":[{\"@type\":\"Article\",\"@id\":\"https:\/\/www.carideal.com\/blog\/2011\/07\/09\/une-vw-coccinnelle-immergee-comme-recif-a-cancun\/#article\",\"isPartOf\":{\"@id\":\"https:\/\/www.carideal.com\/blog\/2011\/07\/09\/une-vw-coccinnelle-immergee-comme-recif-a-cancun\/\"},\"author\":{\"name\":\"N.S Carideal\",\"@id\":\"https:\/\/www.carideal.com\/blog\/#\/schema\/person\/985c7e757d1042d647f21bfaf8d41ebc\"},\"headline\":\"Un recif Volkswagen Coccinelle immergee\",\"datePublished\":\"2011-07-09T09:33:00+00:00\",\"dateModified\":\"2020-03-07T15:49:40+00:00\",\"mainEntityOfPage\":{\"@id\":\"https:\/\/www.carideal.com\/blog\/2011\/07\/09\/une-vw-coccinnelle-immergee-comme-recif-a-cancun\/\"},\"wordCount\":502,\"commentCount\":0,\"publisher\":{\"@id\":\"https:\/\/www.carideal.com\/blog\/#organization\"},\"image\":{\"@id\":\"https:\/\/www.carideal.com\/blog\/2011\/07\/09\/une-vw-coccinnelle-immergee-comme-recif-a-cancun\/#primaryimage\"},\"thumbnailUrl\":\"http:\/\/www.carideal.com\/blog\/wp-content\/uploads\/2011\/07\/volkswagen-coccinelle-recif-300x196.jpg\",\"articleSection\":[\"Actualit\u00e9 Constructeur automobile\",\"Divers\",\"Fun\",\"Vid\u00e9o voiture : vid\u00e9o automobile\"],\"inLanguage\":\"fr-FR\",\"potentialAction\":[{\"@type\":\"CommentAction\",\"name\":\"Comment\",\"target\":[\"https:\/\/www.carideal.com\/blog\/2011\/07\/09\/une-vw-coccinnelle-immergee-comme-recif-a-cancun\/#respond\"]}]},{\"@type\":\"WebPage\",\"@id\":\"https:\/\/www.carideal.com\/blog\/2011\/07\/09\/une-vw-coccinnelle-immergee-comme-recif-a-cancun\/\",\"url\":\"https:\/\/www.carideal.com\/blog\/2011\/07\/09\/une-vw-coccinnelle-immergee-comme-recif-a-cancun\/\",\"name\":\"Un recif Volkswagen Coccinelle immergee - Blog auto Carid\u00e9al\",\"isPartOf\":{\"@id\":\"https:\/\/www.carideal.com\/blog\/#website\"},\"primaryImageOfPage\":{\"@id\":\"https:\/\/www.carideal.com\/blog\/2011\/07\/09\/une-vw-coccinnelle-immergee-comme-recif-a-cancun\/#primaryimage\"},\"image\":{\"@id\":\"https:\/\/www.carideal.com\/blog\/2011\/07\/09\/une-vw-coccinnelle-immergee-comme-recif-a-cancun\/#primaryimage\"},\"thumbnailUrl\":\"http:\/\/www.carideal.com\/blog\/wp-content\/uploads\/2011\/07\/volkswagen-coccinelle-recif-300x196.jpg\",\"datePublished\":\"2011-07-09T09:33:00+00:00\",\"dateModified\":\"2020-03-07T15:49:40+00:00\",\"description\":\"Un Recif Volkswagen Coccinelle immerg\u00e9e comme recif a cancun. Jason de Caires taylor's est un sculpteur qui immerge ses oeuvres.\",\"breadcrumb\":{\"@id\":\"https:\/\/www.carideal.com\/blog\/2011\/07\/09\/une-vw-coccinnelle-immergee-comme-recif-a-cancun\/#breadcrumb\"},\"inLanguage\":\"fr-FR\",\"potentialAction\":[{\"@type\":\"ReadAction\",\"target\":[\"https:\/\/www.carideal.com\/blog\/2011\/07\/09\/une-vw-coccinnelle-immergee-comme-recif-a-cancun\/\"]}]},{\"@type\":\"ImageObject\",\"inLanguage\":\"fr-FR\",\"@id\":\"https:\/\/www.carideal.com\/blog\/2011\/07\/09\/une-vw-coccinnelle-immergee-comme-recif-a-cancun\/#primaryimage\",\"url\":\"http:\/\/www.carideal.com\/blog\/wp-content\/uploads\/2011\/07\/volkswagen-coccinelle-recif-300x196.jpg\",\"contentUrl\":\"http:\/\/www.carideal.com\/blog\/wp-content\/uploads\/2011\/07\/volkswagen-coccinelle-recif-300x196.jpg\"},{\"@type\":\"BreadcrumbList\",\"@id\":\"https:\/\/www.carideal.com\/blog\/2011\/07\/09\/une-vw-coccinnelle-immergee-comme-recif-a-cancun\/#breadcrumb\",\"itemListElement\":[{\"@type\":\"ListItem\",\"position\":1,\"name\":\"Blog Carid\u00e9al\",\"item\":\"https:\/\/www.carideal.com\/blog\/\"},{\"@type\":\"ListItem\",\"position\":2,\"name\":\"Divers\",\"item\":\"https:\/\/www.carideal.com\/blog\/divers\/\"},{\"@type\":\"ListItem\",\"position\":3,\"name\":\"Un recif Volkswagen Coccinelle immergee\"}]},{\"@type\":\"WebSite\",\"@id\":\"https:\/\/www.carideal.com\/blog\/#website\",\"url\":\"https:\/\/www.carideal.com\/blog\/\",\"name\":\"Blog auto Carid\u00e9al\",\"description\":\"Actualit\u00e9 auto par des passionn\u00e9s\",\"publisher\":{\"@id\":\"https:\/\/www.carideal.com\/blog\/#organization\"},\"potentialAction\":[{\"@type\":\"SearchAction\",\"target\":{\"@type\":\"EntryPoint\",\"urlTemplate\":\"https:\/\/www.carideal.com\/blog\/?s={search_term_string}\"},\"query-input\":{\"@type\":\"PropertyValueSpecification\",\"valueRequired\":true,\"valueName\":\"search_term_string\"}}],\"inLanguage\":\"fr-FR\"},{\"@type\":\"Organization\",\"@id\":\"https:\/\/www.carideal.com\/blog\/#organization\",\"name\":\"Carideal\",\"url\":\"https:\/\/www.carideal.com\/blog\/\",\"logo\":{\"@type\":\"ImageObject\",\"inLanguage\":\"fr-FR\",\"@id\":\"https:\/\/www.carideal.com\/blog\/#\/schema\/logo\/image\/\",\"url\":\"http:\/\/www.carideal.com\/blog\/wp-content\/uploads\/2016\/03\/logo-carideal-mandataire-automobile.png\",\"contentUrl\":\"http:\/\/www.carideal.com\/blog\/wp-content\/uploads\/2016\/03\/logo-carideal-mandataire-automobile.png\",\"width\":300,\"height\":300,\"caption\":\"Carideal\"},\"image\":{\"@id\":\"https:\/\/www.carideal.com\/blog\/#\/schema\/logo\/image\/\"},\"sameAs\":[\"https:\/\/www.facebook.com\/Carideal.mandataire.automobile\",\"https:\/\/x.com\/caridealauto\",\"https:\/\/www.instagram.com\/carideal1\/\",\"https:\/\/www.linkedin.com\/company\/carideal.com\",\"https:\/\/fr.pinterest.com\/schiavonsas\/\",\"https:\/\/www.youtube.com\/user\/caridealsas\"]},{\"@type\":\"Person\",\"@id\":\"https:\/\/www.carideal.com\/blog\/#\/schema\/person\/985c7e757d1042d647f21bfaf8d41ebc\",\"name\":\"N.S Carideal\",\"image\":{\"@type\":\"ImageObject\",\"inLanguage\":\"fr-FR\",\"@id\":\"https:\/\/www.carideal.com\/blog\/#\/schema\/person\/image\/\",\"url\":\"https:\/\/secure.gravatar.com\/avatar\/edb7ccdf1a4e3d14aef967760d354d0e?s=96&r=g\",\"contentUrl\":\"https:\/\/secure.gravatar.com\/avatar\/edb7ccdf1a4e3d14aef967760d354d0e?s=96&r=g\",\"caption\":\"N.S Carideal\"},\"description\":\"Depuis tout petit fan d'automobile. Il est question d'essayer et de comparer toutes ces voitures qui nous ont fait r\u00e9ver, avant que celles-ci ne devient uniquement des voitures de collection.\",\"sameAs\":[\"http:\/\/www.carideal.com\/blog\",\"https:\/\/www.facebook.com\/Carideal.mandataire.automobile\/\",\"https:\/\/www.linkedin.com\/in\/nschiavon\/\",\"https:\/\/www.youtube.com\/user\/caridealsas\/\"],\"url\":\"https:\/\/www.carideal.com\/blog\/author\/admin_carideal\/\"}]}<\/script>\n<!-- \/ Yoast SEO plugin. -->","yoast_head_json":{"title":"Un recif Volkswagen Coccinelle immergee - Blog auto Carid\u00e9al","description":"Un Recif Volkswagen Coccinelle immerg\u00e9e comme recif a cancun. Jason de Caires taylor's est un sculpteur qui immerge ses oeuvres.","robots":{"index":"index","follow":"follow","max-snippet":"max-snippet:-1","max-image-preview":"max-image-preview:large","max-video-preview":"max-video-preview:-1"},"canonical":"https:\/\/www.carideal.com\/blog\/2011\/07\/09\/une-vw-coccinnelle-immergee-comme-recif-a-cancun\/","og_locale":"fr_FR","og_type":"article","og_title":"Un recif Volkswagen Coccinelle immergee - Blog auto Carid\u00e9al","og_description":"Un Recif Volkswagen Coccinelle immerg\u00e9e comme recif a cancun. Jason de Caires taylor's est un sculpteur qui immerge ses oeuvres.","og_url":"https:\/\/www.carideal.com\/blog\/2011\/07\/09\/une-vw-coccinnelle-immergee-comme-recif-a-cancun\/","og_site_name":"Blog auto Carid\u00e9al","article_publisher":"https:\/\/www.facebook.com\/Carideal.mandataire.automobile","article_author":"https:\/\/www.facebook.com\/Carideal.mandataire.automobile\/","article_published_time":"2011-07-09T09:33:00+00:00","article_modified_time":"2020-03-07T15:49:40+00:00","og_image":[{"url":"http:\/\/www.carideal.com\/blog\/wp-content\/uploads\/2011\/07\/volkswagen-coccinelle-recif-300x196.jpg","type":"","width":"","height":""}],"author":"N.S Carideal","twitter_card":"summary_large_image","twitter_creator":"@caridealauto","twitter_site":"@caridealauto","twitter_misc":{"\u00c9crit par":"N.S Carideal","Dur\u00e9e de lecture estim\u00e9e":"2 minutes"},"schema":{"@context":"https:\/\/schema.org","@graph":[{"@type":"Article","@id":"https:\/\/www.carideal.com\/blog\/2011\/07\/09\/une-vw-coccinnelle-immergee-comme-recif-a-cancun\/#article","isPartOf":{"@id":"https:\/\/www.carideal.com\/blog\/2011\/07\/09\/une-vw-coccinnelle-immergee-comme-recif-a-cancun\/"},"author":{"name":"N.S Carideal","@id":"https:\/\/www.carideal.com\/blog\/#\/schema\/person\/985c7e757d1042d647f21bfaf8d41ebc"},"headline":"Un recif Volkswagen Coccinelle immergee","datePublished":"2011-07-09T09:33:00+00:00","dateModified":"2020-03-07T15:49:40+00:00","mainEntityOfPage":{"@id":"https:\/\/www.carideal.com\/blog\/2011\/07\/09\/une-vw-coccinnelle-immergee-comme-recif-a-cancun\/"},"wordCount":502,"commentCount":0,"publisher":{"@id":"https:\/\/www.carideal.com\/blog\/#organization"},"image":{"@id":"https:\/\/www.carideal.com\/blog\/2011\/07\/09\/une-vw-coccinnelle-immergee-comme-recif-a-cancun\/#primaryimage"},"thumbnailUrl":"http:\/\/www.carideal.com\/blog\/wp-content\/uploads\/2011\/07\/volkswagen-coccinelle-recif-300x196.jpg","articleSection":["Actualit\u00e9 Constructeur automobile","Divers","Fun","Vid\u00e9o voiture : vid\u00e9o automobile"],"inLanguage":"fr-FR","potentialAction":[{"@type":"CommentAction","name":"Comment","target":["https:\/\/www.carideal.com\/blog\/2011\/07\/09\/une-vw-coccinnelle-immergee-comme-recif-a-cancun\/#respond"]}]},{"@type":"WebPage","@id":"https:\/\/www.carideal.com\/blog\/2011\/07\/09\/une-vw-coccinnelle-immergee-comme-recif-a-cancun\/","url":"https:\/\/www.carideal.com\/blog\/2011\/07\/09\/une-vw-coccinnelle-immergee-comme-recif-a-cancun\/","name":"Un recif Volkswagen Coccinelle immergee - Blog auto Carid\u00e9al","isPartOf":{"@id":"https:\/\/www.carideal.com\/blog\/#website"},"primaryImageOfPage":{"@id":"https:\/\/www.carideal.com\/blog\/2011\/07\/09\/une-vw-coccinnelle-immergee-comme-recif-a-cancun\/#primaryimage"},"image":{"@id":"https:\/\/www.carideal.com\/blog\/2011\/07\/09\/une-vw-coccinnelle-immergee-comme-recif-a-cancun\/#primaryimage"},"thumbnailUrl":"http:\/\/www.carideal.com\/blog\/wp-content\/uploads\/2011\/07\/volkswagen-coccinelle-recif-300x196.jpg","datePublished":"2011-07-09T09:33:00+00:00","dateModified":"2020-03-07T15:49:40+00:00","description":"Un Recif Volkswagen Coccinelle immerg\u00e9e comme recif a cancun. Jason de Caires taylor's est un sculpteur qui immerge ses oeuvres.","breadcrumb":{"@id":"https:\/\/www.carideal.com\/blog\/2011\/07\/09\/une-vw-coccinnelle-immergee-comme-recif-a-cancun\/#breadcrumb"},"inLanguage":"fr-FR","potentialAction":[{"@type":"ReadAction","target":["https:\/\/www.carideal.com\/blog\/2011\/07\/09\/une-vw-coccinnelle-immergee-comme-recif-a-cancun\/"]}]},{"@type":"ImageObject","inLanguage":"fr-FR","@id":"https:\/\/www.carideal.com\/blog\/2011\/07\/09\/une-vw-coccinnelle-immergee-comme-recif-a-cancun\/#primaryimage","url":"http:\/\/www.carideal.com\/blog\/wp-content\/uploads\/2011\/07\/volkswagen-coccinelle-recif-300x196.jpg","contentUrl":"http:\/\/www.carideal.com\/blog\/wp-content\/uploads\/2011\/07\/volkswagen-coccinelle-recif-300x196.jpg"},{"@type":"BreadcrumbList","@id":"https:\/\/www.carideal.com\/blog\/2011\/07\/09\/une-vw-coccinnelle-immergee-comme-recif-a-cancun\/#breadcrumb","itemListElement":[{"@type":"ListItem","position":1,"name":"Blog Carid\u00e9al","item":"https:\/\/www.carideal.com\/blog\/"},{"@type":"ListItem","position":2,"name":"Divers","item":"https:\/\/www.carideal.com\/blog\/divers\/"},{"@type":"ListItem","position":3,"name":"Un recif Volkswagen Coccinelle immergee"}]},{"@type":"WebSite","@id":"https:\/\/www.carideal.com\/blog\/#website","url":"https:\/\/www.carideal.com\/blog\/","name":"Blog auto Carid\u00e9al","description":"Actualit\u00e9 auto par des passionn\u00e9s","publisher":{"@id":"https:\/\/www.carideal.com\/blog\/#organization"},"potentialAction":[{"@type":"SearchAction","target":{"@type":"EntryPoint","urlTemplate":"https:\/\/www.carideal.com\/blog\/?s={search_term_string}"},"query-input":{"@type":"PropertyValueSpecification","valueRequired":true,"valueName":"search_term_string"}}],"inLanguage":"fr-FR"},{"@type":"Organization","@id":"https:\/\/www.carideal.com\/blog\/#organization","name":"Carideal","url":"https:\/\/www.carideal.com\/blog\/","logo":{"@type":"ImageObject","inLanguage":"fr-FR","@id":"https:\/\/www.carideal.com\/blog\/#\/schema\/logo\/image\/","url":"http:\/\/www.carideal.com\/blog\/wp-content\/uploads\/2016\/03\/logo-carideal-mandataire-automobile.png","contentUrl":"http:\/\/www.carideal.com\/blog\/wp-content\/uploads\/2016\/03\/logo-carideal-mandataire-automobile.png","width":300,"height":300,"caption":"Carideal"},"image":{"@id":"https:\/\/www.carideal.com\/blog\/#\/schema\/logo\/image\/"},"sameAs":["https:\/\/www.facebook.com\/Carideal.mandataire.automobile","https:\/\/x.com\/caridealauto","https:\/\/www.instagram.com\/carideal1\/","https:\/\/www.linkedin.com\/company\/carideal.com","https:\/\/fr.pinterest.com\/schiavonsas\/","https:\/\/www.youtube.com\/user\/caridealsas"]},{"@type":"Person","@id":"https:\/\/www.carideal.com\/blog\/#\/schema\/person\/985c7e757d1042d647f21bfaf8d41ebc","name":"N.S Carideal","image":{"@type":"ImageObject","inLanguage":"fr-FR","@id":"https:\/\/www.carideal.com\/blog\/#\/schema\/person\/image\/","url":"https:\/\/secure.gravatar.com\/avatar\/edb7ccdf1a4e3d14aef967760d354d0e?s=96&r=g","contentUrl":"https:\/\/secure.gravatar.com\/avatar\/edb7ccdf1a4e3d14aef967760d354d0e?s=96&r=g","caption":"N.S Carideal"},"description":"Depuis tout petit fan d'automobile. Il est question d'essayer et de comparer toutes ces voitures qui nous ont fait r\u00e9ver, avant que celles-ci ne devient uniquement des voitures de collection.","sameAs":["http:\/\/www.carideal.com\/blog","https:\/\/www.facebook.com\/Carideal.mandataire.automobile\/","https:\/\/www.linkedin.com\/in\/nschiavon\/","https:\/\/www.youtube.com\/user\/caridealsas\/"],"url":"https:\/\/www.carideal.com\/blog\/author\/admin_carideal\/"}]}},"uagb_featured_image_src":{"full":false,"thumbnail":false,"medium":false,"medium_large":false,"large":false,"1536x1536":false,"2048x2048":false,"wppr-widget":false},"uagb_author_info":{"display_name":"N.S Carideal","author_link":"https:\/\/www.carideal.com\/blog\/author\/admin_carideal\/"},"uagb_comment_info":0,"uagb_excerpt":"Un Recif Volkswagen Coccinelle immerg\u00e9e \u00e0 Cancun Jason de Caires taylor's est un sculpteur qui immerge ses oeuvres, dont ce r\u00e9cif de Volkswagen Coccinelle. Son travail met en avant un proc\u00e9d\u00e9 un proc\u00e9d\u00e9 \u00e9cologique avantgardiste et pointe la relation qui peut y avoir entre l'art et l'environnement. Ses oeuvres deviennent des r\u00e9cifs artificiels, prot\u00e9geant et\u2026","_links":{"self":[{"href":"https:\/\/www.carideal.com\/blog\/wp-json\/wp\/v2\/posts\/475"}],"collection":[{"href":"https:\/\/www.carideal.com\/blog\/wp-json\/wp\/v2\/posts"}],"about":[{"href":"https:\/\/www.carideal.com\/blog\/wp-json\/wp\/v2\/types\/post"}],"author":[{"embeddable":true,"href":"https:\/\/www.carideal.com\/blog\/wp-json\/wp\/v2\/users\/1"}],"replies":[{"embeddable":true,"href":"https:\/\/www.carideal.com\/blog\/wp-json\/wp\/v2\/comments?post=475"}],"version-history":[{"count":0,"href":"https:\/\/www.carideal.com\/blog\/wp-json\/wp\/v2\/posts\/475\/revisions"}],"wp:attachment":[{"href":"https:\/\/www.carideal.com\/blog\/wp-json\/wp\/v2\/media?parent=475"}],"wp:term":[{"taxonomy":"category","embeddable":true,"href":"https:\/\/www.carideal.com\/blog\/wp-json\/wp\/v2\/categories?post=475"},{"taxonomy":"post_tag","embeddable":true,"href":"https:\/\/www.carideal.com\/blog\/wp-json\/wp\/v2\/tags?post=475"}],"curies":[{"name":"wp","href":"https:\/\/api.w.org\/{rel}","templated":true}]}}