{"id":4745,"date":"2009-01-11T23:00:00","date_gmt":"2009-01-11T23:00:00","guid":{"rendered":"http:\/\/www.carideal.com\/blog\/2009\/01\/11\/chrysler-voyager-d-occasion\/"},"modified":"2016-11-02T11:54:43","modified_gmt":"2016-11-02T10:54:43","slug":"chrysler-voyager-d-occasion","status":"publish","type":"post","link":"https:\/\/www.carideal.com\/blog\/2009\/01\/11\/chrysler-voyager-d-occasion\/","title":{"rendered":"Chrysler Voyager occasion Essais pr\u00e9sentation"},"content":{"rendered":"<div>\n<figure style=\"width: 95px\" class=\"wp-caption alignnone\"><img loading=\"lazy\" decoding=\"async\" title=\"Chrysler Voyager Occasion\" src=\"http:\/\/www.carideal.com\/images_actualite\/chryslergrandvoyagercarideal-1231744796.jpg\" alt=\"Chrysler Voyager Occasion\" width=\"105\" height=\"70\" \/><figcaption class=\"wp-caption-text\">Chrysler Voyager Occasion<\/figcaption><\/figure>\n<h1><strong>Chrysler Voyager occasion Essais et pr\u00e9sentation<\/strong><\/h1>\n<\/div>\n<p style=\"margin-bottom: 0cm;\">Affubl\u00e9 d'une direction floue et de suspension souples, Le Chrysler Voyager d'occasion, monospace n\u00e9 au pays des interminables lignes droites n'appr\u00e9cie que moyennement les routes sinueuses et exigeantes du vieux continent. Pataud dans son comportement, il reste pourtant sain et pr\u00e9visible en toutes circonstances. De toute mani\u00e8re, ses motorisations, avec leur temp\u00e9rament placide, ne risquent pas de mettre son ch\u00e2ssis en p\u00e9ril. Le bloc \u00e0 essence 2.4 est des plus paisibles, le gros V6 3.3 pr\u00e9f\u00e8re le cruising et les moteurs diesels 2.5 et 2.8 CRD, en l'occurence les plus pris\u00e9s, ne sont gu\u00e8res violents. Le premier se caract\u00e9rise par un certain creux \u00e0 bas r\u00e9gime, et le second par sa boite automatique un peu vieillotte.<\/p>\n<p style=\"margin-bottom: 0cm;\">Le Voyager et le grand Voyager, plus long de 29 centim\u00e8tres poss\u00e8de un habitacle lumineux et chaleureux. L'\u00e9quipement est complet et l'espace int\u00e9rieur ne manque pas. Sur les mod\u00e8les d'avant 2004, priv\u00e9 du syst\u00e8me Stow'n GO, la modularit\u00e9 n'atteint pas les standards les plus r\u00e9cents. Les si\u00e8ges, de cinq \u00e0 sept sont ind\u00e9pendants, amovibles et tr\u00e8s lourds. A partir de novembre 2004, le grand Voyager a toutefois h\u00e9rit\u00e9 de l'ing\u00e9nieux syst\u00e8me Stow'n GO. Ce dispositif permet de replier les si\u00e8ges dans le plancher lorsqu'ils sont inutilis\u00e9s. Pour de fr\u00e9quentes manipulations, mieux vaut privil\u00e9gier cette version. A l'achat, Si le Voyager d'occasion s'av\u00e8re astucieux sur le plan des aspects pratiques, climatisation puissante, porti\u00e8res coulissantes, il souffre cependant de d\u00e9fauts de conception qui peuvent agacer \u00e0 l'usage, tels que ses vitres arri\u00e8res fixes, les vitres de custode pouvant s'entreb\u00e2iller.<\/p>\n<p style=\"margin-bottom: 0cm;\">Quoique sup\u00e9rieure aux standards am\u00e9ricains, la finition demeure en retrait, avec des mat\u00e9riaux d'apparence moyenne et des assemblages parfois imparfaits. Mais la m\u00e9canique ne r\u00e9serve pas de mauvaise surprise. Les moteurs \u00e0 essence se sont av\u00e9r\u00e9s d'une grande fiabilit\u00e9, et les probl\u00e8mes rencontr\u00e9s par les 2.5 CRD sont mineurs. Les mod\u00e8les fabriqu\u00e9s en 2001 peuvent ainsi avoir leur t\u00e9moin d'anomalie moteur s'allumer. En cause, un d\u00e9faut du r\u00e9gulateur de pression. Tous les 2.5 CRD manquent par ailleurs de puissance au d\u00e9marrage, un probl\u00e8me en partie r\u00e9solu par l'adoption, d\u00e9but 2002, d'un nouveau turbo et d'un pignon de premi\u00e8re plus gros. Enfin, les capteurs d'ABS ont pu causer quelques soucis, d\u00e9faillance \u00e0 l'arri\u00e8re sur les mod\u00e8les de 2001 et \u00e0 l'arri\u00e8re droit sur les mod\u00e8les de 2002 et 2003. Le Chrysler Voyager est sortie en mars 2001 et a \u00e9t\u00e9 restyl\u00e9 en avril 2004. Il y en a 12250 en circulation.<\/p>\n","protected":false},"excerpt":{"rendered":"<p>Chrysler Voyager occasion Essais et pr\u00e9sentation Affubl\u00e9 d&rsquo;une direction floue et de suspension souples, Le Chrysler Voyager d&rsquo;occasion, monospace n\u00e9 au pays des interminables lignes droites n&rsquo;appr\u00e9cie que moyennement les routes sinueuses et exigeantes du vieux continent. Pataud dans son comportement, il reste pourtant sain et pr\u00e9visible en toutes circonstances. De toute mani\u00e8re, ses motorisations, &#8230; <a title=\"Chrysler Voyager occasion Essais pr\u00e9sentation\" class=\"read-more\" href=\"https:\/\/www.carideal.com\/blog\/2009\/01\/11\/chrysler-voyager-d-occasion\/\" aria-label=\"En savoir plus sur Chrysler Voyager occasion Essais pr\u00e9sentation\">Lire plus<\/a><\/p>\n","protected":false},"author":3,"featured_media":0,"comment_status":"open","ping_status":"open","sticky":false,"template":"","format":"standard","meta":{"_uag_custom_page_level_css":"","_themeisle_gutenberg_block_has_review":false,"footnotes":""},"categories":[21,5969,5944,6154,6025,5947,6023,5974],"tags":[],"class_list":["post-4745","post","type-post","status-publish","format-standard","hentry","category-actualites-auto","category-chrysler","category-constructeur","category-essai-chrysler","category-occasion-type-de-vehicule-type-de-vehicule","category-essai","category-monospace","category-type-de-vehicule"],"wppr_data":[],"yoast_head":"<!-- This site is optimized with the Yoast SEO plugin v24.8.1 - https:\/\/yoast.com\/wordpress\/plugins\/seo\/ -->\n<title>Chrysler Voyager occasion Essais pr\u00e9sentation - Blog auto Carid\u00e9al<\/title>\n<meta name=\"description\" content=\"Affubl\u00e9 d&#039;une direction floue et de suspension souples, Le Chrysler Voyager d&#039;occasion, monospace n&#039;appr\u00e9cie pas les routes sinueuses\" \/>\n<meta name=\"robots\" content=\"index, follow, max-snippet:-1, max-image-preview:large, max-video-preview:-1\" \/>\n<link rel=\"canonical\" href=\"https:\/\/www.carideal.com\/blog\/2009\/01\/11\/chrysler-voyager-d-occasion\/\" \/>\n<meta property=\"og:locale\" content=\"fr_FR\" \/>\n<meta property=\"og:type\" content=\"article\" \/>\n<meta property=\"og:title\" content=\"Chrysler Voyager occasion Essais pr\u00e9sentation - Blog auto Carid\u00e9al\" \/>\n<meta property=\"og:description\" content=\"Affubl\u00e9 d&#039;une direction floue et de suspension souples, Le Chrysler Voyager d&#039;occasion, monospace n&#039;appr\u00e9cie pas les routes sinueuses\" \/>\n<meta property=\"og:url\" content=\"https:\/\/www.carideal.com\/blog\/2009\/01\/11\/chrysler-voyager-d-occasion\/\" \/>\n<meta property=\"og:site_name\" content=\"Blog auto Carid\u00e9al\" \/>\n<meta property=\"article:publisher\" content=\"https:\/\/www.facebook.com\/Carideal.mandataire.automobile\" \/>\n<meta property=\"article:author\" content=\"https:\/\/www.facebook.com\/nicolas.schiavon.39\" \/>\n<meta property=\"article:published_time\" content=\"2009-01-11T23:00:00+00:00\" \/>\n<meta property=\"article:modified_time\" content=\"2016-11-02T10:54:43+00:00\" \/>\n<meta property=\"og:image\" content=\"http:\/\/www.carideal.com\/images_actualite\/chryslergrandvoyagercarideal-1231744796.jpg\" \/>\n<meta name=\"author\" content=\"Nicolas SCHIAVON\" \/>\n<meta name=\"twitter:card\" content=\"summary_large_image\" \/>\n<meta name=\"twitter:creator\" content=\"@caridealauto\" \/>\n<meta name=\"twitter:site\" content=\"@caridealauto\" \/>\n<meta name=\"twitter:label1\" content=\"\u00c9crit par\" \/>\n\t<meta name=\"twitter:data1\" content=\"Nicolas SCHIAVON\" \/>\n\t<meta name=\"twitter:label2\" content=\"Dur\u00e9e de lecture estim\u00e9e\" \/>\n\t<meta name=\"twitter:data2\" content=\"2 minutes\" \/>\n<script type=\"application\/ld+json\" class=\"yoast-schema-graph\">{\"@context\":\"https:\/\/schema.org\",\"@graph\":[{\"@type\":\"Article\",\"@id\":\"https:\/\/www.carideal.com\/blog\/2009\/01\/11\/chrysler-voyager-d-occasion\/#article\",\"isPartOf\":{\"@id\":\"https:\/\/www.carideal.com\/blog\/2009\/01\/11\/chrysler-voyager-d-occasion\/\"},\"author\":{\"name\":\"Nicolas SCHIAVON\",\"@id\":\"https:\/\/www.carideal.com\/blog\/#\/schema\/person\/cd95dc7919660de90d31b366f85be1ec\"},\"headline\":\"Chrysler Voyager occasion Essais pr\u00e9sentation\",\"datePublished\":\"2009-01-11T23:00:00+00:00\",\"dateModified\":\"2016-11-02T10:54:43+00:00\",\"mainEntityOfPage\":{\"@id\":\"https:\/\/www.carideal.com\/blog\/2009\/01\/11\/chrysler-voyager-d-occasion\/\"},\"wordCount\":459,\"commentCount\":0,\"publisher\":{\"@id\":\"https:\/\/www.carideal.com\/blog\/#organization\"},\"image\":{\"@id\":\"https:\/\/www.carideal.com\/blog\/2009\/01\/11\/chrysler-voyager-d-occasion\/#primaryimage\"},\"thumbnailUrl\":\"http:\/\/www.carideal.com\/images_actualite\/chryslergrandvoyagercarideal-1231744796.jpg\",\"articleSection\":[\"Actualit\u00e9 automobile\",\"Actualit\u00e9 Chrysler\",\"Actualit\u00e9 Constructeur automobile\",\"Essai Chrysler Test auto\",\"Essai Voiture Occasion\",\"Essais automobile\",\"Monospace\",\"Type de v\u00e9hicule\"],\"inLanguage\":\"fr-FR\",\"potentialAction\":[{\"@type\":\"CommentAction\",\"name\":\"Comment\",\"target\":[\"https:\/\/www.carideal.com\/blog\/2009\/01\/11\/chrysler-voyager-d-occasion\/#respond\"]}]},{\"@type\":\"WebPage\",\"@id\":\"https:\/\/www.carideal.com\/blog\/2009\/01\/11\/chrysler-voyager-d-occasion\/\",\"url\":\"https:\/\/www.carideal.com\/blog\/2009\/01\/11\/chrysler-voyager-d-occasion\/\",\"name\":\"Chrysler Voyager occasion Essais pr\u00e9sentation - Blog auto Carid\u00e9al\",\"isPartOf\":{\"@id\":\"https:\/\/www.carideal.com\/blog\/#website\"},\"primaryImageOfPage\":{\"@id\":\"https:\/\/www.carideal.com\/blog\/2009\/01\/11\/chrysler-voyager-d-occasion\/#primaryimage\"},\"image\":{\"@id\":\"https:\/\/www.carideal.com\/blog\/2009\/01\/11\/chrysler-voyager-d-occasion\/#primaryimage\"},\"thumbnailUrl\":\"http:\/\/www.carideal.com\/images_actualite\/chryslergrandvoyagercarideal-1231744796.jpg\",\"datePublished\":\"2009-01-11T23:00:00+00:00\",\"dateModified\":\"2016-11-02T10:54:43+00:00\",\"description\":\"Affubl\u00e9 d'une direction floue et de suspension souples, Le Chrysler Voyager d'occasion, monospace n'appr\u00e9cie pas les routes sinueuses\",\"breadcrumb\":{\"@id\":\"https:\/\/www.carideal.com\/blog\/2009\/01\/11\/chrysler-voyager-d-occasion\/#breadcrumb\"},\"inLanguage\":\"fr-FR\",\"potentialAction\":[{\"@type\":\"ReadAction\",\"target\":[\"https:\/\/www.carideal.com\/blog\/2009\/01\/11\/chrysler-voyager-d-occasion\/\"]}]},{\"@type\":\"ImageObject\",\"inLanguage\":\"fr-FR\",\"@id\":\"https:\/\/www.carideal.com\/blog\/2009\/01\/11\/chrysler-voyager-d-occasion\/#primaryimage\",\"url\":\"http:\/\/www.carideal.com\/images_actualite\/chryslergrandvoyagercarideal-1231744796.jpg\",\"contentUrl\":\"http:\/\/www.carideal.com\/images_actualite\/chryslergrandvoyagercarideal-1231744796.jpg\"},{\"@type\":\"BreadcrumbList\",\"@id\":\"https:\/\/www.carideal.com\/blog\/2009\/01\/11\/chrysler-voyager-d-occasion\/#breadcrumb\",\"itemListElement\":[{\"@type\":\"ListItem\",\"position\":1,\"name\":\"Blog Carid\u00e9al\",\"item\":\"https:\/\/www.carideal.com\/blog\/\"},{\"@type\":\"ListItem\",\"position\":2,\"name\":\"Actualit\u00e9 automobile\",\"item\":\"https:\/\/www.carideal.com\/blog\/actualites-auto\/\"},{\"@type\":\"ListItem\",\"position\":3,\"name\":\"Chrysler Voyager occasion Essais pr\u00e9sentation\"}]},{\"@type\":\"WebSite\",\"@id\":\"https:\/\/www.carideal.com\/blog\/#website\",\"url\":\"https:\/\/www.carideal.com\/blog\/\",\"name\":\"Blog auto Carid\u00e9al\",\"description\":\"Actualit\u00e9 auto par des passionn\u00e9s\",\"publisher\":{\"@id\":\"https:\/\/www.carideal.com\/blog\/#organization\"},\"potentialAction\":[{\"@type\":\"SearchAction\",\"target\":{\"@type\":\"EntryPoint\",\"urlTemplate\":\"https:\/\/www.carideal.com\/blog\/?s={search_term_string}\"},\"query-input\":{\"@type\":\"PropertyValueSpecification\",\"valueRequired\":true,\"valueName\":\"search_term_string\"}}],\"inLanguage\":\"fr-FR\"},{\"@type\":\"Organization\",\"@id\":\"https:\/\/www.carideal.com\/blog\/#organization\",\"name\":\"Carideal\",\"url\":\"https:\/\/www.carideal.com\/blog\/\",\"logo\":{\"@type\":\"ImageObject\",\"inLanguage\":\"fr-FR\",\"@id\":\"https:\/\/www.carideal.com\/blog\/#\/schema\/logo\/image\/\",\"url\":\"http:\/\/www.carideal.com\/blog\/wp-content\/uploads\/2016\/03\/logo-carideal-mandataire-automobile.png\",\"contentUrl\":\"http:\/\/www.carideal.com\/blog\/wp-content\/uploads\/2016\/03\/logo-carideal-mandataire-automobile.png\",\"width\":300,\"height\":300,\"caption\":\"Carideal\"},\"image\":{\"@id\":\"https:\/\/www.carideal.com\/blog\/#\/schema\/logo\/image\/\"},\"sameAs\":[\"https:\/\/www.facebook.com\/Carideal.mandataire.automobile\",\"https:\/\/x.com\/caridealauto\",\"https:\/\/www.instagram.com\/carideal1\/\",\"https:\/\/www.linkedin.com\/company\/carideal.com\",\"https:\/\/fr.pinterest.com\/schiavonsas\/\",\"https:\/\/www.youtube.com\/user\/caridealsas\"]},{\"@type\":\"Person\",\"@id\":\"https:\/\/www.carideal.com\/blog\/#\/schema\/person\/cd95dc7919660de90d31b366f85be1ec\",\"name\":\"Nicolas SCHIAVON\",\"image\":{\"@type\":\"ImageObject\",\"inLanguage\":\"fr-FR\",\"@id\":\"https:\/\/www.carideal.com\/blog\/#\/schema\/person\/image\/\",\"url\":\"https:\/\/secure.gravatar.com\/avatar\/c17e55009e671d92cc7f5dc837dc418a?s=96&r=g\",\"contentUrl\":\"https:\/\/secure.gravatar.com\/avatar\/c17e55009e671d92cc7f5dc837dc418a?s=96&r=g\",\"caption\":\"Nicolas SCHIAVON\"},\"description\":\"Nicolas Schiavon est tomb\u00e9 tout petit dans la marmite automobile. Ayant eu un garage de marque automobile, mandataire automobile de la premi\u00e8re heure d\u00e8s 1999. Nicolas a cr\u00e9\u00e9 ces premiers sites de vente de voiture et blog automobile d\u00e8s 1994. Carideal est n\u00e9 le 15 d\u00e9cembre 2000 de la volont\u00e9 de vendre des voitures d'occasions en ligne puis des voitures neuves. Il a pu essayer beaucoup de voitures tr\u00e8s diff\u00e9rentes et ayant eu personnellement quelques belles autos, Subaru Impreza, Mitsubishi Lancer Evo 7, Porsche 911, Ferrari Testarrossa, Audi RS3, RS4 et j'en passe...\",\"sameAs\":[\"http:\/\/www.carideal.com\",\"https:\/\/www.facebook.com\/nicolas.schiavon.39\",\"https:\/\/www.instagram.com\/carideal1\/\",\"https:\/\/www.linkedin.com\/in\/nschiavon\/\",\"https:\/\/x.com\/caridealauto\",\"https:\/\/www.youtube.com\/user\/caridealsas\/\"],\"url\":\"https:\/\/www.carideal.com\/blog\/author\/nschiavon\/\"}]}<\/script>\n<!-- \/ Yoast SEO plugin. -->","yoast_head_json":{"title":"Chrysler Voyager occasion Essais pr\u00e9sentation - Blog auto Carid\u00e9al","description":"Affubl\u00e9 d'une direction floue et de suspension souples, Le Chrysler Voyager d'occasion, monospace n'appr\u00e9cie pas les routes sinueuses","robots":{"index":"index","follow":"follow","max-snippet":"max-snippet:-1","max-image-preview":"max-image-preview:large","max-video-preview":"max-video-preview:-1"},"canonical":"https:\/\/www.carideal.com\/blog\/2009\/01\/11\/chrysler-voyager-d-occasion\/","og_locale":"fr_FR","og_type":"article","og_title":"Chrysler Voyager occasion Essais pr\u00e9sentation - Blog auto Carid\u00e9al","og_description":"Affubl\u00e9 d'une direction floue et de suspension souples, Le Chrysler Voyager d'occasion, monospace n'appr\u00e9cie pas les routes sinueuses","og_url":"https:\/\/www.carideal.com\/blog\/2009\/01\/11\/chrysler-voyager-d-occasion\/","og_site_name":"Blog auto Carid\u00e9al","article_publisher":"https:\/\/www.facebook.com\/Carideal.mandataire.automobile","article_author":"https:\/\/www.facebook.com\/nicolas.schiavon.39","article_published_time":"2009-01-11T23:00:00+00:00","article_modified_time":"2016-11-02T10:54:43+00:00","og_image":[{"url":"http:\/\/www.carideal.com\/images_actualite\/chryslergrandvoyagercarideal-1231744796.jpg","type":"","width":"","height":""}],"author":"Nicolas SCHIAVON","twitter_card":"summary_large_image","twitter_creator":"@caridealauto","twitter_site":"@caridealauto","twitter_misc":{"\u00c9crit par":"Nicolas SCHIAVON","Dur\u00e9e de lecture estim\u00e9e":"2 minutes"},"schema":{"@context":"https:\/\/schema.org","@graph":[{"@type":"Article","@id":"https:\/\/www.carideal.com\/blog\/2009\/01\/11\/chrysler-voyager-d-occasion\/#article","isPartOf":{"@id":"https:\/\/www.carideal.com\/blog\/2009\/01\/11\/chrysler-voyager-d-occasion\/"},"author":{"name":"Nicolas SCHIAVON","@id":"https:\/\/www.carideal.com\/blog\/#\/schema\/person\/cd95dc7919660de90d31b366f85be1ec"},"headline":"Chrysler Voyager occasion Essais pr\u00e9sentation","datePublished":"2009-01-11T23:00:00+00:00","dateModified":"2016-11-02T10:54:43+00:00","mainEntityOfPage":{"@id":"https:\/\/www.carideal.com\/blog\/2009\/01\/11\/chrysler-voyager-d-occasion\/"},"wordCount":459,"commentCount":0,"publisher":{"@id":"https:\/\/www.carideal.com\/blog\/#organization"},"image":{"@id":"https:\/\/www.carideal.com\/blog\/2009\/01\/11\/chrysler-voyager-d-occasion\/#primaryimage"},"thumbnailUrl":"http:\/\/www.carideal.com\/images_actualite\/chryslergrandvoyagercarideal-1231744796.jpg","articleSection":["Actualit\u00e9 automobile","Actualit\u00e9 Chrysler","Actualit\u00e9 Constructeur automobile","Essai Chrysler Test auto","Essai Voiture Occasion","Essais automobile","Monospace","Type de v\u00e9hicule"],"inLanguage":"fr-FR","potentialAction":[{"@type":"CommentAction","name":"Comment","target":["https:\/\/www.carideal.com\/blog\/2009\/01\/11\/chrysler-voyager-d-occasion\/#respond"]}]},{"@type":"WebPage","@id":"https:\/\/www.carideal.com\/blog\/2009\/01\/11\/chrysler-voyager-d-occasion\/","url":"https:\/\/www.carideal.com\/blog\/2009\/01\/11\/chrysler-voyager-d-occasion\/","name":"Chrysler Voyager occasion Essais pr\u00e9sentation - Blog auto Carid\u00e9al","isPartOf":{"@id":"https:\/\/www.carideal.com\/blog\/#website"},"primaryImageOfPage":{"@id":"https:\/\/www.carideal.com\/blog\/2009\/01\/11\/chrysler-voyager-d-occasion\/#primaryimage"},"image":{"@id":"https:\/\/www.carideal.com\/blog\/2009\/01\/11\/chrysler-voyager-d-occasion\/#primaryimage"},"thumbnailUrl":"http:\/\/www.carideal.com\/images_actualite\/chryslergrandvoyagercarideal-1231744796.jpg","datePublished":"2009-01-11T23:00:00+00:00","dateModified":"2016-11-02T10:54:43+00:00","description":"Affubl\u00e9 d'une direction floue et de suspension souples, Le Chrysler Voyager d'occasion, monospace n'appr\u00e9cie pas les routes sinueuses","breadcrumb":{"@id":"https:\/\/www.carideal.com\/blog\/2009\/01\/11\/chrysler-voyager-d-occasion\/#breadcrumb"},"inLanguage":"fr-FR","potentialAction":[{"@type":"ReadAction","target":["https:\/\/www.carideal.com\/blog\/2009\/01\/11\/chrysler-voyager-d-occasion\/"]}]},{"@type":"ImageObject","inLanguage":"fr-FR","@id":"https:\/\/www.carideal.com\/blog\/2009\/01\/11\/chrysler-voyager-d-occasion\/#primaryimage","url":"http:\/\/www.carideal.com\/images_actualite\/chryslergrandvoyagercarideal-1231744796.jpg","contentUrl":"http:\/\/www.carideal.com\/images_actualite\/chryslergrandvoyagercarideal-1231744796.jpg"},{"@type":"BreadcrumbList","@id":"https:\/\/www.carideal.com\/blog\/2009\/01\/11\/chrysler-voyager-d-occasion\/#breadcrumb","itemListElement":[{"@type":"ListItem","position":1,"name":"Blog Carid\u00e9al","item":"https:\/\/www.carideal.com\/blog\/"},{"@type":"ListItem","position":2,"name":"Actualit\u00e9 automobile","item":"https:\/\/www.carideal.com\/blog\/actualites-auto\/"},{"@type":"ListItem","position":3,"name":"Chrysler Voyager occasion Essais pr\u00e9sentation"}]},{"@type":"WebSite","@id":"https:\/\/www.carideal.com\/blog\/#website","url":"https:\/\/www.carideal.com\/blog\/","name":"Blog auto Carid\u00e9al","description":"Actualit\u00e9 auto par des passionn\u00e9s","publisher":{"@id":"https:\/\/www.carideal.com\/blog\/#organization"},"potentialAction":[{"@type":"SearchAction","target":{"@type":"EntryPoint","urlTemplate":"https:\/\/www.carideal.com\/blog\/?s={search_term_string}"},"query-input":{"@type":"PropertyValueSpecification","valueRequired":true,"valueName":"search_term_string"}}],"inLanguage":"fr-FR"},{"@type":"Organization","@id":"https:\/\/www.carideal.com\/blog\/#organization","name":"Carideal","url":"https:\/\/www.carideal.com\/blog\/","logo":{"@type":"ImageObject","inLanguage":"fr-FR","@id":"https:\/\/www.carideal.com\/blog\/#\/schema\/logo\/image\/","url":"http:\/\/www.carideal.com\/blog\/wp-content\/uploads\/2016\/03\/logo-carideal-mandataire-automobile.png","contentUrl":"http:\/\/www.carideal.com\/blog\/wp-content\/uploads\/2016\/03\/logo-carideal-mandataire-automobile.png","width":300,"height":300,"caption":"Carideal"},"image":{"@id":"https:\/\/www.carideal.com\/blog\/#\/schema\/logo\/image\/"},"sameAs":["https:\/\/www.facebook.com\/Carideal.mandataire.automobile","https:\/\/x.com\/caridealauto","https:\/\/www.instagram.com\/carideal1\/","https:\/\/www.linkedin.com\/company\/carideal.com","https:\/\/fr.pinterest.com\/schiavonsas\/","https:\/\/www.youtube.com\/user\/caridealsas"]},{"@type":"Person","@id":"https:\/\/www.carideal.com\/blog\/#\/schema\/person\/cd95dc7919660de90d31b366f85be1ec","name":"Nicolas SCHIAVON","image":{"@type":"ImageObject","inLanguage":"fr-FR","@id":"https:\/\/www.carideal.com\/blog\/#\/schema\/person\/image\/","url":"https:\/\/secure.gravatar.com\/avatar\/c17e55009e671d92cc7f5dc837dc418a?s=96&r=g","contentUrl":"https:\/\/secure.gravatar.com\/avatar\/c17e55009e671d92cc7f5dc837dc418a?s=96&r=g","caption":"Nicolas SCHIAVON"},"description":"Nicolas Schiavon est tomb\u00e9 tout petit dans la marmite automobile. Ayant eu un garage de marque automobile, mandataire automobile de la premi\u00e8re heure d\u00e8s 1999. Nicolas a cr\u00e9\u00e9 ces premiers sites de vente de voiture et blog automobile d\u00e8s 1994. Carideal est n\u00e9 le 15 d\u00e9cembre 2000 de la volont\u00e9 de vendre des voitures d'occasions en ligne puis des voitures neuves. Il a pu essayer beaucoup de voitures tr\u00e8s diff\u00e9rentes et ayant eu personnellement quelques belles autos, Subaru Impreza, Mitsubishi Lancer Evo 7, Porsche 911, Ferrari Testarrossa, Audi RS3, RS4 et j'en passe...","sameAs":["http:\/\/www.carideal.com","https:\/\/www.facebook.com\/nicolas.schiavon.39","https:\/\/www.instagram.com\/carideal1\/","https:\/\/www.linkedin.com\/in\/nschiavon\/","https:\/\/x.com\/caridealauto","https:\/\/www.youtube.com\/user\/caridealsas\/"],"url":"https:\/\/www.carideal.com\/blog\/author\/nschiavon\/"}]}},"uagb_featured_image_src":{"full":false,"thumbnail":false,"medium":false,"medium_large":false,"large":false,"1536x1536":false,"2048x2048":false,"wppr-widget":false},"uagb_author_info":{"display_name":"Nicolas SCHIAVON","author_link":"https:\/\/www.carideal.com\/blog\/author\/nschiavon\/"},"uagb_comment_info":0,"uagb_excerpt":"Chrysler Voyager occasion Essais et pr\u00e9sentation Affubl\u00e9 d'une direction floue et de suspension souples, Le Chrysler Voyager d'occasion, monospace n\u00e9 au pays des interminables lignes droites n'appr\u00e9cie que moyennement les routes sinueuses et exigeantes du vieux continent. Pataud dans son comportement, il reste pourtant sain et pr\u00e9visible en toutes circonstances. De toute mani\u00e8re, ses motorisations,\u2026","_links":{"self":[{"href":"https:\/\/www.carideal.com\/blog\/wp-json\/wp\/v2\/posts\/4745"}],"collection":[{"href":"https:\/\/www.carideal.com\/blog\/wp-json\/wp\/v2\/posts"}],"about":[{"href":"https:\/\/www.carideal.com\/blog\/wp-json\/wp\/v2\/types\/post"}],"author":[{"embeddable":true,"href":"https:\/\/www.carideal.com\/blog\/wp-json\/wp\/v2\/users\/3"}],"replies":[{"embeddable":true,"href":"https:\/\/www.carideal.com\/blog\/wp-json\/wp\/v2\/comments?post=4745"}],"version-history":[{"count":0,"href":"https:\/\/www.carideal.com\/blog\/wp-json\/wp\/v2\/posts\/4745\/revisions"}],"wp:attachment":[{"href":"https:\/\/www.carideal.com\/blog\/wp-json\/wp\/v2\/media?parent=4745"}],"wp:term":[{"taxonomy":"category","embeddable":true,"href":"https:\/\/www.carideal.com\/blog\/wp-json\/wp\/v2\/categories?post=4745"},{"taxonomy":"post_tag","embeddable":true,"href":"https:\/\/www.carideal.com\/blog\/wp-json\/wp\/v2\/tags?post=4745"}],"curies":[{"name":"wp","href":"https:\/\/api.w.org\/{rel}","templated":true}]}}