{"id":4744,"date":"2009-01-08T23:00:00","date_gmt":"2009-01-08T23:00:00","guid":{"rendered":"http:\/\/www.carideal.com\/blog\/2009\/01\/08\/chrysler-pt-cruiser-d-occasion\/"},"modified":"2020-03-07T16:53:59","modified_gmt":"2020-03-07T15:53:59","slug":"chrysler-pt-cruiser-d-occasion","status":"publish","type":"post","link":"https:\/\/www.carideal.com\/blog\/2009\/01\/08\/chrysler-pt-cruiser-d-occasion\/","title":{"rendered":"Essai Chrysler PT Cruiser occasion"},"content":{"rendered":"<div>\n<h2><strong>Essai<\/strong> Chrysler<strong> PT\u00a0Cruiser occasion<\/strong><\/h2>\n<\/div>\n<div>\n<p>&nbsp;<\/p>\n<\/div>\n<p style=\"margin-bottom: 0cm;\">La taille du volant du <strong>Chrysler\u00a0PT\u00a0cruiser occasion<\/strong>, est tr\u00e8s exag\u00e9r\u00e9e, peut perturber au d\u00e9but. Mais on s'y fait vite et apr\u00e8s quelques kilom\u00e8tres, cela ne pose plus de probl\u00e8me. En tout cas moins que le diam\u00e8tre de braquage, qui lui aussi fait dans l'exc\u00e8s. \u00c0 l'achat, cette Am\u00e9ricaine d'origine, cette <a href=\"http:\/\/www.carideal.com\/blog\/voitures-occasions\/\">voiture d'occasion<\/a> se veut davantage europ\u00e9enne si l'on parle de tenue de route.<\/p>\n<figure id=\"attachment_15311\" aria-describedby=\"caption-attachment-15311\" style=\"width: 490px\" class=\"wp-caption alignnone\"><img loading=\"lazy\" decoding=\"async\" class=\"size-full wp-image-15311\" src=\"http:\/\/www.carideal.com\/blog\/wp-content\/uploads\/2009\/01\/chryslerptcruiserlimitedcarideal-1231495299.jpg\" alt=\"Essai Chrysler PT Cruiser occasion\" width=\"500\" height=\"430\" srcset=\"https:\/\/www.carideal.com\/blog\/wp-content\/uploads\/2009\/01\/chryslerptcruiserlimitedcarideal-1231495299.jpg 500w, https:\/\/www.carideal.com\/blog\/wp-content\/uploads\/2009\/01\/chryslerptcruiserlimitedcarideal-1231495299-300x258.jpg 300w, https:\/\/www.carideal.com\/blog\/wp-content\/uploads\/2009\/01\/chryslerptcruiserlimitedcarideal-1231495299-110x95.jpg 110w, https:\/\/www.carideal.com\/blog\/wp-content\/uploads\/2009\/01\/chryslerptcruiserlimitedcarideal-1231495299-420x361.jpg 420w, https:\/\/www.carideal.com\/blog\/wp-content\/uploads\/2009\/01\/chryslerptcruiserlimitedcarideal-1231495299-50x43.jpg 50w\" sizes=\"(max-width: 500px) 100vw, 500px\" \/><figcaption id=\"caption-attachment-15311\" class=\"wp-caption-text\">Essai Chrysler PT Cruiser occasion<\/figcaption><\/figure>\n<p style=\"margin-bottom: 0cm;\">Stable confortable, agr\u00e9able \u00e0 conduire, elle encha\u00eene les virages sans broncher, loin des standards peu exigeant des autres productions d'outre-atlantique. Certes, le Piti ne se montre pas aussi agile et ne dispose pas d'un ch\u00e2ssis aussi aff\u00fbt\u00e9 que celui d'une berline familiale fran\u00e7aise mais ses capacit\u00e9s dynamiques suffisent, tout en appelant \u00e0 une conduite apais\u00e9e. C'est d'abord ce qu'il faudra retenir.<\/p>\n<ul>\n<li>Quel Monospace d'occasion pour 10 000 \u20ac<\/li>\n<\/ul>\n<p style=\"margin-bottom: 0cm;\">Soyons clairs, le PT cruiser d'occasion n'est pas un <a href=\"http:\/\/www.carideal.com\/blog\/2014\/05\/26\/break-monospace-2014\/\">monospace compact<\/a>. Ce mod\u00e8le s'apparente davantage \u00e0 un break, malgr\u00e9 sa hauteur g\u00e9n\u00e9reuse. De ce fait, ne vous attendez pas \u00e0 trouver une habitabilit\u00e9 d\u00e9mentielle en vous installant \u00e0 bord, bien que la garde au toit soit tr\u00e8s \u00e9lev\u00e9e et que chaque passager dispose d'assez d'espace pour ses jambes. Le v\u00e9ritable probl\u00e8me tient au confort. Les si\u00e8ges avant ne sont pas assez dessin\u00e9s et la banquette arri\u00e8re, totalement plate, n'est pas agr\u00e9able.<\/p>\n<ul>\n<li><a href=\"http:\/\/www.carideal.com\/blog\/2019\/12\/03\/voitures-doccasion-les-plus-fiables-2019\/\">Les voitures d'occasion les plus fiables<\/a><\/li>\n<\/ul>\n<p style=\"margin-bottom: 0cm;\">Le mod\u00e8le se fait pardonner ses carences gr\u00e2ce \u00e0 une ambiance inimitable et \u00e0 un habitacle o\u00f9 l'on prend plaisir \u00e0 observer chaque \u00e9l\u00e9ment du mobilier comme si on se trouvait dans un mus\u00e9 d\u00e9di\u00e9 aux ann\u00e9es 50. Si la modularit\u00e9 n'est pas tr\u00e8s pouss\u00e9e, vous pourrez tout de m\u00eame compter sur un coffre de 520 litres r\u00e9ellement pratiques.<\/p>\n<p style=\"margin-bottom: 0cm;\">La finition de la planche de bord, de qualit\u00e9 moyenne en d\u00e9but de carri\u00e8re, s'est l\u00e9g\u00e8rement am\u00e9lior\u00e9 au fil du temps. Sur le plan m\u00e9canique, les moteurs \u00e0 essence n'ont pas subi d'avarie majeure mais les al\u00e9as \u00e9lectroniques qui les ont parfois conduit au garage. Les <a href=\"http:\/\/www.carideal.com\/blog\/2015\/11\/12\/les-autorites-allemandes-vont-tester-les-diesels-de-23-marques\/\">moteurs diesel<\/a>, d'origine <a href=\"http:\/\/www.carideal.com\/blog\/marque-de-voiture-actualites-essais\/mercedes\/\">Mercedes<\/a>, ont rencontr\u00e9 des pannes d'embrayage jusqu'en septembre 2003. Notez que les pneus se remplacent tous les 25000 km maximum, ce qui para\u00eet un peu juste. Le Chrysler PT Cruiser est sortie en Septembre 2000, et a \u00e9t\u00e9 restyl\u00e9 en Novembre 2005. Il y en a 17812 en circulation.<\/p>\n<p style=\"margin-bottom: 0cm;\">\n","protected":false},"excerpt":{"rendered":"<p>Essai Chrysler PT\u00a0Cruiser occasion &nbsp; La taille du volant du Chrysler\u00a0PT\u00a0cruiser occasion, est tr\u00e8s exag\u00e9r\u00e9e, peut perturber au d\u00e9but. Mais on s&rsquo;y fait vite et apr\u00e8s quelques kilom\u00e8tres, cela ne pose plus de probl\u00e8me. En tout cas moins que le diam\u00e8tre de braquage, qui lui aussi fait dans l&rsquo;exc\u00e8s. \u00c0 l&rsquo;achat, cette Am\u00e9ricaine d&rsquo;origine, cette &#8230; <a title=\"Essai Chrysler PT Cruiser occasion\" class=\"read-more\" href=\"https:\/\/www.carideal.com\/blog\/2009\/01\/08\/chrysler-pt-cruiser-d-occasion\/\" aria-label=\"En savoir plus sur Essai Chrysler PT Cruiser occasion\">Lire plus<\/a><\/p>\n","protected":false},"author":3,"featured_media":15311,"comment_status":"open","ping_status":"open","sticky":false,"template":"","format":"standard","meta":{"_uag_custom_page_level_css":"","_themeisle_gutenberg_block_has_review":false,"footnotes":""},"categories":[5969,6154,6025,5947,5974],"tags":[6230],"class_list":["post-4744","post","type-post","status-publish","format-standard","has-post-thumbnail","hentry","category-chrysler","category-essai-chrysler","category-occasion-type-de-vehicule-type-de-vehicule","category-essai","category-type-de-vehicule","tag-voiture-americaine"],"wppr_data":{"cwp_meta_box_check":"No"},"yoast_head":"<!-- This site is optimized with the Yoast SEO plugin v24.8.1 - https:\/\/yoast.com\/wordpress\/plugins\/seo\/ -->\n<title>Essai Chrysler PT Cruiser occasion - Blog auto Carid\u00e9al<\/title>\n<meta name=\"robots\" content=\"index, follow, max-snippet:-1, max-image-preview:large, max-video-preview:-1\" \/>\n<link rel=\"canonical\" href=\"https:\/\/www.carideal.com\/blog\/2009\/01\/08\/chrysler-pt-cruiser-d-occasion\/\" \/>\n<meta property=\"og:locale\" content=\"fr_FR\" \/>\n<meta property=\"og:type\" content=\"article\" \/>\n<meta property=\"og:title\" content=\"Essai Chrysler PT Cruiser occasion - Blog auto Carid\u00e9al\" \/>\n<meta property=\"og:description\" content=\"Essai Chrysler PT\u00a0Cruiser occasion &nbsp; La taille du volant du Chrysler\u00a0PT\u00a0cruiser occasion, est tr\u00e8s exag\u00e9r\u00e9e, peut perturber au d\u00e9but. Mais on s&#039;y fait vite et apr\u00e8s quelques kilom\u00e8tres, cela ne pose plus de probl\u00e8me. En tout cas moins que le diam\u00e8tre de braquage, qui lui aussi fait dans l&#039;exc\u00e8s. \u00c0 l&#039;achat, cette Am\u00e9ricaine d&#039;origine, cette ... Lire plus\" \/>\n<meta property=\"og:url\" content=\"https:\/\/www.carideal.com\/blog\/2009\/01\/08\/chrysler-pt-cruiser-d-occasion\/\" \/>\n<meta property=\"og:site_name\" content=\"Blog auto Carid\u00e9al\" \/>\n<meta property=\"article:publisher\" content=\"https:\/\/www.facebook.com\/Carideal.mandataire.automobile\" \/>\n<meta property=\"article:author\" content=\"https:\/\/www.facebook.com\/nicolas.schiavon.39\" \/>\n<meta property=\"article:published_time\" content=\"2009-01-08T23:00:00+00:00\" \/>\n<meta property=\"article:modified_time\" content=\"2020-03-07T15:53:59+00:00\" \/>\n<meta property=\"og:image\" content=\"https:\/\/www.carideal.com\/blog\/wp-content\/uploads\/2009\/01\/chryslerptcruiserlimitedcarideal-1231495299.jpg\" \/>\n\t<meta property=\"og:image:width\" content=\"500\" \/>\n\t<meta property=\"og:image:height\" content=\"430\" \/>\n\t<meta property=\"og:image:type\" content=\"image\/jpeg\" \/>\n<meta name=\"author\" content=\"Nicolas SCHIAVON\" \/>\n<meta name=\"twitter:card\" content=\"summary_large_image\" \/>\n<meta name=\"twitter:creator\" content=\"@caridealauto\" \/>\n<meta name=\"twitter:site\" content=\"@caridealauto\" \/>\n<meta name=\"twitter:label1\" content=\"\u00c9crit par\" \/>\n\t<meta name=\"twitter:data1\" content=\"Nicolas SCHIAVON\" \/>\n\t<meta name=\"twitter:label2\" content=\"Dur\u00e9e de lecture estim\u00e9e\" \/>\n\t<meta name=\"twitter:data2\" content=\"2 minutes\" \/>\n<script type=\"application\/ld+json\" class=\"yoast-schema-graph\">{\"@context\":\"https:\/\/schema.org\",\"@graph\":[{\"@type\":\"Article\",\"@id\":\"https:\/\/www.carideal.com\/blog\/2009\/01\/08\/chrysler-pt-cruiser-d-occasion\/#article\",\"isPartOf\":{\"@id\":\"https:\/\/www.carideal.com\/blog\/2009\/01\/08\/chrysler-pt-cruiser-d-occasion\/\"},\"author\":{\"name\":\"Nicolas SCHIAVON\",\"@id\":\"https:\/\/www.carideal.com\/blog\/#\/schema\/person\/cd95dc7919660de90d31b366f85be1ec\"},\"headline\":\"Essai Chrysler PT Cruiser occasion\",\"datePublished\":\"2009-01-08T23:00:00+00:00\",\"dateModified\":\"2020-03-07T15:53:59+00:00\",\"mainEntityOfPage\":{\"@id\":\"https:\/\/www.carideal.com\/blog\/2009\/01\/08\/chrysler-pt-cruiser-d-occasion\/\"},\"wordCount\":427,\"commentCount\":1,\"publisher\":{\"@id\":\"https:\/\/www.carideal.com\/blog\/#organization\"},\"image\":{\"@id\":\"https:\/\/www.carideal.com\/blog\/2009\/01\/08\/chrysler-pt-cruiser-d-occasion\/#primaryimage\"},\"thumbnailUrl\":\"https:\/\/www.carideal.com\/blog\/wp-content\/uploads\/2009\/01\/chryslerptcruiserlimitedcarideal-1231495299.jpg\",\"keywords\":[\"Voiture am\u00e9ricaine\"],\"articleSection\":[\"Actualit\u00e9 Chrysler\",\"Essai Chrysler Test auto\",\"Essai Voiture Occasion\",\"Essais automobile\",\"Type de v\u00e9hicule\"],\"inLanguage\":\"fr-FR\",\"potentialAction\":[{\"@type\":\"CommentAction\",\"name\":\"Comment\",\"target\":[\"https:\/\/www.carideal.com\/blog\/2009\/01\/08\/chrysler-pt-cruiser-d-occasion\/#respond\"]}]},{\"@type\":\"WebPage\",\"@id\":\"https:\/\/www.carideal.com\/blog\/2009\/01\/08\/chrysler-pt-cruiser-d-occasion\/\",\"url\":\"https:\/\/www.carideal.com\/blog\/2009\/01\/08\/chrysler-pt-cruiser-d-occasion\/\",\"name\":\"Essai Chrysler PT Cruiser occasion - Blog auto Carid\u00e9al\",\"isPartOf\":{\"@id\":\"https:\/\/www.carideal.com\/blog\/#website\"},\"primaryImageOfPage\":{\"@id\":\"https:\/\/www.carideal.com\/blog\/2009\/01\/08\/chrysler-pt-cruiser-d-occasion\/#primaryimage\"},\"image\":{\"@id\":\"https:\/\/www.carideal.com\/blog\/2009\/01\/08\/chrysler-pt-cruiser-d-occasion\/#primaryimage\"},\"thumbnailUrl\":\"https:\/\/www.carideal.com\/blog\/wp-content\/uploads\/2009\/01\/chryslerptcruiserlimitedcarideal-1231495299.jpg\",\"datePublished\":\"2009-01-08T23:00:00+00:00\",\"dateModified\":\"2020-03-07T15:53:59+00:00\",\"breadcrumb\":{\"@id\":\"https:\/\/www.carideal.com\/blog\/2009\/01\/08\/chrysler-pt-cruiser-d-occasion\/#breadcrumb\"},\"inLanguage\":\"fr-FR\",\"potentialAction\":[{\"@type\":\"ReadAction\",\"target\":[\"https:\/\/www.carideal.com\/blog\/2009\/01\/08\/chrysler-pt-cruiser-d-occasion\/\"]}]},{\"@type\":\"ImageObject\",\"inLanguage\":\"fr-FR\",\"@id\":\"https:\/\/www.carideal.com\/blog\/2009\/01\/08\/chrysler-pt-cruiser-d-occasion\/#primaryimage\",\"url\":\"https:\/\/www.carideal.com\/blog\/wp-content\/uploads\/2009\/01\/chryslerptcruiserlimitedcarideal-1231495299.jpg\",\"contentUrl\":\"https:\/\/www.carideal.com\/blog\/wp-content\/uploads\/2009\/01\/chryslerptcruiserlimitedcarideal-1231495299.jpg\",\"width\":500,\"height\":430,\"caption\":\"Essai Chrysler PT Cruiser occasion\"},{\"@type\":\"BreadcrumbList\",\"@id\":\"https:\/\/www.carideal.com\/blog\/2009\/01\/08\/chrysler-pt-cruiser-d-occasion\/#breadcrumb\",\"itemListElement\":[{\"@type\":\"ListItem\",\"position\":1,\"name\":\"Blog Carid\u00e9al\",\"item\":\"https:\/\/www.carideal.com\/blog\/\"},{\"@type\":\"ListItem\",\"position\":2,\"name\":\"Actualit\u00e9 constructeur automobile\",\"item\":\"https:\/\/www.carideal.com\/blog\/constructeur\/\"},{\"@type\":\"ListItem\",\"position\":3,\"name\":\"Actualit\u00e9 Chrysler\",\"item\":\"https:\/\/www.carideal.com\/blog\/constructeur\/chrysler\/\"},{\"@type\":\"ListItem\",\"position\":4,\"name\":\"Essai Chrysler PT Cruiser occasion\"}]},{\"@type\":\"WebSite\",\"@id\":\"https:\/\/www.carideal.com\/blog\/#website\",\"url\":\"https:\/\/www.carideal.com\/blog\/\",\"name\":\"Blog auto Carid\u00e9al\",\"description\":\"Actualit\u00e9 auto par des passionn\u00e9s\",\"publisher\":{\"@id\":\"https:\/\/www.carideal.com\/blog\/#organization\"},\"potentialAction\":[{\"@type\":\"SearchAction\",\"target\":{\"@type\":\"EntryPoint\",\"urlTemplate\":\"https:\/\/www.carideal.com\/blog\/?s={search_term_string}\"},\"query-input\":{\"@type\":\"PropertyValueSpecification\",\"valueRequired\":true,\"valueName\":\"search_term_string\"}}],\"inLanguage\":\"fr-FR\"},{\"@type\":\"Organization\",\"@id\":\"https:\/\/www.carideal.com\/blog\/#organization\",\"name\":\"Carideal\",\"url\":\"https:\/\/www.carideal.com\/blog\/\",\"logo\":{\"@type\":\"ImageObject\",\"inLanguage\":\"fr-FR\",\"@id\":\"https:\/\/www.carideal.com\/blog\/#\/schema\/logo\/image\/\",\"url\":\"http:\/\/www.carideal.com\/blog\/wp-content\/uploads\/2016\/03\/logo-carideal-mandataire-automobile.png\",\"contentUrl\":\"http:\/\/www.carideal.com\/blog\/wp-content\/uploads\/2016\/03\/logo-carideal-mandataire-automobile.png\",\"width\":300,\"height\":300,\"caption\":\"Carideal\"},\"image\":{\"@id\":\"https:\/\/www.carideal.com\/blog\/#\/schema\/logo\/image\/\"},\"sameAs\":[\"https:\/\/www.facebook.com\/Carideal.mandataire.automobile\",\"https:\/\/x.com\/caridealauto\",\"https:\/\/www.instagram.com\/carideal1\/\",\"https:\/\/www.linkedin.com\/company\/carideal.com\",\"https:\/\/fr.pinterest.com\/schiavonsas\/\",\"https:\/\/www.youtube.com\/user\/caridealsas\"]},{\"@type\":\"Person\",\"@id\":\"https:\/\/www.carideal.com\/blog\/#\/schema\/person\/cd95dc7919660de90d31b366f85be1ec\",\"name\":\"Nicolas SCHIAVON\",\"image\":{\"@type\":\"ImageObject\",\"inLanguage\":\"fr-FR\",\"@id\":\"https:\/\/www.carideal.com\/blog\/#\/schema\/person\/image\/\",\"url\":\"https:\/\/secure.gravatar.com\/avatar\/c17e55009e671d92cc7f5dc837dc418a?s=96&r=g\",\"contentUrl\":\"https:\/\/secure.gravatar.com\/avatar\/c17e55009e671d92cc7f5dc837dc418a?s=96&r=g\",\"caption\":\"Nicolas SCHIAVON\"},\"description\":\"Nicolas Schiavon est tomb\u00e9 tout petit dans la marmite automobile. Ayant eu un garage de marque automobile, mandataire automobile de la premi\u00e8re heure d\u00e8s 1999. Nicolas a cr\u00e9\u00e9 ces premiers sites de vente de voiture et blog automobile d\u00e8s 1994. Carideal est n\u00e9 le 15 d\u00e9cembre 2000 de la volont\u00e9 de vendre des voitures d'occasions en ligne puis des voitures neuves. Il a pu essayer beaucoup de voitures tr\u00e8s diff\u00e9rentes et ayant eu personnellement quelques belles autos, Subaru Impreza, Mitsubishi Lancer Evo 7, Porsche 911, Ferrari Testarrossa, Audi RS3, RS4 et j'en passe...\",\"sameAs\":[\"http:\/\/www.carideal.com\",\"https:\/\/www.facebook.com\/nicolas.schiavon.39\",\"https:\/\/www.instagram.com\/carideal1\/\",\"https:\/\/www.linkedin.com\/in\/nschiavon\/\",\"https:\/\/x.com\/caridealauto\",\"https:\/\/www.youtube.com\/user\/caridealsas\/\"],\"url\":\"https:\/\/www.carideal.com\/blog\/author\/nschiavon\/\"}]}<\/script>\n<!-- \/ Yoast SEO plugin. -->","yoast_head_json":{"title":"Essai Chrysler PT Cruiser occasion - Blog auto Carid\u00e9al","robots":{"index":"index","follow":"follow","max-snippet":"max-snippet:-1","max-image-preview":"max-image-preview:large","max-video-preview":"max-video-preview:-1"},"canonical":"https:\/\/www.carideal.com\/blog\/2009\/01\/08\/chrysler-pt-cruiser-d-occasion\/","og_locale":"fr_FR","og_type":"article","og_title":"Essai Chrysler PT Cruiser occasion - Blog auto Carid\u00e9al","og_description":"Essai Chrysler PT\u00a0Cruiser occasion &nbsp; La taille du volant du Chrysler\u00a0PT\u00a0cruiser occasion, est tr\u00e8s exag\u00e9r\u00e9e, peut perturber au d\u00e9but. Mais on s'y fait vite et apr\u00e8s quelques kilom\u00e8tres, cela ne pose plus de probl\u00e8me. En tout cas moins que le diam\u00e8tre de braquage, qui lui aussi fait dans l'exc\u00e8s. \u00c0 l'achat, cette Am\u00e9ricaine d'origine, cette ... Lire plus","og_url":"https:\/\/www.carideal.com\/blog\/2009\/01\/08\/chrysler-pt-cruiser-d-occasion\/","og_site_name":"Blog auto Carid\u00e9al","article_publisher":"https:\/\/www.facebook.com\/Carideal.mandataire.automobile","article_author":"https:\/\/www.facebook.com\/nicolas.schiavon.39","article_published_time":"2009-01-08T23:00:00+00:00","article_modified_time":"2020-03-07T15:53:59+00:00","og_image":[{"width":500,"height":430,"url":"https:\/\/www.carideal.com\/blog\/wp-content\/uploads\/2009\/01\/chryslerptcruiserlimitedcarideal-1231495299.jpg","type":"image\/jpeg"}],"author":"Nicolas SCHIAVON","twitter_card":"summary_large_image","twitter_creator":"@caridealauto","twitter_site":"@caridealauto","twitter_misc":{"\u00c9crit par":"Nicolas SCHIAVON","Dur\u00e9e de lecture estim\u00e9e":"2 minutes"},"schema":{"@context":"https:\/\/schema.org","@graph":[{"@type":"Article","@id":"https:\/\/www.carideal.com\/blog\/2009\/01\/08\/chrysler-pt-cruiser-d-occasion\/#article","isPartOf":{"@id":"https:\/\/www.carideal.com\/blog\/2009\/01\/08\/chrysler-pt-cruiser-d-occasion\/"},"author":{"name":"Nicolas SCHIAVON","@id":"https:\/\/www.carideal.com\/blog\/#\/schema\/person\/cd95dc7919660de90d31b366f85be1ec"},"headline":"Essai Chrysler PT Cruiser occasion","datePublished":"2009-01-08T23:00:00+00:00","dateModified":"2020-03-07T15:53:59+00:00","mainEntityOfPage":{"@id":"https:\/\/www.carideal.com\/blog\/2009\/01\/08\/chrysler-pt-cruiser-d-occasion\/"},"wordCount":427,"commentCount":1,"publisher":{"@id":"https:\/\/www.carideal.com\/blog\/#organization"},"image":{"@id":"https:\/\/www.carideal.com\/blog\/2009\/01\/08\/chrysler-pt-cruiser-d-occasion\/#primaryimage"},"thumbnailUrl":"https:\/\/www.carideal.com\/blog\/wp-content\/uploads\/2009\/01\/chryslerptcruiserlimitedcarideal-1231495299.jpg","keywords":["Voiture am\u00e9ricaine"],"articleSection":["Actualit\u00e9 Chrysler","Essai Chrysler Test auto","Essai Voiture Occasion","Essais automobile","Type de v\u00e9hicule"],"inLanguage":"fr-FR","potentialAction":[{"@type":"CommentAction","name":"Comment","target":["https:\/\/www.carideal.com\/blog\/2009\/01\/08\/chrysler-pt-cruiser-d-occasion\/#respond"]}]},{"@type":"WebPage","@id":"https:\/\/www.carideal.com\/blog\/2009\/01\/08\/chrysler-pt-cruiser-d-occasion\/","url":"https:\/\/www.carideal.com\/blog\/2009\/01\/08\/chrysler-pt-cruiser-d-occasion\/","name":"Essai Chrysler PT Cruiser occasion - Blog auto Carid\u00e9al","isPartOf":{"@id":"https:\/\/www.carideal.com\/blog\/#website"},"primaryImageOfPage":{"@id":"https:\/\/www.carideal.com\/blog\/2009\/01\/08\/chrysler-pt-cruiser-d-occasion\/#primaryimage"},"image":{"@id":"https:\/\/www.carideal.com\/blog\/2009\/01\/08\/chrysler-pt-cruiser-d-occasion\/#primaryimage"},"thumbnailUrl":"https:\/\/www.carideal.com\/blog\/wp-content\/uploads\/2009\/01\/chryslerptcruiserlimitedcarideal-1231495299.jpg","datePublished":"2009-01-08T23:00:00+00:00","dateModified":"2020-03-07T15:53:59+00:00","breadcrumb":{"@id":"https:\/\/www.carideal.com\/blog\/2009\/01\/08\/chrysler-pt-cruiser-d-occasion\/#breadcrumb"},"inLanguage":"fr-FR","potentialAction":[{"@type":"ReadAction","target":["https:\/\/www.carideal.com\/blog\/2009\/01\/08\/chrysler-pt-cruiser-d-occasion\/"]}]},{"@type":"ImageObject","inLanguage":"fr-FR","@id":"https:\/\/www.carideal.com\/blog\/2009\/01\/08\/chrysler-pt-cruiser-d-occasion\/#primaryimage","url":"https:\/\/www.carideal.com\/blog\/wp-content\/uploads\/2009\/01\/chryslerptcruiserlimitedcarideal-1231495299.jpg","contentUrl":"https:\/\/www.carideal.com\/blog\/wp-content\/uploads\/2009\/01\/chryslerptcruiserlimitedcarideal-1231495299.jpg","width":500,"height":430,"caption":"Essai Chrysler PT Cruiser occasion"},{"@type":"BreadcrumbList","@id":"https:\/\/www.carideal.com\/blog\/2009\/01\/08\/chrysler-pt-cruiser-d-occasion\/#breadcrumb","itemListElement":[{"@type":"ListItem","position":1,"name":"Blog Carid\u00e9al","item":"https:\/\/www.carideal.com\/blog\/"},{"@type":"ListItem","position":2,"name":"Actualit\u00e9 constructeur automobile","item":"https:\/\/www.carideal.com\/blog\/constructeur\/"},{"@type":"ListItem","position":3,"name":"Actualit\u00e9 Chrysler","item":"https:\/\/www.carideal.com\/blog\/constructeur\/chrysler\/"},{"@type":"ListItem","position":4,"name":"Essai Chrysler PT Cruiser occasion"}]},{"@type":"WebSite","@id":"https:\/\/www.carideal.com\/blog\/#website","url":"https:\/\/www.carideal.com\/blog\/","name":"Blog auto Carid\u00e9al","description":"Actualit\u00e9 auto par des passionn\u00e9s","publisher":{"@id":"https:\/\/www.carideal.com\/blog\/#organization"},"potentialAction":[{"@type":"SearchAction","target":{"@type":"EntryPoint","urlTemplate":"https:\/\/www.carideal.com\/blog\/?s={search_term_string}"},"query-input":{"@type":"PropertyValueSpecification","valueRequired":true,"valueName":"search_term_string"}}],"inLanguage":"fr-FR"},{"@type":"Organization","@id":"https:\/\/www.carideal.com\/blog\/#organization","name":"Carideal","url":"https:\/\/www.carideal.com\/blog\/","logo":{"@type":"ImageObject","inLanguage":"fr-FR","@id":"https:\/\/www.carideal.com\/blog\/#\/schema\/logo\/image\/","url":"http:\/\/www.carideal.com\/blog\/wp-content\/uploads\/2016\/03\/logo-carideal-mandataire-automobile.png","contentUrl":"http:\/\/www.carideal.com\/blog\/wp-content\/uploads\/2016\/03\/logo-carideal-mandataire-automobile.png","width":300,"height":300,"caption":"Carideal"},"image":{"@id":"https:\/\/www.carideal.com\/blog\/#\/schema\/logo\/image\/"},"sameAs":["https:\/\/www.facebook.com\/Carideal.mandataire.automobile","https:\/\/x.com\/caridealauto","https:\/\/www.instagram.com\/carideal1\/","https:\/\/www.linkedin.com\/company\/carideal.com","https:\/\/fr.pinterest.com\/schiavonsas\/","https:\/\/www.youtube.com\/user\/caridealsas"]},{"@type":"Person","@id":"https:\/\/www.carideal.com\/blog\/#\/schema\/person\/cd95dc7919660de90d31b366f85be1ec","name":"Nicolas SCHIAVON","image":{"@type":"ImageObject","inLanguage":"fr-FR","@id":"https:\/\/www.carideal.com\/blog\/#\/schema\/person\/image\/","url":"https:\/\/secure.gravatar.com\/avatar\/c17e55009e671d92cc7f5dc837dc418a?s=96&r=g","contentUrl":"https:\/\/secure.gravatar.com\/avatar\/c17e55009e671d92cc7f5dc837dc418a?s=96&r=g","caption":"Nicolas SCHIAVON"},"description":"Nicolas Schiavon est tomb\u00e9 tout petit dans la marmite automobile. Ayant eu un garage de marque automobile, mandataire automobile de la premi\u00e8re heure d\u00e8s 1999. Nicolas a cr\u00e9\u00e9 ces premiers sites de vente de voiture et blog automobile d\u00e8s 1994. Carideal est n\u00e9 le 15 d\u00e9cembre 2000 de la volont\u00e9 de vendre des voitures d'occasions en ligne puis des voitures neuves. Il a pu essayer beaucoup de voitures tr\u00e8s diff\u00e9rentes et ayant eu personnellement quelques belles autos, Subaru Impreza, Mitsubishi Lancer Evo 7, Porsche 911, Ferrari Testarrossa, Audi RS3, RS4 et j'en passe...","sameAs":["http:\/\/www.carideal.com","https:\/\/www.facebook.com\/nicolas.schiavon.39","https:\/\/www.instagram.com\/carideal1\/","https:\/\/www.linkedin.com\/in\/nschiavon\/","https:\/\/x.com\/caridealauto","https:\/\/www.youtube.com\/user\/caridealsas\/"],"url":"https:\/\/www.carideal.com\/blog\/author\/nschiavon\/"}]}},"uagb_featured_image_src":{"full":["https:\/\/www.carideal.com\/blog\/wp-content\/uploads\/2009\/01\/chryslerptcruiserlimitedcarideal-1231495299.jpg",500,430,false],"thumbnail":["https:\/\/www.carideal.com\/blog\/wp-content\/uploads\/2009\/01\/chryslerptcruiserlimitedcarideal-1231495299-150x150.jpg",150,150,true],"medium":["https:\/\/www.carideal.com\/blog\/wp-content\/uploads\/2009\/01\/chryslerptcruiserlimitedcarideal-1231495299-300x258.jpg",300,258,true],"medium_large":["https:\/\/www.carideal.com\/blog\/wp-content\/uploads\/2009\/01\/chryslerptcruiserlimitedcarideal-1231495299.jpg",500,430,false],"large":["https:\/\/www.carideal.com\/blog\/wp-content\/uploads\/2009\/01\/chryslerptcruiserlimitedcarideal-1231495299.jpg",500,430,false],"1536x1536":["https:\/\/www.carideal.com\/blog\/wp-content\/uploads\/2009\/01\/chryslerptcruiserlimitedcarideal-1231495299.jpg",500,430,false],"2048x2048":["https:\/\/www.carideal.com\/blog\/wp-content\/uploads\/2009\/01\/chryslerptcruiserlimitedcarideal-1231495299.jpg",500,430,false],"wppr-widget":["https:\/\/www.carideal.com\/blog\/wp-content\/uploads\/2009\/01\/chryslerptcruiserlimitedcarideal-1231495299.jpg",50,43,false]},"uagb_author_info":{"display_name":"Nicolas SCHIAVON","author_link":"https:\/\/www.carideal.com\/blog\/author\/nschiavon\/"},"uagb_comment_info":3,"uagb_excerpt":"Essai Chrysler PT\u00a0Cruiser occasion &nbsp; La taille du volant du Chrysler\u00a0PT\u00a0cruiser occasion, est tr\u00e8s exag\u00e9r\u00e9e, peut perturber au d\u00e9but. Mais on s'y fait vite et apr\u00e8s quelques kilom\u00e8tres, cela ne pose plus de probl\u00e8me. En tout cas moins que le diam\u00e8tre de braquage, qui lui aussi fait dans l'exc\u00e8s. \u00c0 l'achat, cette Am\u00e9ricaine d'origine, cette\u2026","_links":{"self":[{"href":"https:\/\/www.carideal.com\/blog\/wp-json\/wp\/v2\/posts\/4744"}],"collection":[{"href":"https:\/\/www.carideal.com\/blog\/wp-json\/wp\/v2\/posts"}],"about":[{"href":"https:\/\/www.carideal.com\/blog\/wp-json\/wp\/v2\/types\/post"}],"author":[{"embeddable":true,"href":"https:\/\/www.carideal.com\/blog\/wp-json\/wp\/v2\/users\/3"}],"replies":[{"embeddable":true,"href":"https:\/\/www.carideal.com\/blog\/wp-json\/wp\/v2\/comments?post=4744"}],"version-history":[{"count":0,"href":"https:\/\/www.carideal.com\/blog\/wp-json\/wp\/v2\/posts\/4744\/revisions"}],"wp:featuredmedia":[{"embeddable":true,"href":"https:\/\/www.carideal.com\/blog\/wp-json\/wp\/v2\/media\/15311"}],"wp:attachment":[{"href":"https:\/\/www.carideal.com\/blog\/wp-json\/wp\/v2\/media?parent=4744"}],"wp:term":[{"taxonomy":"category","embeddable":true,"href":"https:\/\/www.carideal.com\/blog\/wp-json\/wp\/v2\/categories?post=4744"},{"taxonomy":"post_tag","embeddable":true,"href":"https:\/\/www.carideal.com\/blog\/wp-json\/wp\/v2\/tags?post=4744"}],"curies":[{"name":"wp","href":"https:\/\/api.w.org\/{rel}","templated":true}]}}