{"id":4742,"date":"2009-01-05T23:00:00","date_gmt":"2009-01-05T23:00:00","guid":{"rendered":"http:\/\/www.carideal.com\/blog\/2009\/01\/05\/bmw-z3-d-occasion\/"},"modified":"2020-03-08T17:59:59","modified_gmt":"2020-03-08T16:59:59","slug":"bmw-z3-d-occasion","status":"publish","type":"post","link":"https:\/\/www.carideal.com\/blog\/2009\/01\/05\/bmw-z3-d-occasion\/","title":{"rendered":"BMW Z3 Occasion"},"content":{"rendered":"<div><img decoding=\"async\" src=\"http:\/\/www.carideal.com\/images_actualite\/bmwz3carideal-1231227222.jpg\" alt=\"\" \/>Bmw Z3 occasion<\/p>\n<\/div>\n<div><img decoding=\"async\" src=\"http:\/\/www.carideal.com\/images_actualite\/bmwz32carideal-1231227418.jpg\" alt=\"\" \/>BMW\u00a0Z3 occasion<\/p>\n<\/div>\n<div id=\"main\" dir=\"ltr\">\n<p style=\"margin-bottom: 0cm;\">Lorsque le BMW Z3 est sorti, la concurrence se comptait sur les doigts d'une main : Mazda MX-5, Rover MG-F, Fiat Barchetta et Alfa Romeo Spider. Chacun avait sa propre philosophie pour son achat de coup\u00e9 sportif. Il restait donc une place pour BMW. Son roadster a tr\u00e8s t\u00f4t rencontr\u00e9 le succ\u00e8s. Comme toute b\u00e9h\u00e8me qui se respecte, ce mod\u00e8le fait montre d'un temp\u00e9rament sportif, voire agressif. A d\u00e9faut de b\u00e9n\u00e9ficier d'une direction pr\u00e9cise en courbe, on profite d'un r\u00e9el agr\u00e9ment de conduite. La tenue de route s'av\u00e8re rassurante. Sous le capot, BMW en propose pour tous les go\u00fbts et pour toutes les bourses. Les petits 1.8 et 1.9 sont parfaits pour les balades. De l'autre c\u00f4t\u00e9, on trouve le tr\u00e8s nerveux six cylindres de la marque qui \u00e9quipaient les berlines de l'\u00e9poque avec au sommet, la fascinante version M et 3.2 d\u00e9livrant pas moins de 325 ch. Uniquement pour les puristes !<\/p>\n<p style=\"margin-bottom: 0cm;\">\n<p style=\"margin-bottom: 0cm;\">L'espace appara\u00eet correct pour un roadster d'occasion. Cependant, son principal atout n'est pas l\u00e0 mais dans l'efficacit\u00e9 m\u00e9canique. La planche de bord, invitation au pilotage, adopte un style original pour une BMW, qui lui va bien au demeurant. L'ergonomie est parfaite. Les si\u00e8ges offrent un bon maintien. En revanche, la qualit\u00e9 de l'insonorisation n'est pas \u00e0 la hauteur en d\u00e9pit de la capote doubl\u00e9e. C'est bien mieux sur la variante coup\u00e9, \u00e0 l'esprit break de chasse. Celle ci se montre en g\u00e9n\u00e9ral beaucoup plus bourgeoise et surtout plus pratique. Son coffre permet de partir en week end en emportant avec soi autre chose qu'une brosse \u00e0 dents. Sur le roadster, le filet anti-remous tr\u00e8s efficace s'av\u00e8re indispensable. Mais il a malheureusement \u00e9t\u00e9 tr\u00e8s peu propos\u00e9 en s\u00e9rie.<\/p>\n<p style=\"margin-bottom: 0cm;\">\n<p style=\"margin-bottom: 0cm;\">Le BMW Z3 d'occasion met l'accent sur la qualit\u00e9 de fabrication, contrairement \u00e0 certains mod\u00e8les de l'\u00e9poque. Elle est ici d'un tr\u00e8s bon niveau, avec des plastiques haut de gamme, assez rembourr\u00e9s pour \u00eatre agr\u00e9ables au toucher. La voiture ne r\u00e9v\u00e8le pas de bruits parasites et la fiabilit\u00e9 est au rendez vous. Le BMW Z3 n'a rencontr\u00e9 quasiment aucun probl\u00e8me m\u00e9canique. Mais comme il s'agit d'une sportive, pensez \u00e0 v\u00e9rifer le carnet d'entretien ainsi que les pi\u00e8ces d'usures. Les disques de freins avant peuvent en effet se voiler dans le cadre d'une utilisation intensive. A noter, l'apparition d'un jeu dans la direction vers 80000 \u00e0 100000 km, du au vieillissement des rotules de bras de suspension longitudinaux. Le BMW Z3 d'occasion a \u00e9t\u00e9 fabriqu\u00e9 de 1996 \u00e0 2002. Il a \u00e9t\u00e9 restyl\u00e9 en juin 1999 et il y en a 6500 en circulation.<\/p>\n<\/div>\n<p style=\"margin-bottom: 0cm;\">Plus sur le roadster BMW Z3 sur\u00a0http:\/\/www.carideal.com\/102-z3<\/p>\n","protected":false},"excerpt":{"rendered":"<p>Bmw Z3 occasion BMW\u00a0Z3 occasion Lorsque le BMW Z3 est sorti, la concurrence se comptait sur les doigts d&rsquo;une main : Mazda MX-5, Rover MG-F, Fiat Barchetta et Alfa Romeo Spider. Chacun avait sa propre philosophie pour son achat de coup\u00e9 sportif. Il restait donc une place pour BMW. Son roadster a tr\u00e8s t\u00f4t rencontr\u00e9 &#8230; <a title=\"BMW Z3 Occasion\" class=\"read-more\" href=\"https:\/\/www.carideal.com\/blog\/2009\/01\/05\/bmw-z3-d-occasion\/\" aria-label=\"En savoir plus sur BMW Z3 Occasion\">Lire plus<\/a><\/p>\n","protected":false},"author":3,"featured_media":0,"comment_status":"open","ping_status":"open","sticky":false,"template":"","format":"standard","meta":{"_uag_custom_page_level_css":"","_themeisle_gutenberg_block_has_review":false,"footnotes":""},"categories":[21],"tags":[1244],"class_list":["post-4742","post","type-post","status-publish","format-standard","hentry","category-actualites-auto","tag-roadster"],"wppr_data":[],"yoast_head":"<!-- This site is optimized with the Yoast SEO plugin v24.8.1 - https:\/\/yoast.com\/wordpress\/plugins\/seo\/ -->\n<title>BMW Z3 Occasion - Blog auto Carid\u00e9al<\/title>\n<meta name=\"robots\" content=\"index, follow, max-snippet:-1, max-image-preview:large, max-video-preview:-1\" \/>\n<link rel=\"canonical\" href=\"https:\/\/www.carideal.com\/blog\/2009\/01\/05\/bmw-z3-d-occasion\/\" \/>\n<meta property=\"og:locale\" content=\"fr_FR\" \/>\n<meta property=\"og:type\" content=\"article\" \/>\n<meta property=\"og:title\" content=\"BMW Z3 Occasion - Blog auto Carid\u00e9al\" \/>\n<meta property=\"og:description\" content=\"Bmw Z3 occasion BMW\u00a0Z3 occasion Lorsque le BMW Z3 est sorti, la concurrence se comptait sur les doigts d&#039;une main : Mazda MX-5, Rover MG-F, Fiat Barchetta et Alfa Romeo Spider. Chacun avait sa propre philosophie pour son achat de coup\u00e9 sportif. Il restait donc une place pour BMW. Son roadster a tr\u00e8s t\u00f4t rencontr\u00e9 ... Lire plus\" \/>\n<meta property=\"og:url\" content=\"https:\/\/www.carideal.com\/blog\/2009\/01\/05\/bmw-z3-d-occasion\/\" \/>\n<meta property=\"og:site_name\" content=\"Blog auto Carid\u00e9al\" \/>\n<meta property=\"article:publisher\" content=\"https:\/\/www.facebook.com\/Carideal.mandataire.automobile\" \/>\n<meta property=\"article:author\" content=\"https:\/\/www.facebook.com\/nicolas.schiavon.39\" \/>\n<meta property=\"article:published_time\" content=\"2009-01-05T23:00:00+00:00\" \/>\n<meta property=\"article:modified_time\" content=\"2020-03-08T16:59:59+00:00\" \/>\n<meta property=\"og:image\" content=\"http:\/\/www.carideal.com\/images_actualite\/bmwz3carideal-1231227222.jpg\" \/>\n<meta name=\"author\" content=\"Nicolas SCHIAVON\" \/>\n<meta name=\"twitter:card\" content=\"summary_large_image\" \/>\n<meta name=\"twitter:creator\" content=\"@caridealauto\" \/>\n<meta name=\"twitter:site\" content=\"@caridealauto\" \/>\n<meta name=\"twitter:label1\" content=\"\u00c9crit par\" \/>\n\t<meta name=\"twitter:data1\" content=\"Nicolas SCHIAVON\" \/>\n\t<meta name=\"twitter:label2\" content=\"Dur\u00e9e de lecture estim\u00e9e\" \/>\n\t<meta name=\"twitter:data2\" content=\"2 minutes\" \/>\n<script type=\"application\/ld+json\" class=\"yoast-schema-graph\">{\"@context\":\"https:\/\/schema.org\",\"@graph\":[{\"@type\":\"Article\",\"@id\":\"https:\/\/www.carideal.com\/blog\/2009\/01\/05\/bmw-z3-d-occasion\/#article\",\"isPartOf\":{\"@id\":\"https:\/\/www.carideal.com\/blog\/2009\/01\/05\/bmw-z3-d-occasion\/\"},\"author\":{\"name\":\"Nicolas SCHIAVON\",\"@id\":\"https:\/\/www.carideal.com\/blog\/#\/schema\/person\/cd95dc7919660de90d31b366f85be1ec\"},\"headline\":\"BMW Z3 Occasion\",\"datePublished\":\"2009-01-05T23:00:00+00:00\",\"dateModified\":\"2020-03-08T16:59:59+00:00\",\"mainEntityOfPage\":{\"@id\":\"https:\/\/www.carideal.com\/blog\/2009\/01\/05\/bmw-z3-d-occasion\/\"},\"wordCount\":466,\"commentCount\":0,\"publisher\":{\"@id\":\"https:\/\/www.carideal.com\/blog\/#organization\"},\"image\":{\"@id\":\"https:\/\/www.carideal.com\/blog\/2009\/01\/05\/bmw-z3-d-occasion\/#primaryimage\"},\"thumbnailUrl\":\"http:\/\/www.carideal.com\/images_actualite\/bmwz3carideal-1231227222.jpg\",\"keywords\":[\"roadster\"],\"articleSection\":[\"Actualit\u00e9 automobile\"],\"inLanguage\":\"fr-FR\",\"potentialAction\":[{\"@type\":\"CommentAction\",\"name\":\"Comment\",\"target\":[\"https:\/\/www.carideal.com\/blog\/2009\/01\/05\/bmw-z3-d-occasion\/#respond\"]}]},{\"@type\":\"WebPage\",\"@id\":\"https:\/\/www.carideal.com\/blog\/2009\/01\/05\/bmw-z3-d-occasion\/\",\"url\":\"https:\/\/www.carideal.com\/blog\/2009\/01\/05\/bmw-z3-d-occasion\/\",\"name\":\"BMW Z3 Occasion - Blog auto Carid\u00e9al\",\"isPartOf\":{\"@id\":\"https:\/\/www.carideal.com\/blog\/#website\"},\"primaryImageOfPage\":{\"@id\":\"https:\/\/www.carideal.com\/blog\/2009\/01\/05\/bmw-z3-d-occasion\/#primaryimage\"},\"image\":{\"@id\":\"https:\/\/www.carideal.com\/blog\/2009\/01\/05\/bmw-z3-d-occasion\/#primaryimage\"},\"thumbnailUrl\":\"http:\/\/www.carideal.com\/images_actualite\/bmwz3carideal-1231227222.jpg\",\"datePublished\":\"2009-01-05T23:00:00+00:00\",\"dateModified\":\"2020-03-08T16:59:59+00:00\",\"breadcrumb\":{\"@id\":\"https:\/\/www.carideal.com\/blog\/2009\/01\/05\/bmw-z3-d-occasion\/#breadcrumb\"},\"inLanguage\":\"fr-FR\",\"potentialAction\":[{\"@type\":\"ReadAction\",\"target\":[\"https:\/\/www.carideal.com\/blog\/2009\/01\/05\/bmw-z3-d-occasion\/\"]}]},{\"@type\":\"ImageObject\",\"inLanguage\":\"fr-FR\",\"@id\":\"https:\/\/www.carideal.com\/blog\/2009\/01\/05\/bmw-z3-d-occasion\/#primaryimage\",\"url\":\"http:\/\/www.carideal.com\/images_actualite\/bmwz3carideal-1231227222.jpg\",\"contentUrl\":\"http:\/\/www.carideal.com\/images_actualite\/bmwz3carideal-1231227222.jpg\"},{\"@type\":\"BreadcrumbList\",\"@id\":\"https:\/\/www.carideal.com\/blog\/2009\/01\/05\/bmw-z3-d-occasion\/#breadcrumb\",\"itemListElement\":[{\"@type\":\"ListItem\",\"position\":1,\"name\":\"Blog Carid\u00e9al\",\"item\":\"https:\/\/www.carideal.com\/blog\/\"},{\"@type\":\"ListItem\",\"position\":2,\"name\":\"Actualit\u00e9 automobile\",\"item\":\"https:\/\/www.carideal.com\/blog\/actualites-auto\/\"},{\"@type\":\"ListItem\",\"position\":3,\"name\":\"BMW Z3 Occasion\"}]},{\"@type\":\"WebSite\",\"@id\":\"https:\/\/www.carideal.com\/blog\/#website\",\"url\":\"https:\/\/www.carideal.com\/blog\/\",\"name\":\"Blog auto Carid\u00e9al\",\"description\":\"Actualit\u00e9 auto par des passionn\u00e9s\",\"publisher\":{\"@id\":\"https:\/\/www.carideal.com\/blog\/#organization\"},\"potentialAction\":[{\"@type\":\"SearchAction\",\"target\":{\"@type\":\"EntryPoint\",\"urlTemplate\":\"https:\/\/www.carideal.com\/blog\/?s={search_term_string}\"},\"query-input\":{\"@type\":\"PropertyValueSpecification\",\"valueRequired\":true,\"valueName\":\"search_term_string\"}}],\"inLanguage\":\"fr-FR\"},{\"@type\":\"Organization\",\"@id\":\"https:\/\/www.carideal.com\/blog\/#organization\",\"name\":\"Carideal\",\"url\":\"https:\/\/www.carideal.com\/blog\/\",\"logo\":{\"@type\":\"ImageObject\",\"inLanguage\":\"fr-FR\",\"@id\":\"https:\/\/www.carideal.com\/blog\/#\/schema\/logo\/image\/\",\"url\":\"http:\/\/www.carideal.com\/blog\/wp-content\/uploads\/2016\/03\/logo-carideal-mandataire-automobile.png\",\"contentUrl\":\"http:\/\/www.carideal.com\/blog\/wp-content\/uploads\/2016\/03\/logo-carideal-mandataire-automobile.png\",\"width\":300,\"height\":300,\"caption\":\"Carideal\"},\"image\":{\"@id\":\"https:\/\/www.carideal.com\/blog\/#\/schema\/logo\/image\/\"},\"sameAs\":[\"https:\/\/www.facebook.com\/Carideal.mandataire.automobile\",\"https:\/\/x.com\/caridealauto\",\"https:\/\/www.instagram.com\/carideal1\/\",\"https:\/\/www.linkedin.com\/company\/carideal.com\",\"https:\/\/fr.pinterest.com\/schiavonsas\/\",\"https:\/\/www.youtube.com\/user\/caridealsas\"]},{\"@type\":\"Person\",\"@id\":\"https:\/\/www.carideal.com\/blog\/#\/schema\/person\/cd95dc7919660de90d31b366f85be1ec\",\"name\":\"Nicolas SCHIAVON\",\"image\":{\"@type\":\"ImageObject\",\"inLanguage\":\"fr-FR\",\"@id\":\"https:\/\/www.carideal.com\/blog\/#\/schema\/person\/image\/\",\"url\":\"https:\/\/secure.gravatar.com\/avatar\/c17e55009e671d92cc7f5dc837dc418a?s=96&r=g\",\"contentUrl\":\"https:\/\/secure.gravatar.com\/avatar\/c17e55009e671d92cc7f5dc837dc418a?s=96&r=g\",\"caption\":\"Nicolas SCHIAVON\"},\"description\":\"Nicolas Schiavon est tomb\u00e9 tout petit dans la marmite automobile. Ayant eu un garage de marque automobile, mandataire automobile de la premi\u00e8re heure d\u00e8s 1999. Nicolas a cr\u00e9\u00e9 ces premiers sites de vente de voiture et blog automobile d\u00e8s 1994. Carideal est n\u00e9 le 15 d\u00e9cembre 2000 de la volont\u00e9 de vendre des voitures d'occasions en ligne puis des voitures neuves. Il a pu essayer beaucoup de voitures tr\u00e8s diff\u00e9rentes et ayant eu personnellement quelques belles autos, Subaru Impreza, Mitsubishi Lancer Evo 7, Porsche 911, Ferrari Testarrossa, Audi RS3, RS4 et j'en passe...\",\"sameAs\":[\"http:\/\/www.carideal.com\",\"https:\/\/www.facebook.com\/nicolas.schiavon.39\",\"https:\/\/www.instagram.com\/carideal1\/\",\"https:\/\/www.linkedin.com\/in\/nschiavon\/\",\"https:\/\/x.com\/caridealauto\",\"https:\/\/www.youtube.com\/user\/caridealsas\/\"],\"url\":\"https:\/\/www.carideal.com\/blog\/author\/nschiavon\/\"}]}<\/script>\n<!-- \/ Yoast SEO plugin. -->","yoast_head_json":{"title":"BMW Z3 Occasion - Blog auto Carid\u00e9al","robots":{"index":"index","follow":"follow","max-snippet":"max-snippet:-1","max-image-preview":"max-image-preview:large","max-video-preview":"max-video-preview:-1"},"canonical":"https:\/\/www.carideal.com\/blog\/2009\/01\/05\/bmw-z3-d-occasion\/","og_locale":"fr_FR","og_type":"article","og_title":"BMW Z3 Occasion - Blog auto Carid\u00e9al","og_description":"Bmw Z3 occasion BMW\u00a0Z3 occasion Lorsque le BMW Z3 est sorti, la concurrence se comptait sur les doigts d'une main : Mazda MX-5, Rover MG-F, Fiat Barchetta et Alfa Romeo Spider. Chacun avait sa propre philosophie pour son achat de coup\u00e9 sportif. Il restait donc une place pour BMW. Son roadster a tr\u00e8s t\u00f4t rencontr\u00e9 ... Lire plus","og_url":"https:\/\/www.carideal.com\/blog\/2009\/01\/05\/bmw-z3-d-occasion\/","og_site_name":"Blog auto Carid\u00e9al","article_publisher":"https:\/\/www.facebook.com\/Carideal.mandataire.automobile","article_author":"https:\/\/www.facebook.com\/nicolas.schiavon.39","article_published_time":"2009-01-05T23:00:00+00:00","article_modified_time":"2020-03-08T16:59:59+00:00","og_image":[{"url":"http:\/\/www.carideal.com\/images_actualite\/bmwz3carideal-1231227222.jpg","type":"","width":"","height":""}],"author":"Nicolas SCHIAVON","twitter_card":"summary_large_image","twitter_creator":"@caridealauto","twitter_site":"@caridealauto","twitter_misc":{"\u00c9crit par":"Nicolas SCHIAVON","Dur\u00e9e de lecture estim\u00e9e":"2 minutes"},"schema":{"@context":"https:\/\/schema.org","@graph":[{"@type":"Article","@id":"https:\/\/www.carideal.com\/blog\/2009\/01\/05\/bmw-z3-d-occasion\/#article","isPartOf":{"@id":"https:\/\/www.carideal.com\/blog\/2009\/01\/05\/bmw-z3-d-occasion\/"},"author":{"name":"Nicolas SCHIAVON","@id":"https:\/\/www.carideal.com\/blog\/#\/schema\/person\/cd95dc7919660de90d31b366f85be1ec"},"headline":"BMW Z3 Occasion","datePublished":"2009-01-05T23:00:00+00:00","dateModified":"2020-03-08T16:59:59+00:00","mainEntityOfPage":{"@id":"https:\/\/www.carideal.com\/blog\/2009\/01\/05\/bmw-z3-d-occasion\/"},"wordCount":466,"commentCount":0,"publisher":{"@id":"https:\/\/www.carideal.com\/blog\/#organization"},"image":{"@id":"https:\/\/www.carideal.com\/blog\/2009\/01\/05\/bmw-z3-d-occasion\/#primaryimage"},"thumbnailUrl":"http:\/\/www.carideal.com\/images_actualite\/bmwz3carideal-1231227222.jpg","keywords":["roadster"],"articleSection":["Actualit\u00e9 automobile"],"inLanguage":"fr-FR","potentialAction":[{"@type":"CommentAction","name":"Comment","target":["https:\/\/www.carideal.com\/blog\/2009\/01\/05\/bmw-z3-d-occasion\/#respond"]}]},{"@type":"WebPage","@id":"https:\/\/www.carideal.com\/blog\/2009\/01\/05\/bmw-z3-d-occasion\/","url":"https:\/\/www.carideal.com\/blog\/2009\/01\/05\/bmw-z3-d-occasion\/","name":"BMW Z3 Occasion - Blog auto Carid\u00e9al","isPartOf":{"@id":"https:\/\/www.carideal.com\/blog\/#website"},"primaryImageOfPage":{"@id":"https:\/\/www.carideal.com\/blog\/2009\/01\/05\/bmw-z3-d-occasion\/#primaryimage"},"image":{"@id":"https:\/\/www.carideal.com\/blog\/2009\/01\/05\/bmw-z3-d-occasion\/#primaryimage"},"thumbnailUrl":"http:\/\/www.carideal.com\/images_actualite\/bmwz3carideal-1231227222.jpg","datePublished":"2009-01-05T23:00:00+00:00","dateModified":"2020-03-08T16:59:59+00:00","breadcrumb":{"@id":"https:\/\/www.carideal.com\/blog\/2009\/01\/05\/bmw-z3-d-occasion\/#breadcrumb"},"inLanguage":"fr-FR","potentialAction":[{"@type":"ReadAction","target":["https:\/\/www.carideal.com\/blog\/2009\/01\/05\/bmw-z3-d-occasion\/"]}]},{"@type":"ImageObject","inLanguage":"fr-FR","@id":"https:\/\/www.carideal.com\/blog\/2009\/01\/05\/bmw-z3-d-occasion\/#primaryimage","url":"http:\/\/www.carideal.com\/images_actualite\/bmwz3carideal-1231227222.jpg","contentUrl":"http:\/\/www.carideal.com\/images_actualite\/bmwz3carideal-1231227222.jpg"},{"@type":"BreadcrumbList","@id":"https:\/\/www.carideal.com\/blog\/2009\/01\/05\/bmw-z3-d-occasion\/#breadcrumb","itemListElement":[{"@type":"ListItem","position":1,"name":"Blog Carid\u00e9al","item":"https:\/\/www.carideal.com\/blog\/"},{"@type":"ListItem","position":2,"name":"Actualit\u00e9 automobile","item":"https:\/\/www.carideal.com\/blog\/actualites-auto\/"},{"@type":"ListItem","position":3,"name":"BMW Z3 Occasion"}]},{"@type":"WebSite","@id":"https:\/\/www.carideal.com\/blog\/#website","url":"https:\/\/www.carideal.com\/blog\/","name":"Blog auto Carid\u00e9al","description":"Actualit\u00e9 auto par des passionn\u00e9s","publisher":{"@id":"https:\/\/www.carideal.com\/blog\/#organization"},"potentialAction":[{"@type":"SearchAction","target":{"@type":"EntryPoint","urlTemplate":"https:\/\/www.carideal.com\/blog\/?s={search_term_string}"},"query-input":{"@type":"PropertyValueSpecification","valueRequired":true,"valueName":"search_term_string"}}],"inLanguage":"fr-FR"},{"@type":"Organization","@id":"https:\/\/www.carideal.com\/blog\/#organization","name":"Carideal","url":"https:\/\/www.carideal.com\/blog\/","logo":{"@type":"ImageObject","inLanguage":"fr-FR","@id":"https:\/\/www.carideal.com\/blog\/#\/schema\/logo\/image\/","url":"http:\/\/www.carideal.com\/blog\/wp-content\/uploads\/2016\/03\/logo-carideal-mandataire-automobile.png","contentUrl":"http:\/\/www.carideal.com\/blog\/wp-content\/uploads\/2016\/03\/logo-carideal-mandataire-automobile.png","width":300,"height":300,"caption":"Carideal"},"image":{"@id":"https:\/\/www.carideal.com\/blog\/#\/schema\/logo\/image\/"},"sameAs":["https:\/\/www.facebook.com\/Carideal.mandataire.automobile","https:\/\/x.com\/caridealauto","https:\/\/www.instagram.com\/carideal1\/","https:\/\/www.linkedin.com\/company\/carideal.com","https:\/\/fr.pinterest.com\/schiavonsas\/","https:\/\/www.youtube.com\/user\/caridealsas"]},{"@type":"Person","@id":"https:\/\/www.carideal.com\/blog\/#\/schema\/person\/cd95dc7919660de90d31b366f85be1ec","name":"Nicolas SCHIAVON","image":{"@type":"ImageObject","inLanguage":"fr-FR","@id":"https:\/\/www.carideal.com\/blog\/#\/schema\/person\/image\/","url":"https:\/\/secure.gravatar.com\/avatar\/c17e55009e671d92cc7f5dc837dc418a?s=96&r=g","contentUrl":"https:\/\/secure.gravatar.com\/avatar\/c17e55009e671d92cc7f5dc837dc418a?s=96&r=g","caption":"Nicolas SCHIAVON"},"description":"Nicolas Schiavon est tomb\u00e9 tout petit dans la marmite automobile. Ayant eu un garage de marque automobile, mandataire automobile de la premi\u00e8re heure d\u00e8s 1999. Nicolas a cr\u00e9\u00e9 ces premiers sites de vente de voiture et blog automobile d\u00e8s 1994. Carideal est n\u00e9 le 15 d\u00e9cembre 2000 de la volont\u00e9 de vendre des voitures d'occasions en ligne puis des voitures neuves. Il a pu essayer beaucoup de voitures tr\u00e8s diff\u00e9rentes et ayant eu personnellement quelques belles autos, Subaru Impreza, Mitsubishi Lancer Evo 7, Porsche 911, Ferrari Testarrossa, Audi RS3, RS4 et j'en passe...","sameAs":["http:\/\/www.carideal.com","https:\/\/www.facebook.com\/nicolas.schiavon.39","https:\/\/www.instagram.com\/carideal1\/","https:\/\/www.linkedin.com\/in\/nschiavon\/","https:\/\/x.com\/caridealauto","https:\/\/www.youtube.com\/user\/caridealsas\/"],"url":"https:\/\/www.carideal.com\/blog\/author\/nschiavon\/"}]}},"uagb_featured_image_src":{"full":false,"thumbnail":false,"medium":false,"medium_large":false,"large":false,"1536x1536":false,"2048x2048":false,"wppr-widget":false},"uagb_author_info":{"display_name":"Nicolas SCHIAVON","author_link":"https:\/\/www.carideal.com\/blog\/author\/nschiavon\/"},"uagb_comment_info":0,"uagb_excerpt":"Bmw Z3 occasion BMW\u00a0Z3 occasion Lorsque le BMW Z3 est sorti, la concurrence se comptait sur les doigts d'une main : Mazda MX-5, Rover MG-F, Fiat Barchetta et Alfa Romeo Spider. Chacun avait sa propre philosophie pour son achat de coup\u00e9 sportif. Il restait donc une place pour BMW. Son roadster a tr\u00e8s t\u00f4t rencontr\u00e9\u2026","_links":{"self":[{"href":"https:\/\/www.carideal.com\/blog\/wp-json\/wp\/v2\/posts\/4742"}],"collection":[{"href":"https:\/\/www.carideal.com\/blog\/wp-json\/wp\/v2\/posts"}],"about":[{"href":"https:\/\/www.carideal.com\/blog\/wp-json\/wp\/v2\/types\/post"}],"author":[{"embeddable":true,"href":"https:\/\/www.carideal.com\/blog\/wp-json\/wp\/v2\/users\/3"}],"replies":[{"embeddable":true,"href":"https:\/\/www.carideal.com\/blog\/wp-json\/wp\/v2\/comments?post=4742"}],"version-history":[{"count":0,"href":"https:\/\/www.carideal.com\/blog\/wp-json\/wp\/v2\/posts\/4742\/revisions"}],"wp:attachment":[{"href":"https:\/\/www.carideal.com\/blog\/wp-json\/wp\/v2\/media?parent=4742"}],"wp:term":[{"taxonomy":"category","embeddable":true,"href":"https:\/\/www.carideal.com\/blog\/wp-json\/wp\/v2\/categories?post=4742"},{"taxonomy":"post_tag","embeddable":true,"href":"https:\/\/www.carideal.com\/blog\/wp-json\/wp\/v2\/tags?post=4742"}],"curies":[{"name":"wp","href":"https:\/\/api.w.org\/{rel}","templated":true}]}}