{"id":4737,"date":"2008-12-31T23:00:00","date_gmt":"2008-12-31T23:00:00","guid":{"rendered":"http:\/\/www.carideal.com\/blog\/2008\/12\/31\/mercedes-classe-e-ii-d-occasion\/"},"modified":"2015-11-03T17:57:43","modified_gmt":"2015-11-03T16:57:43","slug":"mercedes-classe-e-ii-d-occasion","status":"publish","type":"post","link":"https:\/\/www.carideal.com\/blog\/2008\/12\/31\/mercedes-classe-e-ii-d-occasion\/","title":{"rendered":"Mercedes Classe E II Occasion"},"content":{"rendered":"<div><img decoding=\"async\" src=\"http:\/\/www.carideal.com\/images_actualite\/mercedesclasseeiicarideal-1230836326.jpg\" alt=\"\" \/>Mercedes lasse E II d'occasion<\/p>\n<\/div>\n<div><img decoding=\"async\" src=\"http:\/\/www.carideal.com\/images_actualite\/mercedesclasseeiiintrieurcarideal-1230836510.jpg\" alt=\"\" \/>Mercedes classe E phase II int\u00e9rieur d'occasion<\/p>\n<\/div>\n<p>Une fois habitu\u00e9 \u00e0 la sensation de lourdeur qui se d\u00e9gage au volant, le conducteur profite des excellentes prestations routi\u00e8res de cette berline statutaire. La direction pr\u00e9cise et la suspension, qui filtre admirablement les in\u00e9galit\u00e9s de la route, permettent d'enchainer les courbes \u00e0 vive allure avec assurance. Le freinage \u00e9lectrique SBC, facile \u00e0 doser, fait aussi preuve d'une grande rigueur. La gamme des motorisations propos\u00e9es s'apparente \u00e0 un annuaire. Durant sa carri\u00e8re, la Mercedes Classe E II d'occasion\u00a0a connu pas moins de huit moteurs \u00e0 essence, dont la puissance s'\u00e9chelonne de 177 ch E240 \u00e0 514 ch pour la derni\u00e8re version AMG dot\u00e9e d'un V8 6.2. En diesel, c'est \u00e0 peu pr\u00e8s la m\u00eame chanson : sept blocs se sont tour \u00e0 tour succ\u00e9d\u00e9 sous le capot, du 200 cdi de 136 ch au surpuissant 420 CDI de 314 ch. Mais c'est l'onctueux cinq cylindres 270 CDI de 177 ch qui attire le plus grand nombre de clients.<\/p>\n<p>Comme toujours dans la classe E, il suffit de s'assoir pour tomber en admiration. L'ergonomie est parfaite, avec des r\u00e9glages \u00e9lectriques de si\u00e8ges, tr\u00e8s confortables et de volant dans tous les sens, offrant une position de conduite irr\u00e9prochable. Par ailleurs, que l'on s'attarde m\u00e8tre en mains sur la largeur aux coudes, la garde au toit ou encore l'espace aux jambes, il n'y a rien absolument \u00e0 redire. raffin\u00e9, l'habitacle regorge d'\u00e9quipement, qu'il ne faut pas forc\u00e9ment piocher dans le catalogue des options, m\u00eame les versions d'entr\u00e9e de gamme classic \u00e9tant d\u00e9j\u00e0 bien dot\u00e9es. Si, \u00e0 froid, les claquements des moteurs diesels s'invitent un peu \u00e0 bord, l'insonorisation demeure tout de m\u00eame tr\u00e8s soign\u00e9e et id\u00e9ale pour profiter pleinement de la hi-fi dont la qualit\u00e9 enchantera les passagers.<\/p>\n<p>Mat\u00e9riaux de grande qualit\u00e9, bruits parasites absents, assemblages au cordeau, ajustages tr\u00e8s pr\u00e9cis : la finition m\u00e9rite la note maximale. En revanche, cot\u00e9 m\u00e9canique, les moteurs ont pos\u00e9 des probl\u00e8mes. Il faut dire qu'avec quinze blocs disponibles, les anomalies ne peuvent que se multiplier. A l'origine des d\u00e9faillances les plus fr\u00e9quentes, sur les Mercedes Classe E phase II d'occasion on notera l'\u00e9lectronique, probl\u00e9matique sur les mod\u00e8les d'avant 2003. De m\u00eame, GPS, aide au stationnement, climatisation et fermeture centralis\u00e9 ont tous subi des avaries. Sinon, les CDI ont souffert de casses du turbo, d'injecteurs d\u00e9fectueux, de pompes d'injection fragiles, de fuites de carburant...Cela dit, depuis 2003, la fiabilit\u00e9 a sensiblement progress\u00e9.<\/p>\n","protected":false},"excerpt":{"rendered":"<p>Mercedes lasse E II d&rsquo;occasion Mercedes classe E phase II int\u00e9rieur d&rsquo;occasion Une fois habitu\u00e9 \u00e0 la sensation de lourdeur qui se d\u00e9gage au volant, le conducteur profite des excellentes prestations routi\u00e8res de cette berline statutaire. La direction pr\u00e9cise et la suspension, qui filtre admirablement les in\u00e9galit\u00e9s de la route, permettent d&rsquo;enchainer les courbes \u00e0 &#8230; <a title=\"Mercedes Classe E II Occasion\" class=\"read-more\" href=\"https:\/\/www.carideal.com\/blog\/2008\/12\/31\/mercedes-classe-e-ii-d-occasion\/\" aria-label=\"En savoir plus sur Mercedes Classe E II Occasion\">Lire plus<\/a><\/p>\n","protected":false},"author":3,"featured_media":0,"comment_status":"open","ping_status":"open","sticky":false,"template":"","format":"standard","meta":{"_uag_custom_page_level_css":"","_themeisle_gutenberg_block_has_review":false,"footnotes":""},"categories":[21],"tags":[622],"class_list":["post-4737","post","type-post","status-publish","format-standard","hentry","category-actualites-auto","tag-amg"],"wppr_data":[],"yoast_head":"<!-- This site is optimized with the Yoast SEO plugin v24.8.1 - https:\/\/yoast.com\/wordpress\/plugins\/seo\/ -->\n<title>Mercedes Classe E II Occasion - Blog auto Carid\u00e9al<\/title>\n<meta name=\"robots\" content=\"index, follow, max-snippet:-1, max-image-preview:large, max-video-preview:-1\" \/>\n<link rel=\"canonical\" href=\"https:\/\/www.carideal.com\/blog\/2008\/12\/31\/mercedes-classe-e-ii-d-occasion\/\" \/>\n<meta property=\"og:locale\" content=\"fr_FR\" \/>\n<meta property=\"og:type\" content=\"article\" \/>\n<meta property=\"og:title\" content=\"Mercedes Classe E II Occasion - Blog auto Carid\u00e9al\" \/>\n<meta property=\"og:description\" content=\"Mercedes lasse E II d&#039;occasion Mercedes classe E phase II int\u00e9rieur d&#039;occasion Une fois habitu\u00e9 \u00e0 la sensation de lourdeur qui se d\u00e9gage au volant, le conducteur profite des excellentes prestations routi\u00e8res de cette berline statutaire. La direction pr\u00e9cise et la suspension, qui filtre admirablement les in\u00e9galit\u00e9s de la route, permettent d&#039;enchainer les courbes \u00e0 ... Lire plus\" \/>\n<meta property=\"og:url\" content=\"https:\/\/www.carideal.com\/blog\/2008\/12\/31\/mercedes-classe-e-ii-d-occasion\/\" \/>\n<meta property=\"og:site_name\" content=\"Blog auto Carid\u00e9al\" \/>\n<meta property=\"article:publisher\" content=\"https:\/\/www.facebook.com\/Carideal.mandataire.automobile\" \/>\n<meta property=\"article:author\" content=\"https:\/\/www.facebook.com\/nicolas.schiavon.39\" \/>\n<meta property=\"article:published_time\" content=\"2008-12-31T23:00:00+00:00\" \/>\n<meta property=\"article:modified_time\" content=\"2015-11-03T16:57:43+00:00\" \/>\n<meta property=\"og:image\" content=\"http:\/\/www.carideal.com\/images_actualite\/mercedesclasseeiicarideal-1230836326.jpg\" \/>\n<meta name=\"author\" content=\"Nicolas SCHIAVON\" \/>\n<meta name=\"twitter:card\" content=\"summary_large_image\" \/>\n<meta name=\"twitter:creator\" content=\"@caridealauto\" \/>\n<meta name=\"twitter:site\" content=\"@caridealauto\" \/>\n<meta name=\"twitter:label1\" content=\"\u00c9crit par\" \/>\n\t<meta name=\"twitter:data1\" content=\"Nicolas SCHIAVON\" \/>\n\t<meta name=\"twitter:label2\" content=\"Dur\u00e9e de lecture estim\u00e9e\" \/>\n\t<meta name=\"twitter:data2\" content=\"2 minutes\" \/>\n<script type=\"application\/ld+json\" class=\"yoast-schema-graph\">{\"@context\":\"https:\/\/schema.org\",\"@graph\":[{\"@type\":\"Article\",\"@id\":\"https:\/\/www.carideal.com\/blog\/2008\/12\/31\/mercedes-classe-e-ii-d-occasion\/#article\",\"isPartOf\":{\"@id\":\"https:\/\/www.carideal.com\/blog\/2008\/12\/31\/mercedes-classe-e-ii-d-occasion\/\"},\"author\":{\"name\":\"Nicolas SCHIAVON\",\"@id\":\"https:\/\/www.carideal.com\/blog\/#\/schema\/person\/cd95dc7919660de90d31b366f85be1ec\"},\"headline\":\"Mercedes Classe E II Occasion\",\"datePublished\":\"2008-12-31T23:00:00+00:00\",\"dateModified\":\"2015-11-03T16:57:43+00:00\",\"mainEntityOfPage\":{\"@id\":\"https:\/\/www.carideal.com\/blog\/2008\/12\/31\/mercedes-classe-e-ii-d-occasion\/\"},\"wordCount\":432,\"commentCount\":0,\"publisher\":{\"@id\":\"https:\/\/www.carideal.com\/blog\/#organization\"},\"image\":{\"@id\":\"https:\/\/www.carideal.com\/blog\/2008\/12\/31\/mercedes-classe-e-ii-d-occasion\/#primaryimage\"},\"thumbnailUrl\":\"http:\/\/www.carideal.com\/images_actualite\/mercedesclasseeiicarideal-1230836326.jpg\",\"keywords\":[\"AMG\"],\"articleSection\":[\"Actualit\u00e9 automobile\"],\"inLanguage\":\"fr-FR\",\"potentialAction\":[{\"@type\":\"CommentAction\",\"name\":\"Comment\",\"target\":[\"https:\/\/www.carideal.com\/blog\/2008\/12\/31\/mercedes-classe-e-ii-d-occasion\/#respond\"]}]},{\"@type\":\"WebPage\",\"@id\":\"https:\/\/www.carideal.com\/blog\/2008\/12\/31\/mercedes-classe-e-ii-d-occasion\/\",\"url\":\"https:\/\/www.carideal.com\/blog\/2008\/12\/31\/mercedes-classe-e-ii-d-occasion\/\",\"name\":\"Mercedes Classe E II Occasion - Blog auto Carid\u00e9al\",\"isPartOf\":{\"@id\":\"https:\/\/www.carideal.com\/blog\/#website\"},\"primaryImageOfPage\":{\"@id\":\"https:\/\/www.carideal.com\/blog\/2008\/12\/31\/mercedes-classe-e-ii-d-occasion\/#primaryimage\"},\"image\":{\"@id\":\"https:\/\/www.carideal.com\/blog\/2008\/12\/31\/mercedes-classe-e-ii-d-occasion\/#primaryimage\"},\"thumbnailUrl\":\"http:\/\/www.carideal.com\/images_actualite\/mercedesclasseeiicarideal-1230836326.jpg\",\"datePublished\":\"2008-12-31T23:00:00+00:00\",\"dateModified\":\"2015-11-03T16:57:43+00:00\",\"breadcrumb\":{\"@id\":\"https:\/\/www.carideal.com\/blog\/2008\/12\/31\/mercedes-classe-e-ii-d-occasion\/#breadcrumb\"},\"inLanguage\":\"fr-FR\",\"potentialAction\":[{\"@type\":\"ReadAction\",\"target\":[\"https:\/\/www.carideal.com\/blog\/2008\/12\/31\/mercedes-classe-e-ii-d-occasion\/\"]}]},{\"@type\":\"ImageObject\",\"inLanguage\":\"fr-FR\",\"@id\":\"https:\/\/www.carideal.com\/blog\/2008\/12\/31\/mercedes-classe-e-ii-d-occasion\/#primaryimage\",\"url\":\"http:\/\/www.carideal.com\/images_actualite\/mercedesclasseeiicarideal-1230836326.jpg\",\"contentUrl\":\"http:\/\/www.carideal.com\/images_actualite\/mercedesclasseeiicarideal-1230836326.jpg\"},{\"@type\":\"BreadcrumbList\",\"@id\":\"https:\/\/www.carideal.com\/blog\/2008\/12\/31\/mercedes-classe-e-ii-d-occasion\/#breadcrumb\",\"itemListElement\":[{\"@type\":\"ListItem\",\"position\":1,\"name\":\"Blog Carid\u00e9al\",\"item\":\"https:\/\/www.carideal.com\/blog\/\"},{\"@type\":\"ListItem\",\"position\":2,\"name\":\"Actualit\u00e9 automobile\",\"item\":\"https:\/\/www.carideal.com\/blog\/actualites-auto\/\"},{\"@type\":\"ListItem\",\"position\":3,\"name\":\"Mercedes Classe E II Occasion\"}]},{\"@type\":\"WebSite\",\"@id\":\"https:\/\/www.carideal.com\/blog\/#website\",\"url\":\"https:\/\/www.carideal.com\/blog\/\",\"name\":\"Blog auto Carid\u00e9al\",\"description\":\"Actualit\u00e9 auto par des passionn\u00e9s\",\"publisher\":{\"@id\":\"https:\/\/www.carideal.com\/blog\/#organization\"},\"potentialAction\":[{\"@type\":\"SearchAction\",\"target\":{\"@type\":\"EntryPoint\",\"urlTemplate\":\"https:\/\/www.carideal.com\/blog\/?s={search_term_string}\"},\"query-input\":{\"@type\":\"PropertyValueSpecification\",\"valueRequired\":true,\"valueName\":\"search_term_string\"}}],\"inLanguage\":\"fr-FR\"},{\"@type\":\"Organization\",\"@id\":\"https:\/\/www.carideal.com\/blog\/#organization\",\"name\":\"Carideal\",\"url\":\"https:\/\/www.carideal.com\/blog\/\",\"logo\":{\"@type\":\"ImageObject\",\"inLanguage\":\"fr-FR\",\"@id\":\"https:\/\/www.carideal.com\/blog\/#\/schema\/logo\/image\/\",\"url\":\"http:\/\/www.carideal.com\/blog\/wp-content\/uploads\/2016\/03\/logo-carideal-mandataire-automobile.png\",\"contentUrl\":\"http:\/\/www.carideal.com\/blog\/wp-content\/uploads\/2016\/03\/logo-carideal-mandataire-automobile.png\",\"width\":300,\"height\":300,\"caption\":\"Carideal\"},\"image\":{\"@id\":\"https:\/\/www.carideal.com\/blog\/#\/schema\/logo\/image\/\"},\"sameAs\":[\"https:\/\/www.facebook.com\/Carideal.mandataire.automobile\",\"https:\/\/x.com\/caridealauto\",\"https:\/\/www.instagram.com\/carideal1\/\",\"https:\/\/www.linkedin.com\/company\/carideal.com\",\"https:\/\/fr.pinterest.com\/schiavonsas\/\",\"https:\/\/www.youtube.com\/user\/caridealsas\"]},{\"@type\":\"Person\",\"@id\":\"https:\/\/www.carideal.com\/blog\/#\/schema\/person\/cd95dc7919660de90d31b366f85be1ec\",\"name\":\"Nicolas SCHIAVON\",\"image\":{\"@type\":\"ImageObject\",\"inLanguage\":\"fr-FR\",\"@id\":\"https:\/\/www.carideal.com\/blog\/#\/schema\/person\/image\/\",\"url\":\"https:\/\/secure.gravatar.com\/avatar\/c17e55009e671d92cc7f5dc837dc418a?s=96&r=g\",\"contentUrl\":\"https:\/\/secure.gravatar.com\/avatar\/c17e55009e671d92cc7f5dc837dc418a?s=96&r=g\",\"caption\":\"Nicolas SCHIAVON\"},\"description\":\"Nicolas Schiavon est tomb\u00e9 tout petit dans la marmite automobile. Ayant eu un garage de marque automobile, mandataire automobile de la premi\u00e8re heure d\u00e8s 1999. Nicolas a cr\u00e9\u00e9 ces premiers sites de vente de voiture et blog automobile d\u00e8s 1994. Carideal est n\u00e9 le 15 d\u00e9cembre 2000 de la volont\u00e9 de vendre des voitures d'occasions en ligne puis des voitures neuves. Il a pu essayer beaucoup de voitures tr\u00e8s diff\u00e9rentes et ayant eu personnellement quelques belles autos, Subaru Impreza, Mitsubishi Lancer Evo 7, Porsche 911, Ferrari Testarrossa, Audi RS3, RS4 et j'en passe...\",\"sameAs\":[\"http:\/\/www.carideal.com\",\"https:\/\/www.facebook.com\/nicolas.schiavon.39\",\"https:\/\/www.instagram.com\/carideal1\/\",\"https:\/\/www.linkedin.com\/in\/nschiavon\/\",\"https:\/\/x.com\/caridealauto\",\"https:\/\/www.youtube.com\/user\/caridealsas\/\"],\"url\":\"https:\/\/www.carideal.com\/blog\/author\/nschiavon\/\"}]}<\/script>\n<!-- \/ Yoast SEO plugin. -->","yoast_head_json":{"title":"Mercedes Classe E II Occasion - Blog auto Carid\u00e9al","robots":{"index":"index","follow":"follow","max-snippet":"max-snippet:-1","max-image-preview":"max-image-preview:large","max-video-preview":"max-video-preview:-1"},"canonical":"https:\/\/www.carideal.com\/blog\/2008\/12\/31\/mercedes-classe-e-ii-d-occasion\/","og_locale":"fr_FR","og_type":"article","og_title":"Mercedes Classe E II Occasion - Blog auto Carid\u00e9al","og_description":"Mercedes lasse E II d'occasion Mercedes classe E phase II int\u00e9rieur d'occasion Une fois habitu\u00e9 \u00e0 la sensation de lourdeur qui se d\u00e9gage au volant, le conducteur profite des excellentes prestations routi\u00e8res de cette berline statutaire. La direction pr\u00e9cise et la suspension, qui filtre admirablement les in\u00e9galit\u00e9s de la route, permettent d'enchainer les courbes \u00e0 ... Lire plus","og_url":"https:\/\/www.carideal.com\/blog\/2008\/12\/31\/mercedes-classe-e-ii-d-occasion\/","og_site_name":"Blog auto Carid\u00e9al","article_publisher":"https:\/\/www.facebook.com\/Carideal.mandataire.automobile","article_author":"https:\/\/www.facebook.com\/nicolas.schiavon.39","article_published_time":"2008-12-31T23:00:00+00:00","article_modified_time":"2015-11-03T16:57:43+00:00","og_image":[{"url":"http:\/\/www.carideal.com\/images_actualite\/mercedesclasseeiicarideal-1230836326.jpg","type":"","width":"","height":""}],"author":"Nicolas SCHIAVON","twitter_card":"summary_large_image","twitter_creator":"@caridealauto","twitter_site":"@caridealauto","twitter_misc":{"\u00c9crit par":"Nicolas SCHIAVON","Dur\u00e9e de lecture estim\u00e9e":"2 minutes"},"schema":{"@context":"https:\/\/schema.org","@graph":[{"@type":"Article","@id":"https:\/\/www.carideal.com\/blog\/2008\/12\/31\/mercedes-classe-e-ii-d-occasion\/#article","isPartOf":{"@id":"https:\/\/www.carideal.com\/blog\/2008\/12\/31\/mercedes-classe-e-ii-d-occasion\/"},"author":{"name":"Nicolas SCHIAVON","@id":"https:\/\/www.carideal.com\/blog\/#\/schema\/person\/cd95dc7919660de90d31b366f85be1ec"},"headline":"Mercedes Classe E II Occasion","datePublished":"2008-12-31T23:00:00+00:00","dateModified":"2015-11-03T16:57:43+00:00","mainEntityOfPage":{"@id":"https:\/\/www.carideal.com\/blog\/2008\/12\/31\/mercedes-classe-e-ii-d-occasion\/"},"wordCount":432,"commentCount":0,"publisher":{"@id":"https:\/\/www.carideal.com\/blog\/#organization"},"image":{"@id":"https:\/\/www.carideal.com\/blog\/2008\/12\/31\/mercedes-classe-e-ii-d-occasion\/#primaryimage"},"thumbnailUrl":"http:\/\/www.carideal.com\/images_actualite\/mercedesclasseeiicarideal-1230836326.jpg","keywords":["AMG"],"articleSection":["Actualit\u00e9 automobile"],"inLanguage":"fr-FR","potentialAction":[{"@type":"CommentAction","name":"Comment","target":["https:\/\/www.carideal.com\/blog\/2008\/12\/31\/mercedes-classe-e-ii-d-occasion\/#respond"]}]},{"@type":"WebPage","@id":"https:\/\/www.carideal.com\/blog\/2008\/12\/31\/mercedes-classe-e-ii-d-occasion\/","url":"https:\/\/www.carideal.com\/blog\/2008\/12\/31\/mercedes-classe-e-ii-d-occasion\/","name":"Mercedes Classe E II Occasion - Blog auto Carid\u00e9al","isPartOf":{"@id":"https:\/\/www.carideal.com\/blog\/#website"},"primaryImageOfPage":{"@id":"https:\/\/www.carideal.com\/blog\/2008\/12\/31\/mercedes-classe-e-ii-d-occasion\/#primaryimage"},"image":{"@id":"https:\/\/www.carideal.com\/blog\/2008\/12\/31\/mercedes-classe-e-ii-d-occasion\/#primaryimage"},"thumbnailUrl":"http:\/\/www.carideal.com\/images_actualite\/mercedesclasseeiicarideal-1230836326.jpg","datePublished":"2008-12-31T23:00:00+00:00","dateModified":"2015-11-03T16:57:43+00:00","breadcrumb":{"@id":"https:\/\/www.carideal.com\/blog\/2008\/12\/31\/mercedes-classe-e-ii-d-occasion\/#breadcrumb"},"inLanguage":"fr-FR","potentialAction":[{"@type":"ReadAction","target":["https:\/\/www.carideal.com\/blog\/2008\/12\/31\/mercedes-classe-e-ii-d-occasion\/"]}]},{"@type":"ImageObject","inLanguage":"fr-FR","@id":"https:\/\/www.carideal.com\/blog\/2008\/12\/31\/mercedes-classe-e-ii-d-occasion\/#primaryimage","url":"http:\/\/www.carideal.com\/images_actualite\/mercedesclasseeiicarideal-1230836326.jpg","contentUrl":"http:\/\/www.carideal.com\/images_actualite\/mercedesclasseeiicarideal-1230836326.jpg"},{"@type":"BreadcrumbList","@id":"https:\/\/www.carideal.com\/blog\/2008\/12\/31\/mercedes-classe-e-ii-d-occasion\/#breadcrumb","itemListElement":[{"@type":"ListItem","position":1,"name":"Blog Carid\u00e9al","item":"https:\/\/www.carideal.com\/blog\/"},{"@type":"ListItem","position":2,"name":"Actualit\u00e9 automobile","item":"https:\/\/www.carideal.com\/blog\/actualites-auto\/"},{"@type":"ListItem","position":3,"name":"Mercedes Classe E II Occasion"}]},{"@type":"WebSite","@id":"https:\/\/www.carideal.com\/blog\/#website","url":"https:\/\/www.carideal.com\/blog\/","name":"Blog auto Carid\u00e9al","description":"Actualit\u00e9 auto par des passionn\u00e9s","publisher":{"@id":"https:\/\/www.carideal.com\/blog\/#organization"},"potentialAction":[{"@type":"SearchAction","target":{"@type":"EntryPoint","urlTemplate":"https:\/\/www.carideal.com\/blog\/?s={search_term_string}"},"query-input":{"@type":"PropertyValueSpecification","valueRequired":true,"valueName":"search_term_string"}}],"inLanguage":"fr-FR"},{"@type":"Organization","@id":"https:\/\/www.carideal.com\/blog\/#organization","name":"Carideal","url":"https:\/\/www.carideal.com\/blog\/","logo":{"@type":"ImageObject","inLanguage":"fr-FR","@id":"https:\/\/www.carideal.com\/blog\/#\/schema\/logo\/image\/","url":"http:\/\/www.carideal.com\/blog\/wp-content\/uploads\/2016\/03\/logo-carideal-mandataire-automobile.png","contentUrl":"http:\/\/www.carideal.com\/blog\/wp-content\/uploads\/2016\/03\/logo-carideal-mandataire-automobile.png","width":300,"height":300,"caption":"Carideal"},"image":{"@id":"https:\/\/www.carideal.com\/blog\/#\/schema\/logo\/image\/"},"sameAs":["https:\/\/www.facebook.com\/Carideal.mandataire.automobile","https:\/\/x.com\/caridealauto","https:\/\/www.instagram.com\/carideal1\/","https:\/\/www.linkedin.com\/company\/carideal.com","https:\/\/fr.pinterest.com\/schiavonsas\/","https:\/\/www.youtube.com\/user\/caridealsas"]},{"@type":"Person","@id":"https:\/\/www.carideal.com\/blog\/#\/schema\/person\/cd95dc7919660de90d31b366f85be1ec","name":"Nicolas SCHIAVON","image":{"@type":"ImageObject","inLanguage":"fr-FR","@id":"https:\/\/www.carideal.com\/blog\/#\/schema\/person\/image\/","url":"https:\/\/secure.gravatar.com\/avatar\/c17e55009e671d92cc7f5dc837dc418a?s=96&r=g","contentUrl":"https:\/\/secure.gravatar.com\/avatar\/c17e55009e671d92cc7f5dc837dc418a?s=96&r=g","caption":"Nicolas SCHIAVON"},"description":"Nicolas Schiavon est tomb\u00e9 tout petit dans la marmite automobile. Ayant eu un garage de marque automobile, mandataire automobile de la premi\u00e8re heure d\u00e8s 1999. Nicolas a cr\u00e9\u00e9 ces premiers sites de vente de voiture et blog automobile d\u00e8s 1994. Carideal est n\u00e9 le 15 d\u00e9cembre 2000 de la volont\u00e9 de vendre des voitures d'occasions en ligne puis des voitures neuves. Il a pu essayer beaucoup de voitures tr\u00e8s diff\u00e9rentes et ayant eu personnellement quelques belles autos, Subaru Impreza, Mitsubishi Lancer Evo 7, Porsche 911, Ferrari Testarrossa, Audi RS3, RS4 et j'en passe...","sameAs":["http:\/\/www.carideal.com","https:\/\/www.facebook.com\/nicolas.schiavon.39","https:\/\/www.instagram.com\/carideal1\/","https:\/\/www.linkedin.com\/in\/nschiavon\/","https:\/\/x.com\/caridealauto","https:\/\/www.youtube.com\/user\/caridealsas\/"],"url":"https:\/\/www.carideal.com\/blog\/author\/nschiavon\/"}]}},"uagb_featured_image_src":{"full":false,"thumbnail":false,"medium":false,"medium_large":false,"large":false,"1536x1536":false,"2048x2048":false,"wppr-widget":false},"uagb_author_info":{"display_name":"Nicolas SCHIAVON","author_link":"https:\/\/www.carideal.com\/blog\/author\/nschiavon\/"},"uagb_comment_info":0,"uagb_excerpt":"Mercedes lasse E II d'occasion Mercedes classe E phase II int\u00e9rieur d'occasion Une fois habitu\u00e9 \u00e0 la sensation de lourdeur qui se d\u00e9gage au volant, le conducteur profite des excellentes prestations routi\u00e8res de cette berline statutaire. La direction pr\u00e9cise et la suspension, qui filtre admirablement les in\u00e9galit\u00e9s de la route, permettent d'enchainer les courbes \u00e0\u2026","_links":{"self":[{"href":"https:\/\/www.carideal.com\/blog\/wp-json\/wp\/v2\/posts\/4737"}],"collection":[{"href":"https:\/\/www.carideal.com\/blog\/wp-json\/wp\/v2\/posts"}],"about":[{"href":"https:\/\/www.carideal.com\/blog\/wp-json\/wp\/v2\/types\/post"}],"author":[{"embeddable":true,"href":"https:\/\/www.carideal.com\/blog\/wp-json\/wp\/v2\/users\/3"}],"replies":[{"embeddable":true,"href":"https:\/\/www.carideal.com\/blog\/wp-json\/wp\/v2\/comments?post=4737"}],"version-history":[{"count":0,"href":"https:\/\/www.carideal.com\/blog\/wp-json\/wp\/v2\/posts\/4737\/revisions"}],"wp:attachment":[{"href":"https:\/\/www.carideal.com\/blog\/wp-json\/wp\/v2\/media?parent=4737"}],"wp:term":[{"taxonomy":"category","embeddable":true,"href":"https:\/\/www.carideal.com\/blog\/wp-json\/wp\/v2\/categories?post=4737"},{"taxonomy":"post_tag","embeddable":true,"href":"https:\/\/www.carideal.com\/blog\/wp-json\/wp\/v2\/tags?post=4737"}],"curies":[{"name":"wp","href":"https:\/\/api.w.org\/{rel}","templated":true}]}}