{"id":4736,"date":"2008-12-31T23:00:00","date_gmt":"2008-12-31T23:00:00","guid":{"rendered":"http:\/\/www.carideal.com\/blog\/2008\/12\/31\/mercedes-classe-e-i-d-occasion\/"},"modified":"2015-11-03T18:04:22","modified_gmt":"2015-11-03T17:04:22","slug":"mercedes-classe-e-i-d-occasion","status":"publish","type":"post","link":"https:\/\/www.carideal.com\/blog\/2008\/12\/31\/mercedes-classe-e-i-d-occasion\/","title":{"rendered":"Mercedes Classe E Phase I occasion"},"content":{"rendered":"<div>\n<p><img decoding=\"async\" src=\"http:\/\/www.carideal.com\/images_actualite\/mercedesclasseeicarideal-1230833202.jpg\" alt=\"\" \/>Mercedes lasse E I d'occasion<\/p>\n<\/div>\n<div>\n<p><img decoding=\"async\" src=\"http:\/\/www.carideal.com\/images_actualite\/mercedesclasseeiintrieurcarideal-1230833435.jpg\" alt=\"\" \/>Mercedes classe E phase I int\u00e9rieur d'occasion<\/p>\n<\/div>\n<p>Contrairement \u00e0 ce que son poids et son gabarit peuvent laisser penser, la Mercedes classe E d'occasion \u00e9tonne par sa maniabilit\u00e9. Sa direction douce et son rayon de braquage r\u00e9duit permettent \u00e0 cette berline de 4.80 m d'\u00e9voluer avec aisance en ville. De plus, elle peut compter sur une confortable boite automatique, qu'il vaut d'ailleurs mieux privil\u00e9gier face aux transmissions m\u00e9caniques \u00e0 la commande souvent trop lente. Le terrain de jeu favori de cette Mercedes d'occasion reste n\u00e9anmoins l'autoroute o\u00f9 son confort de roulement et ses moteurs autorisent de long trajets sans fatigue. En diesel, les meilleurs versions restent les E220 CDI de 125 puis 143 ch et E270 CDI de 170 ch. Cot\u00e9 essence, le budget carburant est globalement \u00e9lev\u00e9 mais la douceur de fonctionnement est toujours de mise, exception faite des exclusives et sportives versions E50 et E55 pr\u00e9par\u00e9es par AMG.<\/p>\n<p>Espace aux jambes, garde au toit et largeur aux coudes : la Mercedes classe E phase I ne compte pas. L'habitabilit\u00e9 est en effet l'un des points forts de la berline allemande d'occasion. De m\u00eame, le coffre dispose d'un volume de chargement avantageux de 520 litres et m\u00eame 600 litres dans le break, en configuration cinq places. Si l'ambiance \u00e0 bord n'est pas des plus chaleureuses, l'ergonomie se montre soign\u00e9e et les commandes tombent bien sous la main. Comme indiqu\u00e9 dans le pr\u00e9c\u00e9dent chapitre, le confort de roulement donne satisfaction malgr\u00e9 une sellerie plut\u00f4t ferme. Le niveau d'\u00e9quipement des versions d'entr\u00e9e de gamme et de d\u00e9but de carri\u00e8re demeure finalement le principal d\u00e9faut de cette Mercedes. Il est donc pr\u00e9f\u00e9rable de s'int\u00e9resser \u00e0 des mod\u00e8les pourvus d'options ou commercialis\u00e9s apr\u00e8s 1999 pour h\u00e9riter d'une voiture dignement dot\u00e9e.<\/p>\n<p>Pour son achat en Occasion, il faudra consid\u00e9rer, le nombre de pannes rencontr\u00e9es par ce mod\u00e8le est tout juste acceptable pour une Mercedes. les E220 D et E290 TD sont notamment \u00e9quip\u00e9es de moteurs parfois fragiles. La 2.2 atmosph\u00e9rique utilise une pompe d'injection \u00e0 la ur\u00e9e de vie limit\u00e9e et le 2.9 turbo connait des soucis de surchauffe. Les V6 \u00e0 essence sont les moins concern\u00e9s par les d\u00e9faillances m\u00e9caniques. En revanche, les boites automatiques qui leur sont souvent associ\u00e9es sont \u00e0 surveiller. Contrairement \u00e0 ce que Mercedes pr\u00e9conise, il vaut mieux les vidanger, \u00e0 titre pr\u00e9ventif, tous les 120000 km. Quant \u00e0 la finition, c'est du s\u00e9rieux et les mat\u00e9riaux sont pr\u00e9vus pour durer. La Mercedes classe E phase I a \u00e9t\u00e9 fabriqu\u00e9 de 1995 \u00e0 2002 et a \u00e9t\u00e9 restyl\u00e9 en septembre 1999. Il y en\u00a0a 62500 en circulation.<\/p>\n","protected":false},"excerpt":{"rendered":"<p>Mercedes lasse E I d&rsquo;occasion Mercedes classe E phase I int\u00e9rieur d&rsquo;occasion Contrairement \u00e0 ce que son poids et son gabarit peuvent laisser penser, la Mercedes classe E d&rsquo;occasion \u00e9tonne par sa maniabilit\u00e9. Sa direction douce et son rayon de braquage r\u00e9duit permettent \u00e0 cette berline de 4.80 m d&rsquo;\u00e9voluer avec aisance en ville. De &#8230; <a title=\"Mercedes Classe E Phase I occasion\" class=\"read-more\" href=\"https:\/\/www.carideal.com\/blog\/2008\/12\/31\/mercedes-classe-e-i-d-occasion\/\" aria-label=\"En savoir plus sur Mercedes Classe E Phase I occasion\">Lire plus<\/a><\/p>\n","protected":false},"author":3,"featured_media":0,"comment_status":"open","ping_status":"open","sticky":false,"template":"","format":"standard","meta":{"_uag_custom_page_level_css":"","_themeisle_gutenberg_block_has_review":false,"footnotes":""},"categories":[21],"tags":[622],"class_list":["post-4736","post","type-post","status-publish","format-standard","hentry","category-actualites-auto","tag-amg"],"wppr_data":[],"yoast_head":"<!-- This site is optimized with the Yoast SEO plugin v24.8.1 - https:\/\/yoast.com\/wordpress\/plugins\/seo\/ -->\n<title>Mercedes Classe E Phase I occasion - Blog auto Carid\u00e9al<\/title>\n<meta name=\"robots\" content=\"index, follow, max-snippet:-1, max-image-preview:large, max-video-preview:-1\" \/>\n<link rel=\"canonical\" href=\"https:\/\/www.carideal.com\/blog\/2008\/12\/31\/mercedes-classe-e-i-d-occasion\/\" \/>\n<meta property=\"og:locale\" content=\"fr_FR\" \/>\n<meta property=\"og:type\" content=\"article\" \/>\n<meta property=\"og:title\" content=\"Mercedes Classe E Phase I occasion - Blog auto Carid\u00e9al\" \/>\n<meta property=\"og:description\" content=\"Mercedes lasse E I d&#039;occasion Mercedes classe E phase I int\u00e9rieur d&#039;occasion Contrairement \u00e0 ce que son poids et son gabarit peuvent laisser penser, la Mercedes classe E d&#039;occasion \u00e9tonne par sa maniabilit\u00e9. Sa direction douce et son rayon de braquage r\u00e9duit permettent \u00e0 cette berline de 4.80 m d&#039;\u00e9voluer avec aisance en ville. De ... Lire plus\" \/>\n<meta property=\"og:url\" content=\"https:\/\/www.carideal.com\/blog\/2008\/12\/31\/mercedes-classe-e-i-d-occasion\/\" \/>\n<meta property=\"og:site_name\" content=\"Blog auto Carid\u00e9al\" \/>\n<meta property=\"article:publisher\" content=\"https:\/\/www.facebook.com\/Carideal.mandataire.automobile\" \/>\n<meta property=\"article:author\" content=\"https:\/\/www.facebook.com\/nicolas.schiavon.39\" \/>\n<meta property=\"article:published_time\" content=\"2008-12-31T23:00:00+00:00\" \/>\n<meta property=\"article:modified_time\" content=\"2015-11-03T17:04:22+00:00\" \/>\n<meta property=\"og:image\" content=\"http:\/\/www.carideal.com\/images_actualite\/mercedesclasseeicarideal-1230833202.jpg\" \/>\n<meta name=\"author\" content=\"Nicolas SCHIAVON\" \/>\n<meta name=\"twitter:card\" content=\"summary_large_image\" \/>\n<meta name=\"twitter:creator\" content=\"@caridealauto\" \/>\n<meta name=\"twitter:site\" content=\"@caridealauto\" \/>\n<meta name=\"twitter:label1\" content=\"\u00c9crit par\" \/>\n\t<meta name=\"twitter:data1\" content=\"Nicolas SCHIAVON\" \/>\n\t<meta name=\"twitter:label2\" content=\"Dur\u00e9e de lecture estim\u00e9e\" \/>\n\t<meta name=\"twitter:data2\" content=\"2 minutes\" \/>\n<script type=\"application\/ld+json\" class=\"yoast-schema-graph\">{\"@context\":\"https:\/\/schema.org\",\"@graph\":[{\"@type\":\"Article\",\"@id\":\"https:\/\/www.carideal.com\/blog\/2008\/12\/31\/mercedes-classe-e-i-d-occasion\/#article\",\"isPartOf\":{\"@id\":\"https:\/\/www.carideal.com\/blog\/2008\/12\/31\/mercedes-classe-e-i-d-occasion\/\"},\"author\":{\"name\":\"Nicolas SCHIAVON\",\"@id\":\"https:\/\/www.carideal.com\/blog\/#\/schema\/person\/cd95dc7919660de90d31b366f85be1ec\"},\"headline\":\"Mercedes Classe E Phase I occasion\",\"datePublished\":\"2008-12-31T23:00:00+00:00\",\"dateModified\":\"2015-11-03T17:04:22+00:00\",\"mainEntityOfPage\":{\"@id\":\"https:\/\/www.carideal.com\/blog\/2008\/12\/31\/mercedes-classe-e-i-d-occasion\/\"},\"wordCount\":456,\"commentCount\":0,\"publisher\":{\"@id\":\"https:\/\/www.carideal.com\/blog\/#organization\"},\"image\":{\"@id\":\"https:\/\/www.carideal.com\/blog\/2008\/12\/31\/mercedes-classe-e-i-d-occasion\/#primaryimage\"},\"thumbnailUrl\":\"http:\/\/www.carideal.com\/images_actualite\/mercedesclasseeicarideal-1230833202.jpg\",\"keywords\":[\"AMG\"],\"articleSection\":[\"Actualit\u00e9 automobile\"],\"inLanguage\":\"fr-FR\",\"potentialAction\":[{\"@type\":\"CommentAction\",\"name\":\"Comment\",\"target\":[\"https:\/\/www.carideal.com\/blog\/2008\/12\/31\/mercedes-classe-e-i-d-occasion\/#respond\"]}]},{\"@type\":\"WebPage\",\"@id\":\"https:\/\/www.carideal.com\/blog\/2008\/12\/31\/mercedes-classe-e-i-d-occasion\/\",\"url\":\"https:\/\/www.carideal.com\/blog\/2008\/12\/31\/mercedes-classe-e-i-d-occasion\/\",\"name\":\"Mercedes Classe E Phase I occasion - Blog auto Carid\u00e9al\",\"isPartOf\":{\"@id\":\"https:\/\/www.carideal.com\/blog\/#website\"},\"primaryImageOfPage\":{\"@id\":\"https:\/\/www.carideal.com\/blog\/2008\/12\/31\/mercedes-classe-e-i-d-occasion\/#primaryimage\"},\"image\":{\"@id\":\"https:\/\/www.carideal.com\/blog\/2008\/12\/31\/mercedes-classe-e-i-d-occasion\/#primaryimage\"},\"thumbnailUrl\":\"http:\/\/www.carideal.com\/images_actualite\/mercedesclasseeicarideal-1230833202.jpg\",\"datePublished\":\"2008-12-31T23:00:00+00:00\",\"dateModified\":\"2015-11-03T17:04:22+00:00\",\"breadcrumb\":{\"@id\":\"https:\/\/www.carideal.com\/blog\/2008\/12\/31\/mercedes-classe-e-i-d-occasion\/#breadcrumb\"},\"inLanguage\":\"fr-FR\",\"potentialAction\":[{\"@type\":\"ReadAction\",\"target\":[\"https:\/\/www.carideal.com\/blog\/2008\/12\/31\/mercedes-classe-e-i-d-occasion\/\"]}]},{\"@type\":\"ImageObject\",\"inLanguage\":\"fr-FR\",\"@id\":\"https:\/\/www.carideal.com\/blog\/2008\/12\/31\/mercedes-classe-e-i-d-occasion\/#primaryimage\",\"url\":\"http:\/\/www.carideal.com\/images_actualite\/mercedesclasseeicarideal-1230833202.jpg\",\"contentUrl\":\"http:\/\/www.carideal.com\/images_actualite\/mercedesclasseeicarideal-1230833202.jpg\"},{\"@type\":\"BreadcrumbList\",\"@id\":\"https:\/\/www.carideal.com\/blog\/2008\/12\/31\/mercedes-classe-e-i-d-occasion\/#breadcrumb\",\"itemListElement\":[{\"@type\":\"ListItem\",\"position\":1,\"name\":\"Blog Carid\u00e9al\",\"item\":\"https:\/\/www.carideal.com\/blog\/\"},{\"@type\":\"ListItem\",\"position\":2,\"name\":\"Actualit\u00e9 automobile\",\"item\":\"https:\/\/www.carideal.com\/blog\/actualites-auto\/\"},{\"@type\":\"ListItem\",\"position\":3,\"name\":\"Mercedes Classe E Phase I occasion\"}]},{\"@type\":\"WebSite\",\"@id\":\"https:\/\/www.carideal.com\/blog\/#website\",\"url\":\"https:\/\/www.carideal.com\/blog\/\",\"name\":\"Blog auto Carid\u00e9al\",\"description\":\"Actualit\u00e9 auto par des passionn\u00e9s\",\"publisher\":{\"@id\":\"https:\/\/www.carideal.com\/blog\/#organization\"},\"potentialAction\":[{\"@type\":\"SearchAction\",\"target\":{\"@type\":\"EntryPoint\",\"urlTemplate\":\"https:\/\/www.carideal.com\/blog\/?s={search_term_string}\"},\"query-input\":{\"@type\":\"PropertyValueSpecification\",\"valueRequired\":true,\"valueName\":\"search_term_string\"}}],\"inLanguage\":\"fr-FR\"},{\"@type\":\"Organization\",\"@id\":\"https:\/\/www.carideal.com\/blog\/#organization\",\"name\":\"Carideal\",\"url\":\"https:\/\/www.carideal.com\/blog\/\",\"logo\":{\"@type\":\"ImageObject\",\"inLanguage\":\"fr-FR\",\"@id\":\"https:\/\/www.carideal.com\/blog\/#\/schema\/logo\/image\/\",\"url\":\"http:\/\/www.carideal.com\/blog\/wp-content\/uploads\/2016\/03\/logo-carideal-mandataire-automobile.png\",\"contentUrl\":\"http:\/\/www.carideal.com\/blog\/wp-content\/uploads\/2016\/03\/logo-carideal-mandataire-automobile.png\",\"width\":300,\"height\":300,\"caption\":\"Carideal\"},\"image\":{\"@id\":\"https:\/\/www.carideal.com\/blog\/#\/schema\/logo\/image\/\"},\"sameAs\":[\"https:\/\/www.facebook.com\/Carideal.mandataire.automobile\",\"https:\/\/x.com\/caridealauto\",\"https:\/\/www.instagram.com\/carideal1\/\",\"https:\/\/www.linkedin.com\/company\/carideal.com\",\"https:\/\/fr.pinterest.com\/schiavonsas\/\",\"https:\/\/www.youtube.com\/user\/caridealsas\"]},{\"@type\":\"Person\",\"@id\":\"https:\/\/www.carideal.com\/blog\/#\/schema\/person\/cd95dc7919660de90d31b366f85be1ec\",\"name\":\"Nicolas SCHIAVON\",\"image\":{\"@type\":\"ImageObject\",\"inLanguage\":\"fr-FR\",\"@id\":\"https:\/\/www.carideal.com\/blog\/#\/schema\/person\/image\/\",\"url\":\"https:\/\/secure.gravatar.com\/avatar\/c17e55009e671d92cc7f5dc837dc418a?s=96&r=g\",\"contentUrl\":\"https:\/\/secure.gravatar.com\/avatar\/c17e55009e671d92cc7f5dc837dc418a?s=96&r=g\",\"caption\":\"Nicolas SCHIAVON\"},\"description\":\"Nicolas Schiavon est tomb\u00e9 tout petit dans la marmite automobile. Ayant eu un garage de marque automobile, mandataire automobile de la premi\u00e8re heure d\u00e8s 1999. Nicolas a cr\u00e9\u00e9 ces premiers sites de vente de voiture et blog automobile d\u00e8s 1994. Carideal est n\u00e9 le 15 d\u00e9cembre 2000 de la volont\u00e9 de vendre des voitures d'occasions en ligne puis des voitures neuves. Il a pu essayer beaucoup de voitures tr\u00e8s diff\u00e9rentes et ayant eu personnellement quelques belles autos, Subaru Impreza, Mitsubishi Lancer Evo 7, Porsche 911, Ferrari Testarrossa, Audi RS3, RS4 et j'en passe...\",\"sameAs\":[\"http:\/\/www.carideal.com\",\"https:\/\/www.facebook.com\/nicolas.schiavon.39\",\"https:\/\/www.instagram.com\/carideal1\/\",\"https:\/\/www.linkedin.com\/in\/nschiavon\/\",\"https:\/\/x.com\/caridealauto\",\"https:\/\/www.youtube.com\/user\/caridealsas\/\"],\"url\":\"https:\/\/www.carideal.com\/blog\/author\/nschiavon\/\"}]}<\/script>\n<!-- \/ Yoast SEO plugin. -->","yoast_head_json":{"title":"Mercedes Classe E Phase I occasion - Blog auto Carid\u00e9al","robots":{"index":"index","follow":"follow","max-snippet":"max-snippet:-1","max-image-preview":"max-image-preview:large","max-video-preview":"max-video-preview:-1"},"canonical":"https:\/\/www.carideal.com\/blog\/2008\/12\/31\/mercedes-classe-e-i-d-occasion\/","og_locale":"fr_FR","og_type":"article","og_title":"Mercedes Classe E Phase I occasion - Blog auto Carid\u00e9al","og_description":"Mercedes lasse E I d'occasion Mercedes classe E phase I int\u00e9rieur d'occasion Contrairement \u00e0 ce que son poids et son gabarit peuvent laisser penser, la Mercedes classe E d'occasion \u00e9tonne par sa maniabilit\u00e9. Sa direction douce et son rayon de braquage r\u00e9duit permettent \u00e0 cette berline de 4.80 m d'\u00e9voluer avec aisance en ville. De ... Lire plus","og_url":"https:\/\/www.carideal.com\/blog\/2008\/12\/31\/mercedes-classe-e-i-d-occasion\/","og_site_name":"Blog auto Carid\u00e9al","article_publisher":"https:\/\/www.facebook.com\/Carideal.mandataire.automobile","article_author":"https:\/\/www.facebook.com\/nicolas.schiavon.39","article_published_time":"2008-12-31T23:00:00+00:00","article_modified_time":"2015-11-03T17:04:22+00:00","og_image":[{"url":"http:\/\/www.carideal.com\/images_actualite\/mercedesclasseeicarideal-1230833202.jpg","type":"","width":"","height":""}],"author":"Nicolas SCHIAVON","twitter_card":"summary_large_image","twitter_creator":"@caridealauto","twitter_site":"@caridealauto","twitter_misc":{"\u00c9crit par":"Nicolas SCHIAVON","Dur\u00e9e de lecture estim\u00e9e":"2 minutes"},"schema":{"@context":"https:\/\/schema.org","@graph":[{"@type":"Article","@id":"https:\/\/www.carideal.com\/blog\/2008\/12\/31\/mercedes-classe-e-i-d-occasion\/#article","isPartOf":{"@id":"https:\/\/www.carideal.com\/blog\/2008\/12\/31\/mercedes-classe-e-i-d-occasion\/"},"author":{"name":"Nicolas SCHIAVON","@id":"https:\/\/www.carideal.com\/blog\/#\/schema\/person\/cd95dc7919660de90d31b366f85be1ec"},"headline":"Mercedes Classe E Phase I occasion","datePublished":"2008-12-31T23:00:00+00:00","dateModified":"2015-11-03T17:04:22+00:00","mainEntityOfPage":{"@id":"https:\/\/www.carideal.com\/blog\/2008\/12\/31\/mercedes-classe-e-i-d-occasion\/"},"wordCount":456,"commentCount":0,"publisher":{"@id":"https:\/\/www.carideal.com\/blog\/#organization"},"image":{"@id":"https:\/\/www.carideal.com\/blog\/2008\/12\/31\/mercedes-classe-e-i-d-occasion\/#primaryimage"},"thumbnailUrl":"http:\/\/www.carideal.com\/images_actualite\/mercedesclasseeicarideal-1230833202.jpg","keywords":["AMG"],"articleSection":["Actualit\u00e9 automobile"],"inLanguage":"fr-FR","potentialAction":[{"@type":"CommentAction","name":"Comment","target":["https:\/\/www.carideal.com\/blog\/2008\/12\/31\/mercedes-classe-e-i-d-occasion\/#respond"]}]},{"@type":"WebPage","@id":"https:\/\/www.carideal.com\/blog\/2008\/12\/31\/mercedes-classe-e-i-d-occasion\/","url":"https:\/\/www.carideal.com\/blog\/2008\/12\/31\/mercedes-classe-e-i-d-occasion\/","name":"Mercedes Classe E Phase I occasion - Blog auto Carid\u00e9al","isPartOf":{"@id":"https:\/\/www.carideal.com\/blog\/#website"},"primaryImageOfPage":{"@id":"https:\/\/www.carideal.com\/blog\/2008\/12\/31\/mercedes-classe-e-i-d-occasion\/#primaryimage"},"image":{"@id":"https:\/\/www.carideal.com\/blog\/2008\/12\/31\/mercedes-classe-e-i-d-occasion\/#primaryimage"},"thumbnailUrl":"http:\/\/www.carideal.com\/images_actualite\/mercedesclasseeicarideal-1230833202.jpg","datePublished":"2008-12-31T23:00:00+00:00","dateModified":"2015-11-03T17:04:22+00:00","breadcrumb":{"@id":"https:\/\/www.carideal.com\/blog\/2008\/12\/31\/mercedes-classe-e-i-d-occasion\/#breadcrumb"},"inLanguage":"fr-FR","potentialAction":[{"@type":"ReadAction","target":["https:\/\/www.carideal.com\/blog\/2008\/12\/31\/mercedes-classe-e-i-d-occasion\/"]}]},{"@type":"ImageObject","inLanguage":"fr-FR","@id":"https:\/\/www.carideal.com\/blog\/2008\/12\/31\/mercedes-classe-e-i-d-occasion\/#primaryimage","url":"http:\/\/www.carideal.com\/images_actualite\/mercedesclasseeicarideal-1230833202.jpg","contentUrl":"http:\/\/www.carideal.com\/images_actualite\/mercedesclasseeicarideal-1230833202.jpg"},{"@type":"BreadcrumbList","@id":"https:\/\/www.carideal.com\/blog\/2008\/12\/31\/mercedes-classe-e-i-d-occasion\/#breadcrumb","itemListElement":[{"@type":"ListItem","position":1,"name":"Blog Carid\u00e9al","item":"https:\/\/www.carideal.com\/blog\/"},{"@type":"ListItem","position":2,"name":"Actualit\u00e9 automobile","item":"https:\/\/www.carideal.com\/blog\/actualites-auto\/"},{"@type":"ListItem","position":3,"name":"Mercedes Classe E Phase I occasion"}]},{"@type":"WebSite","@id":"https:\/\/www.carideal.com\/blog\/#website","url":"https:\/\/www.carideal.com\/blog\/","name":"Blog auto Carid\u00e9al","description":"Actualit\u00e9 auto par des passionn\u00e9s","publisher":{"@id":"https:\/\/www.carideal.com\/blog\/#organization"},"potentialAction":[{"@type":"SearchAction","target":{"@type":"EntryPoint","urlTemplate":"https:\/\/www.carideal.com\/blog\/?s={search_term_string}"},"query-input":{"@type":"PropertyValueSpecification","valueRequired":true,"valueName":"search_term_string"}}],"inLanguage":"fr-FR"},{"@type":"Organization","@id":"https:\/\/www.carideal.com\/blog\/#organization","name":"Carideal","url":"https:\/\/www.carideal.com\/blog\/","logo":{"@type":"ImageObject","inLanguage":"fr-FR","@id":"https:\/\/www.carideal.com\/blog\/#\/schema\/logo\/image\/","url":"http:\/\/www.carideal.com\/blog\/wp-content\/uploads\/2016\/03\/logo-carideal-mandataire-automobile.png","contentUrl":"http:\/\/www.carideal.com\/blog\/wp-content\/uploads\/2016\/03\/logo-carideal-mandataire-automobile.png","width":300,"height":300,"caption":"Carideal"},"image":{"@id":"https:\/\/www.carideal.com\/blog\/#\/schema\/logo\/image\/"},"sameAs":["https:\/\/www.facebook.com\/Carideal.mandataire.automobile","https:\/\/x.com\/caridealauto","https:\/\/www.instagram.com\/carideal1\/","https:\/\/www.linkedin.com\/company\/carideal.com","https:\/\/fr.pinterest.com\/schiavonsas\/","https:\/\/www.youtube.com\/user\/caridealsas"]},{"@type":"Person","@id":"https:\/\/www.carideal.com\/blog\/#\/schema\/person\/cd95dc7919660de90d31b366f85be1ec","name":"Nicolas SCHIAVON","image":{"@type":"ImageObject","inLanguage":"fr-FR","@id":"https:\/\/www.carideal.com\/blog\/#\/schema\/person\/image\/","url":"https:\/\/secure.gravatar.com\/avatar\/c17e55009e671d92cc7f5dc837dc418a?s=96&r=g","contentUrl":"https:\/\/secure.gravatar.com\/avatar\/c17e55009e671d92cc7f5dc837dc418a?s=96&r=g","caption":"Nicolas SCHIAVON"},"description":"Nicolas Schiavon est tomb\u00e9 tout petit dans la marmite automobile. Ayant eu un garage de marque automobile, mandataire automobile de la premi\u00e8re heure d\u00e8s 1999. Nicolas a cr\u00e9\u00e9 ces premiers sites de vente de voiture et blog automobile d\u00e8s 1994. Carideal est n\u00e9 le 15 d\u00e9cembre 2000 de la volont\u00e9 de vendre des voitures d'occasions en ligne puis des voitures neuves. Il a pu essayer beaucoup de voitures tr\u00e8s diff\u00e9rentes et ayant eu personnellement quelques belles autos, Subaru Impreza, Mitsubishi Lancer Evo 7, Porsche 911, Ferrari Testarrossa, Audi RS3, RS4 et j'en passe...","sameAs":["http:\/\/www.carideal.com","https:\/\/www.facebook.com\/nicolas.schiavon.39","https:\/\/www.instagram.com\/carideal1\/","https:\/\/www.linkedin.com\/in\/nschiavon\/","https:\/\/x.com\/caridealauto","https:\/\/www.youtube.com\/user\/caridealsas\/"],"url":"https:\/\/www.carideal.com\/blog\/author\/nschiavon\/"}]}},"uagb_featured_image_src":{"full":false,"thumbnail":false,"medium":false,"medium_large":false,"large":false,"1536x1536":false,"2048x2048":false,"wppr-widget":false},"uagb_author_info":{"display_name":"Nicolas SCHIAVON","author_link":"https:\/\/www.carideal.com\/blog\/author\/nschiavon\/"},"uagb_comment_info":0,"uagb_excerpt":"Mercedes lasse E I d'occasion Mercedes classe E phase I int\u00e9rieur d'occasion Contrairement \u00e0 ce que son poids et son gabarit peuvent laisser penser, la Mercedes classe E d'occasion \u00e9tonne par sa maniabilit\u00e9. Sa direction douce et son rayon de braquage r\u00e9duit permettent \u00e0 cette berline de 4.80 m d'\u00e9voluer avec aisance en ville. De\u2026","_links":{"self":[{"href":"https:\/\/www.carideal.com\/blog\/wp-json\/wp\/v2\/posts\/4736"}],"collection":[{"href":"https:\/\/www.carideal.com\/blog\/wp-json\/wp\/v2\/posts"}],"about":[{"href":"https:\/\/www.carideal.com\/blog\/wp-json\/wp\/v2\/types\/post"}],"author":[{"embeddable":true,"href":"https:\/\/www.carideal.com\/blog\/wp-json\/wp\/v2\/users\/3"}],"replies":[{"embeddable":true,"href":"https:\/\/www.carideal.com\/blog\/wp-json\/wp\/v2\/comments?post=4736"}],"version-history":[{"count":0,"href":"https:\/\/www.carideal.com\/blog\/wp-json\/wp\/v2\/posts\/4736\/revisions"}],"wp:attachment":[{"href":"https:\/\/www.carideal.com\/blog\/wp-json\/wp\/v2\/media?parent=4736"}],"wp:term":[{"taxonomy":"category","embeddable":true,"href":"https:\/\/www.carideal.com\/blog\/wp-json\/wp\/v2\/categories?post=4736"},{"taxonomy":"post_tag","embeddable":true,"href":"https:\/\/www.carideal.com\/blog\/wp-json\/wp\/v2\/tags?post=4736"}],"curies":[{"name":"wp","href":"https:\/\/api.w.org\/{rel}","templated":true}]}}