{"id":4733,"date":"2008-12-29T23:00:00","date_gmt":"2008-12-29T23:00:00","guid":{"rendered":"http:\/\/www.carideal.com\/blog\/2008\/12\/29\/alfa-romeo-166-d-occasion\/"},"modified":"2016-12-07T10:22:21","modified_gmt":"2016-12-07T09:22:21","slug":"alfa-romeo-166-d-occasion","status":"publish","type":"post","link":"https:\/\/www.carideal.com\/blog\/2008\/12\/29\/alfa-romeo-166-d-occasion\/","title":{"rendered":"Alfa Romeo 166 Occasion &#8211; Pr\u00e9sentation"},"content":{"rendered":"<div>\n<h1><strong>\u00a0<span style=\"font-size: 2em;\">Alfa Romeo 166 occasion<\/span><\/strong><\/h1>\n<\/div>\n<div>\n<figure id=\"attachment_14011\" aria-describedby=\"caption-attachment-14011\" style=\"width: 310px\" class=\"wp-caption alignleft\"><a href=\"http:\/\/www.carideal.com\/blog\/wp-content\/uploads\/2016\/12\/alfa-romeo-166-occasion.jpg\"><img loading=\"lazy\" decoding=\"async\" class=\"wp-image-14011 size-full\" title=\"Alfa Romeo 166 occasion\" src=\"http:\/\/www.carideal.com\/blog\/wp-content\/uploads\/2016\/12\/alfa-romeo-166-occasion.jpg\" alt=\"Alfa Romeo 166 occasion\" width=\"320\" height=\"240\" srcset=\"https:\/\/www.carideal.com\/blog\/wp-content\/uploads\/2016\/12\/alfa-romeo-166-occasion.jpg 320w, https:\/\/www.carideal.com\/blog\/wp-content\/uploads\/2016\/12\/alfa-romeo-166-occasion-300x225.jpg 300w, https:\/\/www.carideal.com\/blog\/wp-content\/uploads\/2016\/12\/alfa-romeo-166-occasion-110x83.jpg 110w, https:\/\/www.carideal.com\/blog\/wp-content\/uploads\/2016\/12\/alfa-romeo-166-occasion-50x38.jpg 50w\" sizes=\"(max-width: 320px) 100vw, 320px\" \/><\/a><figcaption id=\"caption-attachment-14011\" class=\"wp-caption-text\">Alfa Romeo 166 occasion<\/figcaption><\/figure>\n<p>L'<strong>Alfa Romeo 166 occasion<\/strong> est la voiture la plus haut de gamme du constructeur italien <a href=\"http:\/\/www.carideal.com\/blog\/marque-de-voiture-actualites-essais\/alfa-romeo\/\">Alfa Romeo<\/a>. La 166 a remplac\u00e9 la 164 et a \u00e9t\u00e9 d\u00e9velopp\u00e9e sur la m\u00eame base technique que la Lancia Kappa. Sa carrosserie est enti\u00e8rement revue.<\/p>\n<p>L'Alfa Romeo 166 est sortie en 1998, et Alfa a incorpor\u00e9 tout ce qui manquait \u00e0 la 164 pour \u00eatre une vraie voiture haut de gamme : le constructeur a travaill\u00e9 le niveau de finition et d'\u00e9quipement pour la faire monter en gamme.<\/p>\n<p>L\u2019\u00e9quipement de l'Alfa Romeo 166 occasion s\u00e9lective comprend suivant les mod\u00e8les : le r\u00e9gulateur de vitesses, 4 vitres \u00e9lectriques, le toit ouvrant, l' alarme, t\u00e9l\u00e9commande, une bo\u00eete de vitesse \u00e0 5 ou 6 rapports ou automatique ; l'ABS, l'antipatinage, les phares au x\u00e9non, sellerie en cuir, si\u00e8ges \u00e9lectriques et chauffants \u00e0 m\u00e9moire, climatisation automatique, radio CD avec \u00e9cran commun de l\u2019ordinateur de bord et GPS cartographique, jantes alu 16\" et 17\", r\u00e9troviseurs rabattables \u00e9lectriques, etc.<\/p>\n<h2>L'Alfa Romeo 166 d'occasion a \u00e9t\u00e9 d\u00e9clin\u00e9e en deux mod\u00e8les :<\/h2>\n<figure id=\"attachment_14012\" aria-describedby=\"caption-attachment-14012\" style=\"width: 310px\" class=\"wp-caption alignleft\"><a href=\"http:\/\/www.carideal.com\/blog\/wp-content\/uploads\/2016\/12\/alfa-romeo-166-occasion-2.jpe\"><img loading=\"lazy\" decoding=\"async\" class=\"wp-image-14012 size-full\" title=\"Alfa Romeo 166 occasion\" src=\"http:\/\/www.carideal.com\/blog\/wp-content\/uploads\/2016\/12\/alfa-romeo-166-occasion-2.jpe\" alt=\"Alfa Romeo 166 occasion\" width=\"320\" height=\"240\" srcset=\"https:\/\/www.carideal.com\/blog\/wp-content\/uploads\/2016\/12\/alfa-romeo-166-occasion-2.jpe 320w, https:\/\/www.carideal.com\/blog\/wp-content\/uploads\/2016\/12\/alfa-romeo-166-occasion-2-300x225.jpe 300w, https:\/\/www.carideal.com\/blog\/wp-content\/uploads\/2016\/12\/alfa-romeo-166-occasion-2-110x83.jpe 110w, https:\/\/www.carideal.com\/blog\/wp-content\/uploads\/2016\/12\/alfa-romeo-166-occasion-2-50x38.jpe 50w\" sizes=\"(max-width: 320px) 100vw, 320px\" \/><\/a><figcaption id=\"caption-attachment-14012\" class=\"wp-caption-text\">Alfa Romeo 166 occasion<\/figcaption><\/figure>\n<p>Comme vu plus haut, cette Alfa Romeo 166 d'occasion est con\u00e7u sur la base de la m\u00eame plate-forme que la Lancia Kappa. Cette Alfa Romeo d'occasion tout comme les Jaguar S-Type et Saab 9-5, un choix bis pour ne pas avoir \u00e0 rouler en grosses berlines allemandes : telles que les BMW S\u00e9rie 5 d'occasion, Mercedes-Benz Classe E d'occasion, ou autre Audi A6 d'occasion. Vous retrouverez toutes nos voitures d'occasions sur notre page Carideal.<\/p>\n<p>Alfa Rom\u00e9o a voulu rendre son Alfa 166 plus dynamique, plus rac\u00e9e en lui donnat un design Low Style tir\u00e9 du centre de Style Alfa Romeo, l'avant de la carrosserie de l'Alfa Romeo 166 occasion est tr\u00e8s bas.<\/p>\n<p>Lors de votre achat de cette Alfa Romeo 166 occasion vous pourrez opter pour un <a href=\"http:\/\/www.carideal.com\/blog\/credit-auto\/\">financement automobile<\/a> et une <a href=\"http:\/\/www.carideal.com\/content\/7-extension-garantie\">extension de garantie<\/a>. Nos Alfa 166 d'occasion sont pr\u00e9par\u00e9es et r\u00e9vis\u00e9es dans notre atelier de notre <a href=\"http:\/\/www.carideal.com\/blog\/garage-automobile\/\">garage automobile<\/a>.<\/p>\n<figure id=\"attachment_14013\" aria-describedby=\"caption-attachment-14013\" style=\"width: 310px\" class=\"wp-caption alignleft\"><a href=\"http:\/\/www.carideal.com\/blog\/wp-content\/uploads\/2016\/12\/alfa-romeo-166-occasion-3.jpe\"><img loading=\"lazy\" decoding=\"async\" class=\"wp-image-14013 size-full\" title=\"Alfa Romeo 166 occasion\" src=\"http:\/\/www.carideal.com\/blog\/wp-content\/uploads\/2016\/12\/alfa-romeo-166-occasion-3.jpe\" alt=\"Alfa Romeo 166 occasion\" width=\"320\" height=\"240\" srcset=\"https:\/\/www.carideal.com\/blog\/wp-content\/uploads\/2016\/12\/alfa-romeo-166-occasion-3.jpe 320w, https:\/\/www.carideal.com\/blog\/wp-content\/uploads\/2016\/12\/alfa-romeo-166-occasion-3-300x225.jpe 300w, https:\/\/www.carideal.com\/blog\/wp-content\/uploads\/2016\/12\/alfa-romeo-166-occasion-3-110x83.jpe 110w, https:\/\/www.carideal.com\/blog\/wp-content\/uploads\/2016\/12\/alfa-romeo-166-occasion-3-50x38.jpe 50w\" sizes=\"(max-width: 320px) 100vw, 320px\" \/><\/a><figcaption id=\"caption-attachment-14013\" class=\"wp-caption-text\">Alfa Romeo 166 occasion<\/figcaption><\/figure>\n<p>Alfa Romeo est la marque sportive du groupe <a href=\"http:\/\/www.carideal.com\/blog\/marque-de-voiture-actualites-essais\/fiat\/\">Fiat<\/a>, elle se devait donc de proposer un fort caract\u00e8re sportif avec une ligne tr\u00e8s carr\u00e9e. L'Alfa 166 poss\u00e8de un grand coffre volumineux, afin de pouvoir y loger tous les bagages de la famille pour partir en vacances. Le dessin est harmonieux, avec des lignes qui surprennent, tendues mais tous les raccords sont arrondis.<\/p>\n<h2>Tous les moteurs de l'Alfa Romeo 166 d'occasion<\/h2>\n<p>L'Alfa Romeo 166 a \u00e9t\u00e9 \u00e9quip\u00e9e d\u00e8s le d\u00e9part d'une large palette de moteurs \u00e0 quatre, cinq ou six cylindres, avec des cylindr\u00e9es allant de deux \u00e0 trois litres pour des puissances de 155 ch \u00e0 226 ch pour les moteurs essence et <strong>136 ch pour le moteur turbo diesel 2,4 litres 5 cylindres common rail JTD.<\/strong><\/p>\n<p>En version essence la 166 d'occasion comprend : le moteur 2.0 Twin Spark, le 2.0 V6 turbo avec<\/p>\n<figure id=\"attachment_14014\" aria-describedby=\"caption-attachment-14014\" style=\"width: 310px\" class=\"wp-caption alignleft\"><a href=\"http:\/\/www.carideal.com\/blog\/wp-content\/uploads\/2016\/12\/alfa-romeo-166-occasion-4.jpe\"><img loading=\"lazy\" decoding=\"async\" class=\"wp-image-14014 size-full\" title=\"Alfa Romeo 166 occasion\" src=\"http:\/\/www.carideal.com\/blog\/wp-content\/uploads\/2016\/12\/alfa-romeo-166-occasion-4.jpe\" alt=\"Alfa Romeo 166 occasion\" width=\"320\" height=\"240\" srcset=\"https:\/\/www.carideal.com\/blog\/wp-content\/uploads\/2016\/12\/alfa-romeo-166-occasion-4.jpe 320w, https:\/\/www.carideal.com\/blog\/wp-content\/uploads\/2016\/12\/alfa-romeo-166-occasion-4-300x225.jpe 300w, https:\/\/www.carideal.com\/blog\/wp-content\/uploads\/2016\/12\/alfa-romeo-166-occasion-4-110x83.jpe 110w, https:\/\/www.carideal.com\/blog\/wp-content\/uploads\/2016\/12\/alfa-romeo-166-occasion-4-50x38.jpe 50w\" sizes=\"(max-width: 320px) 100vw, 320px\" \/><\/a><figcaption id=\"caption-attachment-14014\" class=\"wp-caption-text\">Alfa Romeo 166 occasion<\/figcaption><\/figure>\n<p>overboost et les fameux moteur V6 Arese Alfa Romeo (Busso) en 2,5 et 3 litres. le 3 litres Alfa Romeo \u00e9tant certainement le plus beau moteur V6 3 litres de tout les temps.<\/p>\n<p>En fin l'Alfa Romeo 166 d'occasion est disponible avec la boite de vitesses automatique (ZF 4HP20) sur les moteurs 2.5 V6 24V et 3.0 V6 24V.<\/p>\n<h2>Vid\u00e9o d'une Alfa Romeo 166 d'occasion<\/h2>\n<p><iframe loading=\"lazy\" src=\"https:\/\/www.youtube.com\/embed\/x5eUZ17PrvA\" width=\"560\" height=\"315\" frameborder=\"0\" allowfullscreen=\"allowfullscreen\"><\/iframe><\/p>\n<figure style=\"width: 439px\" class=\"wp-caption alignnone\"><img loading=\"lazy\" decoding=\"async\" title=\"Alfa Romeo 166 Occasion\" src=\"http:\/\/www.carideal.com\/images_actualite\/alfaromeo166interieurcarideal-1230642332.jpg\" alt=\"Alfa Romeo 166 Occasion\" width=\"449\" height=\"337\" \/><figcaption class=\"wp-caption-text\">Alfa Romeo 166 Occasion - Tableau de bord<\/figcaption><\/figure>\n<h2>L'Alfa Romeo 166 \u00e0 conduire<\/h2>\n<p>La grande berline d'Alfa Romeo conserve le sceau des productions milanaises m\u00eame en occasion. Ainsi ses moteurs sont tous int\u00e9ressants, du modeste 2.0 TS au rageur V6 3.2 en passant par les diesels JTD, tous dot\u00e9s de 5 cylindres et d'une personnalit\u00e9 attachante. Quant au ch\u00e2ssis, il fait la part belle au plaisir de conduire, quite \u00e0 nuire au confort en adoptant des r\u00e9glages de suspension fermes. Mais le train avant peine \u00e0 dig\u00e9rer la fougue des blocs les plus puissants, surtout sur sol mouill\u00e9. Enfin si les moteurs essence des Alfa 166 sont plaisants, ils se montrent souvent gourmands \u00e0 la pompe.<\/p>\n<\/div>\n<p>Bien install\u00e9 dans un confortable si\u00e8ge, le conducteur profite de son achat et d'une excellente position et d'une planche de bord qui lui est toute d\u00e9vou\u00e9e, avec une console centrale orient\u00e9e vers lui. le passager avant est lui plut\u00f4t bien loti \u00e9galement. En revanche, \u00e0 l'arri\u00e8re, l'espace est moins g\u00e9n\u00e9reux. La place centrale appara\u00eet fort peu confortable. Et si le coffre dispose d'un volume correct, l'absence de banquette rabattable exclut toute modularit\u00e9. L'Alfa Rom\u00e9o 166 n'a rien d'un utilitaire, qu'on se le dise ! D'ailleurs, sa pr\u00e9sentation \u00e9l\u00e9gante ne laisse planer aucun doute l\u00e0-dessus.<\/p>\n<h2>Entretien et probl\u00e8mes m\u00e9caniques de l'Alfa Romeo 166 d'occasion<\/h2>\n<p>Reprenant nombre d'\u00e9l\u00e9ments de la 156, l'alfa 166 s'est \u00e9pargn\u00e9 des soucis de jeunesse surtout en occasion. Les principaux visent les 2.4 JTD : trous \u00e0 l'acc\u00e9l\u00e9ration jusqu'en septembre 2000, pannes de pompe d'injection et suintement de gazole sur le capteur de pression de la rampe commune jusqu'en juillet juillet 2001 ; encrassement du turbo, risque de casse, sur les versions 136 et 140 ch ; sifflement de la courroie de distribution sur le 136 ch. A noter quelques ennuis sur les boites \u00e0 6 rapports. Les trains avant ont par ailleurs \u00e9t\u00e9 victimes de mauvais r\u00e9glages en usine, notamment avant janvier 2003. Un ajustage p\u00e9riodique peut \u00e9tre necessaire, pour \u00e9viter une usure pr\u00e9coce des <a href=\"http:\/\/www.carideal.com\/blog\/garage-automobile\/pneu\/\">pneus<\/a>. Sur les mod\u00e8les jusqu'\u00e0 l'\u00e9t\u00e9 2001, un bruit sur le train avant requiert le remplacement des rotules d'articulation des bras sup\u00e9rieurs de suspension, parfois d\u00e8s 15000 km. Attention, sur les TS, la courroie de distribution se change \u00e0 60000 km et non \u00e0 120000 km comme pr\u00e9conis\u00e9. L'alfa Romeo 166 a \u00e9t\u00e9 fabriqu\u00e9 de 1998 \u00e0 2007 et a \u00e9t\u00e9 restyl\u00e9 en octobre 2003. Il y a 6300 en circulation.<\/p>\n","protected":false},"excerpt":{"rendered":"<p>\u00a0Alfa Romeo 166 occasion L&rsquo;Alfa Romeo 166 occasion est la voiture la plus haut de gamme du constructeur italien Alfa Romeo. La 166 a remplac\u00e9 la 164 et a \u00e9t\u00e9 d\u00e9velopp\u00e9e sur la m\u00eame base technique que la Lancia Kappa. Sa carrosserie est enti\u00e8rement revue. L&rsquo;Alfa Romeo 166 est sortie en 1998, et Alfa a &#8230; <a title=\"Alfa Romeo 166 Occasion &#8211; Pr\u00e9sentation\" class=\"read-more\" href=\"https:\/\/www.carideal.com\/blog\/2008\/12\/29\/alfa-romeo-166-d-occasion\/\" aria-label=\"En savoir plus sur Alfa Romeo 166 Occasion &#8211; Pr\u00e9sentation\">Lire plus<\/a><\/p>\n","protected":false},"author":3,"featured_media":14015,"comment_status":"open","ping_status":"open","sticky":false,"template":"","format":"standard","meta":{"_uag_custom_page_level_css":"","_themeisle_gutenberg_block_has_review":false,"footnotes":""},"categories":[6058,5944,6025,6174,5947],"tags":[],"class_list":["post-4733","post","type-post","status-publish","format-standard","has-post-thumbnail","hentry","category-alfra-romeo","category-constructeur","category-occasion-type-de-vehicule-type-de-vehicule","category-essais-alfa-romeo","category-essai"],"wppr_data":{"cwp_meta_box_check":"No"},"yoast_head":"<!-- This site is optimized with the Yoast SEO plugin v24.8.1 - https:\/\/yoast.com\/wordpress\/plugins\/seo\/ -->\n<title>Alfa Romeo 166 Occasion - Pr\u00e9sentation - Blog auto Carid\u00e9al<\/title>\n<meta name=\"description\" content=\"L&#039;Alfa Romeo 166 occasion est la voiture la plus haut de gamme du constructeur italien Alfa Romeo. La 166 a remplac\u00e9 la 164\" \/>\n<meta name=\"robots\" content=\"index, follow, max-snippet:-1, max-image-preview:large, max-video-preview:-1\" \/>\n<link rel=\"canonical\" href=\"https:\/\/www.carideal.com\/blog\/2008\/12\/29\/alfa-romeo-166-d-occasion\/\" \/>\n<meta property=\"og:locale\" content=\"fr_FR\" \/>\n<meta property=\"og:type\" content=\"article\" \/>\n<meta property=\"og:title\" content=\"Alfa Romeo 166 Occasion - Pr\u00e9sentation - Blog auto Carid\u00e9al\" \/>\n<meta property=\"og:description\" content=\"L&#039;Alfa Romeo 166 occasion est la voiture la plus haut de gamme du constructeur italien Alfa Romeo. La 166 a remplac\u00e9 la 164\" \/>\n<meta property=\"og:url\" content=\"https:\/\/www.carideal.com\/blog\/2008\/12\/29\/alfa-romeo-166-d-occasion\/\" \/>\n<meta property=\"og:site_name\" content=\"Blog auto Carid\u00e9al\" \/>\n<meta property=\"article:publisher\" content=\"https:\/\/www.facebook.com\/Carideal.mandataire.automobile\" \/>\n<meta property=\"article:author\" content=\"https:\/\/www.facebook.com\/nicolas.schiavon.39\" \/>\n<meta property=\"article:published_time\" content=\"2008-12-29T23:00:00+00:00\" \/>\n<meta property=\"article:modified_time\" content=\"2016-12-07T09:22:21+00:00\" \/>\n<meta property=\"og:image\" content=\"https:\/\/www.carideal.com\/blog\/wp-content\/uploads\/2016\/12\/alfa-romeo-166-occasion-carideal-e1481096555566.jpg\" \/>\n\t<meta property=\"og:image:width\" content=\"800\" \/>\n\t<meta property=\"og:image:height\" content=\"600\" \/>\n\t<meta property=\"og:image:type\" content=\"image\/jpeg\" \/>\n<meta name=\"author\" content=\"Nicolas SCHIAVON\" \/>\n<meta name=\"twitter:card\" content=\"summary_large_image\" \/>\n<meta name=\"twitter:creator\" content=\"@caridealauto\" \/>\n<meta name=\"twitter:site\" content=\"@caridealauto\" \/>\n<meta name=\"twitter:label1\" content=\"\u00c9crit par\" \/>\n\t<meta name=\"twitter:data1\" content=\"Nicolas SCHIAVON\" \/>\n\t<meta name=\"twitter:label2\" content=\"Dur\u00e9e de lecture estim\u00e9e\" \/>\n\t<meta name=\"twitter:data2\" content=\"5 minutes\" \/>\n<script type=\"application\/ld+json\" class=\"yoast-schema-graph\">{\"@context\":\"https:\/\/schema.org\",\"@graph\":[{\"@type\":\"Article\",\"@id\":\"https:\/\/www.carideal.com\/blog\/2008\/12\/29\/alfa-romeo-166-d-occasion\/#article\",\"isPartOf\":{\"@id\":\"https:\/\/www.carideal.com\/blog\/2008\/12\/29\/alfa-romeo-166-d-occasion\/\"},\"author\":{\"name\":\"Nicolas SCHIAVON\",\"@id\":\"https:\/\/www.carideal.com\/blog\/#\/schema\/person\/cd95dc7919660de90d31b366f85be1ec\"},\"headline\":\"Alfa Romeo 166 Occasion &#8211; Pr\u00e9sentation\",\"datePublished\":\"2008-12-29T23:00:00+00:00\",\"dateModified\":\"2016-12-07T09:22:21+00:00\",\"mainEntityOfPage\":{\"@id\":\"https:\/\/www.carideal.com\/blog\/2008\/12\/29\/alfa-romeo-166-d-occasion\/\"},\"wordCount\":969,\"commentCount\":0,\"publisher\":{\"@id\":\"https:\/\/www.carideal.com\/blog\/#organization\"},\"image\":{\"@id\":\"https:\/\/www.carideal.com\/blog\/2008\/12\/29\/alfa-romeo-166-d-occasion\/#primaryimage\"},\"thumbnailUrl\":\"https:\/\/www.carideal.com\/blog\/wp-content\/uploads\/2016\/12\/alfa-romeo-166-occasion-carideal-e1481096555566.jpg\",\"articleSection\":[\"Actualit\u00e9 Alfa Romeo\",\"Actualit\u00e9 Constructeur automobile\",\"Essai Voiture Occasion\",\"Essais Alfa Romeo\",\"Essais automobile\"],\"inLanguage\":\"fr-FR\",\"potentialAction\":[{\"@type\":\"CommentAction\",\"name\":\"Comment\",\"target\":[\"https:\/\/www.carideal.com\/blog\/2008\/12\/29\/alfa-romeo-166-d-occasion\/#respond\"]}]},{\"@type\":\"WebPage\",\"@id\":\"https:\/\/www.carideal.com\/blog\/2008\/12\/29\/alfa-romeo-166-d-occasion\/\",\"url\":\"https:\/\/www.carideal.com\/blog\/2008\/12\/29\/alfa-romeo-166-d-occasion\/\",\"name\":\"Alfa Romeo 166 Occasion - Pr\u00e9sentation - Blog auto Carid\u00e9al\",\"isPartOf\":{\"@id\":\"https:\/\/www.carideal.com\/blog\/#website\"},\"primaryImageOfPage\":{\"@id\":\"https:\/\/www.carideal.com\/blog\/2008\/12\/29\/alfa-romeo-166-d-occasion\/#primaryimage\"},\"image\":{\"@id\":\"https:\/\/www.carideal.com\/blog\/2008\/12\/29\/alfa-romeo-166-d-occasion\/#primaryimage\"},\"thumbnailUrl\":\"https:\/\/www.carideal.com\/blog\/wp-content\/uploads\/2016\/12\/alfa-romeo-166-occasion-carideal-e1481096555566.jpg\",\"datePublished\":\"2008-12-29T23:00:00+00:00\",\"dateModified\":\"2016-12-07T09:22:21+00:00\",\"description\":\"L'Alfa Romeo 166 occasion est la voiture la plus haut de gamme du constructeur italien Alfa Romeo. La 166 a remplac\u00e9 la 164\",\"breadcrumb\":{\"@id\":\"https:\/\/www.carideal.com\/blog\/2008\/12\/29\/alfa-romeo-166-d-occasion\/#breadcrumb\"},\"inLanguage\":\"fr-FR\",\"potentialAction\":[{\"@type\":\"ReadAction\",\"target\":[\"https:\/\/www.carideal.com\/blog\/2008\/12\/29\/alfa-romeo-166-d-occasion\/\"]}]},{\"@type\":\"ImageObject\",\"inLanguage\":\"fr-FR\",\"@id\":\"https:\/\/www.carideal.com\/blog\/2008\/12\/29\/alfa-romeo-166-d-occasion\/#primaryimage\",\"url\":\"https:\/\/www.carideal.com\/blog\/wp-content\/uploads\/2016\/12\/alfa-romeo-166-occasion-carideal-e1481096555566.jpg\",\"contentUrl\":\"https:\/\/www.carideal.com\/blog\/wp-content\/uploads\/2016\/12\/alfa-romeo-166-occasion-carideal-e1481096555566.jpg\",\"width\":800,\"height\":600,\"caption\":\"Alfa Romeo 166 d'occasion\"},{\"@type\":\"BreadcrumbList\",\"@id\":\"https:\/\/www.carideal.com\/blog\/2008\/12\/29\/alfa-romeo-166-d-occasion\/#breadcrumb\",\"itemListElement\":[{\"@type\":\"ListItem\",\"position\":1,\"name\":\"Blog Carid\u00e9al\",\"item\":\"https:\/\/www.carideal.com\/blog\/\"},{\"@type\":\"ListItem\",\"position\":2,\"name\":\"Essais automobile\",\"item\":\"https:\/\/www.carideal.com\/blog\/essai\/\"},{\"@type\":\"ListItem\",\"position\":3,\"name\":\"Alfa Romeo 166 Occasion &#8211; Pr\u00e9sentation\"}]},{\"@type\":\"WebSite\",\"@id\":\"https:\/\/www.carideal.com\/blog\/#website\",\"url\":\"https:\/\/www.carideal.com\/blog\/\",\"name\":\"Blog auto Carid\u00e9al\",\"description\":\"Actualit\u00e9 auto par des passionn\u00e9s\",\"publisher\":{\"@id\":\"https:\/\/www.carideal.com\/blog\/#organization\"},\"potentialAction\":[{\"@type\":\"SearchAction\",\"target\":{\"@type\":\"EntryPoint\",\"urlTemplate\":\"https:\/\/www.carideal.com\/blog\/?s={search_term_string}\"},\"query-input\":{\"@type\":\"PropertyValueSpecification\",\"valueRequired\":true,\"valueName\":\"search_term_string\"}}],\"inLanguage\":\"fr-FR\"},{\"@type\":\"Organization\",\"@id\":\"https:\/\/www.carideal.com\/blog\/#organization\",\"name\":\"Carideal\",\"url\":\"https:\/\/www.carideal.com\/blog\/\",\"logo\":{\"@type\":\"ImageObject\",\"inLanguage\":\"fr-FR\",\"@id\":\"https:\/\/www.carideal.com\/blog\/#\/schema\/logo\/image\/\",\"url\":\"http:\/\/www.carideal.com\/blog\/wp-content\/uploads\/2016\/03\/logo-carideal-mandataire-automobile.png\",\"contentUrl\":\"http:\/\/www.carideal.com\/blog\/wp-content\/uploads\/2016\/03\/logo-carideal-mandataire-automobile.png\",\"width\":300,\"height\":300,\"caption\":\"Carideal\"},\"image\":{\"@id\":\"https:\/\/www.carideal.com\/blog\/#\/schema\/logo\/image\/\"},\"sameAs\":[\"https:\/\/www.facebook.com\/Carideal.mandataire.automobile\",\"https:\/\/x.com\/caridealauto\",\"https:\/\/www.instagram.com\/carideal1\/\",\"https:\/\/www.linkedin.com\/company\/carideal.com\",\"https:\/\/fr.pinterest.com\/schiavonsas\/\",\"https:\/\/www.youtube.com\/user\/caridealsas\"]},{\"@type\":\"Person\",\"@id\":\"https:\/\/www.carideal.com\/blog\/#\/schema\/person\/cd95dc7919660de90d31b366f85be1ec\",\"name\":\"Nicolas SCHIAVON\",\"image\":{\"@type\":\"ImageObject\",\"inLanguage\":\"fr-FR\",\"@id\":\"https:\/\/www.carideal.com\/blog\/#\/schema\/person\/image\/\",\"url\":\"https:\/\/secure.gravatar.com\/avatar\/c17e55009e671d92cc7f5dc837dc418a?s=96&r=g\",\"contentUrl\":\"https:\/\/secure.gravatar.com\/avatar\/c17e55009e671d92cc7f5dc837dc418a?s=96&r=g\",\"caption\":\"Nicolas SCHIAVON\"},\"description\":\"Nicolas Schiavon est tomb\u00e9 tout petit dans la marmite automobile. Ayant eu un garage de marque automobile, mandataire automobile de la premi\u00e8re heure d\u00e8s 1999. Nicolas a cr\u00e9\u00e9 ces premiers sites de vente de voiture et blog automobile d\u00e8s 1994. Carideal est n\u00e9 le 15 d\u00e9cembre 2000 de la volont\u00e9 de vendre des voitures d'occasions en ligne puis des voitures neuves. Il a pu essayer beaucoup de voitures tr\u00e8s diff\u00e9rentes et ayant eu personnellement quelques belles autos, Subaru Impreza, Mitsubishi Lancer Evo 7, Porsche 911, Ferrari Testarrossa, Audi RS3, RS4 et j'en passe...\",\"sameAs\":[\"http:\/\/www.carideal.com\",\"https:\/\/www.facebook.com\/nicolas.schiavon.39\",\"https:\/\/www.instagram.com\/carideal1\/\",\"https:\/\/www.linkedin.com\/in\/nschiavon\/\",\"https:\/\/x.com\/caridealauto\",\"https:\/\/www.youtube.com\/user\/caridealsas\/\"],\"url\":\"https:\/\/www.carideal.com\/blog\/author\/nschiavon\/\"}]}<\/script>\n<!-- \/ Yoast SEO plugin. -->","yoast_head_json":{"title":"Alfa Romeo 166 Occasion - Pr\u00e9sentation - Blog auto Carid\u00e9al","description":"L'Alfa Romeo 166 occasion est la voiture la plus haut de gamme du constructeur italien Alfa Romeo. La 166 a remplac\u00e9 la 164","robots":{"index":"index","follow":"follow","max-snippet":"max-snippet:-1","max-image-preview":"max-image-preview:large","max-video-preview":"max-video-preview:-1"},"canonical":"https:\/\/www.carideal.com\/blog\/2008\/12\/29\/alfa-romeo-166-d-occasion\/","og_locale":"fr_FR","og_type":"article","og_title":"Alfa Romeo 166 Occasion - Pr\u00e9sentation - Blog auto Carid\u00e9al","og_description":"L'Alfa Romeo 166 occasion est la voiture la plus haut de gamme du constructeur italien Alfa Romeo. La 166 a remplac\u00e9 la 164","og_url":"https:\/\/www.carideal.com\/blog\/2008\/12\/29\/alfa-romeo-166-d-occasion\/","og_site_name":"Blog auto Carid\u00e9al","article_publisher":"https:\/\/www.facebook.com\/Carideal.mandataire.automobile","article_author":"https:\/\/www.facebook.com\/nicolas.schiavon.39","article_published_time":"2008-12-29T23:00:00+00:00","article_modified_time":"2016-12-07T09:22:21+00:00","og_image":[{"width":800,"height":600,"url":"https:\/\/www.carideal.com\/blog\/wp-content\/uploads\/2016\/12\/alfa-romeo-166-occasion-carideal-e1481096555566.jpg","type":"image\/jpeg"}],"author":"Nicolas SCHIAVON","twitter_card":"summary_large_image","twitter_creator":"@caridealauto","twitter_site":"@caridealauto","twitter_misc":{"\u00c9crit par":"Nicolas SCHIAVON","Dur\u00e9e de lecture estim\u00e9e":"5 minutes"},"schema":{"@context":"https:\/\/schema.org","@graph":[{"@type":"Article","@id":"https:\/\/www.carideal.com\/blog\/2008\/12\/29\/alfa-romeo-166-d-occasion\/#article","isPartOf":{"@id":"https:\/\/www.carideal.com\/blog\/2008\/12\/29\/alfa-romeo-166-d-occasion\/"},"author":{"name":"Nicolas SCHIAVON","@id":"https:\/\/www.carideal.com\/blog\/#\/schema\/person\/cd95dc7919660de90d31b366f85be1ec"},"headline":"Alfa Romeo 166 Occasion &#8211; Pr\u00e9sentation","datePublished":"2008-12-29T23:00:00+00:00","dateModified":"2016-12-07T09:22:21+00:00","mainEntityOfPage":{"@id":"https:\/\/www.carideal.com\/blog\/2008\/12\/29\/alfa-romeo-166-d-occasion\/"},"wordCount":969,"commentCount":0,"publisher":{"@id":"https:\/\/www.carideal.com\/blog\/#organization"},"image":{"@id":"https:\/\/www.carideal.com\/blog\/2008\/12\/29\/alfa-romeo-166-d-occasion\/#primaryimage"},"thumbnailUrl":"https:\/\/www.carideal.com\/blog\/wp-content\/uploads\/2016\/12\/alfa-romeo-166-occasion-carideal-e1481096555566.jpg","articleSection":["Actualit\u00e9 Alfa Romeo","Actualit\u00e9 Constructeur automobile","Essai Voiture Occasion","Essais Alfa Romeo","Essais automobile"],"inLanguage":"fr-FR","potentialAction":[{"@type":"CommentAction","name":"Comment","target":["https:\/\/www.carideal.com\/blog\/2008\/12\/29\/alfa-romeo-166-d-occasion\/#respond"]}]},{"@type":"WebPage","@id":"https:\/\/www.carideal.com\/blog\/2008\/12\/29\/alfa-romeo-166-d-occasion\/","url":"https:\/\/www.carideal.com\/blog\/2008\/12\/29\/alfa-romeo-166-d-occasion\/","name":"Alfa Romeo 166 Occasion - Pr\u00e9sentation - Blog auto Carid\u00e9al","isPartOf":{"@id":"https:\/\/www.carideal.com\/blog\/#website"},"primaryImageOfPage":{"@id":"https:\/\/www.carideal.com\/blog\/2008\/12\/29\/alfa-romeo-166-d-occasion\/#primaryimage"},"image":{"@id":"https:\/\/www.carideal.com\/blog\/2008\/12\/29\/alfa-romeo-166-d-occasion\/#primaryimage"},"thumbnailUrl":"https:\/\/www.carideal.com\/blog\/wp-content\/uploads\/2016\/12\/alfa-romeo-166-occasion-carideal-e1481096555566.jpg","datePublished":"2008-12-29T23:00:00+00:00","dateModified":"2016-12-07T09:22:21+00:00","description":"L'Alfa Romeo 166 occasion est la voiture la plus haut de gamme du constructeur italien Alfa Romeo. La 166 a remplac\u00e9 la 164","breadcrumb":{"@id":"https:\/\/www.carideal.com\/blog\/2008\/12\/29\/alfa-romeo-166-d-occasion\/#breadcrumb"},"inLanguage":"fr-FR","potentialAction":[{"@type":"ReadAction","target":["https:\/\/www.carideal.com\/blog\/2008\/12\/29\/alfa-romeo-166-d-occasion\/"]}]},{"@type":"ImageObject","inLanguage":"fr-FR","@id":"https:\/\/www.carideal.com\/blog\/2008\/12\/29\/alfa-romeo-166-d-occasion\/#primaryimage","url":"https:\/\/www.carideal.com\/blog\/wp-content\/uploads\/2016\/12\/alfa-romeo-166-occasion-carideal-e1481096555566.jpg","contentUrl":"https:\/\/www.carideal.com\/blog\/wp-content\/uploads\/2016\/12\/alfa-romeo-166-occasion-carideal-e1481096555566.jpg","width":800,"height":600,"caption":"Alfa Romeo 166 d'occasion"},{"@type":"BreadcrumbList","@id":"https:\/\/www.carideal.com\/blog\/2008\/12\/29\/alfa-romeo-166-d-occasion\/#breadcrumb","itemListElement":[{"@type":"ListItem","position":1,"name":"Blog Carid\u00e9al","item":"https:\/\/www.carideal.com\/blog\/"},{"@type":"ListItem","position":2,"name":"Essais automobile","item":"https:\/\/www.carideal.com\/blog\/essai\/"},{"@type":"ListItem","position":3,"name":"Alfa Romeo 166 Occasion &#8211; Pr\u00e9sentation"}]},{"@type":"WebSite","@id":"https:\/\/www.carideal.com\/blog\/#website","url":"https:\/\/www.carideal.com\/blog\/","name":"Blog auto Carid\u00e9al","description":"Actualit\u00e9 auto par des passionn\u00e9s","publisher":{"@id":"https:\/\/www.carideal.com\/blog\/#organization"},"potentialAction":[{"@type":"SearchAction","target":{"@type":"EntryPoint","urlTemplate":"https:\/\/www.carideal.com\/blog\/?s={search_term_string}"},"query-input":{"@type":"PropertyValueSpecification","valueRequired":true,"valueName":"search_term_string"}}],"inLanguage":"fr-FR"},{"@type":"Organization","@id":"https:\/\/www.carideal.com\/blog\/#organization","name":"Carideal","url":"https:\/\/www.carideal.com\/blog\/","logo":{"@type":"ImageObject","inLanguage":"fr-FR","@id":"https:\/\/www.carideal.com\/blog\/#\/schema\/logo\/image\/","url":"http:\/\/www.carideal.com\/blog\/wp-content\/uploads\/2016\/03\/logo-carideal-mandataire-automobile.png","contentUrl":"http:\/\/www.carideal.com\/blog\/wp-content\/uploads\/2016\/03\/logo-carideal-mandataire-automobile.png","width":300,"height":300,"caption":"Carideal"},"image":{"@id":"https:\/\/www.carideal.com\/blog\/#\/schema\/logo\/image\/"},"sameAs":["https:\/\/www.facebook.com\/Carideal.mandataire.automobile","https:\/\/x.com\/caridealauto","https:\/\/www.instagram.com\/carideal1\/","https:\/\/www.linkedin.com\/company\/carideal.com","https:\/\/fr.pinterest.com\/schiavonsas\/","https:\/\/www.youtube.com\/user\/caridealsas"]},{"@type":"Person","@id":"https:\/\/www.carideal.com\/blog\/#\/schema\/person\/cd95dc7919660de90d31b366f85be1ec","name":"Nicolas SCHIAVON","image":{"@type":"ImageObject","inLanguage":"fr-FR","@id":"https:\/\/www.carideal.com\/blog\/#\/schema\/person\/image\/","url":"https:\/\/secure.gravatar.com\/avatar\/c17e55009e671d92cc7f5dc837dc418a?s=96&r=g","contentUrl":"https:\/\/secure.gravatar.com\/avatar\/c17e55009e671d92cc7f5dc837dc418a?s=96&r=g","caption":"Nicolas SCHIAVON"},"description":"Nicolas Schiavon est tomb\u00e9 tout petit dans la marmite automobile. Ayant eu un garage de marque automobile, mandataire automobile de la premi\u00e8re heure d\u00e8s 1999. Nicolas a cr\u00e9\u00e9 ces premiers sites de vente de voiture et blog automobile d\u00e8s 1994. Carideal est n\u00e9 le 15 d\u00e9cembre 2000 de la volont\u00e9 de vendre des voitures d'occasions en ligne puis des voitures neuves. Il a pu essayer beaucoup de voitures tr\u00e8s diff\u00e9rentes et ayant eu personnellement quelques belles autos, Subaru Impreza, Mitsubishi Lancer Evo 7, Porsche 911, Ferrari Testarrossa, Audi RS3, RS4 et j'en passe...","sameAs":["http:\/\/www.carideal.com","https:\/\/www.facebook.com\/nicolas.schiavon.39","https:\/\/www.instagram.com\/carideal1\/","https:\/\/www.linkedin.com\/in\/nschiavon\/","https:\/\/x.com\/caridealauto","https:\/\/www.youtube.com\/user\/caridealsas\/"],"url":"https:\/\/www.carideal.com\/blog\/author\/nschiavon\/"}]}},"uagb_featured_image_src":{"full":["https:\/\/www.carideal.com\/blog\/wp-content\/uploads\/2016\/12\/alfa-romeo-166-occasion-carideal-e1481096555566.jpg",800,600,false],"thumbnail":["https:\/\/www.carideal.com\/blog\/wp-content\/uploads\/2016\/12\/alfa-romeo-166-occasion-carideal-150x150.jpg",150,150,true],"medium":["https:\/\/www.carideal.com\/blog\/wp-content\/uploads\/2016\/12\/alfa-romeo-166-occasion-carideal-300x225.jpg",300,225,true],"medium_large":["https:\/\/www.carideal.com\/blog\/wp-content\/uploads\/2016\/12\/alfa-romeo-166-occasion-carideal-768x576.jpg",768,576,true],"large":["https:\/\/www.carideal.com\/blog\/wp-content\/uploads\/2016\/12\/alfa-romeo-166-occasion-carideal-1024x768.jpg",1024,768,true],"1536x1536":["https:\/\/www.carideal.com\/blog\/wp-content\/uploads\/2016\/12\/alfa-romeo-166-occasion-carideal-e1481096555566.jpg",800,600,false],"2048x2048":["https:\/\/www.carideal.com\/blog\/wp-content\/uploads\/2016\/12\/alfa-romeo-166-occasion-carideal-e1481096555566.jpg",800,600,false],"wppr-widget":["https:\/\/www.carideal.com\/blog\/wp-content\/uploads\/2016\/12\/alfa-romeo-166-occasion-carideal-e1481096555566.jpg",50,38,false]},"uagb_author_info":{"display_name":"Nicolas SCHIAVON","author_link":"https:\/\/www.carideal.com\/blog\/author\/nschiavon\/"},"uagb_comment_info":0,"uagb_excerpt":"\u00a0Alfa Romeo 166 occasion L'Alfa Romeo 166 occasion est la voiture la plus haut de gamme du constructeur italien Alfa Romeo. La 166 a remplac\u00e9 la 164 et a \u00e9t\u00e9 d\u00e9velopp\u00e9e sur la m\u00eame base technique que la Lancia Kappa. Sa carrosserie est enti\u00e8rement revue. L'Alfa Romeo 166 est sortie en 1998, et Alfa a\u2026","_links":{"self":[{"href":"https:\/\/www.carideal.com\/blog\/wp-json\/wp\/v2\/posts\/4733"}],"collection":[{"href":"https:\/\/www.carideal.com\/blog\/wp-json\/wp\/v2\/posts"}],"about":[{"href":"https:\/\/www.carideal.com\/blog\/wp-json\/wp\/v2\/types\/post"}],"author":[{"embeddable":true,"href":"https:\/\/www.carideal.com\/blog\/wp-json\/wp\/v2\/users\/3"}],"replies":[{"embeddable":true,"href":"https:\/\/www.carideal.com\/blog\/wp-json\/wp\/v2\/comments?post=4733"}],"version-history":[{"count":0,"href":"https:\/\/www.carideal.com\/blog\/wp-json\/wp\/v2\/posts\/4733\/revisions"}],"wp:featuredmedia":[{"embeddable":true,"href":"https:\/\/www.carideal.com\/blog\/wp-json\/wp\/v2\/media\/14015"}],"wp:attachment":[{"href":"https:\/\/www.carideal.com\/blog\/wp-json\/wp\/v2\/media?parent=4733"}],"wp:term":[{"taxonomy":"category","embeddable":true,"href":"https:\/\/www.carideal.com\/blog\/wp-json\/wp\/v2\/categories?post=4733"},{"taxonomy":"post_tag","embeddable":true,"href":"https:\/\/www.carideal.com\/blog\/wp-json\/wp\/v2\/tags?post=4733"}],"curies":[{"name":"wp","href":"https:\/\/api.w.org\/{rel}","templated":true}]}}