{"id":4732,"date":"2008-12-28T23:00:00","date_gmt":"2008-12-28T23:00:00","guid":{"rendered":"http:\/\/www.carideal.com\/blog\/2008\/12\/28\/volvo-s60-d-occasion\/"},"modified":"2015-11-04T16:53:02","modified_gmt":"2015-11-04T15:53:02","slug":"volvo-s60-d-occasion","status":"publish","type":"post","link":"https:\/\/www.carideal.com\/blog\/2008\/12\/28\/volvo-s60-d-occasion\/","title":{"rendered":"Volvo S60 Occasion"},"content":{"rendered":"<div><img decoding=\"async\" src=\"http:\/\/www.carideal.com\/images_actualite\/volvos60occasioncarideal-1230553752.jpg\" alt=\"\" \/>volvo S60 d'occasion<\/p>\n<\/div>\n<p>La Volvo S60 n'a pas grand chose \u00e0 envier \u00e0 ses rivales allemandes en occasion, mais les places sont ch\u00e8res. Sans doute consid\u00e9r\u00e9e comme plus bourgeoise, elle n'attire gu\u00e8re l'attention pour son \u00e2chat. Dommage, car nous avons ici \u00e0 faire \u00e0 une excellente routi\u00e8re. Malgr\u00e9 le poids des ans, son ch\u00e2ssis est sain et et pr\u00e9venant, bien \u00e9paul\u00e9 par un amortissement \u00e9fficace et ferme. Le freinage, mordant et endurant se montre tr\u00e8s rassurant. Cette S60 a h\u00e9las le d\u00e9faut qui caract\u00e9rise la pluspart des mod\u00e8les de la gamme Volvo. Son train avant, surtout sur sol mouill\u00e9 et en d\u00e9pit d'une arm\u00e9e de syst\u00e8mes \u00e9lectroniques, a du mal a ma\u00eetriser la fougue des chevauxqui d\u00e9boulent d'un seul coup. D'autant plus que volvo n'a pas l\u00e9sin\u00e9 sur les moyens. Cons\u00e9quence, la sensation de s\u00e9curit\u00e9 se trouve un peu alt\u00e9r\u00e9e. De plus, en situation d'urgence, les mouvements de caisse finissent par d\u00e9sar\u00e7onner. Dommage, car la Volvo S60 constitue un bon investissement.<\/p>\n<p>Ce dessin de planche de bord que l'on retrouve dans toutes les Volvo du d\u00e9but des ann\u00e8es 2000 est aussi s\u00e9duisant que ......rationnel. La position de conduite s'av\u00e8re excellente, les commandes tombent bien sous la main. Le coffre est quant \u00e0 lui vaste et offre une contenance de 424 litres. En revanche, l'acc\u00e8s aux places aari\u00e8res est rendu peu ais\u00e9 par une d\u00e9coupe de pavillon, certe tr\u00e8s esth\u00e9tique, mais pas vraiment fonctionnelle. Celle ci p\u00e9nalise les grands gabarits qui \u00e0 cause d'une garde au toit assez basse, se retrouveront \u00e0 l'\u00e9troit. Et qu'ils n'aillent pas chercher quelque r\u00e9confort en \u00e9tirant leur jambes. L'habitacle de cette auto ne leur permettra pas. Qui a dit \u00e9triqu\u00e9?<\/p>\n<p>La S60 offre tout ce que l'on est en droit d'attendre d'une familiale haut de gamme en occasion. Mat\u00e9riaux de bonne facture, assemblage et ajustages qui fr\u00f4lent le sans faute : bienvenue dans un monde d'\u00e9l\u00e9gance et de raffinement. M\u00eame constat pour la sellerie, surtout celle en cuir, dot\u00e9e de surpiqures. En outre, l'insonorisation, est remarquable et le syst\u00e8me hi-fi, un must. Pour couronner le tout, cette S60 b\u00e9n\u00e9ficie d'un niveau d'\u00e9quipement relativement correcte, surtout \u00e0 partir de 2002, \u00e9tant commercialis\u00e9e \u00e0 une \u00e9poque ou Volvo n'avait pas encore la mauvaise habitude d'\u00eatre aussi pingre que certain constructeur allemands. Cot\u00e9 m\u00e9canique, les moteurs sont plut\u00f4t fiables dans l'ensemble. Et cela tombe bien, car il est assez difficile de trouver, sur le march\u00e9 de l'occasion, une S60 qui affiche un kilom\u00e9trage pas trop \u00e9lev\u00e9.<\/p>\n<p>La Volvo S60 est sortie en octobre 2000 et a \u00e9t\u00e9 restyl\u00e9 en mai 2004, il y en a 13000 en circulation.<\/p>\n","protected":false},"excerpt":{"rendered":"<p>volvo S60 d&rsquo;occasion La Volvo S60 n&rsquo;a pas grand chose \u00e0 envier \u00e0 ses rivales allemandes en occasion, mais les places sont ch\u00e8res. Sans doute consid\u00e9r\u00e9e comme plus bourgeoise, elle n&rsquo;attire gu\u00e8re l&rsquo;attention pour son \u00e2chat. Dommage, car nous avons ici \u00e0 faire \u00e0 une excellente routi\u00e8re. Malgr\u00e9 le poids des ans, son ch\u00e2ssis est &#8230; <a title=\"Volvo S60 Occasion\" class=\"read-more\" href=\"https:\/\/www.carideal.com\/blog\/2008\/12\/28\/volvo-s60-d-occasion\/\" aria-label=\"En savoir plus sur Volvo S60 Occasion\">Lire plus<\/a><\/p>\n","protected":false},"author":3,"featured_media":0,"comment_status":"open","ping_status":"open","sticky":false,"template":"","format":"standard","meta":{"_uag_custom_page_level_css":"","_themeisle_gutenberg_block_has_review":false,"footnotes":""},"categories":[21],"tags":[1359],"class_list":["post-4732","post","type-post","status-publish","format-standard","hentry","category-actualites-auto","tag-haut-de-gamme"],"wppr_data":[],"yoast_head":"<!-- This site is optimized with the Yoast SEO plugin v24.8.1 - https:\/\/yoast.com\/wordpress\/plugins\/seo\/ -->\n<title>Volvo S60 Occasion - Blog auto Carid\u00e9al<\/title>\n<meta name=\"robots\" content=\"index, follow, max-snippet:-1, max-image-preview:large, max-video-preview:-1\" \/>\n<link rel=\"canonical\" href=\"https:\/\/www.carideal.com\/blog\/2008\/12\/28\/volvo-s60-d-occasion\/\" \/>\n<meta property=\"og:locale\" content=\"fr_FR\" \/>\n<meta property=\"og:type\" content=\"article\" \/>\n<meta property=\"og:title\" content=\"Volvo S60 Occasion - Blog auto Carid\u00e9al\" \/>\n<meta property=\"og:description\" content=\"volvo S60 d&#039;occasion La Volvo S60 n&#039;a pas grand chose \u00e0 envier \u00e0 ses rivales allemandes en occasion, mais les places sont ch\u00e8res. Sans doute consid\u00e9r\u00e9e comme plus bourgeoise, elle n&#039;attire gu\u00e8re l&#039;attention pour son \u00e2chat. Dommage, car nous avons ici \u00e0 faire \u00e0 une excellente routi\u00e8re. Malgr\u00e9 le poids des ans, son ch\u00e2ssis est ... Lire plus\" \/>\n<meta property=\"og:url\" content=\"https:\/\/www.carideal.com\/blog\/2008\/12\/28\/volvo-s60-d-occasion\/\" \/>\n<meta property=\"og:site_name\" content=\"Blog auto Carid\u00e9al\" \/>\n<meta property=\"article:publisher\" content=\"https:\/\/www.facebook.com\/Carideal.mandataire.automobile\" \/>\n<meta property=\"article:author\" content=\"https:\/\/www.facebook.com\/nicolas.schiavon.39\" \/>\n<meta property=\"article:published_time\" content=\"2008-12-28T23:00:00+00:00\" \/>\n<meta property=\"article:modified_time\" content=\"2015-11-04T15:53:02+00:00\" \/>\n<meta property=\"og:image\" content=\"http:\/\/www.carideal.com\/images_actualite\/volvos60occasioncarideal-1230553752.jpg\" \/>\n<meta name=\"author\" content=\"Nicolas SCHIAVON\" \/>\n<meta name=\"twitter:card\" content=\"summary_large_image\" \/>\n<meta name=\"twitter:creator\" content=\"@caridealauto\" \/>\n<meta name=\"twitter:site\" content=\"@caridealauto\" \/>\n<meta name=\"twitter:label1\" content=\"\u00c9crit par\" \/>\n\t<meta name=\"twitter:data1\" content=\"Nicolas SCHIAVON\" \/>\n\t<meta name=\"twitter:label2\" content=\"Dur\u00e9e de lecture estim\u00e9e\" \/>\n\t<meta name=\"twitter:data2\" content=\"2 minutes\" \/>\n<script type=\"application\/ld+json\" class=\"yoast-schema-graph\">{\"@context\":\"https:\/\/schema.org\",\"@graph\":[{\"@type\":\"Article\",\"@id\":\"https:\/\/www.carideal.com\/blog\/2008\/12\/28\/volvo-s60-d-occasion\/#article\",\"isPartOf\":{\"@id\":\"https:\/\/www.carideal.com\/blog\/2008\/12\/28\/volvo-s60-d-occasion\/\"},\"author\":{\"name\":\"Nicolas SCHIAVON\",\"@id\":\"https:\/\/www.carideal.com\/blog\/#\/schema\/person\/cd95dc7919660de90d31b366f85be1ec\"},\"headline\":\"Volvo S60 Occasion\",\"datePublished\":\"2008-12-28T23:00:00+00:00\",\"dateModified\":\"2015-11-04T15:53:02+00:00\",\"mainEntityOfPage\":{\"@id\":\"https:\/\/www.carideal.com\/blog\/2008\/12\/28\/volvo-s60-d-occasion\/\"},\"wordCount\":468,\"commentCount\":0,\"publisher\":{\"@id\":\"https:\/\/www.carideal.com\/blog\/#organization\"},\"image\":{\"@id\":\"https:\/\/www.carideal.com\/blog\/2008\/12\/28\/volvo-s60-d-occasion\/#primaryimage\"},\"thumbnailUrl\":\"http:\/\/www.carideal.com\/images_actualite\/volvos60occasioncarideal-1230553752.jpg\",\"keywords\":[\"haut de gamme\"],\"articleSection\":[\"Actualit\u00e9 automobile\"],\"inLanguage\":\"fr-FR\",\"potentialAction\":[{\"@type\":\"CommentAction\",\"name\":\"Comment\",\"target\":[\"https:\/\/www.carideal.com\/blog\/2008\/12\/28\/volvo-s60-d-occasion\/#respond\"]}]},{\"@type\":\"WebPage\",\"@id\":\"https:\/\/www.carideal.com\/blog\/2008\/12\/28\/volvo-s60-d-occasion\/\",\"url\":\"https:\/\/www.carideal.com\/blog\/2008\/12\/28\/volvo-s60-d-occasion\/\",\"name\":\"Volvo S60 Occasion - Blog auto Carid\u00e9al\",\"isPartOf\":{\"@id\":\"https:\/\/www.carideal.com\/blog\/#website\"},\"primaryImageOfPage\":{\"@id\":\"https:\/\/www.carideal.com\/blog\/2008\/12\/28\/volvo-s60-d-occasion\/#primaryimage\"},\"image\":{\"@id\":\"https:\/\/www.carideal.com\/blog\/2008\/12\/28\/volvo-s60-d-occasion\/#primaryimage\"},\"thumbnailUrl\":\"http:\/\/www.carideal.com\/images_actualite\/volvos60occasioncarideal-1230553752.jpg\",\"datePublished\":\"2008-12-28T23:00:00+00:00\",\"dateModified\":\"2015-11-04T15:53:02+00:00\",\"breadcrumb\":{\"@id\":\"https:\/\/www.carideal.com\/blog\/2008\/12\/28\/volvo-s60-d-occasion\/#breadcrumb\"},\"inLanguage\":\"fr-FR\",\"potentialAction\":[{\"@type\":\"ReadAction\",\"target\":[\"https:\/\/www.carideal.com\/blog\/2008\/12\/28\/volvo-s60-d-occasion\/\"]}]},{\"@type\":\"ImageObject\",\"inLanguage\":\"fr-FR\",\"@id\":\"https:\/\/www.carideal.com\/blog\/2008\/12\/28\/volvo-s60-d-occasion\/#primaryimage\",\"url\":\"http:\/\/www.carideal.com\/images_actualite\/volvos60occasioncarideal-1230553752.jpg\",\"contentUrl\":\"http:\/\/www.carideal.com\/images_actualite\/volvos60occasioncarideal-1230553752.jpg\"},{\"@type\":\"BreadcrumbList\",\"@id\":\"https:\/\/www.carideal.com\/blog\/2008\/12\/28\/volvo-s60-d-occasion\/#breadcrumb\",\"itemListElement\":[{\"@type\":\"ListItem\",\"position\":1,\"name\":\"Blog Carid\u00e9al\",\"item\":\"https:\/\/www.carideal.com\/blog\/\"},{\"@type\":\"ListItem\",\"position\":2,\"name\":\"Actualit\u00e9 automobile\",\"item\":\"https:\/\/www.carideal.com\/blog\/actualites-auto\/\"},{\"@type\":\"ListItem\",\"position\":3,\"name\":\"Volvo S60 Occasion\"}]},{\"@type\":\"WebSite\",\"@id\":\"https:\/\/www.carideal.com\/blog\/#website\",\"url\":\"https:\/\/www.carideal.com\/blog\/\",\"name\":\"Blog auto Carid\u00e9al\",\"description\":\"Actualit\u00e9 auto par des passionn\u00e9s\",\"publisher\":{\"@id\":\"https:\/\/www.carideal.com\/blog\/#organization\"},\"potentialAction\":[{\"@type\":\"SearchAction\",\"target\":{\"@type\":\"EntryPoint\",\"urlTemplate\":\"https:\/\/www.carideal.com\/blog\/?s={search_term_string}\"},\"query-input\":{\"@type\":\"PropertyValueSpecification\",\"valueRequired\":true,\"valueName\":\"search_term_string\"}}],\"inLanguage\":\"fr-FR\"},{\"@type\":\"Organization\",\"@id\":\"https:\/\/www.carideal.com\/blog\/#organization\",\"name\":\"Carideal\",\"url\":\"https:\/\/www.carideal.com\/blog\/\",\"logo\":{\"@type\":\"ImageObject\",\"inLanguage\":\"fr-FR\",\"@id\":\"https:\/\/www.carideal.com\/blog\/#\/schema\/logo\/image\/\",\"url\":\"http:\/\/www.carideal.com\/blog\/wp-content\/uploads\/2016\/03\/logo-carideal-mandataire-automobile.png\",\"contentUrl\":\"http:\/\/www.carideal.com\/blog\/wp-content\/uploads\/2016\/03\/logo-carideal-mandataire-automobile.png\",\"width\":300,\"height\":300,\"caption\":\"Carideal\"},\"image\":{\"@id\":\"https:\/\/www.carideal.com\/blog\/#\/schema\/logo\/image\/\"},\"sameAs\":[\"https:\/\/www.facebook.com\/Carideal.mandataire.automobile\",\"https:\/\/x.com\/caridealauto\",\"https:\/\/www.instagram.com\/carideal1\/\",\"https:\/\/www.linkedin.com\/company\/carideal.com\",\"https:\/\/fr.pinterest.com\/schiavonsas\/\",\"https:\/\/www.youtube.com\/user\/caridealsas\"]},{\"@type\":\"Person\",\"@id\":\"https:\/\/www.carideal.com\/blog\/#\/schema\/person\/cd95dc7919660de90d31b366f85be1ec\",\"name\":\"Nicolas SCHIAVON\",\"image\":{\"@type\":\"ImageObject\",\"inLanguage\":\"fr-FR\",\"@id\":\"https:\/\/www.carideal.com\/blog\/#\/schema\/person\/image\/\",\"url\":\"https:\/\/secure.gravatar.com\/avatar\/c17e55009e671d92cc7f5dc837dc418a?s=96&r=g\",\"contentUrl\":\"https:\/\/secure.gravatar.com\/avatar\/c17e55009e671d92cc7f5dc837dc418a?s=96&r=g\",\"caption\":\"Nicolas SCHIAVON\"},\"description\":\"Nicolas Schiavon est tomb\u00e9 tout petit dans la marmite automobile. Ayant eu un garage de marque automobile, mandataire automobile de la premi\u00e8re heure d\u00e8s 1999. Nicolas a cr\u00e9\u00e9 ces premiers sites de vente de voiture et blog automobile d\u00e8s 1994. Carideal est n\u00e9 le 15 d\u00e9cembre 2000 de la volont\u00e9 de vendre des voitures d'occasions en ligne puis des voitures neuves. Il a pu essayer beaucoup de voitures tr\u00e8s diff\u00e9rentes et ayant eu personnellement quelques belles autos, Subaru Impreza, Mitsubishi Lancer Evo 7, Porsche 911, Ferrari Testarrossa, Audi RS3, RS4 et j'en passe...\",\"sameAs\":[\"http:\/\/www.carideal.com\",\"https:\/\/www.facebook.com\/nicolas.schiavon.39\",\"https:\/\/www.instagram.com\/carideal1\/\",\"https:\/\/www.linkedin.com\/in\/nschiavon\/\",\"https:\/\/x.com\/caridealauto\",\"https:\/\/www.youtube.com\/user\/caridealsas\/\"],\"url\":\"https:\/\/www.carideal.com\/blog\/author\/nschiavon\/\"}]}<\/script>\n<!-- \/ Yoast SEO plugin. -->","yoast_head_json":{"title":"Volvo S60 Occasion - Blog auto Carid\u00e9al","robots":{"index":"index","follow":"follow","max-snippet":"max-snippet:-1","max-image-preview":"max-image-preview:large","max-video-preview":"max-video-preview:-1"},"canonical":"https:\/\/www.carideal.com\/blog\/2008\/12\/28\/volvo-s60-d-occasion\/","og_locale":"fr_FR","og_type":"article","og_title":"Volvo S60 Occasion - Blog auto Carid\u00e9al","og_description":"volvo S60 d'occasion La Volvo S60 n'a pas grand chose \u00e0 envier \u00e0 ses rivales allemandes en occasion, mais les places sont ch\u00e8res. Sans doute consid\u00e9r\u00e9e comme plus bourgeoise, elle n'attire gu\u00e8re l'attention pour son \u00e2chat. Dommage, car nous avons ici \u00e0 faire \u00e0 une excellente routi\u00e8re. Malgr\u00e9 le poids des ans, son ch\u00e2ssis est ... Lire plus","og_url":"https:\/\/www.carideal.com\/blog\/2008\/12\/28\/volvo-s60-d-occasion\/","og_site_name":"Blog auto Carid\u00e9al","article_publisher":"https:\/\/www.facebook.com\/Carideal.mandataire.automobile","article_author":"https:\/\/www.facebook.com\/nicolas.schiavon.39","article_published_time":"2008-12-28T23:00:00+00:00","article_modified_time":"2015-11-04T15:53:02+00:00","og_image":[{"url":"http:\/\/www.carideal.com\/images_actualite\/volvos60occasioncarideal-1230553752.jpg","type":"","width":"","height":""}],"author":"Nicolas SCHIAVON","twitter_card":"summary_large_image","twitter_creator":"@caridealauto","twitter_site":"@caridealauto","twitter_misc":{"\u00c9crit par":"Nicolas SCHIAVON","Dur\u00e9e de lecture estim\u00e9e":"2 minutes"},"schema":{"@context":"https:\/\/schema.org","@graph":[{"@type":"Article","@id":"https:\/\/www.carideal.com\/blog\/2008\/12\/28\/volvo-s60-d-occasion\/#article","isPartOf":{"@id":"https:\/\/www.carideal.com\/blog\/2008\/12\/28\/volvo-s60-d-occasion\/"},"author":{"name":"Nicolas SCHIAVON","@id":"https:\/\/www.carideal.com\/blog\/#\/schema\/person\/cd95dc7919660de90d31b366f85be1ec"},"headline":"Volvo S60 Occasion","datePublished":"2008-12-28T23:00:00+00:00","dateModified":"2015-11-04T15:53:02+00:00","mainEntityOfPage":{"@id":"https:\/\/www.carideal.com\/blog\/2008\/12\/28\/volvo-s60-d-occasion\/"},"wordCount":468,"commentCount":0,"publisher":{"@id":"https:\/\/www.carideal.com\/blog\/#organization"},"image":{"@id":"https:\/\/www.carideal.com\/blog\/2008\/12\/28\/volvo-s60-d-occasion\/#primaryimage"},"thumbnailUrl":"http:\/\/www.carideal.com\/images_actualite\/volvos60occasioncarideal-1230553752.jpg","keywords":["haut de gamme"],"articleSection":["Actualit\u00e9 automobile"],"inLanguage":"fr-FR","potentialAction":[{"@type":"CommentAction","name":"Comment","target":["https:\/\/www.carideal.com\/blog\/2008\/12\/28\/volvo-s60-d-occasion\/#respond"]}]},{"@type":"WebPage","@id":"https:\/\/www.carideal.com\/blog\/2008\/12\/28\/volvo-s60-d-occasion\/","url":"https:\/\/www.carideal.com\/blog\/2008\/12\/28\/volvo-s60-d-occasion\/","name":"Volvo S60 Occasion - Blog auto Carid\u00e9al","isPartOf":{"@id":"https:\/\/www.carideal.com\/blog\/#website"},"primaryImageOfPage":{"@id":"https:\/\/www.carideal.com\/blog\/2008\/12\/28\/volvo-s60-d-occasion\/#primaryimage"},"image":{"@id":"https:\/\/www.carideal.com\/blog\/2008\/12\/28\/volvo-s60-d-occasion\/#primaryimage"},"thumbnailUrl":"http:\/\/www.carideal.com\/images_actualite\/volvos60occasioncarideal-1230553752.jpg","datePublished":"2008-12-28T23:00:00+00:00","dateModified":"2015-11-04T15:53:02+00:00","breadcrumb":{"@id":"https:\/\/www.carideal.com\/blog\/2008\/12\/28\/volvo-s60-d-occasion\/#breadcrumb"},"inLanguage":"fr-FR","potentialAction":[{"@type":"ReadAction","target":["https:\/\/www.carideal.com\/blog\/2008\/12\/28\/volvo-s60-d-occasion\/"]}]},{"@type":"ImageObject","inLanguage":"fr-FR","@id":"https:\/\/www.carideal.com\/blog\/2008\/12\/28\/volvo-s60-d-occasion\/#primaryimage","url":"http:\/\/www.carideal.com\/images_actualite\/volvos60occasioncarideal-1230553752.jpg","contentUrl":"http:\/\/www.carideal.com\/images_actualite\/volvos60occasioncarideal-1230553752.jpg"},{"@type":"BreadcrumbList","@id":"https:\/\/www.carideal.com\/blog\/2008\/12\/28\/volvo-s60-d-occasion\/#breadcrumb","itemListElement":[{"@type":"ListItem","position":1,"name":"Blog Carid\u00e9al","item":"https:\/\/www.carideal.com\/blog\/"},{"@type":"ListItem","position":2,"name":"Actualit\u00e9 automobile","item":"https:\/\/www.carideal.com\/blog\/actualites-auto\/"},{"@type":"ListItem","position":3,"name":"Volvo S60 Occasion"}]},{"@type":"WebSite","@id":"https:\/\/www.carideal.com\/blog\/#website","url":"https:\/\/www.carideal.com\/blog\/","name":"Blog auto Carid\u00e9al","description":"Actualit\u00e9 auto par des passionn\u00e9s","publisher":{"@id":"https:\/\/www.carideal.com\/blog\/#organization"},"potentialAction":[{"@type":"SearchAction","target":{"@type":"EntryPoint","urlTemplate":"https:\/\/www.carideal.com\/blog\/?s={search_term_string}"},"query-input":{"@type":"PropertyValueSpecification","valueRequired":true,"valueName":"search_term_string"}}],"inLanguage":"fr-FR"},{"@type":"Organization","@id":"https:\/\/www.carideal.com\/blog\/#organization","name":"Carideal","url":"https:\/\/www.carideal.com\/blog\/","logo":{"@type":"ImageObject","inLanguage":"fr-FR","@id":"https:\/\/www.carideal.com\/blog\/#\/schema\/logo\/image\/","url":"http:\/\/www.carideal.com\/blog\/wp-content\/uploads\/2016\/03\/logo-carideal-mandataire-automobile.png","contentUrl":"http:\/\/www.carideal.com\/blog\/wp-content\/uploads\/2016\/03\/logo-carideal-mandataire-automobile.png","width":300,"height":300,"caption":"Carideal"},"image":{"@id":"https:\/\/www.carideal.com\/blog\/#\/schema\/logo\/image\/"},"sameAs":["https:\/\/www.facebook.com\/Carideal.mandataire.automobile","https:\/\/x.com\/caridealauto","https:\/\/www.instagram.com\/carideal1\/","https:\/\/www.linkedin.com\/company\/carideal.com","https:\/\/fr.pinterest.com\/schiavonsas\/","https:\/\/www.youtube.com\/user\/caridealsas"]},{"@type":"Person","@id":"https:\/\/www.carideal.com\/blog\/#\/schema\/person\/cd95dc7919660de90d31b366f85be1ec","name":"Nicolas SCHIAVON","image":{"@type":"ImageObject","inLanguage":"fr-FR","@id":"https:\/\/www.carideal.com\/blog\/#\/schema\/person\/image\/","url":"https:\/\/secure.gravatar.com\/avatar\/c17e55009e671d92cc7f5dc837dc418a?s=96&r=g","contentUrl":"https:\/\/secure.gravatar.com\/avatar\/c17e55009e671d92cc7f5dc837dc418a?s=96&r=g","caption":"Nicolas SCHIAVON"},"description":"Nicolas Schiavon est tomb\u00e9 tout petit dans la marmite automobile. Ayant eu un garage de marque automobile, mandataire automobile de la premi\u00e8re heure d\u00e8s 1999. Nicolas a cr\u00e9\u00e9 ces premiers sites de vente de voiture et blog automobile d\u00e8s 1994. Carideal est n\u00e9 le 15 d\u00e9cembre 2000 de la volont\u00e9 de vendre des voitures d'occasions en ligne puis des voitures neuves. Il a pu essayer beaucoup de voitures tr\u00e8s diff\u00e9rentes et ayant eu personnellement quelques belles autos, Subaru Impreza, Mitsubishi Lancer Evo 7, Porsche 911, Ferrari Testarrossa, Audi RS3, RS4 et j'en passe...","sameAs":["http:\/\/www.carideal.com","https:\/\/www.facebook.com\/nicolas.schiavon.39","https:\/\/www.instagram.com\/carideal1\/","https:\/\/www.linkedin.com\/in\/nschiavon\/","https:\/\/x.com\/caridealauto","https:\/\/www.youtube.com\/user\/caridealsas\/"],"url":"https:\/\/www.carideal.com\/blog\/author\/nschiavon\/"}]}},"uagb_featured_image_src":{"full":false,"thumbnail":false,"medium":false,"medium_large":false,"large":false,"1536x1536":false,"2048x2048":false,"wppr-widget":false},"uagb_author_info":{"display_name":"Nicolas SCHIAVON","author_link":"https:\/\/www.carideal.com\/blog\/author\/nschiavon\/"},"uagb_comment_info":0,"uagb_excerpt":"volvo S60 d'occasion La Volvo S60 n'a pas grand chose \u00e0 envier \u00e0 ses rivales allemandes en occasion, mais les places sont ch\u00e8res. Sans doute consid\u00e9r\u00e9e comme plus bourgeoise, elle n'attire gu\u00e8re l'attention pour son \u00e2chat. Dommage, car nous avons ici \u00e0 faire \u00e0 une excellente routi\u00e8re. Malgr\u00e9 le poids des ans, son ch\u00e2ssis est\u2026","_links":{"self":[{"href":"https:\/\/www.carideal.com\/blog\/wp-json\/wp\/v2\/posts\/4732"}],"collection":[{"href":"https:\/\/www.carideal.com\/blog\/wp-json\/wp\/v2\/posts"}],"about":[{"href":"https:\/\/www.carideal.com\/blog\/wp-json\/wp\/v2\/types\/post"}],"author":[{"embeddable":true,"href":"https:\/\/www.carideal.com\/blog\/wp-json\/wp\/v2\/users\/3"}],"replies":[{"embeddable":true,"href":"https:\/\/www.carideal.com\/blog\/wp-json\/wp\/v2\/comments?post=4732"}],"version-history":[{"count":0,"href":"https:\/\/www.carideal.com\/blog\/wp-json\/wp\/v2\/posts\/4732\/revisions"}],"wp:attachment":[{"href":"https:\/\/www.carideal.com\/blog\/wp-json\/wp\/v2\/media?parent=4732"}],"wp:term":[{"taxonomy":"category","embeddable":true,"href":"https:\/\/www.carideal.com\/blog\/wp-json\/wp\/v2\/categories?post=4732"},{"taxonomy":"post_tag","embeddable":true,"href":"https:\/\/www.carideal.com\/blog\/wp-json\/wp\/v2\/tags?post=4732"}],"curies":[{"name":"wp","href":"https:\/\/api.w.org\/{rel}","templated":true}]}}