{"id":4731,"date":"2008-12-24T23:00:00","date_gmt":"2008-12-24T23:00:00","guid":{"rendered":"http:\/\/www.carideal.com\/blog\/2008\/12\/24\/volvo-s40-ii-v50-d-occasion\/"},"modified":"2015-11-04T16:57:51","modified_gmt":"2015-11-04T15:57:51","slug":"volvo-s40-ii-v50-d-occasion","status":"publish","type":"post","link":"https:\/\/www.carideal.com\/blog\/2008\/12\/24\/volvo-s40-ii-v50-d-occasion\/","title":{"rendered":"Volvo S40 II V50 occasion"},"content":{"rendered":"<div><img decoding=\"async\" src=\"http:\/\/www.carideal.com\/images_actualite\/volvos40carideal-1230201164.jpg\" alt=\"\" \/>volvo S40 d'occasion<\/p>\n<\/div>\n<div><img decoding=\"async\" src=\"http:\/\/www.carideal.com\/images_actualite\/volvos40intcarideal-1230201278.jpg\" alt=\"\" \/>tableau de bord de volvo S40 occasion<\/p>\n<\/div>\n<div><img decoding=\"async\" src=\"http:\/\/www.carideal.com\/images_actualite\/volvov50carideal-1230201343.jpg\" alt=\"\" \/>Volvo V50 occasion<\/p>\n<\/div>\n<p>Exit le ch\u00e2ssis de l'ancien mod\u00e8le qui comme sur toutes les Volvo de cette \u00e9poque p\u00e9chait par un train avant peu rigoureux. Reposant sur la plate forme de la Ford Focus C-max, politique de groupe oblige , les Volvo S40 \/ V50,\u00a0S pour sedan, V pour van soit break, et d'occasion, font d\u00e9sormais figure de r\u00e9f\u00e9rences en termes de comportement routier. Elles conjuguent avec bonheur plaisir de conduire, rigueur et amortissement bien dos\u00e9. ainsi les su\u00e9doises virent \u00e0 plat m\u00eame dans les courbes les plus prononc\u00e9es, qualit\u00e9 que les occupants appr\u00e9cieront. Au chapitre motorisations, les deux blocs les plus r\u00e9pandus sont les diesels issus de la collaboration entre Ford et PSA Peugeot Citroen. On trouve donc le moteur qui anime la Peugeot 407, ici baptis\u00e9 2.0D. C'est celui qui rencontre le plus de succ\u00e8s \u00e0 l'achat, \u00e0 juste titre.<\/p>\n<p>Que dire des Volvo d'occasion S40 \/ V50 ? Qu'elles arborent une ligne s\u00e9duisante, un int\u00e9rieur cossu avec une console centrale au dessin tr\u00e8s original, mais que pour l'esprit pratique, il faudra repasser. Car \u00e0 l'instar de la plupart des familiales dites premium, ce mod\u00e8le fait l'impasse sur l'habitabilit\u00e9 aux places arri\u00e8res. Certes, c'est mieux que l'ancienne g\u00e9n\u00e9ration, mais on est encore assez \u00e9loign\u00e9 des berlines familiales. Comme sur la S60, la courbure en pente douce du pavillon g\u00eanera les grand gabarits assis \u00e0 l'arri\u00e8re. Seul le Volvo V50 premettra de r\u00e9soudre ce probl\u00e8me. Beaucoup plus diffus\u00e9 que la berline, ce dernier offre pourtant un volume de coffre \u00e0 peine plus important 417 litres contre 404 litres. Mais en rabattant la banquette 40\/60, on peut charger jusqu'\u00e0 1307L. Notez enfin que l'une et l'autre de ces carrosseries sont assez chiches en ce qui concerne les espaces de rangement.<\/p>\n<p>L'ambiance high tech tr\u00e8s \u00e9pur\u00e9e s'av\u00e8re particuli\u00e8rement s\u00e9duisante en occasion. Une impression renforc\u00e9e par une console centrale extra plate et recouverte de m\u00e9tal, dont l'ergonomie n'appelle par ailleurs aucune critique. Ici, la qualit\u00e9 est proche de celle des r\u00e9f\u00e8rences allemandes. Les plastiques rembourr\u00e9s sont utilis\u00e9s avec abondance. De m\u00eame, l'assemblage et l'ajustage t\u00e9moignent d'une grande rigueur. Cot\u00e9 fiabilit\u00e9 m\u00e9canique, pr\u00e9f\u00e9rez les mod\u00e8les les plus r\u00e9cents. Les premiers ont en effet souffert de quelques rat\u00e9s, notamment les diesels, dot\u00e9s de boitiers \u00e9lectroniques de gestion moteur parfois assez capricieux. Ces voitures ont d'ailleurs \u00e9t\u00e9 rappel\u00e9es en concession. La gamme comporte les versions Kinetic, Momentum, et summum. La Volvo S40 II est sortie en Janvier 2004 et a \u00e9t\u00e9 restyl\u00e9e en juin 2007. Il y en a 3000 en circulation.<\/p>\n","protected":false},"excerpt":{"rendered":"<p>volvo S40 d&rsquo;occasion tableau de bord de volvo S40 occasion Volvo V50 occasion Exit le ch\u00e2ssis de l&rsquo;ancien mod\u00e8le qui comme sur toutes les Volvo de cette \u00e9poque p\u00e9chait par un train avant peu rigoureux. Reposant sur la plate forme de la Ford Focus C-max, politique de groupe oblige , les Volvo S40 \/ V50,\u00a0S &#8230; <a title=\"Volvo S40 II V50 occasion\" class=\"read-more\" href=\"https:\/\/www.carideal.com\/blog\/2008\/12\/24\/volvo-s40-ii-v50-d-occasion\/\" aria-label=\"En savoir plus sur Volvo S40 II V50 occasion\">Lire plus<\/a><\/p>\n","protected":false},"author":3,"featured_media":0,"comment_status":"open","ping_status":"open","sticky":false,"template":"","format":"standard","meta":{"_uag_custom_page_level_css":"","_themeisle_gutenberg_block_has_review":false,"footnotes":""},"categories":[21],"tags":[35],"class_list":["post-4731","post","type-post","status-publish","format-standard","hentry","category-actualites-auto","tag-psa"],"wppr_data":[],"yoast_head":"<!-- This site is optimized with the Yoast SEO plugin v24.8.1 - https:\/\/yoast.com\/wordpress\/plugins\/seo\/ -->\n<title>Volvo S40 II V50 occasion - Blog auto Carid\u00e9al<\/title>\n<meta name=\"robots\" content=\"index, follow, max-snippet:-1, max-image-preview:large, max-video-preview:-1\" \/>\n<link rel=\"canonical\" href=\"https:\/\/www.carideal.com\/blog\/2008\/12\/24\/volvo-s40-ii-v50-d-occasion\/\" \/>\n<meta property=\"og:locale\" content=\"fr_FR\" \/>\n<meta property=\"og:type\" content=\"article\" \/>\n<meta property=\"og:title\" content=\"Volvo S40 II V50 occasion - Blog auto Carid\u00e9al\" \/>\n<meta property=\"og:description\" content=\"volvo S40 d&#039;occasion tableau de bord de volvo S40 occasion Volvo V50 occasion Exit le ch\u00e2ssis de l&#039;ancien mod\u00e8le qui comme sur toutes les Volvo de cette \u00e9poque p\u00e9chait par un train avant peu rigoureux. Reposant sur la plate forme de la Ford Focus C-max, politique de groupe oblige , les Volvo S40 \/ V50,\u00a0S ... Lire plus\" \/>\n<meta property=\"og:url\" content=\"https:\/\/www.carideal.com\/blog\/2008\/12\/24\/volvo-s40-ii-v50-d-occasion\/\" \/>\n<meta property=\"og:site_name\" content=\"Blog auto Carid\u00e9al\" \/>\n<meta property=\"article:publisher\" content=\"https:\/\/www.facebook.com\/Carideal.mandataire.automobile\" \/>\n<meta property=\"article:author\" content=\"https:\/\/www.facebook.com\/nicolas.schiavon.39\" \/>\n<meta property=\"article:published_time\" content=\"2008-12-24T23:00:00+00:00\" \/>\n<meta property=\"article:modified_time\" content=\"2015-11-04T15:57:51+00:00\" \/>\n<meta property=\"og:image\" content=\"http:\/\/www.carideal.com\/images_actualite\/volvos40carideal-1230201164.jpg\" \/>\n<meta name=\"author\" content=\"Nicolas SCHIAVON\" \/>\n<meta name=\"twitter:card\" content=\"summary_large_image\" \/>\n<meta name=\"twitter:creator\" content=\"@caridealauto\" \/>\n<meta name=\"twitter:site\" content=\"@caridealauto\" \/>\n<meta name=\"twitter:label1\" content=\"\u00c9crit par\" \/>\n\t<meta name=\"twitter:data1\" content=\"Nicolas SCHIAVON\" \/>\n\t<meta name=\"twitter:label2\" content=\"Dur\u00e9e de lecture estim\u00e9e\" \/>\n\t<meta name=\"twitter:data2\" content=\"2 minutes\" \/>\n<script type=\"application\/ld+json\" class=\"yoast-schema-graph\">{\"@context\":\"https:\/\/schema.org\",\"@graph\":[{\"@type\":\"Article\",\"@id\":\"https:\/\/www.carideal.com\/blog\/2008\/12\/24\/volvo-s40-ii-v50-d-occasion\/#article\",\"isPartOf\":{\"@id\":\"https:\/\/www.carideal.com\/blog\/2008\/12\/24\/volvo-s40-ii-v50-d-occasion\/\"},\"author\":{\"name\":\"Nicolas SCHIAVON\",\"@id\":\"https:\/\/www.carideal.com\/blog\/#\/schema\/person\/cd95dc7919660de90d31b366f85be1ec\"},\"headline\":\"Volvo S40 II V50 occasion\",\"datePublished\":\"2008-12-24T23:00:00+00:00\",\"dateModified\":\"2015-11-04T15:57:51+00:00\",\"mainEntityOfPage\":{\"@id\":\"https:\/\/www.carideal.com\/blog\/2008\/12\/24\/volvo-s40-ii-v50-d-occasion\/\"},\"wordCount\":461,\"commentCount\":0,\"publisher\":{\"@id\":\"https:\/\/www.carideal.com\/blog\/#organization\"},\"image\":{\"@id\":\"https:\/\/www.carideal.com\/blog\/2008\/12\/24\/volvo-s40-ii-v50-d-occasion\/#primaryimage\"},\"thumbnailUrl\":\"http:\/\/www.carideal.com\/images_actualite\/volvos40carideal-1230201164.jpg\",\"keywords\":[\"PSA\"],\"articleSection\":[\"Actualit\u00e9 automobile\"],\"inLanguage\":\"fr-FR\",\"potentialAction\":[{\"@type\":\"CommentAction\",\"name\":\"Comment\",\"target\":[\"https:\/\/www.carideal.com\/blog\/2008\/12\/24\/volvo-s40-ii-v50-d-occasion\/#respond\"]}]},{\"@type\":\"WebPage\",\"@id\":\"https:\/\/www.carideal.com\/blog\/2008\/12\/24\/volvo-s40-ii-v50-d-occasion\/\",\"url\":\"https:\/\/www.carideal.com\/blog\/2008\/12\/24\/volvo-s40-ii-v50-d-occasion\/\",\"name\":\"Volvo S40 II V50 occasion - Blog auto Carid\u00e9al\",\"isPartOf\":{\"@id\":\"https:\/\/www.carideal.com\/blog\/#website\"},\"primaryImageOfPage\":{\"@id\":\"https:\/\/www.carideal.com\/blog\/2008\/12\/24\/volvo-s40-ii-v50-d-occasion\/#primaryimage\"},\"image\":{\"@id\":\"https:\/\/www.carideal.com\/blog\/2008\/12\/24\/volvo-s40-ii-v50-d-occasion\/#primaryimage\"},\"thumbnailUrl\":\"http:\/\/www.carideal.com\/images_actualite\/volvos40carideal-1230201164.jpg\",\"datePublished\":\"2008-12-24T23:00:00+00:00\",\"dateModified\":\"2015-11-04T15:57:51+00:00\",\"breadcrumb\":{\"@id\":\"https:\/\/www.carideal.com\/blog\/2008\/12\/24\/volvo-s40-ii-v50-d-occasion\/#breadcrumb\"},\"inLanguage\":\"fr-FR\",\"potentialAction\":[{\"@type\":\"ReadAction\",\"target\":[\"https:\/\/www.carideal.com\/blog\/2008\/12\/24\/volvo-s40-ii-v50-d-occasion\/\"]}]},{\"@type\":\"ImageObject\",\"inLanguage\":\"fr-FR\",\"@id\":\"https:\/\/www.carideal.com\/blog\/2008\/12\/24\/volvo-s40-ii-v50-d-occasion\/#primaryimage\",\"url\":\"http:\/\/www.carideal.com\/images_actualite\/volvos40carideal-1230201164.jpg\",\"contentUrl\":\"http:\/\/www.carideal.com\/images_actualite\/volvos40carideal-1230201164.jpg\"},{\"@type\":\"BreadcrumbList\",\"@id\":\"https:\/\/www.carideal.com\/blog\/2008\/12\/24\/volvo-s40-ii-v50-d-occasion\/#breadcrumb\",\"itemListElement\":[{\"@type\":\"ListItem\",\"position\":1,\"name\":\"Blog Carid\u00e9al\",\"item\":\"https:\/\/www.carideal.com\/blog\/\"},{\"@type\":\"ListItem\",\"position\":2,\"name\":\"Actualit\u00e9 automobile\",\"item\":\"https:\/\/www.carideal.com\/blog\/actualites-auto\/\"},{\"@type\":\"ListItem\",\"position\":3,\"name\":\"Volvo S40 II V50 occasion\"}]},{\"@type\":\"WebSite\",\"@id\":\"https:\/\/www.carideal.com\/blog\/#website\",\"url\":\"https:\/\/www.carideal.com\/blog\/\",\"name\":\"Blog auto Carid\u00e9al\",\"description\":\"Actualit\u00e9 auto par des passionn\u00e9s\",\"publisher\":{\"@id\":\"https:\/\/www.carideal.com\/blog\/#organization\"},\"potentialAction\":[{\"@type\":\"SearchAction\",\"target\":{\"@type\":\"EntryPoint\",\"urlTemplate\":\"https:\/\/www.carideal.com\/blog\/?s={search_term_string}\"},\"query-input\":{\"@type\":\"PropertyValueSpecification\",\"valueRequired\":true,\"valueName\":\"search_term_string\"}}],\"inLanguage\":\"fr-FR\"},{\"@type\":\"Organization\",\"@id\":\"https:\/\/www.carideal.com\/blog\/#organization\",\"name\":\"Carideal\",\"url\":\"https:\/\/www.carideal.com\/blog\/\",\"logo\":{\"@type\":\"ImageObject\",\"inLanguage\":\"fr-FR\",\"@id\":\"https:\/\/www.carideal.com\/blog\/#\/schema\/logo\/image\/\",\"url\":\"http:\/\/www.carideal.com\/blog\/wp-content\/uploads\/2016\/03\/logo-carideal-mandataire-automobile.png\",\"contentUrl\":\"http:\/\/www.carideal.com\/blog\/wp-content\/uploads\/2016\/03\/logo-carideal-mandataire-automobile.png\",\"width\":300,\"height\":300,\"caption\":\"Carideal\"},\"image\":{\"@id\":\"https:\/\/www.carideal.com\/blog\/#\/schema\/logo\/image\/\"},\"sameAs\":[\"https:\/\/www.facebook.com\/Carideal.mandataire.automobile\",\"https:\/\/x.com\/caridealauto\",\"https:\/\/www.instagram.com\/carideal1\/\",\"https:\/\/www.linkedin.com\/company\/carideal.com\",\"https:\/\/fr.pinterest.com\/schiavonsas\/\",\"https:\/\/www.youtube.com\/user\/caridealsas\"]},{\"@type\":\"Person\",\"@id\":\"https:\/\/www.carideal.com\/blog\/#\/schema\/person\/cd95dc7919660de90d31b366f85be1ec\",\"name\":\"Nicolas SCHIAVON\",\"image\":{\"@type\":\"ImageObject\",\"inLanguage\":\"fr-FR\",\"@id\":\"https:\/\/www.carideal.com\/blog\/#\/schema\/person\/image\/\",\"url\":\"https:\/\/secure.gravatar.com\/avatar\/c17e55009e671d92cc7f5dc837dc418a?s=96&r=g\",\"contentUrl\":\"https:\/\/secure.gravatar.com\/avatar\/c17e55009e671d92cc7f5dc837dc418a?s=96&r=g\",\"caption\":\"Nicolas SCHIAVON\"},\"description\":\"Nicolas Schiavon est tomb\u00e9 tout petit dans la marmite automobile. Ayant eu un garage de marque automobile, mandataire automobile de la premi\u00e8re heure d\u00e8s 1999. Nicolas a cr\u00e9\u00e9 ces premiers sites de vente de voiture et blog automobile d\u00e8s 1994. Carideal est n\u00e9 le 15 d\u00e9cembre 2000 de la volont\u00e9 de vendre des voitures d'occasions en ligne puis des voitures neuves. Il a pu essayer beaucoup de voitures tr\u00e8s diff\u00e9rentes et ayant eu personnellement quelques belles autos, Subaru Impreza, Mitsubishi Lancer Evo 7, Porsche 911, Ferrari Testarrossa, Audi RS3, RS4 et j'en passe...\",\"sameAs\":[\"http:\/\/www.carideal.com\",\"https:\/\/www.facebook.com\/nicolas.schiavon.39\",\"https:\/\/www.instagram.com\/carideal1\/\",\"https:\/\/www.linkedin.com\/in\/nschiavon\/\",\"https:\/\/x.com\/caridealauto\",\"https:\/\/www.youtube.com\/user\/caridealsas\/\"],\"url\":\"https:\/\/www.carideal.com\/blog\/author\/nschiavon\/\"}]}<\/script>\n<!-- \/ Yoast SEO plugin. -->","yoast_head_json":{"title":"Volvo S40 II V50 occasion - Blog auto Carid\u00e9al","robots":{"index":"index","follow":"follow","max-snippet":"max-snippet:-1","max-image-preview":"max-image-preview:large","max-video-preview":"max-video-preview:-1"},"canonical":"https:\/\/www.carideal.com\/blog\/2008\/12\/24\/volvo-s40-ii-v50-d-occasion\/","og_locale":"fr_FR","og_type":"article","og_title":"Volvo S40 II V50 occasion - Blog auto Carid\u00e9al","og_description":"volvo S40 d'occasion tableau de bord de volvo S40 occasion Volvo V50 occasion Exit le ch\u00e2ssis de l'ancien mod\u00e8le qui comme sur toutes les Volvo de cette \u00e9poque p\u00e9chait par un train avant peu rigoureux. Reposant sur la plate forme de la Ford Focus C-max, politique de groupe oblige , les Volvo S40 \/ V50,\u00a0S ... Lire plus","og_url":"https:\/\/www.carideal.com\/blog\/2008\/12\/24\/volvo-s40-ii-v50-d-occasion\/","og_site_name":"Blog auto Carid\u00e9al","article_publisher":"https:\/\/www.facebook.com\/Carideal.mandataire.automobile","article_author":"https:\/\/www.facebook.com\/nicolas.schiavon.39","article_published_time":"2008-12-24T23:00:00+00:00","article_modified_time":"2015-11-04T15:57:51+00:00","og_image":[{"url":"http:\/\/www.carideal.com\/images_actualite\/volvos40carideal-1230201164.jpg","type":"","width":"","height":""}],"author":"Nicolas SCHIAVON","twitter_card":"summary_large_image","twitter_creator":"@caridealauto","twitter_site":"@caridealauto","twitter_misc":{"\u00c9crit par":"Nicolas SCHIAVON","Dur\u00e9e de lecture estim\u00e9e":"2 minutes"},"schema":{"@context":"https:\/\/schema.org","@graph":[{"@type":"Article","@id":"https:\/\/www.carideal.com\/blog\/2008\/12\/24\/volvo-s40-ii-v50-d-occasion\/#article","isPartOf":{"@id":"https:\/\/www.carideal.com\/blog\/2008\/12\/24\/volvo-s40-ii-v50-d-occasion\/"},"author":{"name":"Nicolas SCHIAVON","@id":"https:\/\/www.carideal.com\/blog\/#\/schema\/person\/cd95dc7919660de90d31b366f85be1ec"},"headline":"Volvo S40 II V50 occasion","datePublished":"2008-12-24T23:00:00+00:00","dateModified":"2015-11-04T15:57:51+00:00","mainEntityOfPage":{"@id":"https:\/\/www.carideal.com\/blog\/2008\/12\/24\/volvo-s40-ii-v50-d-occasion\/"},"wordCount":461,"commentCount":0,"publisher":{"@id":"https:\/\/www.carideal.com\/blog\/#organization"},"image":{"@id":"https:\/\/www.carideal.com\/blog\/2008\/12\/24\/volvo-s40-ii-v50-d-occasion\/#primaryimage"},"thumbnailUrl":"http:\/\/www.carideal.com\/images_actualite\/volvos40carideal-1230201164.jpg","keywords":["PSA"],"articleSection":["Actualit\u00e9 automobile"],"inLanguage":"fr-FR","potentialAction":[{"@type":"CommentAction","name":"Comment","target":["https:\/\/www.carideal.com\/blog\/2008\/12\/24\/volvo-s40-ii-v50-d-occasion\/#respond"]}]},{"@type":"WebPage","@id":"https:\/\/www.carideal.com\/blog\/2008\/12\/24\/volvo-s40-ii-v50-d-occasion\/","url":"https:\/\/www.carideal.com\/blog\/2008\/12\/24\/volvo-s40-ii-v50-d-occasion\/","name":"Volvo S40 II V50 occasion - Blog auto Carid\u00e9al","isPartOf":{"@id":"https:\/\/www.carideal.com\/blog\/#website"},"primaryImageOfPage":{"@id":"https:\/\/www.carideal.com\/blog\/2008\/12\/24\/volvo-s40-ii-v50-d-occasion\/#primaryimage"},"image":{"@id":"https:\/\/www.carideal.com\/blog\/2008\/12\/24\/volvo-s40-ii-v50-d-occasion\/#primaryimage"},"thumbnailUrl":"http:\/\/www.carideal.com\/images_actualite\/volvos40carideal-1230201164.jpg","datePublished":"2008-12-24T23:00:00+00:00","dateModified":"2015-11-04T15:57:51+00:00","breadcrumb":{"@id":"https:\/\/www.carideal.com\/blog\/2008\/12\/24\/volvo-s40-ii-v50-d-occasion\/#breadcrumb"},"inLanguage":"fr-FR","potentialAction":[{"@type":"ReadAction","target":["https:\/\/www.carideal.com\/blog\/2008\/12\/24\/volvo-s40-ii-v50-d-occasion\/"]}]},{"@type":"ImageObject","inLanguage":"fr-FR","@id":"https:\/\/www.carideal.com\/blog\/2008\/12\/24\/volvo-s40-ii-v50-d-occasion\/#primaryimage","url":"http:\/\/www.carideal.com\/images_actualite\/volvos40carideal-1230201164.jpg","contentUrl":"http:\/\/www.carideal.com\/images_actualite\/volvos40carideal-1230201164.jpg"},{"@type":"BreadcrumbList","@id":"https:\/\/www.carideal.com\/blog\/2008\/12\/24\/volvo-s40-ii-v50-d-occasion\/#breadcrumb","itemListElement":[{"@type":"ListItem","position":1,"name":"Blog Carid\u00e9al","item":"https:\/\/www.carideal.com\/blog\/"},{"@type":"ListItem","position":2,"name":"Actualit\u00e9 automobile","item":"https:\/\/www.carideal.com\/blog\/actualites-auto\/"},{"@type":"ListItem","position":3,"name":"Volvo S40 II V50 occasion"}]},{"@type":"WebSite","@id":"https:\/\/www.carideal.com\/blog\/#website","url":"https:\/\/www.carideal.com\/blog\/","name":"Blog auto Carid\u00e9al","description":"Actualit\u00e9 auto par des passionn\u00e9s","publisher":{"@id":"https:\/\/www.carideal.com\/blog\/#organization"},"potentialAction":[{"@type":"SearchAction","target":{"@type":"EntryPoint","urlTemplate":"https:\/\/www.carideal.com\/blog\/?s={search_term_string}"},"query-input":{"@type":"PropertyValueSpecification","valueRequired":true,"valueName":"search_term_string"}}],"inLanguage":"fr-FR"},{"@type":"Organization","@id":"https:\/\/www.carideal.com\/blog\/#organization","name":"Carideal","url":"https:\/\/www.carideal.com\/blog\/","logo":{"@type":"ImageObject","inLanguage":"fr-FR","@id":"https:\/\/www.carideal.com\/blog\/#\/schema\/logo\/image\/","url":"http:\/\/www.carideal.com\/blog\/wp-content\/uploads\/2016\/03\/logo-carideal-mandataire-automobile.png","contentUrl":"http:\/\/www.carideal.com\/blog\/wp-content\/uploads\/2016\/03\/logo-carideal-mandataire-automobile.png","width":300,"height":300,"caption":"Carideal"},"image":{"@id":"https:\/\/www.carideal.com\/blog\/#\/schema\/logo\/image\/"},"sameAs":["https:\/\/www.facebook.com\/Carideal.mandataire.automobile","https:\/\/x.com\/caridealauto","https:\/\/www.instagram.com\/carideal1\/","https:\/\/www.linkedin.com\/company\/carideal.com","https:\/\/fr.pinterest.com\/schiavonsas\/","https:\/\/www.youtube.com\/user\/caridealsas"]},{"@type":"Person","@id":"https:\/\/www.carideal.com\/blog\/#\/schema\/person\/cd95dc7919660de90d31b366f85be1ec","name":"Nicolas SCHIAVON","image":{"@type":"ImageObject","inLanguage":"fr-FR","@id":"https:\/\/www.carideal.com\/blog\/#\/schema\/person\/image\/","url":"https:\/\/secure.gravatar.com\/avatar\/c17e55009e671d92cc7f5dc837dc418a?s=96&r=g","contentUrl":"https:\/\/secure.gravatar.com\/avatar\/c17e55009e671d92cc7f5dc837dc418a?s=96&r=g","caption":"Nicolas SCHIAVON"},"description":"Nicolas Schiavon est tomb\u00e9 tout petit dans la marmite automobile. Ayant eu un garage de marque automobile, mandataire automobile de la premi\u00e8re heure d\u00e8s 1999. Nicolas a cr\u00e9\u00e9 ces premiers sites de vente de voiture et blog automobile d\u00e8s 1994. Carideal est n\u00e9 le 15 d\u00e9cembre 2000 de la volont\u00e9 de vendre des voitures d'occasions en ligne puis des voitures neuves. Il a pu essayer beaucoup de voitures tr\u00e8s diff\u00e9rentes et ayant eu personnellement quelques belles autos, Subaru Impreza, Mitsubishi Lancer Evo 7, Porsche 911, Ferrari Testarrossa, Audi RS3, RS4 et j'en passe...","sameAs":["http:\/\/www.carideal.com","https:\/\/www.facebook.com\/nicolas.schiavon.39","https:\/\/www.instagram.com\/carideal1\/","https:\/\/www.linkedin.com\/in\/nschiavon\/","https:\/\/x.com\/caridealauto","https:\/\/www.youtube.com\/user\/caridealsas\/"],"url":"https:\/\/www.carideal.com\/blog\/author\/nschiavon\/"}]}},"uagb_featured_image_src":{"full":false,"thumbnail":false,"medium":false,"medium_large":false,"large":false,"1536x1536":false,"2048x2048":false,"wppr-widget":false},"uagb_author_info":{"display_name":"Nicolas SCHIAVON","author_link":"https:\/\/www.carideal.com\/blog\/author\/nschiavon\/"},"uagb_comment_info":0,"uagb_excerpt":"volvo S40 d'occasion tableau de bord de volvo S40 occasion Volvo V50 occasion Exit le ch\u00e2ssis de l'ancien mod\u00e8le qui comme sur toutes les Volvo de cette \u00e9poque p\u00e9chait par un train avant peu rigoureux. Reposant sur la plate forme de la Ford Focus C-max, politique de groupe oblige , les Volvo S40 \/ V50,\u00a0S\u2026","_links":{"self":[{"href":"https:\/\/www.carideal.com\/blog\/wp-json\/wp\/v2\/posts\/4731"}],"collection":[{"href":"https:\/\/www.carideal.com\/blog\/wp-json\/wp\/v2\/posts"}],"about":[{"href":"https:\/\/www.carideal.com\/blog\/wp-json\/wp\/v2\/types\/post"}],"author":[{"embeddable":true,"href":"https:\/\/www.carideal.com\/blog\/wp-json\/wp\/v2\/users\/3"}],"replies":[{"embeddable":true,"href":"https:\/\/www.carideal.com\/blog\/wp-json\/wp\/v2\/comments?post=4731"}],"version-history":[{"count":0,"href":"https:\/\/www.carideal.com\/blog\/wp-json\/wp\/v2\/posts\/4731\/revisions"}],"wp:attachment":[{"href":"https:\/\/www.carideal.com\/blog\/wp-json\/wp\/v2\/media?parent=4731"}],"wp:term":[{"taxonomy":"category","embeddable":true,"href":"https:\/\/www.carideal.com\/blog\/wp-json\/wp\/v2\/categories?post=4731"},{"taxonomy":"post_tag","embeddable":true,"href":"https:\/\/www.carideal.com\/blog\/wp-json\/wp\/v2\/tags?post=4731"}],"curies":[{"name":"wp","href":"https:\/\/api.w.org\/{rel}","templated":true}]}}