{"id":4729,"date":"2008-12-22T23:00:00","date_gmt":"2008-12-22T23:00:00","guid":{"rendered":"http:\/\/www.carideal.com\/blog\/2008\/12\/22\/volkswagen-passat-v-d-occasion\/"},"modified":"2015-11-05T16:30:25","modified_gmt":"2015-11-05T15:30:25","slug":"volkswagen-passat-v-d-occasion","status":"publish","type":"post","link":"https:\/\/www.carideal.com\/blog\/2008\/12\/22\/volkswagen-passat-v-d-occasion\/","title":{"rendered":"Volkswagen Passat V Occasion"},"content":{"rendered":"<div>\n<p><img decoding=\"async\" src=\"http:\/\/www.carideal.com\/images_actualite\/volkswagenpassat5carideal-1230056419.jpg\" alt=\"\" \/>volkswagen passat V occasion<\/p>\n<\/div>\n<div>\n<p><img decoding=\"async\" src=\"http:\/\/www.carideal.com\/images_actualite\/volkswagenpassatbreak5carideal-1230056472.jpg\" alt=\"\" \/>volkswagen passat break V occasion<\/p>\n<\/div>\n<p style=\"margin-bottom: 0cm;\">La volkswagen Passat d'occasion est beaucoup plus \u00e0 l'aise lorsqu'elle \u00e9volue sur les grandes lignes droites des autoroutes que sur les routes sinueuses de montagne. Ses suspensions souples manquent de pr\u00e9cision, engendrant un effet de pompage des plus inconfortables. Si la s\u00e9curit\u00e9 n'est pas en jeu, de nombreuses concurentes telles que la peugeot 406 sont plus abouties sur ce point. En revanche, la position de conduite s'av\u00e8re tr\u00e8s agr\u00e9able et la pluspart des moteurs font oublier ces d\u00e9sagr\u00e9ments. Coupl\u00e9s \u00e0 une boite m\u00e9canique \u00e0 la commande pr\u00e9cise, ils procurent un certain agr\u00e9ment de conduite, \u00e0 d\u00e9faut d'\u00eatre v\u00e9ritablement fiables. Les diesels\u00a0\u00e9tant surcot\u00e9s, se tourner vers un mod\u00e8le essence n'est pas une mauvaise id\u00e9e, d'autant que les moteurs 2.0 de 130 ch et VR5 de 150 ou 170 ch sont loin d'\u00eatre ridicules.<\/p>\n<p style=\"margin-bottom: 0cm;\">Ici l'ambiance n'est pas \u00e0 la f\u00eate mais au s\u00e9rieux. L'int\u00e9rieur est spacieux, les passagers arri\u00e8res profitant d'une bonne longueur aux jambes, et l'ergonomie satisfaisante. Le chapitre pratique suscite quelques regrets. Ainsi, la contenance de la boite \u00e0 gants est trop limit\u00e9e et l'on aurait appr\u00e9ci\u00e9 davantage de rangements. En revanche, le coffre affiche une capacit\u00e9 de chargement avantageuse de 475 litres. Revers de la m\u00e9daille, il manque de profondeur : du coup, pas facile d'aller chercher des objets r\u00e9fugi\u00e9s au fond du coffre de votre Passat d'occasion. Il est toutefois extensible en longueur, gr\u00e2ce \u00e0 une astucieuse banquette 40\/60, \u00e9quipement assez rare sur un mod\u00e8le \u00e0 4 portes. Le break, n\u00e9 en Juillet 1997 et qui a poursuivi sa carri\u00e8re jusqu'en octobre 2005, se montre pratique et fonctionnel. Si vous souhaitez disposer d'un plus gros volume de chargement, il conviendra donc parfaitement.<\/p>\n<p style=\"margin-bottom: 0cm;\">Rien a redire quant \u00e0 la qualit\u00e9 de finition. Les mat\u00e9riaux, robustes et flatteurs \u00e0 l'oeil comme au toucher, ont un bel aspect, comme l'\u00e9pais rev\u00eatement mouss\u00e9 de la planche de bord. Le constat est beaucoup moins probant au plan m\u00e9canique lors de son achat d'occasion. Tous les TDI ont \u00e9t\u00e9 sujets \u00e0 de tr\u00e8s nombreuses pannes, encrassement du turbo, risque de casse du moteur, probl\u00e8me de gestion \u00e9lectronique, de courroie de distribution, faiblesse chronique du d\u00e9bitm\u00e8tre, d\u00e9faillance de la pompe \u00e0 eau, etc, dont le co\u00fbt, pour certaines, peut d\u00e9passer la valeur r\u00e9siduelle de l'auto. Il convient donc de choisir imp\u00e9rativement un mod\u00e8le assez r\u00e9cent de votre volkswagen passat d'occasion, avec un carnet d'entretien irr\u00e9prochable.<\/p>\n","protected":false},"excerpt":{"rendered":"<p>volkswagen passat V occasion volkswagen passat break V occasion La volkswagen Passat d&rsquo;occasion est beaucoup plus \u00e0 l&rsquo;aise lorsqu&rsquo;elle \u00e9volue sur les grandes lignes droites des autoroutes que sur les routes sinueuses de montagne. Ses suspensions souples manquent de pr\u00e9cision, engendrant un effet de pompage des plus inconfortables. Si la s\u00e9curit\u00e9 n&rsquo;est pas en jeu, &#8230; <a title=\"Volkswagen Passat V Occasion\" class=\"read-more\" href=\"https:\/\/www.carideal.com\/blog\/2008\/12\/22\/volkswagen-passat-v-d-occasion\/\" aria-label=\"En savoir plus sur Volkswagen Passat V Occasion\">Lire plus<\/a><\/p>\n","protected":false},"author":3,"featured_media":0,"comment_status":"open","ping_status":"open","sticky":false,"template":"","format":"standard","meta":{"_uag_custom_page_level_css":"","_themeisle_gutenberg_block_has_review":false,"footnotes":""},"categories":[21],"tags":[2558,407],"class_list":["post-4729","post","type-post","status-publish","format-standard","hentry","category-actualites-auto","tag-passat","tag-tdi"],"wppr_data":[],"yoast_head":"<!-- This site is optimized with the Yoast SEO plugin v24.8.1 - https:\/\/yoast.com\/wordpress\/plugins\/seo\/ -->\n<title>Volkswagen Passat V Occasion - Blog auto Carid\u00e9al<\/title>\n<meta name=\"robots\" content=\"index, follow, max-snippet:-1, max-image-preview:large, max-video-preview:-1\" \/>\n<link rel=\"canonical\" href=\"https:\/\/www.carideal.com\/blog\/2008\/12\/22\/volkswagen-passat-v-d-occasion\/\" \/>\n<meta property=\"og:locale\" content=\"fr_FR\" \/>\n<meta property=\"og:type\" content=\"article\" \/>\n<meta property=\"og:title\" content=\"Volkswagen Passat V Occasion - Blog auto Carid\u00e9al\" \/>\n<meta property=\"og:description\" content=\"volkswagen passat V occasion volkswagen passat break V occasion La volkswagen Passat d&#039;occasion est beaucoup plus \u00e0 l&#039;aise lorsqu&#039;elle \u00e9volue sur les grandes lignes droites des autoroutes que sur les routes sinueuses de montagne. Ses suspensions souples manquent de pr\u00e9cision, engendrant un effet de pompage des plus inconfortables. Si la s\u00e9curit\u00e9 n&#039;est pas en jeu, ... Lire plus\" \/>\n<meta property=\"og:url\" content=\"https:\/\/www.carideal.com\/blog\/2008\/12\/22\/volkswagen-passat-v-d-occasion\/\" \/>\n<meta property=\"og:site_name\" content=\"Blog auto Carid\u00e9al\" \/>\n<meta property=\"article:publisher\" content=\"https:\/\/www.facebook.com\/Carideal.mandataire.automobile\" \/>\n<meta property=\"article:author\" content=\"https:\/\/www.facebook.com\/nicolas.schiavon.39\" \/>\n<meta property=\"article:published_time\" content=\"2008-12-22T23:00:00+00:00\" \/>\n<meta property=\"article:modified_time\" content=\"2015-11-05T15:30:25+00:00\" \/>\n<meta property=\"og:image\" content=\"http:\/\/www.carideal.com\/images_actualite\/volkswagenpassat5carideal-1230056419.jpg\" \/>\n<meta name=\"author\" content=\"Nicolas SCHIAVON\" \/>\n<meta name=\"twitter:card\" content=\"summary_large_image\" \/>\n<meta name=\"twitter:creator\" content=\"@caridealauto\" \/>\n<meta name=\"twitter:site\" content=\"@caridealauto\" \/>\n<meta name=\"twitter:label1\" content=\"\u00c9crit par\" \/>\n\t<meta name=\"twitter:data1\" content=\"Nicolas SCHIAVON\" \/>\n\t<meta name=\"twitter:label2\" content=\"Dur\u00e9e de lecture estim\u00e9e\" \/>\n\t<meta name=\"twitter:data2\" content=\"2 minutes\" \/>\n<script type=\"application\/ld+json\" class=\"yoast-schema-graph\">{\"@context\":\"https:\/\/schema.org\",\"@graph\":[{\"@type\":\"Article\",\"@id\":\"https:\/\/www.carideal.com\/blog\/2008\/12\/22\/volkswagen-passat-v-d-occasion\/#article\",\"isPartOf\":{\"@id\":\"https:\/\/www.carideal.com\/blog\/2008\/12\/22\/volkswagen-passat-v-d-occasion\/\"},\"author\":{\"name\":\"Nicolas SCHIAVON\",\"@id\":\"https:\/\/www.carideal.com\/blog\/#\/schema\/person\/cd95dc7919660de90d31b366f85be1ec\"},\"headline\":\"Volkswagen Passat V Occasion\",\"datePublished\":\"2008-12-22T23:00:00+00:00\",\"dateModified\":\"2015-11-05T15:30:25+00:00\",\"mainEntityOfPage\":{\"@id\":\"https:\/\/www.carideal.com\/blog\/2008\/12\/22\/volkswagen-passat-v-d-occasion\/\"},\"wordCount\":428,\"commentCount\":0,\"publisher\":{\"@id\":\"https:\/\/www.carideal.com\/blog\/#organization\"},\"image\":{\"@id\":\"https:\/\/www.carideal.com\/blog\/2008\/12\/22\/volkswagen-passat-v-d-occasion\/#primaryimage\"},\"thumbnailUrl\":\"http:\/\/www.carideal.com\/images_actualite\/volkswagenpassat5carideal-1230056419.jpg\",\"keywords\":[\"Passat\",\"TDI\"],\"articleSection\":[\"Actualit\u00e9 automobile\"],\"inLanguage\":\"fr-FR\",\"potentialAction\":[{\"@type\":\"CommentAction\",\"name\":\"Comment\",\"target\":[\"https:\/\/www.carideal.com\/blog\/2008\/12\/22\/volkswagen-passat-v-d-occasion\/#respond\"]}]},{\"@type\":\"WebPage\",\"@id\":\"https:\/\/www.carideal.com\/blog\/2008\/12\/22\/volkswagen-passat-v-d-occasion\/\",\"url\":\"https:\/\/www.carideal.com\/blog\/2008\/12\/22\/volkswagen-passat-v-d-occasion\/\",\"name\":\"Volkswagen Passat V Occasion - Blog auto Carid\u00e9al\",\"isPartOf\":{\"@id\":\"https:\/\/www.carideal.com\/blog\/#website\"},\"primaryImageOfPage\":{\"@id\":\"https:\/\/www.carideal.com\/blog\/2008\/12\/22\/volkswagen-passat-v-d-occasion\/#primaryimage\"},\"image\":{\"@id\":\"https:\/\/www.carideal.com\/blog\/2008\/12\/22\/volkswagen-passat-v-d-occasion\/#primaryimage\"},\"thumbnailUrl\":\"http:\/\/www.carideal.com\/images_actualite\/volkswagenpassat5carideal-1230056419.jpg\",\"datePublished\":\"2008-12-22T23:00:00+00:00\",\"dateModified\":\"2015-11-05T15:30:25+00:00\",\"breadcrumb\":{\"@id\":\"https:\/\/www.carideal.com\/blog\/2008\/12\/22\/volkswagen-passat-v-d-occasion\/#breadcrumb\"},\"inLanguage\":\"fr-FR\",\"potentialAction\":[{\"@type\":\"ReadAction\",\"target\":[\"https:\/\/www.carideal.com\/blog\/2008\/12\/22\/volkswagen-passat-v-d-occasion\/\"]}]},{\"@type\":\"ImageObject\",\"inLanguage\":\"fr-FR\",\"@id\":\"https:\/\/www.carideal.com\/blog\/2008\/12\/22\/volkswagen-passat-v-d-occasion\/#primaryimage\",\"url\":\"http:\/\/www.carideal.com\/images_actualite\/volkswagenpassat5carideal-1230056419.jpg\",\"contentUrl\":\"http:\/\/www.carideal.com\/images_actualite\/volkswagenpassat5carideal-1230056419.jpg\"},{\"@type\":\"BreadcrumbList\",\"@id\":\"https:\/\/www.carideal.com\/blog\/2008\/12\/22\/volkswagen-passat-v-d-occasion\/#breadcrumb\",\"itemListElement\":[{\"@type\":\"ListItem\",\"position\":1,\"name\":\"Blog Carid\u00e9al\",\"item\":\"https:\/\/www.carideal.com\/blog\/\"},{\"@type\":\"ListItem\",\"position\":2,\"name\":\"Actualit\u00e9 automobile\",\"item\":\"https:\/\/www.carideal.com\/blog\/actualites-auto\/\"},{\"@type\":\"ListItem\",\"position\":3,\"name\":\"Volkswagen Passat V Occasion\"}]},{\"@type\":\"WebSite\",\"@id\":\"https:\/\/www.carideal.com\/blog\/#website\",\"url\":\"https:\/\/www.carideal.com\/blog\/\",\"name\":\"Blog auto Carid\u00e9al\",\"description\":\"Actualit\u00e9 auto par des passionn\u00e9s\",\"publisher\":{\"@id\":\"https:\/\/www.carideal.com\/blog\/#organization\"},\"potentialAction\":[{\"@type\":\"SearchAction\",\"target\":{\"@type\":\"EntryPoint\",\"urlTemplate\":\"https:\/\/www.carideal.com\/blog\/?s={search_term_string}\"},\"query-input\":{\"@type\":\"PropertyValueSpecification\",\"valueRequired\":true,\"valueName\":\"search_term_string\"}}],\"inLanguage\":\"fr-FR\"},{\"@type\":\"Organization\",\"@id\":\"https:\/\/www.carideal.com\/blog\/#organization\",\"name\":\"Carideal\",\"url\":\"https:\/\/www.carideal.com\/blog\/\",\"logo\":{\"@type\":\"ImageObject\",\"inLanguage\":\"fr-FR\",\"@id\":\"https:\/\/www.carideal.com\/blog\/#\/schema\/logo\/image\/\",\"url\":\"http:\/\/www.carideal.com\/blog\/wp-content\/uploads\/2016\/03\/logo-carideal-mandataire-automobile.png\",\"contentUrl\":\"http:\/\/www.carideal.com\/blog\/wp-content\/uploads\/2016\/03\/logo-carideal-mandataire-automobile.png\",\"width\":300,\"height\":300,\"caption\":\"Carideal\"},\"image\":{\"@id\":\"https:\/\/www.carideal.com\/blog\/#\/schema\/logo\/image\/\"},\"sameAs\":[\"https:\/\/www.facebook.com\/Carideal.mandataire.automobile\",\"https:\/\/x.com\/caridealauto\",\"https:\/\/www.instagram.com\/carideal1\/\",\"https:\/\/www.linkedin.com\/company\/carideal.com\",\"https:\/\/fr.pinterest.com\/schiavonsas\/\",\"https:\/\/www.youtube.com\/user\/caridealsas\"]},{\"@type\":\"Person\",\"@id\":\"https:\/\/www.carideal.com\/blog\/#\/schema\/person\/cd95dc7919660de90d31b366f85be1ec\",\"name\":\"Nicolas SCHIAVON\",\"image\":{\"@type\":\"ImageObject\",\"inLanguage\":\"fr-FR\",\"@id\":\"https:\/\/www.carideal.com\/blog\/#\/schema\/person\/image\/\",\"url\":\"https:\/\/secure.gravatar.com\/avatar\/c17e55009e671d92cc7f5dc837dc418a?s=96&r=g\",\"contentUrl\":\"https:\/\/secure.gravatar.com\/avatar\/c17e55009e671d92cc7f5dc837dc418a?s=96&r=g\",\"caption\":\"Nicolas SCHIAVON\"},\"description\":\"Nicolas Schiavon est tomb\u00e9 tout petit dans la marmite automobile. Ayant eu un garage de marque automobile, mandataire automobile de la premi\u00e8re heure d\u00e8s 1999. Nicolas a cr\u00e9\u00e9 ces premiers sites de vente de voiture et blog automobile d\u00e8s 1994. Carideal est n\u00e9 le 15 d\u00e9cembre 2000 de la volont\u00e9 de vendre des voitures d'occasions en ligne puis des voitures neuves. Il a pu essayer beaucoup de voitures tr\u00e8s diff\u00e9rentes et ayant eu personnellement quelques belles autos, Subaru Impreza, Mitsubishi Lancer Evo 7, Porsche 911, Ferrari Testarrossa, Audi RS3, RS4 et j'en passe...\",\"sameAs\":[\"http:\/\/www.carideal.com\",\"https:\/\/www.facebook.com\/nicolas.schiavon.39\",\"https:\/\/www.instagram.com\/carideal1\/\",\"https:\/\/www.linkedin.com\/in\/nschiavon\/\",\"https:\/\/x.com\/caridealauto\",\"https:\/\/www.youtube.com\/user\/caridealsas\/\"],\"url\":\"https:\/\/www.carideal.com\/blog\/author\/nschiavon\/\"}]}<\/script>\n<!-- \/ Yoast SEO plugin. -->","yoast_head_json":{"title":"Volkswagen Passat V Occasion - Blog auto Carid\u00e9al","robots":{"index":"index","follow":"follow","max-snippet":"max-snippet:-1","max-image-preview":"max-image-preview:large","max-video-preview":"max-video-preview:-1"},"canonical":"https:\/\/www.carideal.com\/blog\/2008\/12\/22\/volkswagen-passat-v-d-occasion\/","og_locale":"fr_FR","og_type":"article","og_title":"Volkswagen Passat V Occasion - Blog auto Carid\u00e9al","og_description":"volkswagen passat V occasion volkswagen passat break V occasion La volkswagen Passat d'occasion est beaucoup plus \u00e0 l'aise lorsqu'elle \u00e9volue sur les grandes lignes droites des autoroutes que sur les routes sinueuses de montagne. Ses suspensions souples manquent de pr\u00e9cision, engendrant un effet de pompage des plus inconfortables. Si la s\u00e9curit\u00e9 n'est pas en jeu, ... Lire plus","og_url":"https:\/\/www.carideal.com\/blog\/2008\/12\/22\/volkswagen-passat-v-d-occasion\/","og_site_name":"Blog auto Carid\u00e9al","article_publisher":"https:\/\/www.facebook.com\/Carideal.mandataire.automobile","article_author":"https:\/\/www.facebook.com\/nicolas.schiavon.39","article_published_time":"2008-12-22T23:00:00+00:00","article_modified_time":"2015-11-05T15:30:25+00:00","og_image":[{"url":"http:\/\/www.carideal.com\/images_actualite\/volkswagenpassat5carideal-1230056419.jpg","type":"","width":"","height":""}],"author":"Nicolas SCHIAVON","twitter_card":"summary_large_image","twitter_creator":"@caridealauto","twitter_site":"@caridealauto","twitter_misc":{"\u00c9crit par":"Nicolas SCHIAVON","Dur\u00e9e de lecture estim\u00e9e":"2 minutes"},"schema":{"@context":"https:\/\/schema.org","@graph":[{"@type":"Article","@id":"https:\/\/www.carideal.com\/blog\/2008\/12\/22\/volkswagen-passat-v-d-occasion\/#article","isPartOf":{"@id":"https:\/\/www.carideal.com\/blog\/2008\/12\/22\/volkswagen-passat-v-d-occasion\/"},"author":{"name":"Nicolas SCHIAVON","@id":"https:\/\/www.carideal.com\/blog\/#\/schema\/person\/cd95dc7919660de90d31b366f85be1ec"},"headline":"Volkswagen Passat V Occasion","datePublished":"2008-12-22T23:00:00+00:00","dateModified":"2015-11-05T15:30:25+00:00","mainEntityOfPage":{"@id":"https:\/\/www.carideal.com\/blog\/2008\/12\/22\/volkswagen-passat-v-d-occasion\/"},"wordCount":428,"commentCount":0,"publisher":{"@id":"https:\/\/www.carideal.com\/blog\/#organization"},"image":{"@id":"https:\/\/www.carideal.com\/blog\/2008\/12\/22\/volkswagen-passat-v-d-occasion\/#primaryimage"},"thumbnailUrl":"http:\/\/www.carideal.com\/images_actualite\/volkswagenpassat5carideal-1230056419.jpg","keywords":["Passat","TDI"],"articleSection":["Actualit\u00e9 automobile"],"inLanguage":"fr-FR","potentialAction":[{"@type":"CommentAction","name":"Comment","target":["https:\/\/www.carideal.com\/blog\/2008\/12\/22\/volkswagen-passat-v-d-occasion\/#respond"]}]},{"@type":"WebPage","@id":"https:\/\/www.carideal.com\/blog\/2008\/12\/22\/volkswagen-passat-v-d-occasion\/","url":"https:\/\/www.carideal.com\/blog\/2008\/12\/22\/volkswagen-passat-v-d-occasion\/","name":"Volkswagen Passat V Occasion - Blog auto Carid\u00e9al","isPartOf":{"@id":"https:\/\/www.carideal.com\/blog\/#website"},"primaryImageOfPage":{"@id":"https:\/\/www.carideal.com\/blog\/2008\/12\/22\/volkswagen-passat-v-d-occasion\/#primaryimage"},"image":{"@id":"https:\/\/www.carideal.com\/blog\/2008\/12\/22\/volkswagen-passat-v-d-occasion\/#primaryimage"},"thumbnailUrl":"http:\/\/www.carideal.com\/images_actualite\/volkswagenpassat5carideal-1230056419.jpg","datePublished":"2008-12-22T23:00:00+00:00","dateModified":"2015-11-05T15:30:25+00:00","breadcrumb":{"@id":"https:\/\/www.carideal.com\/blog\/2008\/12\/22\/volkswagen-passat-v-d-occasion\/#breadcrumb"},"inLanguage":"fr-FR","potentialAction":[{"@type":"ReadAction","target":["https:\/\/www.carideal.com\/blog\/2008\/12\/22\/volkswagen-passat-v-d-occasion\/"]}]},{"@type":"ImageObject","inLanguage":"fr-FR","@id":"https:\/\/www.carideal.com\/blog\/2008\/12\/22\/volkswagen-passat-v-d-occasion\/#primaryimage","url":"http:\/\/www.carideal.com\/images_actualite\/volkswagenpassat5carideal-1230056419.jpg","contentUrl":"http:\/\/www.carideal.com\/images_actualite\/volkswagenpassat5carideal-1230056419.jpg"},{"@type":"BreadcrumbList","@id":"https:\/\/www.carideal.com\/blog\/2008\/12\/22\/volkswagen-passat-v-d-occasion\/#breadcrumb","itemListElement":[{"@type":"ListItem","position":1,"name":"Blog Carid\u00e9al","item":"https:\/\/www.carideal.com\/blog\/"},{"@type":"ListItem","position":2,"name":"Actualit\u00e9 automobile","item":"https:\/\/www.carideal.com\/blog\/actualites-auto\/"},{"@type":"ListItem","position":3,"name":"Volkswagen Passat V Occasion"}]},{"@type":"WebSite","@id":"https:\/\/www.carideal.com\/blog\/#website","url":"https:\/\/www.carideal.com\/blog\/","name":"Blog auto Carid\u00e9al","description":"Actualit\u00e9 auto par des passionn\u00e9s","publisher":{"@id":"https:\/\/www.carideal.com\/blog\/#organization"},"potentialAction":[{"@type":"SearchAction","target":{"@type":"EntryPoint","urlTemplate":"https:\/\/www.carideal.com\/blog\/?s={search_term_string}"},"query-input":{"@type":"PropertyValueSpecification","valueRequired":true,"valueName":"search_term_string"}}],"inLanguage":"fr-FR"},{"@type":"Organization","@id":"https:\/\/www.carideal.com\/blog\/#organization","name":"Carideal","url":"https:\/\/www.carideal.com\/blog\/","logo":{"@type":"ImageObject","inLanguage":"fr-FR","@id":"https:\/\/www.carideal.com\/blog\/#\/schema\/logo\/image\/","url":"http:\/\/www.carideal.com\/blog\/wp-content\/uploads\/2016\/03\/logo-carideal-mandataire-automobile.png","contentUrl":"http:\/\/www.carideal.com\/blog\/wp-content\/uploads\/2016\/03\/logo-carideal-mandataire-automobile.png","width":300,"height":300,"caption":"Carideal"},"image":{"@id":"https:\/\/www.carideal.com\/blog\/#\/schema\/logo\/image\/"},"sameAs":["https:\/\/www.facebook.com\/Carideal.mandataire.automobile","https:\/\/x.com\/caridealauto","https:\/\/www.instagram.com\/carideal1\/","https:\/\/www.linkedin.com\/company\/carideal.com","https:\/\/fr.pinterest.com\/schiavonsas\/","https:\/\/www.youtube.com\/user\/caridealsas"]},{"@type":"Person","@id":"https:\/\/www.carideal.com\/blog\/#\/schema\/person\/cd95dc7919660de90d31b366f85be1ec","name":"Nicolas SCHIAVON","image":{"@type":"ImageObject","inLanguage":"fr-FR","@id":"https:\/\/www.carideal.com\/blog\/#\/schema\/person\/image\/","url":"https:\/\/secure.gravatar.com\/avatar\/c17e55009e671d92cc7f5dc837dc418a?s=96&r=g","contentUrl":"https:\/\/secure.gravatar.com\/avatar\/c17e55009e671d92cc7f5dc837dc418a?s=96&r=g","caption":"Nicolas SCHIAVON"},"description":"Nicolas Schiavon est tomb\u00e9 tout petit dans la marmite automobile. Ayant eu un garage de marque automobile, mandataire automobile de la premi\u00e8re heure d\u00e8s 1999. Nicolas a cr\u00e9\u00e9 ces premiers sites de vente de voiture et blog automobile d\u00e8s 1994. Carideal est n\u00e9 le 15 d\u00e9cembre 2000 de la volont\u00e9 de vendre des voitures d'occasions en ligne puis des voitures neuves. Il a pu essayer beaucoup de voitures tr\u00e8s diff\u00e9rentes et ayant eu personnellement quelques belles autos, Subaru Impreza, Mitsubishi Lancer Evo 7, Porsche 911, Ferrari Testarrossa, Audi RS3, RS4 et j'en passe...","sameAs":["http:\/\/www.carideal.com","https:\/\/www.facebook.com\/nicolas.schiavon.39","https:\/\/www.instagram.com\/carideal1\/","https:\/\/www.linkedin.com\/in\/nschiavon\/","https:\/\/x.com\/caridealauto","https:\/\/www.youtube.com\/user\/caridealsas\/"],"url":"https:\/\/www.carideal.com\/blog\/author\/nschiavon\/"}]}},"uagb_featured_image_src":{"full":false,"thumbnail":false,"medium":false,"medium_large":false,"large":false,"1536x1536":false,"2048x2048":false,"wppr-widget":false},"uagb_author_info":{"display_name":"Nicolas SCHIAVON","author_link":"https:\/\/www.carideal.com\/blog\/author\/nschiavon\/"},"uagb_comment_info":0,"uagb_excerpt":"volkswagen passat V occasion volkswagen passat break V occasion La volkswagen Passat d'occasion est beaucoup plus \u00e0 l'aise lorsqu'elle \u00e9volue sur les grandes lignes droites des autoroutes que sur les routes sinueuses de montagne. Ses suspensions souples manquent de pr\u00e9cision, engendrant un effet de pompage des plus inconfortables. Si la s\u00e9curit\u00e9 n'est pas en jeu,\u2026","_links":{"self":[{"href":"https:\/\/www.carideal.com\/blog\/wp-json\/wp\/v2\/posts\/4729"}],"collection":[{"href":"https:\/\/www.carideal.com\/blog\/wp-json\/wp\/v2\/posts"}],"about":[{"href":"https:\/\/www.carideal.com\/blog\/wp-json\/wp\/v2\/types\/post"}],"author":[{"embeddable":true,"href":"https:\/\/www.carideal.com\/blog\/wp-json\/wp\/v2\/users\/3"}],"replies":[{"embeddable":true,"href":"https:\/\/www.carideal.com\/blog\/wp-json\/wp\/v2\/comments?post=4729"}],"version-history":[{"count":0,"href":"https:\/\/www.carideal.com\/blog\/wp-json\/wp\/v2\/posts\/4729\/revisions"}],"wp:attachment":[{"href":"https:\/\/www.carideal.com\/blog\/wp-json\/wp\/v2\/media?parent=4729"}],"wp:term":[{"taxonomy":"category","embeddable":true,"href":"https:\/\/www.carideal.com\/blog\/wp-json\/wp\/v2\/categories?post=4729"},{"taxonomy":"post_tag","embeddable":true,"href":"https:\/\/www.carideal.com\/blog\/wp-json\/wp\/v2\/tags?post=4729"}],"curies":[{"name":"wp","href":"https:\/\/api.w.org\/{rel}","templated":true}]}}