{"id":4725,"date":"2008-12-10T23:00:00","date_gmt":"2008-12-10T23:00:00","guid":{"rendered":"http:\/\/www.carideal.com\/blog\/2008\/12\/10\/toyota-avensis-ii-d-occasion\/"},"modified":"2016-11-05T19:25:30","modified_gmt":"2016-11-05T18:25:30","slug":"toyota-avensis-ii-d-occasion","status":"publish","type":"post","link":"https:\/\/www.carideal.com\/blog\/2008\/12\/10\/toyota-avensis-ii-d-occasion\/","title":{"rendered":"Toyota Avensis II Occasion"},"content":{"rendered":"<div>\n<p><img decoding=\"async\" src=\"http:\/\/www.carideal.com\/images_actualite\/toyotaavensiscarideal2-1229031521.jpg\" alt=\"\" \/>Toyota Avensis occasion<\/p>\n<\/div>\n<div>\n<p><img decoding=\"async\" src=\"http:\/\/www.carideal.com\/images_actualite\/toyotaavensiscarideal3-1229031621.jpg\" alt=\"\" \/>interieur Toyota Avensis occasion<\/p>\n<\/div>\n<p><strong>L'achat de d'une Toyota Avensis II d'occasion<\/strong><\/p>\n<p style=\"margin-bottom: 0cm;\">Ne vous fiez pas \u00e0 sa ligne passe partout. L'Avensis est une redoutable berline familiale dot\u00e9 d'excellentes qualit\u00e9s. Une bonne affaire \u00e0 saisir en occasion.<\/p>\n<p style=\"margin-bottom: 0cm;\">Sous cette berline \u00e0 la ligne classique se cache une familiale de caract\u00e8re. Toyota a en effet eu la bonne id\u00e9e de reprendre une partie des g\u00e8nes du coup\u00e9 C\u00e9lica, dont le train arri\u00e8re sophistiqu\u00e9, pour r\u00e9aliser l'Avensis. R\u00e9sultat, cette voiture fait figure de r\u00e9f\u00e9rence, en terme de comportement routier. La japonaise pr\u00e9serve ses occupants gr\u00e2ce \u00e0 un amortissement soign\u00e9. Seuls d\u00e9fauts notables : la direction pourrait \u00eatre un peu plus pr\u00e9cise et l'assise des si\u00e8ges, trop courte, nuit sensiblement au confort. Sous le capot on retrouve la famille des moteurs D4D qui se d\u00e9cline ici en 2.0 de 116 ch, le plus diffus\u00e9, et en 2.2 de 150 et 177 ch. De quoi rivaliser avec les meilleurs de la cat\u00e9gorie.<\/p>\n<p style=\"margin-bottom: 0cm;\">Longue de 4.63m, la Toyota Avensis se montre suffisamment spacieuse pour accueillir sans probl\u00e8me quatre adultes, d'autant plus que l'\u00e9quipement, tr\u00e8s riche d\u00e8s le premier niveau de finition permet de les traiter avec le plus grand soin. Question coffre, la berline, la berline un fort joli volume de 510 litres, quasiment aussi important que celui de la variante break, 520 litres, malgr\u00e9 un porte \u00e0 faux arri\u00e8re accru de 7 cm. On gagne n\u00e9anmoins 810 litres un fois la banquette arri\u00e8re fractionnable rabattue, pr\u00e9sente sur toute les versions. Il est \u00e0 noter que ce break est uniquement disponible en diesel. Le choix se fera donc uniquement pour le cot\u00e9 esth\u00e9tique. Par ailleurs, sachez qu'une variante \u00e0 quatre portes figure \u00e9galement au catalogue mais cette derni\u00e8re demeure tr\u00e8s rare sur le march\u00e9 de l'occasion. En fin certains pourront d\u00e9plorer un relatif manque de luminosit\u00e9 dans l'habitacle. En cause, une surface vitr\u00e9e insuffisante.<\/p>\n<p style=\"margin-bottom: 0cm;\">L'int\u00e9rieur de la Toyota Avensis d'occasion ne respire pas franchement la joie de vivre. Mais quel s\u00e9rieux en ce qui concerne la qualit\u00e9 de fabrication. Qu'il s'agisse des mat\u00e9riaux, de l'assemblage ou de la finition, on est en pr\u00e9sence de ce qui se fait de mieux \u00e0 l'achat sur le march\u00e9. La pr\u00e9sentation g\u00e9n\u00e9rale inspire confiance et l'ensemble subit sans broncher les assauts du temps. La fiabilit\u00e9 est \u00e9galement au rendez vous, m\u00eame si les esprits les plus critiques soulignent \u00e0 juste titre que la liste des pannes\u00a0m\u00e9canique est assez importante pour une Toyota. Sur quelques D4D, en effet la pompe \u00e0 injection a rencontr\u00e9 des probl\u00e8mes de grippage et l'encrassement des ailettes du turbo sur les voitures qui circulent essentiellement en ville, peut entrainer la casse du moteur. La Toyota avensis est sortie en mai 2003 et a \u00e9t\u00e9 restyl\u00e9 en ao\u00fbt 2006, il y en a 54300 en circulation.<\/p>\n","protected":false},"excerpt":{"rendered":"<p>Toyota Avensis occasion interieur Toyota Avensis occasion L&rsquo;achat de d&rsquo;une Toyota Avensis II d&rsquo;occasion Ne vous fiez pas \u00e0 sa ligne passe partout. L&rsquo;Avensis est une redoutable berline familiale dot\u00e9 d&rsquo;excellentes qualit\u00e9s. Une bonne affaire \u00e0 saisir en occasion. Sous cette berline \u00e0 la ligne classique se cache une familiale de caract\u00e8re. Toyota a en &#8230; <a title=\"Toyota Avensis II Occasion\" class=\"read-more\" href=\"https:\/\/www.carideal.com\/blog\/2008\/12\/10\/toyota-avensis-ii-d-occasion\/\" aria-label=\"En savoir plus sur Toyota Avensis II Occasion\">Lire plus<\/a><\/p>\n","protected":false},"author":3,"featured_media":0,"comment_status":"open","ping_status":"open","sticky":false,"template":"","format":"standard","meta":{"_uag_custom_page_level_css":"","_themeisle_gutenberg_block_has_review":false,"footnotes":""},"categories":[21],"tags":[],"class_list":["post-4725","post","type-post","status-publish","format-standard","hentry","category-actualites-auto"],"wppr_data":[],"yoast_head":"<!-- This site is optimized with the Yoast SEO plugin v24.8.1 - https:\/\/yoast.com\/wordpress\/plugins\/seo\/ -->\n<title>Toyota Avensis II Occasion - Blog auto Carid\u00e9al<\/title>\n<meta name=\"robots\" content=\"index, follow, max-snippet:-1, max-image-preview:large, max-video-preview:-1\" \/>\n<link rel=\"canonical\" href=\"https:\/\/www.carideal.com\/blog\/2008\/12\/10\/toyota-avensis-ii-d-occasion\/\" \/>\n<meta property=\"og:locale\" content=\"fr_FR\" \/>\n<meta property=\"og:type\" content=\"article\" \/>\n<meta property=\"og:title\" content=\"Toyota Avensis II Occasion - Blog auto Carid\u00e9al\" \/>\n<meta property=\"og:description\" content=\"Toyota Avensis occasion interieur Toyota Avensis occasion L&#039;achat de d&#039;une Toyota Avensis II d&#039;occasion Ne vous fiez pas \u00e0 sa ligne passe partout. L&#039;Avensis est une redoutable berline familiale dot\u00e9 d&#039;excellentes qualit\u00e9s. Une bonne affaire \u00e0 saisir en occasion. Sous cette berline \u00e0 la ligne classique se cache une familiale de caract\u00e8re. Toyota a en ... Lire plus\" \/>\n<meta property=\"og:url\" content=\"https:\/\/www.carideal.com\/blog\/2008\/12\/10\/toyota-avensis-ii-d-occasion\/\" \/>\n<meta property=\"og:site_name\" content=\"Blog auto Carid\u00e9al\" \/>\n<meta property=\"article:publisher\" content=\"https:\/\/www.facebook.com\/Carideal.mandataire.automobile\" \/>\n<meta property=\"article:author\" content=\"https:\/\/www.facebook.com\/nicolas.schiavon.39\" \/>\n<meta property=\"article:published_time\" content=\"2008-12-10T23:00:00+00:00\" \/>\n<meta property=\"article:modified_time\" content=\"2016-11-05T18:25:30+00:00\" \/>\n<meta property=\"og:image\" content=\"http:\/\/www.carideal.com\/images_actualite\/toyotaavensiscarideal2-1229031521.jpg\" \/>\n<meta name=\"author\" content=\"Nicolas SCHIAVON\" \/>\n<meta name=\"twitter:card\" content=\"summary_large_image\" \/>\n<meta name=\"twitter:creator\" content=\"@caridealauto\" \/>\n<meta name=\"twitter:site\" content=\"@caridealauto\" \/>\n<meta name=\"twitter:label1\" content=\"\u00c9crit par\" \/>\n\t<meta name=\"twitter:data1\" content=\"Nicolas SCHIAVON\" \/>\n\t<meta name=\"twitter:label2\" content=\"Dur\u00e9e de lecture estim\u00e9e\" \/>\n\t<meta name=\"twitter:data2\" content=\"2 minutes\" \/>\n<script type=\"application\/ld+json\" class=\"yoast-schema-graph\">{\"@context\":\"https:\/\/schema.org\",\"@graph\":[{\"@type\":\"Article\",\"@id\":\"https:\/\/www.carideal.com\/blog\/2008\/12\/10\/toyota-avensis-ii-d-occasion\/#article\",\"isPartOf\":{\"@id\":\"https:\/\/www.carideal.com\/blog\/2008\/12\/10\/toyota-avensis-ii-d-occasion\/\"},\"author\":{\"name\":\"Nicolas SCHIAVON\",\"@id\":\"https:\/\/www.carideal.com\/blog\/#\/schema\/person\/cd95dc7919660de90d31b366f85be1ec\"},\"headline\":\"Toyota Avensis II Occasion\",\"datePublished\":\"2008-12-10T23:00:00+00:00\",\"dateModified\":\"2016-11-05T18:25:30+00:00\",\"mainEntityOfPage\":{\"@id\":\"https:\/\/www.carideal.com\/blog\/2008\/12\/10\/toyota-avensis-ii-d-occasion\/\"},\"wordCount\":487,\"commentCount\":0,\"publisher\":{\"@id\":\"https:\/\/www.carideal.com\/blog\/#organization\"},\"image\":{\"@id\":\"https:\/\/www.carideal.com\/blog\/2008\/12\/10\/toyota-avensis-ii-d-occasion\/#primaryimage\"},\"thumbnailUrl\":\"http:\/\/www.carideal.com\/images_actualite\/toyotaavensiscarideal2-1229031521.jpg\",\"articleSection\":[\"Actualit\u00e9 automobile\"],\"inLanguage\":\"fr-FR\",\"potentialAction\":[{\"@type\":\"CommentAction\",\"name\":\"Comment\",\"target\":[\"https:\/\/www.carideal.com\/blog\/2008\/12\/10\/toyota-avensis-ii-d-occasion\/#respond\"]}]},{\"@type\":\"WebPage\",\"@id\":\"https:\/\/www.carideal.com\/blog\/2008\/12\/10\/toyota-avensis-ii-d-occasion\/\",\"url\":\"https:\/\/www.carideal.com\/blog\/2008\/12\/10\/toyota-avensis-ii-d-occasion\/\",\"name\":\"Toyota Avensis II Occasion - Blog auto Carid\u00e9al\",\"isPartOf\":{\"@id\":\"https:\/\/www.carideal.com\/blog\/#website\"},\"primaryImageOfPage\":{\"@id\":\"https:\/\/www.carideal.com\/blog\/2008\/12\/10\/toyota-avensis-ii-d-occasion\/#primaryimage\"},\"image\":{\"@id\":\"https:\/\/www.carideal.com\/blog\/2008\/12\/10\/toyota-avensis-ii-d-occasion\/#primaryimage\"},\"thumbnailUrl\":\"http:\/\/www.carideal.com\/images_actualite\/toyotaavensiscarideal2-1229031521.jpg\",\"datePublished\":\"2008-12-10T23:00:00+00:00\",\"dateModified\":\"2016-11-05T18:25:30+00:00\",\"breadcrumb\":{\"@id\":\"https:\/\/www.carideal.com\/blog\/2008\/12\/10\/toyota-avensis-ii-d-occasion\/#breadcrumb\"},\"inLanguage\":\"fr-FR\",\"potentialAction\":[{\"@type\":\"ReadAction\",\"target\":[\"https:\/\/www.carideal.com\/blog\/2008\/12\/10\/toyota-avensis-ii-d-occasion\/\"]}]},{\"@type\":\"ImageObject\",\"inLanguage\":\"fr-FR\",\"@id\":\"https:\/\/www.carideal.com\/blog\/2008\/12\/10\/toyota-avensis-ii-d-occasion\/#primaryimage\",\"url\":\"http:\/\/www.carideal.com\/images_actualite\/toyotaavensiscarideal2-1229031521.jpg\",\"contentUrl\":\"http:\/\/www.carideal.com\/images_actualite\/toyotaavensiscarideal2-1229031521.jpg\"},{\"@type\":\"BreadcrumbList\",\"@id\":\"https:\/\/www.carideal.com\/blog\/2008\/12\/10\/toyota-avensis-ii-d-occasion\/#breadcrumb\",\"itemListElement\":[{\"@type\":\"ListItem\",\"position\":1,\"name\":\"Blog Carid\u00e9al\",\"item\":\"https:\/\/www.carideal.com\/blog\/\"},{\"@type\":\"ListItem\",\"position\":2,\"name\":\"Actualit\u00e9 automobile\",\"item\":\"https:\/\/www.carideal.com\/blog\/actualites-auto\/\"},{\"@type\":\"ListItem\",\"position\":3,\"name\":\"Toyota Avensis II Occasion\"}]},{\"@type\":\"WebSite\",\"@id\":\"https:\/\/www.carideal.com\/blog\/#website\",\"url\":\"https:\/\/www.carideal.com\/blog\/\",\"name\":\"Blog auto Carid\u00e9al\",\"description\":\"Actualit\u00e9 auto par des passionn\u00e9s\",\"publisher\":{\"@id\":\"https:\/\/www.carideal.com\/blog\/#organization\"},\"potentialAction\":[{\"@type\":\"SearchAction\",\"target\":{\"@type\":\"EntryPoint\",\"urlTemplate\":\"https:\/\/www.carideal.com\/blog\/?s={search_term_string}\"},\"query-input\":{\"@type\":\"PropertyValueSpecification\",\"valueRequired\":true,\"valueName\":\"search_term_string\"}}],\"inLanguage\":\"fr-FR\"},{\"@type\":\"Organization\",\"@id\":\"https:\/\/www.carideal.com\/blog\/#organization\",\"name\":\"Carideal\",\"url\":\"https:\/\/www.carideal.com\/blog\/\",\"logo\":{\"@type\":\"ImageObject\",\"inLanguage\":\"fr-FR\",\"@id\":\"https:\/\/www.carideal.com\/blog\/#\/schema\/logo\/image\/\",\"url\":\"http:\/\/www.carideal.com\/blog\/wp-content\/uploads\/2016\/03\/logo-carideal-mandataire-automobile.png\",\"contentUrl\":\"http:\/\/www.carideal.com\/blog\/wp-content\/uploads\/2016\/03\/logo-carideal-mandataire-automobile.png\",\"width\":300,\"height\":300,\"caption\":\"Carideal\"},\"image\":{\"@id\":\"https:\/\/www.carideal.com\/blog\/#\/schema\/logo\/image\/\"},\"sameAs\":[\"https:\/\/www.facebook.com\/Carideal.mandataire.automobile\",\"https:\/\/x.com\/caridealauto\",\"https:\/\/www.instagram.com\/carideal1\/\",\"https:\/\/www.linkedin.com\/company\/carideal.com\",\"https:\/\/fr.pinterest.com\/schiavonsas\/\",\"https:\/\/www.youtube.com\/user\/caridealsas\"]},{\"@type\":\"Person\",\"@id\":\"https:\/\/www.carideal.com\/blog\/#\/schema\/person\/cd95dc7919660de90d31b366f85be1ec\",\"name\":\"Nicolas SCHIAVON\",\"image\":{\"@type\":\"ImageObject\",\"inLanguage\":\"fr-FR\",\"@id\":\"https:\/\/www.carideal.com\/blog\/#\/schema\/person\/image\/\",\"url\":\"https:\/\/secure.gravatar.com\/avatar\/c17e55009e671d92cc7f5dc837dc418a?s=96&r=g\",\"contentUrl\":\"https:\/\/secure.gravatar.com\/avatar\/c17e55009e671d92cc7f5dc837dc418a?s=96&r=g\",\"caption\":\"Nicolas SCHIAVON\"},\"description\":\"Nicolas Schiavon est tomb\u00e9 tout petit dans la marmite automobile. Ayant eu un garage de marque automobile, mandataire automobile de la premi\u00e8re heure d\u00e8s 1999. Nicolas a cr\u00e9\u00e9 ces premiers sites de vente de voiture et blog automobile d\u00e8s 1994. Carideal est n\u00e9 le 15 d\u00e9cembre 2000 de la volont\u00e9 de vendre des voitures d'occasions en ligne puis des voitures neuves. Il a pu essayer beaucoup de voitures tr\u00e8s diff\u00e9rentes et ayant eu personnellement quelques belles autos, Subaru Impreza, Mitsubishi Lancer Evo 7, Porsche 911, Ferrari Testarrossa, Audi RS3, RS4 et j'en passe...\",\"sameAs\":[\"http:\/\/www.carideal.com\",\"https:\/\/www.facebook.com\/nicolas.schiavon.39\",\"https:\/\/www.instagram.com\/carideal1\/\",\"https:\/\/www.linkedin.com\/in\/nschiavon\/\",\"https:\/\/x.com\/caridealauto\",\"https:\/\/www.youtube.com\/user\/caridealsas\/\"],\"url\":\"https:\/\/www.carideal.com\/blog\/author\/nschiavon\/\"}]}<\/script>\n<!-- \/ Yoast SEO plugin. -->","yoast_head_json":{"title":"Toyota Avensis II Occasion - Blog auto Carid\u00e9al","robots":{"index":"index","follow":"follow","max-snippet":"max-snippet:-1","max-image-preview":"max-image-preview:large","max-video-preview":"max-video-preview:-1"},"canonical":"https:\/\/www.carideal.com\/blog\/2008\/12\/10\/toyota-avensis-ii-d-occasion\/","og_locale":"fr_FR","og_type":"article","og_title":"Toyota Avensis II Occasion - Blog auto Carid\u00e9al","og_description":"Toyota Avensis occasion interieur Toyota Avensis occasion L'achat de d'une Toyota Avensis II d'occasion Ne vous fiez pas \u00e0 sa ligne passe partout. L'Avensis est une redoutable berline familiale dot\u00e9 d'excellentes qualit\u00e9s. Une bonne affaire \u00e0 saisir en occasion. Sous cette berline \u00e0 la ligne classique se cache une familiale de caract\u00e8re. Toyota a en ... Lire plus","og_url":"https:\/\/www.carideal.com\/blog\/2008\/12\/10\/toyota-avensis-ii-d-occasion\/","og_site_name":"Blog auto Carid\u00e9al","article_publisher":"https:\/\/www.facebook.com\/Carideal.mandataire.automobile","article_author":"https:\/\/www.facebook.com\/nicolas.schiavon.39","article_published_time":"2008-12-10T23:00:00+00:00","article_modified_time":"2016-11-05T18:25:30+00:00","og_image":[{"url":"http:\/\/www.carideal.com\/images_actualite\/toyotaavensiscarideal2-1229031521.jpg","type":"","width":"","height":""}],"author":"Nicolas SCHIAVON","twitter_card":"summary_large_image","twitter_creator":"@caridealauto","twitter_site":"@caridealauto","twitter_misc":{"\u00c9crit par":"Nicolas SCHIAVON","Dur\u00e9e de lecture estim\u00e9e":"2 minutes"},"schema":{"@context":"https:\/\/schema.org","@graph":[{"@type":"Article","@id":"https:\/\/www.carideal.com\/blog\/2008\/12\/10\/toyota-avensis-ii-d-occasion\/#article","isPartOf":{"@id":"https:\/\/www.carideal.com\/blog\/2008\/12\/10\/toyota-avensis-ii-d-occasion\/"},"author":{"name":"Nicolas SCHIAVON","@id":"https:\/\/www.carideal.com\/blog\/#\/schema\/person\/cd95dc7919660de90d31b366f85be1ec"},"headline":"Toyota Avensis II Occasion","datePublished":"2008-12-10T23:00:00+00:00","dateModified":"2016-11-05T18:25:30+00:00","mainEntityOfPage":{"@id":"https:\/\/www.carideal.com\/blog\/2008\/12\/10\/toyota-avensis-ii-d-occasion\/"},"wordCount":487,"commentCount":0,"publisher":{"@id":"https:\/\/www.carideal.com\/blog\/#organization"},"image":{"@id":"https:\/\/www.carideal.com\/blog\/2008\/12\/10\/toyota-avensis-ii-d-occasion\/#primaryimage"},"thumbnailUrl":"http:\/\/www.carideal.com\/images_actualite\/toyotaavensiscarideal2-1229031521.jpg","articleSection":["Actualit\u00e9 automobile"],"inLanguage":"fr-FR","potentialAction":[{"@type":"CommentAction","name":"Comment","target":["https:\/\/www.carideal.com\/blog\/2008\/12\/10\/toyota-avensis-ii-d-occasion\/#respond"]}]},{"@type":"WebPage","@id":"https:\/\/www.carideal.com\/blog\/2008\/12\/10\/toyota-avensis-ii-d-occasion\/","url":"https:\/\/www.carideal.com\/blog\/2008\/12\/10\/toyota-avensis-ii-d-occasion\/","name":"Toyota Avensis II Occasion - Blog auto Carid\u00e9al","isPartOf":{"@id":"https:\/\/www.carideal.com\/blog\/#website"},"primaryImageOfPage":{"@id":"https:\/\/www.carideal.com\/blog\/2008\/12\/10\/toyota-avensis-ii-d-occasion\/#primaryimage"},"image":{"@id":"https:\/\/www.carideal.com\/blog\/2008\/12\/10\/toyota-avensis-ii-d-occasion\/#primaryimage"},"thumbnailUrl":"http:\/\/www.carideal.com\/images_actualite\/toyotaavensiscarideal2-1229031521.jpg","datePublished":"2008-12-10T23:00:00+00:00","dateModified":"2016-11-05T18:25:30+00:00","breadcrumb":{"@id":"https:\/\/www.carideal.com\/blog\/2008\/12\/10\/toyota-avensis-ii-d-occasion\/#breadcrumb"},"inLanguage":"fr-FR","potentialAction":[{"@type":"ReadAction","target":["https:\/\/www.carideal.com\/blog\/2008\/12\/10\/toyota-avensis-ii-d-occasion\/"]}]},{"@type":"ImageObject","inLanguage":"fr-FR","@id":"https:\/\/www.carideal.com\/blog\/2008\/12\/10\/toyota-avensis-ii-d-occasion\/#primaryimage","url":"http:\/\/www.carideal.com\/images_actualite\/toyotaavensiscarideal2-1229031521.jpg","contentUrl":"http:\/\/www.carideal.com\/images_actualite\/toyotaavensiscarideal2-1229031521.jpg"},{"@type":"BreadcrumbList","@id":"https:\/\/www.carideal.com\/blog\/2008\/12\/10\/toyota-avensis-ii-d-occasion\/#breadcrumb","itemListElement":[{"@type":"ListItem","position":1,"name":"Blog Carid\u00e9al","item":"https:\/\/www.carideal.com\/blog\/"},{"@type":"ListItem","position":2,"name":"Actualit\u00e9 automobile","item":"https:\/\/www.carideal.com\/blog\/actualites-auto\/"},{"@type":"ListItem","position":3,"name":"Toyota Avensis II Occasion"}]},{"@type":"WebSite","@id":"https:\/\/www.carideal.com\/blog\/#website","url":"https:\/\/www.carideal.com\/blog\/","name":"Blog auto Carid\u00e9al","description":"Actualit\u00e9 auto par des passionn\u00e9s","publisher":{"@id":"https:\/\/www.carideal.com\/blog\/#organization"},"potentialAction":[{"@type":"SearchAction","target":{"@type":"EntryPoint","urlTemplate":"https:\/\/www.carideal.com\/blog\/?s={search_term_string}"},"query-input":{"@type":"PropertyValueSpecification","valueRequired":true,"valueName":"search_term_string"}}],"inLanguage":"fr-FR"},{"@type":"Organization","@id":"https:\/\/www.carideal.com\/blog\/#organization","name":"Carideal","url":"https:\/\/www.carideal.com\/blog\/","logo":{"@type":"ImageObject","inLanguage":"fr-FR","@id":"https:\/\/www.carideal.com\/blog\/#\/schema\/logo\/image\/","url":"http:\/\/www.carideal.com\/blog\/wp-content\/uploads\/2016\/03\/logo-carideal-mandataire-automobile.png","contentUrl":"http:\/\/www.carideal.com\/blog\/wp-content\/uploads\/2016\/03\/logo-carideal-mandataire-automobile.png","width":300,"height":300,"caption":"Carideal"},"image":{"@id":"https:\/\/www.carideal.com\/blog\/#\/schema\/logo\/image\/"},"sameAs":["https:\/\/www.facebook.com\/Carideal.mandataire.automobile","https:\/\/x.com\/caridealauto","https:\/\/www.instagram.com\/carideal1\/","https:\/\/www.linkedin.com\/company\/carideal.com","https:\/\/fr.pinterest.com\/schiavonsas\/","https:\/\/www.youtube.com\/user\/caridealsas"]},{"@type":"Person","@id":"https:\/\/www.carideal.com\/blog\/#\/schema\/person\/cd95dc7919660de90d31b366f85be1ec","name":"Nicolas SCHIAVON","image":{"@type":"ImageObject","inLanguage":"fr-FR","@id":"https:\/\/www.carideal.com\/blog\/#\/schema\/person\/image\/","url":"https:\/\/secure.gravatar.com\/avatar\/c17e55009e671d92cc7f5dc837dc418a?s=96&r=g","contentUrl":"https:\/\/secure.gravatar.com\/avatar\/c17e55009e671d92cc7f5dc837dc418a?s=96&r=g","caption":"Nicolas SCHIAVON"},"description":"Nicolas Schiavon est tomb\u00e9 tout petit dans la marmite automobile. Ayant eu un garage de marque automobile, mandataire automobile de la premi\u00e8re heure d\u00e8s 1999. Nicolas a cr\u00e9\u00e9 ces premiers sites de vente de voiture et blog automobile d\u00e8s 1994. Carideal est n\u00e9 le 15 d\u00e9cembre 2000 de la volont\u00e9 de vendre des voitures d'occasions en ligne puis des voitures neuves. Il a pu essayer beaucoup de voitures tr\u00e8s diff\u00e9rentes et ayant eu personnellement quelques belles autos, Subaru Impreza, Mitsubishi Lancer Evo 7, Porsche 911, Ferrari Testarrossa, Audi RS3, RS4 et j'en passe...","sameAs":["http:\/\/www.carideal.com","https:\/\/www.facebook.com\/nicolas.schiavon.39","https:\/\/www.instagram.com\/carideal1\/","https:\/\/www.linkedin.com\/in\/nschiavon\/","https:\/\/x.com\/caridealauto","https:\/\/www.youtube.com\/user\/caridealsas\/"],"url":"https:\/\/www.carideal.com\/blog\/author\/nschiavon\/"}]}},"uagb_featured_image_src":{"full":false,"thumbnail":false,"medium":false,"medium_large":false,"large":false,"1536x1536":false,"2048x2048":false,"wppr-widget":false},"uagb_author_info":{"display_name":"Nicolas SCHIAVON","author_link":"https:\/\/www.carideal.com\/blog\/author\/nschiavon\/"},"uagb_comment_info":0,"uagb_excerpt":"Toyota Avensis occasion interieur Toyota Avensis occasion L'achat de d'une Toyota Avensis II d'occasion Ne vous fiez pas \u00e0 sa ligne passe partout. L'Avensis est une redoutable berline familiale dot\u00e9 d'excellentes qualit\u00e9s. Une bonne affaire \u00e0 saisir en occasion. Sous cette berline \u00e0 la ligne classique se cache une familiale de caract\u00e8re. Toyota a en\u2026","_links":{"self":[{"href":"https:\/\/www.carideal.com\/blog\/wp-json\/wp\/v2\/posts\/4725"}],"collection":[{"href":"https:\/\/www.carideal.com\/blog\/wp-json\/wp\/v2\/posts"}],"about":[{"href":"https:\/\/www.carideal.com\/blog\/wp-json\/wp\/v2\/types\/post"}],"author":[{"embeddable":true,"href":"https:\/\/www.carideal.com\/blog\/wp-json\/wp\/v2\/users\/3"}],"replies":[{"embeddable":true,"href":"https:\/\/www.carideal.com\/blog\/wp-json\/wp\/v2\/comments?post=4725"}],"version-history":[{"count":0,"href":"https:\/\/www.carideal.com\/blog\/wp-json\/wp\/v2\/posts\/4725\/revisions"}],"wp:attachment":[{"href":"https:\/\/www.carideal.com\/blog\/wp-json\/wp\/v2\/media?parent=4725"}],"wp:term":[{"taxonomy":"category","embeddable":true,"href":"https:\/\/www.carideal.com\/blog\/wp-json\/wp\/v2\/categories?post=4725"},{"taxonomy":"post_tag","embeddable":true,"href":"https:\/\/www.carideal.com\/blog\/wp-json\/wp\/v2\/tags?post=4725"}],"curies":[{"name":"wp","href":"https:\/\/api.w.org\/{rel}","templated":true}]}}