{"id":4713,"date":"2008-11-19T23:00:00","date_gmt":"2008-11-19T23:00:00","guid":{"rendered":"http:\/\/www.carideal.com\/blog\/2008\/11\/19\/citroen-c5-d-occasion\/"},"modified":"2020-02-10T18:04:48","modified_gmt":"2020-02-10T17:04:48","slug":"citroen-c5-d-occasion","status":"publish","type":"post","link":"https:\/\/www.carideal.com\/blog\/2008\/11\/19\/citroen-c5-d-occasion\/","title":{"rendered":"Avis Citroen C5 Occasion 2008"},"content":{"rendered":"<div>\n<h2>Notre avis sur la Citroen C5 d'occasion 2008 pass\u00e9e en revue<\/h2>\n<\/div>\n<div>\n<p>Quelques kilom\u00e8tres parcourus au volant suffisent pour se rendre \u00e0 l'\u00e9vidence : la <strong><a href=\"http:\/\/www.carideal.com\/blog\/marque-de-voiture-actualites-essais\/citroen\/c5\/\">Citro\u00ebn C5<\/a> 2008 d'occasion<\/strong> est une r\u00e9f\u00e9rence, une d\u00e9voreuse de bitume. Stable, s\u00fbre et agile lorsqu'elle est bien men\u00e9e, elle place la barre tr\u00e8s haut. Sa tenue de route imperturbable va de pair avec un extraordinaire confort d'amortissement.<\/p>\n<figure id=\"attachment_19839\" aria-describedby=\"caption-attachment-19839\" style=\"width: 590px\" class=\"wp-caption aligncenter\"><img loading=\"lazy\" decoding=\"async\" class=\"size-full wp-image-19839\" src=\"http:\/\/www.carideal.com\/blog\/wp-content\/uploads\/2008\/11\/citroenc5breakcarideal-1227187294-e1569306303220.jpg\" alt=\"Avis Citroen C5 Occasion 2008 pass\u00e9e en revue\" width=\"600\" height=\"399\" \/><figcaption id=\"caption-attachment-19839\" class=\"wp-caption-text\">Avis Citroen C5 Occasion 2008 pass\u00e9e en revue<\/figcaption><\/figure>\n<\/div>\n<p>Sa suspension Hydractive est de plus bien aid\u00e9e par une sellerie moelleuse et \u00e9paisse. Pour profiter du ch\u00e2ssis, mieux vaut \u00e9viter le poussif 2.0 HDI de 90 ch. Plus sobre et plus convaincant, le m\u00eame bloc en version HDI 110 ch est pr\u00e9f\u00e9rable. Ou pour les gros rouleurs, le 2.2 HDI de 136 ch ne manque pas d'arguments, \u00e0 l'instar des nouveaux moteurs HDI, du 1.6 au 2.2. Cot\u00e9 essence, les 1.8 16V et 2.0 16V m\u00e9ritent le coup d'oeil, tout comme le gros, gourmand et tr\u00e8s doux V6 de 210 ch, associ\u00e9 \u00e0 une boite automatique. Seul le 2.0 HPI, peu agr\u00e9able et pas tr\u00e8s fiable, est \u00e0 \u00e9viter.<\/p>\n<figure id=\"attachment_19840\" aria-describedby=\"caption-attachment-19840\" style=\"width: 390px\" class=\"wp-caption alignnone\"><img loading=\"lazy\" decoding=\"async\" class=\"size-full wp-image-19840\" src=\"http:\/\/www.carideal.com\/blog\/wp-content\/uploads\/2008\/11\/citroenc5caridealde3-1227187332.jpg\" alt=\"Int\u00e9rieur Citroen C5 Occasion 2008\" width=\"400\" height=\"300\" srcset=\"https:\/\/www.carideal.com\/blog\/wp-content\/uploads\/2008\/11\/citroenc5caridealde3-1227187332.jpg 400w, https:\/\/www.carideal.com\/blog\/wp-content\/uploads\/2008\/11\/citroenc5caridealde3-1227187332-300x225.jpg 300w, https:\/\/www.carideal.com\/blog\/wp-content\/uploads\/2008\/11\/citroenc5caridealde3-1227187332-50x38.jpg 50w, https:\/\/www.carideal.com\/blog\/wp-content\/uploads\/2008\/11\/citroenc5caridealde3-1227187332-110x83.jpg 110w\" sizes=\"(max-width: 400px) 100vw, 400px\" \/><figcaption id=\"caption-attachment-19840\" class=\"wp-caption-text\">Int\u00e9rieur Citroen C5 Occasion 2008<\/figcaption><\/figure>\n<p>Le confort c'est le cr\u00e9neau de la Citro\u00ebn C5 d'occasion. Et puisque l'espace favorise le bien \u00eatre, la berline aux chevrons s'est offert un habitacle XXL. Largeur aux coudes, espace aux jambes, garde au toit, rien n'est laiss\u00e9 au hasard. M\u00eame install\u00e9 \u00e0 l'arri\u00e8re de la <a href=\"http:\/\/www.carideal.com\/blog\/marque-de-voiture-actualites-essais\/citroen\/\">Citro\u00ebn<\/a>, les longs parcours ne fatiguent pas et les si\u00e8ges s'av\u00e8rent tr\u00e8s accueillants.<\/p>\n<ul>\n<li><a href=\"http:\/\/www.carideal.com\/blog\/2018\/01\/28\/meilleures-voitures-familiales-2018\/\">Les meilleures berlines familiales<\/a><\/li>\n<\/ul>\n<p>M\u00eame topo pour les valisent qui b\u00e9n\u00e9ficient de 456 l. La version break de la Citroen C5 d'occasion 2008, moins r\u00e9pandue, est allong\u00e9e de 9 cm. L\u00e0, la soute atteint une capacit\u00e9 de 563 litres ? Et la suspension maison permet m\u00eame de jouer les d\u00e9m\u00e9nageurs : elle est insensible \u00e0 la charge et r\u00e9glable en hauteur.\u00a0A l'arr\u00eat, ce qui permet de d\u00e9charger les bagages sans risquer un lumbago. Du c\u00f4t\u00e9 des \u00e9quipements, la dotation est correcte d\u00e8s le premier niveau de finition. Mais il est regrettable que l'Afil ne soit disponible qu'en option, qu'avec la finition haut de gamme Exclusive.<\/p>\n<p>La Citro\u00ebn C5 d'occasion 2008 a souffert de trop nombreuse anomalie en d\u00e9but de carri\u00e8re. Le multiplexage a jou\u00e9 des tours \u00e0 la fermeture centralis\u00e9e, \u00e0 l'ESP, au r\u00e9gulateur de vitesse, au contr\u00f4le de pression des pneus...Une remise \u00e0 niveau a permis de r\u00e9duire le taux d'incidents, mais n'a pas emp\u00each\u00e9 le 2.0 HDI 110 ch de rencontrer des probl\u00e8mes d'injection, parfois graves, et le 2.2 HDI de montrer des fuites du circuit EGR et une faiblesse du galet tendeur de la chaine reliant les arbres \u00e0 cames.<\/p>\n<p>A bord, les mat\u00e9riaux sont globalement de qualit\u00e9, mais les assemblages auraient m\u00e9rit\u00e9 plus d'attention avant le restylage. Enfin, des bruits parasites apparaissent sur chauss\u00e9e d\u00e9grad\u00e9e. La Citro\u00ebn C5 est sortie en mars 2001 et a \u00e9t\u00e9 restyl\u00e9e en novembre 2004, il y en a 186600 en circulation. Ses dimensions 4.74 x 1.78 x 1.47 Le volume de son r\u00e9servoir 66 litres.<\/p>\n<p>Trouvez votre Citroen C5 d'occasion avec Carideal Mandataire automobile<\/p>\n","protected":false},"excerpt":{"rendered":"<p>Notre avis sur la Citroen C5 d&rsquo;occasion 2008 pass\u00e9e en revue Quelques kilom\u00e8tres parcourus au volant suffisent pour se rendre \u00e0 l&rsquo;\u00e9vidence : la Citro\u00ebn C5 2008 d&rsquo;occasion est une r\u00e9f\u00e9rence, une d\u00e9voreuse de bitume. Stable, s\u00fbre et agile lorsqu&rsquo;elle est bien men\u00e9e, elle place la barre tr\u00e8s haut. Sa tenue de route imperturbable va &#8230; <a title=\"Avis Citroen C5 Occasion 2008\" class=\"read-more\" href=\"https:\/\/www.carideal.com\/blog\/2008\/11\/19\/citroen-c5-d-occasion\/\" aria-label=\"En savoir plus sur Avis Citroen C5 Occasion 2008\">Lire plus<\/a><\/p>\n","protected":false},"author":3,"featured_media":19839,"comment_status":"open","ping_status":"open","sticky":false,"template":"","format":"standard","meta":{"_uag_custom_page_level_css":"","_themeisle_gutenberg_block_has_review":false,"footnotes":""},"categories":[6025,5947,5950,17202],"tags":[406],"class_list":["post-4713","post","type-post","status-publish","format-standard","has-post-thumbnail","hentry","category-occasion-type-de-vehicule-type-de-vehicule","category-essai","category-citroen-essai","category-essais-citroen-c5","tag-hdi"],"wppr_data":{"cwp_meta_box_check":"No"},"yoast_head":"<!-- This site is optimized with the Yoast SEO plugin v24.8.1 - https:\/\/yoast.com\/wordpress\/plugins\/seo\/ -->\n<title>Avis Citroen C5 Occasion 2008 - Blog auto Carid\u00e9al<\/title>\n<meta name=\"description\" content=\"Retrouvez toutes les infos sur la Citroen C5 d&#039;occasion de 2008. Retrouvez l&#039;essai, ces qualit\u00e9s et ses d\u00e9fauts dans cet article\" \/>\n<meta name=\"robots\" content=\"index, follow, max-snippet:-1, max-image-preview:large, max-video-preview:-1\" \/>\n<link rel=\"canonical\" href=\"https:\/\/www.carideal.com\/blog\/2008\/11\/19\/citroen-c5-d-occasion\/\" \/>\n<meta property=\"og:locale\" content=\"fr_FR\" \/>\n<meta property=\"og:type\" content=\"article\" \/>\n<meta property=\"og:title\" content=\"Avis Citroen C5 Occasion 2008 - Blog auto Carid\u00e9al\" \/>\n<meta property=\"og:description\" content=\"Retrouvez toutes les infos sur la Citroen C5 d&#039;occasion de 2008. Retrouvez l&#039;essai, ces qualit\u00e9s et ses d\u00e9fauts dans cet article\" \/>\n<meta property=\"og:url\" content=\"https:\/\/www.carideal.com\/blog\/2008\/11\/19\/citroen-c5-d-occasion\/\" \/>\n<meta property=\"og:site_name\" content=\"Blog auto Carid\u00e9al\" \/>\n<meta property=\"article:publisher\" content=\"https:\/\/www.facebook.com\/Carideal.mandataire.automobile\" \/>\n<meta property=\"article:author\" content=\"https:\/\/www.facebook.com\/nicolas.schiavon.39\" \/>\n<meta property=\"article:published_time\" content=\"2008-11-19T23:00:00+00:00\" \/>\n<meta property=\"article:modified_time\" content=\"2020-02-10T17:04:48+00:00\" \/>\n<meta property=\"og:image\" content=\"https:\/\/www.carideal.com\/blog\/wp-content\/uploads\/2008\/11\/citroenc5breakcarideal-1227187294-e1569306303220.jpg\" \/>\n\t<meta property=\"og:image:width\" content=\"600\" \/>\n\t<meta property=\"og:image:height\" content=\"399\" \/>\n\t<meta property=\"og:image:type\" content=\"image\/jpeg\" \/>\n<meta name=\"author\" content=\"Nicolas SCHIAVON\" \/>\n<meta name=\"twitter:card\" content=\"summary_large_image\" \/>\n<meta name=\"twitter:creator\" content=\"@caridealauto\" \/>\n<meta name=\"twitter:site\" content=\"@caridealauto\" \/>\n<meta name=\"twitter:label1\" content=\"\u00c9crit par\" \/>\n\t<meta name=\"twitter:data1\" content=\"Nicolas SCHIAVON\" \/>\n\t<meta name=\"twitter:label2\" content=\"Dur\u00e9e de lecture estim\u00e9e\" \/>\n\t<meta name=\"twitter:data2\" content=\"3 minutes\" \/>\n<script type=\"application\/ld+json\" class=\"yoast-schema-graph\">{\"@context\":\"https:\/\/schema.org\",\"@graph\":[{\"@type\":\"Article\",\"@id\":\"https:\/\/www.carideal.com\/blog\/2008\/11\/19\/citroen-c5-d-occasion\/#article\",\"isPartOf\":{\"@id\":\"https:\/\/www.carideal.com\/blog\/2008\/11\/19\/citroen-c5-d-occasion\/\"},\"author\":{\"name\":\"Nicolas SCHIAVON\",\"@id\":\"https:\/\/www.carideal.com\/blog\/#\/schema\/person\/cd95dc7919660de90d31b366f85be1ec\"},\"headline\":\"Avis Citroen C5 Occasion 2008\",\"datePublished\":\"2008-11-19T23:00:00+00:00\",\"dateModified\":\"2020-02-10T17:04:48+00:00\",\"mainEntityOfPage\":{\"@id\":\"https:\/\/www.carideal.com\/blog\/2008\/11\/19\/citroen-c5-d-occasion\/\"},\"wordCount\":544,\"commentCount\":0,\"publisher\":{\"@id\":\"https:\/\/www.carideal.com\/blog\/#organization\"},\"image\":{\"@id\":\"https:\/\/www.carideal.com\/blog\/2008\/11\/19\/citroen-c5-d-occasion\/#primaryimage\"},\"thumbnailUrl\":\"https:\/\/www.carideal.com\/blog\/wp-content\/uploads\/2008\/11\/citroenc5breakcarideal-1227187294-e1569306303220.jpg\",\"keywords\":[\"HDI Moteur diesel PSA\"],\"articleSection\":[\"Essai Voiture Occasion\",\"Essais automobile\",\"Essais Citroen\",\"Essais Citro\u00ebn C5\"],\"inLanguage\":\"fr-FR\",\"potentialAction\":[{\"@type\":\"CommentAction\",\"name\":\"Comment\",\"target\":[\"https:\/\/www.carideal.com\/blog\/2008\/11\/19\/citroen-c5-d-occasion\/#respond\"]}]},{\"@type\":\"WebPage\",\"@id\":\"https:\/\/www.carideal.com\/blog\/2008\/11\/19\/citroen-c5-d-occasion\/\",\"url\":\"https:\/\/www.carideal.com\/blog\/2008\/11\/19\/citroen-c5-d-occasion\/\",\"name\":\"Avis Citroen C5 Occasion 2008 - Blog auto Carid\u00e9al\",\"isPartOf\":{\"@id\":\"https:\/\/www.carideal.com\/blog\/#website\"},\"primaryImageOfPage\":{\"@id\":\"https:\/\/www.carideal.com\/blog\/2008\/11\/19\/citroen-c5-d-occasion\/#primaryimage\"},\"image\":{\"@id\":\"https:\/\/www.carideal.com\/blog\/2008\/11\/19\/citroen-c5-d-occasion\/#primaryimage\"},\"thumbnailUrl\":\"https:\/\/www.carideal.com\/blog\/wp-content\/uploads\/2008\/11\/citroenc5breakcarideal-1227187294-e1569306303220.jpg\",\"datePublished\":\"2008-11-19T23:00:00+00:00\",\"dateModified\":\"2020-02-10T17:04:48+00:00\",\"description\":\"Retrouvez toutes les infos sur la Citroen C5 d'occasion de 2008. Retrouvez l'essai, ces qualit\u00e9s et ses d\u00e9fauts dans cet article\",\"breadcrumb\":{\"@id\":\"https:\/\/www.carideal.com\/blog\/2008\/11\/19\/citroen-c5-d-occasion\/#breadcrumb\"},\"inLanguage\":\"fr-FR\",\"potentialAction\":[{\"@type\":\"ReadAction\",\"target\":[\"https:\/\/www.carideal.com\/blog\/2008\/11\/19\/citroen-c5-d-occasion\/\"]}]},{\"@type\":\"ImageObject\",\"inLanguage\":\"fr-FR\",\"@id\":\"https:\/\/www.carideal.com\/blog\/2008\/11\/19\/citroen-c5-d-occasion\/#primaryimage\",\"url\":\"https:\/\/www.carideal.com\/blog\/wp-content\/uploads\/2008\/11\/citroenc5breakcarideal-1227187294-e1569306303220.jpg\",\"contentUrl\":\"https:\/\/www.carideal.com\/blog\/wp-content\/uploads\/2008\/11\/citroenc5breakcarideal-1227187294-e1569306303220.jpg\",\"width\":600,\"height\":399,\"caption\":\"Avis Citroen C5 Occasion 2008 pass\u00e9e en revue\"},{\"@type\":\"BreadcrumbList\",\"@id\":\"https:\/\/www.carideal.com\/blog\/2008\/11\/19\/citroen-c5-d-occasion\/#breadcrumb\",\"itemListElement\":[{\"@type\":\"ListItem\",\"position\":1,\"name\":\"Blog Carid\u00e9al\",\"item\":\"https:\/\/www.carideal.com\/blog\/\"},{\"@type\":\"ListItem\",\"position\":2,\"name\":\"Essais automobile\",\"item\":\"https:\/\/www.carideal.com\/blog\/essai\/\"},{\"@type\":\"ListItem\",\"position\":3,\"name\":\"Essais Citroen\",\"item\":\"https:\/\/www.carideal.com\/blog\/essai\/citroen-essai\/\"},{\"@type\":\"ListItem\",\"position\":4,\"name\":\"Essais Citro\u00ebn C5\",\"item\":\"https:\/\/www.carideal.com\/blog\/essai\/citroen-essai\/essais-citroen-c5\/\"},{\"@type\":\"ListItem\",\"position\":5,\"name\":\"Avis Citroen C5 Occasion 2008\"}]},{\"@type\":\"WebSite\",\"@id\":\"https:\/\/www.carideal.com\/blog\/#website\",\"url\":\"https:\/\/www.carideal.com\/blog\/\",\"name\":\"Blog auto Carid\u00e9al\",\"description\":\"Actualit\u00e9 auto par des passionn\u00e9s\",\"publisher\":{\"@id\":\"https:\/\/www.carideal.com\/blog\/#organization\"},\"potentialAction\":[{\"@type\":\"SearchAction\",\"target\":{\"@type\":\"EntryPoint\",\"urlTemplate\":\"https:\/\/www.carideal.com\/blog\/?s={search_term_string}\"},\"query-input\":{\"@type\":\"PropertyValueSpecification\",\"valueRequired\":true,\"valueName\":\"search_term_string\"}}],\"inLanguage\":\"fr-FR\"},{\"@type\":\"Organization\",\"@id\":\"https:\/\/www.carideal.com\/blog\/#organization\",\"name\":\"Carideal\",\"url\":\"https:\/\/www.carideal.com\/blog\/\",\"logo\":{\"@type\":\"ImageObject\",\"inLanguage\":\"fr-FR\",\"@id\":\"https:\/\/www.carideal.com\/blog\/#\/schema\/logo\/image\/\",\"url\":\"http:\/\/www.carideal.com\/blog\/wp-content\/uploads\/2016\/03\/logo-carideal-mandataire-automobile.png\",\"contentUrl\":\"http:\/\/www.carideal.com\/blog\/wp-content\/uploads\/2016\/03\/logo-carideal-mandataire-automobile.png\",\"width\":300,\"height\":300,\"caption\":\"Carideal\"},\"image\":{\"@id\":\"https:\/\/www.carideal.com\/blog\/#\/schema\/logo\/image\/\"},\"sameAs\":[\"https:\/\/www.facebook.com\/Carideal.mandataire.automobile\",\"https:\/\/x.com\/caridealauto\",\"https:\/\/www.instagram.com\/carideal1\/\",\"https:\/\/www.linkedin.com\/company\/carideal.com\",\"https:\/\/fr.pinterest.com\/schiavonsas\/\",\"https:\/\/www.youtube.com\/user\/caridealsas\"]},{\"@type\":\"Person\",\"@id\":\"https:\/\/www.carideal.com\/blog\/#\/schema\/person\/cd95dc7919660de90d31b366f85be1ec\",\"name\":\"Nicolas SCHIAVON\",\"image\":{\"@type\":\"ImageObject\",\"inLanguage\":\"fr-FR\",\"@id\":\"https:\/\/www.carideal.com\/blog\/#\/schema\/person\/image\/\",\"url\":\"https:\/\/secure.gravatar.com\/avatar\/c17e55009e671d92cc7f5dc837dc418a?s=96&r=g\",\"contentUrl\":\"https:\/\/secure.gravatar.com\/avatar\/c17e55009e671d92cc7f5dc837dc418a?s=96&r=g\",\"caption\":\"Nicolas SCHIAVON\"},\"description\":\"Nicolas Schiavon est tomb\u00e9 tout petit dans la marmite automobile. Ayant eu un garage de marque automobile, mandataire automobile de la premi\u00e8re heure d\u00e8s 1999. Nicolas a cr\u00e9\u00e9 ces premiers sites de vente de voiture et blog automobile d\u00e8s 1994. Carideal est n\u00e9 le 15 d\u00e9cembre 2000 de la volont\u00e9 de vendre des voitures d'occasions en ligne puis des voitures neuves. Il a pu essayer beaucoup de voitures tr\u00e8s diff\u00e9rentes et ayant eu personnellement quelques belles autos, Subaru Impreza, Mitsubishi Lancer Evo 7, Porsche 911, Ferrari Testarrossa, Audi RS3, RS4 et j'en passe...\",\"sameAs\":[\"http:\/\/www.carideal.com\",\"https:\/\/www.facebook.com\/nicolas.schiavon.39\",\"https:\/\/www.instagram.com\/carideal1\/\",\"https:\/\/www.linkedin.com\/in\/nschiavon\/\",\"https:\/\/x.com\/caridealauto\",\"https:\/\/www.youtube.com\/user\/caridealsas\/\"],\"url\":\"https:\/\/www.carideal.com\/blog\/author\/nschiavon\/\"}]}<\/script>\n<!-- \/ Yoast SEO plugin. -->","yoast_head_json":{"title":"Avis Citroen C5 Occasion 2008 - Blog auto Carid\u00e9al","description":"Retrouvez toutes les infos sur la Citroen C5 d'occasion de 2008. Retrouvez l'essai, ces qualit\u00e9s et ses d\u00e9fauts dans cet article","robots":{"index":"index","follow":"follow","max-snippet":"max-snippet:-1","max-image-preview":"max-image-preview:large","max-video-preview":"max-video-preview:-1"},"canonical":"https:\/\/www.carideal.com\/blog\/2008\/11\/19\/citroen-c5-d-occasion\/","og_locale":"fr_FR","og_type":"article","og_title":"Avis Citroen C5 Occasion 2008 - Blog auto Carid\u00e9al","og_description":"Retrouvez toutes les infos sur la Citroen C5 d'occasion de 2008. Retrouvez l'essai, ces qualit\u00e9s et ses d\u00e9fauts dans cet article","og_url":"https:\/\/www.carideal.com\/blog\/2008\/11\/19\/citroen-c5-d-occasion\/","og_site_name":"Blog auto Carid\u00e9al","article_publisher":"https:\/\/www.facebook.com\/Carideal.mandataire.automobile","article_author":"https:\/\/www.facebook.com\/nicolas.schiavon.39","article_published_time":"2008-11-19T23:00:00+00:00","article_modified_time":"2020-02-10T17:04:48+00:00","og_image":[{"width":600,"height":399,"url":"https:\/\/www.carideal.com\/blog\/wp-content\/uploads\/2008\/11\/citroenc5breakcarideal-1227187294-e1569306303220.jpg","type":"image\/jpeg"}],"author":"Nicolas SCHIAVON","twitter_card":"summary_large_image","twitter_creator":"@caridealauto","twitter_site":"@caridealauto","twitter_misc":{"\u00c9crit par":"Nicolas SCHIAVON","Dur\u00e9e de lecture estim\u00e9e":"3 minutes"},"schema":{"@context":"https:\/\/schema.org","@graph":[{"@type":"Article","@id":"https:\/\/www.carideal.com\/blog\/2008\/11\/19\/citroen-c5-d-occasion\/#article","isPartOf":{"@id":"https:\/\/www.carideal.com\/blog\/2008\/11\/19\/citroen-c5-d-occasion\/"},"author":{"name":"Nicolas SCHIAVON","@id":"https:\/\/www.carideal.com\/blog\/#\/schema\/person\/cd95dc7919660de90d31b366f85be1ec"},"headline":"Avis Citroen C5 Occasion 2008","datePublished":"2008-11-19T23:00:00+00:00","dateModified":"2020-02-10T17:04:48+00:00","mainEntityOfPage":{"@id":"https:\/\/www.carideal.com\/blog\/2008\/11\/19\/citroen-c5-d-occasion\/"},"wordCount":544,"commentCount":0,"publisher":{"@id":"https:\/\/www.carideal.com\/blog\/#organization"},"image":{"@id":"https:\/\/www.carideal.com\/blog\/2008\/11\/19\/citroen-c5-d-occasion\/#primaryimage"},"thumbnailUrl":"https:\/\/www.carideal.com\/blog\/wp-content\/uploads\/2008\/11\/citroenc5breakcarideal-1227187294-e1569306303220.jpg","keywords":["HDI Moteur diesel PSA"],"articleSection":["Essai Voiture Occasion","Essais automobile","Essais Citroen","Essais Citro\u00ebn C5"],"inLanguage":"fr-FR","potentialAction":[{"@type":"CommentAction","name":"Comment","target":["https:\/\/www.carideal.com\/blog\/2008\/11\/19\/citroen-c5-d-occasion\/#respond"]}]},{"@type":"WebPage","@id":"https:\/\/www.carideal.com\/blog\/2008\/11\/19\/citroen-c5-d-occasion\/","url":"https:\/\/www.carideal.com\/blog\/2008\/11\/19\/citroen-c5-d-occasion\/","name":"Avis Citroen C5 Occasion 2008 - Blog auto Carid\u00e9al","isPartOf":{"@id":"https:\/\/www.carideal.com\/blog\/#website"},"primaryImageOfPage":{"@id":"https:\/\/www.carideal.com\/blog\/2008\/11\/19\/citroen-c5-d-occasion\/#primaryimage"},"image":{"@id":"https:\/\/www.carideal.com\/blog\/2008\/11\/19\/citroen-c5-d-occasion\/#primaryimage"},"thumbnailUrl":"https:\/\/www.carideal.com\/blog\/wp-content\/uploads\/2008\/11\/citroenc5breakcarideal-1227187294-e1569306303220.jpg","datePublished":"2008-11-19T23:00:00+00:00","dateModified":"2020-02-10T17:04:48+00:00","description":"Retrouvez toutes les infos sur la Citroen C5 d'occasion de 2008. Retrouvez l'essai, ces qualit\u00e9s et ses d\u00e9fauts dans cet article","breadcrumb":{"@id":"https:\/\/www.carideal.com\/blog\/2008\/11\/19\/citroen-c5-d-occasion\/#breadcrumb"},"inLanguage":"fr-FR","potentialAction":[{"@type":"ReadAction","target":["https:\/\/www.carideal.com\/blog\/2008\/11\/19\/citroen-c5-d-occasion\/"]}]},{"@type":"ImageObject","inLanguage":"fr-FR","@id":"https:\/\/www.carideal.com\/blog\/2008\/11\/19\/citroen-c5-d-occasion\/#primaryimage","url":"https:\/\/www.carideal.com\/blog\/wp-content\/uploads\/2008\/11\/citroenc5breakcarideal-1227187294-e1569306303220.jpg","contentUrl":"https:\/\/www.carideal.com\/blog\/wp-content\/uploads\/2008\/11\/citroenc5breakcarideal-1227187294-e1569306303220.jpg","width":600,"height":399,"caption":"Avis Citroen C5 Occasion 2008 pass\u00e9e en revue"},{"@type":"BreadcrumbList","@id":"https:\/\/www.carideal.com\/blog\/2008\/11\/19\/citroen-c5-d-occasion\/#breadcrumb","itemListElement":[{"@type":"ListItem","position":1,"name":"Blog Carid\u00e9al","item":"https:\/\/www.carideal.com\/blog\/"},{"@type":"ListItem","position":2,"name":"Essais automobile","item":"https:\/\/www.carideal.com\/blog\/essai\/"},{"@type":"ListItem","position":3,"name":"Essais Citroen","item":"https:\/\/www.carideal.com\/blog\/essai\/citroen-essai\/"},{"@type":"ListItem","position":4,"name":"Essais Citro\u00ebn C5","item":"https:\/\/www.carideal.com\/blog\/essai\/citroen-essai\/essais-citroen-c5\/"},{"@type":"ListItem","position":5,"name":"Avis Citroen C5 Occasion 2008"}]},{"@type":"WebSite","@id":"https:\/\/www.carideal.com\/blog\/#website","url":"https:\/\/www.carideal.com\/blog\/","name":"Blog auto Carid\u00e9al","description":"Actualit\u00e9 auto par des passionn\u00e9s","publisher":{"@id":"https:\/\/www.carideal.com\/blog\/#organization"},"potentialAction":[{"@type":"SearchAction","target":{"@type":"EntryPoint","urlTemplate":"https:\/\/www.carideal.com\/blog\/?s={search_term_string}"},"query-input":{"@type":"PropertyValueSpecification","valueRequired":true,"valueName":"search_term_string"}}],"inLanguage":"fr-FR"},{"@type":"Organization","@id":"https:\/\/www.carideal.com\/blog\/#organization","name":"Carideal","url":"https:\/\/www.carideal.com\/blog\/","logo":{"@type":"ImageObject","inLanguage":"fr-FR","@id":"https:\/\/www.carideal.com\/blog\/#\/schema\/logo\/image\/","url":"http:\/\/www.carideal.com\/blog\/wp-content\/uploads\/2016\/03\/logo-carideal-mandataire-automobile.png","contentUrl":"http:\/\/www.carideal.com\/blog\/wp-content\/uploads\/2016\/03\/logo-carideal-mandataire-automobile.png","width":300,"height":300,"caption":"Carideal"},"image":{"@id":"https:\/\/www.carideal.com\/blog\/#\/schema\/logo\/image\/"},"sameAs":["https:\/\/www.facebook.com\/Carideal.mandataire.automobile","https:\/\/x.com\/caridealauto","https:\/\/www.instagram.com\/carideal1\/","https:\/\/www.linkedin.com\/company\/carideal.com","https:\/\/fr.pinterest.com\/schiavonsas\/","https:\/\/www.youtube.com\/user\/caridealsas"]},{"@type":"Person","@id":"https:\/\/www.carideal.com\/blog\/#\/schema\/person\/cd95dc7919660de90d31b366f85be1ec","name":"Nicolas SCHIAVON","image":{"@type":"ImageObject","inLanguage":"fr-FR","@id":"https:\/\/www.carideal.com\/blog\/#\/schema\/person\/image\/","url":"https:\/\/secure.gravatar.com\/avatar\/c17e55009e671d92cc7f5dc837dc418a?s=96&r=g","contentUrl":"https:\/\/secure.gravatar.com\/avatar\/c17e55009e671d92cc7f5dc837dc418a?s=96&r=g","caption":"Nicolas SCHIAVON"},"description":"Nicolas Schiavon est tomb\u00e9 tout petit dans la marmite automobile. Ayant eu un garage de marque automobile, mandataire automobile de la premi\u00e8re heure d\u00e8s 1999. Nicolas a cr\u00e9\u00e9 ces premiers sites de vente de voiture et blog automobile d\u00e8s 1994. Carideal est n\u00e9 le 15 d\u00e9cembre 2000 de la volont\u00e9 de vendre des voitures d'occasions en ligne puis des voitures neuves. Il a pu essayer beaucoup de voitures tr\u00e8s diff\u00e9rentes et ayant eu personnellement quelques belles autos, Subaru Impreza, Mitsubishi Lancer Evo 7, Porsche 911, Ferrari Testarrossa, Audi RS3, RS4 et j'en passe...","sameAs":["http:\/\/www.carideal.com","https:\/\/www.facebook.com\/nicolas.schiavon.39","https:\/\/www.instagram.com\/carideal1\/","https:\/\/www.linkedin.com\/in\/nschiavon\/","https:\/\/x.com\/caridealauto","https:\/\/www.youtube.com\/user\/caridealsas\/"],"url":"https:\/\/www.carideal.com\/blog\/author\/nschiavon\/"}]}},"uagb_featured_image_src":{"full":["https:\/\/www.carideal.com\/blog\/wp-content\/uploads\/2008\/11\/citroenc5breakcarideal-1227187294-e1569306303220.jpg",600,399,false],"thumbnail":["https:\/\/www.carideal.com\/blog\/wp-content\/uploads\/2008\/11\/citroenc5breakcarideal-1227187294-150x150.jpg",150,150,true],"medium":["https:\/\/www.carideal.com\/blog\/wp-content\/uploads\/2008\/11\/citroenc5breakcarideal-1227187294-300x200.jpg",300,200,true],"medium_large":["https:\/\/www.carideal.com\/blog\/wp-content\/uploads\/2008\/11\/citroenc5breakcarideal-1227187294-e1569306303220.jpg",600,399,false],"large":["https:\/\/www.carideal.com\/blog\/wp-content\/uploads\/2008\/11\/citroenc5breakcarideal-1227187294-e1569306303220.jpg",600,399,false],"1536x1536":["https:\/\/www.carideal.com\/blog\/wp-content\/uploads\/2008\/11\/citroenc5breakcarideal-1227187294-e1569306303220.jpg",600,399,false],"2048x2048":["https:\/\/www.carideal.com\/blog\/wp-content\/uploads\/2008\/11\/citroenc5breakcarideal-1227187294-e1569306303220.jpg",600,399,false],"wppr-widget":["https:\/\/www.carideal.com\/blog\/wp-content\/uploads\/2008\/11\/citroenc5breakcarideal-1227187294-50x33.jpg",50,33,true]},"uagb_author_info":{"display_name":"Nicolas SCHIAVON","author_link":"https:\/\/www.carideal.com\/blog\/author\/nschiavon\/"},"uagb_comment_info":0,"uagb_excerpt":"Notre avis sur la Citroen C5 d'occasion 2008 pass\u00e9e en revue Quelques kilom\u00e8tres parcourus au volant suffisent pour se rendre \u00e0 l'\u00e9vidence : la Citro\u00ebn C5 2008 d'occasion est une r\u00e9f\u00e9rence, une d\u00e9voreuse de bitume. Stable, s\u00fbre et agile lorsqu'elle est bien men\u00e9e, elle place la barre tr\u00e8s haut. Sa tenue de route imperturbable va\u2026","_links":{"self":[{"href":"https:\/\/www.carideal.com\/blog\/wp-json\/wp\/v2\/posts\/4713"}],"collection":[{"href":"https:\/\/www.carideal.com\/blog\/wp-json\/wp\/v2\/posts"}],"about":[{"href":"https:\/\/www.carideal.com\/blog\/wp-json\/wp\/v2\/types\/post"}],"author":[{"embeddable":true,"href":"https:\/\/www.carideal.com\/blog\/wp-json\/wp\/v2\/users\/3"}],"replies":[{"embeddable":true,"href":"https:\/\/www.carideal.com\/blog\/wp-json\/wp\/v2\/comments?post=4713"}],"version-history":[{"count":0,"href":"https:\/\/www.carideal.com\/blog\/wp-json\/wp\/v2\/posts\/4713\/revisions"}],"wp:featuredmedia":[{"embeddable":true,"href":"https:\/\/www.carideal.com\/blog\/wp-json\/wp\/v2\/media\/19839"}],"wp:attachment":[{"href":"https:\/\/www.carideal.com\/blog\/wp-json\/wp\/v2\/media?parent=4713"}],"wp:term":[{"taxonomy":"category","embeddable":true,"href":"https:\/\/www.carideal.com\/blog\/wp-json\/wp\/v2\/categories?post=4713"},{"taxonomy":"post_tag","embeddable":true,"href":"https:\/\/www.carideal.com\/blog\/wp-json\/wp\/v2\/tags?post=4713"}],"curies":[{"name":"wp","href":"https:\/\/api.w.org\/{rel}","templated":true}]}}