{"id":4704,"date":"2008-10-29T23:00:00","date_gmt":"2008-10-29T23:00:00","guid":{"rendered":"http:\/\/www.carideal.com\/blog\/2008\/10\/29\/nouveaux-moteurs-vti-et-thp-chez-citroen\/"},"modified":"2015-10-19T13:11:14","modified_gmt":"2015-10-19T11:11:14","slug":"nouveaux-moteurs-vti-et-thp-chez-citroen","status":"publish","type":"post","link":"https:\/\/www.carideal.com\/blog\/2008\/10\/29\/nouveaux-moteurs-vti-et-thp-chez-citroen\/","title":{"rendered":"Nouveaux moteurs VTI et THP chez Citroen"},"content":{"rendered":"<div><img decoding=\"async\" src=\"http:\/\/www.carideal.com\/images_actualite\/moteurvticarideal-1225376769.jpg\" alt=\"\" \/>moteur vti 120<\/p>\n<\/div>\n<div><img decoding=\"async\" src=\"http:\/\/www.carideal.com\/images_actualite\/moteurthp150carideal-1225376861.jpg\" alt=\"\" \/>moteur thp 150<\/p>\n<\/div>\n<p>Le citroen C4 Picasso est le monospace le plus vendu en France, celui ci a droit \u00e0 la nouvelle g\u00e9n\u00e9ration de moteur essence VTI. Dans la foul\u00e9 du 1.6 vti de 120 ch en Juillet, c'est au tour du 1.6 THP de 150 ch de passer sous le capot du Citroen C4 Picasso en remplacement du 2.0 16V de 143 ch. Le moteur 1.6 HDI de 110 ch associ\u00e9 avec la boite de vitesses robotis\u00e9e BMP6 voit ses \u00e9missions de CO2 descendre de 150 \u00e0 140 g\/km. Si cette version demeure encore dans la zone neutre de bonus malus, en revanche, la taxe sur les v\u00e9hicules de soci\u00e9t\u00e9 passe \u00e0 800 \u20ac. C'est bon \u00e0 savoir si vous avez le privil\u00e8ge de b\u00e9n\u00e9ficier d'un v\u00e9hicule de fonction.<\/p>\n<p><strong>La nouvelle Citroen C5 h\u00e9rite du 2.0 HDI de 140 ch.<\/strong> C'est la derni\u00e8re arriv\u00e9e dans la gamme, la C5 enrichit son bagage technique d'un antipatinage intelligent appel\u00e9 snow motion, plus efficace sur les routes enneig\u00e9es et verglac\u00e9es. Essentielle pour le march\u00e9 des soci\u00e9t\u00e9s, une version HDI 110 airdream emettant 140 g\/km fait son apparition \u00e0 partir de 23900 \u20ac. A noter que le 2.0 HDI 138 ch en boite manuelle laisse la place \u00e0 une d\u00e9clinaison de 140 ch r\u00e9pondant aux normes euro V. Enfin, la citroen C5 comme le C4 Picasso g\u00e9n\u00e9ralisent le GPS couleur gr\u00e2ce au nouveau syst\u00e8me MyWay.<\/p>\n","protected":false},"excerpt":{"rendered":"<p>moteur vti 120 moteur thp 150 Le citroen C4 Picasso est le monospace le plus vendu en France, celui ci a droit \u00e0 la nouvelle g\u00e9n\u00e9ration de moteur essence VTI. Dans la foul\u00e9 du 1.6 vti de 120 ch en Juillet, c&rsquo;est au tour du 1.6 THP de 150 ch de passer sous le capot &#8230; <a title=\"Nouveaux moteurs VTI et THP chez Citroen\" class=\"read-more\" href=\"https:\/\/www.carideal.com\/blog\/2008\/10\/29\/nouveaux-moteurs-vti-et-thp-chez-citroen\/\" aria-label=\"En savoir plus sur Nouveaux moteurs VTI et THP chez Citroen\">Lire plus<\/a><\/p>\n","protected":false},"author":3,"featured_media":0,"comment_status":"open","ping_status":"open","sticky":false,"template":"","format":"standard","meta":{"_uag_custom_page_level_css":"","_themeisle_gutenberg_block_has_review":false,"footnotes":""},"categories":[21],"tags":[406],"class_list":["post-4704","post","type-post","status-publish","format-standard","hentry","category-actualites-auto","tag-hdi"],"wppr_data":[],"yoast_head":"<!-- This site is optimized with the Yoast SEO plugin v24.8.1 - https:\/\/yoast.com\/wordpress\/plugins\/seo\/ -->\n<title>Nouveaux moteurs VTI et THP chez Citroen - Blog auto Carid\u00e9al<\/title>\n<meta name=\"robots\" content=\"index, follow, max-snippet:-1, max-image-preview:large, max-video-preview:-1\" \/>\n<link rel=\"canonical\" href=\"https:\/\/www.carideal.com\/blog\/2008\/10\/29\/nouveaux-moteurs-vti-et-thp-chez-citroen\/\" \/>\n<meta property=\"og:locale\" content=\"fr_FR\" \/>\n<meta property=\"og:type\" content=\"article\" \/>\n<meta property=\"og:title\" content=\"Nouveaux moteurs VTI et THP chez Citroen - Blog auto Carid\u00e9al\" \/>\n<meta property=\"og:description\" content=\"moteur vti 120 moteur thp 150 Le citroen C4 Picasso est le monospace le plus vendu en France, celui ci a droit \u00e0 la nouvelle g\u00e9n\u00e9ration de moteur essence VTI. Dans la foul\u00e9 du 1.6 vti de 120 ch en Juillet, c&#039;est au tour du 1.6 THP de 150 ch de passer sous le capot ... Lire plus\" \/>\n<meta property=\"og:url\" content=\"https:\/\/www.carideal.com\/blog\/2008\/10\/29\/nouveaux-moteurs-vti-et-thp-chez-citroen\/\" \/>\n<meta property=\"og:site_name\" content=\"Blog auto Carid\u00e9al\" \/>\n<meta property=\"article:publisher\" content=\"https:\/\/www.facebook.com\/Carideal.mandataire.automobile\" \/>\n<meta property=\"article:author\" content=\"https:\/\/www.facebook.com\/nicolas.schiavon.39\" \/>\n<meta property=\"article:published_time\" content=\"2008-10-29T23:00:00+00:00\" \/>\n<meta property=\"article:modified_time\" content=\"2015-10-19T11:11:14+00:00\" \/>\n<meta property=\"og:image\" content=\"http:\/\/www.carideal.com\/images_actualite\/moteurvticarideal-1225376769.jpg\" \/>\n<meta name=\"author\" content=\"Nicolas SCHIAVON\" \/>\n<meta name=\"twitter:card\" content=\"summary_large_image\" \/>\n<meta name=\"twitter:creator\" content=\"@caridealauto\" \/>\n<meta name=\"twitter:site\" content=\"@caridealauto\" \/>\n<meta name=\"twitter:label1\" content=\"\u00c9crit par\" \/>\n\t<meta name=\"twitter:data1\" content=\"Nicolas SCHIAVON\" \/>\n\t<meta name=\"twitter:label2\" content=\"Dur\u00e9e de lecture estim\u00e9e\" \/>\n\t<meta name=\"twitter:data2\" content=\"1 minute\" \/>\n<script type=\"application\/ld+json\" class=\"yoast-schema-graph\">{\"@context\":\"https:\/\/schema.org\",\"@graph\":[{\"@type\":\"Article\",\"@id\":\"https:\/\/www.carideal.com\/blog\/2008\/10\/29\/nouveaux-moteurs-vti-et-thp-chez-citroen\/#article\",\"isPartOf\":{\"@id\":\"https:\/\/www.carideal.com\/blog\/2008\/10\/29\/nouveaux-moteurs-vti-et-thp-chez-citroen\/\"},\"author\":{\"name\":\"Nicolas SCHIAVON\",\"@id\":\"https:\/\/www.carideal.com\/blog\/#\/schema\/person\/cd95dc7919660de90d31b366f85be1ec\"},\"headline\":\"Nouveaux moteurs VTI et THP chez Citroen\",\"datePublished\":\"2008-10-29T23:00:00+00:00\",\"dateModified\":\"2015-10-19T11:11:14+00:00\",\"mainEntityOfPage\":{\"@id\":\"https:\/\/www.carideal.com\/blog\/2008\/10\/29\/nouveaux-moteurs-vti-et-thp-chez-citroen\/\"},\"wordCount\":237,\"commentCount\":0,\"publisher\":{\"@id\":\"https:\/\/www.carideal.com\/blog\/#organization\"},\"image\":{\"@id\":\"https:\/\/www.carideal.com\/blog\/2008\/10\/29\/nouveaux-moteurs-vti-et-thp-chez-citroen\/#primaryimage\"},\"thumbnailUrl\":\"http:\/\/www.carideal.com\/images_actualite\/moteurvticarideal-1225376769.jpg\",\"keywords\":[\"HDI Moteur diesel PSA\"],\"articleSection\":[\"Actualit\u00e9 automobile\"],\"inLanguage\":\"fr-FR\",\"potentialAction\":[{\"@type\":\"CommentAction\",\"name\":\"Comment\",\"target\":[\"https:\/\/www.carideal.com\/blog\/2008\/10\/29\/nouveaux-moteurs-vti-et-thp-chez-citroen\/#respond\"]}]},{\"@type\":\"WebPage\",\"@id\":\"https:\/\/www.carideal.com\/blog\/2008\/10\/29\/nouveaux-moteurs-vti-et-thp-chez-citroen\/\",\"url\":\"https:\/\/www.carideal.com\/blog\/2008\/10\/29\/nouveaux-moteurs-vti-et-thp-chez-citroen\/\",\"name\":\"Nouveaux moteurs VTI et THP chez Citroen - Blog auto Carid\u00e9al\",\"isPartOf\":{\"@id\":\"https:\/\/www.carideal.com\/blog\/#website\"},\"primaryImageOfPage\":{\"@id\":\"https:\/\/www.carideal.com\/blog\/2008\/10\/29\/nouveaux-moteurs-vti-et-thp-chez-citroen\/#primaryimage\"},\"image\":{\"@id\":\"https:\/\/www.carideal.com\/blog\/2008\/10\/29\/nouveaux-moteurs-vti-et-thp-chez-citroen\/#primaryimage\"},\"thumbnailUrl\":\"http:\/\/www.carideal.com\/images_actualite\/moteurvticarideal-1225376769.jpg\",\"datePublished\":\"2008-10-29T23:00:00+00:00\",\"dateModified\":\"2015-10-19T11:11:14+00:00\",\"breadcrumb\":{\"@id\":\"https:\/\/www.carideal.com\/blog\/2008\/10\/29\/nouveaux-moteurs-vti-et-thp-chez-citroen\/#breadcrumb\"},\"inLanguage\":\"fr-FR\",\"potentialAction\":[{\"@type\":\"ReadAction\",\"target\":[\"https:\/\/www.carideal.com\/blog\/2008\/10\/29\/nouveaux-moteurs-vti-et-thp-chez-citroen\/\"]}]},{\"@type\":\"ImageObject\",\"inLanguage\":\"fr-FR\",\"@id\":\"https:\/\/www.carideal.com\/blog\/2008\/10\/29\/nouveaux-moteurs-vti-et-thp-chez-citroen\/#primaryimage\",\"url\":\"http:\/\/www.carideal.com\/images_actualite\/moteurvticarideal-1225376769.jpg\",\"contentUrl\":\"http:\/\/www.carideal.com\/images_actualite\/moteurvticarideal-1225376769.jpg\"},{\"@type\":\"BreadcrumbList\",\"@id\":\"https:\/\/www.carideal.com\/blog\/2008\/10\/29\/nouveaux-moteurs-vti-et-thp-chez-citroen\/#breadcrumb\",\"itemListElement\":[{\"@type\":\"ListItem\",\"position\":1,\"name\":\"Blog Carid\u00e9al\",\"item\":\"https:\/\/www.carideal.com\/blog\/\"},{\"@type\":\"ListItem\",\"position\":2,\"name\":\"Actualit\u00e9 automobile\",\"item\":\"https:\/\/www.carideal.com\/blog\/actualites-auto\/\"},{\"@type\":\"ListItem\",\"position\":3,\"name\":\"Nouveaux moteurs VTI et THP chez Citroen\"}]},{\"@type\":\"WebSite\",\"@id\":\"https:\/\/www.carideal.com\/blog\/#website\",\"url\":\"https:\/\/www.carideal.com\/blog\/\",\"name\":\"Blog auto Carid\u00e9al\",\"description\":\"Actualit\u00e9 auto par des passionn\u00e9s\",\"publisher\":{\"@id\":\"https:\/\/www.carideal.com\/blog\/#organization\"},\"potentialAction\":[{\"@type\":\"SearchAction\",\"target\":{\"@type\":\"EntryPoint\",\"urlTemplate\":\"https:\/\/www.carideal.com\/blog\/?s={search_term_string}\"},\"query-input\":{\"@type\":\"PropertyValueSpecification\",\"valueRequired\":true,\"valueName\":\"search_term_string\"}}],\"inLanguage\":\"fr-FR\"},{\"@type\":\"Organization\",\"@id\":\"https:\/\/www.carideal.com\/blog\/#organization\",\"name\":\"Carideal\",\"url\":\"https:\/\/www.carideal.com\/blog\/\",\"logo\":{\"@type\":\"ImageObject\",\"inLanguage\":\"fr-FR\",\"@id\":\"https:\/\/www.carideal.com\/blog\/#\/schema\/logo\/image\/\",\"url\":\"http:\/\/www.carideal.com\/blog\/wp-content\/uploads\/2016\/03\/logo-carideal-mandataire-automobile.png\",\"contentUrl\":\"http:\/\/www.carideal.com\/blog\/wp-content\/uploads\/2016\/03\/logo-carideal-mandataire-automobile.png\",\"width\":300,\"height\":300,\"caption\":\"Carideal\"},\"image\":{\"@id\":\"https:\/\/www.carideal.com\/blog\/#\/schema\/logo\/image\/\"},\"sameAs\":[\"https:\/\/www.facebook.com\/Carideal.mandataire.automobile\",\"https:\/\/x.com\/caridealauto\",\"https:\/\/www.instagram.com\/carideal1\/\",\"https:\/\/www.linkedin.com\/company\/carideal.com\",\"https:\/\/fr.pinterest.com\/schiavonsas\/\",\"https:\/\/www.youtube.com\/user\/caridealsas\"]},{\"@type\":\"Person\",\"@id\":\"https:\/\/www.carideal.com\/blog\/#\/schema\/person\/cd95dc7919660de90d31b366f85be1ec\",\"name\":\"Nicolas SCHIAVON\",\"image\":{\"@type\":\"ImageObject\",\"inLanguage\":\"fr-FR\",\"@id\":\"https:\/\/www.carideal.com\/blog\/#\/schema\/person\/image\/\",\"url\":\"https:\/\/secure.gravatar.com\/avatar\/c17e55009e671d92cc7f5dc837dc418a?s=96&r=g\",\"contentUrl\":\"https:\/\/secure.gravatar.com\/avatar\/c17e55009e671d92cc7f5dc837dc418a?s=96&r=g\",\"caption\":\"Nicolas SCHIAVON\"},\"description\":\"Nicolas Schiavon est tomb\u00e9 tout petit dans la marmite automobile. Ayant eu un garage de marque automobile, mandataire automobile de la premi\u00e8re heure d\u00e8s 1999. Nicolas a cr\u00e9\u00e9 ces premiers sites de vente de voiture et blog automobile d\u00e8s 1994. Carideal est n\u00e9 le 15 d\u00e9cembre 2000 de la volont\u00e9 de vendre des voitures d'occasions en ligne puis des voitures neuves. Il a pu essayer beaucoup de voitures tr\u00e8s diff\u00e9rentes et ayant eu personnellement quelques belles autos, Subaru Impreza, Mitsubishi Lancer Evo 7, Porsche 911, Ferrari Testarrossa, Audi RS3, RS4 et j'en passe...\",\"sameAs\":[\"http:\/\/www.carideal.com\",\"https:\/\/www.facebook.com\/nicolas.schiavon.39\",\"https:\/\/www.instagram.com\/carideal1\/\",\"https:\/\/www.linkedin.com\/in\/nschiavon\/\",\"https:\/\/x.com\/caridealauto\",\"https:\/\/www.youtube.com\/user\/caridealsas\/\"],\"url\":\"https:\/\/www.carideal.com\/blog\/author\/nschiavon\/\"}]}<\/script>\n<!-- \/ Yoast SEO plugin. -->","yoast_head_json":{"title":"Nouveaux moteurs VTI et THP chez Citroen - Blog auto Carid\u00e9al","robots":{"index":"index","follow":"follow","max-snippet":"max-snippet:-1","max-image-preview":"max-image-preview:large","max-video-preview":"max-video-preview:-1"},"canonical":"https:\/\/www.carideal.com\/blog\/2008\/10\/29\/nouveaux-moteurs-vti-et-thp-chez-citroen\/","og_locale":"fr_FR","og_type":"article","og_title":"Nouveaux moteurs VTI et THP chez Citroen - Blog auto Carid\u00e9al","og_description":"moteur vti 120 moteur thp 150 Le citroen C4 Picasso est le monospace le plus vendu en France, celui ci a droit \u00e0 la nouvelle g\u00e9n\u00e9ration de moteur essence VTI. Dans la foul\u00e9 du 1.6 vti de 120 ch en Juillet, c'est au tour du 1.6 THP de 150 ch de passer sous le capot ... Lire plus","og_url":"https:\/\/www.carideal.com\/blog\/2008\/10\/29\/nouveaux-moteurs-vti-et-thp-chez-citroen\/","og_site_name":"Blog auto Carid\u00e9al","article_publisher":"https:\/\/www.facebook.com\/Carideal.mandataire.automobile","article_author":"https:\/\/www.facebook.com\/nicolas.schiavon.39","article_published_time":"2008-10-29T23:00:00+00:00","article_modified_time":"2015-10-19T11:11:14+00:00","og_image":[{"url":"http:\/\/www.carideal.com\/images_actualite\/moteurvticarideal-1225376769.jpg","type":"","width":"","height":""}],"author":"Nicolas SCHIAVON","twitter_card":"summary_large_image","twitter_creator":"@caridealauto","twitter_site":"@caridealauto","twitter_misc":{"\u00c9crit par":"Nicolas SCHIAVON","Dur\u00e9e de lecture estim\u00e9e":"1 minute"},"schema":{"@context":"https:\/\/schema.org","@graph":[{"@type":"Article","@id":"https:\/\/www.carideal.com\/blog\/2008\/10\/29\/nouveaux-moteurs-vti-et-thp-chez-citroen\/#article","isPartOf":{"@id":"https:\/\/www.carideal.com\/blog\/2008\/10\/29\/nouveaux-moteurs-vti-et-thp-chez-citroen\/"},"author":{"name":"Nicolas SCHIAVON","@id":"https:\/\/www.carideal.com\/blog\/#\/schema\/person\/cd95dc7919660de90d31b366f85be1ec"},"headline":"Nouveaux moteurs VTI et THP chez Citroen","datePublished":"2008-10-29T23:00:00+00:00","dateModified":"2015-10-19T11:11:14+00:00","mainEntityOfPage":{"@id":"https:\/\/www.carideal.com\/blog\/2008\/10\/29\/nouveaux-moteurs-vti-et-thp-chez-citroen\/"},"wordCount":237,"commentCount":0,"publisher":{"@id":"https:\/\/www.carideal.com\/blog\/#organization"},"image":{"@id":"https:\/\/www.carideal.com\/blog\/2008\/10\/29\/nouveaux-moteurs-vti-et-thp-chez-citroen\/#primaryimage"},"thumbnailUrl":"http:\/\/www.carideal.com\/images_actualite\/moteurvticarideal-1225376769.jpg","keywords":["HDI Moteur diesel PSA"],"articleSection":["Actualit\u00e9 automobile"],"inLanguage":"fr-FR","potentialAction":[{"@type":"CommentAction","name":"Comment","target":["https:\/\/www.carideal.com\/blog\/2008\/10\/29\/nouveaux-moteurs-vti-et-thp-chez-citroen\/#respond"]}]},{"@type":"WebPage","@id":"https:\/\/www.carideal.com\/blog\/2008\/10\/29\/nouveaux-moteurs-vti-et-thp-chez-citroen\/","url":"https:\/\/www.carideal.com\/blog\/2008\/10\/29\/nouveaux-moteurs-vti-et-thp-chez-citroen\/","name":"Nouveaux moteurs VTI et THP chez Citroen - Blog auto Carid\u00e9al","isPartOf":{"@id":"https:\/\/www.carideal.com\/blog\/#website"},"primaryImageOfPage":{"@id":"https:\/\/www.carideal.com\/blog\/2008\/10\/29\/nouveaux-moteurs-vti-et-thp-chez-citroen\/#primaryimage"},"image":{"@id":"https:\/\/www.carideal.com\/blog\/2008\/10\/29\/nouveaux-moteurs-vti-et-thp-chez-citroen\/#primaryimage"},"thumbnailUrl":"http:\/\/www.carideal.com\/images_actualite\/moteurvticarideal-1225376769.jpg","datePublished":"2008-10-29T23:00:00+00:00","dateModified":"2015-10-19T11:11:14+00:00","breadcrumb":{"@id":"https:\/\/www.carideal.com\/blog\/2008\/10\/29\/nouveaux-moteurs-vti-et-thp-chez-citroen\/#breadcrumb"},"inLanguage":"fr-FR","potentialAction":[{"@type":"ReadAction","target":["https:\/\/www.carideal.com\/blog\/2008\/10\/29\/nouveaux-moteurs-vti-et-thp-chez-citroen\/"]}]},{"@type":"ImageObject","inLanguage":"fr-FR","@id":"https:\/\/www.carideal.com\/blog\/2008\/10\/29\/nouveaux-moteurs-vti-et-thp-chez-citroen\/#primaryimage","url":"http:\/\/www.carideal.com\/images_actualite\/moteurvticarideal-1225376769.jpg","contentUrl":"http:\/\/www.carideal.com\/images_actualite\/moteurvticarideal-1225376769.jpg"},{"@type":"BreadcrumbList","@id":"https:\/\/www.carideal.com\/blog\/2008\/10\/29\/nouveaux-moteurs-vti-et-thp-chez-citroen\/#breadcrumb","itemListElement":[{"@type":"ListItem","position":1,"name":"Blog Carid\u00e9al","item":"https:\/\/www.carideal.com\/blog\/"},{"@type":"ListItem","position":2,"name":"Actualit\u00e9 automobile","item":"https:\/\/www.carideal.com\/blog\/actualites-auto\/"},{"@type":"ListItem","position":3,"name":"Nouveaux moteurs VTI et THP chez Citroen"}]},{"@type":"WebSite","@id":"https:\/\/www.carideal.com\/blog\/#website","url":"https:\/\/www.carideal.com\/blog\/","name":"Blog auto Carid\u00e9al","description":"Actualit\u00e9 auto par des passionn\u00e9s","publisher":{"@id":"https:\/\/www.carideal.com\/blog\/#organization"},"potentialAction":[{"@type":"SearchAction","target":{"@type":"EntryPoint","urlTemplate":"https:\/\/www.carideal.com\/blog\/?s={search_term_string}"},"query-input":{"@type":"PropertyValueSpecification","valueRequired":true,"valueName":"search_term_string"}}],"inLanguage":"fr-FR"},{"@type":"Organization","@id":"https:\/\/www.carideal.com\/blog\/#organization","name":"Carideal","url":"https:\/\/www.carideal.com\/blog\/","logo":{"@type":"ImageObject","inLanguage":"fr-FR","@id":"https:\/\/www.carideal.com\/blog\/#\/schema\/logo\/image\/","url":"http:\/\/www.carideal.com\/blog\/wp-content\/uploads\/2016\/03\/logo-carideal-mandataire-automobile.png","contentUrl":"http:\/\/www.carideal.com\/blog\/wp-content\/uploads\/2016\/03\/logo-carideal-mandataire-automobile.png","width":300,"height":300,"caption":"Carideal"},"image":{"@id":"https:\/\/www.carideal.com\/blog\/#\/schema\/logo\/image\/"},"sameAs":["https:\/\/www.facebook.com\/Carideal.mandataire.automobile","https:\/\/x.com\/caridealauto","https:\/\/www.instagram.com\/carideal1\/","https:\/\/www.linkedin.com\/company\/carideal.com","https:\/\/fr.pinterest.com\/schiavonsas\/","https:\/\/www.youtube.com\/user\/caridealsas"]},{"@type":"Person","@id":"https:\/\/www.carideal.com\/blog\/#\/schema\/person\/cd95dc7919660de90d31b366f85be1ec","name":"Nicolas SCHIAVON","image":{"@type":"ImageObject","inLanguage":"fr-FR","@id":"https:\/\/www.carideal.com\/blog\/#\/schema\/person\/image\/","url":"https:\/\/secure.gravatar.com\/avatar\/c17e55009e671d92cc7f5dc837dc418a?s=96&r=g","contentUrl":"https:\/\/secure.gravatar.com\/avatar\/c17e55009e671d92cc7f5dc837dc418a?s=96&r=g","caption":"Nicolas SCHIAVON"},"description":"Nicolas Schiavon est tomb\u00e9 tout petit dans la marmite automobile. Ayant eu un garage de marque automobile, mandataire automobile de la premi\u00e8re heure d\u00e8s 1999. Nicolas a cr\u00e9\u00e9 ces premiers sites de vente de voiture et blog automobile d\u00e8s 1994. Carideal est n\u00e9 le 15 d\u00e9cembre 2000 de la volont\u00e9 de vendre des voitures d'occasions en ligne puis des voitures neuves. Il a pu essayer beaucoup de voitures tr\u00e8s diff\u00e9rentes et ayant eu personnellement quelques belles autos, Subaru Impreza, Mitsubishi Lancer Evo 7, Porsche 911, Ferrari Testarrossa, Audi RS3, RS4 et j'en passe...","sameAs":["http:\/\/www.carideal.com","https:\/\/www.facebook.com\/nicolas.schiavon.39","https:\/\/www.instagram.com\/carideal1\/","https:\/\/www.linkedin.com\/in\/nschiavon\/","https:\/\/x.com\/caridealauto","https:\/\/www.youtube.com\/user\/caridealsas\/"],"url":"https:\/\/www.carideal.com\/blog\/author\/nschiavon\/"}]}},"uagb_featured_image_src":{"full":false,"thumbnail":false,"medium":false,"medium_large":false,"large":false,"1536x1536":false,"2048x2048":false,"wppr-widget":false},"uagb_author_info":{"display_name":"Nicolas SCHIAVON","author_link":"https:\/\/www.carideal.com\/blog\/author\/nschiavon\/"},"uagb_comment_info":0,"uagb_excerpt":"moteur vti 120 moteur thp 150 Le citroen C4 Picasso est le monospace le plus vendu en France, celui ci a droit \u00e0 la nouvelle g\u00e9n\u00e9ration de moteur essence VTI. Dans la foul\u00e9 du 1.6 vti de 120 ch en Juillet, c'est au tour du 1.6 THP de 150 ch de passer sous le capot\u2026","_links":{"self":[{"href":"https:\/\/www.carideal.com\/blog\/wp-json\/wp\/v2\/posts\/4704"}],"collection":[{"href":"https:\/\/www.carideal.com\/blog\/wp-json\/wp\/v2\/posts"}],"about":[{"href":"https:\/\/www.carideal.com\/blog\/wp-json\/wp\/v2\/types\/post"}],"author":[{"embeddable":true,"href":"https:\/\/www.carideal.com\/blog\/wp-json\/wp\/v2\/users\/3"}],"replies":[{"embeddable":true,"href":"https:\/\/www.carideal.com\/blog\/wp-json\/wp\/v2\/comments?post=4704"}],"version-history":[{"count":0,"href":"https:\/\/www.carideal.com\/blog\/wp-json\/wp\/v2\/posts\/4704\/revisions"}],"wp:attachment":[{"href":"https:\/\/www.carideal.com\/blog\/wp-json\/wp\/v2\/media?parent=4704"}],"wp:term":[{"taxonomy":"category","embeddable":true,"href":"https:\/\/www.carideal.com\/blog\/wp-json\/wp\/v2\/categories?post=4704"},{"taxonomy":"post_tag","embeddable":true,"href":"https:\/\/www.carideal.com\/blog\/wp-json\/wp\/v2\/tags?post=4704"}],"curies":[{"name":"wp","href":"https:\/\/api.w.org\/{rel}","templated":true}]}}