{"id":4702,"date":"2008-10-24T22:00:00","date_gmt":"2008-10-24T22:00:00","guid":{"rendered":"http:\/\/www.carideal.com\/blog\/2008\/10\/24\/volkswagen-golf-v-d-occasion\/"},"modified":"2016-04-21T19:02:56","modified_gmt":"2016-04-21T17:02:56","slug":"volkswagen-golf-v-d-occasion","status":"publish","type":"post","link":"https:\/\/www.carideal.com\/blog\/2008\/10\/24\/volkswagen-golf-v-d-occasion\/","title":{"rendered":"Volkswagen Golf 5 occasion"},"content":{"rendered":"<div>\n<figure style=\"width: 565px\" class=\"wp-caption alignnone\"><img loading=\"lazy\" decoding=\"async\" title=\"Volkswagen Golf 5 occasion GTI\" src=\"http:\/\/www.carideal.com\/images_actualite\/volkswagengolfvgticarideal-1224944467.jpg\" alt=\"Volkswagen Golf 5 occasion GTI\" width=\"575\" height=\"325\" \/><figcaption class=\"wp-caption-text\">Volkswagen Golf 5 occasion GTI<\/figcaption><\/figure>\n<h1>Bien acheter sa Volkswagen Golf 5\u00a0occasion<\/h1>\n<\/div>\n<div>\n<figure style=\"width: 630px\" class=\"wp-caption alignnone\"><img loading=\"lazy\" decoding=\"async\" title=\"Volkswagen Golf 5 occasion\" src=\"http:\/\/www.carideal.com\/images_actualite\/volkswagengolfv-1224944664.jpg\" alt=\"Volkswagen Golf 5 occasion\" width=\"640\" height=\"453\" \/><figcaption class=\"wp-caption-text\">Volkswagen Golf 5 occasion<\/figcaption><\/figure>\n<h2>La conduite d'une Volkswagen Golf 5 occasion<\/h2>\n<\/div>\n<p>L'orsqu'on monte \u00e0 bord d'une Volkswagen Golf 5 occasion, il n'y a pas de surprise, la rigueur germanique est bien au rendez vous. Rien \u00e0 redire en ce qui concerne la position de conduite, avec un si\u00e8ge et un volant r\u00e9glable en tous sens d\u00e8s l'entr\u00e9e de gamme. L'assise est ferme.....normal c'est une allemande. Le tableau de bord pr\u00e9sente une instrumentation sans gaiet\u00e9, mais \u00e0 l'ergonomie fort bien \u00e9tudi\u00e9e. Ainsi toutes les commandes sont judicieusement plac\u00e9s et leur manipulation demeure intuitive. C'est au chapitre du comportement que cette Volkswagen Golf 5 occasion a progress\u00e9. Saine en toutes circonstances, la tenue de route a gagn\u00e9 en efficacit\u00e9, le roulis \u00e9tant bien maitris\u00e9, ce qui accroit naturellement le confort. La direction assist\u00e9e \u00e9lectrique combine douceur en ville et pr\u00e9cision lorsque le rythme s'acc\u00e9l\u00e8re.<\/p>\n<h2>Les moteurs de la Volkswagen Golf 5 d'occasion<\/h2>\n<p>M\u00eame la version <span style=\"text-decoration: underline;\"><a href=\"http:\/\/www.carideal.com\/blog\/2012\/04\/26\/volkswagen-golf-gti-cabriolet\/\">Volkswagen Golf GTI<\/a><\/span> s'av\u00e8re tr\u00e8s plaisante \u00e0 conduire, mais n'est pas pour autant typ\u00e9e rallye. Si vous d\u00e9sirer vous inscrire en comp\u00e9tition, choisissez plut\u00f4t la Golf R32. Version radicale avec son six cylindres, elle ravira les amateurs de de sport qui ont les moyens de se l'offrir. Pour les plus raisonnables, les motorisations 1.6 ou 2.0 sont tout \u00e0 fait satisfaisantes, sans oublier la nouvelle g\u00e9n\u00e9ration TSI. Le turbo fait oublier la faible cylindr\u00e9e, mais la consommation peut tr\u00e8s vite augmenter ! Les moteurs\u00a0qui ont fait la r\u00e9putation de la Volkswagen Golf se pr\u00e9nomment TDI. Assez bruyant au ralenti et \u00e0 l'acc\u00e9l\u00e9ration, ils sont aussi sujet aux vibrations. Cependant, leur consommation est des plus mod\u00e9r\u00e9es et ils font montre d'un bel agr\u00e9ment. D'ailleurs, les acheteurs ne s'y sont pas tromp\u00e9s : \u00e0 lui seul, le TDI 105 repr\u00e9sente le plus gros volume des ventes.<\/p>\n<h2>A bord de la Volkswagen Golf 5 d'occasion<\/h2>\n<p>L'habitacle de cette Volkswagen Golf 5 occasion\u00a0est fort accueillant. S'il se carat\u00e9rise par un design un peu aust\u00e8re mais\u00a0moins que la quatri\u00e8me g\u00e9n\u00e9ration, malgr\u00e9 des coloris clairs selon les versions, le mobilier rassure. Les rangements sont assez nombreux et de formes carr\u00e9s, donc pratiques. L'espace offert aux passagers arri\u00e8res, \u00e0 l'image du coffre, est plus g\u00e9n\u00e9reux. Sur ce point, la Volkswagen Golf 5 d'occasion se situe en t\u00eate du segment. L'avant n'est pas en reste. Quatre adultes pourront voyager dans de bonnes conditions, sans devoir s'accrocher aux poign\u00e9es pour contrer le roulis. Autre source de satisfaction, l'effet de \"pompage\" des mod\u00e8les pr\u00e9c\u00e9dents a disparu et les suspension se comporte mieux sur route d\u00e9grad\u00e9e. Bref le confort est d\u00e9sormais de bon niveau. Seule r\u00e9serve, l'insonorisation de la Golf 5 aurait m\u00e9rit\u00e9 plus de soin, surtout avec les moteurs diesels. L'\u00e9quipement des versions de base, en particuliersur les premiers mill\u00e9simes, est assez pauvre. La dotation ne devient vraiment int\u00e9ressante qu'\u00e0 partir de la finition confort. Enfin, les variantes sportives GTI et R32 poss\u00e8dent, elles presque tout ce qu'une berline compacte peut proposer.<\/p>\n<h2>Qualit\u00e9 et fiabilit\u00e9 de la Volkswagen Golf 5 d'occasion<\/h2>\n<p>Si les mat\u00e9riaux utilis\u00e9s \u00e0 bord sont moins flatteurs que dans la <span style=\"text-decoration: underline;\"><a href=\"http:\/\/www.carideal.com\/blog\/2013\/08\/17\/acheter-une-volkswagen-golf-vi-doccasion\/\">Volkswagen Golf 4<\/a><\/span>, le niveau reste correcte et l'assemblage est soign\u00e9. Au chapitre pannes, on rel\u00e8ve jusqu'\u00e0 l'\u00e9t\u00e9 2004, un risque d'allumage inopin\u00e9 des t\u00e9moins moteur, d'ESP, et jusqu'en octobre, du voyant d'airbag, des d\u00e9faillances de l\u00e8ve-vitres \u00e9lectriques jusqu'en 2004, une possible condensation interne sur les optiques avant et les feux arri\u00e8res jusqu'en juillet 2004. A noter, cot\u00e9 mecanique, des \u00e0-coups sur les FSI, un fonctionnement tr\u00e8s perturb\u00e9 ainsi qu'une d\u00e9faillance \u00e9ventuelle du Turbo sur quelques TDI jusqu'en 2004. Sur les TDI 140 jusqu'en Ao\u00fbt 2005, la culasse peut se fissurer au niveau d'un point de serrage. Jusqu'en janvier 2004, les TDI 105 et 140 donnent parfois l'impression que le moteur tourne sur trois cylindres (ralenti irr\u00e9gulier et \u00e0-coups \u00e0 bas r\u00e9gime). La commande de marche arri\u00e8re est suceptible de se durcir sur les TDI 105 jusqu'en juin 2004. A signaler enfin, des soucis d'assistance de direction jusqu'en f\u00e9vrier 2004 apr\u00e8s mise en route, avec allumage du t\u00e9moin et, sur quelques voitures jusqu'en Mars 2004, une usure pr\u00e9matur\u00e9e des pneus, due \u00e0 un mauvais r\u00e9glage des trains en usine. La Volkswagen Golf 5\u00a0est sortie en Novembre 2003, et il y en a 146600 en circulation. Ses dimensions : 4.2x1.76x1.48<\/p>\n","protected":false},"excerpt":{"rendered":"<p>Bien acheter sa Volkswagen Golf 5\u00a0occasion La conduite d&rsquo;une Volkswagen Golf 5 occasion L&rsquo;orsqu&rsquo;on monte \u00e0 bord d&rsquo;une Volkswagen Golf 5 occasion, il n&rsquo;y a pas de surprise, la rigueur germanique est bien au rendez vous. Rien \u00e0 redire en ce qui concerne la position de conduite, avec un si\u00e8ge et un volant r\u00e9glable en &#8230; <a title=\"Volkswagen Golf 5 occasion\" class=\"read-more\" href=\"https:\/\/www.carideal.com\/blog\/2008\/10\/24\/volkswagen-golf-v-d-occasion\/\" aria-label=\"En savoir plus sur Volkswagen Golf 5 occasion\">Lire plus<\/a><\/p>\n","protected":false},"author":3,"featured_media":0,"comment_status":"open","ping_status":"open","sticky":false,"template":"","format":"standard","meta":{"_uag_custom_page_level_css":"","_themeisle_gutenberg_block_has_review":false,"footnotes":""},"categories":[21,5944,5985,6025,5974],"tags":[407],"class_list":["post-4702","post","type-post","status-publish","format-standard","hentry","category-actualites-auto","category-constructeur","category-volkswagen","category-occasion-type-de-vehicule-type-de-vehicule","category-type-de-vehicule","tag-tdi"],"wppr_data":[],"yoast_head":"<!-- This site is optimized with the Yoast SEO plugin v24.8.1 - https:\/\/yoast.com\/wordpress\/plugins\/seo\/ -->\n<title>Volkswagen Golf 5 occasion - Blog auto Carid\u00e9al<\/title>\n<meta name=\"description\" content=\"L&#039;orsqu&#039;on monte \u00e0 bord d&#039;une Volkswagen Golf 5 occasion, il n&#039;y a pas de surprise, la rigueur germanique est bien au rendez vous\" \/>\n<meta name=\"robots\" content=\"index, follow, max-snippet:-1, max-image-preview:large, max-video-preview:-1\" \/>\n<link rel=\"canonical\" href=\"https:\/\/www.carideal.com\/blog\/2008\/10\/24\/volkswagen-golf-v-d-occasion\/\" \/>\n<meta property=\"og:locale\" content=\"fr_FR\" \/>\n<meta property=\"og:type\" content=\"article\" \/>\n<meta property=\"og:title\" content=\"Volkswagen Golf 5 occasion - Blog auto Carid\u00e9al\" \/>\n<meta property=\"og:description\" content=\"L&#039;orsqu&#039;on monte \u00e0 bord d&#039;une Volkswagen Golf 5 occasion, il n&#039;y a pas de surprise, la rigueur germanique est bien au rendez vous\" \/>\n<meta property=\"og:url\" content=\"https:\/\/www.carideal.com\/blog\/2008\/10\/24\/volkswagen-golf-v-d-occasion\/\" \/>\n<meta property=\"og:site_name\" content=\"Blog auto Carid\u00e9al\" \/>\n<meta property=\"article:publisher\" content=\"https:\/\/www.facebook.com\/Carideal.mandataire.automobile\" \/>\n<meta property=\"article:author\" content=\"https:\/\/www.facebook.com\/nicolas.schiavon.39\" \/>\n<meta property=\"article:published_time\" content=\"2008-10-24T22:00:00+00:00\" \/>\n<meta property=\"article:modified_time\" content=\"2016-04-21T17:02:56+00:00\" \/>\n<meta property=\"og:image\" content=\"http:\/\/www.carideal.com\/images_actualite\/volkswagengolfvgticarideal-1224944467.jpg\" \/>\n<meta name=\"author\" content=\"Nicolas SCHIAVON\" \/>\n<meta name=\"twitter:card\" content=\"summary_large_image\" \/>\n<meta name=\"twitter:creator\" content=\"@caridealauto\" \/>\n<meta name=\"twitter:site\" content=\"@caridealauto\" \/>\n<meta name=\"twitter:label1\" content=\"\u00c9crit par\" \/>\n\t<meta name=\"twitter:data1\" content=\"Nicolas SCHIAVON\" \/>\n\t<meta name=\"twitter:label2\" content=\"Dur\u00e9e de lecture estim\u00e9e\" \/>\n\t<meta name=\"twitter:data2\" content=\"4 minutes\" \/>\n<script type=\"application\/ld+json\" class=\"yoast-schema-graph\">{\"@context\":\"https:\/\/schema.org\",\"@graph\":[{\"@type\":\"Article\",\"@id\":\"https:\/\/www.carideal.com\/blog\/2008\/10\/24\/volkswagen-golf-v-d-occasion\/#article\",\"isPartOf\":{\"@id\":\"https:\/\/www.carideal.com\/blog\/2008\/10\/24\/volkswagen-golf-v-d-occasion\/\"},\"author\":{\"name\":\"Nicolas SCHIAVON\",\"@id\":\"https:\/\/www.carideal.com\/blog\/#\/schema\/person\/cd95dc7919660de90d31b366f85be1ec\"},\"headline\":\"Volkswagen Golf 5 occasion\",\"datePublished\":\"2008-10-24T22:00:00+00:00\",\"dateModified\":\"2016-04-21T17:02:56+00:00\",\"mainEntityOfPage\":{\"@id\":\"https:\/\/www.carideal.com\/blog\/2008\/10\/24\/volkswagen-golf-v-d-occasion\/\"},\"wordCount\":766,\"commentCount\":0,\"publisher\":{\"@id\":\"https:\/\/www.carideal.com\/blog\/#organization\"},\"image\":{\"@id\":\"https:\/\/www.carideal.com\/blog\/2008\/10\/24\/volkswagen-golf-v-d-occasion\/#primaryimage\"},\"thumbnailUrl\":\"http:\/\/www.carideal.com\/images_actualite\/volkswagengolfvgticarideal-1224944467.jpg\",\"keywords\":[\"TDI\"],\"articleSection\":[\"Actualit\u00e9 automobile\",\"Actualit\u00e9 Constructeur automobile\",\"Actualit\u00e9 Volkswagen\",\"Essai Voiture Occasion\",\"Type de v\u00e9hicule\"],\"inLanguage\":\"fr-FR\",\"potentialAction\":[{\"@type\":\"CommentAction\",\"name\":\"Comment\",\"target\":[\"https:\/\/www.carideal.com\/blog\/2008\/10\/24\/volkswagen-golf-v-d-occasion\/#respond\"]}]},{\"@type\":\"WebPage\",\"@id\":\"https:\/\/www.carideal.com\/blog\/2008\/10\/24\/volkswagen-golf-v-d-occasion\/\",\"url\":\"https:\/\/www.carideal.com\/blog\/2008\/10\/24\/volkswagen-golf-v-d-occasion\/\",\"name\":\"Volkswagen Golf 5 occasion - Blog auto Carid\u00e9al\",\"isPartOf\":{\"@id\":\"https:\/\/www.carideal.com\/blog\/#website\"},\"primaryImageOfPage\":{\"@id\":\"https:\/\/www.carideal.com\/blog\/2008\/10\/24\/volkswagen-golf-v-d-occasion\/#primaryimage\"},\"image\":{\"@id\":\"https:\/\/www.carideal.com\/blog\/2008\/10\/24\/volkswagen-golf-v-d-occasion\/#primaryimage\"},\"thumbnailUrl\":\"http:\/\/www.carideal.com\/images_actualite\/volkswagengolfvgticarideal-1224944467.jpg\",\"datePublished\":\"2008-10-24T22:00:00+00:00\",\"dateModified\":\"2016-04-21T17:02:56+00:00\",\"description\":\"L'orsqu'on monte \u00e0 bord d'une Volkswagen Golf 5 occasion, il n'y a pas de surprise, la rigueur germanique est bien au rendez vous\",\"breadcrumb\":{\"@id\":\"https:\/\/www.carideal.com\/blog\/2008\/10\/24\/volkswagen-golf-v-d-occasion\/#breadcrumb\"},\"inLanguage\":\"fr-FR\",\"potentialAction\":[{\"@type\":\"ReadAction\",\"target\":[\"https:\/\/www.carideal.com\/blog\/2008\/10\/24\/volkswagen-golf-v-d-occasion\/\"]}]},{\"@type\":\"ImageObject\",\"inLanguage\":\"fr-FR\",\"@id\":\"https:\/\/www.carideal.com\/blog\/2008\/10\/24\/volkswagen-golf-v-d-occasion\/#primaryimage\",\"url\":\"http:\/\/www.carideal.com\/images_actualite\/volkswagengolfvgticarideal-1224944467.jpg\",\"contentUrl\":\"http:\/\/www.carideal.com\/images_actualite\/volkswagengolfvgticarideal-1224944467.jpg\"},{\"@type\":\"BreadcrumbList\",\"@id\":\"https:\/\/www.carideal.com\/blog\/2008\/10\/24\/volkswagen-golf-v-d-occasion\/#breadcrumb\",\"itemListElement\":[{\"@type\":\"ListItem\",\"position\":1,\"name\":\"Blog Carid\u00e9al\",\"item\":\"https:\/\/www.carideal.com\/blog\/\"},{\"@type\":\"ListItem\",\"position\":2,\"name\":\"Actualit\u00e9 automobile\",\"item\":\"https:\/\/www.carideal.com\/blog\/actualites-auto\/\"},{\"@type\":\"ListItem\",\"position\":3,\"name\":\"Volkswagen Golf 5 occasion\"}]},{\"@type\":\"WebSite\",\"@id\":\"https:\/\/www.carideal.com\/blog\/#website\",\"url\":\"https:\/\/www.carideal.com\/blog\/\",\"name\":\"Blog auto Carid\u00e9al\",\"description\":\"Actualit\u00e9 auto par des passionn\u00e9s\",\"publisher\":{\"@id\":\"https:\/\/www.carideal.com\/blog\/#organization\"},\"potentialAction\":[{\"@type\":\"SearchAction\",\"target\":{\"@type\":\"EntryPoint\",\"urlTemplate\":\"https:\/\/www.carideal.com\/blog\/?s={search_term_string}\"},\"query-input\":{\"@type\":\"PropertyValueSpecification\",\"valueRequired\":true,\"valueName\":\"search_term_string\"}}],\"inLanguage\":\"fr-FR\"},{\"@type\":\"Organization\",\"@id\":\"https:\/\/www.carideal.com\/blog\/#organization\",\"name\":\"Carideal\",\"url\":\"https:\/\/www.carideal.com\/blog\/\",\"logo\":{\"@type\":\"ImageObject\",\"inLanguage\":\"fr-FR\",\"@id\":\"https:\/\/www.carideal.com\/blog\/#\/schema\/logo\/image\/\",\"url\":\"http:\/\/www.carideal.com\/blog\/wp-content\/uploads\/2016\/03\/logo-carideal-mandataire-automobile.png\",\"contentUrl\":\"http:\/\/www.carideal.com\/blog\/wp-content\/uploads\/2016\/03\/logo-carideal-mandataire-automobile.png\",\"width\":300,\"height\":300,\"caption\":\"Carideal\"},\"image\":{\"@id\":\"https:\/\/www.carideal.com\/blog\/#\/schema\/logo\/image\/\"},\"sameAs\":[\"https:\/\/www.facebook.com\/Carideal.mandataire.automobile\",\"https:\/\/x.com\/caridealauto\",\"https:\/\/www.instagram.com\/carideal1\/\",\"https:\/\/www.linkedin.com\/company\/carideal.com\",\"https:\/\/fr.pinterest.com\/schiavonsas\/\",\"https:\/\/www.youtube.com\/user\/caridealsas\"]},{\"@type\":\"Person\",\"@id\":\"https:\/\/www.carideal.com\/blog\/#\/schema\/person\/cd95dc7919660de90d31b366f85be1ec\",\"name\":\"Nicolas SCHIAVON\",\"image\":{\"@type\":\"ImageObject\",\"inLanguage\":\"fr-FR\",\"@id\":\"https:\/\/www.carideal.com\/blog\/#\/schema\/person\/image\/\",\"url\":\"https:\/\/secure.gravatar.com\/avatar\/c17e55009e671d92cc7f5dc837dc418a?s=96&r=g\",\"contentUrl\":\"https:\/\/secure.gravatar.com\/avatar\/c17e55009e671d92cc7f5dc837dc418a?s=96&r=g\",\"caption\":\"Nicolas SCHIAVON\"},\"description\":\"Nicolas Schiavon est tomb\u00e9 tout petit dans la marmite automobile. Ayant eu un garage de marque automobile, mandataire automobile de la premi\u00e8re heure d\u00e8s 1999. Nicolas a cr\u00e9\u00e9 ces premiers sites de vente de voiture et blog automobile d\u00e8s 1994. Carideal est n\u00e9 le 15 d\u00e9cembre 2000 de la volont\u00e9 de vendre des voitures d'occasions en ligne puis des voitures neuves. Il a pu essayer beaucoup de voitures tr\u00e8s diff\u00e9rentes et ayant eu personnellement quelques belles autos, Subaru Impreza, Mitsubishi Lancer Evo 7, Porsche 911, Ferrari Testarrossa, Audi RS3, RS4 et j'en passe...\",\"sameAs\":[\"http:\/\/www.carideal.com\",\"https:\/\/www.facebook.com\/nicolas.schiavon.39\",\"https:\/\/www.instagram.com\/carideal1\/\",\"https:\/\/www.linkedin.com\/in\/nschiavon\/\",\"https:\/\/x.com\/caridealauto\",\"https:\/\/www.youtube.com\/user\/caridealsas\/\"],\"url\":\"https:\/\/www.carideal.com\/blog\/author\/nschiavon\/\"}]}<\/script>\n<!-- \/ Yoast SEO plugin. -->","yoast_head_json":{"title":"Volkswagen Golf 5 occasion - Blog auto Carid\u00e9al","description":"L'orsqu'on monte \u00e0 bord d'une Volkswagen Golf 5 occasion, il n'y a pas de surprise, la rigueur germanique est bien au rendez vous","robots":{"index":"index","follow":"follow","max-snippet":"max-snippet:-1","max-image-preview":"max-image-preview:large","max-video-preview":"max-video-preview:-1"},"canonical":"https:\/\/www.carideal.com\/blog\/2008\/10\/24\/volkswagen-golf-v-d-occasion\/","og_locale":"fr_FR","og_type":"article","og_title":"Volkswagen Golf 5 occasion - Blog auto Carid\u00e9al","og_description":"L'orsqu'on monte \u00e0 bord d'une Volkswagen Golf 5 occasion, il n'y a pas de surprise, la rigueur germanique est bien au rendez vous","og_url":"https:\/\/www.carideal.com\/blog\/2008\/10\/24\/volkswagen-golf-v-d-occasion\/","og_site_name":"Blog auto Carid\u00e9al","article_publisher":"https:\/\/www.facebook.com\/Carideal.mandataire.automobile","article_author":"https:\/\/www.facebook.com\/nicolas.schiavon.39","article_published_time":"2008-10-24T22:00:00+00:00","article_modified_time":"2016-04-21T17:02:56+00:00","og_image":[{"url":"http:\/\/www.carideal.com\/images_actualite\/volkswagengolfvgticarideal-1224944467.jpg","type":"","width":"","height":""}],"author":"Nicolas SCHIAVON","twitter_card":"summary_large_image","twitter_creator":"@caridealauto","twitter_site":"@caridealauto","twitter_misc":{"\u00c9crit par":"Nicolas SCHIAVON","Dur\u00e9e de lecture estim\u00e9e":"4 minutes"},"schema":{"@context":"https:\/\/schema.org","@graph":[{"@type":"Article","@id":"https:\/\/www.carideal.com\/blog\/2008\/10\/24\/volkswagen-golf-v-d-occasion\/#article","isPartOf":{"@id":"https:\/\/www.carideal.com\/blog\/2008\/10\/24\/volkswagen-golf-v-d-occasion\/"},"author":{"name":"Nicolas SCHIAVON","@id":"https:\/\/www.carideal.com\/blog\/#\/schema\/person\/cd95dc7919660de90d31b366f85be1ec"},"headline":"Volkswagen Golf 5 occasion","datePublished":"2008-10-24T22:00:00+00:00","dateModified":"2016-04-21T17:02:56+00:00","mainEntityOfPage":{"@id":"https:\/\/www.carideal.com\/blog\/2008\/10\/24\/volkswagen-golf-v-d-occasion\/"},"wordCount":766,"commentCount":0,"publisher":{"@id":"https:\/\/www.carideal.com\/blog\/#organization"},"image":{"@id":"https:\/\/www.carideal.com\/blog\/2008\/10\/24\/volkswagen-golf-v-d-occasion\/#primaryimage"},"thumbnailUrl":"http:\/\/www.carideal.com\/images_actualite\/volkswagengolfvgticarideal-1224944467.jpg","keywords":["TDI"],"articleSection":["Actualit\u00e9 automobile","Actualit\u00e9 Constructeur automobile","Actualit\u00e9 Volkswagen","Essai Voiture Occasion","Type de v\u00e9hicule"],"inLanguage":"fr-FR","potentialAction":[{"@type":"CommentAction","name":"Comment","target":["https:\/\/www.carideal.com\/blog\/2008\/10\/24\/volkswagen-golf-v-d-occasion\/#respond"]}]},{"@type":"WebPage","@id":"https:\/\/www.carideal.com\/blog\/2008\/10\/24\/volkswagen-golf-v-d-occasion\/","url":"https:\/\/www.carideal.com\/blog\/2008\/10\/24\/volkswagen-golf-v-d-occasion\/","name":"Volkswagen Golf 5 occasion - Blog auto Carid\u00e9al","isPartOf":{"@id":"https:\/\/www.carideal.com\/blog\/#website"},"primaryImageOfPage":{"@id":"https:\/\/www.carideal.com\/blog\/2008\/10\/24\/volkswagen-golf-v-d-occasion\/#primaryimage"},"image":{"@id":"https:\/\/www.carideal.com\/blog\/2008\/10\/24\/volkswagen-golf-v-d-occasion\/#primaryimage"},"thumbnailUrl":"http:\/\/www.carideal.com\/images_actualite\/volkswagengolfvgticarideal-1224944467.jpg","datePublished":"2008-10-24T22:00:00+00:00","dateModified":"2016-04-21T17:02:56+00:00","description":"L'orsqu'on monte \u00e0 bord d'une Volkswagen Golf 5 occasion, il n'y a pas de surprise, la rigueur germanique est bien au rendez vous","breadcrumb":{"@id":"https:\/\/www.carideal.com\/blog\/2008\/10\/24\/volkswagen-golf-v-d-occasion\/#breadcrumb"},"inLanguage":"fr-FR","potentialAction":[{"@type":"ReadAction","target":["https:\/\/www.carideal.com\/blog\/2008\/10\/24\/volkswagen-golf-v-d-occasion\/"]}]},{"@type":"ImageObject","inLanguage":"fr-FR","@id":"https:\/\/www.carideal.com\/blog\/2008\/10\/24\/volkswagen-golf-v-d-occasion\/#primaryimage","url":"http:\/\/www.carideal.com\/images_actualite\/volkswagengolfvgticarideal-1224944467.jpg","contentUrl":"http:\/\/www.carideal.com\/images_actualite\/volkswagengolfvgticarideal-1224944467.jpg"},{"@type":"BreadcrumbList","@id":"https:\/\/www.carideal.com\/blog\/2008\/10\/24\/volkswagen-golf-v-d-occasion\/#breadcrumb","itemListElement":[{"@type":"ListItem","position":1,"name":"Blog Carid\u00e9al","item":"https:\/\/www.carideal.com\/blog\/"},{"@type":"ListItem","position":2,"name":"Actualit\u00e9 automobile","item":"https:\/\/www.carideal.com\/blog\/actualites-auto\/"},{"@type":"ListItem","position":3,"name":"Volkswagen Golf 5 occasion"}]},{"@type":"WebSite","@id":"https:\/\/www.carideal.com\/blog\/#website","url":"https:\/\/www.carideal.com\/blog\/","name":"Blog auto Carid\u00e9al","description":"Actualit\u00e9 auto par des passionn\u00e9s","publisher":{"@id":"https:\/\/www.carideal.com\/blog\/#organization"},"potentialAction":[{"@type":"SearchAction","target":{"@type":"EntryPoint","urlTemplate":"https:\/\/www.carideal.com\/blog\/?s={search_term_string}"},"query-input":{"@type":"PropertyValueSpecification","valueRequired":true,"valueName":"search_term_string"}}],"inLanguage":"fr-FR"},{"@type":"Organization","@id":"https:\/\/www.carideal.com\/blog\/#organization","name":"Carideal","url":"https:\/\/www.carideal.com\/blog\/","logo":{"@type":"ImageObject","inLanguage":"fr-FR","@id":"https:\/\/www.carideal.com\/blog\/#\/schema\/logo\/image\/","url":"http:\/\/www.carideal.com\/blog\/wp-content\/uploads\/2016\/03\/logo-carideal-mandataire-automobile.png","contentUrl":"http:\/\/www.carideal.com\/blog\/wp-content\/uploads\/2016\/03\/logo-carideal-mandataire-automobile.png","width":300,"height":300,"caption":"Carideal"},"image":{"@id":"https:\/\/www.carideal.com\/blog\/#\/schema\/logo\/image\/"},"sameAs":["https:\/\/www.facebook.com\/Carideal.mandataire.automobile","https:\/\/x.com\/caridealauto","https:\/\/www.instagram.com\/carideal1\/","https:\/\/www.linkedin.com\/company\/carideal.com","https:\/\/fr.pinterest.com\/schiavonsas\/","https:\/\/www.youtube.com\/user\/caridealsas"]},{"@type":"Person","@id":"https:\/\/www.carideal.com\/blog\/#\/schema\/person\/cd95dc7919660de90d31b366f85be1ec","name":"Nicolas SCHIAVON","image":{"@type":"ImageObject","inLanguage":"fr-FR","@id":"https:\/\/www.carideal.com\/blog\/#\/schema\/person\/image\/","url":"https:\/\/secure.gravatar.com\/avatar\/c17e55009e671d92cc7f5dc837dc418a?s=96&r=g","contentUrl":"https:\/\/secure.gravatar.com\/avatar\/c17e55009e671d92cc7f5dc837dc418a?s=96&r=g","caption":"Nicolas SCHIAVON"},"description":"Nicolas Schiavon est tomb\u00e9 tout petit dans la marmite automobile. Ayant eu un garage de marque automobile, mandataire automobile de la premi\u00e8re heure d\u00e8s 1999. Nicolas a cr\u00e9\u00e9 ces premiers sites de vente de voiture et blog automobile d\u00e8s 1994. Carideal est n\u00e9 le 15 d\u00e9cembre 2000 de la volont\u00e9 de vendre des voitures d'occasions en ligne puis des voitures neuves. Il a pu essayer beaucoup de voitures tr\u00e8s diff\u00e9rentes et ayant eu personnellement quelques belles autos, Subaru Impreza, Mitsubishi Lancer Evo 7, Porsche 911, Ferrari Testarrossa, Audi RS3, RS4 et j'en passe...","sameAs":["http:\/\/www.carideal.com","https:\/\/www.facebook.com\/nicolas.schiavon.39","https:\/\/www.instagram.com\/carideal1\/","https:\/\/www.linkedin.com\/in\/nschiavon\/","https:\/\/x.com\/caridealauto","https:\/\/www.youtube.com\/user\/caridealsas\/"],"url":"https:\/\/www.carideal.com\/blog\/author\/nschiavon\/"}]}},"uagb_featured_image_src":{"full":false,"thumbnail":false,"medium":false,"medium_large":false,"large":false,"1536x1536":false,"2048x2048":false,"wppr-widget":false},"uagb_author_info":{"display_name":"Nicolas SCHIAVON","author_link":"https:\/\/www.carideal.com\/blog\/author\/nschiavon\/"},"uagb_comment_info":0,"uagb_excerpt":"Bien acheter sa Volkswagen Golf 5\u00a0occasion La conduite d'une Volkswagen Golf 5 occasion L'orsqu'on monte \u00e0 bord d'une Volkswagen Golf 5 occasion, il n'y a pas de surprise, la rigueur germanique est bien au rendez vous. Rien \u00e0 redire en ce qui concerne la position de conduite, avec un si\u00e8ge et un volant r\u00e9glable en\u2026","_links":{"self":[{"href":"https:\/\/www.carideal.com\/blog\/wp-json\/wp\/v2\/posts\/4702"}],"collection":[{"href":"https:\/\/www.carideal.com\/blog\/wp-json\/wp\/v2\/posts"}],"about":[{"href":"https:\/\/www.carideal.com\/blog\/wp-json\/wp\/v2\/types\/post"}],"author":[{"embeddable":true,"href":"https:\/\/www.carideal.com\/blog\/wp-json\/wp\/v2\/users\/3"}],"replies":[{"embeddable":true,"href":"https:\/\/www.carideal.com\/blog\/wp-json\/wp\/v2\/comments?post=4702"}],"version-history":[{"count":0,"href":"https:\/\/www.carideal.com\/blog\/wp-json\/wp\/v2\/posts\/4702\/revisions"}],"wp:attachment":[{"href":"https:\/\/www.carideal.com\/blog\/wp-json\/wp\/v2\/media?parent=4702"}],"wp:term":[{"taxonomy":"category","embeddable":true,"href":"https:\/\/www.carideal.com\/blog\/wp-json\/wp\/v2\/categories?post=4702"},{"taxonomy":"post_tag","embeddable":true,"href":"https:\/\/www.carideal.com\/blog\/wp-json\/wp\/v2\/tags?post=4702"}],"curies":[{"name":"wp","href":"https:\/\/api.w.org\/{rel}","templated":true}]}}