{"id":47,"date":"2014-05-19T10:38:00","date_gmt":"2014-05-19T10:38:00","guid":{"rendered":"http:\/\/carideal.com\/blog\/?p=47"},"modified":"2020-03-07T16:35:26","modified_gmt":"2020-03-07T15:35:26","slug":"le-range-rover-evoque","status":"publish","type":"post","link":"https:\/\/www.carideal.com\/blog\/2014\/05\/19\/le-range-rover-evoque\/","title":{"rendered":"Range Rover Evoque ses motorisations"},"content":{"rendered":"<figure style=\"width: 438px\" class=\"wp-caption alignnone\"><img loading=\"lazy\" decoding=\"async\" title=\"Range Rover Evoque 2014\" src=\"\/blog\/public\/.2014-range-rover-evoque-carideal-mandataire-automobile_m.jpg\" alt=\"Range Rover Evoque 2014\" width=\"448\" height=\"298\" \/><figcaption class=\"wp-caption-text\">Range Rover Evoque 2014<\/figcaption><\/figure>\n<h1>Range Rover Evoque : ses motorisations<\/h1>\n<p>Depuis quelques ann\u00e9es, on constate une multiplication des vitesses pour les bo\u00eetes automatiques. Le Range Rover Evoque poss\u00e8de une transmission ZF \u00e0 9 rapports.<br \/>\nL'Evoque est disponible en bloc essence 2.0 turbo de 240 ch (Si4) et en bloc diesel 2.2 turbo de 150 (TD4) ou 190 ch (SD4). Cette bo\u00eete poss\u00e8de deux modes de fonctionnement, Drive ou Sport qui satisferont son conducteur par leur intelligence de fonctionnement. Le mode manuel est tr\u00e8s r\u00e9actif gr\u00e2ce \u00e0 ses palettes au volant mais il change le rapport automatiquement si l'on s'approche du r\u00e9gime maxi.<br \/>\nCe Range Rover am\u00e9liore l'agr\u00e9ment et r\u00e9duit la consommation de 11.4 %. Malgr\u00e9 cela , le malus \u00e9conomique perdure tout de m\u00eame. Cette version propose des coloris int\u00e9rieurs in\u00e9dits, des jantes sp\u00e9cifiques et un nouveau logo Land Rover. On constate l'apparition de capteur d'angle mort, d'alerte de franchissement de ligne, de lecture de signalisation...<br \/>\nEn bref, c'est un SUV tendance qui s\u00e9duit par sa simplicit\u00e9. Retrouverez sur notre blog la\u00a0listes des Range Rover Evoque <span style=\"text-decoration: underline; color: #0000ff;\"><a href=\"http:\/\/www.carideal.com\/blog\/2012\/12\/13\/achat-range-rover-evoque-en-stock\/\">disponibles en arrivage chez le Fournisseur<\/a><\/span>.<\/p>\n","protected":false},"excerpt":{"rendered":"<p>Range Rover Evoque : ses motorisations Depuis quelques ann\u00e9es, on constate une multiplication des vitesses pour les bo\u00eetes automatiques. Le Range Rover Evoque poss\u00e8de une transmission ZF \u00e0 9 rapports. L&rsquo;Evoque est disponible en bloc essence 2.0 turbo de 240 ch (Si4) et en bloc diesel 2.2 turbo de 150 (TD4) ou 190 ch (SD4). &#8230; <a title=\"Range Rover Evoque ses motorisations\" class=\"read-more\" href=\"https:\/\/www.carideal.com\/blog\/2014\/05\/19\/le-range-rover-evoque\/\" aria-label=\"En savoir plus sur Range Rover Evoque ses motorisations\">Lire plus<\/a><\/p>\n","protected":false},"author":1,"featured_media":0,"comment_status":"closed","ping_status":"open","sticky":false,"template":"","format":"standard","meta":{"_uag_custom_page_level_css":"","_themeisle_gutenberg_block_has_review":false,"footnotes":""},"categories":[2,5944,6031,6010,5974],"tags":[],"class_list":["post-47","post","type-post","status-publish","format-standard","hentry","category-4x4-suv","category-constructeur","category-range-rover","category-suv","category-type-de-vehicule"],"wppr_data":[],"yoast_head":"<!-- This site is optimized with the Yoast SEO plugin v24.8.1 - https:\/\/yoast.com\/wordpress\/plugins\/seo\/ -->\n<title>Range Rover Evoque ses motorisations - Blog auto Carid\u00e9al<\/title>\n<meta name=\"description\" content=\"Range Rover Evoque, le descriptif de ses motorisations avec de nouveaux blocs essences et diesels et une nouvelle boite de vitesse.\" \/>\n<meta name=\"robots\" content=\"index, follow, max-snippet:-1, max-image-preview:large, max-video-preview:-1\" \/>\n<link rel=\"canonical\" href=\"https:\/\/www.carideal.com\/blog\/2014\/05\/19\/le-range-rover-evoque\/\" \/>\n<meta property=\"og:locale\" content=\"fr_FR\" \/>\n<meta property=\"og:type\" content=\"article\" \/>\n<meta property=\"og:title\" content=\"Range Rover Evoque ses motorisations - Blog auto Carid\u00e9al\" \/>\n<meta property=\"og:description\" content=\"Range Rover Evoque, le descriptif de ses motorisations avec de nouveaux blocs essences et diesels et une nouvelle boite de vitesse.\" \/>\n<meta property=\"og:url\" content=\"https:\/\/www.carideal.com\/blog\/2014\/05\/19\/le-range-rover-evoque\/\" \/>\n<meta property=\"og:site_name\" content=\"Blog auto Carid\u00e9al\" \/>\n<meta property=\"article:publisher\" content=\"https:\/\/www.facebook.com\/Carideal.mandataire.automobile\" \/>\n<meta property=\"article:author\" content=\"https:\/\/www.facebook.com\/Carideal.mandataire.automobile\/\" \/>\n<meta property=\"article:published_time\" content=\"2014-05-19T10:38:00+00:00\" \/>\n<meta property=\"article:modified_time\" content=\"2020-03-07T15:35:26+00:00\" \/>\n<meta property=\"og:image\" content=\"https:\/\/www.carideal.com\/blog\/wp-content\/uploads\/2016\/03\/logo-carideal-mandataire-automobile.png\" \/>\n\t<meta property=\"og:image:width\" content=\"300\" \/>\n\t<meta property=\"og:image:height\" content=\"300\" \/>\n\t<meta property=\"og:image:type\" content=\"image\/png\" \/>\n<meta name=\"author\" content=\"N.S Carideal\" \/>\n<meta name=\"twitter:card\" content=\"summary_large_image\" \/>\n<meta name=\"twitter:creator\" content=\"@caridealauto\" \/>\n<meta name=\"twitter:site\" content=\"@caridealauto\" \/>\n<meta name=\"twitter:label1\" content=\"\u00c9crit par\" \/>\n\t<meta name=\"twitter:data1\" content=\"N.S Carideal\" \/>\n\t<meta name=\"twitter:label2\" content=\"Dur\u00e9e de lecture estim\u00e9e\" \/>\n\t<meta name=\"twitter:data2\" content=\"1 minute\" \/>\n<script type=\"application\/ld+json\" class=\"yoast-schema-graph\">{\"@context\":\"https:\/\/schema.org\",\"@graph\":[{\"@type\":\"Article\",\"@id\":\"https:\/\/www.carideal.com\/blog\/2014\/05\/19\/le-range-rover-evoque\/#article\",\"isPartOf\":{\"@id\":\"https:\/\/www.carideal.com\/blog\/2014\/05\/19\/le-range-rover-evoque\/\"},\"author\":{\"name\":\"N.S Carideal\",\"@id\":\"https:\/\/www.carideal.com\/blog\/#\/schema\/person\/985c7e757d1042d647f21bfaf8d41ebc\"},\"headline\":\"Range Rover Evoque ses motorisations\",\"datePublished\":\"2014-05-19T10:38:00+00:00\",\"dateModified\":\"2020-03-07T15:35:26+00:00\",\"mainEntityOfPage\":{\"@id\":\"https:\/\/www.carideal.com\/blog\/2014\/05\/19\/le-range-rover-evoque\/\"},\"wordCount\":198,\"publisher\":{\"@id\":\"https:\/\/www.carideal.com\/blog\/#organization\"},\"articleSection\":[\"4X4 Actualit\u00e9\",\"Actualit\u00e9 Constructeur automobile\",\"Actualit\u00e9 Range Rover\",\"SUV\",\"Type de v\u00e9hicule\"],\"inLanguage\":\"fr-FR\"},{\"@type\":\"WebPage\",\"@id\":\"https:\/\/www.carideal.com\/blog\/2014\/05\/19\/le-range-rover-evoque\/\",\"url\":\"https:\/\/www.carideal.com\/blog\/2014\/05\/19\/le-range-rover-evoque\/\",\"name\":\"Range Rover Evoque ses motorisations - Blog auto Carid\u00e9al\",\"isPartOf\":{\"@id\":\"https:\/\/www.carideal.com\/blog\/#website\"},\"datePublished\":\"2014-05-19T10:38:00+00:00\",\"dateModified\":\"2020-03-07T15:35:26+00:00\",\"description\":\"Range Rover Evoque, le descriptif de ses motorisations avec de nouveaux blocs essences et diesels et une nouvelle boite de vitesse.\",\"breadcrumb\":{\"@id\":\"https:\/\/www.carideal.com\/blog\/2014\/05\/19\/le-range-rover-evoque\/#breadcrumb\"},\"inLanguage\":\"fr-FR\",\"potentialAction\":[{\"@type\":\"ReadAction\",\"target\":[\"https:\/\/www.carideal.com\/blog\/2014\/05\/19\/le-range-rover-evoque\/\"]}]},{\"@type\":\"BreadcrumbList\",\"@id\":\"https:\/\/www.carideal.com\/blog\/2014\/05\/19\/le-range-rover-evoque\/#breadcrumb\",\"itemListElement\":[{\"@type\":\"ListItem\",\"position\":1,\"name\":\"Blog Carid\u00e9al\",\"item\":\"https:\/\/www.carideal.com\/blog\/\"},{\"@type\":\"ListItem\",\"position\":2,\"name\":\"Type de v\u00e9hicule\",\"item\":\"https:\/\/www.carideal.com\/blog\/type-de-vehicule\/\"},{\"@type\":\"ListItem\",\"position\":3,\"name\":\"4X4 Actualit\u00e9\",\"item\":\"https:\/\/www.carideal.com\/blog\/type-de-vehicule\/4x4-suv\/\"},{\"@type\":\"ListItem\",\"position\":4,\"name\":\"Range Rover Evoque ses motorisations\"}]},{\"@type\":\"WebSite\",\"@id\":\"https:\/\/www.carideal.com\/blog\/#website\",\"url\":\"https:\/\/www.carideal.com\/blog\/\",\"name\":\"Blog auto Carid\u00e9al\",\"description\":\"Actualit\u00e9 auto par des passionn\u00e9s\",\"publisher\":{\"@id\":\"https:\/\/www.carideal.com\/blog\/#organization\"},\"potentialAction\":[{\"@type\":\"SearchAction\",\"target\":{\"@type\":\"EntryPoint\",\"urlTemplate\":\"https:\/\/www.carideal.com\/blog\/?s={search_term_string}\"},\"query-input\":{\"@type\":\"PropertyValueSpecification\",\"valueRequired\":true,\"valueName\":\"search_term_string\"}}],\"inLanguage\":\"fr-FR\"},{\"@type\":\"Organization\",\"@id\":\"https:\/\/www.carideal.com\/blog\/#organization\",\"name\":\"Carideal\",\"url\":\"https:\/\/www.carideal.com\/blog\/\",\"logo\":{\"@type\":\"ImageObject\",\"inLanguage\":\"fr-FR\",\"@id\":\"https:\/\/www.carideal.com\/blog\/#\/schema\/logo\/image\/\",\"url\":\"http:\/\/www.carideal.com\/blog\/wp-content\/uploads\/2016\/03\/logo-carideal-mandataire-automobile.png\",\"contentUrl\":\"http:\/\/www.carideal.com\/blog\/wp-content\/uploads\/2016\/03\/logo-carideal-mandataire-automobile.png\",\"width\":300,\"height\":300,\"caption\":\"Carideal\"},\"image\":{\"@id\":\"https:\/\/www.carideal.com\/blog\/#\/schema\/logo\/image\/\"},\"sameAs\":[\"https:\/\/www.facebook.com\/Carideal.mandataire.automobile\",\"https:\/\/x.com\/caridealauto\",\"https:\/\/www.instagram.com\/carideal1\/\",\"https:\/\/www.linkedin.com\/company\/carideal.com\",\"https:\/\/fr.pinterest.com\/schiavonsas\/\",\"https:\/\/www.youtube.com\/user\/caridealsas\"]},{\"@type\":\"Person\",\"@id\":\"https:\/\/www.carideal.com\/blog\/#\/schema\/person\/985c7e757d1042d647f21bfaf8d41ebc\",\"name\":\"N.S Carideal\",\"image\":{\"@type\":\"ImageObject\",\"inLanguage\":\"fr-FR\",\"@id\":\"https:\/\/www.carideal.com\/blog\/#\/schema\/person\/image\/\",\"url\":\"https:\/\/secure.gravatar.com\/avatar\/edb7ccdf1a4e3d14aef967760d354d0e?s=96&r=g\",\"contentUrl\":\"https:\/\/secure.gravatar.com\/avatar\/edb7ccdf1a4e3d14aef967760d354d0e?s=96&r=g\",\"caption\":\"N.S Carideal\"},\"description\":\"Depuis tout petit fan d'automobile. Il est question d'essayer et de comparer toutes ces voitures qui nous ont fait r\u00e9ver, avant que celles-ci ne devient uniquement des voitures de collection.\",\"sameAs\":[\"http:\/\/www.carideal.com\/blog\",\"https:\/\/www.facebook.com\/Carideal.mandataire.automobile\/\",\"https:\/\/www.linkedin.com\/in\/nschiavon\/\",\"https:\/\/www.youtube.com\/user\/caridealsas\/\"],\"url\":\"https:\/\/www.carideal.com\/blog\/author\/admin_carideal\/\"}]}<\/script>\n<!-- \/ Yoast SEO plugin. -->","yoast_head_json":{"title":"Range Rover Evoque ses motorisations - Blog auto Carid\u00e9al","description":"Range Rover Evoque, le descriptif de ses motorisations avec de nouveaux blocs essences et diesels et une nouvelle boite de vitesse.","robots":{"index":"index","follow":"follow","max-snippet":"max-snippet:-1","max-image-preview":"max-image-preview:large","max-video-preview":"max-video-preview:-1"},"canonical":"https:\/\/www.carideal.com\/blog\/2014\/05\/19\/le-range-rover-evoque\/","og_locale":"fr_FR","og_type":"article","og_title":"Range Rover Evoque ses motorisations - Blog auto Carid\u00e9al","og_description":"Range Rover Evoque, le descriptif de ses motorisations avec de nouveaux blocs essences et diesels et une nouvelle boite de vitesse.","og_url":"https:\/\/www.carideal.com\/blog\/2014\/05\/19\/le-range-rover-evoque\/","og_site_name":"Blog auto Carid\u00e9al","article_publisher":"https:\/\/www.facebook.com\/Carideal.mandataire.automobile","article_author":"https:\/\/www.facebook.com\/Carideal.mandataire.automobile\/","article_published_time":"2014-05-19T10:38:00+00:00","article_modified_time":"2020-03-07T15:35:26+00:00","og_image":[{"width":300,"height":300,"url":"https:\/\/www.carideal.com\/blog\/wp-content\/uploads\/2016\/03\/logo-carideal-mandataire-automobile.png","type":"image\/png"}],"author":"N.S Carideal","twitter_card":"summary_large_image","twitter_creator":"@caridealauto","twitter_site":"@caridealauto","twitter_misc":{"\u00c9crit par":"N.S Carideal","Dur\u00e9e de lecture estim\u00e9e":"1 minute"},"schema":{"@context":"https:\/\/schema.org","@graph":[{"@type":"Article","@id":"https:\/\/www.carideal.com\/blog\/2014\/05\/19\/le-range-rover-evoque\/#article","isPartOf":{"@id":"https:\/\/www.carideal.com\/blog\/2014\/05\/19\/le-range-rover-evoque\/"},"author":{"name":"N.S Carideal","@id":"https:\/\/www.carideal.com\/blog\/#\/schema\/person\/985c7e757d1042d647f21bfaf8d41ebc"},"headline":"Range Rover Evoque ses motorisations","datePublished":"2014-05-19T10:38:00+00:00","dateModified":"2020-03-07T15:35:26+00:00","mainEntityOfPage":{"@id":"https:\/\/www.carideal.com\/blog\/2014\/05\/19\/le-range-rover-evoque\/"},"wordCount":198,"publisher":{"@id":"https:\/\/www.carideal.com\/blog\/#organization"},"articleSection":["4X4 Actualit\u00e9","Actualit\u00e9 Constructeur automobile","Actualit\u00e9 Range Rover","SUV","Type de v\u00e9hicule"],"inLanguage":"fr-FR"},{"@type":"WebPage","@id":"https:\/\/www.carideal.com\/blog\/2014\/05\/19\/le-range-rover-evoque\/","url":"https:\/\/www.carideal.com\/blog\/2014\/05\/19\/le-range-rover-evoque\/","name":"Range Rover Evoque ses motorisations - Blog auto Carid\u00e9al","isPartOf":{"@id":"https:\/\/www.carideal.com\/blog\/#website"},"datePublished":"2014-05-19T10:38:00+00:00","dateModified":"2020-03-07T15:35:26+00:00","description":"Range Rover Evoque, le descriptif de ses motorisations avec de nouveaux blocs essences et diesels et une nouvelle boite de vitesse.","breadcrumb":{"@id":"https:\/\/www.carideal.com\/blog\/2014\/05\/19\/le-range-rover-evoque\/#breadcrumb"},"inLanguage":"fr-FR","potentialAction":[{"@type":"ReadAction","target":["https:\/\/www.carideal.com\/blog\/2014\/05\/19\/le-range-rover-evoque\/"]}]},{"@type":"BreadcrumbList","@id":"https:\/\/www.carideal.com\/blog\/2014\/05\/19\/le-range-rover-evoque\/#breadcrumb","itemListElement":[{"@type":"ListItem","position":1,"name":"Blog Carid\u00e9al","item":"https:\/\/www.carideal.com\/blog\/"},{"@type":"ListItem","position":2,"name":"Type de v\u00e9hicule","item":"https:\/\/www.carideal.com\/blog\/type-de-vehicule\/"},{"@type":"ListItem","position":3,"name":"4X4 Actualit\u00e9","item":"https:\/\/www.carideal.com\/blog\/type-de-vehicule\/4x4-suv\/"},{"@type":"ListItem","position":4,"name":"Range Rover Evoque ses motorisations"}]},{"@type":"WebSite","@id":"https:\/\/www.carideal.com\/blog\/#website","url":"https:\/\/www.carideal.com\/blog\/","name":"Blog auto Carid\u00e9al","description":"Actualit\u00e9 auto par des passionn\u00e9s","publisher":{"@id":"https:\/\/www.carideal.com\/blog\/#organization"},"potentialAction":[{"@type":"SearchAction","target":{"@type":"EntryPoint","urlTemplate":"https:\/\/www.carideal.com\/blog\/?s={search_term_string}"},"query-input":{"@type":"PropertyValueSpecification","valueRequired":true,"valueName":"search_term_string"}}],"inLanguage":"fr-FR"},{"@type":"Organization","@id":"https:\/\/www.carideal.com\/blog\/#organization","name":"Carideal","url":"https:\/\/www.carideal.com\/blog\/","logo":{"@type":"ImageObject","inLanguage":"fr-FR","@id":"https:\/\/www.carideal.com\/blog\/#\/schema\/logo\/image\/","url":"http:\/\/www.carideal.com\/blog\/wp-content\/uploads\/2016\/03\/logo-carideal-mandataire-automobile.png","contentUrl":"http:\/\/www.carideal.com\/blog\/wp-content\/uploads\/2016\/03\/logo-carideal-mandataire-automobile.png","width":300,"height":300,"caption":"Carideal"},"image":{"@id":"https:\/\/www.carideal.com\/blog\/#\/schema\/logo\/image\/"},"sameAs":["https:\/\/www.facebook.com\/Carideal.mandataire.automobile","https:\/\/x.com\/caridealauto","https:\/\/www.instagram.com\/carideal1\/","https:\/\/www.linkedin.com\/company\/carideal.com","https:\/\/fr.pinterest.com\/schiavonsas\/","https:\/\/www.youtube.com\/user\/caridealsas"]},{"@type":"Person","@id":"https:\/\/www.carideal.com\/blog\/#\/schema\/person\/985c7e757d1042d647f21bfaf8d41ebc","name":"N.S Carideal","image":{"@type":"ImageObject","inLanguage":"fr-FR","@id":"https:\/\/www.carideal.com\/blog\/#\/schema\/person\/image\/","url":"https:\/\/secure.gravatar.com\/avatar\/edb7ccdf1a4e3d14aef967760d354d0e?s=96&r=g","contentUrl":"https:\/\/secure.gravatar.com\/avatar\/edb7ccdf1a4e3d14aef967760d354d0e?s=96&r=g","caption":"N.S Carideal"},"description":"Depuis tout petit fan d'automobile. Il est question d'essayer et de comparer toutes ces voitures qui nous ont fait r\u00e9ver, avant que celles-ci ne devient uniquement des voitures de collection.","sameAs":["http:\/\/www.carideal.com\/blog","https:\/\/www.facebook.com\/Carideal.mandataire.automobile\/","https:\/\/www.linkedin.com\/in\/nschiavon\/","https:\/\/www.youtube.com\/user\/caridealsas\/"],"url":"https:\/\/www.carideal.com\/blog\/author\/admin_carideal\/"}]}},"uagb_featured_image_src":{"full":false,"thumbnail":false,"medium":false,"medium_large":false,"large":false,"1536x1536":false,"2048x2048":false,"wppr-widget":false},"uagb_author_info":{"display_name":"N.S Carideal","author_link":"https:\/\/www.carideal.com\/blog\/author\/admin_carideal\/"},"uagb_comment_info":0,"uagb_excerpt":"Range Rover Evoque : ses motorisations Depuis quelques ann\u00e9es, on constate une multiplication des vitesses pour les bo\u00eetes automatiques. Le Range Rover Evoque poss\u00e8de une transmission ZF \u00e0 9 rapports. L'Evoque est disponible en bloc essence 2.0 turbo de 240 ch (Si4) et en bloc diesel 2.2 turbo de 150 (TD4) ou 190 ch (SD4).\u2026","_links":{"self":[{"href":"https:\/\/www.carideal.com\/blog\/wp-json\/wp\/v2\/posts\/47"}],"collection":[{"href":"https:\/\/www.carideal.com\/blog\/wp-json\/wp\/v2\/posts"}],"about":[{"href":"https:\/\/www.carideal.com\/blog\/wp-json\/wp\/v2\/types\/post"}],"author":[{"embeddable":true,"href":"https:\/\/www.carideal.com\/blog\/wp-json\/wp\/v2\/users\/1"}],"replies":[{"embeddable":true,"href":"https:\/\/www.carideal.com\/blog\/wp-json\/wp\/v2\/comments?post=47"}],"version-history":[{"count":0,"href":"https:\/\/www.carideal.com\/blog\/wp-json\/wp\/v2\/posts\/47\/revisions"}],"wp:attachment":[{"href":"https:\/\/www.carideal.com\/blog\/wp-json\/wp\/v2\/media?parent=47"}],"wp:term":[{"taxonomy":"category","embeddable":true,"href":"https:\/\/www.carideal.com\/blog\/wp-json\/wp\/v2\/categories?post=47"},{"taxonomy":"post_tag","embeddable":true,"href":"https:\/\/www.carideal.com\/blog\/wp-json\/wp\/v2\/tags?post=47"}],"curies":[{"name":"wp","href":"https:\/\/api.w.org\/{rel}","templated":true}]}}