{"id":4699,"date":"2008-10-20T22:00:00","date_gmt":"2008-10-20T22:00:00","guid":{"rendered":"http:\/\/www.carideal.com\/blog\/2008\/10\/20\/le-marche-des-suv-en-l-etat\/"},"modified":"2019-09-23T18:39:57","modified_gmt":"2019-09-23T16:39:57","slug":"le-marche-des-suv-en-l-etat","status":"publish","type":"post","link":"https:\/\/www.carideal.com\/blog\/2008\/10\/20\/le-marche-des-suv-en-l-etat\/","title":{"rendered":"Le march\u00e9 2008 des SUV en l&rsquo;\u00e9tat"},"content":{"rendered":"<div>\n<h2>Le march\u00e9 2008 des SUV en l'\u00e9tat<\/h2>\n<\/div>\n<p>M Borloo doit \u00eatre content ! Depuis que le gouvernement a instaur\u00e9 son bonus malus taxe CO2 \u00e9rig\u00e9 en d\u00e9pit du bon sens, le <strong>march\u00e9 2008 du SUV s'est \u00e9croul\u00e9<\/strong>. En constante augmentation depuis quelques ann\u00e9es, +25.1\u00a0% en 2007, ce march\u00e9 est en recul cette ann\u00e9e de 16.7 %.<\/p>\n<figure id=\"attachment_19822\" aria-describedby=\"caption-attachment-19822\" style=\"width: 420px\" class=\"wp-caption alignnone\"><img loading=\"lazy\" decoding=\"async\" class=\"size-full wp-image-19822\" src=\"http:\/\/www.carideal.com\/blog\/wp-content\/uploads\/2008\/10\/suv-2008.jpg\" alt=\"Le march\u00e9 des SUV 2008 en l'\u00e9tat\" width=\"430\" height=\"314\" srcset=\"https:\/\/www.carideal.com\/blog\/wp-content\/uploads\/2008\/10\/suv-2008.jpg 430w, https:\/\/www.carideal.com\/blog\/wp-content\/uploads\/2008\/10\/suv-2008-300x219.jpg 300w, https:\/\/www.carideal.com\/blog\/wp-content\/uploads\/2008\/10\/suv-2008-50x37.jpg 50w, https:\/\/www.carideal.com\/blog\/wp-content\/uploads\/2008\/10\/suv-2008-110x80.jpg 110w, https:\/\/www.carideal.com\/blog\/wp-content\/uploads\/2008\/10\/suv-2008-420x307.jpg 420w\" sizes=\"(max-width: 430px) 100vw, 430px\" \/><figcaption id=\"caption-attachment-19822\" class=\"wp-caption-text\">Le march\u00e9 des SUV 2008 en l'\u00e9tat<\/figcaption><\/figure>\n<p>Normal pratiquement tout les SUV sont soumis \u00e0 la taxe CO2. Quel manque \u00e0 gagner pour l'\u00e9tat qui se passe ainsi de plus de tva collect\u00e9e ( un SUV est plus cher qu'une Peugeot 107) et aussi pour les vendeurs automobiles qui en engrangeant plus de marge paieraient plus d'imp\u00f4ts, une d\u00e9monstration de plus, que nos \u00e9narques et technocrates font n'importe quoi.<\/p>\n<ul>\n<li><a href=\"http:\/\/www.carideal.com\/blog\/2014\/05\/22\/les-suv-de-2014\/\">Meilleurs SUV \u00e0 la vente<\/a><\/li>\n<\/ul>\n<p>Quand on sait que la taxe CO2 va couter 200 millions d'euros \u00e0 l'\u00e9tat au lieu de rapporter de l'argent et qu'il n'y aura pas de compensation on peut s'en doute se passer d'un march\u00e9 en pleine croissance. Le Bonus Malus va donc privil\u00e9gier la vente de petite voiture, qui rapporte peu de TVA et peu de marge au concessionnaire. De plus l'\u00e9tat devra mettre la main \u00e0 la poche pour d\u00e9caisser le bonus.<\/p>\n<p>La baisse des ventes des SUV fera rentrer moins de TVA et qui ne sera jamais compens\u00e9 par les montants du malus.<\/p>\n<ul>\n<li><a href=\"http:\/\/www.carideal.com\/blog\/2018\/01\/07\/10-meilleurs-suv-neige\/\">Les meilleurs SUV dans la neige<\/a><\/li>\n<\/ul>\n<p>La baisse des ventes des SUV neuf devrait profiter au march\u00e9 du VO. Les acheteurs int\u00e9ress\u00e9s par un SUV neuf et intimid\u00e9s par le malus se retourneront peut-\u00eatre vers des SUV d'occasions.<\/p>\n<p>Le march\u00e9 2008 des SUV risque donc d'\u00eatre le d\u00e9but d'une modification durable du panorama du march\u00e9 des SUV en France. Au vu de ce qui se passe ailleurs en Europe et dans le Monde, il y a fort \u00e0 parier que les autres march\u00e9s europ\u00e9ens vivront la m\u00eame tendance.<\/p>\n<p>Reste donc \u00e0 se donner l'ann\u00e9e prochaine pour constater les d\u00e9g\u00e2ts du malus sur le march\u00e9 des SUV.<\/p>\n","protected":false},"excerpt":{"rendered":"<p>Le march\u00e9 2008 des SUV en l&rsquo;\u00e9tat M Borloo doit \u00eatre content ! Depuis que le gouvernement a instaur\u00e9 son bonus malus taxe CO2 \u00e9rig\u00e9 en d\u00e9pit du bon sens, le march\u00e9 2008 du SUV s&rsquo;est \u00e9croul\u00e9. En constante augmentation depuis quelques ann\u00e9es, +25.1\u00a0% en 2007, ce march\u00e9 est en recul cette ann\u00e9e de 16.7 &#8230; <a title=\"Le march\u00e9 2008 des SUV en l&rsquo;\u00e9tat\" class=\"read-more\" href=\"https:\/\/www.carideal.com\/blog\/2008\/10\/20\/le-marche-des-suv-en-l-etat\/\" aria-label=\"En savoir plus sur Le march\u00e9 2008 des SUV en l&rsquo;\u00e9tat\">Lire plus<\/a><\/p>\n","protected":false},"author":3,"featured_media":19822,"comment_status":"open","ping_status":"open","sticky":false,"template":"","format":"standard","meta":{"_uag_custom_page_level_css":"","_themeisle_gutenberg_block_has_review":false,"footnotes":""},"categories":[10],"tags":[60],"class_list":["post-4699","post","type-post","status-publish","format-standard","has-post-thumbnail","hentry","category-marche-automobile-voiture-neuve-occasion-4x4-suv","tag-co2"],"wppr_data":{"cwp_meta_box_check":"No"},"yoast_head":"<!-- This site is optimized with the Yoast SEO plugin v24.8.1 - https:\/\/yoast.com\/wordpress\/plugins\/seo\/ -->\n<title>Le march\u00e9 2008 des SUV en l&#039;\u00e9tat - Blog auto Carid\u00e9al<\/title>\n<meta name=\"description\" content=\"M Borloo doit \u00eatre content depuis l&#039;installation du Malus CO2 les ventes des SUV chutent comme la rentr\u00e9 des taxes. Un point sur le march\u00e9 2008 des SUV\" \/>\n<meta name=\"robots\" content=\"index, follow, max-snippet:-1, max-image-preview:large, max-video-preview:-1\" \/>\n<link rel=\"canonical\" href=\"https:\/\/www.carideal.com\/blog\/2008\/10\/20\/le-marche-des-suv-en-l-etat\/\" \/>\n<meta property=\"og:locale\" content=\"fr_FR\" \/>\n<meta property=\"og:type\" content=\"article\" \/>\n<meta property=\"og:title\" content=\"Le march\u00e9 2008 des SUV en l&#039;\u00e9tat - Blog auto Carid\u00e9al\" \/>\n<meta property=\"og:description\" content=\"M Borloo doit \u00eatre content depuis l&#039;installation du Malus CO2 les ventes des SUV chutent comme la rentr\u00e9 des taxes. Un point sur le march\u00e9 2008 des SUV\" \/>\n<meta property=\"og:url\" content=\"https:\/\/www.carideal.com\/blog\/2008\/10\/20\/le-marche-des-suv-en-l-etat\/\" \/>\n<meta property=\"og:site_name\" content=\"Blog auto Carid\u00e9al\" \/>\n<meta property=\"article:publisher\" content=\"https:\/\/www.facebook.com\/Carideal.mandataire.automobile\" \/>\n<meta property=\"article:author\" content=\"https:\/\/www.facebook.com\/nicolas.schiavon.39\" \/>\n<meta property=\"article:published_time\" content=\"2008-10-20T22:00:00+00:00\" \/>\n<meta property=\"article:modified_time\" content=\"2019-09-23T16:39:57+00:00\" \/>\n<meta property=\"og:image\" content=\"https:\/\/www.carideal.com\/blog\/wp-content\/uploads\/2008\/10\/suv-2008.jpg\" \/>\n\t<meta property=\"og:image:width\" content=\"430\" \/>\n\t<meta property=\"og:image:height\" content=\"314\" \/>\n\t<meta property=\"og:image:type\" content=\"image\/jpeg\" \/>\n<meta name=\"author\" content=\"Nicolas SCHIAVON\" \/>\n<meta name=\"twitter:card\" content=\"summary_large_image\" \/>\n<meta name=\"twitter:creator\" content=\"@caridealauto\" \/>\n<meta name=\"twitter:site\" content=\"@caridealauto\" \/>\n<meta name=\"twitter:label1\" content=\"\u00c9crit par\" \/>\n\t<meta name=\"twitter:data1\" content=\"Nicolas SCHIAVON\" \/>\n\t<meta name=\"twitter:label2\" content=\"Dur\u00e9e de lecture estim\u00e9e\" \/>\n\t<meta name=\"twitter:data2\" content=\"2 minutes\" \/>\n<script type=\"application\/ld+json\" class=\"yoast-schema-graph\">{\"@context\":\"https:\/\/schema.org\",\"@graph\":[{\"@type\":\"Article\",\"@id\":\"https:\/\/www.carideal.com\/blog\/2008\/10\/20\/le-marche-des-suv-en-l-etat\/#article\",\"isPartOf\":{\"@id\":\"https:\/\/www.carideal.com\/blog\/2008\/10\/20\/le-marche-des-suv-en-l-etat\/\"},\"author\":{\"name\":\"Nicolas SCHIAVON\",\"@id\":\"https:\/\/www.carideal.com\/blog\/#\/schema\/person\/cd95dc7919660de90d31b366f85be1ec\"},\"headline\":\"Le march\u00e9 2008 des SUV en l&rsquo;\u00e9tat\",\"datePublished\":\"2008-10-20T22:00:00+00:00\",\"dateModified\":\"2019-09-23T16:39:57+00:00\",\"mainEntityOfPage\":{\"@id\":\"https:\/\/www.carideal.com\/blog\/2008\/10\/20\/le-marche-des-suv-en-l-etat\/\"},\"wordCount\":352,\"commentCount\":0,\"publisher\":{\"@id\":\"https:\/\/www.carideal.com\/blog\/#organization\"},\"image\":{\"@id\":\"https:\/\/www.carideal.com\/blog\/2008\/10\/20\/le-marche-des-suv-en-l-etat\/#primaryimage\"},\"thumbnailUrl\":\"https:\/\/www.carideal.com\/blog\/wp-content\/uploads\/2008\/10\/suv-2008.jpg\",\"keywords\":[\"CO2 \u00e9mission de CO2\"],\"articleSection\":[\"March\u00e9 automobile\"],\"inLanguage\":\"fr-FR\",\"potentialAction\":[{\"@type\":\"CommentAction\",\"name\":\"Comment\",\"target\":[\"https:\/\/www.carideal.com\/blog\/2008\/10\/20\/le-marche-des-suv-en-l-etat\/#respond\"]}]},{\"@type\":\"WebPage\",\"@id\":\"https:\/\/www.carideal.com\/blog\/2008\/10\/20\/le-marche-des-suv-en-l-etat\/\",\"url\":\"https:\/\/www.carideal.com\/blog\/2008\/10\/20\/le-marche-des-suv-en-l-etat\/\",\"name\":\"Le march\u00e9 2008 des SUV en l'\u00e9tat - Blog auto Carid\u00e9al\",\"isPartOf\":{\"@id\":\"https:\/\/www.carideal.com\/blog\/#website\"},\"primaryImageOfPage\":{\"@id\":\"https:\/\/www.carideal.com\/blog\/2008\/10\/20\/le-marche-des-suv-en-l-etat\/#primaryimage\"},\"image\":{\"@id\":\"https:\/\/www.carideal.com\/blog\/2008\/10\/20\/le-marche-des-suv-en-l-etat\/#primaryimage\"},\"thumbnailUrl\":\"https:\/\/www.carideal.com\/blog\/wp-content\/uploads\/2008\/10\/suv-2008.jpg\",\"datePublished\":\"2008-10-20T22:00:00+00:00\",\"dateModified\":\"2019-09-23T16:39:57+00:00\",\"description\":\"M Borloo doit \u00eatre content depuis l'installation du Malus CO2 les ventes des SUV chutent comme la rentr\u00e9 des taxes. Un point sur le march\u00e9 2008 des SUV\",\"breadcrumb\":{\"@id\":\"https:\/\/www.carideal.com\/blog\/2008\/10\/20\/le-marche-des-suv-en-l-etat\/#breadcrumb\"},\"inLanguage\":\"fr-FR\",\"potentialAction\":[{\"@type\":\"ReadAction\",\"target\":[\"https:\/\/www.carideal.com\/blog\/2008\/10\/20\/le-marche-des-suv-en-l-etat\/\"]}]},{\"@type\":\"ImageObject\",\"inLanguage\":\"fr-FR\",\"@id\":\"https:\/\/www.carideal.com\/blog\/2008\/10\/20\/le-marche-des-suv-en-l-etat\/#primaryimage\",\"url\":\"https:\/\/www.carideal.com\/blog\/wp-content\/uploads\/2008\/10\/suv-2008.jpg\",\"contentUrl\":\"https:\/\/www.carideal.com\/blog\/wp-content\/uploads\/2008\/10\/suv-2008.jpg\",\"width\":430,\"height\":314,\"caption\":\"Le march\u00e9 2008 des SUV en l'\u00e9tat\"},{\"@type\":\"BreadcrumbList\",\"@id\":\"https:\/\/www.carideal.com\/blog\/2008\/10\/20\/le-marche-des-suv-en-l-etat\/#breadcrumb\",\"itemListElement\":[{\"@type\":\"ListItem\",\"position\":1,\"name\":\"Blog Carid\u00e9al\",\"item\":\"https:\/\/www.carideal.com\/blog\/\"},{\"@type\":\"ListItem\",\"position\":2,\"name\":\"March\u00e9 automobile\",\"item\":\"https:\/\/www.carideal.com\/blog\/marche-automobile-voiture-neuve-occasion-4x4-suv\/\"},{\"@type\":\"ListItem\",\"position\":3,\"name\":\"Le march\u00e9 2008 des SUV en l&rsquo;\u00e9tat\"}]},{\"@type\":\"WebSite\",\"@id\":\"https:\/\/www.carideal.com\/blog\/#website\",\"url\":\"https:\/\/www.carideal.com\/blog\/\",\"name\":\"Blog auto Carid\u00e9al\",\"description\":\"Actualit\u00e9 auto par des passionn\u00e9s\",\"publisher\":{\"@id\":\"https:\/\/www.carideal.com\/blog\/#organization\"},\"potentialAction\":[{\"@type\":\"SearchAction\",\"target\":{\"@type\":\"EntryPoint\",\"urlTemplate\":\"https:\/\/www.carideal.com\/blog\/?s={search_term_string}\"},\"query-input\":{\"@type\":\"PropertyValueSpecification\",\"valueRequired\":true,\"valueName\":\"search_term_string\"}}],\"inLanguage\":\"fr-FR\"},{\"@type\":\"Organization\",\"@id\":\"https:\/\/www.carideal.com\/blog\/#organization\",\"name\":\"Carideal\",\"url\":\"https:\/\/www.carideal.com\/blog\/\",\"logo\":{\"@type\":\"ImageObject\",\"inLanguage\":\"fr-FR\",\"@id\":\"https:\/\/www.carideal.com\/blog\/#\/schema\/logo\/image\/\",\"url\":\"http:\/\/www.carideal.com\/blog\/wp-content\/uploads\/2016\/03\/logo-carideal-mandataire-automobile.png\",\"contentUrl\":\"http:\/\/www.carideal.com\/blog\/wp-content\/uploads\/2016\/03\/logo-carideal-mandataire-automobile.png\",\"width\":300,\"height\":300,\"caption\":\"Carideal\"},\"image\":{\"@id\":\"https:\/\/www.carideal.com\/blog\/#\/schema\/logo\/image\/\"},\"sameAs\":[\"https:\/\/www.facebook.com\/Carideal.mandataire.automobile\",\"https:\/\/x.com\/caridealauto\",\"https:\/\/www.instagram.com\/carideal1\/\",\"https:\/\/www.linkedin.com\/company\/carideal.com\",\"https:\/\/fr.pinterest.com\/schiavonsas\/\",\"https:\/\/www.youtube.com\/user\/caridealsas\"]},{\"@type\":\"Person\",\"@id\":\"https:\/\/www.carideal.com\/blog\/#\/schema\/person\/cd95dc7919660de90d31b366f85be1ec\",\"name\":\"Nicolas SCHIAVON\",\"image\":{\"@type\":\"ImageObject\",\"inLanguage\":\"fr-FR\",\"@id\":\"https:\/\/www.carideal.com\/blog\/#\/schema\/person\/image\/\",\"url\":\"https:\/\/secure.gravatar.com\/avatar\/c17e55009e671d92cc7f5dc837dc418a?s=96&r=g\",\"contentUrl\":\"https:\/\/secure.gravatar.com\/avatar\/c17e55009e671d92cc7f5dc837dc418a?s=96&r=g\",\"caption\":\"Nicolas SCHIAVON\"},\"description\":\"Nicolas Schiavon est tomb\u00e9 tout petit dans la marmite automobile. Ayant eu un garage de marque automobile, mandataire automobile de la premi\u00e8re heure d\u00e8s 1999. Nicolas a cr\u00e9\u00e9 ces premiers sites de vente de voiture et blog automobile d\u00e8s 1994. Carideal est n\u00e9 le 15 d\u00e9cembre 2000 de la volont\u00e9 de vendre des voitures d'occasions en ligne puis des voitures neuves. Il a pu essayer beaucoup de voitures tr\u00e8s diff\u00e9rentes et ayant eu personnellement quelques belles autos, Subaru Impreza, Mitsubishi Lancer Evo 7, Porsche 911, Ferrari Testarrossa, Audi RS3, RS4 et j'en passe...\",\"sameAs\":[\"http:\/\/www.carideal.com\",\"https:\/\/www.facebook.com\/nicolas.schiavon.39\",\"https:\/\/www.instagram.com\/carideal1\/\",\"https:\/\/www.linkedin.com\/in\/nschiavon\/\",\"https:\/\/x.com\/caridealauto\",\"https:\/\/www.youtube.com\/user\/caridealsas\/\"],\"url\":\"https:\/\/www.carideal.com\/blog\/author\/nschiavon\/\"}]}<\/script>\n<!-- \/ Yoast SEO plugin. -->","yoast_head_json":{"title":"Le march\u00e9 2008 des SUV en l'\u00e9tat - Blog auto Carid\u00e9al","description":"M Borloo doit \u00eatre content depuis l'installation du Malus CO2 les ventes des SUV chutent comme la rentr\u00e9 des taxes. Un point sur le march\u00e9 2008 des SUV","robots":{"index":"index","follow":"follow","max-snippet":"max-snippet:-1","max-image-preview":"max-image-preview:large","max-video-preview":"max-video-preview:-1"},"canonical":"https:\/\/www.carideal.com\/blog\/2008\/10\/20\/le-marche-des-suv-en-l-etat\/","og_locale":"fr_FR","og_type":"article","og_title":"Le march\u00e9 2008 des SUV en l'\u00e9tat - Blog auto Carid\u00e9al","og_description":"M Borloo doit \u00eatre content depuis l'installation du Malus CO2 les ventes des SUV chutent comme la rentr\u00e9 des taxes. Un point sur le march\u00e9 2008 des SUV","og_url":"https:\/\/www.carideal.com\/blog\/2008\/10\/20\/le-marche-des-suv-en-l-etat\/","og_site_name":"Blog auto Carid\u00e9al","article_publisher":"https:\/\/www.facebook.com\/Carideal.mandataire.automobile","article_author":"https:\/\/www.facebook.com\/nicolas.schiavon.39","article_published_time":"2008-10-20T22:00:00+00:00","article_modified_time":"2019-09-23T16:39:57+00:00","og_image":[{"width":430,"height":314,"url":"https:\/\/www.carideal.com\/blog\/wp-content\/uploads\/2008\/10\/suv-2008.jpg","type":"image\/jpeg"}],"author":"Nicolas SCHIAVON","twitter_card":"summary_large_image","twitter_creator":"@caridealauto","twitter_site":"@caridealauto","twitter_misc":{"\u00c9crit par":"Nicolas SCHIAVON","Dur\u00e9e de lecture estim\u00e9e":"2 minutes"},"schema":{"@context":"https:\/\/schema.org","@graph":[{"@type":"Article","@id":"https:\/\/www.carideal.com\/blog\/2008\/10\/20\/le-marche-des-suv-en-l-etat\/#article","isPartOf":{"@id":"https:\/\/www.carideal.com\/blog\/2008\/10\/20\/le-marche-des-suv-en-l-etat\/"},"author":{"name":"Nicolas SCHIAVON","@id":"https:\/\/www.carideal.com\/blog\/#\/schema\/person\/cd95dc7919660de90d31b366f85be1ec"},"headline":"Le march\u00e9 2008 des SUV en l&rsquo;\u00e9tat","datePublished":"2008-10-20T22:00:00+00:00","dateModified":"2019-09-23T16:39:57+00:00","mainEntityOfPage":{"@id":"https:\/\/www.carideal.com\/blog\/2008\/10\/20\/le-marche-des-suv-en-l-etat\/"},"wordCount":352,"commentCount":0,"publisher":{"@id":"https:\/\/www.carideal.com\/blog\/#organization"},"image":{"@id":"https:\/\/www.carideal.com\/blog\/2008\/10\/20\/le-marche-des-suv-en-l-etat\/#primaryimage"},"thumbnailUrl":"https:\/\/www.carideal.com\/blog\/wp-content\/uploads\/2008\/10\/suv-2008.jpg","keywords":["CO2 \u00e9mission de CO2"],"articleSection":["March\u00e9 automobile"],"inLanguage":"fr-FR","potentialAction":[{"@type":"CommentAction","name":"Comment","target":["https:\/\/www.carideal.com\/blog\/2008\/10\/20\/le-marche-des-suv-en-l-etat\/#respond"]}]},{"@type":"WebPage","@id":"https:\/\/www.carideal.com\/blog\/2008\/10\/20\/le-marche-des-suv-en-l-etat\/","url":"https:\/\/www.carideal.com\/blog\/2008\/10\/20\/le-marche-des-suv-en-l-etat\/","name":"Le march\u00e9 2008 des SUV en l'\u00e9tat - Blog auto Carid\u00e9al","isPartOf":{"@id":"https:\/\/www.carideal.com\/blog\/#website"},"primaryImageOfPage":{"@id":"https:\/\/www.carideal.com\/blog\/2008\/10\/20\/le-marche-des-suv-en-l-etat\/#primaryimage"},"image":{"@id":"https:\/\/www.carideal.com\/blog\/2008\/10\/20\/le-marche-des-suv-en-l-etat\/#primaryimage"},"thumbnailUrl":"https:\/\/www.carideal.com\/blog\/wp-content\/uploads\/2008\/10\/suv-2008.jpg","datePublished":"2008-10-20T22:00:00+00:00","dateModified":"2019-09-23T16:39:57+00:00","description":"M Borloo doit \u00eatre content depuis l'installation du Malus CO2 les ventes des SUV chutent comme la rentr\u00e9 des taxes. Un point sur le march\u00e9 2008 des SUV","breadcrumb":{"@id":"https:\/\/www.carideal.com\/blog\/2008\/10\/20\/le-marche-des-suv-en-l-etat\/#breadcrumb"},"inLanguage":"fr-FR","potentialAction":[{"@type":"ReadAction","target":["https:\/\/www.carideal.com\/blog\/2008\/10\/20\/le-marche-des-suv-en-l-etat\/"]}]},{"@type":"ImageObject","inLanguage":"fr-FR","@id":"https:\/\/www.carideal.com\/blog\/2008\/10\/20\/le-marche-des-suv-en-l-etat\/#primaryimage","url":"https:\/\/www.carideal.com\/blog\/wp-content\/uploads\/2008\/10\/suv-2008.jpg","contentUrl":"https:\/\/www.carideal.com\/blog\/wp-content\/uploads\/2008\/10\/suv-2008.jpg","width":430,"height":314,"caption":"Le march\u00e9 2008 des SUV en l'\u00e9tat"},{"@type":"BreadcrumbList","@id":"https:\/\/www.carideal.com\/blog\/2008\/10\/20\/le-marche-des-suv-en-l-etat\/#breadcrumb","itemListElement":[{"@type":"ListItem","position":1,"name":"Blog Carid\u00e9al","item":"https:\/\/www.carideal.com\/blog\/"},{"@type":"ListItem","position":2,"name":"March\u00e9 automobile","item":"https:\/\/www.carideal.com\/blog\/marche-automobile-voiture-neuve-occasion-4x4-suv\/"},{"@type":"ListItem","position":3,"name":"Le march\u00e9 2008 des SUV en l&rsquo;\u00e9tat"}]},{"@type":"WebSite","@id":"https:\/\/www.carideal.com\/blog\/#website","url":"https:\/\/www.carideal.com\/blog\/","name":"Blog auto Carid\u00e9al","description":"Actualit\u00e9 auto par des passionn\u00e9s","publisher":{"@id":"https:\/\/www.carideal.com\/blog\/#organization"},"potentialAction":[{"@type":"SearchAction","target":{"@type":"EntryPoint","urlTemplate":"https:\/\/www.carideal.com\/blog\/?s={search_term_string}"},"query-input":{"@type":"PropertyValueSpecification","valueRequired":true,"valueName":"search_term_string"}}],"inLanguage":"fr-FR"},{"@type":"Organization","@id":"https:\/\/www.carideal.com\/blog\/#organization","name":"Carideal","url":"https:\/\/www.carideal.com\/blog\/","logo":{"@type":"ImageObject","inLanguage":"fr-FR","@id":"https:\/\/www.carideal.com\/blog\/#\/schema\/logo\/image\/","url":"http:\/\/www.carideal.com\/blog\/wp-content\/uploads\/2016\/03\/logo-carideal-mandataire-automobile.png","contentUrl":"http:\/\/www.carideal.com\/blog\/wp-content\/uploads\/2016\/03\/logo-carideal-mandataire-automobile.png","width":300,"height":300,"caption":"Carideal"},"image":{"@id":"https:\/\/www.carideal.com\/blog\/#\/schema\/logo\/image\/"},"sameAs":["https:\/\/www.facebook.com\/Carideal.mandataire.automobile","https:\/\/x.com\/caridealauto","https:\/\/www.instagram.com\/carideal1\/","https:\/\/www.linkedin.com\/company\/carideal.com","https:\/\/fr.pinterest.com\/schiavonsas\/","https:\/\/www.youtube.com\/user\/caridealsas"]},{"@type":"Person","@id":"https:\/\/www.carideal.com\/blog\/#\/schema\/person\/cd95dc7919660de90d31b366f85be1ec","name":"Nicolas SCHIAVON","image":{"@type":"ImageObject","inLanguage":"fr-FR","@id":"https:\/\/www.carideal.com\/blog\/#\/schema\/person\/image\/","url":"https:\/\/secure.gravatar.com\/avatar\/c17e55009e671d92cc7f5dc837dc418a?s=96&r=g","contentUrl":"https:\/\/secure.gravatar.com\/avatar\/c17e55009e671d92cc7f5dc837dc418a?s=96&r=g","caption":"Nicolas SCHIAVON"},"description":"Nicolas Schiavon est tomb\u00e9 tout petit dans la marmite automobile. Ayant eu un garage de marque automobile, mandataire automobile de la premi\u00e8re heure d\u00e8s 1999. Nicolas a cr\u00e9\u00e9 ces premiers sites de vente de voiture et blog automobile d\u00e8s 1994. Carideal est n\u00e9 le 15 d\u00e9cembre 2000 de la volont\u00e9 de vendre des voitures d'occasions en ligne puis des voitures neuves. Il a pu essayer beaucoup de voitures tr\u00e8s diff\u00e9rentes et ayant eu personnellement quelques belles autos, Subaru Impreza, Mitsubishi Lancer Evo 7, Porsche 911, Ferrari Testarrossa, Audi RS3, RS4 et j'en passe...","sameAs":["http:\/\/www.carideal.com","https:\/\/www.facebook.com\/nicolas.schiavon.39","https:\/\/www.instagram.com\/carideal1\/","https:\/\/www.linkedin.com\/in\/nschiavon\/","https:\/\/x.com\/caridealauto","https:\/\/www.youtube.com\/user\/caridealsas\/"],"url":"https:\/\/www.carideal.com\/blog\/author\/nschiavon\/"}]}},"uagb_featured_image_src":{"full":["https:\/\/www.carideal.com\/blog\/wp-content\/uploads\/2008\/10\/suv-2008.jpg",430,314,false],"thumbnail":["https:\/\/www.carideal.com\/blog\/wp-content\/uploads\/2008\/10\/suv-2008-150x150.jpg",150,150,true],"medium":["https:\/\/www.carideal.com\/blog\/wp-content\/uploads\/2008\/10\/suv-2008-300x219.jpg",300,219,true],"medium_large":["https:\/\/www.carideal.com\/blog\/wp-content\/uploads\/2008\/10\/suv-2008.jpg",430,314,false],"large":["https:\/\/www.carideal.com\/blog\/wp-content\/uploads\/2008\/10\/suv-2008.jpg",430,314,false],"1536x1536":["https:\/\/www.carideal.com\/blog\/wp-content\/uploads\/2008\/10\/suv-2008.jpg",430,314,false],"2048x2048":["https:\/\/www.carideal.com\/blog\/wp-content\/uploads\/2008\/10\/suv-2008.jpg",430,314,false],"wppr-widget":["https:\/\/www.carideal.com\/blog\/wp-content\/uploads\/2008\/10\/suv-2008-50x37.jpg",50,37,true]},"uagb_author_info":{"display_name":"Nicolas SCHIAVON","author_link":"https:\/\/www.carideal.com\/blog\/author\/nschiavon\/"},"uagb_comment_info":0,"uagb_excerpt":"Le march\u00e9 2008 des SUV en l'\u00e9tat M Borloo doit \u00eatre content ! Depuis que le gouvernement a instaur\u00e9 son bonus malus taxe CO2 \u00e9rig\u00e9 en d\u00e9pit du bon sens, le march\u00e9 2008 du SUV s'est \u00e9croul\u00e9. En constante augmentation depuis quelques ann\u00e9es, +25.1\u00a0% en 2007, ce march\u00e9 est en recul cette ann\u00e9e de 16.7\u2026","_links":{"self":[{"href":"https:\/\/www.carideal.com\/blog\/wp-json\/wp\/v2\/posts\/4699"}],"collection":[{"href":"https:\/\/www.carideal.com\/blog\/wp-json\/wp\/v2\/posts"}],"about":[{"href":"https:\/\/www.carideal.com\/blog\/wp-json\/wp\/v2\/types\/post"}],"author":[{"embeddable":true,"href":"https:\/\/www.carideal.com\/blog\/wp-json\/wp\/v2\/users\/3"}],"replies":[{"embeddable":true,"href":"https:\/\/www.carideal.com\/blog\/wp-json\/wp\/v2\/comments?post=4699"}],"version-history":[{"count":0,"href":"https:\/\/www.carideal.com\/blog\/wp-json\/wp\/v2\/posts\/4699\/revisions"}],"wp:featuredmedia":[{"embeddable":true,"href":"https:\/\/www.carideal.com\/blog\/wp-json\/wp\/v2\/media\/19822"}],"wp:attachment":[{"href":"https:\/\/www.carideal.com\/blog\/wp-json\/wp\/v2\/media?parent=4699"}],"wp:term":[{"taxonomy":"category","embeddable":true,"href":"https:\/\/www.carideal.com\/blog\/wp-json\/wp\/v2\/categories?post=4699"},{"taxonomy":"post_tag","embeddable":true,"href":"https:\/\/www.carideal.com\/blog\/wp-json\/wp\/v2\/tags?post=4699"}],"curies":[{"name":"wp","href":"https:\/\/api.w.org\/{rel}","templated":true}]}}