{"id":4698,"date":"2008-10-20T22:00:00","date_gmt":"2008-10-20T22:00:00","guid":{"rendered":"http:\/\/www.carideal.com\/blog\/2008\/10\/20\/seat-leon-ii-occasion\/"},"modified":"2020-04-03T17:05:46","modified_gmt":"2020-04-03T15:05:46","slug":"seat-leon-ii-occasion","status":"publish","type":"post","link":"https:\/\/www.carideal.com\/blog\/2008\/10\/20\/seat-leon-ii-occasion\/","title":{"rendered":"Avis Seat Leon II occasion"},"content":{"rendered":"\n<h2 class=\"wp-block-heading\">Notre avis sur la Seat Leon II d'occasion pass\u00e9 en revue<\/h2>\n\n\n\n<p>Du caract\u00e8re, la <strong>Seat Leon II<\/strong> en a \u00e0 revendre en occasion. D'ailleurs, le plumage est \u00e0 la hauteur du ramage. Nous vous donnons <strong>notre avis sur la Seat Leon II d'occasion.<\/strong><\/p>\n\n\n\n<p>Ainsi le dynamisme de la ligne se retrouve dans l'agr\u00e9ment de conduite.\u00a0Le train avant se montre incisif et le ch\u00e2ssis est s\u00fbr et bien \u00e9quilibr\u00e9, \u00e0 l'instar de celui de sa cousine, la <a href=\"http:\/\/www.carideal.com\/blog\/2012\/11\/29\/volkswagen-golf-vii\/\">Volkswagen Golf<\/a>, avec laquelle elle partage son bagage technique. <\/p>\n\n\n\n<figure class=\"wp-block-image size-full\"><img loading=\"lazy\" decoding=\"async\" width=\"600\" height=\"450\" src=\"http:\/\/www.carideal.com\/blog\/wp-content\/uploads\/2020\/04\/seatleontdi105referencecarideal-1224597274-e1569257068990.jpg\" alt=\"Avis Seat Leon II occasion\" class=\"wp-image-24951\" srcset=\"https:\/\/www.carideal.com\/blog\/wp-content\/uploads\/2020\/04\/seatleontdi105referencecarideal-1224597274-e1569257068990.jpg 600w, https:\/\/www.carideal.com\/blog\/wp-content\/uploads\/2020\/04\/seatleontdi105referencecarideal-1224597274-e1569257068990-300x225.jpg 300w, https:\/\/www.carideal.com\/blog\/wp-content\/uploads\/2020\/04\/seatleontdi105referencecarideal-1224597274-e1569257068990-50x38.jpg 50w, https:\/\/www.carideal.com\/blog\/wp-content\/uploads\/2020\/04\/seatleontdi105referencecarideal-1224597274-e1569257068990-110x83.jpg 110w, https:\/\/www.carideal.com\/blog\/wp-content\/uploads\/2020\/04\/seatleontdi105referencecarideal-1224597274-e1569257068990-420x315.jpg 420w, https:\/\/www.carideal.com\/blog\/wp-content\/uploads\/2020\/04\/seatleontdi105referencecarideal-1224597274-e1569257068990-573x430.jpg 573w\" sizes=\"(max-width: 600px) 100vw, 600px\" \/><figcaption>Avis Seat Leon II occasion<\/figcaption><\/figure>\n\n\n\n<p>Except\u00e9 les deux premiers moteurs d'entr\u00e9s de gamme, qui ne sont d'ailleurs disponibles qu'avec une boite manuelle \u00e0 cinq rapports, les m\u00e9caniques propos\u00e9es sous son capot pr\u00e9sentent un temp\u00e9rament assez fougueux. Ce tonus est mal g\u00e9r\u00e9 par le train avant qui dans certains cas perd de sa motricit\u00e9 face \u00e0 une arriv\u00e9e de couple un peu soudaine. <\/p>\n\n\n\n<p>Une brutalit\u00e9 qui se ressent \u00e9galement dans le comportement de la voiture. Les suspensions de la <a href=\"http:\/\/www.carideal.com\/blog\/marque-de-voiture-actualites-essais\/seat\/\">SEAT<\/a> sont fermes, au d\u00e9triment du confort. Les moindres irr\u00e9gularit\u00e9s de la chauss\u00e9 mettront \u00e0 mal les lombaires des passagers.<\/p>\n\n\n\n<div class=\"wp-block-image\"><figure class=\"aligncenter size-full\"><img loading=\"lazy\" decoding=\"async\" width=\"400\" height=\"300\" src=\"http:\/\/www.carideal.com\/blog\/wp-content\/uploads\/2020\/04\/seatleontdi140stylancebleucarideal-1224597297-e1569257328623.jpg\" alt=\"Avis Seat Leon II occasion\" class=\"wp-image-24952\" srcset=\"https:\/\/www.carideal.com\/blog\/wp-content\/uploads\/2020\/04\/seatleontdi140stylancebleucarideal-1224597297-e1569257328623.jpg 400w, https:\/\/www.carideal.com\/blog\/wp-content\/uploads\/2020\/04\/seatleontdi140stylancebleucarideal-1224597297-e1569257328623-300x225.jpg 300w, https:\/\/www.carideal.com\/blog\/wp-content\/uploads\/2020\/04\/seatleontdi140stylancebleucarideal-1224597297-e1569257328623-50x38.jpg 50w, https:\/\/www.carideal.com\/blog\/wp-content\/uploads\/2020\/04\/seatleontdi140stylancebleucarideal-1224597297-e1569257328623-110x83.jpg 110w\" sizes=\"(max-width: 400px) 100vw, 400px\" \/><figcaption>Avis Seat Leon II occasion<\/figcaption><\/figure><\/div>\n\n\n\n<p>N\u00e9e sous le crayon de Walter de Silva, p\u00e8re de l'<a href=\"http:\/\/www.carideal.com\/blog\/2008\/06\/27\/alfa-romeo-147-d-occasion\/\">Alfa Romeo 147<\/a>, la Seat Leon la joue r\u00e9solument latine. Uniquement d\u00e9clin\u00e9e en 5 portes, la catalane affiche un look de coup\u00e9 plut\u00f4t r\u00e9ussi. Longue de 4.31 m, elle se distingue par son habitabilit\u00e9 tant \u00e0 l'avant qu'\u00e0 l'arri\u00e8re, o\u00f9 la place aux genoux est royale.<\/p>\n\n\n\n<ul class=\"wp-block-list\"><li><a href=\"http:\/\/www.carideal.com\/blog\/2018\/02\/03\/meilleures-berlines-hayon-2018\/\">Les meilleurs berline \u00e0 hayon<\/a><\/li><\/ul>\n\n\n\n<div class=\"wp-block-image\"><figure class=\"aligncenter size-large\"><img loading=\"lazy\" decoding=\"async\" width=\"400\" height=\"300\" src=\"http:\/\/www.carideal.com\/blog\/wp-content\/uploads\/2020\/04\/seatleontdi140stylancenoircarideal-1224597318-e1569257623948.jpg\" alt=\"Avis Seat Leon II occasion\" class=\"wp-image-24953\" srcset=\"https:\/\/www.carideal.com\/blog\/wp-content\/uploads\/2020\/04\/seatleontdi140stylancenoircarideal-1224597318-e1569257623948.jpg 400w, https:\/\/www.carideal.com\/blog\/wp-content\/uploads\/2020\/04\/seatleontdi140stylancenoircarideal-1224597318-e1569257623948-300x225.jpg 300w, https:\/\/www.carideal.com\/blog\/wp-content\/uploads\/2020\/04\/seatleontdi140stylancenoircarideal-1224597318-e1569257623948-50x38.jpg 50w, https:\/\/www.carideal.com\/blog\/wp-content\/uploads\/2020\/04\/seatleontdi140stylancenoircarideal-1224597318-e1569257623948-110x83.jpg 110w\" sizes=\"(max-width: 400px) 100vw, 400px\" \/><figcaption>Seat Leon d'occasion noir<\/figcaption><\/figure><\/div>\n\n\n\n<p>Cette sensation d'espace est renforc\u00e9e par la pr\u00e9sence d'un grand pare-brise et d'une planche de bord profonde, fa\u00e7on monospace. Dot\u00e9 d'un seuil assez haut, le coffre poss\u00e8de un volume de 341 litres, une capacit\u00e9 de chargement moyenne malgr\u00e9 l'absence de roue de secours, ici remplac\u00e9e par un kit de r\u00e9paration. <\/p>\n\n\n\n<p>Une fois la banquette arri\u00e8re fractionnable 2\/3 1\/3 rabattues, le volume de la malle passe \u00e0 1161 litres. Enfin, en ce qui concerne le chapitre \u00e9quipement, la Leon r\u00e9alise un sans faute d\u00e8s sa finition de base R\u00e9ference.<\/p>\n\n\n\n<p>Le volant \u00e0 trois branches, le compteur en position centrale sur le tableau de bord, sous les yeux du conducteur, et l'habillage imitation aluminium de la console centrale, ainsi qu'un tr\u00e8s bon maintien des si\u00e8ges enveloppants donnent le ton : la Seat Leon II d'occasion est une sportive ! <\/p>\n\n\n\n<p>La qualit\u00e9 des mat\u00e9riaux n'est en revanche pas \u00e0 la hauteur. Si l'assemblage est correct, les plastiques durs et lisses, qui de surcroit se rayent ais\u00e9ment, r\u00e9v\u00e8lent un soucis d'\u00e9conomie. Cot\u00e9 m\u00e9canique, les moteurs issus de la Golf sont fiabilis\u00e9s, notamment le TDI 105. On rel\u00e8ve n\u00e9anmoins quelques risques de fissuration de la culasse au niveau du joint de serrage sur le 2.0 TDI 140 ch ce qui peut entrainer une casse moteur. La Seat Leon<\/p>\n\n\n\n<p>Achetez votre Seat Leon II d'occasion avec Carideal Mandataire automobile \u00e0 Chamb\u00e9ry en Savoie<\/p>\n","protected":false},"excerpt":{"rendered":"<p>Notre avis sur la Seat Leon II d&rsquo;occasion pass\u00e9 en revue Du caract\u00e8re, la Seat Leon II en a \u00e0 revendre en occasion. D&rsquo;ailleurs, le plumage est \u00e0 la hauteur du ramage. Nous vous donnons notre avis sur la Seat Leon II d&rsquo;occasion. Ainsi le dynamisme de la ligne se retrouve dans l&rsquo;agr\u00e9ment de conduite.\u00a0Le &#8230; <a title=\"Avis Seat Leon II occasion\" class=\"read-more\" href=\"https:\/\/www.carideal.com\/blog\/2008\/10\/20\/seat-leon-ii-occasion\/\" aria-label=\"En savoir plus sur Avis Seat Leon II occasion\">Lire plus<\/a><\/p>\n","protected":false},"author":3,"featured_media":24951,"comment_status":"open","ping_status":"open","sticky":false,"template":"","format":"standard","meta":{"_uag_custom_page_level_css":"","_themeisle_gutenberg_block_has_review":false,"footnotes":""},"categories":[5965,5947],"tags":[5044],"class_list":["post-4698","post","type-post","status-publish","format-standard","has-post-thumbnail","hentry","category-seat","category-essai","tag-guide-achat"],"wppr_data":{"cwp_meta_box_check":"No"},"yoast_head":"<!-- This site is optimized with the Yoast SEO plugin v24.8.1 - https:\/\/yoast.com\/wordpress\/plugins\/seo\/ -->\n<title>Avis Seat Leon II occasion - Blog auto Carid\u00e9al<\/title>\n<meta name=\"description\" content=\"Retrouvez l&#039;essai de la Seat Leon II d&#039;occasion. Tout ce que vous devez savoir sur les bons cot\u00e9s et les moins bons de la Seat leon d&#039;occasion 2008\" \/>\n<meta name=\"robots\" content=\"index, follow, max-snippet:-1, max-image-preview:large, max-video-preview:-1\" \/>\n<link rel=\"canonical\" href=\"https:\/\/www.carideal.com\/blog\/2008\/10\/20\/seat-leon-ii-occasion\/\" \/>\n<meta property=\"og:locale\" content=\"fr_FR\" \/>\n<meta property=\"og:type\" content=\"article\" \/>\n<meta property=\"og:title\" content=\"Avis Seat Leon II occasion - Blog auto Carid\u00e9al\" \/>\n<meta property=\"og:description\" content=\"Retrouvez l&#039;essai de la Seat Leon II d&#039;occasion. Tout ce que vous devez savoir sur les bons cot\u00e9s et les moins bons de la Seat leon d&#039;occasion 2008\" \/>\n<meta property=\"og:url\" content=\"https:\/\/www.carideal.com\/blog\/2008\/10\/20\/seat-leon-ii-occasion\/\" \/>\n<meta property=\"og:site_name\" content=\"Blog auto Carid\u00e9al\" \/>\n<meta property=\"article:publisher\" content=\"https:\/\/www.facebook.com\/Carideal.mandataire.automobile\" \/>\n<meta property=\"article:author\" content=\"https:\/\/www.facebook.com\/nicolas.schiavon.39\" \/>\n<meta property=\"article:published_time\" content=\"2008-10-20T22:00:00+00:00\" \/>\n<meta property=\"article:modified_time\" content=\"2020-04-03T15:05:46+00:00\" \/>\n<meta property=\"og:image\" content=\"https:\/\/www.carideal.com\/blog\/wp-content\/uploads\/2020\/04\/seatleontdi105referencecarideal-1224597274-e1569257068990.jpg\" \/>\n\t<meta property=\"og:image:width\" content=\"600\" \/>\n\t<meta property=\"og:image:height\" content=\"450\" \/>\n\t<meta property=\"og:image:type\" content=\"image\/jpeg\" \/>\n<meta name=\"author\" content=\"Nicolas SCHIAVON\" \/>\n<meta name=\"twitter:card\" content=\"summary_large_image\" \/>\n<meta name=\"twitter:creator\" content=\"@caridealauto\" \/>\n<meta name=\"twitter:site\" content=\"@caridealauto\" \/>\n<meta name=\"twitter:label1\" content=\"\u00c9crit par\" \/>\n\t<meta name=\"twitter:data1\" content=\"Nicolas SCHIAVON\" \/>\n\t<meta name=\"twitter:label2\" content=\"Dur\u00e9e de lecture estim\u00e9e\" \/>\n\t<meta name=\"twitter:data2\" content=\"3 minutes\" \/>\n<script type=\"application\/ld+json\" class=\"yoast-schema-graph\">{\"@context\":\"https:\/\/schema.org\",\"@graph\":[{\"@type\":\"Article\",\"@id\":\"https:\/\/www.carideal.com\/blog\/2008\/10\/20\/seat-leon-ii-occasion\/#article\",\"isPartOf\":{\"@id\":\"https:\/\/www.carideal.com\/blog\/2008\/10\/20\/seat-leon-ii-occasion\/\"},\"author\":{\"name\":\"Nicolas SCHIAVON\",\"@id\":\"https:\/\/www.carideal.com\/blog\/#\/schema\/person\/cd95dc7919660de90d31b366f85be1ec\"},\"headline\":\"Avis Seat Leon II occasion\",\"datePublished\":\"2008-10-20T22:00:00+00:00\",\"dateModified\":\"2020-04-03T15:05:46+00:00\",\"mainEntityOfPage\":{\"@id\":\"https:\/\/www.carideal.com\/blog\/2008\/10\/20\/seat-leon-ii-occasion\/\"},\"wordCount\":506,\"commentCount\":0,\"publisher\":{\"@id\":\"https:\/\/www.carideal.com\/blog\/#organization\"},\"image\":{\"@id\":\"https:\/\/www.carideal.com\/blog\/2008\/10\/20\/seat-leon-ii-occasion\/#primaryimage\"},\"thumbnailUrl\":\"https:\/\/www.carideal.com\/blog\/wp-content\/uploads\/2020\/04\/seatleontdi105referencecarideal-1224597274-e1569257068990.jpg\",\"keywords\":[\"Guide achat voiture\"],\"articleSection\":[\"Actualit\u00e9 Seat\",\"Essais automobile\"],\"inLanguage\":\"fr-FR\",\"potentialAction\":[{\"@type\":\"CommentAction\",\"name\":\"Comment\",\"target\":[\"https:\/\/www.carideal.com\/blog\/2008\/10\/20\/seat-leon-ii-occasion\/#respond\"]}]},{\"@type\":\"WebPage\",\"@id\":\"https:\/\/www.carideal.com\/blog\/2008\/10\/20\/seat-leon-ii-occasion\/\",\"url\":\"https:\/\/www.carideal.com\/blog\/2008\/10\/20\/seat-leon-ii-occasion\/\",\"name\":\"Avis Seat Leon II occasion - Blog auto Carid\u00e9al\",\"isPartOf\":{\"@id\":\"https:\/\/www.carideal.com\/blog\/#website\"},\"primaryImageOfPage\":{\"@id\":\"https:\/\/www.carideal.com\/blog\/2008\/10\/20\/seat-leon-ii-occasion\/#primaryimage\"},\"image\":{\"@id\":\"https:\/\/www.carideal.com\/blog\/2008\/10\/20\/seat-leon-ii-occasion\/#primaryimage\"},\"thumbnailUrl\":\"https:\/\/www.carideal.com\/blog\/wp-content\/uploads\/2020\/04\/seatleontdi105referencecarideal-1224597274-e1569257068990.jpg\",\"datePublished\":\"2008-10-20T22:00:00+00:00\",\"dateModified\":\"2020-04-03T15:05:46+00:00\",\"description\":\"Retrouvez l'essai de la Seat Leon II d'occasion. Tout ce que vous devez savoir sur les bons cot\u00e9s et les moins bons de la Seat leon d'occasion 2008\",\"breadcrumb\":{\"@id\":\"https:\/\/www.carideal.com\/blog\/2008\/10\/20\/seat-leon-ii-occasion\/#breadcrumb\"},\"inLanguage\":\"fr-FR\",\"potentialAction\":[{\"@type\":\"ReadAction\",\"target\":[\"https:\/\/www.carideal.com\/blog\/2008\/10\/20\/seat-leon-ii-occasion\/\"]}]},{\"@type\":\"ImageObject\",\"inLanguage\":\"fr-FR\",\"@id\":\"https:\/\/www.carideal.com\/blog\/2008\/10\/20\/seat-leon-ii-occasion\/#primaryimage\",\"url\":\"https:\/\/www.carideal.com\/blog\/wp-content\/uploads\/2020\/04\/seatleontdi105referencecarideal-1224597274-e1569257068990.jpg\",\"contentUrl\":\"https:\/\/www.carideal.com\/blog\/wp-content\/uploads\/2020\/04\/seatleontdi105referencecarideal-1224597274-e1569257068990.jpg\",\"width\":600,\"height\":450,\"caption\":\"Avis Seat Leon II occasion\"},{\"@type\":\"BreadcrumbList\",\"@id\":\"https:\/\/www.carideal.com\/blog\/2008\/10\/20\/seat-leon-ii-occasion\/#breadcrumb\",\"itemListElement\":[{\"@type\":\"ListItem\",\"position\":1,\"name\":\"Blog Carid\u00e9al\",\"item\":\"https:\/\/www.carideal.com\/blog\/\"},{\"@type\":\"ListItem\",\"position\":2,\"name\":\"Actualit\u00e9 constructeur automobile\",\"item\":\"https:\/\/www.carideal.com\/blog\/constructeur\/\"},{\"@type\":\"ListItem\",\"position\":3,\"name\":\"Actualit\u00e9 Seat\",\"item\":\"https:\/\/www.carideal.com\/blog\/constructeur\/seat\/\"},{\"@type\":\"ListItem\",\"position\":4,\"name\":\"Avis Seat Leon II occasion\"}]},{\"@type\":\"WebSite\",\"@id\":\"https:\/\/www.carideal.com\/blog\/#website\",\"url\":\"https:\/\/www.carideal.com\/blog\/\",\"name\":\"Blog auto Carid\u00e9al\",\"description\":\"Actualit\u00e9 auto par des passionn\u00e9s\",\"publisher\":{\"@id\":\"https:\/\/www.carideal.com\/blog\/#organization\"},\"potentialAction\":[{\"@type\":\"SearchAction\",\"target\":{\"@type\":\"EntryPoint\",\"urlTemplate\":\"https:\/\/www.carideal.com\/blog\/?s={search_term_string}\"},\"query-input\":{\"@type\":\"PropertyValueSpecification\",\"valueRequired\":true,\"valueName\":\"search_term_string\"}}],\"inLanguage\":\"fr-FR\"},{\"@type\":\"Organization\",\"@id\":\"https:\/\/www.carideal.com\/blog\/#organization\",\"name\":\"Carideal\",\"url\":\"https:\/\/www.carideal.com\/blog\/\",\"logo\":{\"@type\":\"ImageObject\",\"inLanguage\":\"fr-FR\",\"@id\":\"https:\/\/www.carideal.com\/blog\/#\/schema\/logo\/image\/\",\"url\":\"http:\/\/www.carideal.com\/blog\/wp-content\/uploads\/2016\/03\/logo-carideal-mandataire-automobile.png\",\"contentUrl\":\"http:\/\/www.carideal.com\/blog\/wp-content\/uploads\/2016\/03\/logo-carideal-mandataire-automobile.png\",\"width\":300,\"height\":300,\"caption\":\"Carideal\"},\"image\":{\"@id\":\"https:\/\/www.carideal.com\/blog\/#\/schema\/logo\/image\/\"},\"sameAs\":[\"https:\/\/www.facebook.com\/Carideal.mandataire.automobile\",\"https:\/\/x.com\/caridealauto\",\"https:\/\/www.instagram.com\/carideal1\/\",\"https:\/\/www.linkedin.com\/company\/carideal.com\",\"https:\/\/fr.pinterest.com\/schiavonsas\/\",\"https:\/\/www.youtube.com\/user\/caridealsas\"]},{\"@type\":\"Person\",\"@id\":\"https:\/\/www.carideal.com\/blog\/#\/schema\/person\/cd95dc7919660de90d31b366f85be1ec\",\"name\":\"Nicolas SCHIAVON\",\"image\":{\"@type\":\"ImageObject\",\"inLanguage\":\"fr-FR\",\"@id\":\"https:\/\/www.carideal.com\/blog\/#\/schema\/person\/image\/\",\"url\":\"https:\/\/secure.gravatar.com\/avatar\/c17e55009e671d92cc7f5dc837dc418a?s=96&r=g\",\"contentUrl\":\"https:\/\/secure.gravatar.com\/avatar\/c17e55009e671d92cc7f5dc837dc418a?s=96&r=g\",\"caption\":\"Nicolas SCHIAVON\"},\"description\":\"Nicolas Schiavon est tomb\u00e9 tout petit dans la marmite automobile. Ayant eu un garage de marque automobile, mandataire automobile de la premi\u00e8re heure d\u00e8s 1999. Nicolas a cr\u00e9\u00e9 ces premiers sites de vente de voiture et blog automobile d\u00e8s 1994. Carideal est n\u00e9 le 15 d\u00e9cembre 2000 de la volont\u00e9 de vendre des voitures d'occasions en ligne puis des voitures neuves. Il a pu essayer beaucoup de voitures tr\u00e8s diff\u00e9rentes et ayant eu personnellement quelques belles autos, Subaru Impreza, Mitsubishi Lancer Evo 7, Porsche 911, Ferrari Testarrossa, Audi RS3, RS4 et j'en passe...\",\"sameAs\":[\"http:\/\/www.carideal.com\",\"https:\/\/www.facebook.com\/nicolas.schiavon.39\",\"https:\/\/www.instagram.com\/carideal1\/\",\"https:\/\/www.linkedin.com\/in\/nschiavon\/\",\"https:\/\/x.com\/caridealauto\",\"https:\/\/www.youtube.com\/user\/caridealsas\/\"],\"url\":\"https:\/\/www.carideal.com\/blog\/author\/nschiavon\/\"}]}<\/script>\n<!-- \/ Yoast SEO plugin. -->","yoast_head_json":{"title":"Avis Seat Leon II occasion - Blog auto Carid\u00e9al","description":"Retrouvez l'essai de la Seat Leon II d'occasion. Tout ce que vous devez savoir sur les bons cot\u00e9s et les moins bons de la Seat leon d'occasion 2008","robots":{"index":"index","follow":"follow","max-snippet":"max-snippet:-1","max-image-preview":"max-image-preview:large","max-video-preview":"max-video-preview:-1"},"canonical":"https:\/\/www.carideal.com\/blog\/2008\/10\/20\/seat-leon-ii-occasion\/","og_locale":"fr_FR","og_type":"article","og_title":"Avis Seat Leon II occasion - Blog auto Carid\u00e9al","og_description":"Retrouvez l'essai de la Seat Leon II d'occasion. Tout ce que vous devez savoir sur les bons cot\u00e9s et les moins bons de la Seat leon d'occasion 2008","og_url":"https:\/\/www.carideal.com\/blog\/2008\/10\/20\/seat-leon-ii-occasion\/","og_site_name":"Blog auto Carid\u00e9al","article_publisher":"https:\/\/www.facebook.com\/Carideal.mandataire.automobile","article_author":"https:\/\/www.facebook.com\/nicolas.schiavon.39","article_published_time":"2008-10-20T22:00:00+00:00","article_modified_time":"2020-04-03T15:05:46+00:00","og_image":[{"width":600,"height":450,"url":"https:\/\/www.carideal.com\/blog\/wp-content\/uploads\/2020\/04\/seatleontdi105referencecarideal-1224597274-e1569257068990.jpg","type":"image\/jpeg"}],"author":"Nicolas SCHIAVON","twitter_card":"summary_large_image","twitter_creator":"@caridealauto","twitter_site":"@caridealauto","twitter_misc":{"\u00c9crit par":"Nicolas SCHIAVON","Dur\u00e9e de lecture estim\u00e9e":"3 minutes"},"schema":{"@context":"https:\/\/schema.org","@graph":[{"@type":"Article","@id":"https:\/\/www.carideal.com\/blog\/2008\/10\/20\/seat-leon-ii-occasion\/#article","isPartOf":{"@id":"https:\/\/www.carideal.com\/blog\/2008\/10\/20\/seat-leon-ii-occasion\/"},"author":{"name":"Nicolas SCHIAVON","@id":"https:\/\/www.carideal.com\/blog\/#\/schema\/person\/cd95dc7919660de90d31b366f85be1ec"},"headline":"Avis Seat Leon II occasion","datePublished":"2008-10-20T22:00:00+00:00","dateModified":"2020-04-03T15:05:46+00:00","mainEntityOfPage":{"@id":"https:\/\/www.carideal.com\/blog\/2008\/10\/20\/seat-leon-ii-occasion\/"},"wordCount":506,"commentCount":0,"publisher":{"@id":"https:\/\/www.carideal.com\/blog\/#organization"},"image":{"@id":"https:\/\/www.carideal.com\/blog\/2008\/10\/20\/seat-leon-ii-occasion\/#primaryimage"},"thumbnailUrl":"https:\/\/www.carideal.com\/blog\/wp-content\/uploads\/2020\/04\/seatleontdi105referencecarideal-1224597274-e1569257068990.jpg","keywords":["Guide achat voiture"],"articleSection":["Actualit\u00e9 Seat","Essais automobile"],"inLanguage":"fr-FR","potentialAction":[{"@type":"CommentAction","name":"Comment","target":["https:\/\/www.carideal.com\/blog\/2008\/10\/20\/seat-leon-ii-occasion\/#respond"]}]},{"@type":"WebPage","@id":"https:\/\/www.carideal.com\/blog\/2008\/10\/20\/seat-leon-ii-occasion\/","url":"https:\/\/www.carideal.com\/blog\/2008\/10\/20\/seat-leon-ii-occasion\/","name":"Avis Seat Leon II occasion - Blog auto Carid\u00e9al","isPartOf":{"@id":"https:\/\/www.carideal.com\/blog\/#website"},"primaryImageOfPage":{"@id":"https:\/\/www.carideal.com\/blog\/2008\/10\/20\/seat-leon-ii-occasion\/#primaryimage"},"image":{"@id":"https:\/\/www.carideal.com\/blog\/2008\/10\/20\/seat-leon-ii-occasion\/#primaryimage"},"thumbnailUrl":"https:\/\/www.carideal.com\/blog\/wp-content\/uploads\/2020\/04\/seatleontdi105referencecarideal-1224597274-e1569257068990.jpg","datePublished":"2008-10-20T22:00:00+00:00","dateModified":"2020-04-03T15:05:46+00:00","description":"Retrouvez l'essai de la Seat Leon II d'occasion. Tout ce que vous devez savoir sur les bons cot\u00e9s et les moins bons de la Seat leon d'occasion 2008","breadcrumb":{"@id":"https:\/\/www.carideal.com\/blog\/2008\/10\/20\/seat-leon-ii-occasion\/#breadcrumb"},"inLanguage":"fr-FR","potentialAction":[{"@type":"ReadAction","target":["https:\/\/www.carideal.com\/blog\/2008\/10\/20\/seat-leon-ii-occasion\/"]}]},{"@type":"ImageObject","inLanguage":"fr-FR","@id":"https:\/\/www.carideal.com\/blog\/2008\/10\/20\/seat-leon-ii-occasion\/#primaryimage","url":"https:\/\/www.carideal.com\/blog\/wp-content\/uploads\/2020\/04\/seatleontdi105referencecarideal-1224597274-e1569257068990.jpg","contentUrl":"https:\/\/www.carideal.com\/blog\/wp-content\/uploads\/2020\/04\/seatleontdi105referencecarideal-1224597274-e1569257068990.jpg","width":600,"height":450,"caption":"Avis Seat Leon II occasion"},{"@type":"BreadcrumbList","@id":"https:\/\/www.carideal.com\/blog\/2008\/10\/20\/seat-leon-ii-occasion\/#breadcrumb","itemListElement":[{"@type":"ListItem","position":1,"name":"Blog Carid\u00e9al","item":"https:\/\/www.carideal.com\/blog\/"},{"@type":"ListItem","position":2,"name":"Actualit\u00e9 constructeur automobile","item":"https:\/\/www.carideal.com\/blog\/constructeur\/"},{"@type":"ListItem","position":3,"name":"Actualit\u00e9 Seat","item":"https:\/\/www.carideal.com\/blog\/constructeur\/seat\/"},{"@type":"ListItem","position":4,"name":"Avis Seat Leon II occasion"}]},{"@type":"WebSite","@id":"https:\/\/www.carideal.com\/blog\/#website","url":"https:\/\/www.carideal.com\/blog\/","name":"Blog auto Carid\u00e9al","description":"Actualit\u00e9 auto par des passionn\u00e9s","publisher":{"@id":"https:\/\/www.carideal.com\/blog\/#organization"},"potentialAction":[{"@type":"SearchAction","target":{"@type":"EntryPoint","urlTemplate":"https:\/\/www.carideal.com\/blog\/?s={search_term_string}"},"query-input":{"@type":"PropertyValueSpecification","valueRequired":true,"valueName":"search_term_string"}}],"inLanguage":"fr-FR"},{"@type":"Organization","@id":"https:\/\/www.carideal.com\/blog\/#organization","name":"Carideal","url":"https:\/\/www.carideal.com\/blog\/","logo":{"@type":"ImageObject","inLanguage":"fr-FR","@id":"https:\/\/www.carideal.com\/blog\/#\/schema\/logo\/image\/","url":"http:\/\/www.carideal.com\/blog\/wp-content\/uploads\/2016\/03\/logo-carideal-mandataire-automobile.png","contentUrl":"http:\/\/www.carideal.com\/blog\/wp-content\/uploads\/2016\/03\/logo-carideal-mandataire-automobile.png","width":300,"height":300,"caption":"Carideal"},"image":{"@id":"https:\/\/www.carideal.com\/blog\/#\/schema\/logo\/image\/"},"sameAs":["https:\/\/www.facebook.com\/Carideal.mandataire.automobile","https:\/\/x.com\/caridealauto","https:\/\/www.instagram.com\/carideal1\/","https:\/\/www.linkedin.com\/company\/carideal.com","https:\/\/fr.pinterest.com\/schiavonsas\/","https:\/\/www.youtube.com\/user\/caridealsas"]},{"@type":"Person","@id":"https:\/\/www.carideal.com\/blog\/#\/schema\/person\/cd95dc7919660de90d31b366f85be1ec","name":"Nicolas SCHIAVON","image":{"@type":"ImageObject","inLanguage":"fr-FR","@id":"https:\/\/www.carideal.com\/blog\/#\/schema\/person\/image\/","url":"https:\/\/secure.gravatar.com\/avatar\/c17e55009e671d92cc7f5dc837dc418a?s=96&r=g","contentUrl":"https:\/\/secure.gravatar.com\/avatar\/c17e55009e671d92cc7f5dc837dc418a?s=96&r=g","caption":"Nicolas SCHIAVON"},"description":"Nicolas Schiavon est tomb\u00e9 tout petit dans la marmite automobile. Ayant eu un garage de marque automobile, mandataire automobile de la premi\u00e8re heure d\u00e8s 1999. Nicolas a cr\u00e9\u00e9 ces premiers sites de vente de voiture et blog automobile d\u00e8s 1994. Carideal est n\u00e9 le 15 d\u00e9cembre 2000 de la volont\u00e9 de vendre des voitures d'occasions en ligne puis des voitures neuves. Il a pu essayer beaucoup de voitures tr\u00e8s diff\u00e9rentes et ayant eu personnellement quelques belles autos, Subaru Impreza, Mitsubishi Lancer Evo 7, Porsche 911, Ferrari Testarrossa, Audi RS3, RS4 et j'en passe...","sameAs":["http:\/\/www.carideal.com","https:\/\/www.facebook.com\/nicolas.schiavon.39","https:\/\/www.instagram.com\/carideal1\/","https:\/\/www.linkedin.com\/in\/nschiavon\/","https:\/\/x.com\/caridealauto","https:\/\/www.youtube.com\/user\/caridealsas\/"],"url":"https:\/\/www.carideal.com\/blog\/author\/nschiavon\/"}]}},"uagb_featured_image_src":{"full":["https:\/\/www.carideal.com\/blog\/wp-content\/uploads\/2020\/04\/seatleontdi105referencecarideal-1224597274-e1569257068990.jpg",600,450,false],"thumbnail":["https:\/\/www.carideal.com\/blog\/wp-content\/uploads\/2020\/04\/seatleontdi105referencecarideal-1224597274-e1569257068990-150x150.jpg",150,150,true],"medium":["https:\/\/www.carideal.com\/blog\/wp-content\/uploads\/2020\/04\/seatleontdi105referencecarideal-1224597274-e1569257068990-300x225.jpg",300,225,true],"medium_large":["https:\/\/www.carideal.com\/blog\/wp-content\/uploads\/2020\/04\/seatleontdi105referencecarideal-1224597274-e1569257068990.jpg",600,450,false],"large":["https:\/\/www.carideal.com\/blog\/wp-content\/uploads\/2020\/04\/seatleontdi105referencecarideal-1224597274-e1569257068990.jpg",600,450,false],"1536x1536":["https:\/\/www.carideal.com\/blog\/wp-content\/uploads\/2020\/04\/seatleontdi105referencecarideal-1224597274-e1569257068990.jpg",600,450,false],"2048x2048":["https:\/\/www.carideal.com\/blog\/wp-content\/uploads\/2020\/04\/seatleontdi105referencecarideal-1224597274-e1569257068990.jpg",600,450,false],"wppr-widget":["https:\/\/www.carideal.com\/blog\/wp-content\/uploads\/2020\/04\/seatleontdi105referencecarideal-1224597274-e1569257068990-50x38.jpg",50,38,true]},"uagb_author_info":{"display_name":"Nicolas SCHIAVON","author_link":"https:\/\/www.carideal.com\/blog\/author\/nschiavon\/"},"uagb_comment_info":2,"uagb_excerpt":"Notre avis sur la Seat Leon II d'occasion pass\u00e9 en revue Du caract\u00e8re, la Seat Leon II en a \u00e0 revendre en occasion. D'ailleurs, le plumage est \u00e0 la hauteur du ramage. Nous vous donnons notre avis sur la Seat Leon II d'occasion. Ainsi le dynamisme de la ligne se retrouve dans l'agr\u00e9ment de conduite.\u00a0Le\u2026","_links":{"self":[{"href":"https:\/\/www.carideal.com\/blog\/wp-json\/wp\/v2\/posts\/4698"}],"collection":[{"href":"https:\/\/www.carideal.com\/blog\/wp-json\/wp\/v2\/posts"}],"about":[{"href":"https:\/\/www.carideal.com\/blog\/wp-json\/wp\/v2\/types\/post"}],"author":[{"embeddable":true,"href":"https:\/\/www.carideal.com\/blog\/wp-json\/wp\/v2\/users\/3"}],"replies":[{"embeddable":true,"href":"https:\/\/www.carideal.com\/blog\/wp-json\/wp\/v2\/comments?post=4698"}],"version-history":[{"count":0,"href":"https:\/\/www.carideal.com\/blog\/wp-json\/wp\/v2\/posts\/4698\/revisions"}],"wp:featuredmedia":[{"embeddable":true,"href":"https:\/\/www.carideal.com\/blog\/wp-json\/wp\/v2\/media\/24951"}],"wp:attachment":[{"href":"https:\/\/www.carideal.com\/blog\/wp-json\/wp\/v2\/media?parent=4698"}],"wp:term":[{"taxonomy":"category","embeddable":true,"href":"https:\/\/www.carideal.com\/blog\/wp-json\/wp\/v2\/categories?post=4698"},{"taxonomy":"post_tag","embeddable":true,"href":"https:\/\/www.carideal.com\/blog\/wp-json\/wp\/v2\/tags?post=4698"}],"curies":[{"name":"wp","href":"https:\/\/api.w.org\/{rel}","templated":true}]}}