{"id":4697,"date":"2008-10-14T22:00:00","date_gmt":"2008-10-14T22:00:00","guid":{"rendered":"http:\/\/www.carideal.com\/blog\/2008\/10\/14\/renault-megane-ii-d-occasion\/"},"modified":"2020-03-07T16:53:00","modified_gmt":"2020-03-07T15:53:00","slug":"renault-megane-ii-d-occasion","status":"publish","type":"post","link":"https:\/\/www.carideal.com\/blog\/2008\/10\/14\/renault-megane-ii-d-occasion\/","title":{"rendered":"Renault Megane II occasion"},"content":{"rendered":"<div><img decoding=\"async\" src=\"http:\/\/www.carideal.com\/images_actualite\/renaultmeganesportcarideal-1224055380.jpg\" alt=\"\" \/>renault megane d'occasion<\/p>\n<\/div>\n<div><img decoding=\"async\" src=\"http:\/\/www.carideal.com\/images_actualite\/renaultmeganecccarideal-1224055407.jpg\" alt=\"\" \/>renault megane cc d'occasion<\/p>\n<\/div>\n<div><img decoding=\"async\" src=\"http:\/\/www.carideal.com\/images_actualite\/renaultmeganebreakcarideal-1224055445.jpg\" alt=\"\" \/>renault megane break d'occasion<\/p>\n<\/div>\n<p style=\"margin-bottom: 0cm;\">Bien install\u00e9 dans les si\u00e8ges confortables (on ne reprochera que sa position de conduite un peu haute), le conducteur d'une Renault M\u00e9gane est aux anges pour celui qui aime son style et ses mat\u00e9riaux, la pr\u00e9sentation est aurait pu \u00eatre plus flatteuse. L'ergonomie a \u00e9t\u00e9 particuli\u00e8rement soign\u00e9e : les commandes sont intuitives, douces et tombent parfaitement sous la main. Les compteurs sont clairs et lisibles mais dont le design est juste bon pour les scooter. La M\u00e9gane constitue une excellente compagne de route. Son comportement reste s\u00fbr en toutes circonstances, permettant d'enchainer les virages avec d\u00e9contraction. M\u00eame en situation d'urgence, elle ne pi\u00e8ge jamais son pilote, lequel peut compter sur des freins puissants et endurants. Le tableau serait idyllique si la direction b\u00e9n\u00e9ficiait d'un meilleur param\u00e9trage. Ici l'assistance \u00e9lectrique manque de consistance, ce qui a pour effet de gommer les sensations sur l'\u00e9tat de la chauss\u00e9e et l'adh\u00e9rence. Un peu d\u00e9routant !<\/p>\n<p style=\"margin-bottom: 0cm;\">Cot\u00e9 motorisation, la gamme est tr\u00e8s riche. Les blocs essences sont assez sobres et plaisants dans l'ensemble. Evitez le 1.4 16V si possible. Le 2.0 T est un r\u00e9gal mais le budget est \u00e9lev\u00e9. Enfin, la variante RS poss\u00e8de ch\u00e2ssis au top et le moteur qui va avec. Les diesels DCI se distinguent quant \u00e0 eux par leur silence de fonctionnement, leur sobri\u00e9t\u00e9 et leur agr\u00e9ment. Les puissances allant de 85 ch \u00e0 130 ch offrent de tr\u00e8s bon compromis et sont les plus r\u00e9pandues sur le march\u00e9.<\/p>\n<p style=\"margin-bottom: 0cm;\">Ce chapitre est l'un des atouts de cette berline compacte. Hormis pour les occupants de grande taille, qui se sentiront un peu \u00e0 l'\u00e9troit au niveau de la garde au toit \u00e0 l'arri\u00e8re et de la largeur aux coudes, il fait bon vivre dans une m\u00e9gane (avec des lunettes de soleil a cause du style!) si vous emmenez r\u00e9guli\u00e8rement des passagers, mieux vaux choisir le break estate, \u00e9viter la version \u00e0 4 portes en occasion, elle est trop laide et invendable, dont l'empattement allong\u00e9 offre plus d'espace \u00e0 l'arri\u00e8re. A l'avant l'habitabilit\u00e9 est bonne et le tableau de bord pr\u00e9sente bien, avec des couleurs claires selon les versions. A d\u00e9faut d'avoir am\u00e9lior\u00e9 l'habitabilit\u00e9 par rapport \u00e0 la g\u00e9n\u00e9ration pr\u00e9c\u00e9dente, Renault y a ajout\u00e9 moult rangements de contenance fort correcte. Il y en a m\u00eame au plancher comme dans un monospace ! En revanche, l'esthetique \"originale\" de la poupe complique l'acc\u00e8s au coffre et p\u00e9nalise la capacit\u00e9 de chargement, un probl\u00e8me que l'estate et la 4 portes ne connaissent pas.<\/p>\n<p style=\"margin-bottom: 0cm;\">pour courroner le tout cette Renault Megane d'occasion profite d'un excellent confort de suspensions. Ainsi les irr\u00e9gularit\u00e9s de la route sont toujours parfaitement filtr\u00e9es, m\u00eame lorsque la compacte au losange se voit \u00e9quip\u00e9e de jantes de 17 pouces. L'insonorisation est \u00e9galement d'un bon niveau, les bruit d'air \u00e9tant inexistants et le moteur discret, m\u00eame en ce qui concerne les diesels. Par ailleurs, la dotation en \u00e9quipement de s\u00e9rie est fournie sauf sur la version de base authentique.<\/p>\n<p style=\"margin-bottom: 0cm;\">A sa sortie, la Renault Megane faisait r\u00e9f\u00e9rence en mati\u00e8re de qualit\u00e9 de finition, mais que dire de l'aspect visuel des plastiques dures ou mouss\u00e9s ? Ils ne flattent pas l'oeil. Les ajustages sont soign\u00e9s, mais le choix des mat\u00e9riaux est perfectible comme le design int\u00e9rieure. les bruit parasite se font rares. M\u00eame satisfaction avec la sellerie. La Megane ayant recu les derniers equipements technologiques issus de sa grande soeur la Laguna, elle en a aussi h\u00e9las h\u00e9rit\u00e9 diff\u00e9rents probl\u00e8mes. Jusqu'en Fevrier 2003, on rel\u00e8ve ainsi quelques soucis avec les automatismes d'essuie-glaces et l'allumage des codes. Jusqu'en juillet 2003, il peut y avoir des dysfonctionnements du verrouillage centralis\u00e9. Les vitres electriques peuvent redescendre d'elles m\u00eames sur les mod\u00eales de 2002, avec des claquements \u00e0 la descente ou des chutes au fond de la porti\u00e8re jusqu'\u00e0 l'\u00e9t\u00e9 2003. La carte main libre r\u00e9serve quelques surprises mais devient fiable d\u00e8s juin 2004. Au niveau des m\u00e9caniques, les moteurs \u00e0 essence peuvent donner des \u00e0-coups, voir ne pas d\u00e9marrer jusqu'\u00e0 l'\u00e9t\u00e9 2003. A noter aussi, un chuintement de gazole sur les 19 dci jusqu'en d\u00e9but 2003 et un train arri\u00e8re mal r\u00e9gl\u00e9, g\u00e9n\u00e9rant une usure pr\u00e9matur\u00e9 des pneus 16 et 17 pouces. Ses dimmensions 4.21x1.77x1.45 volume du r\u00e9servoir 60 litres. La renault m\u00e9gane II est sortie en octobre 2002 et asubi un restylage en janvier 2006, il y en a 347950 en circulation.<\/p>\n<p style=\"margin-bottom: 0cm;\">\n<p style=\"margin-bottom: 0cm;\">Trouvez votre Renault Megane d'occasion gr\u00e2ce \u00e0 Carideal Mandataire automobile \u00e0 Chambery en Savoie.<\/p>\n","protected":false},"excerpt":{"rendered":"<p>renault megane d&rsquo;occasion renault megane cc d&rsquo;occasion renault megane break d&rsquo;occasion Bien install\u00e9 dans les si\u00e8ges confortables (on ne reprochera que sa position de conduite un peu haute), le conducteur d&rsquo;une Renault M\u00e9gane est aux anges pour celui qui aime son style et ses mat\u00e9riaux, la pr\u00e9sentation est aurait pu \u00eatre plus flatteuse. L&rsquo;ergonomie a &#8230; <a title=\"Renault Megane II occasion\" class=\"read-more\" href=\"https:\/\/www.carideal.com\/blog\/2008\/10\/14\/renault-megane-ii-d-occasion\/\" aria-label=\"En savoir plus sur Renault Megane II occasion\">Lire plus<\/a><\/p>\n","protected":false},"author":3,"featured_media":0,"comment_status":"open","ping_status":"open","sticky":false,"template":"","format":"standard","meta":{"_uag_custom_page_level_css":"","_themeisle_gutenberg_block_has_review":false,"footnotes":""},"categories":[21],"tags":[],"class_list":["post-4697","post","type-post","status-publish","format-standard","hentry","category-actualites-auto"],"wppr_data":[],"yoast_head":"<!-- This site is optimized with the Yoast SEO plugin v24.8.1 - https:\/\/yoast.com\/wordpress\/plugins\/seo\/ -->\n<title>Renault Megane II occasion - Blog auto Carid\u00e9al<\/title>\n<meta name=\"robots\" content=\"index, follow, max-snippet:-1, max-image-preview:large, max-video-preview:-1\" \/>\n<link rel=\"canonical\" href=\"https:\/\/www.carideal.com\/blog\/2008\/10\/14\/renault-megane-ii-d-occasion\/\" \/>\n<meta property=\"og:locale\" content=\"fr_FR\" \/>\n<meta property=\"og:type\" content=\"article\" \/>\n<meta property=\"og:title\" content=\"Renault Megane II occasion - Blog auto Carid\u00e9al\" \/>\n<meta property=\"og:description\" content=\"renault megane d&#039;occasion renault megane cc d&#039;occasion renault megane break d&#039;occasion Bien install\u00e9 dans les si\u00e8ges confortables (on ne reprochera que sa position de conduite un peu haute), le conducteur d&#039;une Renault M\u00e9gane est aux anges pour celui qui aime son style et ses mat\u00e9riaux, la pr\u00e9sentation est aurait pu \u00eatre plus flatteuse. L&#039;ergonomie a ... Lire plus\" \/>\n<meta property=\"og:url\" content=\"https:\/\/www.carideal.com\/blog\/2008\/10\/14\/renault-megane-ii-d-occasion\/\" \/>\n<meta property=\"og:site_name\" content=\"Blog auto Carid\u00e9al\" \/>\n<meta property=\"article:publisher\" content=\"https:\/\/www.facebook.com\/Carideal.mandataire.automobile\" \/>\n<meta property=\"article:author\" content=\"https:\/\/www.facebook.com\/nicolas.schiavon.39\" \/>\n<meta property=\"article:published_time\" content=\"2008-10-14T22:00:00+00:00\" \/>\n<meta property=\"article:modified_time\" content=\"2020-03-07T15:53:00+00:00\" \/>\n<meta property=\"og:image\" content=\"http:\/\/www.carideal.com\/images_actualite\/renaultmeganesportcarideal-1224055380.jpg\" \/>\n<meta name=\"author\" content=\"Nicolas SCHIAVON\" \/>\n<meta name=\"twitter:card\" content=\"summary_large_image\" \/>\n<meta name=\"twitter:creator\" content=\"@caridealauto\" \/>\n<meta name=\"twitter:site\" content=\"@caridealauto\" \/>\n<meta name=\"twitter:label1\" content=\"\u00c9crit par\" \/>\n\t<meta name=\"twitter:data1\" content=\"Nicolas SCHIAVON\" \/>\n\t<meta name=\"twitter:label2\" content=\"Dur\u00e9e de lecture estim\u00e9e\" \/>\n\t<meta name=\"twitter:data2\" content=\"4 minutes\" \/>\n<script type=\"application\/ld+json\" class=\"yoast-schema-graph\">{\"@context\":\"https:\/\/schema.org\",\"@graph\":[{\"@type\":\"Article\",\"@id\":\"https:\/\/www.carideal.com\/blog\/2008\/10\/14\/renault-megane-ii-d-occasion\/#article\",\"isPartOf\":{\"@id\":\"https:\/\/www.carideal.com\/blog\/2008\/10\/14\/renault-megane-ii-d-occasion\/\"},\"author\":{\"name\":\"Nicolas SCHIAVON\",\"@id\":\"https:\/\/www.carideal.com\/blog\/#\/schema\/person\/cd95dc7919660de90d31b366f85be1ec\"},\"headline\":\"Renault Megane II occasion\",\"datePublished\":\"2008-10-14T22:00:00+00:00\",\"dateModified\":\"2020-03-07T15:53:00+00:00\",\"mainEntityOfPage\":{\"@id\":\"https:\/\/www.carideal.com\/blog\/2008\/10\/14\/renault-megane-ii-d-occasion\/\"},\"wordCount\":791,\"commentCount\":0,\"publisher\":{\"@id\":\"https:\/\/www.carideal.com\/blog\/#organization\"},\"image\":{\"@id\":\"https:\/\/www.carideal.com\/blog\/2008\/10\/14\/renault-megane-ii-d-occasion\/#primaryimage\"},\"thumbnailUrl\":\"http:\/\/www.carideal.com\/images_actualite\/renaultmeganesportcarideal-1224055380.jpg\",\"articleSection\":[\"Actualit\u00e9 automobile\"],\"inLanguage\":\"fr-FR\",\"potentialAction\":[{\"@type\":\"CommentAction\",\"name\":\"Comment\",\"target\":[\"https:\/\/www.carideal.com\/blog\/2008\/10\/14\/renault-megane-ii-d-occasion\/#respond\"]}]},{\"@type\":\"WebPage\",\"@id\":\"https:\/\/www.carideal.com\/blog\/2008\/10\/14\/renault-megane-ii-d-occasion\/\",\"url\":\"https:\/\/www.carideal.com\/blog\/2008\/10\/14\/renault-megane-ii-d-occasion\/\",\"name\":\"Renault Megane II occasion - Blog auto Carid\u00e9al\",\"isPartOf\":{\"@id\":\"https:\/\/www.carideal.com\/blog\/#website\"},\"primaryImageOfPage\":{\"@id\":\"https:\/\/www.carideal.com\/blog\/2008\/10\/14\/renault-megane-ii-d-occasion\/#primaryimage\"},\"image\":{\"@id\":\"https:\/\/www.carideal.com\/blog\/2008\/10\/14\/renault-megane-ii-d-occasion\/#primaryimage\"},\"thumbnailUrl\":\"http:\/\/www.carideal.com\/images_actualite\/renaultmeganesportcarideal-1224055380.jpg\",\"datePublished\":\"2008-10-14T22:00:00+00:00\",\"dateModified\":\"2020-03-07T15:53:00+00:00\",\"breadcrumb\":{\"@id\":\"https:\/\/www.carideal.com\/blog\/2008\/10\/14\/renault-megane-ii-d-occasion\/#breadcrumb\"},\"inLanguage\":\"fr-FR\",\"potentialAction\":[{\"@type\":\"ReadAction\",\"target\":[\"https:\/\/www.carideal.com\/blog\/2008\/10\/14\/renault-megane-ii-d-occasion\/\"]}]},{\"@type\":\"ImageObject\",\"inLanguage\":\"fr-FR\",\"@id\":\"https:\/\/www.carideal.com\/blog\/2008\/10\/14\/renault-megane-ii-d-occasion\/#primaryimage\",\"url\":\"http:\/\/www.carideal.com\/images_actualite\/renaultmeganesportcarideal-1224055380.jpg\",\"contentUrl\":\"http:\/\/www.carideal.com\/images_actualite\/renaultmeganesportcarideal-1224055380.jpg\"},{\"@type\":\"BreadcrumbList\",\"@id\":\"https:\/\/www.carideal.com\/blog\/2008\/10\/14\/renault-megane-ii-d-occasion\/#breadcrumb\",\"itemListElement\":[{\"@type\":\"ListItem\",\"position\":1,\"name\":\"Blog Carid\u00e9al\",\"item\":\"https:\/\/www.carideal.com\/blog\/\"},{\"@type\":\"ListItem\",\"position\":2,\"name\":\"Actualit\u00e9 automobile\",\"item\":\"https:\/\/www.carideal.com\/blog\/actualites-auto\/\"},{\"@type\":\"ListItem\",\"position\":3,\"name\":\"Renault Megane II occasion\"}]},{\"@type\":\"WebSite\",\"@id\":\"https:\/\/www.carideal.com\/blog\/#website\",\"url\":\"https:\/\/www.carideal.com\/blog\/\",\"name\":\"Blog auto Carid\u00e9al\",\"description\":\"Actualit\u00e9 auto par des passionn\u00e9s\",\"publisher\":{\"@id\":\"https:\/\/www.carideal.com\/blog\/#organization\"},\"potentialAction\":[{\"@type\":\"SearchAction\",\"target\":{\"@type\":\"EntryPoint\",\"urlTemplate\":\"https:\/\/www.carideal.com\/blog\/?s={search_term_string}\"},\"query-input\":{\"@type\":\"PropertyValueSpecification\",\"valueRequired\":true,\"valueName\":\"search_term_string\"}}],\"inLanguage\":\"fr-FR\"},{\"@type\":\"Organization\",\"@id\":\"https:\/\/www.carideal.com\/blog\/#organization\",\"name\":\"Carideal\",\"url\":\"https:\/\/www.carideal.com\/blog\/\",\"logo\":{\"@type\":\"ImageObject\",\"inLanguage\":\"fr-FR\",\"@id\":\"https:\/\/www.carideal.com\/blog\/#\/schema\/logo\/image\/\",\"url\":\"http:\/\/www.carideal.com\/blog\/wp-content\/uploads\/2016\/03\/logo-carideal-mandataire-automobile.png\",\"contentUrl\":\"http:\/\/www.carideal.com\/blog\/wp-content\/uploads\/2016\/03\/logo-carideal-mandataire-automobile.png\",\"width\":300,\"height\":300,\"caption\":\"Carideal\"},\"image\":{\"@id\":\"https:\/\/www.carideal.com\/blog\/#\/schema\/logo\/image\/\"},\"sameAs\":[\"https:\/\/www.facebook.com\/Carideal.mandataire.automobile\",\"https:\/\/x.com\/caridealauto\",\"https:\/\/www.instagram.com\/carideal1\/\",\"https:\/\/www.linkedin.com\/company\/carideal.com\",\"https:\/\/fr.pinterest.com\/schiavonsas\/\",\"https:\/\/www.youtube.com\/user\/caridealsas\"]},{\"@type\":\"Person\",\"@id\":\"https:\/\/www.carideal.com\/blog\/#\/schema\/person\/cd95dc7919660de90d31b366f85be1ec\",\"name\":\"Nicolas SCHIAVON\",\"image\":{\"@type\":\"ImageObject\",\"inLanguage\":\"fr-FR\",\"@id\":\"https:\/\/www.carideal.com\/blog\/#\/schema\/person\/image\/\",\"url\":\"https:\/\/secure.gravatar.com\/avatar\/c17e55009e671d92cc7f5dc837dc418a?s=96&r=g\",\"contentUrl\":\"https:\/\/secure.gravatar.com\/avatar\/c17e55009e671d92cc7f5dc837dc418a?s=96&r=g\",\"caption\":\"Nicolas SCHIAVON\"},\"description\":\"Nicolas Schiavon est tomb\u00e9 tout petit dans la marmite automobile. Ayant eu un garage de marque automobile, mandataire automobile de la premi\u00e8re heure d\u00e8s 1999. Nicolas a cr\u00e9\u00e9 ces premiers sites de vente de voiture et blog automobile d\u00e8s 1994. Carideal est n\u00e9 le 15 d\u00e9cembre 2000 de la volont\u00e9 de vendre des voitures d'occasions en ligne puis des voitures neuves. Il a pu essayer beaucoup de voitures tr\u00e8s diff\u00e9rentes et ayant eu personnellement quelques belles autos, Subaru Impreza, Mitsubishi Lancer Evo 7, Porsche 911, Ferrari Testarrossa, Audi RS3, RS4 et j'en passe...\",\"sameAs\":[\"http:\/\/www.carideal.com\",\"https:\/\/www.facebook.com\/nicolas.schiavon.39\",\"https:\/\/www.instagram.com\/carideal1\/\",\"https:\/\/www.linkedin.com\/in\/nschiavon\/\",\"https:\/\/x.com\/caridealauto\",\"https:\/\/www.youtube.com\/user\/caridealsas\/\"],\"url\":\"https:\/\/www.carideal.com\/blog\/author\/nschiavon\/\"}]}<\/script>\n<!-- \/ Yoast SEO plugin. -->","yoast_head_json":{"title":"Renault Megane II occasion - Blog auto Carid\u00e9al","robots":{"index":"index","follow":"follow","max-snippet":"max-snippet:-1","max-image-preview":"max-image-preview:large","max-video-preview":"max-video-preview:-1"},"canonical":"https:\/\/www.carideal.com\/blog\/2008\/10\/14\/renault-megane-ii-d-occasion\/","og_locale":"fr_FR","og_type":"article","og_title":"Renault Megane II occasion - Blog auto Carid\u00e9al","og_description":"renault megane d'occasion renault megane cc d'occasion renault megane break d'occasion Bien install\u00e9 dans les si\u00e8ges confortables (on ne reprochera que sa position de conduite un peu haute), le conducteur d'une Renault M\u00e9gane est aux anges pour celui qui aime son style et ses mat\u00e9riaux, la pr\u00e9sentation est aurait pu \u00eatre plus flatteuse. L'ergonomie a ... Lire plus","og_url":"https:\/\/www.carideal.com\/blog\/2008\/10\/14\/renault-megane-ii-d-occasion\/","og_site_name":"Blog auto Carid\u00e9al","article_publisher":"https:\/\/www.facebook.com\/Carideal.mandataire.automobile","article_author":"https:\/\/www.facebook.com\/nicolas.schiavon.39","article_published_time":"2008-10-14T22:00:00+00:00","article_modified_time":"2020-03-07T15:53:00+00:00","og_image":[{"url":"http:\/\/www.carideal.com\/images_actualite\/renaultmeganesportcarideal-1224055380.jpg","type":"","width":"","height":""}],"author":"Nicolas SCHIAVON","twitter_card":"summary_large_image","twitter_creator":"@caridealauto","twitter_site":"@caridealauto","twitter_misc":{"\u00c9crit par":"Nicolas SCHIAVON","Dur\u00e9e de lecture estim\u00e9e":"4 minutes"},"schema":{"@context":"https:\/\/schema.org","@graph":[{"@type":"Article","@id":"https:\/\/www.carideal.com\/blog\/2008\/10\/14\/renault-megane-ii-d-occasion\/#article","isPartOf":{"@id":"https:\/\/www.carideal.com\/blog\/2008\/10\/14\/renault-megane-ii-d-occasion\/"},"author":{"name":"Nicolas SCHIAVON","@id":"https:\/\/www.carideal.com\/blog\/#\/schema\/person\/cd95dc7919660de90d31b366f85be1ec"},"headline":"Renault Megane II occasion","datePublished":"2008-10-14T22:00:00+00:00","dateModified":"2020-03-07T15:53:00+00:00","mainEntityOfPage":{"@id":"https:\/\/www.carideal.com\/blog\/2008\/10\/14\/renault-megane-ii-d-occasion\/"},"wordCount":791,"commentCount":0,"publisher":{"@id":"https:\/\/www.carideal.com\/blog\/#organization"},"image":{"@id":"https:\/\/www.carideal.com\/blog\/2008\/10\/14\/renault-megane-ii-d-occasion\/#primaryimage"},"thumbnailUrl":"http:\/\/www.carideal.com\/images_actualite\/renaultmeganesportcarideal-1224055380.jpg","articleSection":["Actualit\u00e9 automobile"],"inLanguage":"fr-FR","potentialAction":[{"@type":"CommentAction","name":"Comment","target":["https:\/\/www.carideal.com\/blog\/2008\/10\/14\/renault-megane-ii-d-occasion\/#respond"]}]},{"@type":"WebPage","@id":"https:\/\/www.carideal.com\/blog\/2008\/10\/14\/renault-megane-ii-d-occasion\/","url":"https:\/\/www.carideal.com\/blog\/2008\/10\/14\/renault-megane-ii-d-occasion\/","name":"Renault Megane II occasion - Blog auto Carid\u00e9al","isPartOf":{"@id":"https:\/\/www.carideal.com\/blog\/#website"},"primaryImageOfPage":{"@id":"https:\/\/www.carideal.com\/blog\/2008\/10\/14\/renault-megane-ii-d-occasion\/#primaryimage"},"image":{"@id":"https:\/\/www.carideal.com\/blog\/2008\/10\/14\/renault-megane-ii-d-occasion\/#primaryimage"},"thumbnailUrl":"http:\/\/www.carideal.com\/images_actualite\/renaultmeganesportcarideal-1224055380.jpg","datePublished":"2008-10-14T22:00:00+00:00","dateModified":"2020-03-07T15:53:00+00:00","breadcrumb":{"@id":"https:\/\/www.carideal.com\/blog\/2008\/10\/14\/renault-megane-ii-d-occasion\/#breadcrumb"},"inLanguage":"fr-FR","potentialAction":[{"@type":"ReadAction","target":["https:\/\/www.carideal.com\/blog\/2008\/10\/14\/renault-megane-ii-d-occasion\/"]}]},{"@type":"ImageObject","inLanguage":"fr-FR","@id":"https:\/\/www.carideal.com\/blog\/2008\/10\/14\/renault-megane-ii-d-occasion\/#primaryimage","url":"http:\/\/www.carideal.com\/images_actualite\/renaultmeganesportcarideal-1224055380.jpg","contentUrl":"http:\/\/www.carideal.com\/images_actualite\/renaultmeganesportcarideal-1224055380.jpg"},{"@type":"BreadcrumbList","@id":"https:\/\/www.carideal.com\/blog\/2008\/10\/14\/renault-megane-ii-d-occasion\/#breadcrumb","itemListElement":[{"@type":"ListItem","position":1,"name":"Blog Carid\u00e9al","item":"https:\/\/www.carideal.com\/blog\/"},{"@type":"ListItem","position":2,"name":"Actualit\u00e9 automobile","item":"https:\/\/www.carideal.com\/blog\/actualites-auto\/"},{"@type":"ListItem","position":3,"name":"Renault Megane II occasion"}]},{"@type":"WebSite","@id":"https:\/\/www.carideal.com\/blog\/#website","url":"https:\/\/www.carideal.com\/blog\/","name":"Blog auto Carid\u00e9al","description":"Actualit\u00e9 auto par des passionn\u00e9s","publisher":{"@id":"https:\/\/www.carideal.com\/blog\/#organization"},"potentialAction":[{"@type":"SearchAction","target":{"@type":"EntryPoint","urlTemplate":"https:\/\/www.carideal.com\/blog\/?s={search_term_string}"},"query-input":{"@type":"PropertyValueSpecification","valueRequired":true,"valueName":"search_term_string"}}],"inLanguage":"fr-FR"},{"@type":"Organization","@id":"https:\/\/www.carideal.com\/blog\/#organization","name":"Carideal","url":"https:\/\/www.carideal.com\/blog\/","logo":{"@type":"ImageObject","inLanguage":"fr-FR","@id":"https:\/\/www.carideal.com\/blog\/#\/schema\/logo\/image\/","url":"http:\/\/www.carideal.com\/blog\/wp-content\/uploads\/2016\/03\/logo-carideal-mandataire-automobile.png","contentUrl":"http:\/\/www.carideal.com\/blog\/wp-content\/uploads\/2016\/03\/logo-carideal-mandataire-automobile.png","width":300,"height":300,"caption":"Carideal"},"image":{"@id":"https:\/\/www.carideal.com\/blog\/#\/schema\/logo\/image\/"},"sameAs":["https:\/\/www.facebook.com\/Carideal.mandataire.automobile","https:\/\/x.com\/caridealauto","https:\/\/www.instagram.com\/carideal1\/","https:\/\/www.linkedin.com\/company\/carideal.com","https:\/\/fr.pinterest.com\/schiavonsas\/","https:\/\/www.youtube.com\/user\/caridealsas"]},{"@type":"Person","@id":"https:\/\/www.carideal.com\/blog\/#\/schema\/person\/cd95dc7919660de90d31b366f85be1ec","name":"Nicolas SCHIAVON","image":{"@type":"ImageObject","inLanguage":"fr-FR","@id":"https:\/\/www.carideal.com\/blog\/#\/schema\/person\/image\/","url":"https:\/\/secure.gravatar.com\/avatar\/c17e55009e671d92cc7f5dc837dc418a?s=96&r=g","contentUrl":"https:\/\/secure.gravatar.com\/avatar\/c17e55009e671d92cc7f5dc837dc418a?s=96&r=g","caption":"Nicolas SCHIAVON"},"description":"Nicolas Schiavon est tomb\u00e9 tout petit dans la marmite automobile. Ayant eu un garage de marque automobile, mandataire automobile de la premi\u00e8re heure d\u00e8s 1999. Nicolas a cr\u00e9\u00e9 ces premiers sites de vente de voiture et blog automobile d\u00e8s 1994. Carideal est n\u00e9 le 15 d\u00e9cembre 2000 de la volont\u00e9 de vendre des voitures d'occasions en ligne puis des voitures neuves. Il a pu essayer beaucoup de voitures tr\u00e8s diff\u00e9rentes et ayant eu personnellement quelques belles autos, Subaru Impreza, Mitsubishi Lancer Evo 7, Porsche 911, Ferrari Testarrossa, Audi RS3, RS4 et j'en passe...","sameAs":["http:\/\/www.carideal.com","https:\/\/www.facebook.com\/nicolas.schiavon.39","https:\/\/www.instagram.com\/carideal1\/","https:\/\/www.linkedin.com\/in\/nschiavon\/","https:\/\/x.com\/caridealauto","https:\/\/www.youtube.com\/user\/caridealsas\/"],"url":"https:\/\/www.carideal.com\/blog\/author\/nschiavon\/"}]}},"uagb_featured_image_src":{"full":false,"thumbnail":false,"medium":false,"medium_large":false,"large":false,"1536x1536":false,"2048x2048":false,"wppr-widget":false},"uagb_author_info":{"display_name":"Nicolas SCHIAVON","author_link":"https:\/\/www.carideal.com\/blog\/author\/nschiavon\/"},"uagb_comment_info":0,"uagb_excerpt":"renault megane d'occasion renault megane cc d'occasion renault megane break d'occasion Bien install\u00e9 dans les si\u00e8ges confortables (on ne reprochera que sa position de conduite un peu haute), le conducteur d'une Renault M\u00e9gane est aux anges pour celui qui aime son style et ses mat\u00e9riaux, la pr\u00e9sentation est aurait pu \u00eatre plus flatteuse. L'ergonomie a\u2026","_links":{"self":[{"href":"https:\/\/www.carideal.com\/blog\/wp-json\/wp\/v2\/posts\/4697"}],"collection":[{"href":"https:\/\/www.carideal.com\/blog\/wp-json\/wp\/v2\/posts"}],"about":[{"href":"https:\/\/www.carideal.com\/blog\/wp-json\/wp\/v2\/types\/post"}],"author":[{"embeddable":true,"href":"https:\/\/www.carideal.com\/blog\/wp-json\/wp\/v2\/users\/3"}],"replies":[{"embeddable":true,"href":"https:\/\/www.carideal.com\/blog\/wp-json\/wp\/v2\/comments?post=4697"}],"version-history":[{"count":0,"href":"https:\/\/www.carideal.com\/blog\/wp-json\/wp\/v2\/posts\/4697\/revisions"}],"wp:attachment":[{"href":"https:\/\/www.carideal.com\/blog\/wp-json\/wp\/v2\/media?parent=4697"}],"wp:term":[{"taxonomy":"category","embeddable":true,"href":"https:\/\/www.carideal.com\/blog\/wp-json\/wp\/v2\/categories?post=4697"},{"taxonomy":"post_tag","embeddable":true,"href":"https:\/\/www.carideal.com\/blog\/wp-json\/wp\/v2\/tags?post=4697"}],"curies":[{"name":"wp","href":"https:\/\/api.w.org\/{rel}","templated":true}]}}