{"id":4696,"date":"2008-10-13T22:00:00","date_gmt":"2008-10-13T22:00:00","guid":{"rendered":"http:\/\/www.carideal.com\/blog\/2008\/10\/13\/sebastien-loeb-s-est-balade-au-tour-de-corse\/"},"modified":"2020-03-27T21:40:41","modified_gmt":"2020-03-27T20:40:41","slug":"sebastien-loeb-s-est-balade-au-tour-de-corse","status":"publish","type":"post","link":"https:\/\/www.carideal.com\/blog\/2008\/10\/13\/sebastien-loeb-s-est-balade-au-tour-de-corse\/","title":{"rendered":"Sebastien Loeb s&rsquo;est balad\u00e9 au tour de Corse WRC"},"content":{"rendered":"<h2>S\u00e9bastien Loeb s'est balad\u00e9 au tour de Corse WRC<\/h2>\n<div>\n<p><img decoding=\"async\" src=\"http:\/\/www.carideal.com\/images_actualite\/loebpodiumcorse2008carideal-1223962898.jpg\" alt=\"\" \/>Sebastien Loeb Citroen C4 WRC\u00a0podium tour de Corse<\/p>\n<\/div>\n<div>\n<p><img decoding=\"async\" src=\"http:\/\/www.carideal.com\/images_actualite\/loebtourcorse2008carideal-1223962943.jpg\" alt=\"\" \/>Sebastien Loeb attaque des le depart du tour de Corse<\/p>\n<\/div>\n<div>\n<p><img decoding=\"async\" src=\"http:\/\/www.carideal.com\/images_actualite\/loebtourcorse22008carideal-1223962990.jpg\" alt=\"\" \/>Sebastien Loeb ma\u00eetrise le tour de Corse WRC\u00a02008<\/p>\n<\/div>\n<p style=\"margin-bottom: 0cm;\"><a href=\"http:\/\/www.carideal.com\/blog\/2014\/01\/10\/sebatien-loeb-9-champion-monde-wrc\/\">S\u00e9bastien Loeb<\/a> et Daniel Elena, sur Citro\u00ebn C4 WRC ont encore remport\u00e9 le tour de Corse, hier \u00e0 Ajaccio, devant Mikko Hirvonen et Francois Duval sur Ford Focus WRC. C'est la quatri\u00e8me victoire cons\u00e9cutive du tandem Loeb <a href=\"http:\/\/www.carideal.com\/blog\/2014\/01\/11\/daniel-elena-et-sebastien-loeb-champions-sur-la-route-amis-dans-la-vie\/\">Elena<\/a> en Corse et la cinqui\u00e8me d'affil\u00e9e cette saison, apr\u00e8s la Finlande, l'Allemagne et la Nouvelle Z\u00e9lande en Ao\u00fbt, puis la Catalogne d\u00e9but octobre. C'est aussi la 46 eme de leur carri\u00e8re, record absolu en WRC, dont 10 en 2008 sur 13 manches disput\u00e9es.<\/p>\n<p style=\"margin-bottom: 0cm;\">Apr\u00e8s 16 sp\u00e9ciales, Loeb a termin\u00e9 avec 3 minutes et 24 secondes d'avances sur <a href=\"http:\/\/www.carideal.com\/blog\/2012\/05\/23\/mikko-hirvonen-sen-va-en-grece-au-rallye-de-l-acropole\/\">Hirvonen<\/a> qui avait crev\u00e9 hier matin dans l'ES13, perdant deux minutes et demie et r\u00e9trogradant de la 2\u00b0 \u00e0 la 4\u00b0 place, mais qui a b\u00e9n\u00e9fici\u00e9, comme en catalogne, des consignes donn\u00e9es par Ford \u00e0 son co\u00e9quipier belge Francois Duval.<\/p>\n<p style=\"margin-bottom: 0cm;\">Le Belge auteur d'une course impeccable de bout en bout, a offert sa deuxi\u00e8me place \u00e0 Hirvonen en pointant avec deux minutes d'avance au d\u00e9part de la derni\u00e8re sp\u00e9ciale. Quant \u00e0 Jarimatti Latvala, alors 3\u00b0 devant Hirvonen, il a point\u00e9 avec neuf minutes de retard pour permettre \u00e0 Hirvonen de gagner, in extremis, une place de plus. Gr\u00e2ce \u00e0 ce nouveau succ\u00e8s, Sebastien Loeb fait passer de 12 \u00e0 14 points son avance sur Hirvonen en t\u00eate du classement pilotes, mais Citro\u00ebn \u00e0 cause de l'abandon de <a href=\"http:\/\/www.carideal.com\/blog\/2020\/03\/27\/dani-sordo-tres-fair-play-donne-une-belle-image-de-citroen\/\">Dani Sordo<\/a> sur sortie de route vendredi dans l'ES3, voit revenir Ford \u00e0 .....23 points au classement des constructeurs. \u00ab\u00a0C'\u00e9tait encore un week end parfait parce que j'ai pu attaquer fort sans prendre trop de risque\u00a0\u00bb a r\u00e9sum\u00e9 Loeb \u00ab\u00a0 je me suis fais une seule petite chaleur vendredi, dans l'ES4, la voiture m'a \u00e9chapp\u00e9 dans un virage rapide c'\u00e9tait assez fin.\u00a0\u00bb<\/p>\n","protected":false},"excerpt":{"rendered":"<p>S\u00e9bastien Loeb s&rsquo;est balad\u00e9 au tour de Corse WRC Sebastien Loeb Citroen C4 WRC\u00a0podium tour de Corse Sebastien Loeb attaque des le depart du tour de Corse Sebastien Loeb ma\u00eetrise le tour de Corse WRC\u00a02008 S\u00e9bastien Loeb et Daniel Elena, sur Citro\u00ebn C4 WRC ont encore remport\u00e9 le tour de Corse, hier \u00e0 Ajaccio, devant &#8230; <a title=\"Sebastien Loeb s&rsquo;est balad\u00e9 au tour de Corse WRC\" class=\"read-more\" href=\"https:\/\/www.carideal.com\/blog\/2008\/10\/13\/sebastien-loeb-s-est-balade-au-tour-de-corse\/\" aria-label=\"En savoir plus sur Sebastien Loeb s&rsquo;est balad\u00e9 au tour de Corse WRC\">Lire plus<\/a><\/p>\n","protected":false},"author":3,"featured_media":0,"comment_status":"open","ping_status":"open","sticky":false,"template":"","format":"standard","meta":{"_uag_custom_page_level_css":"","_themeisle_gutenberg_block_has_review":false,"footnotes":""},"categories":[21],"tags":[4615,1284],"class_list":["post-4696","post","type-post","status-publish","format-standard","hentry","category-actualites-auto","tag-mikko-hirvonen","tag-sebastien-loeb"],"wppr_data":{"cwp_meta_box_check":"No"},"yoast_head":"<!-- This site is optimized with the Yoast SEO plugin v24.8.1 - https:\/\/yoast.com\/wordpress\/plugins\/seo\/ -->\n<title>Sebastien Loeb s&#039;est balad\u00e9 au tour de Corse WRC - Blog auto Carid\u00e9al<\/title>\n<meta name=\"robots\" content=\"index, follow, max-snippet:-1, max-image-preview:large, max-video-preview:-1\" \/>\n<link rel=\"canonical\" href=\"https:\/\/www.carideal.com\/blog\/2008\/10\/13\/sebastien-loeb-s-est-balade-au-tour-de-corse\/\" \/>\n<meta property=\"og:locale\" content=\"fr_FR\" \/>\n<meta property=\"og:type\" content=\"article\" \/>\n<meta property=\"og:title\" content=\"Sebastien Loeb s&#039;est balad\u00e9 au tour de Corse WRC - Blog auto Carid\u00e9al\" \/>\n<meta property=\"og:description\" content=\"S\u00e9bastien Loeb s&#039;est balad\u00e9 au tour de Corse WRC Sebastien Loeb Citroen C4 WRC\u00a0podium tour de Corse Sebastien Loeb attaque des le depart du tour de Corse Sebastien Loeb ma\u00eetrise le tour de Corse WRC\u00a02008 S\u00e9bastien Loeb et Daniel Elena, sur Citro\u00ebn C4 WRC ont encore remport\u00e9 le tour de Corse, hier \u00e0 Ajaccio, devant ... Lire plus\" \/>\n<meta property=\"og:url\" content=\"https:\/\/www.carideal.com\/blog\/2008\/10\/13\/sebastien-loeb-s-est-balade-au-tour-de-corse\/\" \/>\n<meta property=\"og:site_name\" content=\"Blog auto Carid\u00e9al\" \/>\n<meta property=\"article:publisher\" content=\"https:\/\/www.facebook.com\/Carideal.mandataire.automobile\" \/>\n<meta property=\"article:author\" content=\"https:\/\/www.facebook.com\/nicolas.schiavon.39\" \/>\n<meta property=\"article:published_time\" content=\"2008-10-13T22:00:00+00:00\" \/>\n<meta property=\"article:modified_time\" content=\"2020-03-27T20:40:41+00:00\" \/>\n<meta property=\"og:image\" content=\"http:\/\/www.carideal.com\/images_actualite\/loebpodiumcorse2008carideal-1223962898.jpg\" \/>\n<meta name=\"author\" content=\"Nicolas SCHIAVON\" \/>\n<meta name=\"twitter:card\" content=\"summary_large_image\" \/>\n<meta name=\"twitter:creator\" content=\"@caridealauto\" \/>\n<meta name=\"twitter:site\" content=\"@caridealauto\" \/>\n<meta name=\"twitter:label1\" content=\"\u00c9crit par\" \/>\n\t<meta name=\"twitter:data1\" content=\"Nicolas SCHIAVON\" \/>\n\t<meta name=\"twitter:label2\" content=\"Dur\u00e9e de lecture estim\u00e9e\" \/>\n\t<meta name=\"twitter:data2\" content=\"2 minutes\" \/>\n<script type=\"application\/ld+json\" class=\"yoast-schema-graph\">{\"@context\":\"https:\/\/schema.org\",\"@graph\":[{\"@type\":\"Article\",\"@id\":\"https:\/\/www.carideal.com\/blog\/2008\/10\/13\/sebastien-loeb-s-est-balade-au-tour-de-corse\/#article\",\"isPartOf\":{\"@id\":\"https:\/\/www.carideal.com\/blog\/2008\/10\/13\/sebastien-loeb-s-est-balade-au-tour-de-corse\/\"},\"author\":{\"name\":\"Nicolas SCHIAVON\",\"@id\":\"https:\/\/www.carideal.com\/blog\/#\/schema\/person\/cd95dc7919660de90d31b366f85be1ec\"},\"headline\":\"Sebastien Loeb s&rsquo;est balad\u00e9 au tour de Corse WRC\",\"datePublished\":\"2008-10-13T22:00:00+00:00\",\"dateModified\":\"2020-03-27T20:40:41+00:00\",\"mainEntityOfPage\":{\"@id\":\"https:\/\/www.carideal.com\/blog\/2008\/10\/13\/sebastien-loeb-s-est-balade-au-tour-de-corse\/\"},\"wordCount\":337,\"commentCount\":0,\"publisher\":{\"@id\":\"https:\/\/www.carideal.com\/blog\/#organization\"},\"image\":{\"@id\":\"https:\/\/www.carideal.com\/blog\/2008\/10\/13\/sebastien-loeb-s-est-balade-au-tour-de-corse\/#primaryimage\"},\"thumbnailUrl\":\"http:\/\/www.carideal.com\/images_actualite\/loebpodiumcorse2008carideal-1223962898.jpg\",\"keywords\":[\"Mikko Hirvonen\",\"Sebastien Loeb Champion du monde\"],\"articleSection\":[\"Actualit\u00e9 automobile\"],\"inLanguage\":\"fr-FR\",\"potentialAction\":[{\"@type\":\"CommentAction\",\"name\":\"Comment\",\"target\":[\"https:\/\/www.carideal.com\/blog\/2008\/10\/13\/sebastien-loeb-s-est-balade-au-tour-de-corse\/#respond\"]}]},{\"@type\":\"WebPage\",\"@id\":\"https:\/\/www.carideal.com\/blog\/2008\/10\/13\/sebastien-loeb-s-est-balade-au-tour-de-corse\/\",\"url\":\"https:\/\/www.carideal.com\/blog\/2008\/10\/13\/sebastien-loeb-s-est-balade-au-tour-de-corse\/\",\"name\":\"Sebastien Loeb s'est balad\u00e9 au tour de Corse WRC - Blog auto Carid\u00e9al\",\"isPartOf\":{\"@id\":\"https:\/\/www.carideal.com\/blog\/#website\"},\"primaryImageOfPage\":{\"@id\":\"https:\/\/www.carideal.com\/blog\/2008\/10\/13\/sebastien-loeb-s-est-balade-au-tour-de-corse\/#primaryimage\"},\"image\":{\"@id\":\"https:\/\/www.carideal.com\/blog\/2008\/10\/13\/sebastien-loeb-s-est-balade-au-tour-de-corse\/#primaryimage\"},\"thumbnailUrl\":\"http:\/\/www.carideal.com\/images_actualite\/loebpodiumcorse2008carideal-1223962898.jpg\",\"datePublished\":\"2008-10-13T22:00:00+00:00\",\"dateModified\":\"2020-03-27T20:40:41+00:00\",\"breadcrumb\":{\"@id\":\"https:\/\/www.carideal.com\/blog\/2008\/10\/13\/sebastien-loeb-s-est-balade-au-tour-de-corse\/#breadcrumb\"},\"inLanguage\":\"fr-FR\",\"potentialAction\":[{\"@type\":\"ReadAction\",\"target\":[\"https:\/\/www.carideal.com\/blog\/2008\/10\/13\/sebastien-loeb-s-est-balade-au-tour-de-corse\/\"]}]},{\"@type\":\"ImageObject\",\"inLanguage\":\"fr-FR\",\"@id\":\"https:\/\/www.carideal.com\/blog\/2008\/10\/13\/sebastien-loeb-s-est-balade-au-tour-de-corse\/#primaryimage\",\"url\":\"http:\/\/www.carideal.com\/images_actualite\/loebpodiumcorse2008carideal-1223962898.jpg\",\"contentUrl\":\"http:\/\/www.carideal.com\/images_actualite\/loebpodiumcorse2008carideal-1223962898.jpg\"},{\"@type\":\"BreadcrumbList\",\"@id\":\"https:\/\/www.carideal.com\/blog\/2008\/10\/13\/sebastien-loeb-s-est-balade-au-tour-de-corse\/#breadcrumb\",\"itemListElement\":[{\"@type\":\"ListItem\",\"position\":1,\"name\":\"Blog Carid\u00e9al\",\"item\":\"https:\/\/www.carideal.com\/blog\/\"},{\"@type\":\"ListItem\",\"position\":2,\"name\":\"Actualit\u00e9 automobile\",\"item\":\"https:\/\/www.carideal.com\/blog\/actualites-auto\/\"},{\"@type\":\"ListItem\",\"position\":3,\"name\":\"Sebastien Loeb s&rsquo;est balad\u00e9 au tour de Corse WRC\"}]},{\"@type\":\"WebSite\",\"@id\":\"https:\/\/www.carideal.com\/blog\/#website\",\"url\":\"https:\/\/www.carideal.com\/blog\/\",\"name\":\"Blog auto Carid\u00e9al\",\"description\":\"Actualit\u00e9 auto par des passionn\u00e9s\",\"publisher\":{\"@id\":\"https:\/\/www.carideal.com\/blog\/#organization\"},\"potentialAction\":[{\"@type\":\"SearchAction\",\"target\":{\"@type\":\"EntryPoint\",\"urlTemplate\":\"https:\/\/www.carideal.com\/blog\/?s={search_term_string}\"},\"query-input\":{\"@type\":\"PropertyValueSpecification\",\"valueRequired\":true,\"valueName\":\"search_term_string\"}}],\"inLanguage\":\"fr-FR\"},{\"@type\":\"Organization\",\"@id\":\"https:\/\/www.carideal.com\/blog\/#organization\",\"name\":\"Carideal\",\"url\":\"https:\/\/www.carideal.com\/blog\/\",\"logo\":{\"@type\":\"ImageObject\",\"inLanguage\":\"fr-FR\",\"@id\":\"https:\/\/www.carideal.com\/blog\/#\/schema\/logo\/image\/\",\"url\":\"http:\/\/www.carideal.com\/blog\/wp-content\/uploads\/2016\/03\/logo-carideal-mandataire-automobile.png\",\"contentUrl\":\"http:\/\/www.carideal.com\/blog\/wp-content\/uploads\/2016\/03\/logo-carideal-mandataire-automobile.png\",\"width\":300,\"height\":300,\"caption\":\"Carideal\"},\"image\":{\"@id\":\"https:\/\/www.carideal.com\/blog\/#\/schema\/logo\/image\/\"},\"sameAs\":[\"https:\/\/www.facebook.com\/Carideal.mandataire.automobile\",\"https:\/\/x.com\/caridealauto\",\"https:\/\/www.instagram.com\/carideal1\/\",\"https:\/\/www.linkedin.com\/company\/carideal.com\",\"https:\/\/fr.pinterest.com\/schiavonsas\/\",\"https:\/\/www.youtube.com\/user\/caridealsas\"]},{\"@type\":\"Person\",\"@id\":\"https:\/\/www.carideal.com\/blog\/#\/schema\/person\/cd95dc7919660de90d31b366f85be1ec\",\"name\":\"Nicolas SCHIAVON\",\"image\":{\"@type\":\"ImageObject\",\"inLanguage\":\"fr-FR\",\"@id\":\"https:\/\/www.carideal.com\/blog\/#\/schema\/person\/image\/\",\"url\":\"https:\/\/secure.gravatar.com\/avatar\/c17e55009e671d92cc7f5dc837dc418a?s=96&r=g\",\"contentUrl\":\"https:\/\/secure.gravatar.com\/avatar\/c17e55009e671d92cc7f5dc837dc418a?s=96&r=g\",\"caption\":\"Nicolas SCHIAVON\"},\"description\":\"Nicolas Schiavon est tomb\u00e9 tout petit dans la marmite automobile. Ayant eu un garage de marque automobile, mandataire automobile de la premi\u00e8re heure d\u00e8s 1999. Nicolas a cr\u00e9\u00e9 ces premiers sites de vente de voiture et blog automobile d\u00e8s 1994. Carideal est n\u00e9 le 15 d\u00e9cembre 2000 de la volont\u00e9 de vendre des voitures d'occasions en ligne puis des voitures neuves. Il a pu essayer beaucoup de voitures tr\u00e8s diff\u00e9rentes et ayant eu personnellement quelques belles autos, Subaru Impreza, Mitsubishi Lancer Evo 7, Porsche 911, Ferrari Testarrossa, Audi RS3, RS4 et j'en passe...\",\"sameAs\":[\"http:\/\/www.carideal.com\",\"https:\/\/www.facebook.com\/nicolas.schiavon.39\",\"https:\/\/www.instagram.com\/carideal1\/\",\"https:\/\/www.linkedin.com\/in\/nschiavon\/\",\"https:\/\/x.com\/caridealauto\",\"https:\/\/www.youtube.com\/user\/caridealsas\/\"],\"url\":\"https:\/\/www.carideal.com\/blog\/author\/nschiavon\/\"}]}<\/script>\n<!-- \/ Yoast SEO plugin. -->","yoast_head_json":{"title":"Sebastien Loeb s'est balad\u00e9 au tour de Corse WRC - Blog auto Carid\u00e9al","robots":{"index":"index","follow":"follow","max-snippet":"max-snippet:-1","max-image-preview":"max-image-preview:large","max-video-preview":"max-video-preview:-1"},"canonical":"https:\/\/www.carideal.com\/blog\/2008\/10\/13\/sebastien-loeb-s-est-balade-au-tour-de-corse\/","og_locale":"fr_FR","og_type":"article","og_title":"Sebastien Loeb s'est balad\u00e9 au tour de Corse WRC - Blog auto Carid\u00e9al","og_description":"S\u00e9bastien Loeb s'est balad\u00e9 au tour de Corse WRC Sebastien Loeb Citroen C4 WRC\u00a0podium tour de Corse Sebastien Loeb attaque des le depart du tour de Corse Sebastien Loeb ma\u00eetrise le tour de Corse WRC\u00a02008 S\u00e9bastien Loeb et Daniel Elena, sur Citro\u00ebn C4 WRC ont encore remport\u00e9 le tour de Corse, hier \u00e0 Ajaccio, devant ... Lire plus","og_url":"https:\/\/www.carideal.com\/blog\/2008\/10\/13\/sebastien-loeb-s-est-balade-au-tour-de-corse\/","og_site_name":"Blog auto Carid\u00e9al","article_publisher":"https:\/\/www.facebook.com\/Carideal.mandataire.automobile","article_author":"https:\/\/www.facebook.com\/nicolas.schiavon.39","article_published_time":"2008-10-13T22:00:00+00:00","article_modified_time":"2020-03-27T20:40:41+00:00","og_image":[{"url":"http:\/\/www.carideal.com\/images_actualite\/loebpodiumcorse2008carideal-1223962898.jpg","type":"","width":"","height":""}],"author":"Nicolas SCHIAVON","twitter_card":"summary_large_image","twitter_creator":"@caridealauto","twitter_site":"@caridealauto","twitter_misc":{"\u00c9crit par":"Nicolas SCHIAVON","Dur\u00e9e de lecture estim\u00e9e":"2 minutes"},"schema":{"@context":"https:\/\/schema.org","@graph":[{"@type":"Article","@id":"https:\/\/www.carideal.com\/blog\/2008\/10\/13\/sebastien-loeb-s-est-balade-au-tour-de-corse\/#article","isPartOf":{"@id":"https:\/\/www.carideal.com\/blog\/2008\/10\/13\/sebastien-loeb-s-est-balade-au-tour-de-corse\/"},"author":{"name":"Nicolas SCHIAVON","@id":"https:\/\/www.carideal.com\/blog\/#\/schema\/person\/cd95dc7919660de90d31b366f85be1ec"},"headline":"Sebastien Loeb s&rsquo;est balad\u00e9 au tour de Corse WRC","datePublished":"2008-10-13T22:00:00+00:00","dateModified":"2020-03-27T20:40:41+00:00","mainEntityOfPage":{"@id":"https:\/\/www.carideal.com\/blog\/2008\/10\/13\/sebastien-loeb-s-est-balade-au-tour-de-corse\/"},"wordCount":337,"commentCount":0,"publisher":{"@id":"https:\/\/www.carideal.com\/blog\/#organization"},"image":{"@id":"https:\/\/www.carideal.com\/blog\/2008\/10\/13\/sebastien-loeb-s-est-balade-au-tour-de-corse\/#primaryimage"},"thumbnailUrl":"http:\/\/www.carideal.com\/images_actualite\/loebpodiumcorse2008carideal-1223962898.jpg","keywords":["Mikko Hirvonen","Sebastien Loeb Champion du monde"],"articleSection":["Actualit\u00e9 automobile"],"inLanguage":"fr-FR","potentialAction":[{"@type":"CommentAction","name":"Comment","target":["https:\/\/www.carideal.com\/blog\/2008\/10\/13\/sebastien-loeb-s-est-balade-au-tour-de-corse\/#respond"]}]},{"@type":"WebPage","@id":"https:\/\/www.carideal.com\/blog\/2008\/10\/13\/sebastien-loeb-s-est-balade-au-tour-de-corse\/","url":"https:\/\/www.carideal.com\/blog\/2008\/10\/13\/sebastien-loeb-s-est-balade-au-tour-de-corse\/","name":"Sebastien Loeb s'est balad\u00e9 au tour de Corse WRC - Blog auto Carid\u00e9al","isPartOf":{"@id":"https:\/\/www.carideal.com\/blog\/#website"},"primaryImageOfPage":{"@id":"https:\/\/www.carideal.com\/blog\/2008\/10\/13\/sebastien-loeb-s-est-balade-au-tour-de-corse\/#primaryimage"},"image":{"@id":"https:\/\/www.carideal.com\/blog\/2008\/10\/13\/sebastien-loeb-s-est-balade-au-tour-de-corse\/#primaryimage"},"thumbnailUrl":"http:\/\/www.carideal.com\/images_actualite\/loebpodiumcorse2008carideal-1223962898.jpg","datePublished":"2008-10-13T22:00:00+00:00","dateModified":"2020-03-27T20:40:41+00:00","breadcrumb":{"@id":"https:\/\/www.carideal.com\/blog\/2008\/10\/13\/sebastien-loeb-s-est-balade-au-tour-de-corse\/#breadcrumb"},"inLanguage":"fr-FR","potentialAction":[{"@type":"ReadAction","target":["https:\/\/www.carideal.com\/blog\/2008\/10\/13\/sebastien-loeb-s-est-balade-au-tour-de-corse\/"]}]},{"@type":"ImageObject","inLanguage":"fr-FR","@id":"https:\/\/www.carideal.com\/blog\/2008\/10\/13\/sebastien-loeb-s-est-balade-au-tour-de-corse\/#primaryimage","url":"http:\/\/www.carideal.com\/images_actualite\/loebpodiumcorse2008carideal-1223962898.jpg","contentUrl":"http:\/\/www.carideal.com\/images_actualite\/loebpodiumcorse2008carideal-1223962898.jpg"},{"@type":"BreadcrumbList","@id":"https:\/\/www.carideal.com\/blog\/2008\/10\/13\/sebastien-loeb-s-est-balade-au-tour-de-corse\/#breadcrumb","itemListElement":[{"@type":"ListItem","position":1,"name":"Blog Carid\u00e9al","item":"https:\/\/www.carideal.com\/blog\/"},{"@type":"ListItem","position":2,"name":"Actualit\u00e9 automobile","item":"https:\/\/www.carideal.com\/blog\/actualites-auto\/"},{"@type":"ListItem","position":3,"name":"Sebastien Loeb s&rsquo;est balad\u00e9 au tour de Corse WRC"}]},{"@type":"WebSite","@id":"https:\/\/www.carideal.com\/blog\/#website","url":"https:\/\/www.carideal.com\/blog\/","name":"Blog auto Carid\u00e9al","description":"Actualit\u00e9 auto par des passionn\u00e9s","publisher":{"@id":"https:\/\/www.carideal.com\/blog\/#organization"},"potentialAction":[{"@type":"SearchAction","target":{"@type":"EntryPoint","urlTemplate":"https:\/\/www.carideal.com\/blog\/?s={search_term_string}"},"query-input":{"@type":"PropertyValueSpecification","valueRequired":true,"valueName":"search_term_string"}}],"inLanguage":"fr-FR"},{"@type":"Organization","@id":"https:\/\/www.carideal.com\/blog\/#organization","name":"Carideal","url":"https:\/\/www.carideal.com\/blog\/","logo":{"@type":"ImageObject","inLanguage":"fr-FR","@id":"https:\/\/www.carideal.com\/blog\/#\/schema\/logo\/image\/","url":"http:\/\/www.carideal.com\/blog\/wp-content\/uploads\/2016\/03\/logo-carideal-mandataire-automobile.png","contentUrl":"http:\/\/www.carideal.com\/blog\/wp-content\/uploads\/2016\/03\/logo-carideal-mandataire-automobile.png","width":300,"height":300,"caption":"Carideal"},"image":{"@id":"https:\/\/www.carideal.com\/blog\/#\/schema\/logo\/image\/"},"sameAs":["https:\/\/www.facebook.com\/Carideal.mandataire.automobile","https:\/\/x.com\/caridealauto","https:\/\/www.instagram.com\/carideal1\/","https:\/\/www.linkedin.com\/company\/carideal.com","https:\/\/fr.pinterest.com\/schiavonsas\/","https:\/\/www.youtube.com\/user\/caridealsas"]},{"@type":"Person","@id":"https:\/\/www.carideal.com\/blog\/#\/schema\/person\/cd95dc7919660de90d31b366f85be1ec","name":"Nicolas SCHIAVON","image":{"@type":"ImageObject","inLanguage":"fr-FR","@id":"https:\/\/www.carideal.com\/blog\/#\/schema\/person\/image\/","url":"https:\/\/secure.gravatar.com\/avatar\/c17e55009e671d92cc7f5dc837dc418a?s=96&r=g","contentUrl":"https:\/\/secure.gravatar.com\/avatar\/c17e55009e671d92cc7f5dc837dc418a?s=96&r=g","caption":"Nicolas SCHIAVON"},"description":"Nicolas Schiavon est tomb\u00e9 tout petit dans la marmite automobile. Ayant eu un garage de marque automobile, mandataire automobile de la premi\u00e8re heure d\u00e8s 1999. Nicolas a cr\u00e9\u00e9 ces premiers sites de vente de voiture et blog automobile d\u00e8s 1994. Carideal est n\u00e9 le 15 d\u00e9cembre 2000 de la volont\u00e9 de vendre des voitures d'occasions en ligne puis des voitures neuves. Il a pu essayer beaucoup de voitures tr\u00e8s diff\u00e9rentes et ayant eu personnellement quelques belles autos, Subaru Impreza, Mitsubishi Lancer Evo 7, Porsche 911, Ferrari Testarrossa, Audi RS3, RS4 et j'en passe...","sameAs":["http:\/\/www.carideal.com","https:\/\/www.facebook.com\/nicolas.schiavon.39","https:\/\/www.instagram.com\/carideal1\/","https:\/\/www.linkedin.com\/in\/nschiavon\/","https:\/\/x.com\/caridealauto","https:\/\/www.youtube.com\/user\/caridealsas\/"],"url":"https:\/\/www.carideal.com\/blog\/author\/nschiavon\/"}]}},"uagb_featured_image_src":{"full":false,"thumbnail":false,"medium":false,"medium_large":false,"large":false,"1536x1536":false,"2048x2048":false,"wppr-widget":false},"uagb_author_info":{"display_name":"Nicolas SCHIAVON","author_link":"https:\/\/www.carideal.com\/blog\/author\/nschiavon\/"},"uagb_comment_info":0,"uagb_excerpt":"S\u00e9bastien Loeb s'est balad\u00e9 au tour de Corse WRC Sebastien Loeb Citroen C4 WRC\u00a0podium tour de Corse Sebastien Loeb attaque des le depart du tour de Corse Sebastien Loeb ma\u00eetrise le tour de Corse WRC\u00a02008 S\u00e9bastien Loeb et Daniel Elena, sur Citro\u00ebn C4 WRC ont encore remport\u00e9 le tour de Corse, hier \u00e0 Ajaccio, devant\u2026","_links":{"self":[{"href":"https:\/\/www.carideal.com\/blog\/wp-json\/wp\/v2\/posts\/4696"}],"collection":[{"href":"https:\/\/www.carideal.com\/blog\/wp-json\/wp\/v2\/posts"}],"about":[{"href":"https:\/\/www.carideal.com\/blog\/wp-json\/wp\/v2\/types\/post"}],"author":[{"embeddable":true,"href":"https:\/\/www.carideal.com\/blog\/wp-json\/wp\/v2\/users\/3"}],"replies":[{"embeddable":true,"href":"https:\/\/www.carideal.com\/blog\/wp-json\/wp\/v2\/comments?post=4696"}],"version-history":[{"count":0,"href":"https:\/\/www.carideal.com\/blog\/wp-json\/wp\/v2\/posts\/4696\/revisions"}],"wp:attachment":[{"href":"https:\/\/www.carideal.com\/blog\/wp-json\/wp\/v2\/media?parent=4696"}],"wp:term":[{"taxonomy":"category","embeddable":true,"href":"https:\/\/www.carideal.com\/blog\/wp-json\/wp\/v2\/categories?post=4696"},{"taxonomy":"post_tag","embeddable":true,"href":"https:\/\/www.carideal.com\/blog\/wp-json\/wp\/v2\/tags?post=4696"}],"curies":[{"name":"wp","href":"https:\/\/api.w.org\/{rel}","templated":true}]}}