{"id":4694,"date":"2008-10-07T22:00:00","date_gmt":"2008-10-07T22:00:00","guid":{"rendered":"http:\/\/www.carideal.com\/blog\/2008\/10\/07\/peugeot-307-occasion\/"},"modified":"2016-12-07T12:32:45","modified_gmt":"2016-12-07T11:32:45","slug":"peugeot-307-occasion","status":"publish","type":"post","link":"https:\/\/www.carideal.com\/blog\/2008\/10\/07\/peugeot-307-occasion\/","title":{"rendered":"Peugeot 307 Occasion &#8211; Pr\u00e9sentation"},"content":{"rendered":"<h1><strong>Peugeot 307 Occasion<\/strong><\/h1>\n<div>\n<p>Retour sur un succ\u00e8s de la gamme Peugeot dans le segment des berlines compactes : la <strong>Peugeot 307 d'occasion<\/strong>.<\/p>\n<\/div>\n<div>\n<figure style=\"width: 440px\" class=\"wp-caption alignnone\"><img loading=\"lazy\" decoding=\"async\" title=\"Peugeot 307 SW occasion\" src=\"http:\/\/www.carideal.com\/images_actualite\/peugeot307sw20051-1223478028.jpg\" alt=\"Peugeot 307 SW occasion\" width=\"450\" height=\"300\" \/><figcaption class=\"wp-caption-text\">Peugeot 307 occasion SW<\/figcaption><\/figure>\n<h2>Peugeot 307 sw occasion<\/h2>\n<\/div>\n<div>\n<figure style=\"width: 566px\" class=\"wp-caption alignnone\"><img loading=\"lazy\" decoding=\"async\" title=\"Peugeot 307 Occasion Break \" src=\"http:\/\/www.carideal.com\/images_actualite\/peugeot307swcarideal-1223478052.jpg\" alt=\"Peugeot 307 Occasion Break \" width=\"576\" height=\"330\" \/><figcaption class=\"wp-caption-text\">Peugeot 307 Occasion Break<\/figcaption><\/figure>\n<\/div>\n<p style=\"margin-bottom: 0cm;\">La Peugeot 307 est sortie en avril 2001 et a \u00e9t\u00e9 restyl\u00e9e en juin 2005, il y en a 716500 en circulation.<\/p>\n<p>Comme toute <a href=\"http:\/\/www.carideal.com\/blog\/marque-de-voiture-actualites-essais\/peugeot\/\">Peugeot<\/a> qui se respecte, la Peugeot 307 d'occasion offre un comportement routier de tout premier ordre. Freinage bien \u00e9quilibr\u00e9 m\u00eame dans les situations d'urgence, tenue de cap sans faille : elle permet quelques erreurs surtout si elle est \u00e9quip\u00e9e de l'ESP.<\/p>\n<p style=\"margin-bottom: 0cm;\">Le constructeur Peugeot a su garantir un tr\u00e8s bon compromis entre tenue de route et confort. A bord, le conducteur trouve vite ses rep\u00e8res : si\u00e8ge r\u00e9glable en hauteur, commandes douces et tombant bien sous la main, compteurs lisibles. Le seul d\u00e9faut tient \u00e0 sa conception typ\u00e9 <a href=\"http:\/\/www.carideal.com\/blog\/2014\/05\/26\/break-monospace-2014\/\">monospace<\/a> : les montants de pare-brise. En effet, \u00e9pais et inclin\u00e9s, ceux ci alt\u00e8rent la vision p\u00e9riph\u00e9rique, ce qui peut perturber en agglom\u00e9ration.<\/p>\n<h2 style=\"margin-bottom: 0cm;\">Les motorisations de la Peugeot 307 d'occasion<\/h2>\n<p style=\"margin-bottom: 0cm;\">Cot\u00e9 moteurs, vous avez l'embarras du choix mais, sachant que la voiture a pris un certain embonpoint par rapport \u00e0 sa devanci\u00e8re, mieux vaut \u00e9viter les versions d'entr\u00e9e de gamme de la Peugeot 307 d'occasion. Les <a href=\"http:\/\/www.carideal.com\/blog\/2010\/10\/14\/citroen-diesel-e-hdi-ecolo\/\">diesels HDI<\/a> procurent un bon agr\u00e9ment gr\u00e2ce \u00e0 leur tr\u00e8s grande souplesse. Les 1.6 de nouvelle g\u00e9n\u00e9ration se montrent m\u00eame plus performants malgr\u00e9 leur cylindr\u00e9e r\u00e9duite, tout en affichant une consommation moindre ! Pour les plus press\u00e9s, le 2.0 de 136 ch offre de belles sensations. Dans tous les cas, le travail sur l'insonorisation et la ma\u00eetrise des vibrations participent \u00e9galement au confort g\u00e9n\u00e9ral. Ne b\u00e9n\u00e9ficiant pas d'un couple aussi important, les moteurs essences sont moins \u00e0 l'aise. Cons\u00e9quence, le conducteur est tr\u00e8s souvent contraint de r\u00e9trograder ou de monter dans les tours. Pour autant, ces moteurs assurent eux aussi un certain plaisir de conduite et se distinguent des diesels par un niveau sonore moins \u00e9lev\u00e9.<\/p>\n<h2 style=\"margin-bottom: 0cm;\">La Peugeot 307 d'occasion \u00e0 Vivre<\/h2>\n<p style=\"margin-bottom: 0cm;\">La Peugeot 307 d'occasion sait recevoir. Sa hauteur peu commune et son pare-brise inclin\u00e9 \u00e0 la fa\u00e7on des monospaces lui permettent d'offrir une des meilleures habitabilit\u00e9s dans la cat\u00e9gorie, notamment aux places avants.<\/p>\n<p style=\"margin-bottom: 0cm;\">A l'arri\u00e8re, les passagers b\u00e9n\u00e9ficient d'une excellente garde au toit et d'un espace aux jambes convenable. Le break, dont l'empattement est sup\u00e9rieur de 10 cm , fait mieux. Cette sensation d'espace est accentu\u00e9 sur la 307 SW d'occasion gr\u00e2ce \u00e0 son toit panoramique.. Cette variante a aussi l'avantage de pouvoir accueillir jusqu'\u00e0 7 personnes via deux si\u00e8ges individuels non escamotables suppl\u00e9mentaires dans le plancher, principalement d\u00e9di\u00e9s \u00e0 des enfants. Par ailleurs, les suspensions filtrent bien les irr\u00e9gularit\u00e9s de la route, sauf \u00e0 faible allure, et les si\u00e8ges assurent un bon maintien. Toutefois, vous ferez bien d'\u00e9viter les grosses jantes dont le diam\u00e8tre d\u00e9grade le confort. Seul les bruits de roulement un peu trop pr\u00e9sents dans l'habitacle ternissent le tableau. Apr\u00e8s s'\u00eatre bien install\u00e9s, les passagers pourront vider leurs poches sans soucis. Ergonomiques et d'une bonne contenance, de nombreux rangements sont dissimul\u00e9s dans l'habitacle. Bon point \u00e9galement pour la boite \u00e0 gants, qui poss\u00e8de un beau volume (gr\u00e2ce \u00e0 la planche de bord profonde). En revanche, cot\u00e9 coffre, si la capacit\u00e9 de chargement n'est pas ridicule, elle se situe juste dans la moyenne de la cat\u00e9gorie. Pour jouer les d\u00e9m\u00e9nageurs, la soute carr\u00e9e et spacieuse du break conviendrait mieux. Au chapitre \u00e9quipement, la Peugeot 307 d'occasion se montre g\u00e9n\u00e9reuse d\u00e8s le premier niveau de finition. Au cours de sa carri\u00e8re, beaucoup de remaniements ont \u00e9t\u00e9 op\u00e9r\u00e9s dans la gamme, en augmentant toujours la dotation de s\u00e9rie.<\/p>\n<h2 style=\"margin-bottom: 0cm;\">Qualit\u00e9 et fiabilit\u00e9 de la Peugeot 307 d'occasion<\/h2>\n<p style=\"margin-bottom: 0cm;\">Quoique bien construite, la 307 Peugeot n'est pas toujours fiable jusqu'\u00e0 2005. En cause, l'electronique, notamment le BSI (boitier se servitude intelligent). A noter aussi, des probl\u00e8mes m\u00e9caniques sur les HDI (d\u00e9fauts sur les volants moteurs). Cela dit, les moteurs sont globalement fiables. Bon \u00e0 savoir, la Peugeot tend \u00e0 manger de la gomme \u00e0 l'arri\u00e8re. La finition n'est pas non plus son point fort. Si le haut de la planche de bord arbore un plastique rembourr\u00e9 de qualit\u00e9, la partie basse h\u00e9rite d'un mat\u00e9riau dur et brillant qui d\u00e9tonne. Enfin les assemblages manquent aussi de rigueur.<\/p>\n<p style=\"margin-bottom: 0cm;\">N'ayant pas de monospace compact dans sa gamme, Peugeot a monospacis\u00e9 son break 307 en le dotant de si\u00e8ges arri\u00e8res coulissants et ind\u00e9pendants et d'un vaste toit panoramique en verre. Si \u00e0 l'arri\u00e8re les passagers profitent d'une excellente garde au toit, l'espace aux jambes n'est pas aussi g\u00e9n\u00e9reux. La cabine avant b\u00e9n\u00e9ficie, en outre, d'une visibilit\u00e9 remarquable. Quelle que soit la version, restyl\u00e9e ou pas, la planche de bord se contente d'une qualit\u00e9 tr\u00e8s moyenne et disparate. Ses dimensions 4.2x1.75x1.5 volume du r\u00e9servoir 60 litres.<\/p>\n<p style=\"margin-bottom: 0cm;\">Trouvez votre Peugeot 307 d'occasion avec Carideal Mandataire automobile \u00e0 Chamb\u00e9ry en Savoie.<\/p>\n<h2 style=\"margin-bottom: 0cm;\">Vid\u00e9o Peugeot 307 d'occasion<\/h2>\n<p><iframe loading=\"lazy\" src=\"https:\/\/www.youtube.com\/embed\/1w7OlJRb9dw\" width=\"560\" height=\"315\" frameborder=\"0\" allowfullscreen=\"allowfullscreen\"><\/iframe><\/p>\n","protected":false},"excerpt":{"rendered":"<p>Peugeot 307 Occasion Retour sur un succ\u00e8s de la gamme Peugeot dans le segment des berlines compactes : la Peugeot 307 d&rsquo;occasion. Peugeot 307 sw occasion La Peugeot 307 est sortie en avril 2001 et a \u00e9t\u00e9 restyl\u00e9e en juin 2005, il y en a 716500 en circulation. Comme toute Peugeot qui se respecte, la &#8230; <a title=\"Peugeot 307 Occasion &#8211; Pr\u00e9sentation\" class=\"read-more\" href=\"https:\/\/www.carideal.com\/blog\/2008\/10\/07\/peugeot-307-occasion\/\" aria-label=\"En savoir plus sur Peugeot 307 Occasion &#8211; Pr\u00e9sentation\">Lire plus<\/a><\/p>\n","protected":false},"author":3,"featured_media":14036,"comment_status":"open","ping_status":"open","sticky":false,"template":"","format":"standard","meta":{"_uag_custom_page_level_css":"","_themeisle_gutenberg_block_has_review":false,"footnotes":""},"categories":[5944,5946,6012,6025,5947,5948,5974],"tags":[],"class_list":["post-4694","post","type-post","status-publish","format-standard","has-post-thumbnail","hentry","category-constructeur","category-peugeot","category-berlines","category-occasion-type-de-vehicule-type-de-vehicule","category-essai","category-peugeot-essai","category-type-de-vehicule"],"wppr_data":{"cwp_meta_box_check":"No"},"yoast_head":"<!-- This site is optimized with the Yoast SEO plugin v24.8.1 - https:\/\/yoast.com\/wordpress\/plugins\/seo\/ -->\n<title>Peugeot 307 Occasion - Pr\u00e9sentation - Blog auto Carid\u00e9al<\/title>\n<meta name=\"description\" content=\"Comme toute Peugeot qui se respecte, la Peugeot 307 occasion offre un comportement routier de tout premier ordre. Freinage bien \u00e9quilibr\u00e9 m\u00eame en urgence\" \/>\n<meta name=\"robots\" content=\"index, follow, max-snippet:-1, max-image-preview:large, max-video-preview:-1\" \/>\n<link rel=\"canonical\" href=\"https:\/\/www.carideal.com\/blog\/2008\/10\/07\/peugeot-307-occasion\/\" \/>\n<meta property=\"og:locale\" content=\"fr_FR\" \/>\n<meta property=\"og:type\" content=\"article\" \/>\n<meta property=\"og:title\" content=\"Peugeot 307 Occasion - Pr\u00e9sentation - Blog auto Carid\u00e9al\" \/>\n<meta property=\"og:description\" content=\"Comme toute Peugeot qui se respecte, la Peugeot 307 occasion offre un comportement routier de tout premier ordre. Freinage bien \u00e9quilibr\u00e9 m\u00eame en urgence\" \/>\n<meta property=\"og:url\" content=\"https:\/\/www.carideal.com\/blog\/2008\/10\/07\/peugeot-307-occasion\/\" \/>\n<meta property=\"og:site_name\" content=\"Blog auto Carid\u00e9al\" \/>\n<meta property=\"article:publisher\" content=\"https:\/\/www.facebook.com\/Carideal.mandataire.automobile\" \/>\n<meta property=\"article:author\" content=\"https:\/\/www.facebook.com\/nicolas.schiavon.39\" \/>\n<meta property=\"article:published_time\" content=\"2008-10-07T22:00:00+00:00\" \/>\n<meta property=\"article:modified_time\" content=\"2016-12-07T11:32:45+00:00\" \/>\n<meta property=\"og:image\" content=\"https:\/\/www.carideal.com\/blog\/wp-content\/uploads\/2008\/10\/peugeot-307-occasion-carideal-1223477971.jpg\" \/>\n\t<meta property=\"og:image:width\" content=\"696\" \/>\n\t<meta property=\"og:image:height\" content=\"464\" \/>\n\t<meta property=\"og:image:type\" content=\"image\/jpeg\" \/>\n<meta name=\"author\" content=\"Nicolas SCHIAVON\" \/>\n<meta name=\"twitter:card\" content=\"summary_large_image\" \/>\n<meta name=\"twitter:creator\" content=\"@caridealauto\" \/>\n<meta name=\"twitter:site\" content=\"@caridealauto\" \/>\n<meta name=\"twitter:label1\" content=\"\u00c9crit par\" \/>\n\t<meta name=\"twitter:data1\" content=\"Nicolas SCHIAVON\" \/>\n\t<meta name=\"twitter:label2\" content=\"Dur\u00e9e de lecture estim\u00e9e\" \/>\n\t<meta name=\"twitter:data2\" content=\"4 minutes\" \/>\n<script type=\"application\/ld+json\" class=\"yoast-schema-graph\">{\"@context\":\"https:\/\/schema.org\",\"@graph\":[{\"@type\":\"Article\",\"@id\":\"https:\/\/www.carideal.com\/blog\/2008\/10\/07\/peugeot-307-occasion\/#article\",\"isPartOf\":{\"@id\":\"https:\/\/www.carideal.com\/blog\/2008\/10\/07\/peugeot-307-occasion\/\"},\"author\":{\"name\":\"Nicolas SCHIAVON\",\"@id\":\"https:\/\/www.carideal.com\/blog\/#\/schema\/person\/cd95dc7919660de90d31b366f85be1ec\"},\"headline\":\"Peugeot 307 Occasion &#8211; Pr\u00e9sentation\",\"datePublished\":\"2008-10-07T22:00:00+00:00\",\"dateModified\":\"2016-12-07T11:32:45+00:00\",\"mainEntityOfPage\":{\"@id\":\"https:\/\/www.carideal.com\/blog\/2008\/10\/07\/peugeot-307-occasion\/\"},\"wordCount\":866,\"commentCount\":0,\"publisher\":{\"@id\":\"https:\/\/www.carideal.com\/blog\/#organization\"},\"image\":{\"@id\":\"https:\/\/www.carideal.com\/blog\/2008\/10\/07\/peugeot-307-occasion\/#primaryimage\"},\"thumbnailUrl\":\"https:\/\/www.carideal.com\/blog\/wp-content\/uploads\/2008\/10\/peugeot-307-occasion-carideal-1223477971.jpg\",\"articleSection\":[\"Actualit\u00e9 Constructeur automobile\",\"Actualit\u00e9 Peugeot\",\"Berlines\",\"Essai Voiture Occasion\",\"Essais automobile\",\"Essais Peugeot\",\"Type de v\u00e9hicule\"],\"inLanguage\":\"fr-FR\",\"potentialAction\":[{\"@type\":\"CommentAction\",\"name\":\"Comment\",\"target\":[\"https:\/\/www.carideal.com\/blog\/2008\/10\/07\/peugeot-307-occasion\/#respond\"]}]},{\"@type\":\"WebPage\",\"@id\":\"https:\/\/www.carideal.com\/blog\/2008\/10\/07\/peugeot-307-occasion\/\",\"url\":\"https:\/\/www.carideal.com\/blog\/2008\/10\/07\/peugeot-307-occasion\/\",\"name\":\"Peugeot 307 Occasion - Pr\u00e9sentation - Blog auto Carid\u00e9al\",\"isPartOf\":{\"@id\":\"https:\/\/www.carideal.com\/blog\/#website\"},\"primaryImageOfPage\":{\"@id\":\"https:\/\/www.carideal.com\/blog\/2008\/10\/07\/peugeot-307-occasion\/#primaryimage\"},\"image\":{\"@id\":\"https:\/\/www.carideal.com\/blog\/2008\/10\/07\/peugeot-307-occasion\/#primaryimage\"},\"thumbnailUrl\":\"https:\/\/www.carideal.com\/blog\/wp-content\/uploads\/2008\/10\/peugeot-307-occasion-carideal-1223477971.jpg\",\"datePublished\":\"2008-10-07T22:00:00+00:00\",\"dateModified\":\"2016-12-07T11:32:45+00:00\",\"description\":\"Comme toute Peugeot qui se respecte, la Peugeot 307 occasion offre un comportement routier de tout premier ordre. Freinage bien \u00e9quilibr\u00e9 m\u00eame en urgence\",\"breadcrumb\":{\"@id\":\"https:\/\/www.carideal.com\/blog\/2008\/10\/07\/peugeot-307-occasion\/#breadcrumb\"},\"inLanguage\":\"fr-FR\",\"potentialAction\":[{\"@type\":\"ReadAction\",\"target\":[\"https:\/\/www.carideal.com\/blog\/2008\/10\/07\/peugeot-307-occasion\/\"]}]},{\"@type\":\"ImageObject\",\"inLanguage\":\"fr-FR\",\"@id\":\"https:\/\/www.carideal.com\/blog\/2008\/10\/07\/peugeot-307-occasion\/#primaryimage\",\"url\":\"https:\/\/www.carideal.com\/blog\/wp-content\/uploads\/2008\/10\/peugeot-307-occasion-carideal-1223477971.jpg\",\"contentUrl\":\"https:\/\/www.carideal.com\/blog\/wp-content\/uploads\/2008\/10\/peugeot-307-occasion-carideal-1223477971.jpg\",\"width\":696,\"height\":464,\"caption\":\"Peugeot 307 Occasion\"},{\"@type\":\"BreadcrumbList\",\"@id\":\"https:\/\/www.carideal.com\/blog\/2008\/10\/07\/peugeot-307-occasion\/#breadcrumb\",\"itemListElement\":[{\"@type\":\"ListItem\",\"position\":1,\"name\":\"Blog Carid\u00e9al\",\"item\":\"https:\/\/www.carideal.com\/blog\/\"},{\"@type\":\"ListItem\",\"position\":2,\"name\":\"Type de v\u00e9hicule\",\"item\":\"https:\/\/www.carideal.com\/blog\/type-de-vehicule\/\"},{\"@type\":\"ListItem\",\"position\":3,\"name\":\"Essai Voiture Occasion\",\"item\":\"https:\/\/www.carideal.com\/blog\/type-de-vehicule\/occasion-type-de-vehicule-type-de-vehicule\/\"},{\"@type\":\"ListItem\",\"position\":4,\"name\":\"Peugeot 307 Occasion &#8211; Pr\u00e9sentation\"}]},{\"@type\":\"WebSite\",\"@id\":\"https:\/\/www.carideal.com\/blog\/#website\",\"url\":\"https:\/\/www.carideal.com\/blog\/\",\"name\":\"Blog auto Carid\u00e9al\",\"description\":\"Actualit\u00e9 auto par des passionn\u00e9s\",\"publisher\":{\"@id\":\"https:\/\/www.carideal.com\/blog\/#organization\"},\"potentialAction\":[{\"@type\":\"SearchAction\",\"target\":{\"@type\":\"EntryPoint\",\"urlTemplate\":\"https:\/\/www.carideal.com\/blog\/?s={search_term_string}\"},\"query-input\":{\"@type\":\"PropertyValueSpecification\",\"valueRequired\":true,\"valueName\":\"search_term_string\"}}],\"inLanguage\":\"fr-FR\"},{\"@type\":\"Organization\",\"@id\":\"https:\/\/www.carideal.com\/blog\/#organization\",\"name\":\"Carideal\",\"url\":\"https:\/\/www.carideal.com\/blog\/\",\"logo\":{\"@type\":\"ImageObject\",\"inLanguage\":\"fr-FR\",\"@id\":\"https:\/\/www.carideal.com\/blog\/#\/schema\/logo\/image\/\",\"url\":\"http:\/\/www.carideal.com\/blog\/wp-content\/uploads\/2016\/03\/logo-carideal-mandataire-automobile.png\",\"contentUrl\":\"http:\/\/www.carideal.com\/blog\/wp-content\/uploads\/2016\/03\/logo-carideal-mandataire-automobile.png\",\"width\":300,\"height\":300,\"caption\":\"Carideal\"},\"image\":{\"@id\":\"https:\/\/www.carideal.com\/blog\/#\/schema\/logo\/image\/\"},\"sameAs\":[\"https:\/\/www.facebook.com\/Carideal.mandataire.automobile\",\"https:\/\/x.com\/caridealauto\",\"https:\/\/www.instagram.com\/carideal1\/\",\"https:\/\/www.linkedin.com\/company\/carideal.com\",\"https:\/\/fr.pinterest.com\/schiavonsas\/\",\"https:\/\/www.youtube.com\/user\/caridealsas\"]},{\"@type\":\"Person\",\"@id\":\"https:\/\/www.carideal.com\/blog\/#\/schema\/person\/cd95dc7919660de90d31b366f85be1ec\",\"name\":\"Nicolas SCHIAVON\",\"image\":{\"@type\":\"ImageObject\",\"inLanguage\":\"fr-FR\",\"@id\":\"https:\/\/www.carideal.com\/blog\/#\/schema\/person\/image\/\",\"url\":\"https:\/\/secure.gravatar.com\/avatar\/c17e55009e671d92cc7f5dc837dc418a?s=96&r=g\",\"contentUrl\":\"https:\/\/secure.gravatar.com\/avatar\/c17e55009e671d92cc7f5dc837dc418a?s=96&r=g\",\"caption\":\"Nicolas SCHIAVON\"},\"description\":\"Nicolas Schiavon est tomb\u00e9 tout petit dans la marmite automobile. Ayant eu un garage de marque automobile, mandataire automobile de la premi\u00e8re heure d\u00e8s 1999. Nicolas a cr\u00e9\u00e9 ces premiers sites de vente de voiture et blog automobile d\u00e8s 1994. Carideal est n\u00e9 le 15 d\u00e9cembre 2000 de la volont\u00e9 de vendre des voitures d'occasions en ligne puis des voitures neuves. Il a pu essayer beaucoup de voitures tr\u00e8s diff\u00e9rentes et ayant eu personnellement quelques belles autos, Subaru Impreza, Mitsubishi Lancer Evo 7, Porsche 911, Ferrari Testarrossa, Audi RS3, RS4 et j'en passe...\",\"sameAs\":[\"http:\/\/www.carideal.com\",\"https:\/\/www.facebook.com\/nicolas.schiavon.39\",\"https:\/\/www.instagram.com\/carideal1\/\",\"https:\/\/www.linkedin.com\/in\/nschiavon\/\",\"https:\/\/x.com\/caridealauto\",\"https:\/\/www.youtube.com\/user\/caridealsas\/\"],\"url\":\"https:\/\/www.carideal.com\/blog\/author\/nschiavon\/\"}]}<\/script>\n<!-- \/ Yoast SEO plugin. -->","yoast_head_json":{"title":"Peugeot 307 Occasion - Pr\u00e9sentation - Blog auto Carid\u00e9al","description":"Comme toute Peugeot qui se respecte, la Peugeot 307 occasion offre un comportement routier de tout premier ordre. Freinage bien \u00e9quilibr\u00e9 m\u00eame en urgence","robots":{"index":"index","follow":"follow","max-snippet":"max-snippet:-1","max-image-preview":"max-image-preview:large","max-video-preview":"max-video-preview:-1"},"canonical":"https:\/\/www.carideal.com\/blog\/2008\/10\/07\/peugeot-307-occasion\/","og_locale":"fr_FR","og_type":"article","og_title":"Peugeot 307 Occasion - Pr\u00e9sentation - Blog auto Carid\u00e9al","og_description":"Comme toute Peugeot qui se respecte, la Peugeot 307 occasion offre un comportement routier de tout premier ordre. Freinage bien \u00e9quilibr\u00e9 m\u00eame en urgence","og_url":"https:\/\/www.carideal.com\/blog\/2008\/10\/07\/peugeot-307-occasion\/","og_site_name":"Blog auto Carid\u00e9al","article_publisher":"https:\/\/www.facebook.com\/Carideal.mandataire.automobile","article_author":"https:\/\/www.facebook.com\/nicolas.schiavon.39","article_published_time":"2008-10-07T22:00:00+00:00","article_modified_time":"2016-12-07T11:32:45+00:00","og_image":[{"width":696,"height":464,"url":"https:\/\/www.carideal.com\/blog\/wp-content\/uploads\/2008\/10\/peugeot-307-occasion-carideal-1223477971.jpg","type":"image\/jpeg"}],"author":"Nicolas SCHIAVON","twitter_card":"summary_large_image","twitter_creator":"@caridealauto","twitter_site":"@caridealauto","twitter_misc":{"\u00c9crit par":"Nicolas SCHIAVON","Dur\u00e9e de lecture estim\u00e9e":"4 minutes"},"schema":{"@context":"https:\/\/schema.org","@graph":[{"@type":"Article","@id":"https:\/\/www.carideal.com\/blog\/2008\/10\/07\/peugeot-307-occasion\/#article","isPartOf":{"@id":"https:\/\/www.carideal.com\/blog\/2008\/10\/07\/peugeot-307-occasion\/"},"author":{"name":"Nicolas SCHIAVON","@id":"https:\/\/www.carideal.com\/blog\/#\/schema\/person\/cd95dc7919660de90d31b366f85be1ec"},"headline":"Peugeot 307 Occasion &#8211; Pr\u00e9sentation","datePublished":"2008-10-07T22:00:00+00:00","dateModified":"2016-12-07T11:32:45+00:00","mainEntityOfPage":{"@id":"https:\/\/www.carideal.com\/blog\/2008\/10\/07\/peugeot-307-occasion\/"},"wordCount":866,"commentCount":0,"publisher":{"@id":"https:\/\/www.carideal.com\/blog\/#organization"},"image":{"@id":"https:\/\/www.carideal.com\/blog\/2008\/10\/07\/peugeot-307-occasion\/#primaryimage"},"thumbnailUrl":"https:\/\/www.carideal.com\/blog\/wp-content\/uploads\/2008\/10\/peugeot-307-occasion-carideal-1223477971.jpg","articleSection":["Actualit\u00e9 Constructeur automobile","Actualit\u00e9 Peugeot","Berlines","Essai Voiture Occasion","Essais automobile","Essais Peugeot","Type de v\u00e9hicule"],"inLanguage":"fr-FR","potentialAction":[{"@type":"CommentAction","name":"Comment","target":["https:\/\/www.carideal.com\/blog\/2008\/10\/07\/peugeot-307-occasion\/#respond"]}]},{"@type":"WebPage","@id":"https:\/\/www.carideal.com\/blog\/2008\/10\/07\/peugeot-307-occasion\/","url":"https:\/\/www.carideal.com\/blog\/2008\/10\/07\/peugeot-307-occasion\/","name":"Peugeot 307 Occasion - Pr\u00e9sentation - Blog auto Carid\u00e9al","isPartOf":{"@id":"https:\/\/www.carideal.com\/blog\/#website"},"primaryImageOfPage":{"@id":"https:\/\/www.carideal.com\/blog\/2008\/10\/07\/peugeot-307-occasion\/#primaryimage"},"image":{"@id":"https:\/\/www.carideal.com\/blog\/2008\/10\/07\/peugeot-307-occasion\/#primaryimage"},"thumbnailUrl":"https:\/\/www.carideal.com\/blog\/wp-content\/uploads\/2008\/10\/peugeot-307-occasion-carideal-1223477971.jpg","datePublished":"2008-10-07T22:00:00+00:00","dateModified":"2016-12-07T11:32:45+00:00","description":"Comme toute Peugeot qui se respecte, la Peugeot 307 occasion offre un comportement routier de tout premier ordre. Freinage bien \u00e9quilibr\u00e9 m\u00eame en urgence","breadcrumb":{"@id":"https:\/\/www.carideal.com\/blog\/2008\/10\/07\/peugeot-307-occasion\/#breadcrumb"},"inLanguage":"fr-FR","potentialAction":[{"@type":"ReadAction","target":["https:\/\/www.carideal.com\/blog\/2008\/10\/07\/peugeot-307-occasion\/"]}]},{"@type":"ImageObject","inLanguage":"fr-FR","@id":"https:\/\/www.carideal.com\/blog\/2008\/10\/07\/peugeot-307-occasion\/#primaryimage","url":"https:\/\/www.carideal.com\/blog\/wp-content\/uploads\/2008\/10\/peugeot-307-occasion-carideal-1223477971.jpg","contentUrl":"https:\/\/www.carideal.com\/blog\/wp-content\/uploads\/2008\/10\/peugeot-307-occasion-carideal-1223477971.jpg","width":696,"height":464,"caption":"Peugeot 307 Occasion"},{"@type":"BreadcrumbList","@id":"https:\/\/www.carideal.com\/blog\/2008\/10\/07\/peugeot-307-occasion\/#breadcrumb","itemListElement":[{"@type":"ListItem","position":1,"name":"Blog Carid\u00e9al","item":"https:\/\/www.carideal.com\/blog\/"},{"@type":"ListItem","position":2,"name":"Type de v\u00e9hicule","item":"https:\/\/www.carideal.com\/blog\/type-de-vehicule\/"},{"@type":"ListItem","position":3,"name":"Essai Voiture Occasion","item":"https:\/\/www.carideal.com\/blog\/type-de-vehicule\/occasion-type-de-vehicule-type-de-vehicule\/"},{"@type":"ListItem","position":4,"name":"Peugeot 307 Occasion &#8211; Pr\u00e9sentation"}]},{"@type":"WebSite","@id":"https:\/\/www.carideal.com\/blog\/#website","url":"https:\/\/www.carideal.com\/blog\/","name":"Blog auto Carid\u00e9al","description":"Actualit\u00e9 auto par des passionn\u00e9s","publisher":{"@id":"https:\/\/www.carideal.com\/blog\/#organization"},"potentialAction":[{"@type":"SearchAction","target":{"@type":"EntryPoint","urlTemplate":"https:\/\/www.carideal.com\/blog\/?s={search_term_string}"},"query-input":{"@type":"PropertyValueSpecification","valueRequired":true,"valueName":"search_term_string"}}],"inLanguage":"fr-FR"},{"@type":"Organization","@id":"https:\/\/www.carideal.com\/blog\/#organization","name":"Carideal","url":"https:\/\/www.carideal.com\/blog\/","logo":{"@type":"ImageObject","inLanguage":"fr-FR","@id":"https:\/\/www.carideal.com\/blog\/#\/schema\/logo\/image\/","url":"http:\/\/www.carideal.com\/blog\/wp-content\/uploads\/2016\/03\/logo-carideal-mandataire-automobile.png","contentUrl":"http:\/\/www.carideal.com\/blog\/wp-content\/uploads\/2016\/03\/logo-carideal-mandataire-automobile.png","width":300,"height":300,"caption":"Carideal"},"image":{"@id":"https:\/\/www.carideal.com\/blog\/#\/schema\/logo\/image\/"},"sameAs":["https:\/\/www.facebook.com\/Carideal.mandataire.automobile","https:\/\/x.com\/caridealauto","https:\/\/www.instagram.com\/carideal1\/","https:\/\/www.linkedin.com\/company\/carideal.com","https:\/\/fr.pinterest.com\/schiavonsas\/","https:\/\/www.youtube.com\/user\/caridealsas"]},{"@type":"Person","@id":"https:\/\/www.carideal.com\/blog\/#\/schema\/person\/cd95dc7919660de90d31b366f85be1ec","name":"Nicolas SCHIAVON","image":{"@type":"ImageObject","inLanguage":"fr-FR","@id":"https:\/\/www.carideal.com\/blog\/#\/schema\/person\/image\/","url":"https:\/\/secure.gravatar.com\/avatar\/c17e55009e671d92cc7f5dc837dc418a?s=96&r=g","contentUrl":"https:\/\/secure.gravatar.com\/avatar\/c17e55009e671d92cc7f5dc837dc418a?s=96&r=g","caption":"Nicolas SCHIAVON"},"description":"Nicolas Schiavon est tomb\u00e9 tout petit dans la marmite automobile. Ayant eu un garage de marque automobile, mandataire automobile de la premi\u00e8re heure d\u00e8s 1999. Nicolas a cr\u00e9\u00e9 ces premiers sites de vente de voiture et blog automobile d\u00e8s 1994. Carideal est n\u00e9 le 15 d\u00e9cembre 2000 de la volont\u00e9 de vendre des voitures d'occasions en ligne puis des voitures neuves. Il a pu essayer beaucoup de voitures tr\u00e8s diff\u00e9rentes et ayant eu personnellement quelques belles autos, Subaru Impreza, Mitsubishi Lancer Evo 7, Porsche 911, Ferrari Testarrossa, Audi RS3, RS4 et j'en passe...","sameAs":["http:\/\/www.carideal.com","https:\/\/www.facebook.com\/nicolas.schiavon.39","https:\/\/www.instagram.com\/carideal1\/","https:\/\/www.linkedin.com\/in\/nschiavon\/","https:\/\/x.com\/caridealauto","https:\/\/www.youtube.com\/user\/caridealsas\/"],"url":"https:\/\/www.carideal.com\/blog\/author\/nschiavon\/"}]}},"uagb_featured_image_src":{"full":["https:\/\/www.carideal.com\/blog\/wp-content\/uploads\/2008\/10\/peugeot-307-occasion-carideal-1223477971.jpg",696,464,false],"thumbnail":["https:\/\/www.carideal.com\/blog\/wp-content\/uploads\/2008\/10\/peugeot-307-occasion-carideal-1223477971-150x150.jpg",150,150,true],"medium":["https:\/\/www.carideal.com\/blog\/wp-content\/uploads\/2008\/10\/peugeot-307-occasion-carideal-1223477971-300x200.jpg",300,200,true],"medium_large":["https:\/\/www.carideal.com\/blog\/wp-content\/uploads\/2008\/10\/peugeot-307-occasion-carideal-1223477971.jpg",696,464,false],"large":["https:\/\/www.carideal.com\/blog\/wp-content\/uploads\/2008\/10\/peugeot-307-occasion-carideal-1223477971.jpg",696,464,false],"1536x1536":["https:\/\/www.carideal.com\/blog\/wp-content\/uploads\/2008\/10\/peugeot-307-occasion-carideal-1223477971.jpg",696,464,false],"2048x2048":["https:\/\/www.carideal.com\/blog\/wp-content\/uploads\/2008\/10\/peugeot-307-occasion-carideal-1223477971.jpg",696,464,false],"wppr-widget":["https:\/\/www.carideal.com\/blog\/wp-content\/uploads\/2008\/10\/peugeot-307-occasion-carideal-1223477971.jpg",50,33,false]},"uagb_author_info":{"display_name":"Nicolas SCHIAVON","author_link":"https:\/\/www.carideal.com\/blog\/author\/nschiavon\/"},"uagb_comment_info":0,"uagb_excerpt":"Peugeot 307 Occasion Retour sur un succ\u00e8s de la gamme Peugeot dans le segment des berlines compactes : la Peugeot 307 d'occasion. Peugeot 307 sw occasion La Peugeot 307 est sortie en avril 2001 et a \u00e9t\u00e9 restyl\u00e9e en juin 2005, il y en a 716500 en circulation. Comme toute Peugeot qui se respecte, la\u2026","_links":{"self":[{"href":"https:\/\/www.carideal.com\/blog\/wp-json\/wp\/v2\/posts\/4694"}],"collection":[{"href":"https:\/\/www.carideal.com\/blog\/wp-json\/wp\/v2\/posts"}],"about":[{"href":"https:\/\/www.carideal.com\/blog\/wp-json\/wp\/v2\/types\/post"}],"author":[{"embeddable":true,"href":"https:\/\/www.carideal.com\/blog\/wp-json\/wp\/v2\/users\/3"}],"replies":[{"embeddable":true,"href":"https:\/\/www.carideal.com\/blog\/wp-json\/wp\/v2\/comments?post=4694"}],"version-history":[{"count":0,"href":"https:\/\/www.carideal.com\/blog\/wp-json\/wp\/v2\/posts\/4694\/revisions"}],"wp:featuredmedia":[{"embeddable":true,"href":"https:\/\/www.carideal.com\/blog\/wp-json\/wp\/v2\/media\/14036"}],"wp:attachment":[{"href":"https:\/\/www.carideal.com\/blog\/wp-json\/wp\/v2\/media?parent=4694"}],"wp:term":[{"taxonomy":"category","embeddable":true,"href":"https:\/\/www.carideal.com\/blog\/wp-json\/wp\/v2\/categories?post=4694"},{"taxonomy":"post_tag","embeddable":true,"href":"https:\/\/www.carideal.com\/blog\/wp-json\/wp\/v2\/tags?post=4694"}],"curies":[{"name":"wp","href":"https:\/\/api.w.org\/{rel}","templated":true}]}}