{"id":469,"date":"2011-02-22T12:29:00","date_gmt":"2011-02-22T12:29:00","guid":{"rendered":"http:\/\/carideal.com\/blog\/?p=469"},"modified":"2016-07-15T18:25:57","modified_gmt":"2016-07-15T16:25:57","slug":"gmc-sierra-all-terrain-hd-concept","status":"publish","type":"post","link":"https:\/\/www.carideal.com\/blog\/2011\/02\/22\/gmc-sierra-all-terrain-hd-concept\/","title":{"rendered":"GMC Sierra All terrain HD concept"},"content":{"rendered":"<p><img decoding=\"async\" title=\"GMC Sierra All terrain HD concept, f\u00e9v. 2011\" src=\"\/blog\/public\/.GMC-Sierra-All-Terrain-HD-Concept-achat-carideal-mandataire_m.jpg\" alt=\"GMC Sierra All terrain HD concept\" \/><\/p>\n<blockquote><p>5.86 m de long 2.07m de haut, et 397 ch !!<\/p><\/blockquote>\n<p>On croyait les pick-up king size enterr\u00e9s par ma crise, Que neni\u00a0! GMC d\u00e9montre avec son concept Sierra All Terrain HD que les robustes mastodontes \u00e0 bennes sont toujours d'actualit\u00e9. Longue de 5.86m, la b\u00eate atteint 2.07 m sous la toise et son empattement de 3.77m est aussi long qu'une polyvalente europ\u00e9enne !<br \/>\nLa d\u00e9mesure se poursuit avec le moteur V8 turbodiesel de 6.6 litres d\u00e9veloppant une confortable puissance de 397 ch pour une valeur de couple dantesque de 1037 Nm, soit quasiment autant qu'une Mercedes SL 65 AMG forte de 612 ch !<br \/>\ntaill\u00e9 pour passer partout, ce concept de tout terrain offre une garde au sol de 30 cm sous ch\u00e2ssis, et il faudra un escabeau aux personnes de petite taille pour grimper \u00e0 bord\u00a0: 53 cm jusqu'au bas des porti\u00e8res !!<\/p>\n<p>\/ Video de 4x4 extr\u00eame<\/p>\n","protected":false},"excerpt":{"rendered":"<p>5.86 m de long 2.07m de haut, et 397 ch !! On croyait les pick-up king size enterr\u00e9s par ma crise, Que neni\u00a0! GMC d\u00e9montre avec son concept Sierra All Terrain HD que les robustes mastodontes \u00e0 bennes sont toujours d&rsquo;actualit\u00e9. Longue de 5.86m, la b\u00eate atteint 2.07 m sous la toise et son empattement &#8230; <a title=\"GMC Sierra All terrain HD concept\" class=\"read-more\" href=\"https:\/\/www.carideal.com\/blog\/2011\/02\/22\/gmc-sierra-all-terrain-hd-concept\/\" aria-label=\"En savoir plus sur GMC Sierra All terrain HD concept\">Lire plus<\/a><\/p>\n","protected":false},"author":1,"featured_media":0,"comment_status":"open","ping_status":"open","sticky":false,"template":"","format":"standard","meta":{"_uag_custom_page_level_css":"","_themeisle_gutenberg_block_has_review":false,"footnotes":""},"categories":[21,5944,5975,9,6163,5974],"tags":[],"class_list":["post-469","post","type-post","status-publish","format-standard","hentry","category-actualites-auto","category-constructeur","category-concept-car","category-divers","category-pick-up","category-type-de-vehicule"],"wppr_data":[],"yoast_head":"<!-- This site is optimized with the Yoast SEO plugin v24.8.1 - https:\/\/yoast.com\/wordpress\/plugins\/seo\/ -->\n<title>GMC Sierra All terrain HD concept - Blog auto Carid\u00e9al<\/title>\n<meta name=\"robots\" content=\"index, follow, max-snippet:-1, max-image-preview:large, max-video-preview:-1\" \/>\n<link rel=\"canonical\" href=\"https:\/\/www.carideal.com\/blog\/2011\/02\/22\/gmc-sierra-all-terrain-hd-concept\/\" \/>\n<meta property=\"og:locale\" content=\"fr_FR\" \/>\n<meta property=\"og:type\" content=\"article\" \/>\n<meta property=\"og:title\" content=\"GMC Sierra All terrain HD concept - Blog auto Carid\u00e9al\" \/>\n<meta property=\"og:description\" content=\"5.86 m de long 2.07m de haut, et 397 ch !! On croyait les pick-up king size enterr\u00e9s par ma crise, Que neni\u00a0! GMC d\u00e9montre avec son concept Sierra All Terrain HD que les robustes mastodontes \u00e0 bennes sont toujours d&#039;actualit\u00e9. Longue de 5.86m, la b\u00eate atteint 2.07 m sous la toise et son empattement ... Lire plus\" \/>\n<meta property=\"og:url\" content=\"https:\/\/www.carideal.com\/blog\/2011\/02\/22\/gmc-sierra-all-terrain-hd-concept\/\" \/>\n<meta property=\"og:site_name\" content=\"Blog auto Carid\u00e9al\" \/>\n<meta property=\"article:publisher\" content=\"https:\/\/www.facebook.com\/Carideal.mandataire.automobile\" \/>\n<meta property=\"article:author\" content=\"https:\/\/www.facebook.com\/Carideal.mandataire.automobile\/\" \/>\n<meta property=\"article:published_time\" content=\"2011-02-22T12:29:00+00:00\" \/>\n<meta property=\"article:modified_time\" content=\"2016-07-15T16:25:57+00:00\" \/>\n<meta property=\"og:image\" content=\"https:\/\/www.carideal.com\/blog\/wp-content\/uploads\/2016\/03\/logo-carideal-mandataire-automobile.png\" \/>\n\t<meta property=\"og:image:width\" content=\"300\" \/>\n\t<meta property=\"og:image:height\" content=\"300\" \/>\n\t<meta property=\"og:image:type\" content=\"image\/png\" \/>\n<meta name=\"author\" content=\"N.S Carideal\" \/>\n<meta name=\"twitter:card\" content=\"summary_large_image\" \/>\n<meta name=\"twitter:creator\" content=\"@caridealauto\" \/>\n<meta name=\"twitter:site\" content=\"@caridealauto\" \/>\n<meta name=\"twitter:label1\" content=\"\u00c9crit par\" \/>\n\t<meta name=\"twitter:data1\" content=\"N.S Carideal\" \/>\n\t<meta name=\"twitter:label2\" content=\"Dur\u00e9e de lecture estim\u00e9e\" \/>\n\t<meta name=\"twitter:data2\" content=\"1 minute\" \/>\n<script type=\"application\/ld+json\" class=\"yoast-schema-graph\">{\"@context\":\"https:\/\/schema.org\",\"@graph\":[{\"@type\":\"Article\",\"@id\":\"https:\/\/www.carideal.com\/blog\/2011\/02\/22\/gmc-sierra-all-terrain-hd-concept\/#article\",\"isPartOf\":{\"@id\":\"https:\/\/www.carideal.com\/blog\/2011\/02\/22\/gmc-sierra-all-terrain-hd-concept\/\"},\"author\":{\"name\":\"N.S Carideal\",\"@id\":\"https:\/\/www.carideal.com\/blog\/#\/schema\/person\/985c7e757d1042d647f21bfaf8d41ebc\"},\"headline\":\"GMC Sierra All terrain HD concept\",\"datePublished\":\"2011-02-22T12:29:00+00:00\",\"dateModified\":\"2016-07-15T16:25:57+00:00\",\"mainEntityOfPage\":{\"@id\":\"https:\/\/www.carideal.com\/blog\/2011\/02\/22\/gmc-sierra-all-terrain-hd-concept\/\"},\"wordCount\":148,\"commentCount\":0,\"publisher\":{\"@id\":\"https:\/\/www.carideal.com\/blog\/#organization\"},\"articleSection\":[\"Actualit\u00e9 automobile\",\"Actualit\u00e9 Constructeur automobile\",\"Concept car\",\"Divers\",\"pick-up\",\"Type de v\u00e9hicule\"],\"inLanguage\":\"fr-FR\",\"potentialAction\":[{\"@type\":\"CommentAction\",\"name\":\"Comment\",\"target\":[\"https:\/\/www.carideal.com\/blog\/2011\/02\/22\/gmc-sierra-all-terrain-hd-concept\/#respond\"]}]},{\"@type\":\"WebPage\",\"@id\":\"https:\/\/www.carideal.com\/blog\/2011\/02\/22\/gmc-sierra-all-terrain-hd-concept\/\",\"url\":\"https:\/\/www.carideal.com\/blog\/2011\/02\/22\/gmc-sierra-all-terrain-hd-concept\/\",\"name\":\"GMC Sierra All terrain HD concept - Blog auto Carid\u00e9al\",\"isPartOf\":{\"@id\":\"https:\/\/www.carideal.com\/blog\/#website\"},\"datePublished\":\"2011-02-22T12:29:00+00:00\",\"dateModified\":\"2016-07-15T16:25:57+00:00\",\"breadcrumb\":{\"@id\":\"https:\/\/www.carideal.com\/blog\/2011\/02\/22\/gmc-sierra-all-terrain-hd-concept\/#breadcrumb\"},\"inLanguage\":\"fr-FR\",\"potentialAction\":[{\"@type\":\"ReadAction\",\"target\":[\"https:\/\/www.carideal.com\/blog\/2011\/02\/22\/gmc-sierra-all-terrain-hd-concept\/\"]}]},{\"@type\":\"BreadcrumbList\",\"@id\":\"https:\/\/www.carideal.com\/blog\/2011\/02\/22\/gmc-sierra-all-terrain-hd-concept\/#breadcrumb\",\"itemListElement\":[{\"@type\":\"ListItem\",\"position\":1,\"name\":\"Blog Carid\u00e9al\",\"item\":\"https:\/\/www.carideal.com\/blog\/\"},{\"@type\":\"ListItem\",\"position\":2,\"name\":\"Divers\",\"item\":\"https:\/\/www.carideal.com\/blog\/divers\/\"},{\"@type\":\"ListItem\",\"position\":3,\"name\":\"GMC Sierra All terrain HD concept\"}]},{\"@type\":\"WebSite\",\"@id\":\"https:\/\/www.carideal.com\/blog\/#website\",\"url\":\"https:\/\/www.carideal.com\/blog\/\",\"name\":\"Blog auto Carid\u00e9al\",\"description\":\"Actualit\u00e9 auto par des passionn\u00e9s\",\"publisher\":{\"@id\":\"https:\/\/www.carideal.com\/blog\/#organization\"},\"potentialAction\":[{\"@type\":\"SearchAction\",\"target\":{\"@type\":\"EntryPoint\",\"urlTemplate\":\"https:\/\/www.carideal.com\/blog\/?s={search_term_string}\"},\"query-input\":{\"@type\":\"PropertyValueSpecification\",\"valueRequired\":true,\"valueName\":\"search_term_string\"}}],\"inLanguage\":\"fr-FR\"},{\"@type\":\"Organization\",\"@id\":\"https:\/\/www.carideal.com\/blog\/#organization\",\"name\":\"Carideal\",\"url\":\"https:\/\/www.carideal.com\/blog\/\",\"logo\":{\"@type\":\"ImageObject\",\"inLanguage\":\"fr-FR\",\"@id\":\"https:\/\/www.carideal.com\/blog\/#\/schema\/logo\/image\/\",\"url\":\"http:\/\/www.carideal.com\/blog\/wp-content\/uploads\/2016\/03\/logo-carideal-mandataire-automobile.png\",\"contentUrl\":\"http:\/\/www.carideal.com\/blog\/wp-content\/uploads\/2016\/03\/logo-carideal-mandataire-automobile.png\",\"width\":300,\"height\":300,\"caption\":\"Carideal\"},\"image\":{\"@id\":\"https:\/\/www.carideal.com\/blog\/#\/schema\/logo\/image\/\"},\"sameAs\":[\"https:\/\/www.facebook.com\/Carideal.mandataire.automobile\",\"https:\/\/x.com\/caridealauto\",\"https:\/\/www.instagram.com\/carideal1\/\",\"https:\/\/www.linkedin.com\/company\/carideal.com\",\"https:\/\/fr.pinterest.com\/schiavonsas\/\",\"https:\/\/www.youtube.com\/user\/caridealsas\"]},{\"@type\":\"Person\",\"@id\":\"https:\/\/www.carideal.com\/blog\/#\/schema\/person\/985c7e757d1042d647f21bfaf8d41ebc\",\"name\":\"N.S Carideal\",\"image\":{\"@type\":\"ImageObject\",\"inLanguage\":\"fr-FR\",\"@id\":\"https:\/\/www.carideal.com\/blog\/#\/schema\/person\/image\/\",\"url\":\"https:\/\/secure.gravatar.com\/avatar\/edb7ccdf1a4e3d14aef967760d354d0e?s=96&r=g\",\"contentUrl\":\"https:\/\/secure.gravatar.com\/avatar\/edb7ccdf1a4e3d14aef967760d354d0e?s=96&r=g\",\"caption\":\"N.S Carideal\"},\"description\":\"Depuis tout petit fan d'automobile. Il est question d'essayer et de comparer toutes ces voitures qui nous ont fait r\u00e9ver, avant que celles-ci ne devient uniquement des voitures de collection.\",\"sameAs\":[\"http:\/\/www.carideal.com\/blog\",\"https:\/\/www.facebook.com\/Carideal.mandataire.automobile\/\",\"https:\/\/www.linkedin.com\/in\/nschiavon\/\",\"https:\/\/www.youtube.com\/user\/caridealsas\/\"],\"url\":\"https:\/\/www.carideal.com\/blog\/author\/admin_carideal\/\"}]}<\/script>\n<!-- \/ Yoast SEO plugin. -->","yoast_head_json":{"title":"GMC Sierra All terrain HD concept - Blog auto Carid\u00e9al","robots":{"index":"index","follow":"follow","max-snippet":"max-snippet:-1","max-image-preview":"max-image-preview:large","max-video-preview":"max-video-preview:-1"},"canonical":"https:\/\/www.carideal.com\/blog\/2011\/02\/22\/gmc-sierra-all-terrain-hd-concept\/","og_locale":"fr_FR","og_type":"article","og_title":"GMC Sierra All terrain HD concept - Blog auto Carid\u00e9al","og_description":"5.86 m de long 2.07m de haut, et 397 ch !! On croyait les pick-up king size enterr\u00e9s par ma crise, Que neni\u00a0! GMC d\u00e9montre avec son concept Sierra All Terrain HD que les robustes mastodontes \u00e0 bennes sont toujours d'actualit\u00e9. Longue de 5.86m, la b\u00eate atteint 2.07 m sous la toise et son empattement ... Lire plus","og_url":"https:\/\/www.carideal.com\/blog\/2011\/02\/22\/gmc-sierra-all-terrain-hd-concept\/","og_site_name":"Blog auto Carid\u00e9al","article_publisher":"https:\/\/www.facebook.com\/Carideal.mandataire.automobile","article_author":"https:\/\/www.facebook.com\/Carideal.mandataire.automobile\/","article_published_time":"2011-02-22T12:29:00+00:00","article_modified_time":"2016-07-15T16:25:57+00:00","og_image":[{"width":300,"height":300,"url":"https:\/\/www.carideal.com\/blog\/wp-content\/uploads\/2016\/03\/logo-carideal-mandataire-automobile.png","type":"image\/png"}],"author":"N.S Carideal","twitter_card":"summary_large_image","twitter_creator":"@caridealauto","twitter_site":"@caridealauto","twitter_misc":{"\u00c9crit par":"N.S Carideal","Dur\u00e9e de lecture estim\u00e9e":"1 minute"},"schema":{"@context":"https:\/\/schema.org","@graph":[{"@type":"Article","@id":"https:\/\/www.carideal.com\/blog\/2011\/02\/22\/gmc-sierra-all-terrain-hd-concept\/#article","isPartOf":{"@id":"https:\/\/www.carideal.com\/blog\/2011\/02\/22\/gmc-sierra-all-terrain-hd-concept\/"},"author":{"name":"N.S Carideal","@id":"https:\/\/www.carideal.com\/blog\/#\/schema\/person\/985c7e757d1042d647f21bfaf8d41ebc"},"headline":"GMC Sierra All terrain HD concept","datePublished":"2011-02-22T12:29:00+00:00","dateModified":"2016-07-15T16:25:57+00:00","mainEntityOfPage":{"@id":"https:\/\/www.carideal.com\/blog\/2011\/02\/22\/gmc-sierra-all-terrain-hd-concept\/"},"wordCount":148,"commentCount":0,"publisher":{"@id":"https:\/\/www.carideal.com\/blog\/#organization"},"articleSection":["Actualit\u00e9 automobile","Actualit\u00e9 Constructeur automobile","Concept car","Divers","pick-up","Type de v\u00e9hicule"],"inLanguage":"fr-FR","potentialAction":[{"@type":"CommentAction","name":"Comment","target":["https:\/\/www.carideal.com\/blog\/2011\/02\/22\/gmc-sierra-all-terrain-hd-concept\/#respond"]}]},{"@type":"WebPage","@id":"https:\/\/www.carideal.com\/blog\/2011\/02\/22\/gmc-sierra-all-terrain-hd-concept\/","url":"https:\/\/www.carideal.com\/blog\/2011\/02\/22\/gmc-sierra-all-terrain-hd-concept\/","name":"GMC Sierra All terrain HD concept - Blog auto Carid\u00e9al","isPartOf":{"@id":"https:\/\/www.carideal.com\/blog\/#website"},"datePublished":"2011-02-22T12:29:00+00:00","dateModified":"2016-07-15T16:25:57+00:00","breadcrumb":{"@id":"https:\/\/www.carideal.com\/blog\/2011\/02\/22\/gmc-sierra-all-terrain-hd-concept\/#breadcrumb"},"inLanguage":"fr-FR","potentialAction":[{"@type":"ReadAction","target":["https:\/\/www.carideal.com\/blog\/2011\/02\/22\/gmc-sierra-all-terrain-hd-concept\/"]}]},{"@type":"BreadcrumbList","@id":"https:\/\/www.carideal.com\/blog\/2011\/02\/22\/gmc-sierra-all-terrain-hd-concept\/#breadcrumb","itemListElement":[{"@type":"ListItem","position":1,"name":"Blog Carid\u00e9al","item":"https:\/\/www.carideal.com\/blog\/"},{"@type":"ListItem","position":2,"name":"Divers","item":"https:\/\/www.carideal.com\/blog\/divers\/"},{"@type":"ListItem","position":3,"name":"GMC Sierra All terrain HD concept"}]},{"@type":"WebSite","@id":"https:\/\/www.carideal.com\/blog\/#website","url":"https:\/\/www.carideal.com\/blog\/","name":"Blog auto Carid\u00e9al","description":"Actualit\u00e9 auto par des passionn\u00e9s","publisher":{"@id":"https:\/\/www.carideal.com\/blog\/#organization"},"potentialAction":[{"@type":"SearchAction","target":{"@type":"EntryPoint","urlTemplate":"https:\/\/www.carideal.com\/blog\/?s={search_term_string}"},"query-input":{"@type":"PropertyValueSpecification","valueRequired":true,"valueName":"search_term_string"}}],"inLanguage":"fr-FR"},{"@type":"Organization","@id":"https:\/\/www.carideal.com\/blog\/#organization","name":"Carideal","url":"https:\/\/www.carideal.com\/blog\/","logo":{"@type":"ImageObject","inLanguage":"fr-FR","@id":"https:\/\/www.carideal.com\/blog\/#\/schema\/logo\/image\/","url":"http:\/\/www.carideal.com\/blog\/wp-content\/uploads\/2016\/03\/logo-carideal-mandataire-automobile.png","contentUrl":"http:\/\/www.carideal.com\/blog\/wp-content\/uploads\/2016\/03\/logo-carideal-mandataire-automobile.png","width":300,"height":300,"caption":"Carideal"},"image":{"@id":"https:\/\/www.carideal.com\/blog\/#\/schema\/logo\/image\/"},"sameAs":["https:\/\/www.facebook.com\/Carideal.mandataire.automobile","https:\/\/x.com\/caridealauto","https:\/\/www.instagram.com\/carideal1\/","https:\/\/www.linkedin.com\/company\/carideal.com","https:\/\/fr.pinterest.com\/schiavonsas\/","https:\/\/www.youtube.com\/user\/caridealsas"]},{"@type":"Person","@id":"https:\/\/www.carideal.com\/blog\/#\/schema\/person\/985c7e757d1042d647f21bfaf8d41ebc","name":"N.S Carideal","image":{"@type":"ImageObject","inLanguage":"fr-FR","@id":"https:\/\/www.carideal.com\/blog\/#\/schema\/person\/image\/","url":"https:\/\/secure.gravatar.com\/avatar\/edb7ccdf1a4e3d14aef967760d354d0e?s=96&r=g","contentUrl":"https:\/\/secure.gravatar.com\/avatar\/edb7ccdf1a4e3d14aef967760d354d0e?s=96&r=g","caption":"N.S Carideal"},"description":"Depuis tout petit fan d'automobile. Il est question d'essayer et de comparer toutes ces voitures qui nous ont fait r\u00e9ver, avant que celles-ci ne devient uniquement des voitures de collection.","sameAs":["http:\/\/www.carideal.com\/blog","https:\/\/www.facebook.com\/Carideal.mandataire.automobile\/","https:\/\/www.linkedin.com\/in\/nschiavon\/","https:\/\/www.youtube.com\/user\/caridealsas\/"],"url":"https:\/\/www.carideal.com\/blog\/author\/admin_carideal\/"}]}},"uagb_featured_image_src":{"full":false,"thumbnail":false,"medium":false,"medium_large":false,"large":false,"1536x1536":false,"2048x2048":false,"wppr-widget":false},"uagb_author_info":{"display_name":"N.S Carideal","author_link":"https:\/\/www.carideal.com\/blog\/author\/admin_carideal\/"},"uagb_comment_info":0,"uagb_excerpt":"5.86 m de long 2.07m de haut, et 397 ch !! On croyait les pick-up king size enterr\u00e9s par ma crise, Que neni\u00a0! GMC d\u00e9montre avec son concept Sierra All Terrain HD que les robustes mastodontes \u00e0 bennes sont toujours d'actualit\u00e9. Longue de 5.86m, la b\u00eate atteint 2.07 m sous la toise et son empattement\u2026","_links":{"self":[{"href":"https:\/\/www.carideal.com\/blog\/wp-json\/wp\/v2\/posts\/469"}],"collection":[{"href":"https:\/\/www.carideal.com\/blog\/wp-json\/wp\/v2\/posts"}],"about":[{"href":"https:\/\/www.carideal.com\/blog\/wp-json\/wp\/v2\/types\/post"}],"author":[{"embeddable":true,"href":"https:\/\/www.carideal.com\/blog\/wp-json\/wp\/v2\/users\/1"}],"replies":[{"embeddable":true,"href":"https:\/\/www.carideal.com\/blog\/wp-json\/wp\/v2\/comments?post=469"}],"version-history":[{"count":0,"href":"https:\/\/www.carideal.com\/blog\/wp-json\/wp\/v2\/posts\/469\/revisions"}],"wp:attachment":[{"href":"https:\/\/www.carideal.com\/blog\/wp-json\/wp\/v2\/media?parent=469"}],"wp:term":[{"taxonomy":"category","embeddable":true,"href":"https:\/\/www.carideal.com\/blog\/wp-json\/wp\/v2\/categories?post=469"},{"taxonomy":"post_tag","embeddable":true,"href":"https:\/\/www.carideal.com\/blog\/wp-json\/wp\/v2\/tags?post=469"}],"curies":[{"name":"wp","href":"https:\/\/api.w.org\/{rel}","templated":true}]}}