{"id":4676,"date":"2008-08-22T23:00:00","date_gmt":"2008-08-22T23:00:00","guid":{"rendered":"http:\/\/www.carideal.com\/blog\/2008\/08\/22\/peugeot-106-d-occasion\/"},"modified":"2015-10-07T18:39:39","modified_gmt":"2015-10-07T16:39:39","slug":"peugeot-106-d-occasion","status":"publish","type":"post","link":"https:\/\/www.carideal.com\/blog\/2008\/08\/22\/peugeot-106-d-occasion\/","title":{"rendered":"Peugeot 106 d&rsquo;occasion"},"content":{"rendered":"<div><img decoding=\"async\" src=\"http:\/\/www.carideal.com\/images_actualite\/peugeot106carideal-1219528289.jpg\" alt=\"\" \/>Peugeot 106 d'occasion<\/p>\n<\/div>\n<div><img decoding=\"async\" src=\"http:\/\/www.carideal.com\/images_actualite\/peugeot106rallyecarideal-1219606641.jpg\" alt=\"\" \/>Peugeot 106 rallye d'occasion<\/p>\n<\/div>\n<div><img decoding=\"async\" src=\"http:\/\/www.carideal.com\/images_actualite\/peugeot106s16carideal-1219606672.jpg\" alt=\"\" \/>Peugeot S16 d'occasion<\/p>\n<\/div>\n<p>En bonne Peugeot, la 106 d'occasion dispose d'un chassis de qualit\u00e9 et fait montre d'un comportement routier pr\u00e9cis et sur, voir amusant. Pour apr\u00e9cier totalement, la petite 106 Peugeot, en d\u00e9pit d'une position de conduite souffrant d'un volant fixe, mieux vaut opter pour une version \u00e9quip\u00e9e de la direction assist\u00e9e, h\u00e9las assez rare sur les mod\u00e8les n\u00e9s avant le restylage. Plutot l\u00e9g\u00e8re, la Peugeot 106 n'a en revanche nul besoin d'un gros moteur pour convaincre. Le petit 1.0 de 45 ch est trop juste, mais l'\u00e9conomique 1.1 suffit amplement. Ses 60 ch offrent une certaine vivacit\u00e9 et permettent d'envisager de courts trajets routiers. Son homologue diesel est le 1.5D de 58 ch. D\u00e9pass\u00e9 techniquement, aujourd'hui face \u00e0 la concurrence plus r\u00e9cente en occasion, ce bloc offre des performances correctes pour une consommation contenue qui fut une des premi\u00e8res \u00e0 atteindre 3.6 litres au 100 km. Les amateurs de\u00a0conduite pr\u00e9f\u00e8reront \u00e9videmment les sportives versions essence Rallye, XSI et S16.<\/p>\n<p>La Peugeot 106 ne date pas d'hiers comme son habitacle le fait remarquer. L'espace n'est pas tr\u00e8s g\u00e9n\u00e9reux, les places arri\u00e8res sont un peu justes et leur accessibilit\u00e9 laisse \u00e0 desirer sur la version 3 portes. Citadine dans l'ame, cette Peugeot offre le strict minimum en ce qui concerne les espaces de rangement et le coffre, avec un volume de chargement de 192 litres. Heureusement, les larges surfaces vitr\u00e9es laissent facilement entrer la lumi\u00e8re et compensent une ambiance g\u00e9n\u00e9rale un brin aust\u00e8re. Si le confort de roulement est tout \u00e0 fait honnete, le bien \u00eatre des occupants se trouve quelque peu gach\u00e9 par l'insufisance du maintien des si\u00e8ges et la fermet\u00e9 de la banquette arri\u00e8re. Enfin, l'\u00e9quipement rudimentaire n'am\u00e9liore pas non plus le quotidien.<\/p>\n<p>La pr\u00e9sentation int\u00e9rieure n'est pas des plus flatteuses. l'habillage se contente de plastiques quelconques, mais qui pr\u00e9sentent au moins l'avantage de r\u00e9sister \u00e0 l'\u00e9preuve du temps. L'assemblage s\u00e9rieux des \u00e9l\u00e9ments assure en outre un bon vieillissement. Cot\u00e9 mecanique, pas de gros soucis \u00e0 craindre. Le moteur le plus faible est le 1.4D dot\u00e9 d'un joint de culasse fragile. Une fuite d'huile au niveau du joint spi de vilebrequin sur le 1.5D entraine dans de rare cas une rupture de la courroie de distribution. Quant aux moteurs a essence, ils sont victimes d'une instabilit\u00e9 du r\u00e9gime moteur ou d'\u00e0-coups dus \u00e0 une mauvaise qualit\u00e9 de la connectique \u00e9lectrique et \u00e0 une gestion probl\u00e9matique de l'injection. Tous les mod\u00e8les fabriqu\u00e9s avant 1998 sont en revanche touch\u00e9s par une usure acc\u00e9l\u00e9r\u00e9e des plaquettes et des garnitures de freins. La peugeot 106 a \u00e9t\u00e9 fabriqu\u00e9e entre 1991 et 2003 et restyl\u00e9e en avril 1996. Il y en a 822000 en circulation. Ses dimensions ; 3.56x1.59x1.38 Le volume de son r\u00e9servoire est de 45 litres.<\/p>\n<p><a href=\"http:\/\/www.carideal.com\/375-106\">Carideal votre interlocuteur pour l'achat de Peugeot 106, petite voiture, d'occasion pas ch\u00e8re \u00e0 Chambery en Savoie<\/a>.<\/p>\n","protected":false},"excerpt":{"rendered":"<p>Peugeot 106 d&rsquo;occasion Peugeot 106 rallye d&rsquo;occasion Peugeot S16 d&rsquo;occasion En bonne Peugeot, la 106 d&rsquo;occasion dispose d&rsquo;un chassis de qualit\u00e9 et fait montre d&rsquo;un comportement routier pr\u00e9cis et sur, voir amusant. Pour apr\u00e9cier totalement, la petite 106 Peugeot, en d\u00e9pit d&rsquo;une position de conduite souffrant d&rsquo;un volant fixe, mieux vaut opter pour une version &#8230; <a title=\"Peugeot 106 d&rsquo;occasion\" class=\"read-more\" href=\"https:\/\/www.carideal.com\/blog\/2008\/08\/22\/peugeot-106-d-occasion\/\" aria-label=\"En savoir plus sur Peugeot 106 d&rsquo;occasion\">Lire plus<\/a><\/p>\n","protected":false},"author":3,"featured_media":0,"comment_status":"open","ping_status":"open","sticky":false,"template":"","format":"standard","meta":{"_uag_custom_page_level_css":"","_themeisle_gutenberg_block_has_review":false,"footnotes":""},"categories":[21],"tags":[29],"class_list":["post-4676","post","type-post","status-publish","format-standard","hentry","category-actualites-auto","tag-remise"],"wppr_data":[],"yoast_head":"<!-- This site is optimized with the Yoast SEO plugin v24.8.1 - https:\/\/yoast.com\/wordpress\/plugins\/seo\/ -->\n<title>Peugeot 106 d&#039;occasion - Blog auto Carid\u00e9al<\/title>\n<meta name=\"robots\" content=\"index, follow, max-snippet:-1, max-image-preview:large, max-video-preview:-1\" \/>\n<link rel=\"canonical\" href=\"https:\/\/www.carideal.com\/blog\/2008\/08\/22\/peugeot-106-d-occasion\/\" \/>\n<meta property=\"og:locale\" content=\"fr_FR\" \/>\n<meta property=\"og:type\" content=\"article\" \/>\n<meta property=\"og:title\" content=\"Peugeot 106 d&#039;occasion - Blog auto Carid\u00e9al\" \/>\n<meta property=\"og:description\" content=\"Peugeot 106 d&#039;occasion Peugeot 106 rallye d&#039;occasion Peugeot S16 d&#039;occasion En bonne Peugeot, la 106 d&#039;occasion dispose d&#039;un chassis de qualit\u00e9 et fait montre d&#039;un comportement routier pr\u00e9cis et sur, voir amusant. Pour apr\u00e9cier totalement, la petite 106 Peugeot, en d\u00e9pit d&#039;une position de conduite souffrant d&#039;un volant fixe, mieux vaut opter pour une version ... Lire plus\" \/>\n<meta property=\"og:url\" content=\"https:\/\/www.carideal.com\/blog\/2008\/08\/22\/peugeot-106-d-occasion\/\" \/>\n<meta property=\"og:site_name\" content=\"Blog auto Carid\u00e9al\" \/>\n<meta property=\"article:publisher\" content=\"https:\/\/www.facebook.com\/Carideal.mandataire.automobile\" \/>\n<meta property=\"article:author\" content=\"https:\/\/www.facebook.com\/nicolas.schiavon.39\" \/>\n<meta property=\"article:published_time\" content=\"2008-08-22T23:00:00+00:00\" \/>\n<meta property=\"article:modified_time\" content=\"2015-10-07T16:39:39+00:00\" \/>\n<meta property=\"og:image\" content=\"http:\/\/www.carideal.com\/images_actualite\/peugeot106carideal-1219528289.jpg\" \/>\n<meta name=\"author\" content=\"Nicolas SCHIAVON\" \/>\n<meta name=\"twitter:card\" content=\"summary_large_image\" \/>\n<meta name=\"twitter:creator\" content=\"@caridealauto\" \/>\n<meta name=\"twitter:site\" content=\"@caridealauto\" \/>\n<meta name=\"twitter:label1\" content=\"\u00c9crit par\" \/>\n\t<meta name=\"twitter:data1\" content=\"Nicolas SCHIAVON\" \/>\n\t<meta name=\"twitter:label2\" content=\"Dur\u00e9e de lecture estim\u00e9e\" \/>\n\t<meta name=\"twitter:data2\" content=\"2 minutes\" \/>\n<script type=\"application\/ld+json\" class=\"yoast-schema-graph\">{\"@context\":\"https:\/\/schema.org\",\"@graph\":[{\"@type\":\"Article\",\"@id\":\"https:\/\/www.carideal.com\/blog\/2008\/08\/22\/peugeot-106-d-occasion\/#article\",\"isPartOf\":{\"@id\":\"https:\/\/www.carideal.com\/blog\/2008\/08\/22\/peugeot-106-d-occasion\/\"},\"author\":{\"name\":\"Nicolas SCHIAVON\",\"@id\":\"https:\/\/www.carideal.com\/blog\/#\/schema\/person\/cd95dc7919660de90d31b366f85be1ec\"},\"headline\":\"Peugeot 106 d&rsquo;occasion\",\"datePublished\":\"2008-08-22T23:00:00+00:00\",\"dateModified\":\"2015-10-07T16:39:39+00:00\",\"mainEntityOfPage\":{\"@id\":\"https:\/\/www.carideal.com\/blog\/2008\/08\/22\/peugeot-106-d-occasion\/\"},\"wordCount\":499,\"commentCount\":0,\"publisher\":{\"@id\":\"https:\/\/www.carideal.com\/blog\/#organization\"},\"image\":{\"@id\":\"https:\/\/www.carideal.com\/blog\/2008\/08\/22\/peugeot-106-d-occasion\/#primaryimage\"},\"thumbnailUrl\":\"http:\/\/www.carideal.com\/images_actualite\/peugeot106carideal-1219528289.jpg\",\"keywords\":[\"Remise voiture neuve\"],\"articleSection\":[\"Actualit\u00e9 automobile\"],\"inLanguage\":\"fr-FR\",\"potentialAction\":[{\"@type\":\"CommentAction\",\"name\":\"Comment\",\"target\":[\"https:\/\/www.carideal.com\/blog\/2008\/08\/22\/peugeot-106-d-occasion\/#respond\"]}]},{\"@type\":\"WebPage\",\"@id\":\"https:\/\/www.carideal.com\/blog\/2008\/08\/22\/peugeot-106-d-occasion\/\",\"url\":\"https:\/\/www.carideal.com\/blog\/2008\/08\/22\/peugeot-106-d-occasion\/\",\"name\":\"Peugeot 106 d'occasion - Blog auto Carid\u00e9al\",\"isPartOf\":{\"@id\":\"https:\/\/www.carideal.com\/blog\/#website\"},\"primaryImageOfPage\":{\"@id\":\"https:\/\/www.carideal.com\/blog\/2008\/08\/22\/peugeot-106-d-occasion\/#primaryimage\"},\"image\":{\"@id\":\"https:\/\/www.carideal.com\/blog\/2008\/08\/22\/peugeot-106-d-occasion\/#primaryimage\"},\"thumbnailUrl\":\"http:\/\/www.carideal.com\/images_actualite\/peugeot106carideal-1219528289.jpg\",\"datePublished\":\"2008-08-22T23:00:00+00:00\",\"dateModified\":\"2015-10-07T16:39:39+00:00\",\"breadcrumb\":{\"@id\":\"https:\/\/www.carideal.com\/blog\/2008\/08\/22\/peugeot-106-d-occasion\/#breadcrumb\"},\"inLanguage\":\"fr-FR\",\"potentialAction\":[{\"@type\":\"ReadAction\",\"target\":[\"https:\/\/www.carideal.com\/blog\/2008\/08\/22\/peugeot-106-d-occasion\/\"]}]},{\"@type\":\"ImageObject\",\"inLanguage\":\"fr-FR\",\"@id\":\"https:\/\/www.carideal.com\/blog\/2008\/08\/22\/peugeot-106-d-occasion\/#primaryimage\",\"url\":\"http:\/\/www.carideal.com\/images_actualite\/peugeot106carideal-1219528289.jpg\",\"contentUrl\":\"http:\/\/www.carideal.com\/images_actualite\/peugeot106carideal-1219528289.jpg\"},{\"@type\":\"BreadcrumbList\",\"@id\":\"https:\/\/www.carideal.com\/blog\/2008\/08\/22\/peugeot-106-d-occasion\/#breadcrumb\",\"itemListElement\":[{\"@type\":\"ListItem\",\"position\":1,\"name\":\"Blog Carid\u00e9al\",\"item\":\"https:\/\/www.carideal.com\/blog\/\"},{\"@type\":\"ListItem\",\"position\":2,\"name\":\"Actualit\u00e9 automobile\",\"item\":\"https:\/\/www.carideal.com\/blog\/actualites-auto\/\"},{\"@type\":\"ListItem\",\"position\":3,\"name\":\"Peugeot 106 d&rsquo;occasion\"}]},{\"@type\":\"WebSite\",\"@id\":\"https:\/\/www.carideal.com\/blog\/#website\",\"url\":\"https:\/\/www.carideal.com\/blog\/\",\"name\":\"Blog auto Carid\u00e9al\",\"description\":\"Actualit\u00e9 auto par des passionn\u00e9s\",\"publisher\":{\"@id\":\"https:\/\/www.carideal.com\/blog\/#organization\"},\"potentialAction\":[{\"@type\":\"SearchAction\",\"target\":{\"@type\":\"EntryPoint\",\"urlTemplate\":\"https:\/\/www.carideal.com\/blog\/?s={search_term_string}\"},\"query-input\":{\"@type\":\"PropertyValueSpecification\",\"valueRequired\":true,\"valueName\":\"search_term_string\"}}],\"inLanguage\":\"fr-FR\"},{\"@type\":\"Organization\",\"@id\":\"https:\/\/www.carideal.com\/blog\/#organization\",\"name\":\"Carideal\",\"url\":\"https:\/\/www.carideal.com\/blog\/\",\"logo\":{\"@type\":\"ImageObject\",\"inLanguage\":\"fr-FR\",\"@id\":\"https:\/\/www.carideal.com\/blog\/#\/schema\/logo\/image\/\",\"url\":\"http:\/\/www.carideal.com\/blog\/wp-content\/uploads\/2016\/03\/logo-carideal-mandataire-automobile.png\",\"contentUrl\":\"http:\/\/www.carideal.com\/blog\/wp-content\/uploads\/2016\/03\/logo-carideal-mandataire-automobile.png\",\"width\":300,\"height\":300,\"caption\":\"Carideal\"},\"image\":{\"@id\":\"https:\/\/www.carideal.com\/blog\/#\/schema\/logo\/image\/\"},\"sameAs\":[\"https:\/\/www.facebook.com\/Carideal.mandataire.automobile\",\"https:\/\/x.com\/caridealauto\",\"https:\/\/www.instagram.com\/carideal1\/\",\"https:\/\/www.linkedin.com\/company\/carideal.com\",\"https:\/\/fr.pinterest.com\/schiavonsas\/\",\"https:\/\/www.youtube.com\/user\/caridealsas\"]},{\"@type\":\"Person\",\"@id\":\"https:\/\/www.carideal.com\/blog\/#\/schema\/person\/cd95dc7919660de90d31b366f85be1ec\",\"name\":\"Nicolas SCHIAVON\",\"image\":{\"@type\":\"ImageObject\",\"inLanguage\":\"fr-FR\",\"@id\":\"https:\/\/www.carideal.com\/blog\/#\/schema\/person\/image\/\",\"url\":\"https:\/\/secure.gravatar.com\/avatar\/c17e55009e671d92cc7f5dc837dc418a?s=96&r=g\",\"contentUrl\":\"https:\/\/secure.gravatar.com\/avatar\/c17e55009e671d92cc7f5dc837dc418a?s=96&r=g\",\"caption\":\"Nicolas SCHIAVON\"},\"description\":\"Nicolas Schiavon est tomb\u00e9 tout petit dans la marmite automobile. Ayant eu un garage de marque automobile, mandataire automobile de la premi\u00e8re heure d\u00e8s 1999. Nicolas a cr\u00e9\u00e9 ces premiers sites de vente de voiture et blog automobile d\u00e8s 1994. Carideal est n\u00e9 le 15 d\u00e9cembre 2000 de la volont\u00e9 de vendre des voitures d'occasions en ligne puis des voitures neuves. Il a pu essayer beaucoup de voitures tr\u00e8s diff\u00e9rentes et ayant eu personnellement quelques belles autos, Subaru Impreza, Mitsubishi Lancer Evo 7, Porsche 911, Ferrari Testarrossa, Audi RS3, RS4 et j'en passe...\",\"sameAs\":[\"http:\/\/www.carideal.com\",\"https:\/\/www.facebook.com\/nicolas.schiavon.39\",\"https:\/\/www.instagram.com\/carideal1\/\",\"https:\/\/www.linkedin.com\/in\/nschiavon\/\",\"https:\/\/x.com\/caridealauto\",\"https:\/\/www.youtube.com\/user\/caridealsas\/\"],\"url\":\"https:\/\/www.carideal.com\/blog\/author\/nschiavon\/\"}]}<\/script>\n<!-- \/ Yoast SEO plugin. -->","yoast_head_json":{"title":"Peugeot 106 d'occasion - Blog auto Carid\u00e9al","robots":{"index":"index","follow":"follow","max-snippet":"max-snippet:-1","max-image-preview":"max-image-preview:large","max-video-preview":"max-video-preview:-1"},"canonical":"https:\/\/www.carideal.com\/blog\/2008\/08\/22\/peugeot-106-d-occasion\/","og_locale":"fr_FR","og_type":"article","og_title":"Peugeot 106 d'occasion - Blog auto Carid\u00e9al","og_description":"Peugeot 106 d'occasion Peugeot 106 rallye d'occasion Peugeot S16 d'occasion En bonne Peugeot, la 106 d'occasion dispose d'un chassis de qualit\u00e9 et fait montre d'un comportement routier pr\u00e9cis et sur, voir amusant. Pour apr\u00e9cier totalement, la petite 106 Peugeot, en d\u00e9pit d'une position de conduite souffrant d'un volant fixe, mieux vaut opter pour une version ... Lire plus","og_url":"https:\/\/www.carideal.com\/blog\/2008\/08\/22\/peugeot-106-d-occasion\/","og_site_name":"Blog auto Carid\u00e9al","article_publisher":"https:\/\/www.facebook.com\/Carideal.mandataire.automobile","article_author":"https:\/\/www.facebook.com\/nicolas.schiavon.39","article_published_time":"2008-08-22T23:00:00+00:00","article_modified_time":"2015-10-07T16:39:39+00:00","og_image":[{"url":"http:\/\/www.carideal.com\/images_actualite\/peugeot106carideal-1219528289.jpg","type":"","width":"","height":""}],"author":"Nicolas SCHIAVON","twitter_card":"summary_large_image","twitter_creator":"@caridealauto","twitter_site":"@caridealauto","twitter_misc":{"\u00c9crit par":"Nicolas SCHIAVON","Dur\u00e9e de lecture estim\u00e9e":"2 minutes"},"schema":{"@context":"https:\/\/schema.org","@graph":[{"@type":"Article","@id":"https:\/\/www.carideal.com\/blog\/2008\/08\/22\/peugeot-106-d-occasion\/#article","isPartOf":{"@id":"https:\/\/www.carideal.com\/blog\/2008\/08\/22\/peugeot-106-d-occasion\/"},"author":{"name":"Nicolas SCHIAVON","@id":"https:\/\/www.carideal.com\/blog\/#\/schema\/person\/cd95dc7919660de90d31b366f85be1ec"},"headline":"Peugeot 106 d&rsquo;occasion","datePublished":"2008-08-22T23:00:00+00:00","dateModified":"2015-10-07T16:39:39+00:00","mainEntityOfPage":{"@id":"https:\/\/www.carideal.com\/blog\/2008\/08\/22\/peugeot-106-d-occasion\/"},"wordCount":499,"commentCount":0,"publisher":{"@id":"https:\/\/www.carideal.com\/blog\/#organization"},"image":{"@id":"https:\/\/www.carideal.com\/blog\/2008\/08\/22\/peugeot-106-d-occasion\/#primaryimage"},"thumbnailUrl":"http:\/\/www.carideal.com\/images_actualite\/peugeot106carideal-1219528289.jpg","keywords":["Remise voiture neuve"],"articleSection":["Actualit\u00e9 automobile"],"inLanguage":"fr-FR","potentialAction":[{"@type":"CommentAction","name":"Comment","target":["https:\/\/www.carideal.com\/blog\/2008\/08\/22\/peugeot-106-d-occasion\/#respond"]}]},{"@type":"WebPage","@id":"https:\/\/www.carideal.com\/blog\/2008\/08\/22\/peugeot-106-d-occasion\/","url":"https:\/\/www.carideal.com\/blog\/2008\/08\/22\/peugeot-106-d-occasion\/","name":"Peugeot 106 d'occasion - Blog auto Carid\u00e9al","isPartOf":{"@id":"https:\/\/www.carideal.com\/blog\/#website"},"primaryImageOfPage":{"@id":"https:\/\/www.carideal.com\/blog\/2008\/08\/22\/peugeot-106-d-occasion\/#primaryimage"},"image":{"@id":"https:\/\/www.carideal.com\/blog\/2008\/08\/22\/peugeot-106-d-occasion\/#primaryimage"},"thumbnailUrl":"http:\/\/www.carideal.com\/images_actualite\/peugeot106carideal-1219528289.jpg","datePublished":"2008-08-22T23:00:00+00:00","dateModified":"2015-10-07T16:39:39+00:00","breadcrumb":{"@id":"https:\/\/www.carideal.com\/blog\/2008\/08\/22\/peugeot-106-d-occasion\/#breadcrumb"},"inLanguage":"fr-FR","potentialAction":[{"@type":"ReadAction","target":["https:\/\/www.carideal.com\/blog\/2008\/08\/22\/peugeot-106-d-occasion\/"]}]},{"@type":"ImageObject","inLanguage":"fr-FR","@id":"https:\/\/www.carideal.com\/blog\/2008\/08\/22\/peugeot-106-d-occasion\/#primaryimage","url":"http:\/\/www.carideal.com\/images_actualite\/peugeot106carideal-1219528289.jpg","contentUrl":"http:\/\/www.carideal.com\/images_actualite\/peugeot106carideal-1219528289.jpg"},{"@type":"BreadcrumbList","@id":"https:\/\/www.carideal.com\/blog\/2008\/08\/22\/peugeot-106-d-occasion\/#breadcrumb","itemListElement":[{"@type":"ListItem","position":1,"name":"Blog Carid\u00e9al","item":"https:\/\/www.carideal.com\/blog\/"},{"@type":"ListItem","position":2,"name":"Actualit\u00e9 automobile","item":"https:\/\/www.carideal.com\/blog\/actualites-auto\/"},{"@type":"ListItem","position":3,"name":"Peugeot 106 d&rsquo;occasion"}]},{"@type":"WebSite","@id":"https:\/\/www.carideal.com\/blog\/#website","url":"https:\/\/www.carideal.com\/blog\/","name":"Blog auto Carid\u00e9al","description":"Actualit\u00e9 auto par des passionn\u00e9s","publisher":{"@id":"https:\/\/www.carideal.com\/blog\/#organization"},"potentialAction":[{"@type":"SearchAction","target":{"@type":"EntryPoint","urlTemplate":"https:\/\/www.carideal.com\/blog\/?s={search_term_string}"},"query-input":{"@type":"PropertyValueSpecification","valueRequired":true,"valueName":"search_term_string"}}],"inLanguage":"fr-FR"},{"@type":"Organization","@id":"https:\/\/www.carideal.com\/blog\/#organization","name":"Carideal","url":"https:\/\/www.carideal.com\/blog\/","logo":{"@type":"ImageObject","inLanguage":"fr-FR","@id":"https:\/\/www.carideal.com\/blog\/#\/schema\/logo\/image\/","url":"http:\/\/www.carideal.com\/blog\/wp-content\/uploads\/2016\/03\/logo-carideal-mandataire-automobile.png","contentUrl":"http:\/\/www.carideal.com\/blog\/wp-content\/uploads\/2016\/03\/logo-carideal-mandataire-automobile.png","width":300,"height":300,"caption":"Carideal"},"image":{"@id":"https:\/\/www.carideal.com\/blog\/#\/schema\/logo\/image\/"},"sameAs":["https:\/\/www.facebook.com\/Carideal.mandataire.automobile","https:\/\/x.com\/caridealauto","https:\/\/www.instagram.com\/carideal1\/","https:\/\/www.linkedin.com\/company\/carideal.com","https:\/\/fr.pinterest.com\/schiavonsas\/","https:\/\/www.youtube.com\/user\/caridealsas"]},{"@type":"Person","@id":"https:\/\/www.carideal.com\/blog\/#\/schema\/person\/cd95dc7919660de90d31b366f85be1ec","name":"Nicolas SCHIAVON","image":{"@type":"ImageObject","inLanguage":"fr-FR","@id":"https:\/\/www.carideal.com\/blog\/#\/schema\/person\/image\/","url":"https:\/\/secure.gravatar.com\/avatar\/c17e55009e671d92cc7f5dc837dc418a?s=96&r=g","contentUrl":"https:\/\/secure.gravatar.com\/avatar\/c17e55009e671d92cc7f5dc837dc418a?s=96&r=g","caption":"Nicolas SCHIAVON"},"description":"Nicolas Schiavon est tomb\u00e9 tout petit dans la marmite automobile. Ayant eu un garage de marque automobile, mandataire automobile de la premi\u00e8re heure d\u00e8s 1999. Nicolas a cr\u00e9\u00e9 ces premiers sites de vente de voiture et blog automobile d\u00e8s 1994. Carideal est n\u00e9 le 15 d\u00e9cembre 2000 de la volont\u00e9 de vendre des voitures d'occasions en ligne puis des voitures neuves. Il a pu essayer beaucoup de voitures tr\u00e8s diff\u00e9rentes et ayant eu personnellement quelques belles autos, Subaru Impreza, Mitsubishi Lancer Evo 7, Porsche 911, Ferrari Testarrossa, Audi RS3, RS4 et j'en passe...","sameAs":["http:\/\/www.carideal.com","https:\/\/www.facebook.com\/nicolas.schiavon.39","https:\/\/www.instagram.com\/carideal1\/","https:\/\/www.linkedin.com\/in\/nschiavon\/","https:\/\/x.com\/caridealauto","https:\/\/www.youtube.com\/user\/caridealsas\/"],"url":"https:\/\/www.carideal.com\/blog\/author\/nschiavon\/"}]}},"uagb_featured_image_src":{"full":false,"thumbnail":false,"medium":false,"medium_large":false,"large":false,"1536x1536":false,"2048x2048":false,"wppr-widget":false},"uagb_author_info":{"display_name":"Nicolas SCHIAVON","author_link":"https:\/\/www.carideal.com\/blog\/author\/nschiavon\/"},"uagb_comment_info":0,"uagb_excerpt":"Peugeot 106 d'occasion Peugeot 106 rallye d'occasion Peugeot S16 d'occasion En bonne Peugeot, la 106 d'occasion dispose d'un chassis de qualit\u00e9 et fait montre d'un comportement routier pr\u00e9cis et sur, voir amusant. Pour apr\u00e9cier totalement, la petite 106 Peugeot, en d\u00e9pit d'une position de conduite souffrant d'un volant fixe, mieux vaut opter pour une version\u2026","_links":{"self":[{"href":"https:\/\/www.carideal.com\/blog\/wp-json\/wp\/v2\/posts\/4676"}],"collection":[{"href":"https:\/\/www.carideal.com\/blog\/wp-json\/wp\/v2\/posts"}],"about":[{"href":"https:\/\/www.carideal.com\/blog\/wp-json\/wp\/v2\/types\/post"}],"author":[{"embeddable":true,"href":"https:\/\/www.carideal.com\/blog\/wp-json\/wp\/v2\/users\/3"}],"replies":[{"embeddable":true,"href":"https:\/\/www.carideal.com\/blog\/wp-json\/wp\/v2\/comments?post=4676"}],"version-history":[{"count":0,"href":"https:\/\/www.carideal.com\/blog\/wp-json\/wp\/v2\/posts\/4676\/revisions"}],"wp:attachment":[{"href":"https:\/\/www.carideal.com\/blog\/wp-json\/wp\/v2\/media?parent=4676"}],"wp:term":[{"taxonomy":"category","embeddable":true,"href":"https:\/\/www.carideal.com\/blog\/wp-json\/wp\/v2\/categories?post=4676"},{"taxonomy":"post_tag","embeddable":true,"href":"https:\/\/www.carideal.com\/blog\/wp-json\/wp\/v2\/tags?post=4676"}],"curies":[{"name":"wp","href":"https:\/\/api.w.org\/{rel}","templated":true}]}}