{"id":4671,"date":"2008-08-15T22:00:00","date_gmt":"2008-08-15T22:00:00","guid":{"rendered":"http:\/\/www.carideal.com\/blog\/2008\/08\/15\/opel-zafira-ii-d-ocasion\/"},"modified":"2019-09-23T11:11:59","modified_gmt":"2019-09-23T09:11:59","slug":"opel-zafira-ii-d-ocasion","status":"publish","type":"post","link":"https:\/\/www.carideal.com\/blog\/2008\/08\/15\/opel-zafira-ii-d-ocasion\/","title":{"rendered":"Opel Zafira d&rsquo;occasion analys\u00e9"},"content":{"rendered":"<div>\n<h2>L'Opel Zafira d'occasion pass\u00e9 en revu<\/h2>\n<\/div>\n<p>Les premiers tours de roue d\u00e9gagent un fort sentiment de fermet\u00e9. D'abord dans les diff\u00e9rentes commandes, levier de vitesse, et commodos, mais aussi dans la direction. Son assistance \u00e0 peine assez soutenue \u00e0 faible vitesse en surprendra plus d'un. De ce fait, les trajets prolong\u00e9s en centre-ville deviendront fatiguants dans cet <strong>Opel Zafira d'occasion<\/strong>, et dans une ambiance moins feutr\u00e9e qu'\u00e0 bord d'un <a href=\"http:\/\/www.carideal.com\/blog\/2008\/06\/20\/renault-scenic-ii-d-occasion\/\">Renault Scenic<\/a> ou d'un <a href=\"http:\/\/www.carideal.com\/blog\/2008\/11\/04\/bon-plan-carideal-mandataire-citroen-c4-picasso\/\">Citroen C4 Picasso<\/a>.<\/p>\n<figure id=\"attachment_19781\" aria-describedby=\"caption-attachment-19781\" style=\"width: 500px\" class=\"wp-caption alignnone\"><img loading=\"lazy\" decoding=\"async\" class=\"size-full wp-image-19781\" src=\"http:\/\/www.carideal.com\/blog\/wp-content\/uploads\/2008\/08\/opelzafiraiicarideal-1218919159.jpg\" alt=\"Opel Zafira d'occasion analys\u00e9\" width=\"510\" height=\"340\" srcset=\"https:\/\/www.carideal.com\/blog\/wp-content\/uploads\/2008\/08\/opelzafiraiicarideal-1218919159.jpg 510w, https:\/\/www.carideal.com\/blog\/wp-content\/uploads\/2008\/08\/opelzafiraiicarideal-1218919159-300x200.jpg 300w, https:\/\/www.carideal.com\/blog\/wp-content\/uploads\/2008\/08\/opelzafiraiicarideal-1218919159-50x33.jpg 50w, https:\/\/www.carideal.com\/blog\/wp-content\/uploads\/2008\/08\/opelzafiraiicarideal-1218919159-110x73.jpg 110w, https:\/\/www.carideal.com\/blog\/wp-content\/uploads\/2008\/08\/opelzafiraiicarideal-1218919159-420x280.jpg 420w, https:\/\/www.carideal.com\/blog\/wp-content\/uploads\/2008\/08\/opelzafiraiicarideal-1218919159-272x182.jpg 272w\" sizes=\"(max-width: 510px) 100vw, 510px\" \/><figcaption id=\"caption-attachment-19781\" class=\"wp-caption-text\">Opel Zafira d'occasion analys\u00e9<\/figcaption><\/figure>\n<p>Coh\u00e9rent dans sa d\u00e9finition, l'<strong>Opel Zafira II d'occasion<\/strong> est aussi rigoureux sur route. Ch\u00e2ssis et trains roulants ne laissent aucune chance au hasard et guide l'auto avec une grande pr\u00e9cision, quel soit le trac\u00e9. Certes, ces qualit\u00e9s sont assorties d'un amortissement assez ferme, mais celui-ci travaille en harmonie avec les suspensions. Au final, le niveau de confort apparait suffisant, et m\u00eame bien meilleur qu'auparavant.<\/p>\n<p>A croire que les ing\u00e9nieurs qui ont s\u00e9lectionn\u00e9 la sellerie sont les m\u00eames qui ont travaill\u00e9s sur la partie ch\u00e2ssis. \u00c0 l'instar de l'amortissement, les si\u00e8ges sont fermes voir tr\u00e8s fermes. En revanche, les passagers souhaitant rejoindre les deux si\u00e8ges additionnels escamotables de la troisi\u00e8me rang\u00e9es, qui permettent de voyager \u00e0 sept, mais sans trop de bagages, auront besoin d'\u00eatre souple. Une fois install\u00e9s, tous les occupants profitent d'un espace convenable, sauf le passager arri\u00e8re central, lequel devra se contenter d'une assise r\u00e9duite en largeur.<\/p>\n<p>\u00c0 noter que la place pour les jambes est appr\u00e9ciable, toute comme la garde au toit. L'ambiance est agr\u00e9able, notamment \u00e0 bord des mod\u00e8les accueillant un toit aviation, le pavillon est dot\u00e9 de petites fen\u00eatres fixes et d'espaces de rangement centraux qui offrent une plus grande luminosit\u00e9, mais g\u00e9n\u00e8rent plus de bruits parasites.<\/p>\n<p>Comme toujours chez <a href=\"http:\/\/www.carideal.com\/blog\/marque-de-voiture-actualites-essais\/opel\/\">Opel<\/a>, l'habitacle n'a rien de folichon. Mais si les plastiques sont sombres, l'assemblage et la qualit\u00e9 des mat\u00e9riaux se situent dans une bonne moyenne. Quelques avaries \u00e9lectroniques ont ponctu\u00e9 la carri\u00e8re des versions 2005 et 2006. Par ailleurs l'autoradio subit parfois des d\u00e9faillances : il est remplac\u00e9 sous garantie. Les blocs diesels, d'origine Fiat, sont \u00e9quip\u00e9s d'injecteurs tr\u00e8s sensibles \u00e0 la pr\u00e9sence d'eau dans le gazole, et les mod\u00e8les construits entre septembre 2005 et septembre 2006 qui effectuent surtout des petits trajets, rencontrent des probl\u00e8mes li\u00e9s \u00e0 la r\u00e9g\u00e9n\u00e9ration du filtre \u00e0 particules. Ses dimensions : 4.47 x 2.02 x 1.63 Le volume de son r\u00e9servoir : 58 litres.<\/p>\n<p>L'Achat malin de votre Opel Zafira d'occasion pas cher avec Carideal Mandataire automobile \u00e0 Chamb\u00e9ry en Savoie.<\/p>\n","protected":false},"excerpt":{"rendered":"<p>L&rsquo;Opel Zafira d&rsquo;occasion pass\u00e9 en revu Les premiers tours de roue d\u00e9gagent un fort sentiment de fermet\u00e9. D&rsquo;abord dans les diff\u00e9rentes commandes, levier de vitesse, et commodos, mais aussi dans la direction. Son assistance \u00e0 peine assez soutenue \u00e0 faible vitesse en surprendra plus d&rsquo;un. De ce fait, les trajets prolong\u00e9s en centre-ville deviendront fatiguants &#8230; <a title=\"Opel Zafira d&rsquo;occasion analys\u00e9\" class=\"read-more\" href=\"https:\/\/www.carideal.com\/blog\/2008\/08\/15\/opel-zafira-ii-d-ocasion\/\" aria-label=\"En savoir plus sur Opel Zafira d&rsquo;occasion analys\u00e9\">Lire plus<\/a><\/p>\n","protected":false},"author":3,"featured_media":19781,"comment_status":"open","ping_status":"open","sticky":false,"template":"","format":"standard","meta":{"_uag_custom_page_level_css":"","_themeisle_gutenberg_block_has_review":false,"footnotes":""},"categories":[6018],"tags":[29],"class_list":["post-4671","post","type-post","status-publish","format-standard","has-post-thumbnail","hentry","category-opel-essai","tag-remise"],"wppr_data":{"cwp_meta_box_check":"No"},"yoast_head":"<!-- This site is optimized with the Yoast SEO plugin v24.8.1 - https:\/\/yoast.com\/wordpress\/plugins\/seo\/ -->\n<title>Opel Zafira d&#039;occasion analys\u00e9 - Blog auto Carid\u00e9al<\/title>\n<meta name=\"description\" content=\"Un petit tour dans l&#039;Opel zafira II d&#039;occasion, afin de jauger ses qualit\u00e9s et ses d\u00e9fauts. Pr\u00e9cisions de conduite mais des d\u00e9tails qui agacent dans une allemande\" \/>\n<meta name=\"robots\" content=\"index, follow, max-snippet:-1, max-image-preview:large, max-video-preview:-1\" \/>\n<link rel=\"canonical\" href=\"https:\/\/www.carideal.com\/blog\/2008\/08\/15\/opel-zafira-ii-d-ocasion\/\" \/>\n<meta property=\"og:locale\" content=\"fr_FR\" \/>\n<meta property=\"og:type\" content=\"article\" \/>\n<meta property=\"og:title\" content=\"Opel Zafira d&#039;occasion analys\u00e9 - Blog auto Carid\u00e9al\" \/>\n<meta property=\"og:description\" content=\"Un petit tour dans l&#039;Opel zafira II d&#039;occasion, afin de jauger ses qualit\u00e9s et ses d\u00e9fauts. Pr\u00e9cisions de conduite mais des d\u00e9tails qui agacent dans une allemande\" \/>\n<meta property=\"og:url\" content=\"https:\/\/www.carideal.com\/blog\/2008\/08\/15\/opel-zafira-ii-d-ocasion\/\" \/>\n<meta property=\"og:site_name\" content=\"Blog auto Carid\u00e9al\" \/>\n<meta property=\"article:publisher\" content=\"https:\/\/www.facebook.com\/Carideal.mandataire.automobile\" \/>\n<meta property=\"article:author\" content=\"https:\/\/www.facebook.com\/nicolas.schiavon.39\" \/>\n<meta property=\"article:published_time\" content=\"2008-08-15T22:00:00+00:00\" \/>\n<meta property=\"article:modified_time\" content=\"2019-09-23T09:11:59+00:00\" \/>\n<meta property=\"og:image\" content=\"https:\/\/www.carideal.com\/blog\/wp-content\/uploads\/2008\/08\/opelzafiraiicarideal-1218919159.jpg\" \/>\n\t<meta property=\"og:image:width\" content=\"510\" \/>\n\t<meta property=\"og:image:height\" content=\"340\" \/>\n\t<meta property=\"og:image:type\" content=\"image\/jpeg\" \/>\n<meta name=\"author\" content=\"Nicolas SCHIAVON\" \/>\n<meta name=\"twitter:card\" content=\"summary_large_image\" \/>\n<meta name=\"twitter:creator\" content=\"@caridealauto\" \/>\n<meta name=\"twitter:site\" content=\"@caridealauto\" \/>\n<meta name=\"twitter:label1\" content=\"\u00c9crit par\" \/>\n\t<meta name=\"twitter:data1\" content=\"Nicolas SCHIAVON\" \/>\n\t<meta name=\"twitter:label2\" content=\"Dur\u00e9e de lecture estim\u00e9e\" \/>\n\t<meta name=\"twitter:data2\" content=\"2 minutes\" \/>\n<script type=\"application\/ld+json\" class=\"yoast-schema-graph\">{\"@context\":\"https:\/\/schema.org\",\"@graph\":[{\"@type\":\"Article\",\"@id\":\"https:\/\/www.carideal.com\/blog\/2008\/08\/15\/opel-zafira-ii-d-ocasion\/#article\",\"isPartOf\":{\"@id\":\"https:\/\/www.carideal.com\/blog\/2008\/08\/15\/opel-zafira-ii-d-ocasion\/\"},\"author\":{\"name\":\"Nicolas SCHIAVON\",\"@id\":\"https:\/\/www.carideal.com\/blog\/#\/schema\/person\/cd95dc7919660de90d31b366f85be1ec\"},\"headline\":\"Opel Zafira d&rsquo;occasion analys\u00e9\",\"datePublished\":\"2008-08-15T22:00:00+00:00\",\"dateModified\":\"2019-09-23T09:11:59+00:00\",\"mainEntityOfPage\":{\"@id\":\"https:\/\/www.carideal.com\/blog\/2008\/08\/15\/opel-zafira-ii-d-ocasion\/\"},\"wordCount\":445,\"commentCount\":0,\"publisher\":{\"@id\":\"https:\/\/www.carideal.com\/blog\/#organization\"},\"image\":{\"@id\":\"https:\/\/www.carideal.com\/blog\/2008\/08\/15\/opel-zafira-ii-d-ocasion\/#primaryimage\"},\"thumbnailUrl\":\"https:\/\/www.carideal.com\/blog\/wp-content\/uploads\/2008\/08\/opelzafiraiicarideal-1218919159.jpg\",\"keywords\":[\"Remise voiture neuve\"],\"articleSection\":[\"Essais Opel\"],\"inLanguage\":\"fr-FR\",\"potentialAction\":[{\"@type\":\"CommentAction\",\"name\":\"Comment\",\"target\":[\"https:\/\/www.carideal.com\/blog\/2008\/08\/15\/opel-zafira-ii-d-ocasion\/#respond\"]}]},{\"@type\":\"WebPage\",\"@id\":\"https:\/\/www.carideal.com\/blog\/2008\/08\/15\/opel-zafira-ii-d-ocasion\/\",\"url\":\"https:\/\/www.carideal.com\/blog\/2008\/08\/15\/opel-zafira-ii-d-ocasion\/\",\"name\":\"Opel Zafira d'occasion analys\u00e9 - Blog auto Carid\u00e9al\",\"isPartOf\":{\"@id\":\"https:\/\/www.carideal.com\/blog\/#website\"},\"primaryImageOfPage\":{\"@id\":\"https:\/\/www.carideal.com\/blog\/2008\/08\/15\/opel-zafira-ii-d-ocasion\/#primaryimage\"},\"image\":{\"@id\":\"https:\/\/www.carideal.com\/blog\/2008\/08\/15\/opel-zafira-ii-d-ocasion\/#primaryimage\"},\"thumbnailUrl\":\"https:\/\/www.carideal.com\/blog\/wp-content\/uploads\/2008\/08\/opelzafiraiicarideal-1218919159.jpg\",\"datePublished\":\"2008-08-15T22:00:00+00:00\",\"dateModified\":\"2019-09-23T09:11:59+00:00\",\"description\":\"Un petit tour dans l'Opel zafira II d'occasion, afin de jauger ses qualit\u00e9s et ses d\u00e9fauts. Pr\u00e9cisions de conduite mais des d\u00e9tails qui agacent dans une allemande\",\"breadcrumb\":{\"@id\":\"https:\/\/www.carideal.com\/blog\/2008\/08\/15\/opel-zafira-ii-d-ocasion\/#breadcrumb\"},\"inLanguage\":\"fr-FR\",\"potentialAction\":[{\"@type\":\"ReadAction\",\"target\":[\"https:\/\/www.carideal.com\/blog\/2008\/08\/15\/opel-zafira-ii-d-ocasion\/\"]}]},{\"@type\":\"ImageObject\",\"inLanguage\":\"fr-FR\",\"@id\":\"https:\/\/www.carideal.com\/blog\/2008\/08\/15\/opel-zafira-ii-d-ocasion\/#primaryimage\",\"url\":\"https:\/\/www.carideal.com\/blog\/wp-content\/uploads\/2008\/08\/opelzafiraiicarideal-1218919159.jpg\",\"contentUrl\":\"https:\/\/www.carideal.com\/blog\/wp-content\/uploads\/2008\/08\/opelzafiraiicarideal-1218919159.jpg\",\"width\":510,\"height\":340,\"caption\":\"Opel Zafira d'occasion analys\u00e9\"},{\"@type\":\"BreadcrumbList\",\"@id\":\"https:\/\/www.carideal.com\/blog\/2008\/08\/15\/opel-zafira-ii-d-ocasion\/#breadcrumb\",\"itemListElement\":[{\"@type\":\"ListItem\",\"position\":1,\"name\":\"Blog Carid\u00e9al\",\"item\":\"https:\/\/www.carideal.com\/blog\/\"},{\"@type\":\"ListItem\",\"position\":2,\"name\":\"Essais automobile\",\"item\":\"https:\/\/www.carideal.com\/blog\/essai\/\"},{\"@type\":\"ListItem\",\"position\":3,\"name\":\"Essais Opel\",\"item\":\"https:\/\/www.carideal.com\/blog\/essai\/opel-essai\/\"},{\"@type\":\"ListItem\",\"position\":4,\"name\":\"Opel Zafira d&rsquo;occasion analys\u00e9\"}]},{\"@type\":\"WebSite\",\"@id\":\"https:\/\/www.carideal.com\/blog\/#website\",\"url\":\"https:\/\/www.carideal.com\/blog\/\",\"name\":\"Blog auto Carid\u00e9al\",\"description\":\"Actualit\u00e9 auto par des passionn\u00e9s\",\"publisher\":{\"@id\":\"https:\/\/www.carideal.com\/blog\/#organization\"},\"potentialAction\":[{\"@type\":\"SearchAction\",\"target\":{\"@type\":\"EntryPoint\",\"urlTemplate\":\"https:\/\/www.carideal.com\/blog\/?s={search_term_string}\"},\"query-input\":{\"@type\":\"PropertyValueSpecification\",\"valueRequired\":true,\"valueName\":\"search_term_string\"}}],\"inLanguage\":\"fr-FR\"},{\"@type\":\"Organization\",\"@id\":\"https:\/\/www.carideal.com\/blog\/#organization\",\"name\":\"Carideal\",\"url\":\"https:\/\/www.carideal.com\/blog\/\",\"logo\":{\"@type\":\"ImageObject\",\"inLanguage\":\"fr-FR\",\"@id\":\"https:\/\/www.carideal.com\/blog\/#\/schema\/logo\/image\/\",\"url\":\"http:\/\/www.carideal.com\/blog\/wp-content\/uploads\/2016\/03\/logo-carideal-mandataire-automobile.png\",\"contentUrl\":\"http:\/\/www.carideal.com\/blog\/wp-content\/uploads\/2016\/03\/logo-carideal-mandataire-automobile.png\",\"width\":300,\"height\":300,\"caption\":\"Carideal\"},\"image\":{\"@id\":\"https:\/\/www.carideal.com\/blog\/#\/schema\/logo\/image\/\"},\"sameAs\":[\"https:\/\/www.facebook.com\/Carideal.mandataire.automobile\",\"https:\/\/x.com\/caridealauto\",\"https:\/\/www.instagram.com\/carideal1\/\",\"https:\/\/www.linkedin.com\/company\/carideal.com\",\"https:\/\/fr.pinterest.com\/schiavonsas\/\",\"https:\/\/www.youtube.com\/user\/caridealsas\"]},{\"@type\":\"Person\",\"@id\":\"https:\/\/www.carideal.com\/blog\/#\/schema\/person\/cd95dc7919660de90d31b366f85be1ec\",\"name\":\"Nicolas SCHIAVON\",\"image\":{\"@type\":\"ImageObject\",\"inLanguage\":\"fr-FR\",\"@id\":\"https:\/\/www.carideal.com\/blog\/#\/schema\/person\/image\/\",\"url\":\"https:\/\/secure.gravatar.com\/avatar\/c17e55009e671d92cc7f5dc837dc418a?s=96&r=g\",\"contentUrl\":\"https:\/\/secure.gravatar.com\/avatar\/c17e55009e671d92cc7f5dc837dc418a?s=96&r=g\",\"caption\":\"Nicolas SCHIAVON\"},\"description\":\"Nicolas Schiavon est tomb\u00e9 tout petit dans la marmite automobile. Ayant eu un garage de marque automobile, mandataire automobile de la premi\u00e8re heure d\u00e8s 1999. Nicolas a cr\u00e9\u00e9 ces premiers sites de vente de voiture et blog automobile d\u00e8s 1994. Carideal est n\u00e9 le 15 d\u00e9cembre 2000 de la volont\u00e9 de vendre des voitures d'occasions en ligne puis des voitures neuves. Il a pu essayer beaucoup de voitures tr\u00e8s diff\u00e9rentes et ayant eu personnellement quelques belles autos, Subaru Impreza, Mitsubishi Lancer Evo 7, Porsche 911, Ferrari Testarrossa, Audi RS3, RS4 et j'en passe...\",\"sameAs\":[\"http:\/\/www.carideal.com\",\"https:\/\/www.facebook.com\/nicolas.schiavon.39\",\"https:\/\/www.instagram.com\/carideal1\/\",\"https:\/\/www.linkedin.com\/in\/nschiavon\/\",\"https:\/\/x.com\/caridealauto\",\"https:\/\/www.youtube.com\/user\/caridealsas\/\"],\"url\":\"https:\/\/www.carideal.com\/blog\/author\/nschiavon\/\"}]}<\/script>\n<!-- \/ Yoast SEO plugin. -->","yoast_head_json":{"title":"Opel Zafira d'occasion analys\u00e9 - Blog auto Carid\u00e9al","description":"Un petit tour dans l'Opel zafira II d'occasion, afin de jauger ses qualit\u00e9s et ses d\u00e9fauts. Pr\u00e9cisions de conduite mais des d\u00e9tails qui agacent dans une allemande","robots":{"index":"index","follow":"follow","max-snippet":"max-snippet:-1","max-image-preview":"max-image-preview:large","max-video-preview":"max-video-preview:-1"},"canonical":"https:\/\/www.carideal.com\/blog\/2008\/08\/15\/opel-zafira-ii-d-ocasion\/","og_locale":"fr_FR","og_type":"article","og_title":"Opel Zafira d'occasion analys\u00e9 - Blog auto Carid\u00e9al","og_description":"Un petit tour dans l'Opel zafira II d'occasion, afin de jauger ses qualit\u00e9s et ses d\u00e9fauts. Pr\u00e9cisions de conduite mais des d\u00e9tails qui agacent dans une allemande","og_url":"https:\/\/www.carideal.com\/blog\/2008\/08\/15\/opel-zafira-ii-d-ocasion\/","og_site_name":"Blog auto Carid\u00e9al","article_publisher":"https:\/\/www.facebook.com\/Carideal.mandataire.automobile","article_author":"https:\/\/www.facebook.com\/nicolas.schiavon.39","article_published_time":"2008-08-15T22:00:00+00:00","article_modified_time":"2019-09-23T09:11:59+00:00","og_image":[{"width":510,"height":340,"url":"https:\/\/www.carideal.com\/blog\/wp-content\/uploads\/2008\/08\/opelzafiraiicarideal-1218919159.jpg","type":"image\/jpeg"}],"author":"Nicolas SCHIAVON","twitter_card":"summary_large_image","twitter_creator":"@caridealauto","twitter_site":"@caridealauto","twitter_misc":{"\u00c9crit par":"Nicolas SCHIAVON","Dur\u00e9e de lecture estim\u00e9e":"2 minutes"},"schema":{"@context":"https:\/\/schema.org","@graph":[{"@type":"Article","@id":"https:\/\/www.carideal.com\/blog\/2008\/08\/15\/opel-zafira-ii-d-ocasion\/#article","isPartOf":{"@id":"https:\/\/www.carideal.com\/blog\/2008\/08\/15\/opel-zafira-ii-d-ocasion\/"},"author":{"name":"Nicolas SCHIAVON","@id":"https:\/\/www.carideal.com\/blog\/#\/schema\/person\/cd95dc7919660de90d31b366f85be1ec"},"headline":"Opel Zafira d&rsquo;occasion analys\u00e9","datePublished":"2008-08-15T22:00:00+00:00","dateModified":"2019-09-23T09:11:59+00:00","mainEntityOfPage":{"@id":"https:\/\/www.carideal.com\/blog\/2008\/08\/15\/opel-zafira-ii-d-ocasion\/"},"wordCount":445,"commentCount":0,"publisher":{"@id":"https:\/\/www.carideal.com\/blog\/#organization"},"image":{"@id":"https:\/\/www.carideal.com\/blog\/2008\/08\/15\/opel-zafira-ii-d-ocasion\/#primaryimage"},"thumbnailUrl":"https:\/\/www.carideal.com\/blog\/wp-content\/uploads\/2008\/08\/opelzafiraiicarideal-1218919159.jpg","keywords":["Remise voiture neuve"],"articleSection":["Essais Opel"],"inLanguage":"fr-FR","potentialAction":[{"@type":"CommentAction","name":"Comment","target":["https:\/\/www.carideal.com\/blog\/2008\/08\/15\/opel-zafira-ii-d-ocasion\/#respond"]}]},{"@type":"WebPage","@id":"https:\/\/www.carideal.com\/blog\/2008\/08\/15\/opel-zafira-ii-d-ocasion\/","url":"https:\/\/www.carideal.com\/blog\/2008\/08\/15\/opel-zafira-ii-d-ocasion\/","name":"Opel Zafira d'occasion analys\u00e9 - Blog auto Carid\u00e9al","isPartOf":{"@id":"https:\/\/www.carideal.com\/blog\/#website"},"primaryImageOfPage":{"@id":"https:\/\/www.carideal.com\/blog\/2008\/08\/15\/opel-zafira-ii-d-ocasion\/#primaryimage"},"image":{"@id":"https:\/\/www.carideal.com\/blog\/2008\/08\/15\/opel-zafira-ii-d-ocasion\/#primaryimage"},"thumbnailUrl":"https:\/\/www.carideal.com\/blog\/wp-content\/uploads\/2008\/08\/opelzafiraiicarideal-1218919159.jpg","datePublished":"2008-08-15T22:00:00+00:00","dateModified":"2019-09-23T09:11:59+00:00","description":"Un petit tour dans l'Opel zafira II d'occasion, afin de jauger ses qualit\u00e9s et ses d\u00e9fauts. Pr\u00e9cisions de conduite mais des d\u00e9tails qui agacent dans une allemande","breadcrumb":{"@id":"https:\/\/www.carideal.com\/blog\/2008\/08\/15\/opel-zafira-ii-d-ocasion\/#breadcrumb"},"inLanguage":"fr-FR","potentialAction":[{"@type":"ReadAction","target":["https:\/\/www.carideal.com\/blog\/2008\/08\/15\/opel-zafira-ii-d-ocasion\/"]}]},{"@type":"ImageObject","inLanguage":"fr-FR","@id":"https:\/\/www.carideal.com\/blog\/2008\/08\/15\/opel-zafira-ii-d-ocasion\/#primaryimage","url":"https:\/\/www.carideal.com\/blog\/wp-content\/uploads\/2008\/08\/opelzafiraiicarideal-1218919159.jpg","contentUrl":"https:\/\/www.carideal.com\/blog\/wp-content\/uploads\/2008\/08\/opelzafiraiicarideal-1218919159.jpg","width":510,"height":340,"caption":"Opel Zafira d'occasion analys\u00e9"},{"@type":"BreadcrumbList","@id":"https:\/\/www.carideal.com\/blog\/2008\/08\/15\/opel-zafira-ii-d-ocasion\/#breadcrumb","itemListElement":[{"@type":"ListItem","position":1,"name":"Blog Carid\u00e9al","item":"https:\/\/www.carideal.com\/blog\/"},{"@type":"ListItem","position":2,"name":"Essais automobile","item":"https:\/\/www.carideal.com\/blog\/essai\/"},{"@type":"ListItem","position":3,"name":"Essais Opel","item":"https:\/\/www.carideal.com\/blog\/essai\/opel-essai\/"},{"@type":"ListItem","position":4,"name":"Opel Zafira d&rsquo;occasion analys\u00e9"}]},{"@type":"WebSite","@id":"https:\/\/www.carideal.com\/blog\/#website","url":"https:\/\/www.carideal.com\/blog\/","name":"Blog auto Carid\u00e9al","description":"Actualit\u00e9 auto par des passionn\u00e9s","publisher":{"@id":"https:\/\/www.carideal.com\/blog\/#organization"},"potentialAction":[{"@type":"SearchAction","target":{"@type":"EntryPoint","urlTemplate":"https:\/\/www.carideal.com\/blog\/?s={search_term_string}"},"query-input":{"@type":"PropertyValueSpecification","valueRequired":true,"valueName":"search_term_string"}}],"inLanguage":"fr-FR"},{"@type":"Organization","@id":"https:\/\/www.carideal.com\/blog\/#organization","name":"Carideal","url":"https:\/\/www.carideal.com\/blog\/","logo":{"@type":"ImageObject","inLanguage":"fr-FR","@id":"https:\/\/www.carideal.com\/blog\/#\/schema\/logo\/image\/","url":"http:\/\/www.carideal.com\/blog\/wp-content\/uploads\/2016\/03\/logo-carideal-mandataire-automobile.png","contentUrl":"http:\/\/www.carideal.com\/blog\/wp-content\/uploads\/2016\/03\/logo-carideal-mandataire-automobile.png","width":300,"height":300,"caption":"Carideal"},"image":{"@id":"https:\/\/www.carideal.com\/blog\/#\/schema\/logo\/image\/"},"sameAs":["https:\/\/www.facebook.com\/Carideal.mandataire.automobile","https:\/\/x.com\/caridealauto","https:\/\/www.instagram.com\/carideal1\/","https:\/\/www.linkedin.com\/company\/carideal.com","https:\/\/fr.pinterest.com\/schiavonsas\/","https:\/\/www.youtube.com\/user\/caridealsas"]},{"@type":"Person","@id":"https:\/\/www.carideal.com\/blog\/#\/schema\/person\/cd95dc7919660de90d31b366f85be1ec","name":"Nicolas SCHIAVON","image":{"@type":"ImageObject","inLanguage":"fr-FR","@id":"https:\/\/www.carideal.com\/blog\/#\/schema\/person\/image\/","url":"https:\/\/secure.gravatar.com\/avatar\/c17e55009e671d92cc7f5dc837dc418a?s=96&r=g","contentUrl":"https:\/\/secure.gravatar.com\/avatar\/c17e55009e671d92cc7f5dc837dc418a?s=96&r=g","caption":"Nicolas SCHIAVON"},"description":"Nicolas Schiavon est tomb\u00e9 tout petit dans la marmite automobile. Ayant eu un garage de marque automobile, mandataire automobile de la premi\u00e8re heure d\u00e8s 1999. Nicolas a cr\u00e9\u00e9 ces premiers sites de vente de voiture et blog automobile d\u00e8s 1994. Carideal est n\u00e9 le 15 d\u00e9cembre 2000 de la volont\u00e9 de vendre des voitures d'occasions en ligne puis des voitures neuves. Il a pu essayer beaucoup de voitures tr\u00e8s diff\u00e9rentes et ayant eu personnellement quelques belles autos, Subaru Impreza, Mitsubishi Lancer Evo 7, Porsche 911, Ferrari Testarrossa, Audi RS3, RS4 et j'en passe...","sameAs":["http:\/\/www.carideal.com","https:\/\/www.facebook.com\/nicolas.schiavon.39","https:\/\/www.instagram.com\/carideal1\/","https:\/\/www.linkedin.com\/in\/nschiavon\/","https:\/\/x.com\/caridealauto","https:\/\/www.youtube.com\/user\/caridealsas\/"],"url":"https:\/\/www.carideal.com\/blog\/author\/nschiavon\/"}]}},"uagb_featured_image_src":{"full":["https:\/\/www.carideal.com\/blog\/wp-content\/uploads\/2008\/08\/opelzafiraiicarideal-1218919159.jpg",510,340,false],"thumbnail":["https:\/\/www.carideal.com\/blog\/wp-content\/uploads\/2008\/08\/opelzafiraiicarideal-1218919159-150x150.jpg",150,150,true],"medium":["https:\/\/www.carideal.com\/blog\/wp-content\/uploads\/2008\/08\/opelzafiraiicarideal-1218919159-300x200.jpg",300,200,true],"medium_large":["https:\/\/www.carideal.com\/blog\/wp-content\/uploads\/2008\/08\/opelzafiraiicarideal-1218919159.jpg",510,340,false],"large":["https:\/\/www.carideal.com\/blog\/wp-content\/uploads\/2008\/08\/opelzafiraiicarideal-1218919159.jpg",510,340,false],"1536x1536":["https:\/\/www.carideal.com\/blog\/wp-content\/uploads\/2008\/08\/opelzafiraiicarideal-1218919159.jpg",510,340,false],"2048x2048":["https:\/\/www.carideal.com\/blog\/wp-content\/uploads\/2008\/08\/opelzafiraiicarideal-1218919159.jpg",510,340,false],"wppr-widget":["https:\/\/www.carideal.com\/blog\/wp-content\/uploads\/2008\/08\/opelzafiraiicarideal-1218919159-50x33.jpg",50,33,true]},"uagb_author_info":{"display_name":"Nicolas SCHIAVON","author_link":"https:\/\/www.carideal.com\/blog\/author\/nschiavon\/"},"uagb_comment_info":0,"uagb_excerpt":"L'Opel Zafira d'occasion pass\u00e9 en revu Les premiers tours de roue d\u00e9gagent un fort sentiment de fermet\u00e9. D'abord dans les diff\u00e9rentes commandes, levier de vitesse, et commodos, mais aussi dans la direction. Son assistance \u00e0 peine assez soutenue \u00e0 faible vitesse en surprendra plus d'un. De ce fait, les trajets prolong\u00e9s en centre-ville deviendront fatiguants\u2026","_links":{"self":[{"href":"https:\/\/www.carideal.com\/blog\/wp-json\/wp\/v2\/posts\/4671"}],"collection":[{"href":"https:\/\/www.carideal.com\/blog\/wp-json\/wp\/v2\/posts"}],"about":[{"href":"https:\/\/www.carideal.com\/blog\/wp-json\/wp\/v2\/types\/post"}],"author":[{"embeddable":true,"href":"https:\/\/www.carideal.com\/blog\/wp-json\/wp\/v2\/users\/3"}],"replies":[{"embeddable":true,"href":"https:\/\/www.carideal.com\/blog\/wp-json\/wp\/v2\/comments?post=4671"}],"version-history":[{"count":0,"href":"https:\/\/www.carideal.com\/blog\/wp-json\/wp\/v2\/posts\/4671\/revisions"}],"wp:featuredmedia":[{"embeddable":true,"href":"https:\/\/www.carideal.com\/blog\/wp-json\/wp\/v2\/media\/19781"}],"wp:attachment":[{"href":"https:\/\/www.carideal.com\/blog\/wp-json\/wp\/v2\/media?parent=4671"}],"wp:term":[{"taxonomy":"category","embeddable":true,"href":"https:\/\/www.carideal.com\/blog\/wp-json\/wp\/v2\/categories?post=4671"},{"taxonomy":"post_tag","embeddable":true,"href":"https:\/\/www.carideal.com\/blog\/wp-json\/wp\/v2\/tags?post=4671"}],"curies":[{"name":"wp","href":"https:\/\/api.w.org\/{rel}","templated":true}]}}