{"id":4668,"date":"2008-08-10T22:00:00","date_gmt":"2008-08-10T22:00:00","guid":{"rendered":"http:\/\/www.carideal.com\/blog\/2008\/08\/10\/peugeot-607-d-occasion\/"},"modified":"2019-09-23T10:43:18","modified_gmt":"2019-09-23T08:43:18","slug":"peugeot-607-d-occasion","status":"publish","type":"post","link":"https:\/\/www.carideal.com\/blog\/2008\/08\/10\/peugeot-607-d-occasion\/","title":{"rendered":"Peugeot 607 d&rsquo;occasion analys\u00e9e"},"content":{"rendered":"<h2>La Peugeot 607 d'occasion pass\u00e9 en revue<\/h2>\n<p>Digne h\u00e9riti\u00e8re de la 605, v\u00e9ritable r\u00e9f\u00e9rence au plan du comportement routier, la Peugeot 607 d'occasion se montre \u00e0 la hauteur des productions sochaliennes. Au volant, il se d\u00e9gage une impression de l\u00e9g\u00e8ret\u00e9. La <a href=\"http:\/\/www.carideal.com\/blog\/marque-de-voiture-actualites-essais\/peugeot\/\">Peugeot<\/a> se m\u00e8ne du bout des doigts et se r\u00e9v\u00e8le tr\u00e8s plaisante, plut\u00f4t agile pour son gabarit et tr\u00e8s pr\u00e9cise.<\/p>\n<figure id=\"attachment_19773\" aria-describedby=\"caption-attachment-19773\" style=\"width: 440px\" class=\"wp-caption alignnone\"><img loading=\"lazy\" decoding=\"async\" class=\"wp-image-19773 size-full\" title=\"Peugeot 607 d'occasion analys\u00e9e\" src=\"http:\/\/www.carideal.com\/blog\/wp-content\/uploads\/2008\/08\/peugeot607carideal-1218458382.jpg\" alt=\"Peugeot 607 d'occasion analys\u00e9e\" width=\"450\" height=\"300\" srcset=\"https:\/\/www.carideal.com\/blog\/wp-content\/uploads\/2008\/08\/peugeot607carideal-1218458382.jpg 450w, https:\/\/www.carideal.com\/blog\/wp-content\/uploads\/2008\/08\/peugeot607carideal-1218458382-300x200.jpg 300w, https:\/\/www.carideal.com\/blog\/wp-content\/uploads\/2008\/08\/peugeot607carideal-1218458382-50x33.jpg 50w, https:\/\/www.carideal.com\/blog\/wp-content\/uploads\/2008\/08\/peugeot607carideal-1218458382-110x73.jpg 110w, https:\/\/www.carideal.com\/blog\/wp-content\/uploads\/2008\/08\/peugeot607carideal-1218458382-420x280.jpg 420w, https:\/\/www.carideal.com\/blog\/wp-content\/uploads\/2008\/08\/peugeot607carideal-1218458382-272x182.jpg 272w\" sizes=\"(max-width: 450px) 100vw, 450px\" \/><figcaption id=\"caption-attachment-19773\" class=\"wp-caption-text\">Peugeot 607 d'occasion analys\u00e9e<\/figcaption><\/figure>\n<p>Et lorsqu'elle est un peu bouscul\u00e9e, elle se laisse aller \u00e0 une l\u00e9g\u00e8re prise de roulis dans les courbes pour ne pas trop d\u00e9grader le confort au demeurant excellent en condition normale. Sans suivre ses concurrentes allemandes dans la course \u00e0 la puissance, La <a href=\"http:\/\/www.carideal.com\/blog\/marque-de-voiture-actualites-essais\/peugeot\/\">Peugeot<\/a> \u00e9volue \u00e0 son rythme. D'abord propos\u00e9e avec pour seul diesel le 2.2 hdi de 136 ch aux prestations satisfaisantes, elle a \u00e9largie sa gamme au tr\u00e8s bon V6 hdi de 207 ch, au 2.0 HDI des 136 ch et son nouveau moteur HDI 2.2 de 170 ch. Cot\u00e9 essence les maigres ventes de la Peugeot 607 ne justifient pas plus de motorisation. Il s'agit du 2.2 16v pass\u00e9 de 160 \u00e0 163 ch fin 2005 et du V6 de 210 ch.<\/p>\n<p>En occasion la Peugeot 607 est recherch\u00e9e pour sa tr\u00e8s grande habitabilit\u00e9 \u00e0 l'arri\u00e8re, avec une garde au toit et un espace aux jambes capables de contenter un basketteur et une largeur au coude faite pour les rugbymen, la Peugeot 607 se r\u00e9v\u00e8le \u00e9galement tr\u00e8s spacieuse \u00e0 l'avant. La position de conduite se r\u00e8gle au millim\u00e8tre avec un si\u00e8ge conducteur et un volant ajustable en hauteur et en profondeur. Les si\u00e8ges bien dessin\u00e9s et id\u00e9alement rembourr\u00e9s offrent un haut niveau de confort. L'insonorisation est soign\u00e9e, m\u00eame le bruit des diesels \u00e9tant efficacement \u00e9touff\u00e9. La capacit\u00e9 du coffre atteint 480 litres et les \u00e9quipements \u00e0 bord sont nombreux d\u00e8s le premier niveau de finition.<\/p>\n<figure id=\"attachment_19774\" aria-describedby=\"caption-attachment-19774\" style=\"width: 439px\" class=\"wp-caption alignnone\"><img loading=\"lazy\" decoding=\"async\" class=\"wp-image-19774 size-full\" title=\"Int\u00e9rieur de la Peugeot 607 d'occasion\" src=\"http:\/\/www.carideal.com\/blog\/wp-content\/uploads\/2008\/08\/peugeot607caridealintcarideal-1218458683.jpg\" alt=\"Int\u00e9rieur de la Peugeot 607 d'occasion\" width=\"449\" height=\"300\" srcset=\"https:\/\/www.carideal.com\/blog\/wp-content\/uploads\/2008\/08\/peugeot607caridealintcarideal-1218458683.jpg 449w, https:\/\/www.carideal.com\/blog\/wp-content\/uploads\/2008\/08\/peugeot607caridealintcarideal-1218458683-300x200.jpg 300w, https:\/\/www.carideal.com\/blog\/wp-content\/uploads\/2008\/08\/peugeot607caridealintcarideal-1218458683-50x33.jpg 50w, https:\/\/www.carideal.com\/blog\/wp-content\/uploads\/2008\/08\/peugeot607caridealintcarideal-1218458683-110x73.jpg 110w, https:\/\/www.carideal.com\/blog\/wp-content\/uploads\/2008\/08\/peugeot607caridealintcarideal-1218458683-420x281.jpg 420w, https:\/\/www.carideal.com\/blog\/wp-content\/uploads\/2008\/08\/peugeot607caridealintcarideal-1218458683-272x182.jpg 272w\" sizes=\"(max-width: 449px) 100vw, 449px\" \/><figcaption id=\"caption-attachment-19774\" class=\"wp-caption-text\">Int\u00e9rieur de la Peugeot 607 d'occasion<\/figcaption><\/figure>\n<p>En s'inspirant des productions allemandes, la marque au lion a \u00e9norm\u00e9ment progress\u00e9 sur le plan de la qualit\u00e9 per\u00e7ue. Ainsi les assemblages parfaitement ajust\u00e9s, les plastiques \u00e9pais bien rembourr\u00e9s, les selleries en velours et en cuir de qualit\u00e9 et la pr\u00e9sence de bois dans l'habitacle sont des plus flatteurs. Question fiabilit\u00e9, le lancement a pos\u00e9 bien des probl\u00e8mes, r\u00e9solus \u00e0 partir des mod\u00e8les de 2002. Le multiplexage a g\u00e9n\u00e9r\u00e9 de nombreuses pannes, tant sur les \u00e9quipements de confort que sur la gestion du moteur. Par ailleurs, le 2.2 HDI de 136ch a souffert du vieillissement pr\u00e9matur\u00e9 du boitier de pr\u00e9chauffage, de la pompe \u00e0 carburant d\u00e9fectueuse ainsi que de pannes d'injecteurs ou encore de la faiblesse du galet tendeur de la chaine de distribution, susceptible de se conclure par une casse moteur. Ses dimensions : 4.76 x 1.80 x 1.41 Le volume du r\u00e9servoir est de 80 litres.<\/p>\n<p>L'achat malin de votre Peugeot 607 d'occasion moins ch\u00e8re avec Carideal Mandataire automobile \u00e0 Chamb\u00e9ry en Savoie.<\/p>\n","protected":false},"excerpt":{"rendered":"<p>La Peugeot 607 d&rsquo;occasion pass\u00e9 en revue Digne h\u00e9riti\u00e8re de la 605, v\u00e9ritable r\u00e9f\u00e9rence au plan du comportement routier, la Peugeot 607 d&rsquo;occasion se montre \u00e0 la hauteur des productions sochaliennes. Au volant, il se d\u00e9gage une impression de l\u00e9g\u00e8ret\u00e9. La Peugeot se m\u00e8ne du bout des doigts et se r\u00e9v\u00e8le tr\u00e8s plaisante, plut\u00f4t agile &#8230; <a title=\"Peugeot 607 d&rsquo;occasion analys\u00e9e\" class=\"read-more\" href=\"https:\/\/www.carideal.com\/blog\/2008\/08\/10\/peugeot-607-d-occasion\/\" aria-label=\"En savoir plus sur Peugeot 607 d&rsquo;occasion analys\u00e9e\">Lire plus<\/a><\/p>\n","protected":false},"author":3,"featured_media":19773,"comment_status":"open","ping_status":"open","sticky":false,"template":"","format":"standard","meta":{"_uag_custom_page_level_css":"","_themeisle_gutenberg_block_has_review":false,"footnotes":""},"categories":[5948],"tags":[406],"class_list":["post-4668","post","type-post","status-publish","format-standard","has-post-thumbnail","hentry","category-peugeot-essai","tag-hdi"],"wppr_data":{"cwp_meta_box_check":"No"},"yoast_head":"<!-- This site is optimized with the Yoast SEO plugin v24.8.1 - https:\/\/yoast.com\/wordpress\/plugins\/seo\/ -->\n<title>Peugeot 607 d&#039;occasion analys\u00e9e - Blog auto Carid\u00e9al<\/title>\n<meta name=\"description\" content=\"Digne h\u00e9riti\u00e8re de la 605, v\u00e9ritable r\u00e9f\u00e9rence au plan du comportement routier, la Peugeot 607 d&#039;occasion se montre \u00e0 la hauteur des productions sochaliennes\" \/>\n<meta name=\"robots\" content=\"index, follow, max-snippet:-1, max-image-preview:large, max-video-preview:-1\" \/>\n<link rel=\"canonical\" href=\"https:\/\/www.carideal.com\/blog\/2008\/08\/10\/peugeot-607-d-occasion\/\" \/>\n<meta property=\"og:locale\" content=\"fr_FR\" \/>\n<meta property=\"og:type\" content=\"article\" \/>\n<meta property=\"og:title\" content=\"Peugeot 607 d&#039;occasion analys\u00e9e - Blog auto Carid\u00e9al\" \/>\n<meta property=\"og:description\" content=\"Digne h\u00e9riti\u00e8re de la 605, v\u00e9ritable r\u00e9f\u00e9rence au plan du comportement routier, la Peugeot 607 d&#039;occasion se montre \u00e0 la hauteur des productions sochaliennes\" \/>\n<meta property=\"og:url\" content=\"https:\/\/www.carideal.com\/blog\/2008\/08\/10\/peugeot-607-d-occasion\/\" \/>\n<meta property=\"og:site_name\" content=\"Blog auto Carid\u00e9al\" \/>\n<meta property=\"article:publisher\" content=\"https:\/\/www.facebook.com\/Carideal.mandataire.automobile\" \/>\n<meta property=\"article:author\" content=\"https:\/\/www.facebook.com\/nicolas.schiavon.39\" \/>\n<meta property=\"article:published_time\" content=\"2008-08-10T22:00:00+00:00\" \/>\n<meta property=\"article:modified_time\" content=\"2019-09-23T08:43:18+00:00\" \/>\n<meta property=\"og:image\" content=\"https:\/\/www.carideal.com\/blog\/wp-content\/uploads\/2008\/08\/peugeot607carideal-1218458382.jpg\" \/>\n\t<meta property=\"og:image:width\" content=\"450\" \/>\n\t<meta property=\"og:image:height\" content=\"300\" \/>\n\t<meta property=\"og:image:type\" content=\"image\/jpeg\" \/>\n<meta name=\"author\" content=\"Nicolas SCHIAVON\" \/>\n<meta name=\"twitter:card\" content=\"summary_large_image\" \/>\n<meta name=\"twitter:creator\" content=\"@caridealauto\" \/>\n<meta name=\"twitter:site\" content=\"@caridealauto\" \/>\n<meta name=\"twitter:label1\" content=\"\u00c9crit par\" \/>\n\t<meta name=\"twitter:data1\" content=\"Nicolas SCHIAVON\" \/>\n\t<meta name=\"twitter:label2\" content=\"Dur\u00e9e de lecture estim\u00e9e\" \/>\n\t<meta name=\"twitter:data2\" content=\"3 minutes\" \/>\n<script type=\"application\/ld+json\" class=\"yoast-schema-graph\">{\"@context\":\"https:\/\/schema.org\",\"@graph\":[{\"@type\":\"Article\",\"@id\":\"https:\/\/www.carideal.com\/blog\/2008\/08\/10\/peugeot-607-d-occasion\/#article\",\"isPartOf\":{\"@id\":\"https:\/\/www.carideal.com\/blog\/2008\/08\/10\/peugeot-607-d-occasion\/\"},\"author\":{\"name\":\"Nicolas SCHIAVON\",\"@id\":\"https:\/\/www.carideal.com\/blog\/#\/schema\/person\/cd95dc7919660de90d31b366f85be1ec\"},\"headline\":\"Peugeot 607 d&rsquo;occasion analys\u00e9e\",\"datePublished\":\"2008-08-10T22:00:00+00:00\",\"dateModified\":\"2019-09-23T08:43:18+00:00\",\"mainEntityOfPage\":{\"@id\":\"https:\/\/www.carideal.com\/blog\/2008\/08\/10\/peugeot-607-d-occasion\/\"},\"wordCount\":508,\"commentCount\":0,\"publisher\":{\"@id\":\"https:\/\/www.carideal.com\/blog\/#organization\"},\"image\":{\"@id\":\"https:\/\/www.carideal.com\/blog\/2008\/08\/10\/peugeot-607-d-occasion\/#primaryimage\"},\"thumbnailUrl\":\"https:\/\/www.carideal.com\/blog\/wp-content\/uploads\/2008\/08\/peugeot607carideal-1218458382.jpg\",\"keywords\":[\"HDI Moteur diesel PSA\"],\"articleSection\":[\"Essais Peugeot\"],\"inLanguage\":\"fr-FR\",\"potentialAction\":[{\"@type\":\"CommentAction\",\"name\":\"Comment\",\"target\":[\"https:\/\/www.carideal.com\/blog\/2008\/08\/10\/peugeot-607-d-occasion\/#respond\"]}]},{\"@type\":\"WebPage\",\"@id\":\"https:\/\/www.carideal.com\/blog\/2008\/08\/10\/peugeot-607-d-occasion\/\",\"url\":\"https:\/\/www.carideal.com\/blog\/2008\/08\/10\/peugeot-607-d-occasion\/\",\"name\":\"Peugeot 607 d'occasion analys\u00e9e - Blog auto Carid\u00e9al\",\"isPartOf\":{\"@id\":\"https:\/\/www.carideal.com\/blog\/#website\"},\"primaryImageOfPage\":{\"@id\":\"https:\/\/www.carideal.com\/blog\/2008\/08\/10\/peugeot-607-d-occasion\/#primaryimage\"},\"image\":{\"@id\":\"https:\/\/www.carideal.com\/blog\/2008\/08\/10\/peugeot-607-d-occasion\/#primaryimage\"},\"thumbnailUrl\":\"https:\/\/www.carideal.com\/blog\/wp-content\/uploads\/2008\/08\/peugeot607carideal-1218458382.jpg\",\"datePublished\":\"2008-08-10T22:00:00+00:00\",\"dateModified\":\"2019-09-23T08:43:18+00:00\",\"description\":\"Digne h\u00e9riti\u00e8re de la 605, v\u00e9ritable r\u00e9f\u00e9rence au plan du comportement routier, la Peugeot 607 d'occasion se montre \u00e0 la hauteur des productions sochaliennes\",\"breadcrumb\":{\"@id\":\"https:\/\/www.carideal.com\/blog\/2008\/08\/10\/peugeot-607-d-occasion\/#breadcrumb\"},\"inLanguage\":\"fr-FR\",\"potentialAction\":[{\"@type\":\"ReadAction\",\"target\":[\"https:\/\/www.carideal.com\/blog\/2008\/08\/10\/peugeot-607-d-occasion\/\"]}]},{\"@type\":\"ImageObject\",\"inLanguage\":\"fr-FR\",\"@id\":\"https:\/\/www.carideal.com\/blog\/2008\/08\/10\/peugeot-607-d-occasion\/#primaryimage\",\"url\":\"https:\/\/www.carideal.com\/blog\/wp-content\/uploads\/2008\/08\/peugeot607carideal-1218458382.jpg\",\"contentUrl\":\"https:\/\/www.carideal.com\/blog\/wp-content\/uploads\/2008\/08\/peugeot607carideal-1218458382.jpg\",\"width\":450,\"height\":300,\"caption\":\"Peugeot 607 d'occasion analys\u00e9e\"},{\"@type\":\"BreadcrumbList\",\"@id\":\"https:\/\/www.carideal.com\/blog\/2008\/08\/10\/peugeot-607-d-occasion\/#breadcrumb\",\"itemListElement\":[{\"@type\":\"ListItem\",\"position\":1,\"name\":\"Blog Carid\u00e9al\",\"item\":\"https:\/\/www.carideal.com\/blog\/\"},{\"@type\":\"ListItem\",\"position\":2,\"name\":\"Essais automobile\",\"item\":\"https:\/\/www.carideal.com\/blog\/essai\/\"},{\"@type\":\"ListItem\",\"position\":3,\"name\":\"Essais Peugeot\",\"item\":\"https:\/\/www.carideal.com\/blog\/essai\/peugeot-essai\/\"},{\"@type\":\"ListItem\",\"position\":4,\"name\":\"Peugeot 607 d&rsquo;occasion analys\u00e9e\"}]},{\"@type\":\"WebSite\",\"@id\":\"https:\/\/www.carideal.com\/blog\/#website\",\"url\":\"https:\/\/www.carideal.com\/blog\/\",\"name\":\"Blog auto Carid\u00e9al\",\"description\":\"Actualit\u00e9 auto par des passionn\u00e9s\",\"publisher\":{\"@id\":\"https:\/\/www.carideal.com\/blog\/#organization\"},\"potentialAction\":[{\"@type\":\"SearchAction\",\"target\":{\"@type\":\"EntryPoint\",\"urlTemplate\":\"https:\/\/www.carideal.com\/blog\/?s={search_term_string}\"},\"query-input\":{\"@type\":\"PropertyValueSpecification\",\"valueRequired\":true,\"valueName\":\"search_term_string\"}}],\"inLanguage\":\"fr-FR\"},{\"@type\":\"Organization\",\"@id\":\"https:\/\/www.carideal.com\/blog\/#organization\",\"name\":\"Carideal\",\"url\":\"https:\/\/www.carideal.com\/blog\/\",\"logo\":{\"@type\":\"ImageObject\",\"inLanguage\":\"fr-FR\",\"@id\":\"https:\/\/www.carideal.com\/blog\/#\/schema\/logo\/image\/\",\"url\":\"http:\/\/www.carideal.com\/blog\/wp-content\/uploads\/2016\/03\/logo-carideal-mandataire-automobile.png\",\"contentUrl\":\"http:\/\/www.carideal.com\/blog\/wp-content\/uploads\/2016\/03\/logo-carideal-mandataire-automobile.png\",\"width\":300,\"height\":300,\"caption\":\"Carideal\"},\"image\":{\"@id\":\"https:\/\/www.carideal.com\/blog\/#\/schema\/logo\/image\/\"},\"sameAs\":[\"https:\/\/www.facebook.com\/Carideal.mandataire.automobile\",\"https:\/\/x.com\/caridealauto\",\"https:\/\/www.instagram.com\/carideal1\/\",\"https:\/\/www.linkedin.com\/company\/carideal.com\",\"https:\/\/fr.pinterest.com\/schiavonsas\/\",\"https:\/\/www.youtube.com\/user\/caridealsas\"]},{\"@type\":\"Person\",\"@id\":\"https:\/\/www.carideal.com\/blog\/#\/schema\/person\/cd95dc7919660de90d31b366f85be1ec\",\"name\":\"Nicolas SCHIAVON\",\"image\":{\"@type\":\"ImageObject\",\"inLanguage\":\"fr-FR\",\"@id\":\"https:\/\/www.carideal.com\/blog\/#\/schema\/person\/image\/\",\"url\":\"https:\/\/secure.gravatar.com\/avatar\/c17e55009e671d92cc7f5dc837dc418a?s=96&r=g\",\"contentUrl\":\"https:\/\/secure.gravatar.com\/avatar\/c17e55009e671d92cc7f5dc837dc418a?s=96&r=g\",\"caption\":\"Nicolas SCHIAVON\"},\"description\":\"Nicolas Schiavon est tomb\u00e9 tout petit dans la marmite automobile. Ayant eu un garage de marque automobile, mandataire automobile de la premi\u00e8re heure d\u00e8s 1999. Nicolas a cr\u00e9\u00e9 ces premiers sites de vente de voiture et blog automobile d\u00e8s 1994. Carideal est n\u00e9 le 15 d\u00e9cembre 2000 de la volont\u00e9 de vendre des voitures d'occasions en ligne puis des voitures neuves. Il a pu essayer beaucoup de voitures tr\u00e8s diff\u00e9rentes et ayant eu personnellement quelques belles autos, Subaru Impreza, Mitsubishi Lancer Evo 7, Porsche 911, Ferrari Testarrossa, Audi RS3, RS4 et j'en passe...\",\"sameAs\":[\"http:\/\/www.carideal.com\",\"https:\/\/www.facebook.com\/nicolas.schiavon.39\",\"https:\/\/www.instagram.com\/carideal1\/\",\"https:\/\/www.linkedin.com\/in\/nschiavon\/\",\"https:\/\/x.com\/caridealauto\",\"https:\/\/www.youtube.com\/user\/caridealsas\/\"],\"url\":\"https:\/\/www.carideal.com\/blog\/author\/nschiavon\/\"}]}<\/script>\n<!-- \/ Yoast SEO plugin. -->","yoast_head_json":{"title":"Peugeot 607 d'occasion analys\u00e9e - Blog auto Carid\u00e9al","description":"Digne h\u00e9riti\u00e8re de la 605, v\u00e9ritable r\u00e9f\u00e9rence au plan du comportement routier, la Peugeot 607 d'occasion se montre \u00e0 la hauteur des productions sochaliennes","robots":{"index":"index","follow":"follow","max-snippet":"max-snippet:-1","max-image-preview":"max-image-preview:large","max-video-preview":"max-video-preview:-1"},"canonical":"https:\/\/www.carideal.com\/blog\/2008\/08\/10\/peugeot-607-d-occasion\/","og_locale":"fr_FR","og_type":"article","og_title":"Peugeot 607 d'occasion analys\u00e9e - Blog auto Carid\u00e9al","og_description":"Digne h\u00e9riti\u00e8re de la 605, v\u00e9ritable r\u00e9f\u00e9rence au plan du comportement routier, la Peugeot 607 d'occasion se montre \u00e0 la hauteur des productions sochaliennes","og_url":"https:\/\/www.carideal.com\/blog\/2008\/08\/10\/peugeot-607-d-occasion\/","og_site_name":"Blog auto Carid\u00e9al","article_publisher":"https:\/\/www.facebook.com\/Carideal.mandataire.automobile","article_author":"https:\/\/www.facebook.com\/nicolas.schiavon.39","article_published_time":"2008-08-10T22:00:00+00:00","article_modified_time":"2019-09-23T08:43:18+00:00","og_image":[{"width":450,"height":300,"url":"https:\/\/www.carideal.com\/blog\/wp-content\/uploads\/2008\/08\/peugeot607carideal-1218458382.jpg","type":"image\/jpeg"}],"author":"Nicolas SCHIAVON","twitter_card":"summary_large_image","twitter_creator":"@caridealauto","twitter_site":"@caridealauto","twitter_misc":{"\u00c9crit par":"Nicolas SCHIAVON","Dur\u00e9e de lecture estim\u00e9e":"3 minutes"},"schema":{"@context":"https:\/\/schema.org","@graph":[{"@type":"Article","@id":"https:\/\/www.carideal.com\/blog\/2008\/08\/10\/peugeot-607-d-occasion\/#article","isPartOf":{"@id":"https:\/\/www.carideal.com\/blog\/2008\/08\/10\/peugeot-607-d-occasion\/"},"author":{"name":"Nicolas SCHIAVON","@id":"https:\/\/www.carideal.com\/blog\/#\/schema\/person\/cd95dc7919660de90d31b366f85be1ec"},"headline":"Peugeot 607 d&rsquo;occasion analys\u00e9e","datePublished":"2008-08-10T22:00:00+00:00","dateModified":"2019-09-23T08:43:18+00:00","mainEntityOfPage":{"@id":"https:\/\/www.carideal.com\/blog\/2008\/08\/10\/peugeot-607-d-occasion\/"},"wordCount":508,"commentCount":0,"publisher":{"@id":"https:\/\/www.carideal.com\/blog\/#organization"},"image":{"@id":"https:\/\/www.carideal.com\/blog\/2008\/08\/10\/peugeot-607-d-occasion\/#primaryimage"},"thumbnailUrl":"https:\/\/www.carideal.com\/blog\/wp-content\/uploads\/2008\/08\/peugeot607carideal-1218458382.jpg","keywords":["HDI Moteur diesel PSA"],"articleSection":["Essais Peugeot"],"inLanguage":"fr-FR","potentialAction":[{"@type":"CommentAction","name":"Comment","target":["https:\/\/www.carideal.com\/blog\/2008\/08\/10\/peugeot-607-d-occasion\/#respond"]}]},{"@type":"WebPage","@id":"https:\/\/www.carideal.com\/blog\/2008\/08\/10\/peugeot-607-d-occasion\/","url":"https:\/\/www.carideal.com\/blog\/2008\/08\/10\/peugeot-607-d-occasion\/","name":"Peugeot 607 d'occasion analys\u00e9e - Blog auto Carid\u00e9al","isPartOf":{"@id":"https:\/\/www.carideal.com\/blog\/#website"},"primaryImageOfPage":{"@id":"https:\/\/www.carideal.com\/blog\/2008\/08\/10\/peugeot-607-d-occasion\/#primaryimage"},"image":{"@id":"https:\/\/www.carideal.com\/blog\/2008\/08\/10\/peugeot-607-d-occasion\/#primaryimage"},"thumbnailUrl":"https:\/\/www.carideal.com\/blog\/wp-content\/uploads\/2008\/08\/peugeot607carideal-1218458382.jpg","datePublished":"2008-08-10T22:00:00+00:00","dateModified":"2019-09-23T08:43:18+00:00","description":"Digne h\u00e9riti\u00e8re de la 605, v\u00e9ritable r\u00e9f\u00e9rence au plan du comportement routier, la Peugeot 607 d'occasion se montre \u00e0 la hauteur des productions sochaliennes","breadcrumb":{"@id":"https:\/\/www.carideal.com\/blog\/2008\/08\/10\/peugeot-607-d-occasion\/#breadcrumb"},"inLanguage":"fr-FR","potentialAction":[{"@type":"ReadAction","target":["https:\/\/www.carideal.com\/blog\/2008\/08\/10\/peugeot-607-d-occasion\/"]}]},{"@type":"ImageObject","inLanguage":"fr-FR","@id":"https:\/\/www.carideal.com\/blog\/2008\/08\/10\/peugeot-607-d-occasion\/#primaryimage","url":"https:\/\/www.carideal.com\/blog\/wp-content\/uploads\/2008\/08\/peugeot607carideal-1218458382.jpg","contentUrl":"https:\/\/www.carideal.com\/blog\/wp-content\/uploads\/2008\/08\/peugeot607carideal-1218458382.jpg","width":450,"height":300,"caption":"Peugeot 607 d'occasion analys\u00e9e"},{"@type":"BreadcrumbList","@id":"https:\/\/www.carideal.com\/blog\/2008\/08\/10\/peugeot-607-d-occasion\/#breadcrumb","itemListElement":[{"@type":"ListItem","position":1,"name":"Blog Carid\u00e9al","item":"https:\/\/www.carideal.com\/blog\/"},{"@type":"ListItem","position":2,"name":"Essais automobile","item":"https:\/\/www.carideal.com\/blog\/essai\/"},{"@type":"ListItem","position":3,"name":"Essais Peugeot","item":"https:\/\/www.carideal.com\/blog\/essai\/peugeot-essai\/"},{"@type":"ListItem","position":4,"name":"Peugeot 607 d&rsquo;occasion analys\u00e9e"}]},{"@type":"WebSite","@id":"https:\/\/www.carideal.com\/blog\/#website","url":"https:\/\/www.carideal.com\/blog\/","name":"Blog auto Carid\u00e9al","description":"Actualit\u00e9 auto par des passionn\u00e9s","publisher":{"@id":"https:\/\/www.carideal.com\/blog\/#organization"},"potentialAction":[{"@type":"SearchAction","target":{"@type":"EntryPoint","urlTemplate":"https:\/\/www.carideal.com\/blog\/?s={search_term_string}"},"query-input":{"@type":"PropertyValueSpecification","valueRequired":true,"valueName":"search_term_string"}}],"inLanguage":"fr-FR"},{"@type":"Organization","@id":"https:\/\/www.carideal.com\/blog\/#organization","name":"Carideal","url":"https:\/\/www.carideal.com\/blog\/","logo":{"@type":"ImageObject","inLanguage":"fr-FR","@id":"https:\/\/www.carideal.com\/blog\/#\/schema\/logo\/image\/","url":"http:\/\/www.carideal.com\/blog\/wp-content\/uploads\/2016\/03\/logo-carideal-mandataire-automobile.png","contentUrl":"http:\/\/www.carideal.com\/blog\/wp-content\/uploads\/2016\/03\/logo-carideal-mandataire-automobile.png","width":300,"height":300,"caption":"Carideal"},"image":{"@id":"https:\/\/www.carideal.com\/blog\/#\/schema\/logo\/image\/"},"sameAs":["https:\/\/www.facebook.com\/Carideal.mandataire.automobile","https:\/\/x.com\/caridealauto","https:\/\/www.instagram.com\/carideal1\/","https:\/\/www.linkedin.com\/company\/carideal.com","https:\/\/fr.pinterest.com\/schiavonsas\/","https:\/\/www.youtube.com\/user\/caridealsas"]},{"@type":"Person","@id":"https:\/\/www.carideal.com\/blog\/#\/schema\/person\/cd95dc7919660de90d31b366f85be1ec","name":"Nicolas SCHIAVON","image":{"@type":"ImageObject","inLanguage":"fr-FR","@id":"https:\/\/www.carideal.com\/blog\/#\/schema\/person\/image\/","url":"https:\/\/secure.gravatar.com\/avatar\/c17e55009e671d92cc7f5dc837dc418a?s=96&r=g","contentUrl":"https:\/\/secure.gravatar.com\/avatar\/c17e55009e671d92cc7f5dc837dc418a?s=96&r=g","caption":"Nicolas SCHIAVON"},"description":"Nicolas Schiavon est tomb\u00e9 tout petit dans la marmite automobile. Ayant eu un garage de marque automobile, mandataire automobile de la premi\u00e8re heure d\u00e8s 1999. Nicolas a cr\u00e9\u00e9 ces premiers sites de vente de voiture et blog automobile d\u00e8s 1994. Carideal est n\u00e9 le 15 d\u00e9cembre 2000 de la volont\u00e9 de vendre des voitures d'occasions en ligne puis des voitures neuves. Il a pu essayer beaucoup de voitures tr\u00e8s diff\u00e9rentes et ayant eu personnellement quelques belles autos, Subaru Impreza, Mitsubishi Lancer Evo 7, Porsche 911, Ferrari Testarrossa, Audi RS3, RS4 et j'en passe...","sameAs":["http:\/\/www.carideal.com","https:\/\/www.facebook.com\/nicolas.schiavon.39","https:\/\/www.instagram.com\/carideal1\/","https:\/\/www.linkedin.com\/in\/nschiavon\/","https:\/\/x.com\/caridealauto","https:\/\/www.youtube.com\/user\/caridealsas\/"],"url":"https:\/\/www.carideal.com\/blog\/author\/nschiavon\/"}]}},"uagb_featured_image_src":{"full":["https:\/\/www.carideal.com\/blog\/wp-content\/uploads\/2008\/08\/peugeot607carideal-1218458382.jpg",450,300,false],"thumbnail":["https:\/\/www.carideal.com\/blog\/wp-content\/uploads\/2008\/08\/peugeot607carideal-1218458382-150x150.jpg",150,150,true],"medium":["https:\/\/www.carideal.com\/blog\/wp-content\/uploads\/2008\/08\/peugeot607carideal-1218458382-300x200.jpg",300,200,true],"medium_large":["https:\/\/www.carideal.com\/blog\/wp-content\/uploads\/2008\/08\/peugeot607carideal-1218458382.jpg",450,300,false],"large":["https:\/\/www.carideal.com\/blog\/wp-content\/uploads\/2008\/08\/peugeot607carideal-1218458382.jpg",450,300,false],"1536x1536":["https:\/\/www.carideal.com\/blog\/wp-content\/uploads\/2008\/08\/peugeot607carideal-1218458382.jpg",450,300,false],"2048x2048":["https:\/\/www.carideal.com\/blog\/wp-content\/uploads\/2008\/08\/peugeot607carideal-1218458382.jpg",450,300,false],"wppr-widget":["https:\/\/www.carideal.com\/blog\/wp-content\/uploads\/2008\/08\/peugeot607carideal-1218458382-50x33.jpg",50,33,true]},"uagb_author_info":{"display_name":"Nicolas SCHIAVON","author_link":"https:\/\/www.carideal.com\/blog\/author\/nschiavon\/"},"uagb_comment_info":2,"uagb_excerpt":"La Peugeot 607 d'occasion pass\u00e9 en revue Digne h\u00e9riti\u00e8re de la 605, v\u00e9ritable r\u00e9f\u00e9rence au plan du comportement routier, la Peugeot 607 d'occasion se montre \u00e0 la hauteur des productions sochaliennes. Au volant, il se d\u00e9gage une impression de l\u00e9g\u00e8ret\u00e9. La Peugeot se m\u00e8ne du bout des doigts et se r\u00e9v\u00e8le tr\u00e8s plaisante, plut\u00f4t agile\u2026","_links":{"self":[{"href":"https:\/\/www.carideal.com\/blog\/wp-json\/wp\/v2\/posts\/4668"}],"collection":[{"href":"https:\/\/www.carideal.com\/blog\/wp-json\/wp\/v2\/posts"}],"about":[{"href":"https:\/\/www.carideal.com\/blog\/wp-json\/wp\/v2\/types\/post"}],"author":[{"embeddable":true,"href":"https:\/\/www.carideal.com\/blog\/wp-json\/wp\/v2\/users\/3"}],"replies":[{"embeddable":true,"href":"https:\/\/www.carideal.com\/blog\/wp-json\/wp\/v2\/comments?post=4668"}],"version-history":[{"count":0,"href":"https:\/\/www.carideal.com\/blog\/wp-json\/wp\/v2\/posts\/4668\/revisions"}],"wp:featuredmedia":[{"embeddable":true,"href":"https:\/\/www.carideal.com\/blog\/wp-json\/wp\/v2\/media\/19773"}],"wp:attachment":[{"href":"https:\/\/www.carideal.com\/blog\/wp-json\/wp\/v2\/media?parent=4668"}],"wp:term":[{"taxonomy":"category","embeddable":true,"href":"https:\/\/www.carideal.com\/blog\/wp-json\/wp\/v2\/categories?post=4668"},{"taxonomy":"post_tag","embeddable":true,"href":"https:\/\/www.carideal.com\/blog\/wp-json\/wp\/v2\/tags?post=4668"}],"curies":[{"name":"wp","href":"https:\/\/api.w.org\/{rel}","templated":true}]}}