{"id":4667,"date":"2008-07-27T23:00:00","date_gmt":"2008-07-27T23:00:00","guid":{"rendered":"http:\/\/www.carideal.com\/blog\/2008\/07\/27\/conges-forces-pour-5000-ouvriers-de-psa-a-mulhouse\/"},"modified":"2015-09-26T14:57:24","modified_gmt":"2015-09-26T12:57:24","slug":"conges-forces-pour-5000-ouvriers-de-psa-a-mulhouse","status":"publish","type":"post","link":"https:\/\/www.carideal.com\/blog\/2008\/07\/27\/conges-forces-pour-5000-ouvriers-de-psa-a-mulhouse\/","title":{"rendered":"Cong\u00e9s forc\u00e9s pour 5000 ouvriers de PSA \u00e0 Mulhouse"},"content":{"rendered":"<div>\n<p><img decoding=\"async\" src=\"http:\/\/www.carideal.com\/images_actualite\/psamulhousecarideal-1217231389.jpg\" alt=\"\" \/>PSA r\u00e9agit face \u00e0 la forte baisse d'activit\u00e9 autom<\/p>\n<\/div>\n<div>\n<p><img decoding=\"async\" src=\"http:\/\/www.carideal.com\/images_actualite\/chainedemontagepsamulhousecarideal-1217231405.jpg\" alt=\"\" \/>PSA met 5000 ouvriers en vacances prolong\u00e9es suite<\/p>\n<\/div>\n<p>La direction du site PSA Peugeot Citro\u00ebn de Mulhouse va allonger d'une semaine les cong\u00e9s d'\u00e9t\u00e9 de ses ateliers de ferrage, de peinture et de montage des v\u00e9hicules, en raison de la baisse pr\u00e9vue du march\u00e9 automobile europ\u00e9en durant le second semestre 2008.<\/p>\n<p>\u00ab La raison invoqu\u00e9e par la direction est un ajustement des stocks devant les difficult\u00e9s du march\u00e9 \u00bb dans un contexte o\u00f9 \u00ab les ventes PSA seraient en stagnation \u00bb, indique de son c\u00f4t\u00e9 la CGT. La reprise de l'activit\u00e9, pr\u00e9vue initialement le 25 ao\u00fbt dans ces ateliers, a \u00e9t\u00e9 report\u00e9e d'une semaine, jusqu'au 1er septembre.<\/p>\n<p>Annonc\u00e9 lors du comit\u00e9 d'\u00e9tablissement de jeudi, le report concernera environ 5 000 salari\u00e9s sur 11 000 et il repr\u00e9sente la non production de pr\u00e8s de 8 000 v\u00e9hicules Citro\u00ebn C4, Peugeot 308 et 206, selon la direction.<br \/>\nLes salari\u00e9s permanents concern\u00e9s seront pay\u00e9s normalement, en application du dispositif \u00ab H moins \u00bb de PSA, a rappel\u00e9 la section FO de l'usine. Ce syst\u00e8me d'inscription de jours non travaill\u00e9s dans un compteur temps \u00e9vite le recours au ch\u00f4mage technique mais entra\u00eene en compensation de travailler le samedi lorsque l'activit\u00e9 repart \u00e0 la hausse.<\/p>\n<p>&nbsp;<\/p>\n","protected":false},"excerpt":{"rendered":"<p>PSA r\u00e9agit face \u00e0 la forte baisse d&rsquo;activit\u00e9 autom PSA met 5000 ouvriers en vacances prolong\u00e9es suite La direction du site PSA Peugeot Citro\u00ebn de Mulhouse va allonger d&rsquo;une semaine les cong\u00e9s d&rsquo;\u00e9t\u00e9 de ses ateliers de ferrage, de peinture et de montage des v\u00e9hicules, en raison de la baisse pr\u00e9vue du march\u00e9 automobile europ\u00e9en &#8230; <a title=\"Cong\u00e9s forc\u00e9s pour 5000 ouvriers de PSA \u00e0 Mulhouse\" class=\"read-more\" href=\"https:\/\/www.carideal.com\/blog\/2008\/07\/27\/conges-forces-pour-5000-ouvriers-de-psa-a-mulhouse\/\" aria-label=\"En savoir plus sur Cong\u00e9s forc\u00e9s pour 5000 ouvriers de PSA \u00e0 Mulhouse\">Lire plus<\/a><\/p>\n","protected":false},"author":3,"featured_media":0,"comment_status":"open","ping_status":"open","sticky":false,"template":"","format":"standard","meta":{"_uag_custom_page_level_css":"","_themeisle_gutenberg_block_has_review":false,"footnotes":""},"categories":[21],"tags":[35],"class_list":["post-4667","post","type-post","status-publish","format-standard","hentry","category-actualites-auto","tag-psa"],"wppr_data":[],"yoast_head":"<!-- This site is optimized with the Yoast SEO plugin v24.8.1 - https:\/\/yoast.com\/wordpress\/plugins\/seo\/ -->\n<title>Cong\u00e9s forc\u00e9s pour 5000 ouvriers de PSA \u00e0 Mulhouse - Blog auto Carid\u00e9al<\/title>\n<meta name=\"robots\" content=\"index, follow, max-snippet:-1, max-image-preview:large, max-video-preview:-1\" \/>\n<link rel=\"canonical\" href=\"https:\/\/www.carideal.com\/blog\/2008\/07\/27\/conges-forces-pour-5000-ouvriers-de-psa-a-mulhouse\/\" \/>\n<meta property=\"og:locale\" content=\"fr_FR\" \/>\n<meta property=\"og:type\" content=\"article\" \/>\n<meta property=\"og:title\" content=\"Cong\u00e9s forc\u00e9s pour 5000 ouvriers de PSA \u00e0 Mulhouse - Blog auto Carid\u00e9al\" \/>\n<meta property=\"og:description\" content=\"PSA r\u00e9agit face \u00e0 la forte baisse d&#039;activit\u00e9 autom PSA met 5000 ouvriers en vacances prolong\u00e9es suite La direction du site PSA Peugeot Citro\u00ebn de Mulhouse va allonger d&#039;une semaine les cong\u00e9s d&#039;\u00e9t\u00e9 de ses ateliers de ferrage, de peinture et de montage des v\u00e9hicules, en raison de la baisse pr\u00e9vue du march\u00e9 automobile europ\u00e9en ... Lire plus\" \/>\n<meta property=\"og:url\" content=\"https:\/\/www.carideal.com\/blog\/2008\/07\/27\/conges-forces-pour-5000-ouvriers-de-psa-a-mulhouse\/\" \/>\n<meta property=\"og:site_name\" content=\"Blog auto Carid\u00e9al\" \/>\n<meta property=\"article:publisher\" content=\"https:\/\/www.facebook.com\/Carideal.mandataire.automobile\" \/>\n<meta property=\"article:author\" content=\"https:\/\/www.facebook.com\/nicolas.schiavon.39\" \/>\n<meta property=\"article:published_time\" content=\"2008-07-27T23:00:00+00:00\" \/>\n<meta property=\"article:modified_time\" content=\"2015-09-26T12:57:24+00:00\" \/>\n<meta property=\"og:image\" content=\"http:\/\/www.carideal.com\/images_actualite\/psamulhousecarideal-1217231389.jpg\" \/>\n<meta name=\"author\" content=\"Nicolas SCHIAVON\" \/>\n<meta name=\"twitter:card\" content=\"summary_large_image\" \/>\n<meta name=\"twitter:creator\" content=\"@caridealauto\" \/>\n<meta name=\"twitter:site\" content=\"@caridealauto\" \/>\n<meta name=\"twitter:label1\" content=\"\u00c9crit par\" \/>\n\t<meta name=\"twitter:data1\" content=\"Nicolas SCHIAVON\" \/>\n\t<meta name=\"twitter:label2\" content=\"Dur\u00e9e de lecture estim\u00e9e\" \/>\n\t<meta name=\"twitter:data2\" content=\"1 minute\" \/>\n<script type=\"application\/ld+json\" class=\"yoast-schema-graph\">{\"@context\":\"https:\/\/schema.org\",\"@graph\":[{\"@type\":\"Article\",\"@id\":\"https:\/\/www.carideal.com\/blog\/2008\/07\/27\/conges-forces-pour-5000-ouvriers-de-psa-a-mulhouse\/#article\",\"isPartOf\":{\"@id\":\"https:\/\/www.carideal.com\/blog\/2008\/07\/27\/conges-forces-pour-5000-ouvriers-de-psa-a-mulhouse\/\"},\"author\":{\"name\":\"Nicolas SCHIAVON\",\"@id\":\"https:\/\/www.carideal.com\/blog\/#\/schema\/person\/cd95dc7919660de90d31b366f85be1ec\"},\"headline\":\"Cong\u00e9s forc\u00e9s pour 5000 ouvriers de PSA \u00e0 Mulhouse\",\"datePublished\":\"2008-07-27T23:00:00+00:00\",\"dateModified\":\"2015-09-26T12:57:24+00:00\",\"mainEntityOfPage\":{\"@id\":\"https:\/\/www.carideal.com\/blog\/2008\/07\/27\/conges-forces-pour-5000-ouvriers-de-psa-a-mulhouse\/\"},\"wordCount\":227,\"commentCount\":0,\"publisher\":{\"@id\":\"https:\/\/www.carideal.com\/blog\/#organization\"},\"image\":{\"@id\":\"https:\/\/www.carideal.com\/blog\/2008\/07\/27\/conges-forces-pour-5000-ouvriers-de-psa-a-mulhouse\/#primaryimage\"},\"thumbnailUrl\":\"http:\/\/www.carideal.com\/images_actualite\/psamulhousecarideal-1217231389.jpg\",\"keywords\":[\"PSA\"],\"articleSection\":[\"Actualit\u00e9 automobile\"],\"inLanguage\":\"fr-FR\",\"potentialAction\":[{\"@type\":\"CommentAction\",\"name\":\"Comment\",\"target\":[\"https:\/\/www.carideal.com\/blog\/2008\/07\/27\/conges-forces-pour-5000-ouvriers-de-psa-a-mulhouse\/#respond\"]}]},{\"@type\":\"WebPage\",\"@id\":\"https:\/\/www.carideal.com\/blog\/2008\/07\/27\/conges-forces-pour-5000-ouvriers-de-psa-a-mulhouse\/\",\"url\":\"https:\/\/www.carideal.com\/blog\/2008\/07\/27\/conges-forces-pour-5000-ouvriers-de-psa-a-mulhouse\/\",\"name\":\"Cong\u00e9s forc\u00e9s pour 5000 ouvriers de PSA \u00e0 Mulhouse - Blog auto Carid\u00e9al\",\"isPartOf\":{\"@id\":\"https:\/\/www.carideal.com\/blog\/#website\"},\"primaryImageOfPage\":{\"@id\":\"https:\/\/www.carideal.com\/blog\/2008\/07\/27\/conges-forces-pour-5000-ouvriers-de-psa-a-mulhouse\/#primaryimage\"},\"image\":{\"@id\":\"https:\/\/www.carideal.com\/blog\/2008\/07\/27\/conges-forces-pour-5000-ouvriers-de-psa-a-mulhouse\/#primaryimage\"},\"thumbnailUrl\":\"http:\/\/www.carideal.com\/images_actualite\/psamulhousecarideal-1217231389.jpg\",\"datePublished\":\"2008-07-27T23:00:00+00:00\",\"dateModified\":\"2015-09-26T12:57:24+00:00\",\"breadcrumb\":{\"@id\":\"https:\/\/www.carideal.com\/blog\/2008\/07\/27\/conges-forces-pour-5000-ouvriers-de-psa-a-mulhouse\/#breadcrumb\"},\"inLanguage\":\"fr-FR\",\"potentialAction\":[{\"@type\":\"ReadAction\",\"target\":[\"https:\/\/www.carideal.com\/blog\/2008\/07\/27\/conges-forces-pour-5000-ouvriers-de-psa-a-mulhouse\/\"]}]},{\"@type\":\"ImageObject\",\"inLanguage\":\"fr-FR\",\"@id\":\"https:\/\/www.carideal.com\/blog\/2008\/07\/27\/conges-forces-pour-5000-ouvriers-de-psa-a-mulhouse\/#primaryimage\",\"url\":\"http:\/\/www.carideal.com\/images_actualite\/psamulhousecarideal-1217231389.jpg\",\"contentUrl\":\"http:\/\/www.carideal.com\/images_actualite\/psamulhousecarideal-1217231389.jpg\"},{\"@type\":\"BreadcrumbList\",\"@id\":\"https:\/\/www.carideal.com\/blog\/2008\/07\/27\/conges-forces-pour-5000-ouvriers-de-psa-a-mulhouse\/#breadcrumb\",\"itemListElement\":[{\"@type\":\"ListItem\",\"position\":1,\"name\":\"Blog Carid\u00e9al\",\"item\":\"https:\/\/www.carideal.com\/blog\/\"},{\"@type\":\"ListItem\",\"position\":2,\"name\":\"Actualit\u00e9 automobile\",\"item\":\"https:\/\/www.carideal.com\/blog\/actualites-auto\/\"},{\"@type\":\"ListItem\",\"position\":3,\"name\":\"Cong\u00e9s forc\u00e9s pour 5000 ouvriers de PSA \u00e0 Mulhouse\"}]},{\"@type\":\"WebSite\",\"@id\":\"https:\/\/www.carideal.com\/blog\/#website\",\"url\":\"https:\/\/www.carideal.com\/blog\/\",\"name\":\"Blog auto Carid\u00e9al\",\"description\":\"Actualit\u00e9 auto par des passionn\u00e9s\",\"publisher\":{\"@id\":\"https:\/\/www.carideal.com\/blog\/#organization\"},\"potentialAction\":[{\"@type\":\"SearchAction\",\"target\":{\"@type\":\"EntryPoint\",\"urlTemplate\":\"https:\/\/www.carideal.com\/blog\/?s={search_term_string}\"},\"query-input\":{\"@type\":\"PropertyValueSpecification\",\"valueRequired\":true,\"valueName\":\"search_term_string\"}}],\"inLanguage\":\"fr-FR\"},{\"@type\":\"Organization\",\"@id\":\"https:\/\/www.carideal.com\/blog\/#organization\",\"name\":\"Carideal\",\"url\":\"https:\/\/www.carideal.com\/blog\/\",\"logo\":{\"@type\":\"ImageObject\",\"inLanguage\":\"fr-FR\",\"@id\":\"https:\/\/www.carideal.com\/blog\/#\/schema\/logo\/image\/\",\"url\":\"http:\/\/www.carideal.com\/blog\/wp-content\/uploads\/2016\/03\/logo-carideal-mandataire-automobile.png\",\"contentUrl\":\"http:\/\/www.carideal.com\/blog\/wp-content\/uploads\/2016\/03\/logo-carideal-mandataire-automobile.png\",\"width\":300,\"height\":300,\"caption\":\"Carideal\"},\"image\":{\"@id\":\"https:\/\/www.carideal.com\/blog\/#\/schema\/logo\/image\/\"},\"sameAs\":[\"https:\/\/www.facebook.com\/Carideal.mandataire.automobile\",\"https:\/\/x.com\/caridealauto\",\"https:\/\/www.instagram.com\/carideal1\/\",\"https:\/\/www.linkedin.com\/company\/carideal.com\",\"https:\/\/fr.pinterest.com\/schiavonsas\/\",\"https:\/\/www.youtube.com\/user\/caridealsas\"]},{\"@type\":\"Person\",\"@id\":\"https:\/\/www.carideal.com\/blog\/#\/schema\/person\/cd95dc7919660de90d31b366f85be1ec\",\"name\":\"Nicolas SCHIAVON\",\"image\":{\"@type\":\"ImageObject\",\"inLanguage\":\"fr-FR\",\"@id\":\"https:\/\/www.carideal.com\/blog\/#\/schema\/person\/image\/\",\"url\":\"https:\/\/secure.gravatar.com\/avatar\/c17e55009e671d92cc7f5dc837dc418a?s=96&r=g\",\"contentUrl\":\"https:\/\/secure.gravatar.com\/avatar\/c17e55009e671d92cc7f5dc837dc418a?s=96&r=g\",\"caption\":\"Nicolas SCHIAVON\"},\"description\":\"Nicolas Schiavon est tomb\u00e9 tout petit dans la marmite automobile. Ayant eu un garage de marque automobile, mandataire automobile de la premi\u00e8re heure d\u00e8s 1999. Nicolas a cr\u00e9\u00e9 ces premiers sites de vente de voiture et blog automobile d\u00e8s 1994. Carideal est n\u00e9 le 15 d\u00e9cembre 2000 de la volont\u00e9 de vendre des voitures d'occasions en ligne puis des voitures neuves. Il a pu essayer beaucoup de voitures tr\u00e8s diff\u00e9rentes et ayant eu personnellement quelques belles autos, Subaru Impreza, Mitsubishi Lancer Evo 7, Porsche 911, Ferrari Testarrossa, Audi RS3, RS4 et j'en passe...\",\"sameAs\":[\"http:\/\/www.carideal.com\",\"https:\/\/www.facebook.com\/nicolas.schiavon.39\",\"https:\/\/www.instagram.com\/carideal1\/\",\"https:\/\/www.linkedin.com\/in\/nschiavon\/\",\"https:\/\/x.com\/caridealauto\",\"https:\/\/www.youtube.com\/user\/caridealsas\/\"],\"url\":\"https:\/\/www.carideal.com\/blog\/author\/nschiavon\/\"}]}<\/script>\n<!-- \/ Yoast SEO plugin. -->","yoast_head_json":{"title":"Cong\u00e9s forc\u00e9s pour 5000 ouvriers de PSA \u00e0 Mulhouse - Blog auto Carid\u00e9al","robots":{"index":"index","follow":"follow","max-snippet":"max-snippet:-1","max-image-preview":"max-image-preview:large","max-video-preview":"max-video-preview:-1"},"canonical":"https:\/\/www.carideal.com\/blog\/2008\/07\/27\/conges-forces-pour-5000-ouvriers-de-psa-a-mulhouse\/","og_locale":"fr_FR","og_type":"article","og_title":"Cong\u00e9s forc\u00e9s pour 5000 ouvriers de PSA \u00e0 Mulhouse - Blog auto Carid\u00e9al","og_description":"PSA r\u00e9agit face \u00e0 la forte baisse d'activit\u00e9 autom PSA met 5000 ouvriers en vacances prolong\u00e9es suite La direction du site PSA Peugeot Citro\u00ebn de Mulhouse va allonger d'une semaine les cong\u00e9s d'\u00e9t\u00e9 de ses ateliers de ferrage, de peinture et de montage des v\u00e9hicules, en raison de la baisse pr\u00e9vue du march\u00e9 automobile europ\u00e9en ... Lire plus","og_url":"https:\/\/www.carideal.com\/blog\/2008\/07\/27\/conges-forces-pour-5000-ouvriers-de-psa-a-mulhouse\/","og_site_name":"Blog auto Carid\u00e9al","article_publisher":"https:\/\/www.facebook.com\/Carideal.mandataire.automobile","article_author":"https:\/\/www.facebook.com\/nicolas.schiavon.39","article_published_time":"2008-07-27T23:00:00+00:00","article_modified_time":"2015-09-26T12:57:24+00:00","og_image":[{"url":"http:\/\/www.carideal.com\/images_actualite\/psamulhousecarideal-1217231389.jpg","type":"","width":"","height":""}],"author":"Nicolas SCHIAVON","twitter_card":"summary_large_image","twitter_creator":"@caridealauto","twitter_site":"@caridealauto","twitter_misc":{"\u00c9crit par":"Nicolas SCHIAVON","Dur\u00e9e de lecture estim\u00e9e":"1 minute"},"schema":{"@context":"https:\/\/schema.org","@graph":[{"@type":"Article","@id":"https:\/\/www.carideal.com\/blog\/2008\/07\/27\/conges-forces-pour-5000-ouvriers-de-psa-a-mulhouse\/#article","isPartOf":{"@id":"https:\/\/www.carideal.com\/blog\/2008\/07\/27\/conges-forces-pour-5000-ouvriers-de-psa-a-mulhouse\/"},"author":{"name":"Nicolas SCHIAVON","@id":"https:\/\/www.carideal.com\/blog\/#\/schema\/person\/cd95dc7919660de90d31b366f85be1ec"},"headline":"Cong\u00e9s forc\u00e9s pour 5000 ouvriers de PSA \u00e0 Mulhouse","datePublished":"2008-07-27T23:00:00+00:00","dateModified":"2015-09-26T12:57:24+00:00","mainEntityOfPage":{"@id":"https:\/\/www.carideal.com\/blog\/2008\/07\/27\/conges-forces-pour-5000-ouvriers-de-psa-a-mulhouse\/"},"wordCount":227,"commentCount":0,"publisher":{"@id":"https:\/\/www.carideal.com\/blog\/#organization"},"image":{"@id":"https:\/\/www.carideal.com\/blog\/2008\/07\/27\/conges-forces-pour-5000-ouvriers-de-psa-a-mulhouse\/#primaryimage"},"thumbnailUrl":"http:\/\/www.carideal.com\/images_actualite\/psamulhousecarideal-1217231389.jpg","keywords":["PSA"],"articleSection":["Actualit\u00e9 automobile"],"inLanguage":"fr-FR","potentialAction":[{"@type":"CommentAction","name":"Comment","target":["https:\/\/www.carideal.com\/blog\/2008\/07\/27\/conges-forces-pour-5000-ouvriers-de-psa-a-mulhouse\/#respond"]}]},{"@type":"WebPage","@id":"https:\/\/www.carideal.com\/blog\/2008\/07\/27\/conges-forces-pour-5000-ouvriers-de-psa-a-mulhouse\/","url":"https:\/\/www.carideal.com\/blog\/2008\/07\/27\/conges-forces-pour-5000-ouvriers-de-psa-a-mulhouse\/","name":"Cong\u00e9s forc\u00e9s pour 5000 ouvriers de PSA \u00e0 Mulhouse - Blog auto Carid\u00e9al","isPartOf":{"@id":"https:\/\/www.carideal.com\/blog\/#website"},"primaryImageOfPage":{"@id":"https:\/\/www.carideal.com\/blog\/2008\/07\/27\/conges-forces-pour-5000-ouvriers-de-psa-a-mulhouse\/#primaryimage"},"image":{"@id":"https:\/\/www.carideal.com\/blog\/2008\/07\/27\/conges-forces-pour-5000-ouvriers-de-psa-a-mulhouse\/#primaryimage"},"thumbnailUrl":"http:\/\/www.carideal.com\/images_actualite\/psamulhousecarideal-1217231389.jpg","datePublished":"2008-07-27T23:00:00+00:00","dateModified":"2015-09-26T12:57:24+00:00","breadcrumb":{"@id":"https:\/\/www.carideal.com\/blog\/2008\/07\/27\/conges-forces-pour-5000-ouvriers-de-psa-a-mulhouse\/#breadcrumb"},"inLanguage":"fr-FR","potentialAction":[{"@type":"ReadAction","target":["https:\/\/www.carideal.com\/blog\/2008\/07\/27\/conges-forces-pour-5000-ouvriers-de-psa-a-mulhouse\/"]}]},{"@type":"ImageObject","inLanguage":"fr-FR","@id":"https:\/\/www.carideal.com\/blog\/2008\/07\/27\/conges-forces-pour-5000-ouvriers-de-psa-a-mulhouse\/#primaryimage","url":"http:\/\/www.carideal.com\/images_actualite\/psamulhousecarideal-1217231389.jpg","contentUrl":"http:\/\/www.carideal.com\/images_actualite\/psamulhousecarideal-1217231389.jpg"},{"@type":"BreadcrumbList","@id":"https:\/\/www.carideal.com\/blog\/2008\/07\/27\/conges-forces-pour-5000-ouvriers-de-psa-a-mulhouse\/#breadcrumb","itemListElement":[{"@type":"ListItem","position":1,"name":"Blog Carid\u00e9al","item":"https:\/\/www.carideal.com\/blog\/"},{"@type":"ListItem","position":2,"name":"Actualit\u00e9 automobile","item":"https:\/\/www.carideal.com\/blog\/actualites-auto\/"},{"@type":"ListItem","position":3,"name":"Cong\u00e9s forc\u00e9s pour 5000 ouvriers de PSA \u00e0 Mulhouse"}]},{"@type":"WebSite","@id":"https:\/\/www.carideal.com\/blog\/#website","url":"https:\/\/www.carideal.com\/blog\/","name":"Blog auto Carid\u00e9al","description":"Actualit\u00e9 auto par des passionn\u00e9s","publisher":{"@id":"https:\/\/www.carideal.com\/blog\/#organization"},"potentialAction":[{"@type":"SearchAction","target":{"@type":"EntryPoint","urlTemplate":"https:\/\/www.carideal.com\/blog\/?s={search_term_string}"},"query-input":{"@type":"PropertyValueSpecification","valueRequired":true,"valueName":"search_term_string"}}],"inLanguage":"fr-FR"},{"@type":"Organization","@id":"https:\/\/www.carideal.com\/blog\/#organization","name":"Carideal","url":"https:\/\/www.carideal.com\/blog\/","logo":{"@type":"ImageObject","inLanguage":"fr-FR","@id":"https:\/\/www.carideal.com\/blog\/#\/schema\/logo\/image\/","url":"http:\/\/www.carideal.com\/blog\/wp-content\/uploads\/2016\/03\/logo-carideal-mandataire-automobile.png","contentUrl":"http:\/\/www.carideal.com\/blog\/wp-content\/uploads\/2016\/03\/logo-carideal-mandataire-automobile.png","width":300,"height":300,"caption":"Carideal"},"image":{"@id":"https:\/\/www.carideal.com\/blog\/#\/schema\/logo\/image\/"},"sameAs":["https:\/\/www.facebook.com\/Carideal.mandataire.automobile","https:\/\/x.com\/caridealauto","https:\/\/www.instagram.com\/carideal1\/","https:\/\/www.linkedin.com\/company\/carideal.com","https:\/\/fr.pinterest.com\/schiavonsas\/","https:\/\/www.youtube.com\/user\/caridealsas"]},{"@type":"Person","@id":"https:\/\/www.carideal.com\/blog\/#\/schema\/person\/cd95dc7919660de90d31b366f85be1ec","name":"Nicolas SCHIAVON","image":{"@type":"ImageObject","inLanguage":"fr-FR","@id":"https:\/\/www.carideal.com\/blog\/#\/schema\/person\/image\/","url":"https:\/\/secure.gravatar.com\/avatar\/c17e55009e671d92cc7f5dc837dc418a?s=96&r=g","contentUrl":"https:\/\/secure.gravatar.com\/avatar\/c17e55009e671d92cc7f5dc837dc418a?s=96&r=g","caption":"Nicolas SCHIAVON"},"description":"Nicolas Schiavon est tomb\u00e9 tout petit dans la marmite automobile. Ayant eu un garage de marque automobile, mandataire automobile de la premi\u00e8re heure d\u00e8s 1999. Nicolas a cr\u00e9\u00e9 ces premiers sites de vente de voiture et blog automobile d\u00e8s 1994. Carideal est n\u00e9 le 15 d\u00e9cembre 2000 de la volont\u00e9 de vendre des voitures d'occasions en ligne puis des voitures neuves. Il a pu essayer beaucoup de voitures tr\u00e8s diff\u00e9rentes et ayant eu personnellement quelques belles autos, Subaru Impreza, Mitsubishi Lancer Evo 7, Porsche 911, Ferrari Testarrossa, Audi RS3, RS4 et j'en passe...","sameAs":["http:\/\/www.carideal.com","https:\/\/www.facebook.com\/nicolas.schiavon.39","https:\/\/www.instagram.com\/carideal1\/","https:\/\/www.linkedin.com\/in\/nschiavon\/","https:\/\/x.com\/caridealauto","https:\/\/www.youtube.com\/user\/caridealsas\/"],"url":"https:\/\/www.carideal.com\/blog\/author\/nschiavon\/"}]}},"uagb_featured_image_src":{"full":false,"thumbnail":false,"medium":false,"medium_large":false,"large":false,"1536x1536":false,"2048x2048":false,"wppr-widget":false},"uagb_author_info":{"display_name":"Nicolas SCHIAVON","author_link":"https:\/\/www.carideal.com\/blog\/author\/nschiavon\/"},"uagb_comment_info":0,"uagb_excerpt":"PSA r\u00e9agit face \u00e0 la forte baisse d'activit\u00e9 autom PSA met 5000 ouvriers en vacances prolong\u00e9es suite La direction du site PSA Peugeot Citro\u00ebn de Mulhouse va allonger d'une semaine les cong\u00e9s d'\u00e9t\u00e9 de ses ateliers de ferrage, de peinture et de montage des v\u00e9hicules, en raison de la baisse pr\u00e9vue du march\u00e9 automobile europ\u00e9en\u2026","_links":{"self":[{"href":"https:\/\/www.carideal.com\/blog\/wp-json\/wp\/v2\/posts\/4667"}],"collection":[{"href":"https:\/\/www.carideal.com\/blog\/wp-json\/wp\/v2\/posts"}],"about":[{"href":"https:\/\/www.carideal.com\/blog\/wp-json\/wp\/v2\/types\/post"}],"author":[{"embeddable":true,"href":"https:\/\/www.carideal.com\/blog\/wp-json\/wp\/v2\/users\/3"}],"replies":[{"embeddable":true,"href":"https:\/\/www.carideal.com\/blog\/wp-json\/wp\/v2\/comments?post=4667"}],"version-history":[{"count":0,"href":"https:\/\/www.carideal.com\/blog\/wp-json\/wp\/v2\/posts\/4667\/revisions"}],"wp:attachment":[{"href":"https:\/\/www.carideal.com\/blog\/wp-json\/wp\/v2\/media?parent=4667"}],"wp:term":[{"taxonomy":"category","embeddable":true,"href":"https:\/\/www.carideal.com\/blog\/wp-json\/wp\/v2\/categories?post=4667"},{"taxonomy":"post_tag","embeddable":true,"href":"https:\/\/www.carideal.com\/blog\/wp-json\/wp\/v2\/tags?post=4667"}],"curies":[{"name":"wp","href":"https:\/\/api.w.org\/{rel}","templated":true}]}}