{"id":4666,"date":"2008-07-25T22:00:00","date_gmt":"2008-07-25T22:00:00","guid":{"rendered":"http:\/\/www.carideal.com\/blog\/2008\/07\/25\/peugeot-suspend-une-campagne-de-publicite-pour-sa-207\/"},"modified":"2015-09-26T14:59:08","modified_gmt":"2015-09-26T12:59:08","slug":"peugeot-suspend-une-campagne-de-publicite-pour-sa-207","status":"publish","type":"post","link":"https:\/\/www.carideal.com\/blog\/2008\/07\/25\/peugeot-suspend-une-campagne-de-publicite-pour-sa-207\/","title":{"rendered":"Peugeot suspend une campagne de publicit\u00e9 pour sa 207"},"content":{"rendered":"<div><img decoding=\"async\" src=\"http:\/\/www.carideal.com\/images_actualite\/peugeot207swcarideal-1217084532.jpg\" alt=\"\" \/>peugeot 207 sw<\/p>\n<\/div>\n<div><img decoding=\"async\" src=\"http:\/\/www.carideal.com\/images_actualite\/peugeot207swoutdoorcarideal-1217084560.jpg\" alt=\"\" \/>Peugeot annule sa campagne de pub pour la 207<\/p>\n<\/div>\n<p>Le groupe automobile PSA Peugeot-Citro\u00ebn a annonc\u00e9 le samedi 26 juillet, qu'il annulait sa\u00a0futur campagne de publicit\u00e9 pour la Peugeot 207, apr\u00e8s le d\u00e9c\u00e8s de deux enfants, laiss\u00e9s seuls dans des voitures au cours du mois de Juillet. La publicit\u00e9,\u00a0devait \u00eatre\u00a0publi\u00e9e dans la presse \u00e9crite\u00a0durant l'\u00e9t\u00e9 2008, pr\u00e9sentait un p\u00e8re de famille\u00a0tellement heureux\u00a0de conduire sa 207 qu'il en oubliait la pr\u00e9sence de ses enfants, \u00e0 bord avec lui. Le texte\u00a0de la publicit\u00e9 tr\u00e8s explicite montrait l'oubli du p\u00e8re : \"7 h 42 : vos enfants montent \u00e0 l'arri\u00e8re pour aller \u00e0 l'\u00e9cole. 15 h 37 : vos enfants sont toujours \u00e0 l'arri\u00e8re\". Peugeot a donc jug\u00e9 que sa publicit\u00e9 \u00e9tait d\u00e9plac\u00e9e suivant le contexte.<\/p>\n","protected":false},"excerpt":{"rendered":"<p>peugeot 207 sw Peugeot annule sa campagne de pub pour la 207 Le groupe automobile PSA Peugeot-Citro\u00ebn a annonc\u00e9 le samedi 26 juillet, qu&rsquo;il annulait sa\u00a0futur campagne de publicit\u00e9 pour la Peugeot 207, apr\u00e8s le d\u00e9c\u00e8s de deux enfants, laiss\u00e9s seuls dans des voitures au cours du mois de Juillet. La publicit\u00e9,\u00a0devait \u00eatre\u00a0publi\u00e9e dans la &#8230; <a title=\"Peugeot suspend une campagne de publicit\u00e9 pour sa 207\" class=\"read-more\" href=\"https:\/\/www.carideal.com\/blog\/2008\/07\/25\/peugeot-suspend-une-campagne-de-publicite-pour-sa-207\/\" aria-label=\"En savoir plus sur Peugeot suspend une campagne de publicit\u00e9 pour sa 207\">Lire plus<\/a><\/p>\n","protected":false},"author":3,"featured_media":0,"comment_status":"open","ping_status":"open","sticky":false,"template":"","format":"standard","meta":{"_uag_custom_page_level_css":"","_themeisle_gutenberg_block_has_review":false,"footnotes":""},"categories":[21],"tags":[404],"class_list":["post-4666","post","type-post","status-publish","format-standard","hentry","category-actualites-auto","tag-publicite"],"wppr_data":[],"yoast_head":"<!-- This site is optimized with the Yoast SEO plugin v24.8.1 - https:\/\/yoast.com\/wordpress\/plugins\/seo\/ -->\n<title>Peugeot suspend une campagne de publicit\u00e9 pour sa 207 - Blog auto Carid\u00e9al<\/title>\n<meta name=\"robots\" content=\"index, follow, max-snippet:-1, max-image-preview:large, max-video-preview:-1\" \/>\n<link rel=\"canonical\" href=\"https:\/\/www.carideal.com\/blog\/2008\/07\/25\/peugeot-suspend-une-campagne-de-publicite-pour-sa-207\/\" \/>\n<meta property=\"og:locale\" content=\"fr_FR\" \/>\n<meta property=\"og:type\" content=\"article\" \/>\n<meta property=\"og:title\" content=\"Peugeot suspend une campagne de publicit\u00e9 pour sa 207 - Blog auto Carid\u00e9al\" \/>\n<meta property=\"og:description\" content=\"peugeot 207 sw Peugeot annule sa campagne de pub pour la 207 Le groupe automobile PSA Peugeot-Citro\u00ebn a annonc\u00e9 le samedi 26 juillet, qu&#039;il annulait sa\u00a0futur campagne de publicit\u00e9 pour la Peugeot 207, apr\u00e8s le d\u00e9c\u00e8s de deux enfants, laiss\u00e9s seuls dans des voitures au cours du mois de Juillet. La publicit\u00e9,\u00a0devait \u00eatre\u00a0publi\u00e9e dans la ... Lire plus\" \/>\n<meta property=\"og:url\" content=\"https:\/\/www.carideal.com\/blog\/2008\/07\/25\/peugeot-suspend-une-campagne-de-publicite-pour-sa-207\/\" \/>\n<meta property=\"og:site_name\" content=\"Blog auto Carid\u00e9al\" \/>\n<meta property=\"article:publisher\" content=\"https:\/\/www.facebook.com\/Carideal.mandataire.automobile\" \/>\n<meta property=\"article:author\" content=\"https:\/\/www.facebook.com\/nicolas.schiavon.39\" \/>\n<meta property=\"article:published_time\" content=\"2008-07-25T22:00:00+00:00\" \/>\n<meta property=\"article:modified_time\" content=\"2015-09-26T12:59:08+00:00\" \/>\n<meta property=\"og:image\" content=\"http:\/\/www.carideal.com\/images_actualite\/peugeot207swcarideal-1217084532.jpg\" \/>\n<meta name=\"author\" content=\"Nicolas SCHIAVON\" \/>\n<meta name=\"twitter:card\" content=\"summary_large_image\" \/>\n<meta name=\"twitter:creator\" content=\"@caridealauto\" \/>\n<meta name=\"twitter:site\" content=\"@caridealauto\" \/>\n<meta name=\"twitter:label1\" content=\"\u00c9crit par\" \/>\n\t<meta name=\"twitter:data1\" content=\"Nicolas SCHIAVON\" \/>\n\t<meta name=\"twitter:label2\" content=\"Dur\u00e9e de lecture estim\u00e9e\" \/>\n\t<meta name=\"twitter:data2\" content=\"1 minute\" \/>\n<script type=\"application\/ld+json\" class=\"yoast-schema-graph\">{\"@context\":\"https:\/\/schema.org\",\"@graph\":[{\"@type\":\"Article\",\"@id\":\"https:\/\/www.carideal.com\/blog\/2008\/07\/25\/peugeot-suspend-une-campagne-de-publicite-pour-sa-207\/#article\",\"isPartOf\":{\"@id\":\"https:\/\/www.carideal.com\/blog\/2008\/07\/25\/peugeot-suspend-une-campagne-de-publicite-pour-sa-207\/\"},\"author\":{\"name\":\"Nicolas SCHIAVON\",\"@id\":\"https:\/\/www.carideal.com\/blog\/#\/schema\/person\/cd95dc7919660de90d31b366f85be1ec\"},\"headline\":\"Peugeot suspend une campagne de publicit\u00e9 pour sa 207\",\"datePublished\":\"2008-07-25T22:00:00+00:00\",\"dateModified\":\"2015-09-26T12:59:08+00:00\",\"mainEntityOfPage\":{\"@id\":\"https:\/\/www.carideal.com\/blog\/2008\/07\/25\/peugeot-suspend-une-campagne-de-publicite-pour-sa-207\/\"},\"wordCount\":141,\"commentCount\":0,\"publisher\":{\"@id\":\"https:\/\/www.carideal.com\/blog\/#organization\"},\"image\":{\"@id\":\"https:\/\/www.carideal.com\/blog\/2008\/07\/25\/peugeot-suspend-une-campagne-de-publicite-pour-sa-207\/#primaryimage\"},\"thumbnailUrl\":\"http:\/\/www.carideal.com\/images_actualite\/peugeot207swcarideal-1217084532.jpg\",\"keywords\":[\"publicit\u00e9\"],\"articleSection\":[\"Actualit\u00e9 automobile\"],\"inLanguage\":\"fr-FR\",\"potentialAction\":[{\"@type\":\"CommentAction\",\"name\":\"Comment\",\"target\":[\"https:\/\/www.carideal.com\/blog\/2008\/07\/25\/peugeot-suspend-une-campagne-de-publicite-pour-sa-207\/#respond\"]}]},{\"@type\":\"WebPage\",\"@id\":\"https:\/\/www.carideal.com\/blog\/2008\/07\/25\/peugeot-suspend-une-campagne-de-publicite-pour-sa-207\/\",\"url\":\"https:\/\/www.carideal.com\/blog\/2008\/07\/25\/peugeot-suspend-une-campagne-de-publicite-pour-sa-207\/\",\"name\":\"Peugeot suspend une campagne de publicit\u00e9 pour sa 207 - Blog auto Carid\u00e9al\",\"isPartOf\":{\"@id\":\"https:\/\/www.carideal.com\/blog\/#website\"},\"primaryImageOfPage\":{\"@id\":\"https:\/\/www.carideal.com\/blog\/2008\/07\/25\/peugeot-suspend-une-campagne-de-publicite-pour-sa-207\/#primaryimage\"},\"image\":{\"@id\":\"https:\/\/www.carideal.com\/blog\/2008\/07\/25\/peugeot-suspend-une-campagne-de-publicite-pour-sa-207\/#primaryimage\"},\"thumbnailUrl\":\"http:\/\/www.carideal.com\/images_actualite\/peugeot207swcarideal-1217084532.jpg\",\"datePublished\":\"2008-07-25T22:00:00+00:00\",\"dateModified\":\"2015-09-26T12:59:08+00:00\",\"breadcrumb\":{\"@id\":\"https:\/\/www.carideal.com\/blog\/2008\/07\/25\/peugeot-suspend-une-campagne-de-publicite-pour-sa-207\/#breadcrumb\"},\"inLanguage\":\"fr-FR\",\"potentialAction\":[{\"@type\":\"ReadAction\",\"target\":[\"https:\/\/www.carideal.com\/blog\/2008\/07\/25\/peugeot-suspend-une-campagne-de-publicite-pour-sa-207\/\"]}]},{\"@type\":\"ImageObject\",\"inLanguage\":\"fr-FR\",\"@id\":\"https:\/\/www.carideal.com\/blog\/2008\/07\/25\/peugeot-suspend-une-campagne-de-publicite-pour-sa-207\/#primaryimage\",\"url\":\"http:\/\/www.carideal.com\/images_actualite\/peugeot207swcarideal-1217084532.jpg\",\"contentUrl\":\"http:\/\/www.carideal.com\/images_actualite\/peugeot207swcarideal-1217084532.jpg\"},{\"@type\":\"BreadcrumbList\",\"@id\":\"https:\/\/www.carideal.com\/blog\/2008\/07\/25\/peugeot-suspend-une-campagne-de-publicite-pour-sa-207\/#breadcrumb\",\"itemListElement\":[{\"@type\":\"ListItem\",\"position\":1,\"name\":\"Blog Carid\u00e9al\",\"item\":\"https:\/\/www.carideal.com\/blog\/\"},{\"@type\":\"ListItem\",\"position\":2,\"name\":\"Actualit\u00e9 automobile\",\"item\":\"https:\/\/www.carideal.com\/blog\/actualites-auto\/\"},{\"@type\":\"ListItem\",\"position\":3,\"name\":\"Peugeot suspend une campagne de publicit\u00e9 pour sa 207\"}]},{\"@type\":\"WebSite\",\"@id\":\"https:\/\/www.carideal.com\/blog\/#website\",\"url\":\"https:\/\/www.carideal.com\/blog\/\",\"name\":\"Blog auto Carid\u00e9al\",\"description\":\"Actualit\u00e9 auto par des passionn\u00e9s\",\"publisher\":{\"@id\":\"https:\/\/www.carideal.com\/blog\/#organization\"},\"potentialAction\":[{\"@type\":\"SearchAction\",\"target\":{\"@type\":\"EntryPoint\",\"urlTemplate\":\"https:\/\/www.carideal.com\/blog\/?s={search_term_string}\"},\"query-input\":{\"@type\":\"PropertyValueSpecification\",\"valueRequired\":true,\"valueName\":\"search_term_string\"}}],\"inLanguage\":\"fr-FR\"},{\"@type\":\"Organization\",\"@id\":\"https:\/\/www.carideal.com\/blog\/#organization\",\"name\":\"Carideal\",\"url\":\"https:\/\/www.carideal.com\/blog\/\",\"logo\":{\"@type\":\"ImageObject\",\"inLanguage\":\"fr-FR\",\"@id\":\"https:\/\/www.carideal.com\/blog\/#\/schema\/logo\/image\/\",\"url\":\"http:\/\/www.carideal.com\/blog\/wp-content\/uploads\/2016\/03\/logo-carideal-mandataire-automobile.png\",\"contentUrl\":\"http:\/\/www.carideal.com\/blog\/wp-content\/uploads\/2016\/03\/logo-carideal-mandataire-automobile.png\",\"width\":300,\"height\":300,\"caption\":\"Carideal\"},\"image\":{\"@id\":\"https:\/\/www.carideal.com\/blog\/#\/schema\/logo\/image\/\"},\"sameAs\":[\"https:\/\/www.facebook.com\/Carideal.mandataire.automobile\",\"https:\/\/x.com\/caridealauto\",\"https:\/\/www.instagram.com\/carideal1\/\",\"https:\/\/www.linkedin.com\/company\/carideal.com\",\"https:\/\/fr.pinterest.com\/schiavonsas\/\",\"https:\/\/www.youtube.com\/user\/caridealsas\"]},{\"@type\":\"Person\",\"@id\":\"https:\/\/www.carideal.com\/blog\/#\/schema\/person\/cd95dc7919660de90d31b366f85be1ec\",\"name\":\"Nicolas SCHIAVON\",\"image\":{\"@type\":\"ImageObject\",\"inLanguage\":\"fr-FR\",\"@id\":\"https:\/\/www.carideal.com\/blog\/#\/schema\/person\/image\/\",\"url\":\"https:\/\/secure.gravatar.com\/avatar\/c17e55009e671d92cc7f5dc837dc418a?s=96&r=g\",\"contentUrl\":\"https:\/\/secure.gravatar.com\/avatar\/c17e55009e671d92cc7f5dc837dc418a?s=96&r=g\",\"caption\":\"Nicolas SCHIAVON\"},\"description\":\"Nicolas Schiavon est tomb\u00e9 tout petit dans la marmite automobile. Ayant eu un garage de marque automobile, mandataire automobile de la premi\u00e8re heure d\u00e8s 1999. Nicolas a cr\u00e9\u00e9 ces premiers sites de vente de voiture et blog automobile d\u00e8s 1994. Carideal est n\u00e9 le 15 d\u00e9cembre 2000 de la volont\u00e9 de vendre des voitures d'occasions en ligne puis des voitures neuves. Il a pu essayer beaucoup de voitures tr\u00e8s diff\u00e9rentes et ayant eu personnellement quelques belles autos, Subaru Impreza, Mitsubishi Lancer Evo 7, Porsche 911, Ferrari Testarrossa, Audi RS3, RS4 et j'en passe...\",\"sameAs\":[\"http:\/\/www.carideal.com\",\"https:\/\/www.facebook.com\/nicolas.schiavon.39\",\"https:\/\/www.instagram.com\/carideal1\/\",\"https:\/\/www.linkedin.com\/in\/nschiavon\/\",\"https:\/\/x.com\/caridealauto\",\"https:\/\/www.youtube.com\/user\/caridealsas\/\"],\"url\":\"https:\/\/www.carideal.com\/blog\/author\/nschiavon\/\"}]}<\/script>\n<!-- \/ Yoast SEO plugin. -->","yoast_head_json":{"title":"Peugeot suspend une campagne de publicit\u00e9 pour sa 207 - Blog auto Carid\u00e9al","robots":{"index":"index","follow":"follow","max-snippet":"max-snippet:-1","max-image-preview":"max-image-preview:large","max-video-preview":"max-video-preview:-1"},"canonical":"https:\/\/www.carideal.com\/blog\/2008\/07\/25\/peugeot-suspend-une-campagne-de-publicite-pour-sa-207\/","og_locale":"fr_FR","og_type":"article","og_title":"Peugeot suspend une campagne de publicit\u00e9 pour sa 207 - Blog auto Carid\u00e9al","og_description":"peugeot 207 sw Peugeot annule sa campagne de pub pour la 207 Le groupe automobile PSA Peugeot-Citro\u00ebn a annonc\u00e9 le samedi 26 juillet, qu'il annulait sa\u00a0futur campagne de publicit\u00e9 pour la Peugeot 207, apr\u00e8s le d\u00e9c\u00e8s de deux enfants, laiss\u00e9s seuls dans des voitures au cours du mois de Juillet. La publicit\u00e9,\u00a0devait \u00eatre\u00a0publi\u00e9e dans la ... Lire plus","og_url":"https:\/\/www.carideal.com\/blog\/2008\/07\/25\/peugeot-suspend-une-campagne-de-publicite-pour-sa-207\/","og_site_name":"Blog auto Carid\u00e9al","article_publisher":"https:\/\/www.facebook.com\/Carideal.mandataire.automobile","article_author":"https:\/\/www.facebook.com\/nicolas.schiavon.39","article_published_time":"2008-07-25T22:00:00+00:00","article_modified_time":"2015-09-26T12:59:08+00:00","og_image":[{"url":"http:\/\/www.carideal.com\/images_actualite\/peugeot207swcarideal-1217084532.jpg","type":"","width":"","height":""}],"author":"Nicolas SCHIAVON","twitter_card":"summary_large_image","twitter_creator":"@caridealauto","twitter_site":"@caridealauto","twitter_misc":{"\u00c9crit par":"Nicolas SCHIAVON","Dur\u00e9e de lecture estim\u00e9e":"1 minute"},"schema":{"@context":"https:\/\/schema.org","@graph":[{"@type":"Article","@id":"https:\/\/www.carideal.com\/blog\/2008\/07\/25\/peugeot-suspend-une-campagne-de-publicite-pour-sa-207\/#article","isPartOf":{"@id":"https:\/\/www.carideal.com\/blog\/2008\/07\/25\/peugeot-suspend-une-campagne-de-publicite-pour-sa-207\/"},"author":{"name":"Nicolas SCHIAVON","@id":"https:\/\/www.carideal.com\/blog\/#\/schema\/person\/cd95dc7919660de90d31b366f85be1ec"},"headline":"Peugeot suspend une campagne de publicit\u00e9 pour sa 207","datePublished":"2008-07-25T22:00:00+00:00","dateModified":"2015-09-26T12:59:08+00:00","mainEntityOfPage":{"@id":"https:\/\/www.carideal.com\/blog\/2008\/07\/25\/peugeot-suspend-une-campagne-de-publicite-pour-sa-207\/"},"wordCount":141,"commentCount":0,"publisher":{"@id":"https:\/\/www.carideal.com\/blog\/#organization"},"image":{"@id":"https:\/\/www.carideal.com\/blog\/2008\/07\/25\/peugeot-suspend-une-campagne-de-publicite-pour-sa-207\/#primaryimage"},"thumbnailUrl":"http:\/\/www.carideal.com\/images_actualite\/peugeot207swcarideal-1217084532.jpg","keywords":["publicit\u00e9"],"articleSection":["Actualit\u00e9 automobile"],"inLanguage":"fr-FR","potentialAction":[{"@type":"CommentAction","name":"Comment","target":["https:\/\/www.carideal.com\/blog\/2008\/07\/25\/peugeot-suspend-une-campagne-de-publicite-pour-sa-207\/#respond"]}]},{"@type":"WebPage","@id":"https:\/\/www.carideal.com\/blog\/2008\/07\/25\/peugeot-suspend-une-campagne-de-publicite-pour-sa-207\/","url":"https:\/\/www.carideal.com\/blog\/2008\/07\/25\/peugeot-suspend-une-campagne-de-publicite-pour-sa-207\/","name":"Peugeot suspend une campagne de publicit\u00e9 pour sa 207 - Blog auto Carid\u00e9al","isPartOf":{"@id":"https:\/\/www.carideal.com\/blog\/#website"},"primaryImageOfPage":{"@id":"https:\/\/www.carideal.com\/blog\/2008\/07\/25\/peugeot-suspend-une-campagne-de-publicite-pour-sa-207\/#primaryimage"},"image":{"@id":"https:\/\/www.carideal.com\/blog\/2008\/07\/25\/peugeot-suspend-une-campagne-de-publicite-pour-sa-207\/#primaryimage"},"thumbnailUrl":"http:\/\/www.carideal.com\/images_actualite\/peugeot207swcarideal-1217084532.jpg","datePublished":"2008-07-25T22:00:00+00:00","dateModified":"2015-09-26T12:59:08+00:00","breadcrumb":{"@id":"https:\/\/www.carideal.com\/blog\/2008\/07\/25\/peugeot-suspend-une-campagne-de-publicite-pour-sa-207\/#breadcrumb"},"inLanguage":"fr-FR","potentialAction":[{"@type":"ReadAction","target":["https:\/\/www.carideal.com\/blog\/2008\/07\/25\/peugeot-suspend-une-campagne-de-publicite-pour-sa-207\/"]}]},{"@type":"ImageObject","inLanguage":"fr-FR","@id":"https:\/\/www.carideal.com\/blog\/2008\/07\/25\/peugeot-suspend-une-campagne-de-publicite-pour-sa-207\/#primaryimage","url":"http:\/\/www.carideal.com\/images_actualite\/peugeot207swcarideal-1217084532.jpg","contentUrl":"http:\/\/www.carideal.com\/images_actualite\/peugeot207swcarideal-1217084532.jpg"},{"@type":"BreadcrumbList","@id":"https:\/\/www.carideal.com\/blog\/2008\/07\/25\/peugeot-suspend-une-campagne-de-publicite-pour-sa-207\/#breadcrumb","itemListElement":[{"@type":"ListItem","position":1,"name":"Blog Carid\u00e9al","item":"https:\/\/www.carideal.com\/blog\/"},{"@type":"ListItem","position":2,"name":"Actualit\u00e9 automobile","item":"https:\/\/www.carideal.com\/blog\/actualites-auto\/"},{"@type":"ListItem","position":3,"name":"Peugeot suspend une campagne de publicit\u00e9 pour sa 207"}]},{"@type":"WebSite","@id":"https:\/\/www.carideal.com\/blog\/#website","url":"https:\/\/www.carideal.com\/blog\/","name":"Blog auto Carid\u00e9al","description":"Actualit\u00e9 auto par des passionn\u00e9s","publisher":{"@id":"https:\/\/www.carideal.com\/blog\/#organization"},"potentialAction":[{"@type":"SearchAction","target":{"@type":"EntryPoint","urlTemplate":"https:\/\/www.carideal.com\/blog\/?s={search_term_string}"},"query-input":{"@type":"PropertyValueSpecification","valueRequired":true,"valueName":"search_term_string"}}],"inLanguage":"fr-FR"},{"@type":"Organization","@id":"https:\/\/www.carideal.com\/blog\/#organization","name":"Carideal","url":"https:\/\/www.carideal.com\/blog\/","logo":{"@type":"ImageObject","inLanguage":"fr-FR","@id":"https:\/\/www.carideal.com\/blog\/#\/schema\/logo\/image\/","url":"http:\/\/www.carideal.com\/blog\/wp-content\/uploads\/2016\/03\/logo-carideal-mandataire-automobile.png","contentUrl":"http:\/\/www.carideal.com\/blog\/wp-content\/uploads\/2016\/03\/logo-carideal-mandataire-automobile.png","width":300,"height":300,"caption":"Carideal"},"image":{"@id":"https:\/\/www.carideal.com\/blog\/#\/schema\/logo\/image\/"},"sameAs":["https:\/\/www.facebook.com\/Carideal.mandataire.automobile","https:\/\/x.com\/caridealauto","https:\/\/www.instagram.com\/carideal1\/","https:\/\/www.linkedin.com\/company\/carideal.com","https:\/\/fr.pinterest.com\/schiavonsas\/","https:\/\/www.youtube.com\/user\/caridealsas"]},{"@type":"Person","@id":"https:\/\/www.carideal.com\/blog\/#\/schema\/person\/cd95dc7919660de90d31b366f85be1ec","name":"Nicolas SCHIAVON","image":{"@type":"ImageObject","inLanguage":"fr-FR","@id":"https:\/\/www.carideal.com\/blog\/#\/schema\/person\/image\/","url":"https:\/\/secure.gravatar.com\/avatar\/c17e55009e671d92cc7f5dc837dc418a?s=96&r=g","contentUrl":"https:\/\/secure.gravatar.com\/avatar\/c17e55009e671d92cc7f5dc837dc418a?s=96&r=g","caption":"Nicolas SCHIAVON"},"description":"Nicolas Schiavon est tomb\u00e9 tout petit dans la marmite automobile. Ayant eu un garage de marque automobile, mandataire automobile de la premi\u00e8re heure d\u00e8s 1999. Nicolas a cr\u00e9\u00e9 ces premiers sites de vente de voiture et blog automobile d\u00e8s 1994. Carideal est n\u00e9 le 15 d\u00e9cembre 2000 de la volont\u00e9 de vendre des voitures d'occasions en ligne puis des voitures neuves. Il a pu essayer beaucoup de voitures tr\u00e8s diff\u00e9rentes et ayant eu personnellement quelques belles autos, Subaru Impreza, Mitsubishi Lancer Evo 7, Porsche 911, Ferrari Testarrossa, Audi RS3, RS4 et j'en passe...","sameAs":["http:\/\/www.carideal.com","https:\/\/www.facebook.com\/nicolas.schiavon.39","https:\/\/www.instagram.com\/carideal1\/","https:\/\/www.linkedin.com\/in\/nschiavon\/","https:\/\/x.com\/caridealauto","https:\/\/www.youtube.com\/user\/caridealsas\/"],"url":"https:\/\/www.carideal.com\/blog\/author\/nschiavon\/"}]}},"uagb_featured_image_src":{"full":false,"thumbnail":false,"medium":false,"medium_large":false,"large":false,"1536x1536":false,"2048x2048":false,"wppr-widget":false},"uagb_author_info":{"display_name":"Nicolas SCHIAVON","author_link":"https:\/\/www.carideal.com\/blog\/author\/nschiavon\/"},"uagb_comment_info":0,"uagb_excerpt":"peugeot 207 sw Peugeot annule sa campagne de pub pour la 207 Le groupe automobile PSA Peugeot-Citro\u00ebn a annonc\u00e9 le samedi 26 juillet, qu'il annulait sa\u00a0futur campagne de publicit\u00e9 pour la Peugeot 207, apr\u00e8s le d\u00e9c\u00e8s de deux enfants, laiss\u00e9s seuls dans des voitures au cours du mois de Juillet. La publicit\u00e9,\u00a0devait \u00eatre\u00a0publi\u00e9e dans la\u2026","_links":{"self":[{"href":"https:\/\/www.carideal.com\/blog\/wp-json\/wp\/v2\/posts\/4666"}],"collection":[{"href":"https:\/\/www.carideal.com\/blog\/wp-json\/wp\/v2\/posts"}],"about":[{"href":"https:\/\/www.carideal.com\/blog\/wp-json\/wp\/v2\/types\/post"}],"author":[{"embeddable":true,"href":"https:\/\/www.carideal.com\/blog\/wp-json\/wp\/v2\/users\/3"}],"replies":[{"embeddable":true,"href":"https:\/\/www.carideal.com\/blog\/wp-json\/wp\/v2\/comments?post=4666"}],"version-history":[{"count":0,"href":"https:\/\/www.carideal.com\/blog\/wp-json\/wp\/v2\/posts\/4666\/revisions"}],"wp:attachment":[{"href":"https:\/\/www.carideal.com\/blog\/wp-json\/wp\/v2\/media?parent=4666"}],"wp:term":[{"taxonomy":"category","embeddable":true,"href":"https:\/\/www.carideal.com\/blog\/wp-json\/wp\/v2\/categories?post=4666"},{"taxonomy":"post_tag","embeddable":true,"href":"https:\/\/www.carideal.com\/blog\/wp-json\/wp\/v2\/tags?post=4666"}],"curies":[{"name":"wp","href":"https:\/\/api.w.org\/{rel}","templated":true}]}}