{"id":4665,"date":"2008-07-24T22:00:00","date_gmt":"2008-07-24T22:00:00","guid":{"rendered":"http:\/\/www.carideal.com\/blog\/2008\/07\/24\/audi-a6-ii-d-occasion\/"},"modified":"2020-03-07T17:35:11","modified_gmt":"2020-03-07T16:35:11","slug":"audi-a6-ii-d-occasion","status":"publish","type":"post","link":"https:\/\/www.carideal.com\/blog\/2008\/07\/24\/audi-a6-ii-d-occasion\/","title":{"rendered":"Audi A6 d&rsquo;occasion"},"content":{"rendered":"<div>\n<p><img decoding=\"async\" src=\"http:\/\/www.carideal.com\/images_actualite\/image4655audia6avantquattro-1217005093.jpg\" alt=\"\" \/>Audi a6 avant quattro d'occasion<\/p>\n<\/div>\n<div>\n<p><img decoding=\"async\" src=\"http:\/\/www.carideal.com\/images_actualite\/image4655audia6quattro2-1217005138.jpg\" alt=\"\" \/>Int\u00e9rieur d'une audi a6 II d'occasion<\/p>\n<\/div>\n<div>\n<p><img decoding=\"async\" src=\"http:\/\/www.carideal.com\/images_actualite\/image4655audia6quattro3-1217005186.jpg\" alt=\"\" \/>audi a6 d'occasion<\/p>\n<\/div>\n<p>Bienvenue dasn un monde o\u00f9 tout n'est qu'agr\u00e8ment, confort et plaisir. Avec cette deuxi\u00e8me g\u00e9n\u00e9ration d'Audi A6, la pr\u00e9c\u00e9dente \u00e9tait une Audi 100 profond\u00e9ment restyl\u00e9e, la marque a mis ce qu'il y avait de mieux, du moins \u00e0 l'\u00e9poque, sur cette voiture. Disponible en traction ou en quatre roues motrices, Quattro, la berline est s\u00fbre en toutes circonstances. La position de conduite id\u00e9ale ainsi que l'ergonomie permettent de bien sentir les r\u00e9actions de la voiture. La motricit\u00e9 est bonne, les trajectoires se r\u00e9v\u00e8lent pr\u00e9cises grace \u00e0 une direction particuli\u00e8rement bien \u00e9tudi\u00e9e. N\u00e9anmoins l'amortissement souple peut engendrer des mouvements de caisse d\u00e9stablisisants. Rien de grave, mais la concurence francaise fait mieux. Sous le capot on baigne dans l'univers des tdi. Cela dit, les blocs a essence ne sont pas \u00e0 \u00e9carter. Les v6 quoique gourmands sont moins chers que leurs copains diesels.<\/p>\n<p>L'audi A6 est une voiture statutaire, m\u00eame en occasion. avec son grand gabarit, 4.79 m, elle en impose mais c'est pour mieux se montrer genereuse avec un espace interieur royal, quel que soit la place. La garde au toit et l'espace aux jambes s'av\u00e8rent \u00e0 la hauteur de ce que l'on attend de ce typede berline. Meme remarque en ce qui concerne le compartiment \u00e0 bagages, tres profond et facile d'acc\u00e8s sur la berline, le coffre se r\u00e9v\u00e8le en outre tr\u00e8s spacieux sur la version break, appel\u00e9e chez Audi Avant. L'Audi A6 avant dispose de tres nombreux rangements. L'equipement de base se r\u00e9vele aussi assez correct. Ila ete enrichi lors du restylage effectue en 2001. Attention la liste des options etait egalement tres longue ; et cela se ressent sur les prix en occasion.<\/p>\n<p>Le Bilan est mitig\u00e9. Si l'on ne parle que de la finition, l'Audi A6 meme en occasion d\u00e9croche les cinq \u00e9toiles. Le niveau de qualit\u00e9 est en effet excellent, avec des mat\u00e9riaux raffin\u00e9s (boiserie, cuir de tr\u00e8s bonne qualit\u00e9), et l'assemblage ne souffre d'aucun d\u00e9faut. Le tableau est plus sombre cot\u00e9 fiabilit\u00e9, les tdi ayant connu nombre d'avaries. A retenir, entre autres, l'encrassement du turbo avec risque de casse moteur ( sur les TDI\u00a0130, 150, et 180 de 1998 \u00e0 2002), les faiblesses chroniques du catalyseur (tdi 110 de 1998), un probl\u00e8me de courroie (v6 tdi de 1998 \u00e0 1999)... La liste est longue, Mieux vaut par cons\u00e9quent, privil\u00e9gier un mod\u00e8le parfaitement entretenu pour eviter toute mauvaise surprise. L'Audi A6 II a \u00e9t\u00e9 fabriqu\u00e9e de 1997 \u00e0 2004 et a subi un restylage en Mai 2001, il y en a 44500 en circulation. Ses dimensions 4.79x1.81x1.45. Le volume de son r\u00e9servoir 70 litres.<\/p>\n<p>Achat de votre Audi A6 d'occasion moins ch\u00e8re \u00e0 Chamb\u00e9ry avec Carideal Mandataire automobile, livraison sur Annecy Grenoble et partout en France.<\/p>\n","protected":false},"excerpt":{"rendered":"<p>Audi a6 avant quattro d&rsquo;occasion Int\u00e9rieur d&rsquo;une audi a6 II d&rsquo;occasion audi a6 d&rsquo;occasion Bienvenue dasn un monde o\u00f9 tout n&rsquo;est qu&rsquo;agr\u00e8ment, confort et plaisir. Avec cette deuxi\u00e8me g\u00e9n\u00e9ration d&rsquo;Audi A6, la pr\u00e9c\u00e9dente \u00e9tait une Audi 100 profond\u00e9ment restyl\u00e9e, la marque a mis ce qu&rsquo;il y avait de mieux, du moins \u00e0 l&rsquo;\u00e9poque, sur cette &#8230; <a title=\"Audi A6 d&rsquo;occasion\" class=\"read-more\" href=\"https:\/\/www.carideal.com\/blog\/2008\/07\/24\/audi-a6-ii-d-occasion\/\" aria-label=\"En savoir plus sur Audi A6 d&rsquo;occasion\">Lire plus<\/a><\/p>\n","protected":false},"author":3,"featured_media":0,"comment_status":"open","ping_status":"open","sticky":false,"template":"","format":"standard","meta":{"_uag_custom_page_level_css":"","_themeisle_gutenberg_block_has_review":false,"footnotes":""},"categories":[10],"tags":[407],"class_list":["post-4665","post","type-post","status-publish","format-standard","hentry","category-marche-automobile-voiture-neuve-occasion-4x4-suv","tag-tdi"],"wppr_data":[],"yoast_head":"<!-- This site is optimized with the Yoast SEO plugin v24.8.1 - https:\/\/yoast.com\/wordpress\/plugins\/seo\/ -->\n<title>Audi A6 d&#039;occasion - Blog auto Carid\u00e9al<\/title>\n<meta name=\"robots\" content=\"index, follow, max-snippet:-1, max-image-preview:large, max-video-preview:-1\" \/>\n<link rel=\"canonical\" href=\"https:\/\/www.carideal.com\/blog\/2008\/07\/24\/audi-a6-ii-d-occasion\/\" \/>\n<meta property=\"og:locale\" content=\"fr_FR\" \/>\n<meta property=\"og:type\" content=\"article\" \/>\n<meta property=\"og:title\" content=\"Audi A6 d&#039;occasion - Blog auto Carid\u00e9al\" \/>\n<meta property=\"og:description\" content=\"Audi a6 avant quattro d&#039;occasion Int\u00e9rieur d&#039;une audi a6 II d&#039;occasion audi a6 d&#039;occasion Bienvenue dasn un monde o\u00f9 tout n&#039;est qu&#039;agr\u00e8ment, confort et plaisir. Avec cette deuxi\u00e8me g\u00e9n\u00e9ration d&#039;Audi A6, la pr\u00e9c\u00e9dente \u00e9tait une Audi 100 profond\u00e9ment restyl\u00e9e, la marque a mis ce qu&#039;il y avait de mieux, du moins \u00e0 l&#039;\u00e9poque, sur cette ... Lire plus\" \/>\n<meta property=\"og:url\" content=\"https:\/\/www.carideal.com\/blog\/2008\/07\/24\/audi-a6-ii-d-occasion\/\" \/>\n<meta property=\"og:site_name\" content=\"Blog auto Carid\u00e9al\" \/>\n<meta property=\"article:publisher\" content=\"https:\/\/www.facebook.com\/Carideal.mandataire.automobile\" \/>\n<meta property=\"article:author\" content=\"https:\/\/www.facebook.com\/nicolas.schiavon.39\" \/>\n<meta property=\"article:published_time\" content=\"2008-07-24T22:00:00+00:00\" \/>\n<meta property=\"article:modified_time\" content=\"2020-03-07T16:35:11+00:00\" \/>\n<meta property=\"og:image\" content=\"http:\/\/www.carideal.com\/images_actualite\/image4655audia6avantquattro-1217005093.jpg\" \/>\n<meta name=\"author\" content=\"Nicolas SCHIAVON\" \/>\n<meta name=\"twitter:card\" content=\"summary_large_image\" \/>\n<meta name=\"twitter:creator\" content=\"@caridealauto\" \/>\n<meta name=\"twitter:site\" content=\"@caridealauto\" \/>\n<meta name=\"twitter:label1\" content=\"\u00c9crit par\" \/>\n\t<meta name=\"twitter:data1\" content=\"Nicolas SCHIAVON\" \/>\n\t<meta name=\"twitter:label2\" content=\"Dur\u00e9e de lecture estim\u00e9e\" \/>\n\t<meta name=\"twitter:data2\" content=\"2 minutes\" \/>\n<script type=\"application\/ld+json\" class=\"yoast-schema-graph\">{\"@context\":\"https:\/\/schema.org\",\"@graph\":[{\"@type\":\"Article\",\"@id\":\"https:\/\/www.carideal.com\/blog\/2008\/07\/24\/audi-a6-ii-d-occasion\/#article\",\"isPartOf\":{\"@id\":\"https:\/\/www.carideal.com\/blog\/2008\/07\/24\/audi-a6-ii-d-occasion\/\"},\"author\":{\"name\":\"Nicolas SCHIAVON\",\"@id\":\"https:\/\/www.carideal.com\/blog\/#\/schema\/person\/cd95dc7919660de90d31b366f85be1ec\"},\"headline\":\"Audi A6 d&rsquo;occasion\",\"datePublished\":\"2008-07-24T22:00:00+00:00\",\"dateModified\":\"2020-03-07T16:35:11+00:00\",\"mainEntityOfPage\":{\"@id\":\"https:\/\/www.carideal.com\/blog\/2008\/07\/24\/audi-a6-ii-d-occasion\/\"},\"wordCount\":482,\"commentCount\":0,\"publisher\":{\"@id\":\"https:\/\/www.carideal.com\/blog\/#organization\"},\"image\":{\"@id\":\"https:\/\/www.carideal.com\/blog\/2008\/07\/24\/audi-a6-ii-d-occasion\/#primaryimage\"},\"thumbnailUrl\":\"http:\/\/www.carideal.com\/images_actualite\/image4655audia6avantquattro-1217005093.jpg\",\"keywords\":[\"TDI\"],\"articleSection\":[\"March\u00e9 automobile\"],\"inLanguage\":\"fr-FR\",\"potentialAction\":[{\"@type\":\"CommentAction\",\"name\":\"Comment\",\"target\":[\"https:\/\/www.carideal.com\/blog\/2008\/07\/24\/audi-a6-ii-d-occasion\/#respond\"]}]},{\"@type\":\"WebPage\",\"@id\":\"https:\/\/www.carideal.com\/blog\/2008\/07\/24\/audi-a6-ii-d-occasion\/\",\"url\":\"https:\/\/www.carideal.com\/blog\/2008\/07\/24\/audi-a6-ii-d-occasion\/\",\"name\":\"Audi A6 d'occasion - Blog auto Carid\u00e9al\",\"isPartOf\":{\"@id\":\"https:\/\/www.carideal.com\/blog\/#website\"},\"primaryImageOfPage\":{\"@id\":\"https:\/\/www.carideal.com\/blog\/2008\/07\/24\/audi-a6-ii-d-occasion\/#primaryimage\"},\"image\":{\"@id\":\"https:\/\/www.carideal.com\/blog\/2008\/07\/24\/audi-a6-ii-d-occasion\/#primaryimage\"},\"thumbnailUrl\":\"http:\/\/www.carideal.com\/images_actualite\/image4655audia6avantquattro-1217005093.jpg\",\"datePublished\":\"2008-07-24T22:00:00+00:00\",\"dateModified\":\"2020-03-07T16:35:11+00:00\",\"breadcrumb\":{\"@id\":\"https:\/\/www.carideal.com\/blog\/2008\/07\/24\/audi-a6-ii-d-occasion\/#breadcrumb\"},\"inLanguage\":\"fr-FR\",\"potentialAction\":[{\"@type\":\"ReadAction\",\"target\":[\"https:\/\/www.carideal.com\/blog\/2008\/07\/24\/audi-a6-ii-d-occasion\/\"]}]},{\"@type\":\"ImageObject\",\"inLanguage\":\"fr-FR\",\"@id\":\"https:\/\/www.carideal.com\/blog\/2008\/07\/24\/audi-a6-ii-d-occasion\/#primaryimage\",\"url\":\"http:\/\/www.carideal.com\/images_actualite\/image4655audia6avantquattro-1217005093.jpg\",\"contentUrl\":\"http:\/\/www.carideal.com\/images_actualite\/image4655audia6avantquattro-1217005093.jpg\"},{\"@type\":\"BreadcrumbList\",\"@id\":\"https:\/\/www.carideal.com\/blog\/2008\/07\/24\/audi-a6-ii-d-occasion\/#breadcrumb\",\"itemListElement\":[{\"@type\":\"ListItem\",\"position\":1,\"name\":\"Blog Carid\u00e9al\",\"item\":\"https:\/\/www.carideal.com\/blog\/\"},{\"@type\":\"ListItem\",\"position\":2,\"name\":\"March\u00e9 automobile\",\"item\":\"https:\/\/www.carideal.com\/blog\/marche-automobile-voiture-neuve-occasion-4x4-suv\/\"},{\"@type\":\"ListItem\",\"position\":3,\"name\":\"Audi A6 d&rsquo;occasion\"}]},{\"@type\":\"WebSite\",\"@id\":\"https:\/\/www.carideal.com\/blog\/#website\",\"url\":\"https:\/\/www.carideal.com\/blog\/\",\"name\":\"Blog auto Carid\u00e9al\",\"description\":\"Actualit\u00e9 auto par des passionn\u00e9s\",\"publisher\":{\"@id\":\"https:\/\/www.carideal.com\/blog\/#organization\"},\"potentialAction\":[{\"@type\":\"SearchAction\",\"target\":{\"@type\":\"EntryPoint\",\"urlTemplate\":\"https:\/\/www.carideal.com\/blog\/?s={search_term_string}\"},\"query-input\":{\"@type\":\"PropertyValueSpecification\",\"valueRequired\":true,\"valueName\":\"search_term_string\"}}],\"inLanguage\":\"fr-FR\"},{\"@type\":\"Organization\",\"@id\":\"https:\/\/www.carideal.com\/blog\/#organization\",\"name\":\"Carideal\",\"url\":\"https:\/\/www.carideal.com\/blog\/\",\"logo\":{\"@type\":\"ImageObject\",\"inLanguage\":\"fr-FR\",\"@id\":\"https:\/\/www.carideal.com\/blog\/#\/schema\/logo\/image\/\",\"url\":\"http:\/\/www.carideal.com\/blog\/wp-content\/uploads\/2016\/03\/logo-carideal-mandataire-automobile.png\",\"contentUrl\":\"http:\/\/www.carideal.com\/blog\/wp-content\/uploads\/2016\/03\/logo-carideal-mandataire-automobile.png\",\"width\":300,\"height\":300,\"caption\":\"Carideal\"},\"image\":{\"@id\":\"https:\/\/www.carideal.com\/blog\/#\/schema\/logo\/image\/\"},\"sameAs\":[\"https:\/\/www.facebook.com\/Carideal.mandataire.automobile\",\"https:\/\/x.com\/caridealauto\",\"https:\/\/www.instagram.com\/carideal1\/\",\"https:\/\/www.linkedin.com\/company\/carideal.com\",\"https:\/\/fr.pinterest.com\/schiavonsas\/\",\"https:\/\/www.youtube.com\/user\/caridealsas\"]},{\"@type\":\"Person\",\"@id\":\"https:\/\/www.carideal.com\/blog\/#\/schema\/person\/cd95dc7919660de90d31b366f85be1ec\",\"name\":\"Nicolas SCHIAVON\",\"image\":{\"@type\":\"ImageObject\",\"inLanguage\":\"fr-FR\",\"@id\":\"https:\/\/www.carideal.com\/blog\/#\/schema\/person\/image\/\",\"url\":\"https:\/\/secure.gravatar.com\/avatar\/c17e55009e671d92cc7f5dc837dc418a?s=96&r=g\",\"contentUrl\":\"https:\/\/secure.gravatar.com\/avatar\/c17e55009e671d92cc7f5dc837dc418a?s=96&r=g\",\"caption\":\"Nicolas SCHIAVON\"},\"description\":\"Nicolas Schiavon est tomb\u00e9 tout petit dans la marmite automobile. Ayant eu un garage de marque automobile, mandataire automobile de la premi\u00e8re heure d\u00e8s 1999. Nicolas a cr\u00e9\u00e9 ces premiers sites de vente de voiture et blog automobile d\u00e8s 1994. Carideal est n\u00e9 le 15 d\u00e9cembre 2000 de la volont\u00e9 de vendre des voitures d'occasions en ligne puis des voitures neuves. Il a pu essayer beaucoup de voitures tr\u00e8s diff\u00e9rentes et ayant eu personnellement quelques belles autos, Subaru Impreza, Mitsubishi Lancer Evo 7, Porsche 911, Ferrari Testarrossa, Audi RS3, RS4 et j'en passe...\",\"sameAs\":[\"http:\/\/www.carideal.com\",\"https:\/\/www.facebook.com\/nicolas.schiavon.39\",\"https:\/\/www.instagram.com\/carideal1\/\",\"https:\/\/www.linkedin.com\/in\/nschiavon\/\",\"https:\/\/x.com\/caridealauto\",\"https:\/\/www.youtube.com\/user\/caridealsas\/\"],\"url\":\"https:\/\/www.carideal.com\/blog\/author\/nschiavon\/\"}]}<\/script>\n<!-- \/ Yoast SEO plugin. -->","yoast_head_json":{"title":"Audi A6 d'occasion - Blog auto Carid\u00e9al","robots":{"index":"index","follow":"follow","max-snippet":"max-snippet:-1","max-image-preview":"max-image-preview:large","max-video-preview":"max-video-preview:-1"},"canonical":"https:\/\/www.carideal.com\/blog\/2008\/07\/24\/audi-a6-ii-d-occasion\/","og_locale":"fr_FR","og_type":"article","og_title":"Audi A6 d'occasion - Blog auto Carid\u00e9al","og_description":"Audi a6 avant quattro d'occasion Int\u00e9rieur d'une audi a6 II d'occasion audi a6 d'occasion Bienvenue dasn un monde o\u00f9 tout n'est qu'agr\u00e8ment, confort et plaisir. Avec cette deuxi\u00e8me g\u00e9n\u00e9ration d'Audi A6, la pr\u00e9c\u00e9dente \u00e9tait une Audi 100 profond\u00e9ment restyl\u00e9e, la marque a mis ce qu'il y avait de mieux, du moins \u00e0 l'\u00e9poque, sur cette ... Lire plus","og_url":"https:\/\/www.carideal.com\/blog\/2008\/07\/24\/audi-a6-ii-d-occasion\/","og_site_name":"Blog auto Carid\u00e9al","article_publisher":"https:\/\/www.facebook.com\/Carideal.mandataire.automobile","article_author":"https:\/\/www.facebook.com\/nicolas.schiavon.39","article_published_time":"2008-07-24T22:00:00+00:00","article_modified_time":"2020-03-07T16:35:11+00:00","og_image":[{"url":"http:\/\/www.carideal.com\/images_actualite\/image4655audia6avantquattro-1217005093.jpg","type":"","width":"","height":""}],"author":"Nicolas SCHIAVON","twitter_card":"summary_large_image","twitter_creator":"@caridealauto","twitter_site":"@caridealauto","twitter_misc":{"\u00c9crit par":"Nicolas SCHIAVON","Dur\u00e9e de lecture estim\u00e9e":"2 minutes"},"schema":{"@context":"https:\/\/schema.org","@graph":[{"@type":"Article","@id":"https:\/\/www.carideal.com\/blog\/2008\/07\/24\/audi-a6-ii-d-occasion\/#article","isPartOf":{"@id":"https:\/\/www.carideal.com\/blog\/2008\/07\/24\/audi-a6-ii-d-occasion\/"},"author":{"name":"Nicolas SCHIAVON","@id":"https:\/\/www.carideal.com\/blog\/#\/schema\/person\/cd95dc7919660de90d31b366f85be1ec"},"headline":"Audi A6 d&rsquo;occasion","datePublished":"2008-07-24T22:00:00+00:00","dateModified":"2020-03-07T16:35:11+00:00","mainEntityOfPage":{"@id":"https:\/\/www.carideal.com\/blog\/2008\/07\/24\/audi-a6-ii-d-occasion\/"},"wordCount":482,"commentCount":0,"publisher":{"@id":"https:\/\/www.carideal.com\/blog\/#organization"},"image":{"@id":"https:\/\/www.carideal.com\/blog\/2008\/07\/24\/audi-a6-ii-d-occasion\/#primaryimage"},"thumbnailUrl":"http:\/\/www.carideal.com\/images_actualite\/image4655audia6avantquattro-1217005093.jpg","keywords":["TDI"],"articleSection":["March\u00e9 automobile"],"inLanguage":"fr-FR","potentialAction":[{"@type":"CommentAction","name":"Comment","target":["https:\/\/www.carideal.com\/blog\/2008\/07\/24\/audi-a6-ii-d-occasion\/#respond"]}]},{"@type":"WebPage","@id":"https:\/\/www.carideal.com\/blog\/2008\/07\/24\/audi-a6-ii-d-occasion\/","url":"https:\/\/www.carideal.com\/blog\/2008\/07\/24\/audi-a6-ii-d-occasion\/","name":"Audi A6 d'occasion - Blog auto Carid\u00e9al","isPartOf":{"@id":"https:\/\/www.carideal.com\/blog\/#website"},"primaryImageOfPage":{"@id":"https:\/\/www.carideal.com\/blog\/2008\/07\/24\/audi-a6-ii-d-occasion\/#primaryimage"},"image":{"@id":"https:\/\/www.carideal.com\/blog\/2008\/07\/24\/audi-a6-ii-d-occasion\/#primaryimage"},"thumbnailUrl":"http:\/\/www.carideal.com\/images_actualite\/image4655audia6avantquattro-1217005093.jpg","datePublished":"2008-07-24T22:00:00+00:00","dateModified":"2020-03-07T16:35:11+00:00","breadcrumb":{"@id":"https:\/\/www.carideal.com\/blog\/2008\/07\/24\/audi-a6-ii-d-occasion\/#breadcrumb"},"inLanguage":"fr-FR","potentialAction":[{"@type":"ReadAction","target":["https:\/\/www.carideal.com\/blog\/2008\/07\/24\/audi-a6-ii-d-occasion\/"]}]},{"@type":"ImageObject","inLanguage":"fr-FR","@id":"https:\/\/www.carideal.com\/blog\/2008\/07\/24\/audi-a6-ii-d-occasion\/#primaryimage","url":"http:\/\/www.carideal.com\/images_actualite\/image4655audia6avantquattro-1217005093.jpg","contentUrl":"http:\/\/www.carideal.com\/images_actualite\/image4655audia6avantquattro-1217005093.jpg"},{"@type":"BreadcrumbList","@id":"https:\/\/www.carideal.com\/blog\/2008\/07\/24\/audi-a6-ii-d-occasion\/#breadcrumb","itemListElement":[{"@type":"ListItem","position":1,"name":"Blog Carid\u00e9al","item":"https:\/\/www.carideal.com\/blog\/"},{"@type":"ListItem","position":2,"name":"March\u00e9 automobile","item":"https:\/\/www.carideal.com\/blog\/marche-automobile-voiture-neuve-occasion-4x4-suv\/"},{"@type":"ListItem","position":3,"name":"Audi A6 d&rsquo;occasion"}]},{"@type":"WebSite","@id":"https:\/\/www.carideal.com\/blog\/#website","url":"https:\/\/www.carideal.com\/blog\/","name":"Blog auto Carid\u00e9al","description":"Actualit\u00e9 auto par des passionn\u00e9s","publisher":{"@id":"https:\/\/www.carideal.com\/blog\/#organization"},"potentialAction":[{"@type":"SearchAction","target":{"@type":"EntryPoint","urlTemplate":"https:\/\/www.carideal.com\/blog\/?s={search_term_string}"},"query-input":{"@type":"PropertyValueSpecification","valueRequired":true,"valueName":"search_term_string"}}],"inLanguage":"fr-FR"},{"@type":"Organization","@id":"https:\/\/www.carideal.com\/blog\/#organization","name":"Carideal","url":"https:\/\/www.carideal.com\/blog\/","logo":{"@type":"ImageObject","inLanguage":"fr-FR","@id":"https:\/\/www.carideal.com\/blog\/#\/schema\/logo\/image\/","url":"http:\/\/www.carideal.com\/blog\/wp-content\/uploads\/2016\/03\/logo-carideal-mandataire-automobile.png","contentUrl":"http:\/\/www.carideal.com\/blog\/wp-content\/uploads\/2016\/03\/logo-carideal-mandataire-automobile.png","width":300,"height":300,"caption":"Carideal"},"image":{"@id":"https:\/\/www.carideal.com\/blog\/#\/schema\/logo\/image\/"},"sameAs":["https:\/\/www.facebook.com\/Carideal.mandataire.automobile","https:\/\/x.com\/caridealauto","https:\/\/www.instagram.com\/carideal1\/","https:\/\/www.linkedin.com\/company\/carideal.com","https:\/\/fr.pinterest.com\/schiavonsas\/","https:\/\/www.youtube.com\/user\/caridealsas"]},{"@type":"Person","@id":"https:\/\/www.carideal.com\/blog\/#\/schema\/person\/cd95dc7919660de90d31b366f85be1ec","name":"Nicolas SCHIAVON","image":{"@type":"ImageObject","inLanguage":"fr-FR","@id":"https:\/\/www.carideal.com\/blog\/#\/schema\/person\/image\/","url":"https:\/\/secure.gravatar.com\/avatar\/c17e55009e671d92cc7f5dc837dc418a?s=96&r=g","contentUrl":"https:\/\/secure.gravatar.com\/avatar\/c17e55009e671d92cc7f5dc837dc418a?s=96&r=g","caption":"Nicolas SCHIAVON"},"description":"Nicolas Schiavon est tomb\u00e9 tout petit dans la marmite automobile. Ayant eu un garage de marque automobile, mandataire automobile de la premi\u00e8re heure d\u00e8s 1999. Nicolas a cr\u00e9\u00e9 ces premiers sites de vente de voiture et blog automobile d\u00e8s 1994. Carideal est n\u00e9 le 15 d\u00e9cembre 2000 de la volont\u00e9 de vendre des voitures d'occasions en ligne puis des voitures neuves. Il a pu essayer beaucoup de voitures tr\u00e8s diff\u00e9rentes et ayant eu personnellement quelques belles autos, Subaru Impreza, Mitsubishi Lancer Evo 7, Porsche 911, Ferrari Testarrossa, Audi RS3, RS4 et j'en passe...","sameAs":["http:\/\/www.carideal.com","https:\/\/www.facebook.com\/nicolas.schiavon.39","https:\/\/www.instagram.com\/carideal1\/","https:\/\/www.linkedin.com\/in\/nschiavon\/","https:\/\/x.com\/caridealauto","https:\/\/www.youtube.com\/user\/caridealsas\/"],"url":"https:\/\/www.carideal.com\/blog\/author\/nschiavon\/"}]}},"uagb_featured_image_src":{"full":false,"thumbnail":false,"medium":false,"medium_large":false,"large":false,"1536x1536":false,"2048x2048":false,"wppr-widget":false},"uagb_author_info":{"display_name":"Nicolas SCHIAVON","author_link":"https:\/\/www.carideal.com\/blog\/author\/nschiavon\/"},"uagb_comment_info":0,"uagb_excerpt":"Audi a6 avant quattro d'occasion Int\u00e9rieur d'une audi a6 II d'occasion audi a6 d'occasion Bienvenue dasn un monde o\u00f9 tout n'est qu'agr\u00e8ment, confort et plaisir. Avec cette deuxi\u00e8me g\u00e9n\u00e9ration d'Audi A6, la pr\u00e9c\u00e9dente \u00e9tait une Audi 100 profond\u00e9ment restyl\u00e9e, la marque a mis ce qu'il y avait de mieux, du moins \u00e0 l'\u00e9poque, sur cette\u2026","_links":{"self":[{"href":"https:\/\/www.carideal.com\/blog\/wp-json\/wp\/v2\/posts\/4665"}],"collection":[{"href":"https:\/\/www.carideal.com\/blog\/wp-json\/wp\/v2\/posts"}],"about":[{"href":"https:\/\/www.carideal.com\/blog\/wp-json\/wp\/v2\/types\/post"}],"author":[{"embeddable":true,"href":"https:\/\/www.carideal.com\/blog\/wp-json\/wp\/v2\/users\/3"}],"replies":[{"embeddable":true,"href":"https:\/\/www.carideal.com\/blog\/wp-json\/wp\/v2\/comments?post=4665"}],"version-history":[{"count":0,"href":"https:\/\/www.carideal.com\/blog\/wp-json\/wp\/v2\/posts\/4665\/revisions"}],"wp:attachment":[{"href":"https:\/\/www.carideal.com\/blog\/wp-json\/wp\/v2\/media?parent=4665"}],"wp:term":[{"taxonomy":"category","embeddable":true,"href":"https:\/\/www.carideal.com\/blog\/wp-json\/wp\/v2\/categories?post=4665"},{"taxonomy":"post_tag","embeddable":true,"href":"https:\/\/www.carideal.com\/blog\/wp-json\/wp\/v2\/tags?post=4665"}],"curies":[{"name":"wp","href":"https:\/\/api.w.org\/{rel}","templated":true}]}}