{"id":4658,"date":"2008-07-06T22:00:00","date_gmt":"2008-07-06T22:00:00","guid":{"rendered":"http:\/\/www.carideal.com\/blog\/2008\/07\/06\/audi-a3-phii-d-occasion\/"},"modified":"2020-05-23T09:43:15","modified_gmt":"2020-05-23T07:43:15","slug":"audi-a3-phii-d-occasion","status":"publish","type":"post","link":"https:\/\/www.carideal.com\/blog\/2008\/07\/06\/audi-a3-phii-d-occasion\/","title":{"rendered":"Avis Audi A3 phase II d&rsquo;occasion"},"content":{"rendered":"\n<h2 class=\"wp-block-heading\">Avis Audi a3 phase II d'occasion<\/h2>\n\n\n\n<p>La bourgeoise <strong>Audi A3 phase II d'occasion<\/strong> fait r\u00e9f\u00e9rence sur bien des sujets, \u00e0 commencer par des prestations routi\u00e8res de tr\u00e8s bon niveau. On vous donne notre <strong>avis<\/strong>.<\/p>\n\n\n\n<div class=\"wp-block-image\"><figure class=\"aligncenter size-full\"><img loading=\"lazy\" decoding=\"async\" width=\"530\" height=\"350\" src=\"http:\/\/www.carideal.com\/blog\/wp-content\/uploads\/2008\/07\/audia32carideal-1215445217.jpg\" alt=\"Avis Audi A3 phase II d'occasion\" class=\"wp-image-25357\" srcset=\"https:\/\/www.carideal.com\/blog\/wp-content\/uploads\/2008\/07\/audia32carideal-1215445217.jpg 530w, https:\/\/www.carideal.com\/blog\/wp-content\/uploads\/2008\/07\/audia32carideal-1215445217-300x198.jpg 300w, https:\/\/www.carideal.com\/blog\/wp-content\/uploads\/2008\/07\/audia32carideal-1215445217-50x33.jpg 50w, https:\/\/www.carideal.com\/blog\/wp-content\/uploads\/2008\/07\/audia32carideal-1215445217-110x73.jpg 110w, https:\/\/www.carideal.com\/blog\/wp-content\/uploads\/2008\/07\/audia32carideal-1215445217-420x277.jpg 420w\" sizes=\"(max-width: 530px) 100vw, 530px\" \/><figcaption>Avis Audi A3 phase II d'occasion<\/figcaption><\/figure><\/div>\n\n\n\n<p>L'Audi A3 adopte la m\u00eame plateforme que sa cousine, la <a href=\"http:\/\/www.carideal.com\/blog\/2008\/10\/24\/volkswagen-golf-v-d-occasion\/\">Golf V<\/a>. Son berceau avant en aluminium et son train arri\u00e8re lui conf\u00e8re un comportement rassurant. Le train avant encaisse bien les accoups des motorisations les plus puissantes et la fermet\u00e9 des suspensions assurent une tenue de route rigoureuse. <\/p>\n\n\n\n<ul class=\"wp-block-list\"><li><a href=\"http:\/\/www.carideal.com\/blog\/2018\/02\/03\/meilleures-berlines-hayon-2018\/\">Les meilleures berlines compactes<\/a><\/li><\/ul>\n\n\n\n<p>Revers de la m\u00e9daille, ce r\u00e9glage d\u00e9grade un tantinet le confort g\u00e9n\u00e9ral, travers accentu\u00e9 sur les versions dot\u00e9es du ch\u00e2ssis sport. Sa direction a assistance variable, tr\u00e8s douce en ville, se durcit d\u00e8s que le rythme s'acc\u00e9l\u00e8re et permet de placer la voiture l\u00e0 o\u00f9 on le souhaite. <\/p>\n\n\n\n<p>Le choix de moteurs est pl\u00e9thorique. Si les 1.6 de 105 ch, 1.6 FSI de 115 ch et 2.0 FSI de 150 ch sont \u00e0 oublier, ce n'est pas le cas pour les 2.0 TFSI de 200 ch et 3.2 v6 250 ch, l'un et l'autre disponibles avec la transmission int\u00e9grale Quattro. A contrario tous les diesels poss\u00e8dent un caract\u00e8re bien tremp\u00e9.<\/p>\n\n\n\n<figure class=\"wp-block-image size-full\"><img loading=\"lazy\" decoding=\"async\" width=\"479\" height=\"287\" src=\"http:\/\/www.carideal.com\/blog\/wp-content\/uploads\/2020\/05\/audia3tdi170slinecarideal-1215445239.jpg\" alt=\"Audi A3 TDI 170 S Line\" class=\"wp-image-25359\" srcset=\"https:\/\/www.carideal.com\/blog\/wp-content\/uploads\/2020\/05\/audia3tdi170slinecarideal-1215445239.jpg 479w, https:\/\/www.carideal.com\/blog\/wp-content\/uploads\/2020\/05\/audia3tdi170slinecarideal-1215445239-300x180.jpg 300w, https:\/\/www.carideal.com\/blog\/wp-content\/uploads\/2020\/05\/audia3tdi170slinecarideal-1215445239-50x30.jpg 50w, https:\/\/www.carideal.com\/blog\/wp-content\/uploads\/2020\/05\/audia3tdi170slinecarideal-1215445239-110x66.jpg 110w, https:\/\/www.carideal.com\/blog\/wp-content\/uploads\/2020\/05\/audia3tdi170slinecarideal-1215445239-420x252.jpg 420w\" sizes=\"(max-width: 479px) 100vw, 479px\" \/><figcaption>Audi A3 TDI 170 S Line<\/figcaption><\/figure>\n\n\n\n<p><a href=\"http:\/\/www.carideal.com\/blog\/marque-de-voiture-actualites-essais\/audi\/\">Audi<\/a> a soign\u00e9 le look de sa deuxi\u00e8me mouture. Sa ligne assez classique mais \u00e9l\u00e9gante a repris en juin 2005 le visage de sa s\u0153ur \u00e0 5 portes caract\u00e9ris\u00e9 par la calandre single frame. Lanc\u00e9 d'abord en 3 portes, cette compacte longue de 4.21m a accueilli une variante \u00e0 5 portes( septembre 2004) appel\u00e9e Sportback. <\/p>\n\n\n\n<p>En d\u00e9pit de 7 cm suppl\u00e9mentaires, l'habitabilit\u00e9 de cette derni\u00e8re est quasi identique \u00e0 celle de la 3 portes. Le volume de coffre ne gagne que 20 L et c'est \u00e0 peine si les places arri\u00e8res sont plus g\u00e9n\u00e9reuses. Autre source de m\u00e9contentement, la banquette arri\u00e8re n'est pas un mod\u00e8le du genre en termes de confort.<\/p>\n\n\n\n<p>La finition r\u00e9pond \u00e0 ce que l'on est en droit d'attendre d'une telle berline. Les bois et plastiques de la planche de bord sont de grande qualit\u00e9, l'assemblage est rigoureux. Un beau tableau si les coloris des ambiances n'\u00e9taient pas aussi sombres ; l'int\u00e9rieur manque de gaiet\u00e9 et la faible surface vitr\u00e9e r\u00e9duit sensiblement la luminosit\u00e9.<\/p>\n\n\n\n<p>Question fiabilit\u00e9, l'Audi A3 ignore les pannes graves. Heureusement car son <a href=\"http:\/\/www.carideal.com\/blog\/2014\/04\/04\/entretien-quel-est-le-cout-reel-de-votre-vehicule\/\">cout d'entretien<\/a> et de r\u00e9paration est tr\u00e8s \u00e9lev\u00e9. Les TDI sont plus fiables que les anciennes versions. Les probl\u00e8mes connus sont tr\u00e8s rares : casses moteurs sur le 3.2 V6, et casse turbo sur le 2.0 TDI. Enfin les soucis de pompes \u00e0 injection sur la version 105 ch ont fait l'objet de modifications.<\/p>\n\n\n\n<ul class=\"wp-block-list\"><li><a href=\"http:\/\/www.carideal.com\/blog\/2019\/12\/03\/voitures-doccasion-les-plus-fiables-2019\/\">Les voitures d'occasions les plus fiables<\/a><\/li><\/ul>\n\n\n\n<p>L'Audi A3 PHase II est sortie en juin 2003 et a \u00e9t\u00e9 restyl\u00e9 en juin 2005, et il y en a 61100 en circulation. Ses dimmensions : 4.21x1.76x1.42 avec un volume de r\u00e9servoir de 55 litres.<\/p>\n\n\n\n<p>Trouvez votre Audi A3 d'occasion avec Carideal Mandataire automobile \u00e0 Chamb\u00e9ry en Savoie.<\/p>\n","protected":false},"excerpt":{"rendered":"<p>Avis Audi a3 phase II d&rsquo;occasion La bourgeoise Audi A3 phase II d&rsquo;occasion fait r\u00e9f\u00e9rence sur bien des sujets, \u00e0 commencer par des prestations routi\u00e8res de tr\u00e8s bon niveau. On vous donne notre avis. L&rsquo;Audi A3 adopte la m\u00eame plateforme que sa cousine, la Golf V. Son berceau avant en aluminium et son train arri\u00e8re &#8230; <a title=\"Avis Audi A3 phase II d&rsquo;occasion\" class=\"read-more\" href=\"https:\/\/www.carideal.com\/blog\/2008\/07\/06\/audi-a3-phii-d-occasion\/\" aria-label=\"En savoir plus sur Avis Audi A3 phase II d&rsquo;occasion\">Lire plus<\/a><\/p>\n","protected":false},"author":3,"featured_media":25357,"comment_status":"open","ping_status":"open","sticky":false,"template":"","format":"standard","meta":{"_uag_custom_page_level_css":"","_themeisle_gutenberg_block_has_review":false,"footnotes":""},"categories":[6011,5947],"tags":[],"class_list":["post-4658","post","type-post","status-publish","format-standard","has-post-thumbnail","hentry","category-audi-essai","category-essai"],"wppr_data":{"cwp_meta_box_check":"No"},"yoast_head":"<!-- This site is optimized with the Yoast SEO plugin v24.8.1 - https:\/\/yoast.com\/wordpress\/plugins\/seo\/ -->\n<title>Avis Audi A3 phase II d&#039;occasion - Blog auto Carid\u00e9al<\/title>\n<meta name=\"robots\" content=\"index, follow, max-snippet:-1, max-image-preview:large, max-video-preview:-1\" \/>\n<link rel=\"canonical\" href=\"https:\/\/www.carideal.com\/blog\/2008\/07\/06\/audi-a3-phii-d-occasion\/\" \/>\n<meta property=\"og:locale\" content=\"fr_FR\" \/>\n<meta property=\"og:type\" content=\"article\" \/>\n<meta property=\"og:title\" content=\"Avis Audi A3 phase II d&#039;occasion - Blog auto Carid\u00e9al\" \/>\n<meta property=\"og:description\" content=\"Avis Audi a3 phase II d&#039;occasion La bourgeoise Audi A3 phase II d&#039;occasion fait r\u00e9f\u00e9rence sur bien des sujets, \u00e0 commencer par des prestations routi\u00e8res de tr\u00e8s bon niveau. On vous donne notre avis. L&#039;Audi A3 adopte la m\u00eame plateforme que sa cousine, la Golf V. Son berceau avant en aluminium et son train arri\u00e8re ... Lire plus\" \/>\n<meta property=\"og:url\" content=\"https:\/\/www.carideal.com\/blog\/2008\/07\/06\/audi-a3-phii-d-occasion\/\" \/>\n<meta property=\"og:site_name\" content=\"Blog auto Carid\u00e9al\" \/>\n<meta property=\"article:publisher\" content=\"https:\/\/www.facebook.com\/Carideal.mandataire.automobile\" \/>\n<meta property=\"article:author\" content=\"https:\/\/www.facebook.com\/nicolas.schiavon.39\" \/>\n<meta property=\"article:published_time\" content=\"2008-07-06T22:00:00+00:00\" \/>\n<meta property=\"article:modified_time\" content=\"2020-05-23T07:43:15+00:00\" \/>\n<meta property=\"og:image\" content=\"https:\/\/www.carideal.com\/blog\/wp-content\/uploads\/2008\/07\/audia32carideal-1215445217.jpg\" \/>\n\t<meta property=\"og:image:width\" content=\"530\" \/>\n\t<meta property=\"og:image:height\" content=\"350\" \/>\n\t<meta property=\"og:image:type\" content=\"image\/jpeg\" \/>\n<meta name=\"author\" content=\"Nicolas SCHIAVON\" \/>\n<meta name=\"twitter:card\" content=\"summary_large_image\" \/>\n<meta name=\"twitter:creator\" content=\"@caridealauto\" \/>\n<meta name=\"twitter:site\" content=\"@caridealauto\" \/>\n<meta name=\"twitter:label1\" content=\"\u00c9crit par\" \/>\n\t<meta name=\"twitter:data1\" content=\"Nicolas SCHIAVON\" \/>\n\t<meta name=\"twitter:label2\" content=\"Dur\u00e9e de lecture estim\u00e9e\" \/>\n\t<meta name=\"twitter:data2\" content=\"3 minutes\" \/>\n<script type=\"application\/ld+json\" class=\"yoast-schema-graph\">{\"@context\":\"https:\/\/schema.org\",\"@graph\":[{\"@type\":\"Article\",\"@id\":\"https:\/\/www.carideal.com\/blog\/2008\/07\/06\/audi-a3-phii-d-occasion\/#article\",\"isPartOf\":{\"@id\":\"https:\/\/www.carideal.com\/blog\/2008\/07\/06\/audi-a3-phii-d-occasion\/\"},\"author\":{\"name\":\"Nicolas SCHIAVON\",\"@id\":\"https:\/\/www.carideal.com\/blog\/#\/schema\/person\/cd95dc7919660de90d31b366f85be1ec\"},\"headline\":\"Avis Audi A3 phase II d&rsquo;occasion\",\"datePublished\":\"2008-07-06T22:00:00+00:00\",\"dateModified\":\"2020-05-23T07:43:15+00:00\",\"mainEntityOfPage\":{\"@id\":\"https:\/\/www.carideal.com\/blog\/2008\/07\/06\/audi-a3-phii-d-occasion\/\"},\"wordCount\":512,\"commentCount\":0,\"publisher\":{\"@id\":\"https:\/\/www.carideal.com\/blog\/#organization\"},\"image\":{\"@id\":\"https:\/\/www.carideal.com\/blog\/2008\/07\/06\/audi-a3-phii-d-occasion\/#primaryimage\"},\"thumbnailUrl\":\"https:\/\/www.carideal.com\/blog\/wp-content\/uploads\/2008\/07\/audia32carideal-1215445217.jpg\",\"articleSection\":[\"Essais Audi\",\"Essais automobile\"],\"inLanguage\":\"fr-FR\",\"potentialAction\":[{\"@type\":\"CommentAction\",\"name\":\"Comment\",\"target\":[\"https:\/\/www.carideal.com\/blog\/2008\/07\/06\/audi-a3-phii-d-occasion\/#respond\"]}]},{\"@type\":\"WebPage\",\"@id\":\"https:\/\/www.carideal.com\/blog\/2008\/07\/06\/audi-a3-phii-d-occasion\/\",\"url\":\"https:\/\/www.carideal.com\/blog\/2008\/07\/06\/audi-a3-phii-d-occasion\/\",\"name\":\"Avis Audi A3 phase II d'occasion - Blog auto Carid\u00e9al\",\"isPartOf\":{\"@id\":\"https:\/\/www.carideal.com\/blog\/#website\"},\"primaryImageOfPage\":{\"@id\":\"https:\/\/www.carideal.com\/blog\/2008\/07\/06\/audi-a3-phii-d-occasion\/#primaryimage\"},\"image\":{\"@id\":\"https:\/\/www.carideal.com\/blog\/2008\/07\/06\/audi-a3-phii-d-occasion\/#primaryimage\"},\"thumbnailUrl\":\"https:\/\/www.carideal.com\/blog\/wp-content\/uploads\/2008\/07\/audia32carideal-1215445217.jpg\",\"datePublished\":\"2008-07-06T22:00:00+00:00\",\"dateModified\":\"2020-05-23T07:43:15+00:00\",\"breadcrumb\":{\"@id\":\"https:\/\/www.carideal.com\/blog\/2008\/07\/06\/audi-a3-phii-d-occasion\/#breadcrumb\"},\"inLanguage\":\"fr-FR\",\"potentialAction\":[{\"@type\":\"ReadAction\",\"target\":[\"https:\/\/www.carideal.com\/blog\/2008\/07\/06\/audi-a3-phii-d-occasion\/\"]}]},{\"@type\":\"ImageObject\",\"inLanguage\":\"fr-FR\",\"@id\":\"https:\/\/www.carideal.com\/blog\/2008\/07\/06\/audi-a3-phii-d-occasion\/#primaryimage\",\"url\":\"https:\/\/www.carideal.com\/blog\/wp-content\/uploads\/2008\/07\/audia32carideal-1215445217.jpg\",\"contentUrl\":\"https:\/\/www.carideal.com\/blog\/wp-content\/uploads\/2008\/07\/audia32carideal-1215445217.jpg\",\"width\":530,\"height\":350,\"caption\":\"Avis Audi A3 phase II d'occasion\"},{\"@type\":\"BreadcrumbList\",\"@id\":\"https:\/\/www.carideal.com\/blog\/2008\/07\/06\/audi-a3-phii-d-occasion\/#breadcrumb\",\"itemListElement\":[{\"@type\":\"ListItem\",\"position\":1,\"name\":\"Blog Carid\u00e9al\",\"item\":\"https:\/\/www.carideal.com\/blog\/\"},{\"@type\":\"ListItem\",\"position\":2,\"name\":\"Essais automobile\",\"item\":\"https:\/\/www.carideal.com\/blog\/essai\/\"},{\"@type\":\"ListItem\",\"position\":3,\"name\":\"Essais Audi\",\"item\":\"https:\/\/www.carideal.com\/blog\/essai\/audi-essai\/\"},{\"@type\":\"ListItem\",\"position\":4,\"name\":\"Avis Audi A3 phase II d&rsquo;occasion\"}]},{\"@type\":\"WebSite\",\"@id\":\"https:\/\/www.carideal.com\/blog\/#website\",\"url\":\"https:\/\/www.carideal.com\/blog\/\",\"name\":\"Blog auto Carid\u00e9al\",\"description\":\"Actualit\u00e9 auto par des passionn\u00e9s\",\"publisher\":{\"@id\":\"https:\/\/www.carideal.com\/blog\/#organization\"},\"potentialAction\":[{\"@type\":\"SearchAction\",\"target\":{\"@type\":\"EntryPoint\",\"urlTemplate\":\"https:\/\/www.carideal.com\/blog\/?s={search_term_string}\"},\"query-input\":{\"@type\":\"PropertyValueSpecification\",\"valueRequired\":true,\"valueName\":\"search_term_string\"}}],\"inLanguage\":\"fr-FR\"},{\"@type\":\"Organization\",\"@id\":\"https:\/\/www.carideal.com\/blog\/#organization\",\"name\":\"Carideal\",\"url\":\"https:\/\/www.carideal.com\/blog\/\",\"logo\":{\"@type\":\"ImageObject\",\"inLanguage\":\"fr-FR\",\"@id\":\"https:\/\/www.carideal.com\/blog\/#\/schema\/logo\/image\/\",\"url\":\"http:\/\/www.carideal.com\/blog\/wp-content\/uploads\/2016\/03\/logo-carideal-mandataire-automobile.png\",\"contentUrl\":\"http:\/\/www.carideal.com\/blog\/wp-content\/uploads\/2016\/03\/logo-carideal-mandataire-automobile.png\",\"width\":300,\"height\":300,\"caption\":\"Carideal\"},\"image\":{\"@id\":\"https:\/\/www.carideal.com\/blog\/#\/schema\/logo\/image\/\"},\"sameAs\":[\"https:\/\/www.facebook.com\/Carideal.mandataire.automobile\",\"https:\/\/x.com\/caridealauto\",\"https:\/\/www.instagram.com\/carideal1\/\",\"https:\/\/www.linkedin.com\/company\/carideal.com\",\"https:\/\/fr.pinterest.com\/schiavonsas\/\",\"https:\/\/www.youtube.com\/user\/caridealsas\"]},{\"@type\":\"Person\",\"@id\":\"https:\/\/www.carideal.com\/blog\/#\/schema\/person\/cd95dc7919660de90d31b366f85be1ec\",\"name\":\"Nicolas SCHIAVON\",\"image\":{\"@type\":\"ImageObject\",\"inLanguage\":\"fr-FR\",\"@id\":\"https:\/\/www.carideal.com\/blog\/#\/schema\/person\/image\/\",\"url\":\"https:\/\/secure.gravatar.com\/avatar\/c17e55009e671d92cc7f5dc837dc418a?s=96&r=g\",\"contentUrl\":\"https:\/\/secure.gravatar.com\/avatar\/c17e55009e671d92cc7f5dc837dc418a?s=96&r=g\",\"caption\":\"Nicolas SCHIAVON\"},\"description\":\"Nicolas Schiavon est tomb\u00e9 tout petit dans la marmite automobile. Ayant eu un garage de marque automobile, mandataire automobile de la premi\u00e8re heure d\u00e8s 1999. Nicolas a cr\u00e9\u00e9 ces premiers sites de vente de voiture et blog automobile d\u00e8s 1994. Carideal est n\u00e9 le 15 d\u00e9cembre 2000 de la volont\u00e9 de vendre des voitures d'occasions en ligne puis des voitures neuves. Il a pu essayer beaucoup de voitures tr\u00e8s diff\u00e9rentes et ayant eu personnellement quelques belles autos, Subaru Impreza, Mitsubishi Lancer Evo 7, Porsche 911, Ferrari Testarrossa, Audi RS3, RS4 et j'en passe...\",\"sameAs\":[\"http:\/\/www.carideal.com\",\"https:\/\/www.facebook.com\/nicolas.schiavon.39\",\"https:\/\/www.instagram.com\/carideal1\/\",\"https:\/\/www.linkedin.com\/in\/nschiavon\/\",\"https:\/\/x.com\/caridealauto\",\"https:\/\/www.youtube.com\/user\/caridealsas\/\"],\"url\":\"https:\/\/www.carideal.com\/blog\/author\/nschiavon\/\"}]}<\/script>\n<!-- \/ Yoast SEO plugin. -->","yoast_head_json":{"title":"Avis Audi A3 phase II d'occasion - Blog auto Carid\u00e9al","robots":{"index":"index","follow":"follow","max-snippet":"max-snippet:-1","max-image-preview":"max-image-preview:large","max-video-preview":"max-video-preview:-1"},"canonical":"https:\/\/www.carideal.com\/blog\/2008\/07\/06\/audi-a3-phii-d-occasion\/","og_locale":"fr_FR","og_type":"article","og_title":"Avis Audi A3 phase II d'occasion - Blog auto Carid\u00e9al","og_description":"Avis Audi a3 phase II d'occasion La bourgeoise Audi A3 phase II d'occasion fait r\u00e9f\u00e9rence sur bien des sujets, \u00e0 commencer par des prestations routi\u00e8res de tr\u00e8s bon niveau. On vous donne notre avis. L'Audi A3 adopte la m\u00eame plateforme que sa cousine, la Golf V. Son berceau avant en aluminium et son train arri\u00e8re ... Lire plus","og_url":"https:\/\/www.carideal.com\/blog\/2008\/07\/06\/audi-a3-phii-d-occasion\/","og_site_name":"Blog auto Carid\u00e9al","article_publisher":"https:\/\/www.facebook.com\/Carideal.mandataire.automobile","article_author":"https:\/\/www.facebook.com\/nicolas.schiavon.39","article_published_time":"2008-07-06T22:00:00+00:00","article_modified_time":"2020-05-23T07:43:15+00:00","og_image":[{"width":530,"height":350,"url":"https:\/\/www.carideal.com\/blog\/wp-content\/uploads\/2008\/07\/audia32carideal-1215445217.jpg","type":"image\/jpeg"}],"author":"Nicolas SCHIAVON","twitter_card":"summary_large_image","twitter_creator":"@caridealauto","twitter_site":"@caridealauto","twitter_misc":{"\u00c9crit par":"Nicolas SCHIAVON","Dur\u00e9e de lecture estim\u00e9e":"3 minutes"},"schema":{"@context":"https:\/\/schema.org","@graph":[{"@type":"Article","@id":"https:\/\/www.carideal.com\/blog\/2008\/07\/06\/audi-a3-phii-d-occasion\/#article","isPartOf":{"@id":"https:\/\/www.carideal.com\/blog\/2008\/07\/06\/audi-a3-phii-d-occasion\/"},"author":{"name":"Nicolas SCHIAVON","@id":"https:\/\/www.carideal.com\/blog\/#\/schema\/person\/cd95dc7919660de90d31b366f85be1ec"},"headline":"Avis Audi A3 phase II d&rsquo;occasion","datePublished":"2008-07-06T22:00:00+00:00","dateModified":"2020-05-23T07:43:15+00:00","mainEntityOfPage":{"@id":"https:\/\/www.carideal.com\/blog\/2008\/07\/06\/audi-a3-phii-d-occasion\/"},"wordCount":512,"commentCount":0,"publisher":{"@id":"https:\/\/www.carideal.com\/blog\/#organization"},"image":{"@id":"https:\/\/www.carideal.com\/blog\/2008\/07\/06\/audi-a3-phii-d-occasion\/#primaryimage"},"thumbnailUrl":"https:\/\/www.carideal.com\/blog\/wp-content\/uploads\/2008\/07\/audia32carideal-1215445217.jpg","articleSection":["Essais Audi","Essais automobile"],"inLanguage":"fr-FR","potentialAction":[{"@type":"CommentAction","name":"Comment","target":["https:\/\/www.carideal.com\/blog\/2008\/07\/06\/audi-a3-phii-d-occasion\/#respond"]}]},{"@type":"WebPage","@id":"https:\/\/www.carideal.com\/blog\/2008\/07\/06\/audi-a3-phii-d-occasion\/","url":"https:\/\/www.carideal.com\/blog\/2008\/07\/06\/audi-a3-phii-d-occasion\/","name":"Avis Audi A3 phase II d'occasion - Blog auto Carid\u00e9al","isPartOf":{"@id":"https:\/\/www.carideal.com\/blog\/#website"},"primaryImageOfPage":{"@id":"https:\/\/www.carideal.com\/blog\/2008\/07\/06\/audi-a3-phii-d-occasion\/#primaryimage"},"image":{"@id":"https:\/\/www.carideal.com\/blog\/2008\/07\/06\/audi-a3-phii-d-occasion\/#primaryimage"},"thumbnailUrl":"https:\/\/www.carideal.com\/blog\/wp-content\/uploads\/2008\/07\/audia32carideal-1215445217.jpg","datePublished":"2008-07-06T22:00:00+00:00","dateModified":"2020-05-23T07:43:15+00:00","breadcrumb":{"@id":"https:\/\/www.carideal.com\/blog\/2008\/07\/06\/audi-a3-phii-d-occasion\/#breadcrumb"},"inLanguage":"fr-FR","potentialAction":[{"@type":"ReadAction","target":["https:\/\/www.carideal.com\/blog\/2008\/07\/06\/audi-a3-phii-d-occasion\/"]}]},{"@type":"ImageObject","inLanguage":"fr-FR","@id":"https:\/\/www.carideal.com\/blog\/2008\/07\/06\/audi-a3-phii-d-occasion\/#primaryimage","url":"https:\/\/www.carideal.com\/blog\/wp-content\/uploads\/2008\/07\/audia32carideal-1215445217.jpg","contentUrl":"https:\/\/www.carideal.com\/blog\/wp-content\/uploads\/2008\/07\/audia32carideal-1215445217.jpg","width":530,"height":350,"caption":"Avis Audi A3 phase II d'occasion"},{"@type":"BreadcrumbList","@id":"https:\/\/www.carideal.com\/blog\/2008\/07\/06\/audi-a3-phii-d-occasion\/#breadcrumb","itemListElement":[{"@type":"ListItem","position":1,"name":"Blog Carid\u00e9al","item":"https:\/\/www.carideal.com\/blog\/"},{"@type":"ListItem","position":2,"name":"Essais automobile","item":"https:\/\/www.carideal.com\/blog\/essai\/"},{"@type":"ListItem","position":3,"name":"Essais Audi","item":"https:\/\/www.carideal.com\/blog\/essai\/audi-essai\/"},{"@type":"ListItem","position":4,"name":"Avis Audi A3 phase II d&rsquo;occasion"}]},{"@type":"WebSite","@id":"https:\/\/www.carideal.com\/blog\/#website","url":"https:\/\/www.carideal.com\/blog\/","name":"Blog auto Carid\u00e9al","description":"Actualit\u00e9 auto par des passionn\u00e9s","publisher":{"@id":"https:\/\/www.carideal.com\/blog\/#organization"},"potentialAction":[{"@type":"SearchAction","target":{"@type":"EntryPoint","urlTemplate":"https:\/\/www.carideal.com\/blog\/?s={search_term_string}"},"query-input":{"@type":"PropertyValueSpecification","valueRequired":true,"valueName":"search_term_string"}}],"inLanguage":"fr-FR"},{"@type":"Organization","@id":"https:\/\/www.carideal.com\/blog\/#organization","name":"Carideal","url":"https:\/\/www.carideal.com\/blog\/","logo":{"@type":"ImageObject","inLanguage":"fr-FR","@id":"https:\/\/www.carideal.com\/blog\/#\/schema\/logo\/image\/","url":"http:\/\/www.carideal.com\/blog\/wp-content\/uploads\/2016\/03\/logo-carideal-mandataire-automobile.png","contentUrl":"http:\/\/www.carideal.com\/blog\/wp-content\/uploads\/2016\/03\/logo-carideal-mandataire-automobile.png","width":300,"height":300,"caption":"Carideal"},"image":{"@id":"https:\/\/www.carideal.com\/blog\/#\/schema\/logo\/image\/"},"sameAs":["https:\/\/www.facebook.com\/Carideal.mandataire.automobile","https:\/\/x.com\/caridealauto","https:\/\/www.instagram.com\/carideal1\/","https:\/\/www.linkedin.com\/company\/carideal.com","https:\/\/fr.pinterest.com\/schiavonsas\/","https:\/\/www.youtube.com\/user\/caridealsas"]},{"@type":"Person","@id":"https:\/\/www.carideal.com\/blog\/#\/schema\/person\/cd95dc7919660de90d31b366f85be1ec","name":"Nicolas SCHIAVON","image":{"@type":"ImageObject","inLanguage":"fr-FR","@id":"https:\/\/www.carideal.com\/blog\/#\/schema\/person\/image\/","url":"https:\/\/secure.gravatar.com\/avatar\/c17e55009e671d92cc7f5dc837dc418a?s=96&r=g","contentUrl":"https:\/\/secure.gravatar.com\/avatar\/c17e55009e671d92cc7f5dc837dc418a?s=96&r=g","caption":"Nicolas SCHIAVON"},"description":"Nicolas Schiavon est tomb\u00e9 tout petit dans la marmite automobile. Ayant eu un garage de marque automobile, mandataire automobile de la premi\u00e8re heure d\u00e8s 1999. Nicolas a cr\u00e9\u00e9 ces premiers sites de vente de voiture et blog automobile d\u00e8s 1994. Carideal est n\u00e9 le 15 d\u00e9cembre 2000 de la volont\u00e9 de vendre des voitures d'occasions en ligne puis des voitures neuves. Il a pu essayer beaucoup de voitures tr\u00e8s diff\u00e9rentes et ayant eu personnellement quelques belles autos, Subaru Impreza, Mitsubishi Lancer Evo 7, Porsche 911, Ferrari Testarrossa, Audi RS3, RS4 et j'en passe...","sameAs":["http:\/\/www.carideal.com","https:\/\/www.facebook.com\/nicolas.schiavon.39","https:\/\/www.instagram.com\/carideal1\/","https:\/\/www.linkedin.com\/in\/nschiavon\/","https:\/\/x.com\/caridealauto","https:\/\/www.youtube.com\/user\/caridealsas\/"],"url":"https:\/\/www.carideal.com\/blog\/author\/nschiavon\/"}]}},"uagb_featured_image_src":{"full":["https:\/\/www.carideal.com\/blog\/wp-content\/uploads\/2008\/07\/audia32carideal-1215445217.jpg",530,350,false],"thumbnail":["https:\/\/www.carideal.com\/blog\/wp-content\/uploads\/2008\/07\/audia32carideal-1215445217-150x150.jpg",150,150,true],"medium":["https:\/\/www.carideal.com\/blog\/wp-content\/uploads\/2008\/07\/audia32carideal-1215445217-300x198.jpg",300,198,true],"medium_large":["https:\/\/www.carideal.com\/blog\/wp-content\/uploads\/2008\/07\/audia32carideal-1215445217.jpg",530,350,false],"large":["https:\/\/www.carideal.com\/blog\/wp-content\/uploads\/2008\/07\/audia32carideal-1215445217.jpg",530,350,false],"1536x1536":["https:\/\/www.carideal.com\/blog\/wp-content\/uploads\/2008\/07\/audia32carideal-1215445217.jpg",530,350,false],"2048x2048":["https:\/\/www.carideal.com\/blog\/wp-content\/uploads\/2008\/07\/audia32carideal-1215445217.jpg",530,350,false],"wppr-widget":["https:\/\/www.carideal.com\/blog\/wp-content\/uploads\/2008\/07\/audia32carideal-1215445217-50x33.jpg",50,33,true]},"uagb_author_info":{"display_name":"Nicolas SCHIAVON","author_link":"https:\/\/www.carideal.com\/blog\/author\/nschiavon\/"},"uagb_comment_info":1,"uagb_excerpt":"Avis Audi a3 phase II d'occasion La bourgeoise Audi A3 phase II d'occasion fait r\u00e9f\u00e9rence sur bien des sujets, \u00e0 commencer par des prestations routi\u00e8res de tr\u00e8s bon niveau. On vous donne notre avis. L'Audi A3 adopte la m\u00eame plateforme que sa cousine, la Golf V. Son berceau avant en aluminium et son train arri\u00e8re\u2026","_links":{"self":[{"href":"https:\/\/www.carideal.com\/blog\/wp-json\/wp\/v2\/posts\/4658"}],"collection":[{"href":"https:\/\/www.carideal.com\/blog\/wp-json\/wp\/v2\/posts"}],"about":[{"href":"https:\/\/www.carideal.com\/blog\/wp-json\/wp\/v2\/types\/post"}],"author":[{"embeddable":true,"href":"https:\/\/www.carideal.com\/blog\/wp-json\/wp\/v2\/users\/3"}],"replies":[{"embeddable":true,"href":"https:\/\/www.carideal.com\/blog\/wp-json\/wp\/v2\/comments?post=4658"}],"version-history":[{"count":0,"href":"https:\/\/www.carideal.com\/blog\/wp-json\/wp\/v2\/posts\/4658\/revisions"}],"wp:featuredmedia":[{"embeddable":true,"href":"https:\/\/www.carideal.com\/blog\/wp-json\/wp\/v2\/media\/25357"}],"wp:attachment":[{"href":"https:\/\/www.carideal.com\/blog\/wp-json\/wp\/v2\/media?parent=4658"}],"wp:term":[{"taxonomy":"category","embeddable":true,"href":"https:\/\/www.carideal.com\/blog\/wp-json\/wp\/v2\/categories?post=4658"},{"taxonomy":"post_tag","embeddable":true,"href":"https:\/\/www.carideal.com\/blog\/wp-json\/wp\/v2\/tags?post=4658"}],"curies":[{"name":"wp","href":"https:\/\/api.w.org\/{rel}","templated":true}]}}