{"id":4657,"date":"2008-07-01T22:00:00","date_gmt":"2008-07-01T22:00:00","guid":{"rendered":"http:\/\/www.carideal.com\/blog\/2008\/07\/01\/audi-a3-ph1-d-occasion\/"},"modified":"2020-03-07T22:41:52","modified_gmt":"2020-03-07T21:41:52","slug":"audi-a3-ph1-d-occasion","status":"publish","type":"post","link":"https:\/\/www.carideal.com\/blog\/2008\/07\/01\/audi-a3-ph1-d-occasion\/","title":{"rendered":"Audi A3 phase 1 d&rsquo;occasion"},"content":{"rendered":"<div><img decoding=\"async\" src=\"http:\/\/www.carideal.com\/images_actualite\/audia3ph1carideal-1214982262.jpg\" alt=\"\" \/>Audi A3 ph1 d'occasion<\/p>\n<\/div>\n<div><img decoding=\"async\" src=\"http:\/\/www.carideal.com\/images_actualite\/audia3ph1arcarideal-1214982279.jpg\" alt=\"\" \/>Audi A3 d'occasion reine de l'occasion<\/p>\n<\/div>\n<p>L'Audi A3, bas\u00e9e sur la plate-forme de la Volkswagen Golf 4 souffre des m\u00eames maux : un amortissement l\u00e2che et des suspensions \"d\u00e9saccord\u00e9es\", qui d\u00e9gradent autant l'efficacit\u00e9 sur mauvaise route que le confort. C'est dommage car la petite Audi profite de moteurs g\u00e9n\u00e9reux. Si l'on excepte les sages 1.6 et 1.8 \u00e0 essence, tous sont tr\u00e8s plaisants \u00e0 conduire. Le 1.8 Turbo de 150, 180, 210 ou 225 ch sur la sportive s3 sont vigoureux et extraordinaires. Les diesels TDI ne brillent pas par leur insonorisation, mais par un fabuleux Punch tout en \u00e9tant\u00a0tr\u00e8s sobres.\u00a0 Dans ses versions \u00e0 transmission int\u00e9grale Quattro, L'audi A3 b\u00e9n\u00e9ficie d'une motricit\u00e9 am\u00e9lior\u00e9e, bienvenue en p\u00e9riode hivernale.<\/p>\n<p>La pr\u00e9sentation est raffin\u00e9e, la position de conduite est imp\u00e9ccable, l'equipement est complet, \u00e0 l'exception de la finition de base Attraction qui n'a pas la climatisation de s\u00e9rie. L'audi A3 revendique son positionnement au sommet du march\u00e9 des compactes. Le restylage de Septembre 2000 a m\u00eame permis de de peufiner encore la pr\u00e9sentation, en offrant des placage bois sur les versions haut de gamme. Un tableau flatteur, cependant terni par une habitabilit\u00e9 m\u00e9diocre aux places arri\u00e8res. L'espace aux jambes n'est gu\u00e8re avantageux, pas plus que la largeur aux coudes. La carrosserie 5 Portes, sportback, apparue tardivement (F\u00e9vrier 1999), am\u00e9liore de mani\u00e8re significative l'accessibilit\u00e9 arri\u00e8re. La peinture est du plus bel effet, planchede bord et mat\u00e9riaux soign\u00e9s, assemblage rigoureux et selleries de qualit\u00e9 donnent au propri\u00e9taire d'une Audi A3 l'impression d'en avoir pour son argent. pourtant derri\u00e8re ce tableau flatteur, se cachent de nombreux soucis m\u00e9caniques, qui concernent principalement les moteurs TDI, dont le d\u00e9bitm\u00e8tres sont le tendon d'achille. Le TDI 110 ont ainsi rencontr\u00e9s des probl\u00e8mes de ralenti et de catalyseur. On rel\u00e8re aussi sur le TDI 130, un encrassement pr\u00e9coce du turbo \u00e0 g\u00e9om\u00e9trie variable. Quelques mod\u00e8les ont en outre r\u00e9v\u00e9l\u00e9 quelques faiblesses au niveau des soupapes. En essence, les bobines sont fragiles et la courroie de distribution peut casser (prise en charge totale ou partielle apr\u00e8s la garantie, dans la limite de quatre ans et 180000 km). Le moteur 1.6 a r\u00e9v\u00e9l\u00e9 des probl\u00e8mes d'\u00e0-coups, jamais vraiement r\u00e9solus. enfin le 1.8T 150 h de 1997 \u00e0 2001 est victime de pannes de turbo d\u00e8s 100000 km. L'audi A3 PH I a \u00e9t\u00e9 fabriqu\u00e9e entre 1996 et 2003 et a eu un restylage en septembre 2000. Il y a 84500 voitures en circulation. Ses dimmensions : 4.15 x 1.73 x 1.42 la capacit\u00e9 de son r\u00e9servoir est de 55 litres.<\/p>\n<p>Achetez votre Audi A3 d'occasion \u00e0 Chamb\u00e9ry avec Carideal Mandataire automobile.<\/p>\n","protected":false},"excerpt":{"rendered":"<p>Audi A3 ph1 d&rsquo;occasion Audi A3 d&rsquo;occasion reine de l&rsquo;occasion L&rsquo;Audi A3, bas\u00e9e sur la plate-forme de la Volkswagen Golf 4 souffre des m\u00eames maux : un amortissement l\u00e2che et des suspensions \u00ab\u00a0d\u00e9saccord\u00e9es\u00a0\u00bb, qui d\u00e9gradent autant l&rsquo;efficacit\u00e9 sur mauvaise route que le confort. C&rsquo;est dommage car la petite Audi profite de moteurs g\u00e9n\u00e9reux. Si l&rsquo;on &#8230; <a title=\"Audi A3 phase 1 d&rsquo;occasion\" class=\"read-more\" href=\"https:\/\/www.carideal.com\/blog\/2008\/07\/01\/audi-a3-ph1-d-occasion\/\" aria-label=\"En savoir plus sur Audi A3 phase 1 d&rsquo;occasion\">Lire plus<\/a><\/p>\n","protected":false},"author":3,"featured_media":0,"comment_status":"open","ping_status":"open","sticky":false,"template":"","format":"standard","meta":{"_uag_custom_page_level_css":"","_themeisle_gutenberg_block_has_review":false,"footnotes":""},"categories":[21],"tags":[407],"class_list":["post-4657","post","type-post","status-publish","format-standard","hentry","category-actualites-auto","tag-tdi"],"wppr_data":[],"yoast_head":"<!-- This site is optimized with the Yoast SEO plugin v24.8.1 - https:\/\/yoast.com\/wordpress\/plugins\/seo\/ -->\n<title>Audi A3 phase 1 d&#039;occasion - Blog auto Carid\u00e9al<\/title>\n<meta name=\"robots\" content=\"index, follow, max-snippet:-1, max-image-preview:large, max-video-preview:-1\" \/>\n<link rel=\"canonical\" href=\"https:\/\/www.carideal.com\/blog\/2008\/07\/01\/audi-a3-ph1-d-occasion\/\" \/>\n<meta property=\"og:locale\" content=\"fr_FR\" \/>\n<meta property=\"og:type\" content=\"article\" \/>\n<meta property=\"og:title\" content=\"Audi A3 phase 1 d&#039;occasion - Blog auto Carid\u00e9al\" \/>\n<meta property=\"og:description\" content=\"Audi A3 ph1 d&#039;occasion Audi A3 d&#039;occasion reine de l&#039;occasion L&#039;Audi A3, bas\u00e9e sur la plate-forme de la Volkswagen Golf 4 souffre des m\u00eames maux : un amortissement l\u00e2che et des suspensions &quot;d\u00e9saccord\u00e9es&quot;, qui d\u00e9gradent autant l&#039;efficacit\u00e9 sur mauvaise route que le confort. C&#039;est dommage car la petite Audi profite de moteurs g\u00e9n\u00e9reux. Si l&#039;on ... Lire plus\" \/>\n<meta property=\"og:url\" content=\"https:\/\/www.carideal.com\/blog\/2008\/07\/01\/audi-a3-ph1-d-occasion\/\" \/>\n<meta property=\"og:site_name\" content=\"Blog auto Carid\u00e9al\" \/>\n<meta property=\"article:publisher\" content=\"https:\/\/www.facebook.com\/Carideal.mandataire.automobile\" \/>\n<meta property=\"article:author\" content=\"https:\/\/www.facebook.com\/nicolas.schiavon.39\" \/>\n<meta property=\"article:published_time\" content=\"2008-07-01T22:00:00+00:00\" \/>\n<meta property=\"article:modified_time\" content=\"2020-03-07T21:41:52+00:00\" \/>\n<meta property=\"og:image\" content=\"http:\/\/www.carideal.com\/images_actualite\/audia3ph1carideal-1214982262.jpg\" \/>\n<meta name=\"author\" content=\"Nicolas SCHIAVON\" \/>\n<meta name=\"twitter:card\" content=\"summary_large_image\" \/>\n<meta name=\"twitter:creator\" content=\"@caridealauto\" \/>\n<meta name=\"twitter:site\" content=\"@caridealauto\" \/>\n<meta name=\"twitter:label1\" content=\"\u00c9crit par\" \/>\n\t<meta name=\"twitter:data1\" content=\"Nicolas SCHIAVON\" \/>\n\t<meta name=\"twitter:label2\" content=\"Dur\u00e9e de lecture estim\u00e9e\" \/>\n\t<meta name=\"twitter:data2\" content=\"2 minutes\" \/>\n<script type=\"application\/ld+json\" class=\"yoast-schema-graph\">{\"@context\":\"https:\/\/schema.org\",\"@graph\":[{\"@type\":\"Article\",\"@id\":\"https:\/\/www.carideal.com\/blog\/2008\/07\/01\/audi-a3-ph1-d-occasion\/#article\",\"isPartOf\":{\"@id\":\"https:\/\/www.carideal.com\/blog\/2008\/07\/01\/audi-a3-ph1-d-occasion\/\"},\"author\":{\"name\":\"Nicolas SCHIAVON\",\"@id\":\"https:\/\/www.carideal.com\/blog\/#\/schema\/person\/cd95dc7919660de90d31b366f85be1ec\"},\"headline\":\"Audi A3 phase 1 d&rsquo;occasion\",\"datePublished\":\"2008-07-01T22:00:00+00:00\",\"dateModified\":\"2020-03-07T21:41:52+00:00\",\"mainEntityOfPage\":{\"@id\":\"https:\/\/www.carideal.com\/blog\/2008\/07\/01\/audi-a3-ph1-d-occasion\/\"},\"wordCount\":458,\"commentCount\":0,\"publisher\":{\"@id\":\"https:\/\/www.carideal.com\/blog\/#organization\"},\"image\":{\"@id\":\"https:\/\/www.carideal.com\/blog\/2008\/07\/01\/audi-a3-ph1-d-occasion\/#primaryimage\"},\"thumbnailUrl\":\"http:\/\/www.carideal.com\/images_actualite\/audia3ph1carideal-1214982262.jpg\",\"keywords\":[\"TDI\"],\"articleSection\":[\"Actualit\u00e9 automobile\"],\"inLanguage\":\"fr-FR\",\"potentialAction\":[{\"@type\":\"CommentAction\",\"name\":\"Comment\",\"target\":[\"https:\/\/www.carideal.com\/blog\/2008\/07\/01\/audi-a3-ph1-d-occasion\/#respond\"]}]},{\"@type\":\"WebPage\",\"@id\":\"https:\/\/www.carideal.com\/blog\/2008\/07\/01\/audi-a3-ph1-d-occasion\/\",\"url\":\"https:\/\/www.carideal.com\/blog\/2008\/07\/01\/audi-a3-ph1-d-occasion\/\",\"name\":\"Audi A3 phase 1 d'occasion - Blog auto Carid\u00e9al\",\"isPartOf\":{\"@id\":\"https:\/\/www.carideal.com\/blog\/#website\"},\"primaryImageOfPage\":{\"@id\":\"https:\/\/www.carideal.com\/blog\/2008\/07\/01\/audi-a3-ph1-d-occasion\/#primaryimage\"},\"image\":{\"@id\":\"https:\/\/www.carideal.com\/blog\/2008\/07\/01\/audi-a3-ph1-d-occasion\/#primaryimage\"},\"thumbnailUrl\":\"http:\/\/www.carideal.com\/images_actualite\/audia3ph1carideal-1214982262.jpg\",\"datePublished\":\"2008-07-01T22:00:00+00:00\",\"dateModified\":\"2020-03-07T21:41:52+00:00\",\"breadcrumb\":{\"@id\":\"https:\/\/www.carideal.com\/blog\/2008\/07\/01\/audi-a3-ph1-d-occasion\/#breadcrumb\"},\"inLanguage\":\"fr-FR\",\"potentialAction\":[{\"@type\":\"ReadAction\",\"target\":[\"https:\/\/www.carideal.com\/blog\/2008\/07\/01\/audi-a3-ph1-d-occasion\/\"]}]},{\"@type\":\"ImageObject\",\"inLanguage\":\"fr-FR\",\"@id\":\"https:\/\/www.carideal.com\/blog\/2008\/07\/01\/audi-a3-ph1-d-occasion\/#primaryimage\",\"url\":\"http:\/\/www.carideal.com\/images_actualite\/audia3ph1carideal-1214982262.jpg\",\"contentUrl\":\"http:\/\/www.carideal.com\/images_actualite\/audia3ph1carideal-1214982262.jpg\"},{\"@type\":\"BreadcrumbList\",\"@id\":\"https:\/\/www.carideal.com\/blog\/2008\/07\/01\/audi-a3-ph1-d-occasion\/#breadcrumb\",\"itemListElement\":[{\"@type\":\"ListItem\",\"position\":1,\"name\":\"Blog Carid\u00e9al\",\"item\":\"https:\/\/www.carideal.com\/blog\/\"},{\"@type\":\"ListItem\",\"position\":2,\"name\":\"Actualit\u00e9 automobile\",\"item\":\"https:\/\/www.carideal.com\/blog\/actualites-auto\/\"},{\"@type\":\"ListItem\",\"position\":3,\"name\":\"Audi A3 phase 1 d&rsquo;occasion\"}]},{\"@type\":\"WebSite\",\"@id\":\"https:\/\/www.carideal.com\/blog\/#website\",\"url\":\"https:\/\/www.carideal.com\/blog\/\",\"name\":\"Blog auto Carid\u00e9al\",\"description\":\"Actualit\u00e9 auto par des passionn\u00e9s\",\"publisher\":{\"@id\":\"https:\/\/www.carideal.com\/blog\/#organization\"},\"potentialAction\":[{\"@type\":\"SearchAction\",\"target\":{\"@type\":\"EntryPoint\",\"urlTemplate\":\"https:\/\/www.carideal.com\/blog\/?s={search_term_string}\"},\"query-input\":{\"@type\":\"PropertyValueSpecification\",\"valueRequired\":true,\"valueName\":\"search_term_string\"}}],\"inLanguage\":\"fr-FR\"},{\"@type\":\"Organization\",\"@id\":\"https:\/\/www.carideal.com\/blog\/#organization\",\"name\":\"Carideal\",\"url\":\"https:\/\/www.carideal.com\/blog\/\",\"logo\":{\"@type\":\"ImageObject\",\"inLanguage\":\"fr-FR\",\"@id\":\"https:\/\/www.carideal.com\/blog\/#\/schema\/logo\/image\/\",\"url\":\"http:\/\/www.carideal.com\/blog\/wp-content\/uploads\/2016\/03\/logo-carideal-mandataire-automobile.png\",\"contentUrl\":\"http:\/\/www.carideal.com\/blog\/wp-content\/uploads\/2016\/03\/logo-carideal-mandataire-automobile.png\",\"width\":300,\"height\":300,\"caption\":\"Carideal\"},\"image\":{\"@id\":\"https:\/\/www.carideal.com\/blog\/#\/schema\/logo\/image\/\"},\"sameAs\":[\"https:\/\/www.facebook.com\/Carideal.mandataire.automobile\",\"https:\/\/x.com\/caridealauto\",\"https:\/\/www.instagram.com\/carideal1\/\",\"https:\/\/www.linkedin.com\/company\/carideal.com\",\"https:\/\/fr.pinterest.com\/schiavonsas\/\",\"https:\/\/www.youtube.com\/user\/caridealsas\"]},{\"@type\":\"Person\",\"@id\":\"https:\/\/www.carideal.com\/blog\/#\/schema\/person\/cd95dc7919660de90d31b366f85be1ec\",\"name\":\"Nicolas SCHIAVON\",\"image\":{\"@type\":\"ImageObject\",\"inLanguage\":\"fr-FR\",\"@id\":\"https:\/\/www.carideal.com\/blog\/#\/schema\/person\/image\/\",\"url\":\"https:\/\/secure.gravatar.com\/avatar\/c17e55009e671d92cc7f5dc837dc418a?s=96&r=g\",\"contentUrl\":\"https:\/\/secure.gravatar.com\/avatar\/c17e55009e671d92cc7f5dc837dc418a?s=96&r=g\",\"caption\":\"Nicolas SCHIAVON\"},\"description\":\"Nicolas Schiavon est tomb\u00e9 tout petit dans la marmite automobile. Ayant eu un garage de marque automobile, mandataire automobile de la premi\u00e8re heure d\u00e8s 1999. Nicolas a cr\u00e9\u00e9 ces premiers sites de vente de voiture et blog automobile d\u00e8s 1994. Carideal est n\u00e9 le 15 d\u00e9cembre 2000 de la volont\u00e9 de vendre des voitures d'occasions en ligne puis des voitures neuves. Il a pu essayer beaucoup de voitures tr\u00e8s diff\u00e9rentes et ayant eu personnellement quelques belles autos, Subaru Impreza, Mitsubishi Lancer Evo 7, Porsche 911, Ferrari Testarrossa, Audi RS3, RS4 et j'en passe...\",\"sameAs\":[\"http:\/\/www.carideal.com\",\"https:\/\/www.facebook.com\/nicolas.schiavon.39\",\"https:\/\/www.instagram.com\/carideal1\/\",\"https:\/\/www.linkedin.com\/in\/nschiavon\/\",\"https:\/\/x.com\/caridealauto\",\"https:\/\/www.youtube.com\/user\/caridealsas\/\"],\"url\":\"https:\/\/www.carideal.com\/blog\/author\/nschiavon\/\"}]}<\/script>\n<!-- \/ Yoast SEO plugin. -->","yoast_head_json":{"title":"Audi A3 phase 1 d'occasion - Blog auto Carid\u00e9al","robots":{"index":"index","follow":"follow","max-snippet":"max-snippet:-1","max-image-preview":"max-image-preview:large","max-video-preview":"max-video-preview:-1"},"canonical":"https:\/\/www.carideal.com\/blog\/2008\/07\/01\/audi-a3-ph1-d-occasion\/","og_locale":"fr_FR","og_type":"article","og_title":"Audi A3 phase 1 d'occasion - Blog auto Carid\u00e9al","og_description":"Audi A3 ph1 d'occasion Audi A3 d'occasion reine de l'occasion L'Audi A3, bas\u00e9e sur la plate-forme de la Volkswagen Golf 4 souffre des m\u00eames maux : un amortissement l\u00e2che et des suspensions \"d\u00e9saccord\u00e9es\", qui d\u00e9gradent autant l'efficacit\u00e9 sur mauvaise route que le confort. C'est dommage car la petite Audi profite de moteurs g\u00e9n\u00e9reux. Si l'on ... Lire plus","og_url":"https:\/\/www.carideal.com\/blog\/2008\/07\/01\/audi-a3-ph1-d-occasion\/","og_site_name":"Blog auto Carid\u00e9al","article_publisher":"https:\/\/www.facebook.com\/Carideal.mandataire.automobile","article_author":"https:\/\/www.facebook.com\/nicolas.schiavon.39","article_published_time":"2008-07-01T22:00:00+00:00","article_modified_time":"2020-03-07T21:41:52+00:00","og_image":[{"url":"http:\/\/www.carideal.com\/images_actualite\/audia3ph1carideal-1214982262.jpg","type":"","width":"","height":""}],"author":"Nicolas SCHIAVON","twitter_card":"summary_large_image","twitter_creator":"@caridealauto","twitter_site":"@caridealauto","twitter_misc":{"\u00c9crit par":"Nicolas SCHIAVON","Dur\u00e9e de lecture estim\u00e9e":"2 minutes"},"schema":{"@context":"https:\/\/schema.org","@graph":[{"@type":"Article","@id":"https:\/\/www.carideal.com\/blog\/2008\/07\/01\/audi-a3-ph1-d-occasion\/#article","isPartOf":{"@id":"https:\/\/www.carideal.com\/blog\/2008\/07\/01\/audi-a3-ph1-d-occasion\/"},"author":{"name":"Nicolas SCHIAVON","@id":"https:\/\/www.carideal.com\/blog\/#\/schema\/person\/cd95dc7919660de90d31b366f85be1ec"},"headline":"Audi A3 phase 1 d&rsquo;occasion","datePublished":"2008-07-01T22:00:00+00:00","dateModified":"2020-03-07T21:41:52+00:00","mainEntityOfPage":{"@id":"https:\/\/www.carideal.com\/blog\/2008\/07\/01\/audi-a3-ph1-d-occasion\/"},"wordCount":458,"commentCount":0,"publisher":{"@id":"https:\/\/www.carideal.com\/blog\/#organization"},"image":{"@id":"https:\/\/www.carideal.com\/blog\/2008\/07\/01\/audi-a3-ph1-d-occasion\/#primaryimage"},"thumbnailUrl":"http:\/\/www.carideal.com\/images_actualite\/audia3ph1carideal-1214982262.jpg","keywords":["TDI"],"articleSection":["Actualit\u00e9 automobile"],"inLanguage":"fr-FR","potentialAction":[{"@type":"CommentAction","name":"Comment","target":["https:\/\/www.carideal.com\/blog\/2008\/07\/01\/audi-a3-ph1-d-occasion\/#respond"]}]},{"@type":"WebPage","@id":"https:\/\/www.carideal.com\/blog\/2008\/07\/01\/audi-a3-ph1-d-occasion\/","url":"https:\/\/www.carideal.com\/blog\/2008\/07\/01\/audi-a3-ph1-d-occasion\/","name":"Audi A3 phase 1 d'occasion - Blog auto Carid\u00e9al","isPartOf":{"@id":"https:\/\/www.carideal.com\/blog\/#website"},"primaryImageOfPage":{"@id":"https:\/\/www.carideal.com\/blog\/2008\/07\/01\/audi-a3-ph1-d-occasion\/#primaryimage"},"image":{"@id":"https:\/\/www.carideal.com\/blog\/2008\/07\/01\/audi-a3-ph1-d-occasion\/#primaryimage"},"thumbnailUrl":"http:\/\/www.carideal.com\/images_actualite\/audia3ph1carideal-1214982262.jpg","datePublished":"2008-07-01T22:00:00+00:00","dateModified":"2020-03-07T21:41:52+00:00","breadcrumb":{"@id":"https:\/\/www.carideal.com\/blog\/2008\/07\/01\/audi-a3-ph1-d-occasion\/#breadcrumb"},"inLanguage":"fr-FR","potentialAction":[{"@type":"ReadAction","target":["https:\/\/www.carideal.com\/blog\/2008\/07\/01\/audi-a3-ph1-d-occasion\/"]}]},{"@type":"ImageObject","inLanguage":"fr-FR","@id":"https:\/\/www.carideal.com\/blog\/2008\/07\/01\/audi-a3-ph1-d-occasion\/#primaryimage","url":"http:\/\/www.carideal.com\/images_actualite\/audia3ph1carideal-1214982262.jpg","contentUrl":"http:\/\/www.carideal.com\/images_actualite\/audia3ph1carideal-1214982262.jpg"},{"@type":"BreadcrumbList","@id":"https:\/\/www.carideal.com\/blog\/2008\/07\/01\/audi-a3-ph1-d-occasion\/#breadcrumb","itemListElement":[{"@type":"ListItem","position":1,"name":"Blog Carid\u00e9al","item":"https:\/\/www.carideal.com\/blog\/"},{"@type":"ListItem","position":2,"name":"Actualit\u00e9 automobile","item":"https:\/\/www.carideal.com\/blog\/actualites-auto\/"},{"@type":"ListItem","position":3,"name":"Audi A3 phase 1 d&rsquo;occasion"}]},{"@type":"WebSite","@id":"https:\/\/www.carideal.com\/blog\/#website","url":"https:\/\/www.carideal.com\/blog\/","name":"Blog auto Carid\u00e9al","description":"Actualit\u00e9 auto par des passionn\u00e9s","publisher":{"@id":"https:\/\/www.carideal.com\/blog\/#organization"},"potentialAction":[{"@type":"SearchAction","target":{"@type":"EntryPoint","urlTemplate":"https:\/\/www.carideal.com\/blog\/?s={search_term_string}"},"query-input":{"@type":"PropertyValueSpecification","valueRequired":true,"valueName":"search_term_string"}}],"inLanguage":"fr-FR"},{"@type":"Organization","@id":"https:\/\/www.carideal.com\/blog\/#organization","name":"Carideal","url":"https:\/\/www.carideal.com\/blog\/","logo":{"@type":"ImageObject","inLanguage":"fr-FR","@id":"https:\/\/www.carideal.com\/blog\/#\/schema\/logo\/image\/","url":"http:\/\/www.carideal.com\/blog\/wp-content\/uploads\/2016\/03\/logo-carideal-mandataire-automobile.png","contentUrl":"http:\/\/www.carideal.com\/blog\/wp-content\/uploads\/2016\/03\/logo-carideal-mandataire-automobile.png","width":300,"height":300,"caption":"Carideal"},"image":{"@id":"https:\/\/www.carideal.com\/blog\/#\/schema\/logo\/image\/"},"sameAs":["https:\/\/www.facebook.com\/Carideal.mandataire.automobile","https:\/\/x.com\/caridealauto","https:\/\/www.instagram.com\/carideal1\/","https:\/\/www.linkedin.com\/company\/carideal.com","https:\/\/fr.pinterest.com\/schiavonsas\/","https:\/\/www.youtube.com\/user\/caridealsas"]},{"@type":"Person","@id":"https:\/\/www.carideal.com\/blog\/#\/schema\/person\/cd95dc7919660de90d31b366f85be1ec","name":"Nicolas SCHIAVON","image":{"@type":"ImageObject","inLanguage":"fr-FR","@id":"https:\/\/www.carideal.com\/blog\/#\/schema\/person\/image\/","url":"https:\/\/secure.gravatar.com\/avatar\/c17e55009e671d92cc7f5dc837dc418a?s=96&r=g","contentUrl":"https:\/\/secure.gravatar.com\/avatar\/c17e55009e671d92cc7f5dc837dc418a?s=96&r=g","caption":"Nicolas SCHIAVON"},"description":"Nicolas Schiavon est tomb\u00e9 tout petit dans la marmite automobile. Ayant eu un garage de marque automobile, mandataire automobile de la premi\u00e8re heure d\u00e8s 1999. Nicolas a cr\u00e9\u00e9 ces premiers sites de vente de voiture et blog automobile d\u00e8s 1994. Carideal est n\u00e9 le 15 d\u00e9cembre 2000 de la volont\u00e9 de vendre des voitures d'occasions en ligne puis des voitures neuves. Il a pu essayer beaucoup de voitures tr\u00e8s diff\u00e9rentes et ayant eu personnellement quelques belles autos, Subaru Impreza, Mitsubishi Lancer Evo 7, Porsche 911, Ferrari Testarrossa, Audi RS3, RS4 et j'en passe...","sameAs":["http:\/\/www.carideal.com","https:\/\/www.facebook.com\/nicolas.schiavon.39","https:\/\/www.instagram.com\/carideal1\/","https:\/\/www.linkedin.com\/in\/nschiavon\/","https:\/\/x.com\/caridealauto","https:\/\/www.youtube.com\/user\/caridealsas\/"],"url":"https:\/\/www.carideal.com\/blog\/author\/nschiavon\/"}]}},"uagb_featured_image_src":{"full":false,"thumbnail":false,"medium":false,"medium_large":false,"large":false,"1536x1536":false,"2048x2048":false,"wppr-widget":false},"uagb_author_info":{"display_name":"Nicolas SCHIAVON","author_link":"https:\/\/www.carideal.com\/blog\/author\/nschiavon\/"},"uagb_comment_info":0,"uagb_excerpt":"Audi A3 ph1 d'occasion Audi A3 d'occasion reine de l'occasion L'Audi A3, bas\u00e9e sur la plate-forme de la Volkswagen Golf 4 souffre des m\u00eames maux : un amortissement l\u00e2che et des suspensions \"d\u00e9saccord\u00e9es\", qui d\u00e9gradent autant l'efficacit\u00e9 sur mauvaise route que le confort. C'est dommage car la petite Audi profite de moteurs g\u00e9n\u00e9reux. Si l'on\u2026","_links":{"self":[{"href":"https:\/\/www.carideal.com\/blog\/wp-json\/wp\/v2\/posts\/4657"}],"collection":[{"href":"https:\/\/www.carideal.com\/blog\/wp-json\/wp\/v2\/posts"}],"about":[{"href":"https:\/\/www.carideal.com\/blog\/wp-json\/wp\/v2\/types\/post"}],"author":[{"embeddable":true,"href":"https:\/\/www.carideal.com\/blog\/wp-json\/wp\/v2\/users\/3"}],"replies":[{"embeddable":true,"href":"https:\/\/www.carideal.com\/blog\/wp-json\/wp\/v2\/comments?post=4657"}],"version-history":[{"count":0,"href":"https:\/\/www.carideal.com\/blog\/wp-json\/wp\/v2\/posts\/4657\/revisions"}],"wp:attachment":[{"href":"https:\/\/www.carideal.com\/blog\/wp-json\/wp\/v2\/media?parent=4657"}],"wp:term":[{"taxonomy":"category","embeddable":true,"href":"https:\/\/www.carideal.com\/blog\/wp-json\/wp\/v2\/categories?post=4657"},{"taxonomy":"post_tag","embeddable":true,"href":"https:\/\/www.carideal.com\/blog\/wp-json\/wp\/v2\/tags?post=4657"}],"curies":[{"name":"wp","href":"https:\/\/api.w.org\/{rel}","templated":true}]}}