{"id":4652,"date":"2008-06-20T23:00:00","date_gmt":"2008-06-20T23:00:00","guid":{"rendered":"http:\/\/www.carideal.com\/blog\/2008\/06\/20\/renault-scenic-ii-d-occasion\/"},"modified":"2020-03-07T16:34:46","modified_gmt":"2020-03-07T15:34:46","slug":"renault-scenic-ii-d-occasion","status":"publish","type":"post","link":"https:\/\/www.carideal.com\/blog\/2008\/06\/20\/renault-scenic-ii-d-occasion\/","title":{"rendered":"Renault Scenic II d&rsquo;occasion"},"content":{"rendered":"<div><img decoding=\"async\" src=\"http:\/\/www.carideal.com\/images_actualite\/renaultsceniccarideal-1214059416.jpg\" alt=\"\" \/>Renault scenic<\/p>\n<\/div>\n<div><img decoding=\"async\" src=\"http:\/\/www.carideal.com\/images_actualite\/dsc07335-1214059443.jpg\" alt=\"\" \/>Renault scenic d'occasion<\/p>\n<\/div>\n<div><img decoding=\"async\" src=\"http:\/\/www.carideal.com\/images_actualite\/dsc09680-1214059549.jpg\" alt=\"\" \/>Grand renault scenic d'occasion<\/p>\n<\/div>\n<p>Renault a su faire \u00e9voluer son renault scenic II par rapport \u00e0 la premiere version. La position de conduite n'est plus assimil\u00e9e \u00e0 celle d'une camionette, elle se raproche enfin de celle d'une berline. Le poste de pilotage se r\u00e9v\u00e8le bien con\u00e7u, avec des commandes intuitives et bien dispos\u00e9es, la carte main libre et le frein de parking \u00e9lectrique facilitent \u00e9galement la vie de tout les jours. L'affichage centrale est bien lisible, regroupant ainsiles principales fonctions, sauf la climatisation, situ\u00e9e sur la console centrale. Le plaisir de conduire est au rendez vous, la commande de boite sur\u00e9lev\u00e9e tombe parfaitement sous la main, le comportement routier est de tr\u00e8s bon niveau malgr\u00e9 la suspension typ\u00e9e confort. Sur ce chapitre seul la direction appelle des r\u00e9serves. Elle est assit\u00e9e electriquement, et ne transmet pas tout au volant. Les montants de pare-brise ne sont pas non plus \u00e0 l'avantage du conducteur. Leur \u00e9paisseur de m\u00eame que leur inclinaison g\u00eanent la vision de trois quart avant.<\/p>\n<p>Cot\u00e9 moteur les dci, plus coupleux, sont plus \u00e0 l'aise. Il vaudra mieux choisir dans tous les cas le dci 80 ch au lieu du moteur essence de 98 ch. Le dci 150 fait des merveilles.<\/p>\n<p>Le scenic a bati sa r\u00e9putation sur gr\u00e2ce \u00e0 son int\u00e9rieur bien con\u00e7u. L'habitabilit\u00e9 est moyenne, avec des places avant g\u00e9n\u00e9reuses. les trois si\u00e8ges arri\u00e8res peuvent se replier ou se retirer. Les deux lat\u00e9raux peuvent se raprocher quand le troisi\u00e8me plus \u00e9troit est manquant. Toutefois dans le grand Scenic(+23cm), les si\u00e8ges du dernier rang sont des si\u00e8ges d'appoint ou r\u00e9serv\u00e9s \u00e0 des enfants. L'orsqu'ils sont pr\u00e9sents, le coffre devient ridicule avec ses 200 L. Comme dans tous monospaces les r\u00e9gements sont nombreux et diss\u00e9min\u00e9s partout dans l'habitacle. Il y a aussi des trappes dans le plancher dont le volume atteind 9 litres. L'ambiance agr\u00e9able est accentu\u00e9 par des teintes claires et des mat\u00e9riaux agr\u00e9ables au toucher. Seul le design int\u00e9rieur est trop \"Renault\" et pas assez tendance. La bonne luminosit\u00e9 renforce elle aussi la sensation d'espace. Vos ch\u00e9rubins\u00a0 pourrons dormir sur leurs deux oreilles pendant les voyages. Ce ne sont ni les asp\u00e9rit\u00e9es de la route, ni le niveau sonore qui les perturberont.<\/p>\n<p>Le confort de suspension est tr\u00e8s bon et reste aujourd'hui encore l'un des meilleurs sur le segment des petits monospaces. Ensuite l'acousitique est soign\u00e9e, tant au niveau des nuisance g\u00e9n\u00e9r\u00e9espar le moteur que des bruits de suspension ou d'origine a\u00e9rodynamique. De plus les vibrations sont bien filtr\u00e9es. Cot\u00e9 dotation de s\u00e9rie, \u00e0 l'exception de la climatisation absente de la finition de base jusqu'\u00e0 la fin de l'ann\u00e9e 2004, les diff\u00e9rentes versions sont bien servies.<\/p>\n<p>La finition de l'habitacle est particuli\u00e8rement bien r\u00e9ussie, le plastique mouss\u00e9 du haut de planche de bord est agr\u00e9able au toucher, les ajustements sont s\u00e9rieux, et l'ensemble viellit bien, on regrette juste le style. Ce type de revetement permet de limiter les bruits parasites. Les selleries sont moyennes sur les entr\u00e9es de gamme mais bien tendues. Le Scenic II est sortie huigt mois apr\u00e8s la M\u00e9gane II et a donc profit\u00e9 des am\u00e9liorations de celle-ci. Cependant des bugs informatiques sont apparus. A noter aussi, parmis les faiblesses constat\u00e9es : interuption pr\u00e9matur\u00e9 du commodo de clignotant jusqu'en fevrier 2004 sur les mod\u00e8les 2003 ; difficult\u00e9s de d\u00e9marrage ; chute possible des vitres av dans le bas des porti\u00e8res et baisse \u00e9ventuelle de luminosit\u00e9 des affichages au tableau de bord jusqu'en aout 2003; usure asym\u00e9trique et pr\u00e9coce des pneus\u00a0AR jusqu'en juillet 2003 du \u00e0 une traverse AR mal soud\u00e9e en usine surtou en 17\" ; j'enqu'en janvier 2004 quelques cas de mauvais r\u00e9glage de train avant et quelques cas de casse de turbo sur le dci 120.<\/p>\n<p>Le Renault Scenic II est sortie en Juin 2003 et a \u00e9t\u00e9 restyl\u00e9 en Septembre 2004 il en existe 423900 en circulation. Le volume du r\u00e9servoir est de 60 litres, ses dimmensions 4.26 x 1.8 x 1.62.<\/p>\n<p>Achat vente de Renault Scenic d'occasion \u00e0 Chamb\u00e9ry en Savoie Annecy Grenoble avec Carideal Mandataire automobile. Livraison partout en France.<\/p>\n","protected":false},"excerpt":{"rendered":"<p>Renault scenic Renault scenic d&rsquo;occasion Grand renault scenic d&rsquo;occasion Renault a su faire \u00e9voluer son renault scenic II par rapport \u00e0 la premiere version. La position de conduite n&rsquo;est plus assimil\u00e9e \u00e0 celle d&rsquo;une camionette, elle se raproche enfin de celle d&rsquo;une berline. Le poste de pilotage se r\u00e9v\u00e8le bien con\u00e7u, avec des commandes intuitives &#8230; <a title=\"Renault Scenic II d&rsquo;occasion\" class=\"read-more\" href=\"https:\/\/www.carideal.com\/blog\/2008\/06\/20\/renault-scenic-ii-d-occasion\/\" aria-label=\"En savoir plus sur Renault Scenic II d&rsquo;occasion\">Lire plus<\/a><\/p>\n","protected":false},"author":3,"featured_media":0,"comment_status":"open","ping_status":"open","sticky":false,"template":"","format":"standard","meta":{"_uag_custom_page_level_css":"","_themeisle_gutenberg_block_has_review":false,"footnotes":""},"categories":[21],"tags":[],"class_list":["post-4652","post","type-post","status-publish","format-standard","hentry","category-actualites-auto"],"wppr_data":[],"yoast_head":"<!-- This site is optimized with the Yoast SEO plugin v24.8.1 - https:\/\/yoast.com\/wordpress\/plugins\/seo\/ -->\n<title>Renault Scenic II d&#039;occasion - Blog auto Carid\u00e9al<\/title>\n<meta name=\"robots\" content=\"index, follow, max-snippet:-1, max-image-preview:large, max-video-preview:-1\" \/>\n<link rel=\"canonical\" href=\"https:\/\/www.carideal.com\/blog\/2008\/06\/20\/renault-scenic-ii-d-occasion\/\" \/>\n<meta property=\"og:locale\" content=\"fr_FR\" \/>\n<meta property=\"og:type\" content=\"article\" \/>\n<meta property=\"og:title\" content=\"Renault Scenic II d&#039;occasion - Blog auto Carid\u00e9al\" \/>\n<meta property=\"og:description\" content=\"Renault scenic Renault scenic d&#039;occasion Grand renault scenic d&#039;occasion Renault a su faire \u00e9voluer son renault scenic II par rapport \u00e0 la premiere version. La position de conduite n&#039;est plus assimil\u00e9e \u00e0 celle d&#039;une camionette, elle se raproche enfin de celle d&#039;une berline. Le poste de pilotage se r\u00e9v\u00e8le bien con\u00e7u, avec des commandes intuitives ... Lire plus\" \/>\n<meta property=\"og:url\" content=\"https:\/\/www.carideal.com\/blog\/2008\/06\/20\/renault-scenic-ii-d-occasion\/\" \/>\n<meta property=\"og:site_name\" content=\"Blog auto Carid\u00e9al\" \/>\n<meta property=\"article:publisher\" content=\"https:\/\/www.facebook.com\/Carideal.mandataire.automobile\" \/>\n<meta property=\"article:author\" content=\"https:\/\/www.facebook.com\/nicolas.schiavon.39\" \/>\n<meta property=\"article:published_time\" content=\"2008-06-20T23:00:00+00:00\" \/>\n<meta property=\"article:modified_time\" content=\"2020-03-07T15:34:46+00:00\" \/>\n<meta property=\"og:image\" content=\"http:\/\/www.carideal.com\/images_actualite\/renaultsceniccarideal-1214059416.jpg\" \/>\n<meta name=\"author\" content=\"Nicolas SCHIAVON\" \/>\n<meta name=\"twitter:card\" content=\"summary_large_image\" \/>\n<meta name=\"twitter:creator\" content=\"@caridealauto\" \/>\n<meta name=\"twitter:site\" content=\"@caridealauto\" \/>\n<meta name=\"twitter:label1\" content=\"\u00c9crit par\" \/>\n\t<meta name=\"twitter:data1\" content=\"Nicolas SCHIAVON\" \/>\n\t<meta name=\"twitter:label2\" content=\"Dur\u00e9e de lecture estim\u00e9e\" \/>\n\t<meta name=\"twitter:data2\" content=\"4 minutes\" \/>\n<script type=\"application\/ld+json\" class=\"yoast-schema-graph\">{\"@context\":\"https:\/\/schema.org\",\"@graph\":[{\"@type\":\"Article\",\"@id\":\"https:\/\/www.carideal.com\/blog\/2008\/06\/20\/renault-scenic-ii-d-occasion\/#article\",\"isPartOf\":{\"@id\":\"https:\/\/www.carideal.com\/blog\/2008\/06\/20\/renault-scenic-ii-d-occasion\/\"},\"author\":{\"name\":\"Nicolas SCHIAVON\",\"@id\":\"https:\/\/www.carideal.com\/blog\/#\/schema\/person\/cd95dc7919660de90d31b366f85be1ec\"},\"headline\":\"Renault Scenic II d&rsquo;occasion\",\"datePublished\":\"2008-06-20T23:00:00+00:00\",\"dateModified\":\"2020-03-07T15:34:46+00:00\",\"mainEntityOfPage\":{\"@id\":\"https:\/\/www.carideal.com\/blog\/2008\/06\/20\/renault-scenic-ii-d-occasion\/\"},\"wordCount\":718,\"commentCount\":0,\"publisher\":{\"@id\":\"https:\/\/www.carideal.com\/blog\/#organization\"},\"image\":{\"@id\":\"https:\/\/www.carideal.com\/blog\/2008\/06\/20\/renault-scenic-ii-d-occasion\/#primaryimage\"},\"thumbnailUrl\":\"http:\/\/www.carideal.com\/images_actualite\/renaultsceniccarideal-1214059416.jpg\",\"articleSection\":[\"Actualit\u00e9 automobile\"],\"inLanguage\":\"fr-FR\",\"potentialAction\":[{\"@type\":\"CommentAction\",\"name\":\"Comment\",\"target\":[\"https:\/\/www.carideal.com\/blog\/2008\/06\/20\/renault-scenic-ii-d-occasion\/#respond\"]}]},{\"@type\":\"WebPage\",\"@id\":\"https:\/\/www.carideal.com\/blog\/2008\/06\/20\/renault-scenic-ii-d-occasion\/\",\"url\":\"https:\/\/www.carideal.com\/blog\/2008\/06\/20\/renault-scenic-ii-d-occasion\/\",\"name\":\"Renault Scenic II d'occasion - Blog auto Carid\u00e9al\",\"isPartOf\":{\"@id\":\"https:\/\/www.carideal.com\/blog\/#website\"},\"primaryImageOfPage\":{\"@id\":\"https:\/\/www.carideal.com\/blog\/2008\/06\/20\/renault-scenic-ii-d-occasion\/#primaryimage\"},\"image\":{\"@id\":\"https:\/\/www.carideal.com\/blog\/2008\/06\/20\/renault-scenic-ii-d-occasion\/#primaryimage\"},\"thumbnailUrl\":\"http:\/\/www.carideal.com\/images_actualite\/renaultsceniccarideal-1214059416.jpg\",\"datePublished\":\"2008-06-20T23:00:00+00:00\",\"dateModified\":\"2020-03-07T15:34:46+00:00\",\"breadcrumb\":{\"@id\":\"https:\/\/www.carideal.com\/blog\/2008\/06\/20\/renault-scenic-ii-d-occasion\/#breadcrumb\"},\"inLanguage\":\"fr-FR\",\"potentialAction\":[{\"@type\":\"ReadAction\",\"target\":[\"https:\/\/www.carideal.com\/blog\/2008\/06\/20\/renault-scenic-ii-d-occasion\/\"]}]},{\"@type\":\"ImageObject\",\"inLanguage\":\"fr-FR\",\"@id\":\"https:\/\/www.carideal.com\/blog\/2008\/06\/20\/renault-scenic-ii-d-occasion\/#primaryimage\",\"url\":\"http:\/\/www.carideal.com\/images_actualite\/renaultsceniccarideal-1214059416.jpg\",\"contentUrl\":\"http:\/\/www.carideal.com\/images_actualite\/renaultsceniccarideal-1214059416.jpg\"},{\"@type\":\"BreadcrumbList\",\"@id\":\"https:\/\/www.carideal.com\/blog\/2008\/06\/20\/renault-scenic-ii-d-occasion\/#breadcrumb\",\"itemListElement\":[{\"@type\":\"ListItem\",\"position\":1,\"name\":\"Blog Carid\u00e9al\",\"item\":\"https:\/\/www.carideal.com\/blog\/\"},{\"@type\":\"ListItem\",\"position\":2,\"name\":\"Actualit\u00e9 automobile\",\"item\":\"https:\/\/www.carideal.com\/blog\/actualites-auto\/\"},{\"@type\":\"ListItem\",\"position\":3,\"name\":\"Renault Scenic II d&rsquo;occasion\"}]},{\"@type\":\"WebSite\",\"@id\":\"https:\/\/www.carideal.com\/blog\/#website\",\"url\":\"https:\/\/www.carideal.com\/blog\/\",\"name\":\"Blog auto Carid\u00e9al\",\"description\":\"Actualit\u00e9 auto par des passionn\u00e9s\",\"publisher\":{\"@id\":\"https:\/\/www.carideal.com\/blog\/#organization\"},\"potentialAction\":[{\"@type\":\"SearchAction\",\"target\":{\"@type\":\"EntryPoint\",\"urlTemplate\":\"https:\/\/www.carideal.com\/blog\/?s={search_term_string}\"},\"query-input\":{\"@type\":\"PropertyValueSpecification\",\"valueRequired\":true,\"valueName\":\"search_term_string\"}}],\"inLanguage\":\"fr-FR\"},{\"@type\":\"Organization\",\"@id\":\"https:\/\/www.carideal.com\/blog\/#organization\",\"name\":\"Carideal\",\"url\":\"https:\/\/www.carideal.com\/blog\/\",\"logo\":{\"@type\":\"ImageObject\",\"inLanguage\":\"fr-FR\",\"@id\":\"https:\/\/www.carideal.com\/blog\/#\/schema\/logo\/image\/\",\"url\":\"http:\/\/www.carideal.com\/blog\/wp-content\/uploads\/2016\/03\/logo-carideal-mandataire-automobile.png\",\"contentUrl\":\"http:\/\/www.carideal.com\/blog\/wp-content\/uploads\/2016\/03\/logo-carideal-mandataire-automobile.png\",\"width\":300,\"height\":300,\"caption\":\"Carideal\"},\"image\":{\"@id\":\"https:\/\/www.carideal.com\/blog\/#\/schema\/logo\/image\/\"},\"sameAs\":[\"https:\/\/www.facebook.com\/Carideal.mandataire.automobile\",\"https:\/\/x.com\/caridealauto\",\"https:\/\/www.instagram.com\/carideal1\/\",\"https:\/\/www.linkedin.com\/company\/carideal.com\",\"https:\/\/fr.pinterest.com\/schiavonsas\/\",\"https:\/\/www.youtube.com\/user\/caridealsas\"]},{\"@type\":\"Person\",\"@id\":\"https:\/\/www.carideal.com\/blog\/#\/schema\/person\/cd95dc7919660de90d31b366f85be1ec\",\"name\":\"Nicolas SCHIAVON\",\"image\":{\"@type\":\"ImageObject\",\"inLanguage\":\"fr-FR\",\"@id\":\"https:\/\/www.carideal.com\/blog\/#\/schema\/person\/image\/\",\"url\":\"https:\/\/secure.gravatar.com\/avatar\/c17e55009e671d92cc7f5dc837dc418a?s=96&r=g\",\"contentUrl\":\"https:\/\/secure.gravatar.com\/avatar\/c17e55009e671d92cc7f5dc837dc418a?s=96&r=g\",\"caption\":\"Nicolas SCHIAVON\"},\"description\":\"Nicolas Schiavon est tomb\u00e9 tout petit dans la marmite automobile. Ayant eu un garage de marque automobile, mandataire automobile de la premi\u00e8re heure d\u00e8s 1999. Nicolas a cr\u00e9\u00e9 ces premiers sites de vente de voiture et blog automobile d\u00e8s 1994. Carideal est n\u00e9 le 15 d\u00e9cembre 2000 de la volont\u00e9 de vendre des voitures d'occasions en ligne puis des voitures neuves. Il a pu essayer beaucoup de voitures tr\u00e8s diff\u00e9rentes et ayant eu personnellement quelques belles autos, Subaru Impreza, Mitsubishi Lancer Evo 7, Porsche 911, Ferrari Testarrossa, Audi RS3, RS4 et j'en passe...\",\"sameAs\":[\"http:\/\/www.carideal.com\",\"https:\/\/www.facebook.com\/nicolas.schiavon.39\",\"https:\/\/www.instagram.com\/carideal1\/\",\"https:\/\/www.linkedin.com\/in\/nschiavon\/\",\"https:\/\/x.com\/caridealauto\",\"https:\/\/www.youtube.com\/user\/caridealsas\/\"],\"url\":\"https:\/\/www.carideal.com\/blog\/author\/nschiavon\/\"}]}<\/script>\n<!-- \/ Yoast SEO plugin. -->","yoast_head_json":{"title":"Renault Scenic II d'occasion - Blog auto Carid\u00e9al","robots":{"index":"index","follow":"follow","max-snippet":"max-snippet:-1","max-image-preview":"max-image-preview:large","max-video-preview":"max-video-preview:-1"},"canonical":"https:\/\/www.carideal.com\/blog\/2008\/06\/20\/renault-scenic-ii-d-occasion\/","og_locale":"fr_FR","og_type":"article","og_title":"Renault Scenic II d'occasion - Blog auto Carid\u00e9al","og_description":"Renault scenic Renault scenic d'occasion Grand renault scenic d'occasion Renault a su faire \u00e9voluer son renault scenic II par rapport \u00e0 la premiere version. La position de conduite n'est plus assimil\u00e9e \u00e0 celle d'une camionette, elle se raproche enfin de celle d'une berline. Le poste de pilotage se r\u00e9v\u00e8le bien con\u00e7u, avec des commandes intuitives ... Lire plus","og_url":"https:\/\/www.carideal.com\/blog\/2008\/06\/20\/renault-scenic-ii-d-occasion\/","og_site_name":"Blog auto Carid\u00e9al","article_publisher":"https:\/\/www.facebook.com\/Carideal.mandataire.automobile","article_author":"https:\/\/www.facebook.com\/nicolas.schiavon.39","article_published_time":"2008-06-20T23:00:00+00:00","article_modified_time":"2020-03-07T15:34:46+00:00","og_image":[{"url":"http:\/\/www.carideal.com\/images_actualite\/renaultsceniccarideal-1214059416.jpg","type":"","width":"","height":""}],"author":"Nicolas SCHIAVON","twitter_card":"summary_large_image","twitter_creator":"@caridealauto","twitter_site":"@caridealauto","twitter_misc":{"\u00c9crit par":"Nicolas SCHIAVON","Dur\u00e9e de lecture estim\u00e9e":"4 minutes"},"schema":{"@context":"https:\/\/schema.org","@graph":[{"@type":"Article","@id":"https:\/\/www.carideal.com\/blog\/2008\/06\/20\/renault-scenic-ii-d-occasion\/#article","isPartOf":{"@id":"https:\/\/www.carideal.com\/blog\/2008\/06\/20\/renault-scenic-ii-d-occasion\/"},"author":{"name":"Nicolas SCHIAVON","@id":"https:\/\/www.carideal.com\/blog\/#\/schema\/person\/cd95dc7919660de90d31b366f85be1ec"},"headline":"Renault Scenic II d&rsquo;occasion","datePublished":"2008-06-20T23:00:00+00:00","dateModified":"2020-03-07T15:34:46+00:00","mainEntityOfPage":{"@id":"https:\/\/www.carideal.com\/blog\/2008\/06\/20\/renault-scenic-ii-d-occasion\/"},"wordCount":718,"commentCount":0,"publisher":{"@id":"https:\/\/www.carideal.com\/blog\/#organization"},"image":{"@id":"https:\/\/www.carideal.com\/blog\/2008\/06\/20\/renault-scenic-ii-d-occasion\/#primaryimage"},"thumbnailUrl":"http:\/\/www.carideal.com\/images_actualite\/renaultsceniccarideal-1214059416.jpg","articleSection":["Actualit\u00e9 automobile"],"inLanguage":"fr-FR","potentialAction":[{"@type":"CommentAction","name":"Comment","target":["https:\/\/www.carideal.com\/blog\/2008\/06\/20\/renault-scenic-ii-d-occasion\/#respond"]}]},{"@type":"WebPage","@id":"https:\/\/www.carideal.com\/blog\/2008\/06\/20\/renault-scenic-ii-d-occasion\/","url":"https:\/\/www.carideal.com\/blog\/2008\/06\/20\/renault-scenic-ii-d-occasion\/","name":"Renault Scenic II d'occasion - Blog auto Carid\u00e9al","isPartOf":{"@id":"https:\/\/www.carideal.com\/blog\/#website"},"primaryImageOfPage":{"@id":"https:\/\/www.carideal.com\/blog\/2008\/06\/20\/renault-scenic-ii-d-occasion\/#primaryimage"},"image":{"@id":"https:\/\/www.carideal.com\/blog\/2008\/06\/20\/renault-scenic-ii-d-occasion\/#primaryimage"},"thumbnailUrl":"http:\/\/www.carideal.com\/images_actualite\/renaultsceniccarideal-1214059416.jpg","datePublished":"2008-06-20T23:00:00+00:00","dateModified":"2020-03-07T15:34:46+00:00","breadcrumb":{"@id":"https:\/\/www.carideal.com\/blog\/2008\/06\/20\/renault-scenic-ii-d-occasion\/#breadcrumb"},"inLanguage":"fr-FR","potentialAction":[{"@type":"ReadAction","target":["https:\/\/www.carideal.com\/blog\/2008\/06\/20\/renault-scenic-ii-d-occasion\/"]}]},{"@type":"ImageObject","inLanguage":"fr-FR","@id":"https:\/\/www.carideal.com\/blog\/2008\/06\/20\/renault-scenic-ii-d-occasion\/#primaryimage","url":"http:\/\/www.carideal.com\/images_actualite\/renaultsceniccarideal-1214059416.jpg","contentUrl":"http:\/\/www.carideal.com\/images_actualite\/renaultsceniccarideal-1214059416.jpg"},{"@type":"BreadcrumbList","@id":"https:\/\/www.carideal.com\/blog\/2008\/06\/20\/renault-scenic-ii-d-occasion\/#breadcrumb","itemListElement":[{"@type":"ListItem","position":1,"name":"Blog Carid\u00e9al","item":"https:\/\/www.carideal.com\/blog\/"},{"@type":"ListItem","position":2,"name":"Actualit\u00e9 automobile","item":"https:\/\/www.carideal.com\/blog\/actualites-auto\/"},{"@type":"ListItem","position":3,"name":"Renault Scenic II d&rsquo;occasion"}]},{"@type":"WebSite","@id":"https:\/\/www.carideal.com\/blog\/#website","url":"https:\/\/www.carideal.com\/blog\/","name":"Blog auto Carid\u00e9al","description":"Actualit\u00e9 auto par des passionn\u00e9s","publisher":{"@id":"https:\/\/www.carideal.com\/blog\/#organization"},"potentialAction":[{"@type":"SearchAction","target":{"@type":"EntryPoint","urlTemplate":"https:\/\/www.carideal.com\/blog\/?s={search_term_string}"},"query-input":{"@type":"PropertyValueSpecification","valueRequired":true,"valueName":"search_term_string"}}],"inLanguage":"fr-FR"},{"@type":"Organization","@id":"https:\/\/www.carideal.com\/blog\/#organization","name":"Carideal","url":"https:\/\/www.carideal.com\/blog\/","logo":{"@type":"ImageObject","inLanguage":"fr-FR","@id":"https:\/\/www.carideal.com\/blog\/#\/schema\/logo\/image\/","url":"http:\/\/www.carideal.com\/blog\/wp-content\/uploads\/2016\/03\/logo-carideal-mandataire-automobile.png","contentUrl":"http:\/\/www.carideal.com\/blog\/wp-content\/uploads\/2016\/03\/logo-carideal-mandataire-automobile.png","width":300,"height":300,"caption":"Carideal"},"image":{"@id":"https:\/\/www.carideal.com\/blog\/#\/schema\/logo\/image\/"},"sameAs":["https:\/\/www.facebook.com\/Carideal.mandataire.automobile","https:\/\/x.com\/caridealauto","https:\/\/www.instagram.com\/carideal1\/","https:\/\/www.linkedin.com\/company\/carideal.com","https:\/\/fr.pinterest.com\/schiavonsas\/","https:\/\/www.youtube.com\/user\/caridealsas"]},{"@type":"Person","@id":"https:\/\/www.carideal.com\/blog\/#\/schema\/person\/cd95dc7919660de90d31b366f85be1ec","name":"Nicolas SCHIAVON","image":{"@type":"ImageObject","inLanguage":"fr-FR","@id":"https:\/\/www.carideal.com\/blog\/#\/schema\/person\/image\/","url":"https:\/\/secure.gravatar.com\/avatar\/c17e55009e671d92cc7f5dc837dc418a?s=96&r=g","contentUrl":"https:\/\/secure.gravatar.com\/avatar\/c17e55009e671d92cc7f5dc837dc418a?s=96&r=g","caption":"Nicolas SCHIAVON"},"description":"Nicolas Schiavon est tomb\u00e9 tout petit dans la marmite automobile. Ayant eu un garage de marque automobile, mandataire automobile de la premi\u00e8re heure d\u00e8s 1999. Nicolas a cr\u00e9\u00e9 ces premiers sites de vente de voiture et blog automobile d\u00e8s 1994. Carideal est n\u00e9 le 15 d\u00e9cembre 2000 de la volont\u00e9 de vendre des voitures d'occasions en ligne puis des voitures neuves. Il a pu essayer beaucoup de voitures tr\u00e8s diff\u00e9rentes et ayant eu personnellement quelques belles autos, Subaru Impreza, Mitsubishi Lancer Evo 7, Porsche 911, Ferrari Testarrossa, Audi RS3, RS4 et j'en passe...","sameAs":["http:\/\/www.carideal.com","https:\/\/www.facebook.com\/nicolas.schiavon.39","https:\/\/www.instagram.com\/carideal1\/","https:\/\/www.linkedin.com\/in\/nschiavon\/","https:\/\/x.com\/caridealauto","https:\/\/www.youtube.com\/user\/caridealsas\/"],"url":"https:\/\/www.carideal.com\/blog\/author\/nschiavon\/"}]}},"uagb_featured_image_src":{"full":false,"thumbnail":false,"medium":false,"medium_large":false,"large":false,"1536x1536":false,"2048x2048":false,"wppr-widget":false},"uagb_author_info":{"display_name":"Nicolas SCHIAVON","author_link":"https:\/\/www.carideal.com\/blog\/author\/nschiavon\/"},"uagb_comment_info":0,"uagb_excerpt":"Renault scenic Renault scenic d'occasion Grand renault scenic d'occasion Renault a su faire \u00e9voluer son renault scenic II par rapport \u00e0 la premiere version. La position de conduite n'est plus assimil\u00e9e \u00e0 celle d'une camionette, elle se raproche enfin de celle d'une berline. Le poste de pilotage se r\u00e9v\u00e8le bien con\u00e7u, avec des commandes intuitives\u2026","_links":{"self":[{"href":"https:\/\/www.carideal.com\/blog\/wp-json\/wp\/v2\/posts\/4652"}],"collection":[{"href":"https:\/\/www.carideal.com\/blog\/wp-json\/wp\/v2\/posts"}],"about":[{"href":"https:\/\/www.carideal.com\/blog\/wp-json\/wp\/v2\/types\/post"}],"author":[{"embeddable":true,"href":"https:\/\/www.carideal.com\/blog\/wp-json\/wp\/v2\/users\/3"}],"replies":[{"embeddable":true,"href":"https:\/\/www.carideal.com\/blog\/wp-json\/wp\/v2\/comments?post=4652"}],"version-history":[{"count":0,"href":"https:\/\/www.carideal.com\/blog\/wp-json\/wp\/v2\/posts\/4652\/revisions"}],"wp:attachment":[{"href":"https:\/\/www.carideal.com\/blog\/wp-json\/wp\/v2\/media?parent=4652"}],"wp:term":[{"taxonomy":"category","embeddable":true,"href":"https:\/\/www.carideal.com\/blog\/wp-json\/wp\/v2\/categories?post=4652"},{"taxonomy":"post_tag","embeddable":true,"href":"https:\/\/www.carideal.com\/blog\/wp-json\/wp\/v2\/tags?post=4652"}],"curies":[{"name":"wp","href":"https:\/\/api.w.org\/{rel}","templated":true}]}}