{"id":4646,"date":"2008-06-04T23:00:00","date_gmt":"2008-06-04T23:00:00","guid":{"rendered":"http:\/\/www.carideal.com\/blog\/2008\/06\/04\/barak-obama-soutient-l-automobile-americaine\/"},"modified":"2023-08-25T10:31:36","modified_gmt":"2023-08-25T08:31:36","slug":"barak-obama-soutient-l-automobile-americaine","status":"publish","type":"post","link":"https:\/\/www.carideal.com\/blog\/2008\/06\/04\/barak-obama-soutient-l-automobile-americaine\/","title":{"rendered":"Barack Obama soutien l&rsquo;automobile am\u00e9ricaine"},"content":{"rendered":"\n<h2 class=\"wp-block-heading\">Barack Obama soutien l'automobile am\u00e9ricaine<\/h2>\n\n\n\n<p><strong>\"Nous avons ici un probl\u00e8me....Je vais me retrousser les manches et travailler avec vous tel un partenaire\"<\/strong> a d\u00e9clar\u00e9 le candidat \u00e0 l'\u00e9lection pr\u00e9sidentielle am\u00e9ricaine, \u00e0 l'attention des constructeurs automobiles des USA.<\/p>\n\n\n\n<p>Cela nous change des discours de nos politiques Francais qui ne pense qu'\u00e0 assassiner l'automobile.<\/p>\n\n\n\n<p>Barack Obama, l'ancien pr\u00e9sident des \u00c9tats-Unis, a effectivement exprim\u00e9 son <a href=\"http:\/\/www.carideal.com\/blog\/2008\/11\/30\/il-faut-faut-sauver-lautomobile-americaine\/\">soutien \u00e0 l'industrie automobile am\u00e9ricaine<\/a> pendant son mandat. Pendant la crise financi\u00e8re de 2008, l'industrie automobile aux \u00c9tats-Unis a \u00e9t\u00e9 confront\u00e9e \u00e0 des difficult\u00e9s \u00e9conomiques importantes. Plusieurs grandes entreprises automobiles am\u00e9ricaines, notamment <a href=\"http:\/\/www.carideal.com\/blog\/2008\/08\/14\/general-motors-veut-revendre-hummer\/\">General Motors (GM)<\/a> et Chrysler, \u00e9taient au bord de la faillite.<\/p>\n\n\n\n<p>En 2009, l'administration Obama a \u00e9labor\u00e9 et mis en \u0153uvre un plan de sauvetage de l'industrie automobile, qui comprenait une aide financi\u00e8re substantielle pour GM et Chrysler. Ce plan visait \u00e0 \u00e9viter l'effondrement complet de ces entreprises, ce qui aurait eu des r\u00e9percussions majeures sur l'emploi, l'\u00e9conomie et les cha\u00eenes d'approvisionnement aux \u00c9tats-Unis.<\/p>\n\n\n<div class=\"wp-block-image\">\n<figure class=\"alignleft size-full\"><a href=\"http:\/\/www.carideal.com\/blog\/wp-content\/uploads\/2023\/08\/barackobamasoutienlautomobilecarideal-1212646010.jpg\"><img loading=\"lazy\" decoding=\"async\" width=\"220\" height=\"242\" src=\"http:\/\/www.carideal.com\/blog\/wp-content\/uploads\/2023\/08\/barackobamasoutienlautomobilecarideal-1212646010.jpg\" alt=\"Barack Obama soutien l'automobile am\u00e9ricaine\" class=\"wp-image-27062\" srcset=\"https:\/\/www.carideal.com\/blog\/wp-content\/uploads\/2023\/08\/barackobamasoutienlautomobilecarideal-1212646010.jpg 220w, https:\/\/www.carideal.com\/blog\/wp-content\/uploads\/2023\/08\/barackobamasoutienlautomobilecarideal-1212646010-45x50.jpg 45w, https:\/\/www.carideal.com\/blog\/wp-content\/uploads\/2023\/08\/barackobamasoutienlautomobilecarideal-1212646010-100x110.jpg 100w\" sizes=\"(max-width: 220px) 100vw, 220px\" \/><\/a><figcaption class=\"wp-element-caption\">Barack Obama soutien l'automobile am\u00e9ricaine<\/figcaption><\/figure><\/div>\n\n\n<p>L'approche du gouvernement de Obama envers l'industrie automobile \u00e9tait complexe et a suscit\u00e9 des d\u00e9bats. D'un c\u00f4t\u00e9, certains critiques ont argu\u00e9 que les sauvetages repr\u00e9sentaient une intervention gouvernementale excessive dans l'\u00e9conomie et que les entreprises auraient d\u00fb faire face aux cons\u00e9quences de leurs propres d\u00e9cisions commerciales. D'un autre c\u00f4t\u00e9, les partisans du plan ont soulign\u00e9 que l'effondrement de ces entreprises aurait pu entra\u00eener des pertes massives d'emplois et causer des dommages \u00e9conomiques consid\u00e9rables.<\/p>\n\n\n\n<p>Dans l'ensemble, le soutien d'Obama \u00e0 l'industrie automobile \u00e9tait motiv\u00e9 par le d\u00e9sir de pr\u00e9server les emplois, de stabiliser l'\u00e9conomie et de maintenir la comp\u00e9titivit\u00e9 am\u00e9ricaine dans un secteur strat\u00e9gique. Cependant, les opinions sur l'efficacit\u00e9 et la pertinence de cette intervention restent diverses et font toujours l'objet de d\u00e9bats.<\/p>\n","protected":false},"excerpt":{"rendered":"<p>Barack Obama soutien l&rsquo;automobile am\u00e9ricaine \u00ab\u00a0Nous avons ici un probl\u00e8me&#8230;.Je vais me retrousser les manches et travailler avec vous tel un partenaire\u00a0\u00bb a d\u00e9clar\u00e9 le candidat \u00e0 l&rsquo;\u00e9lection pr\u00e9sidentielle am\u00e9ricaine, \u00e0 l&rsquo;attention des constructeurs automobiles des USA. Cela nous change des discours de nos politiques Francais qui ne pense qu&rsquo;\u00e0 assassiner l&rsquo;automobile. Barack Obama, l&rsquo;ancien &#8230; <a title=\"Barack Obama soutien l&rsquo;automobile am\u00e9ricaine\" class=\"read-more\" href=\"https:\/\/www.carideal.com\/blog\/2008\/06\/04\/barak-obama-soutient-l-automobile-americaine\/\" aria-label=\"En savoir plus sur Barack Obama soutien l&rsquo;automobile am\u00e9ricaine\">Lire plus<\/a><\/p>\n","protected":false},"author":3,"featured_media":27061,"comment_status":"open","ping_status":"open","sticky":false,"template":"","format":"standard","meta":{"_uag_custom_page_level_css":"","_themeisle_gutenberg_block_has_review":false,"footnotes":""},"categories":[21],"tags":[],"class_list":["post-4646","post","type-post","status-publish","format-standard","has-post-thumbnail","hentry","category-actualites-auto"],"wppr_data":{"cwp_meta_box_check":"No"},"yoast_head":"<!-- This site is optimized with the Yoast SEO plugin v24.8.1 - https:\/\/yoast.com\/wordpress\/plugins\/seo\/ -->\n<title>Barack Obama soutien l&#039;automobile am\u00e9ricaine - Blog auto Carid\u00e9al<\/title>\n<meta name=\"robots\" content=\"index, follow, max-snippet:-1, max-image-preview:large, max-video-preview:-1\" \/>\n<link rel=\"canonical\" href=\"https:\/\/www.carideal.com\/blog\/2008\/06\/04\/barak-obama-soutient-l-automobile-americaine\/\" \/>\n<meta property=\"og:locale\" content=\"fr_FR\" \/>\n<meta property=\"og:type\" content=\"article\" \/>\n<meta property=\"og:title\" content=\"Barack Obama soutien l&#039;automobile am\u00e9ricaine - Blog auto Carid\u00e9al\" \/>\n<meta property=\"og:description\" content=\"Barack Obama soutien l&#039;automobile am\u00e9ricaine &quot;Nous avons ici un probl\u00e8me....Je vais me retrousser les manches et travailler avec vous tel un partenaire&quot; a d\u00e9clar\u00e9 le candidat \u00e0 l&#039;\u00e9lection pr\u00e9sidentielle am\u00e9ricaine, \u00e0 l&#039;attention des constructeurs automobiles des USA. Cela nous change des discours de nos politiques Francais qui ne pense qu&#039;\u00e0 assassiner l&#039;automobile. Barack Obama, l&#039;ancien ... Lire plus\" \/>\n<meta property=\"og:url\" content=\"https:\/\/www.carideal.com\/blog\/2008\/06\/04\/barak-obama-soutient-l-automobile-americaine\/\" \/>\n<meta property=\"og:site_name\" content=\"Blog auto Carid\u00e9al\" \/>\n<meta property=\"article:publisher\" content=\"https:\/\/www.facebook.com\/Carideal.mandataire.automobile\" \/>\n<meta property=\"article:author\" content=\"https:\/\/www.facebook.com\/nicolas.schiavon.39\" \/>\n<meta property=\"article:published_time\" content=\"2008-06-04T23:00:00+00:00\" \/>\n<meta property=\"article:modified_time\" content=\"2023-08-25T08:31:36+00:00\" \/>\n<meta property=\"og:image\" content=\"https:\/\/www.carideal.com\/blog\/wp-content\/uploads\/2008\/06\/barak-obama-soutien-automobile-americaine.jpg\" \/>\n\t<meta property=\"og:image:width\" content=\"1200\" \/>\n\t<meta property=\"og:image:height\" content=\"902\" \/>\n\t<meta property=\"og:image:type\" content=\"image\/jpeg\" \/>\n<meta name=\"author\" content=\"Nicolas SCHIAVON\" \/>\n<meta name=\"twitter:card\" content=\"summary_large_image\" \/>\n<meta name=\"twitter:creator\" content=\"@caridealauto\" \/>\n<meta name=\"twitter:site\" content=\"@caridealauto\" \/>\n<meta name=\"twitter:label1\" content=\"\u00c9crit par\" \/>\n\t<meta name=\"twitter:data1\" content=\"Nicolas SCHIAVON\" \/>\n\t<meta name=\"twitter:label2\" content=\"Dur\u00e9e de lecture estim\u00e9e\" \/>\n\t<meta name=\"twitter:data2\" content=\"2 minutes\" \/>\n<script type=\"application\/ld+json\" class=\"yoast-schema-graph\">{\"@context\":\"https:\/\/schema.org\",\"@graph\":[{\"@type\":\"Article\",\"@id\":\"https:\/\/www.carideal.com\/blog\/2008\/06\/04\/barak-obama-soutient-l-automobile-americaine\/#article\",\"isPartOf\":{\"@id\":\"https:\/\/www.carideal.com\/blog\/2008\/06\/04\/barak-obama-soutient-l-automobile-americaine\/\"},\"author\":{\"name\":\"Nicolas SCHIAVON\",\"@id\":\"https:\/\/www.carideal.com\/blog\/#\/schema\/person\/cd95dc7919660de90d31b366f85be1ec\"},\"headline\":\"Barack Obama soutien l&rsquo;automobile am\u00e9ricaine\",\"datePublished\":\"2008-06-04T23:00:00+00:00\",\"dateModified\":\"2023-08-25T08:31:36+00:00\",\"mainEntityOfPage\":{\"@id\":\"https:\/\/www.carideal.com\/blog\/2008\/06\/04\/barak-obama-soutient-l-automobile-americaine\/\"},\"wordCount\":317,\"commentCount\":0,\"publisher\":{\"@id\":\"https:\/\/www.carideal.com\/blog\/#organization\"},\"image\":{\"@id\":\"https:\/\/www.carideal.com\/blog\/2008\/06\/04\/barak-obama-soutient-l-automobile-americaine\/#primaryimage\"},\"thumbnailUrl\":\"https:\/\/www.carideal.com\/blog\/wp-content\/uploads\/2008\/06\/barak-obama-soutien-automobile-americaine.jpg\",\"articleSection\":[\"Actualit\u00e9 automobile\"],\"inLanguage\":\"fr-FR\",\"potentialAction\":[{\"@type\":\"CommentAction\",\"name\":\"Comment\",\"target\":[\"https:\/\/www.carideal.com\/blog\/2008\/06\/04\/barak-obama-soutient-l-automobile-americaine\/#respond\"]}]},{\"@type\":\"WebPage\",\"@id\":\"https:\/\/www.carideal.com\/blog\/2008\/06\/04\/barak-obama-soutient-l-automobile-americaine\/\",\"url\":\"https:\/\/www.carideal.com\/blog\/2008\/06\/04\/barak-obama-soutient-l-automobile-americaine\/\",\"name\":\"Barack Obama soutien l'automobile am\u00e9ricaine - Blog auto Carid\u00e9al\",\"isPartOf\":{\"@id\":\"https:\/\/www.carideal.com\/blog\/#website\"},\"primaryImageOfPage\":{\"@id\":\"https:\/\/www.carideal.com\/blog\/2008\/06\/04\/barak-obama-soutient-l-automobile-americaine\/#primaryimage\"},\"image\":{\"@id\":\"https:\/\/www.carideal.com\/blog\/2008\/06\/04\/barak-obama-soutient-l-automobile-americaine\/#primaryimage\"},\"thumbnailUrl\":\"https:\/\/www.carideal.com\/blog\/wp-content\/uploads\/2008\/06\/barak-obama-soutien-automobile-americaine.jpg\",\"datePublished\":\"2008-06-04T23:00:00+00:00\",\"dateModified\":\"2023-08-25T08:31:36+00:00\",\"breadcrumb\":{\"@id\":\"https:\/\/www.carideal.com\/blog\/2008\/06\/04\/barak-obama-soutient-l-automobile-americaine\/#breadcrumb\"},\"inLanguage\":\"fr-FR\",\"potentialAction\":[{\"@type\":\"ReadAction\",\"target\":[\"https:\/\/www.carideal.com\/blog\/2008\/06\/04\/barak-obama-soutient-l-automobile-americaine\/\"]}]},{\"@type\":\"ImageObject\",\"inLanguage\":\"fr-FR\",\"@id\":\"https:\/\/www.carideal.com\/blog\/2008\/06\/04\/barak-obama-soutient-l-automobile-americaine\/#primaryimage\",\"url\":\"https:\/\/www.carideal.com\/blog\/wp-content\/uploads\/2008\/06\/barak-obama-soutien-automobile-americaine.jpg\",\"contentUrl\":\"https:\/\/www.carideal.com\/blog\/wp-content\/uploads\/2008\/06\/barak-obama-soutien-automobile-americaine.jpg\",\"width\":1200,\"height\":902,\"caption\":\"Barack Obama soutien l'automobile am\u00e9ricaine\"},{\"@type\":\"BreadcrumbList\",\"@id\":\"https:\/\/www.carideal.com\/blog\/2008\/06\/04\/barak-obama-soutient-l-automobile-americaine\/#breadcrumb\",\"itemListElement\":[{\"@type\":\"ListItem\",\"position\":1,\"name\":\"Blog Carid\u00e9al\",\"item\":\"https:\/\/www.carideal.com\/blog\/\"},{\"@type\":\"ListItem\",\"position\":2,\"name\":\"Actualit\u00e9 automobile\",\"item\":\"https:\/\/www.carideal.com\/blog\/actualites-auto\/\"},{\"@type\":\"ListItem\",\"position\":3,\"name\":\"Barack Obama soutien l&rsquo;automobile am\u00e9ricaine\"}]},{\"@type\":\"WebSite\",\"@id\":\"https:\/\/www.carideal.com\/blog\/#website\",\"url\":\"https:\/\/www.carideal.com\/blog\/\",\"name\":\"Blog auto Carid\u00e9al\",\"description\":\"Actualit\u00e9 auto par des passionn\u00e9s\",\"publisher\":{\"@id\":\"https:\/\/www.carideal.com\/blog\/#organization\"},\"potentialAction\":[{\"@type\":\"SearchAction\",\"target\":{\"@type\":\"EntryPoint\",\"urlTemplate\":\"https:\/\/www.carideal.com\/blog\/?s={search_term_string}\"},\"query-input\":{\"@type\":\"PropertyValueSpecification\",\"valueRequired\":true,\"valueName\":\"search_term_string\"}}],\"inLanguage\":\"fr-FR\"},{\"@type\":\"Organization\",\"@id\":\"https:\/\/www.carideal.com\/blog\/#organization\",\"name\":\"Carideal\",\"url\":\"https:\/\/www.carideal.com\/blog\/\",\"logo\":{\"@type\":\"ImageObject\",\"inLanguage\":\"fr-FR\",\"@id\":\"https:\/\/www.carideal.com\/blog\/#\/schema\/logo\/image\/\",\"url\":\"http:\/\/www.carideal.com\/blog\/wp-content\/uploads\/2016\/03\/logo-carideal-mandataire-automobile.png\",\"contentUrl\":\"http:\/\/www.carideal.com\/blog\/wp-content\/uploads\/2016\/03\/logo-carideal-mandataire-automobile.png\",\"width\":300,\"height\":300,\"caption\":\"Carideal\"},\"image\":{\"@id\":\"https:\/\/www.carideal.com\/blog\/#\/schema\/logo\/image\/\"},\"sameAs\":[\"https:\/\/www.facebook.com\/Carideal.mandataire.automobile\",\"https:\/\/x.com\/caridealauto\",\"https:\/\/www.instagram.com\/carideal1\/\",\"https:\/\/www.linkedin.com\/company\/carideal.com\",\"https:\/\/fr.pinterest.com\/schiavonsas\/\",\"https:\/\/www.youtube.com\/user\/caridealsas\"]},{\"@type\":\"Person\",\"@id\":\"https:\/\/www.carideal.com\/blog\/#\/schema\/person\/cd95dc7919660de90d31b366f85be1ec\",\"name\":\"Nicolas SCHIAVON\",\"image\":{\"@type\":\"ImageObject\",\"inLanguage\":\"fr-FR\",\"@id\":\"https:\/\/www.carideal.com\/blog\/#\/schema\/person\/image\/\",\"url\":\"https:\/\/secure.gravatar.com\/avatar\/c17e55009e671d92cc7f5dc837dc418a?s=96&r=g\",\"contentUrl\":\"https:\/\/secure.gravatar.com\/avatar\/c17e55009e671d92cc7f5dc837dc418a?s=96&r=g\",\"caption\":\"Nicolas SCHIAVON\"},\"description\":\"Nicolas Schiavon est tomb\u00e9 tout petit dans la marmite automobile. Ayant eu un garage de marque automobile, mandataire automobile de la premi\u00e8re heure d\u00e8s 1999. Nicolas a cr\u00e9\u00e9 ces premiers sites de vente de voiture et blog automobile d\u00e8s 1994. Carideal est n\u00e9 le 15 d\u00e9cembre 2000 de la volont\u00e9 de vendre des voitures d'occasions en ligne puis des voitures neuves. Il a pu essayer beaucoup de voitures tr\u00e8s diff\u00e9rentes et ayant eu personnellement quelques belles autos, Subaru Impreza, Mitsubishi Lancer Evo 7, Porsche 911, Ferrari Testarrossa, Audi RS3, RS4 et j'en passe...\",\"sameAs\":[\"http:\/\/www.carideal.com\",\"https:\/\/www.facebook.com\/nicolas.schiavon.39\",\"https:\/\/www.instagram.com\/carideal1\/\",\"https:\/\/www.linkedin.com\/in\/nschiavon\/\",\"https:\/\/x.com\/caridealauto\",\"https:\/\/www.youtube.com\/user\/caridealsas\/\"],\"url\":\"https:\/\/www.carideal.com\/blog\/author\/nschiavon\/\"}]}<\/script>\n<!-- \/ Yoast SEO plugin. -->","yoast_head_json":{"title":"Barack Obama soutien l'automobile am\u00e9ricaine - Blog auto Carid\u00e9al","robots":{"index":"index","follow":"follow","max-snippet":"max-snippet:-1","max-image-preview":"max-image-preview:large","max-video-preview":"max-video-preview:-1"},"canonical":"https:\/\/www.carideal.com\/blog\/2008\/06\/04\/barak-obama-soutient-l-automobile-americaine\/","og_locale":"fr_FR","og_type":"article","og_title":"Barack Obama soutien l'automobile am\u00e9ricaine - Blog auto Carid\u00e9al","og_description":"Barack Obama soutien l'automobile am\u00e9ricaine \"Nous avons ici un probl\u00e8me....Je vais me retrousser les manches et travailler avec vous tel un partenaire\" a d\u00e9clar\u00e9 le candidat \u00e0 l'\u00e9lection pr\u00e9sidentielle am\u00e9ricaine, \u00e0 l'attention des constructeurs automobiles des USA. Cela nous change des discours de nos politiques Francais qui ne pense qu'\u00e0 assassiner l'automobile. Barack Obama, l'ancien ... Lire plus","og_url":"https:\/\/www.carideal.com\/blog\/2008\/06\/04\/barak-obama-soutient-l-automobile-americaine\/","og_site_name":"Blog auto Carid\u00e9al","article_publisher":"https:\/\/www.facebook.com\/Carideal.mandataire.automobile","article_author":"https:\/\/www.facebook.com\/nicolas.schiavon.39","article_published_time":"2008-06-04T23:00:00+00:00","article_modified_time":"2023-08-25T08:31:36+00:00","og_image":[{"width":1200,"height":902,"url":"https:\/\/www.carideal.com\/blog\/wp-content\/uploads\/2008\/06\/barak-obama-soutien-automobile-americaine.jpg","type":"image\/jpeg"}],"author":"Nicolas SCHIAVON","twitter_card":"summary_large_image","twitter_creator":"@caridealauto","twitter_site":"@caridealauto","twitter_misc":{"\u00c9crit par":"Nicolas SCHIAVON","Dur\u00e9e de lecture estim\u00e9e":"2 minutes"},"schema":{"@context":"https:\/\/schema.org","@graph":[{"@type":"Article","@id":"https:\/\/www.carideal.com\/blog\/2008\/06\/04\/barak-obama-soutient-l-automobile-americaine\/#article","isPartOf":{"@id":"https:\/\/www.carideal.com\/blog\/2008\/06\/04\/barak-obama-soutient-l-automobile-americaine\/"},"author":{"name":"Nicolas SCHIAVON","@id":"https:\/\/www.carideal.com\/blog\/#\/schema\/person\/cd95dc7919660de90d31b366f85be1ec"},"headline":"Barack Obama soutien l&rsquo;automobile am\u00e9ricaine","datePublished":"2008-06-04T23:00:00+00:00","dateModified":"2023-08-25T08:31:36+00:00","mainEntityOfPage":{"@id":"https:\/\/www.carideal.com\/blog\/2008\/06\/04\/barak-obama-soutient-l-automobile-americaine\/"},"wordCount":317,"commentCount":0,"publisher":{"@id":"https:\/\/www.carideal.com\/blog\/#organization"},"image":{"@id":"https:\/\/www.carideal.com\/blog\/2008\/06\/04\/barak-obama-soutient-l-automobile-americaine\/#primaryimage"},"thumbnailUrl":"https:\/\/www.carideal.com\/blog\/wp-content\/uploads\/2008\/06\/barak-obama-soutien-automobile-americaine.jpg","articleSection":["Actualit\u00e9 automobile"],"inLanguage":"fr-FR","potentialAction":[{"@type":"CommentAction","name":"Comment","target":["https:\/\/www.carideal.com\/blog\/2008\/06\/04\/barak-obama-soutient-l-automobile-americaine\/#respond"]}]},{"@type":"WebPage","@id":"https:\/\/www.carideal.com\/blog\/2008\/06\/04\/barak-obama-soutient-l-automobile-americaine\/","url":"https:\/\/www.carideal.com\/blog\/2008\/06\/04\/barak-obama-soutient-l-automobile-americaine\/","name":"Barack Obama soutien l'automobile am\u00e9ricaine - Blog auto Carid\u00e9al","isPartOf":{"@id":"https:\/\/www.carideal.com\/blog\/#website"},"primaryImageOfPage":{"@id":"https:\/\/www.carideal.com\/blog\/2008\/06\/04\/barak-obama-soutient-l-automobile-americaine\/#primaryimage"},"image":{"@id":"https:\/\/www.carideal.com\/blog\/2008\/06\/04\/barak-obama-soutient-l-automobile-americaine\/#primaryimage"},"thumbnailUrl":"https:\/\/www.carideal.com\/blog\/wp-content\/uploads\/2008\/06\/barak-obama-soutien-automobile-americaine.jpg","datePublished":"2008-06-04T23:00:00+00:00","dateModified":"2023-08-25T08:31:36+00:00","breadcrumb":{"@id":"https:\/\/www.carideal.com\/blog\/2008\/06\/04\/barak-obama-soutient-l-automobile-americaine\/#breadcrumb"},"inLanguage":"fr-FR","potentialAction":[{"@type":"ReadAction","target":["https:\/\/www.carideal.com\/blog\/2008\/06\/04\/barak-obama-soutient-l-automobile-americaine\/"]}]},{"@type":"ImageObject","inLanguage":"fr-FR","@id":"https:\/\/www.carideal.com\/blog\/2008\/06\/04\/barak-obama-soutient-l-automobile-americaine\/#primaryimage","url":"https:\/\/www.carideal.com\/blog\/wp-content\/uploads\/2008\/06\/barak-obama-soutien-automobile-americaine.jpg","contentUrl":"https:\/\/www.carideal.com\/blog\/wp-content\/uploads\/2008\/06\/barak-obama-soutien-automobile-americaine.jpg","width":1200,"height":902,"caption":"Barack Obama soutien l'automobile am\u00e9ricaine"},{"@type":"BreadcrumbList","@id":"https:\/\/www.carideal.com\/blog\/2008\/06\/04\/barak-obama-soutient-l-automobile-americaine\/#breadcrumb","itemListElement":[{"@type":"ListItem","position":1,"name":"Blog Carid\u00e9al","item":"https:\/\/www.carideal.com\/blog\/"},{"@type":"ListItem","position":2,"name":"Actualit\u00e9 automobile","item":"https:\/\/www.carideal.com\/blog\/actualites-auto\/"},{"@type":"ListItem","position":3,"name":"Barack Obama soutien l&rsquo;automobile am\u00e9ricaine"}]},{"@type":"WebSite","@id":"https:\/\/www.carideal.com\/blog\/#website","url":"https:\/\/www.carideal.com\/blog\/","name":"Blog auto Carid\u00e9al","description":"Actualit\u00e9 auto par des passionn\u00e9s","publisher":{"@id":"https:\/\/www.carideal.com\/blog\/#organization"},"potentialAction":[{"@type":"SearchAction","target":{"@type":"EntryPoint","urlTemplate":"https:\/\/www.carideal.com\/blog\/?s={search_term_string}"},"query-input":{"@type":"PropertyValueSpecification","valueRequired":true,"valueName":"search_term_string"}}],"inLanguage":"fr-FR"},{"@type":"Organization","@id":"https:\/\/www.carideal.com\/blog\/#organization","name":"Carideal","url":"https:\/\/www.carideal.com\/blog\/","logo":{"@type":"ImageObject","inLanguage":"fr-FR","@id":"https:\/\/www.carideal.com\/blog\/#\/schema\/logo\/image\/","url":"http:\/\/www.carideal.com\/blog\/wp-content\/uploads\/2016\/03\/logo-carideal-mandataire-automobile.png","contentUrl":"http:\/\/www.carideal.com\/blog\/wp-content\/uploads\/2016\/03\/logo-carideal-mandataire-automobile.png","width":300,"height":300,"caption":"Carideal"},"image":{"@id":"https:\/\/www.carideal.com\/blog\/#\/schema\/logo\/image\/"},"sameAs":["https:\/\/www.facebook.com\/Carideal.mandataire.automobile","https:\/\/x.com\/caridealauto","https:\/\/www.instagram.com\/carideal1\/","https:\/\/www.linkedin.com\/company\/carideal.com","https:\/\/fr.pinterest.com\/schiavonsas\/","https:\/\/www.youtube.com\/user\/caridealsas"]},{"@type":"Person","@id":"https:\/\/www.carideal.com\/blog\/#\/schema\/person\/cd95dc7919660de90d31b366f85be1ec","name":"Nicolas SCHIAVON","image":{"@type":"ImageObject","inLanguage":"fr-FR","@id":"https:\/\/www.carideal.com\/blog\/#\/schema\/person\/image\/","url":"https:\/\/secure.gravatar.com\/avatar\/c17e55009e671d92cc7f5dc837dc418a?s=96&r=g","contentUrl":"https:\/\/secure.gravatar.com\/avatar\/c17e55009e671d92cc7f5dc837dc418a?s=96&r=g","caption":"Nicolas SCHIAVON"},"description":"Nicolas Schiavon est tomb\u00e9 tout petit dans la marmite automobile. Ayant eu un garage de marque automobile, mandataire automobile de la premi\u00e8re heure d\u00e8s 1999. Nicolas a cr\u00e9\u00e9 ces premiers sites de vente de voiture et blog automobile d\u00e8s 1994. Carideal est n\u00e9 le 15 d\u00e9cembre 2000 de la volont\u00e9 de vendre des voitures d'occasions en ligne puis des voitures neuves. Il a pu essayer beaucoup de voitures tr\u00e8s diff\u00e9rentes et ayant eu personnellement quelques belles autos, Subaru Impreza, Mitsubishi Lancer Evo 7, Porsche 911, Ferrari Testarrossa, Audi RS3, RS4 et j'en passe...","sameAs":["http:\/\/www.carideal.com","https:\/\/www.facebook.com\/nicolas.schiavon.39","https:\/\/www.instagram.com\/carideal1\/","https:\/\/www.linkedin.com\/in\/nschiavon\/","https:\/\/x.com\/caridealauto","https:\/\/www.youtube.com\/user\/caridealsas\/"],"url":"https:\/\/www.carideal.com\/blog\/author\/nschiavon\/"}]}},"uagb_featured_image_src":{"full":["https:\/\/www.carideal.com\/blog\/wp-content\/uploads\/2008\/06\/barak-obama-soutien-automobile-americaine.jpg",1200,902,false],"thumbnail":["https:\/\/www.carideal.com\/blog\/wp-content\/uploads\/2008\/06\/barak-obama-soutien-automobile-americaine-150x150.jpg",150,150,true],"medium":["https:\/\/www.carideal.com\/blog\/wp-content\/uploads\/2008\/06\/barak-obama-soutien-automobile-americaine-300x226.jpg",300,226,true],"medium_large":["https:\/\/www.carideal.com\/blog\/wp-content\/uploads\/2008\/06\/barak-obama-soutien-automobile-americaine-768x577.jpg",768,577,true],"large":["https:\/\/www.carideal.com\/blog\/wp-content\/uploads\/2008\/06\/barak-obama-soutien-automobile-americaine-1024x770.jpg",1024,770,true],"1536x1536":["https:\/\/www.carideal.com\/blog\/wp-content\/uploads\/2008\/06\/barak-obama-soutien-automobile-americaine.jpg",1200,902,false],"2048x2048":["https:\/\/www.carideal.com\/blog\/wp-content\/uploads\/2008\/06\/barak-obama-soutien-automobile-americaine.jpg",1200,902,false],"wppr-widget":["https:\/\/www.carideal.com\/blog\/wp-content\/uploads\/2008\/06\/barak-obama-soutien-automobile-americaine-50x38.jpg",50,38,true]},"uagb_author_info":{"display_name":"Nicolas SCHIAVON","author_link":"https:\/\/www.carideal.com\/blog\/author\/nschiavon\/"},"uagb_comment_info":0,"uagb_excerpt":"Barack Obama soutien l'automobile am\u00e9ricaine \"Nous avons ici un probl\u00e8me....Je vais me retrousser les manches et travailler avec vous tel un partenaire\" a d\u00e9clar\u00e9 le candidat \u00e0 l'\u00e9lection pr\u00e9sidentielle am\u00e9ricaine, \u00e0 l'attention des constructeurs automobiles des USA. Cela nous change des discours de nos politiques Francais qui ne pense qu'\u00e0 assassiner l'automobile. Barack Obama, l'ancien\u2026","_links":{"self":[{"href":"https:\/\/www.carideal.com\/blog\/wp-json\/wp\/v2\/posts\/4646"}],"collection":[{"href":"https:\/\/www.carideal.com\/blog\/wp-json\/wp\/v2\/posts"}],"about":[{"href":"https:\/\/www.carideal.com\/blog\/wp-json\/wp\/v2\/types\/post"}],"author":[{"embeddable":true,"href":"https:\/\/www.carideal.com\/blog\/wp-json\/wp\/v2\/users\/3"}],"replies":[{"embeddable":true,"href":"https:\/\/www.carideal.com\/blog\/wp-json\/wp\/v2\/comments?post=4646"}],"version-history":[{"count":0,"href":"https:\/\/www.carideal.com\/blog\/wp-json\/wp\/v2\/posts\/4646\/revisions"}],"wp:featuredmedia":[{"embeddable":true,"href":"https:\/\/www.carideal.com\/blog\/wp-json\/wp\/v2\/media\/27061"}],"wp:attachment":[{"href":"https:\/\/www.carideal.com\/blog\/wp-json\/wp\/v2\/media?parent=4646"}],"wp:term":[{"taxonomy":"category","embeddable":true,"href":"https:\/\/www.carideal.com\/blog\/wp-json\/wp\/v2\/categories?post=4646"},{"taxonomy":"post_tag","embeddable":true,"href":"https:\/\/www.carideal.com\/blog\/wp-json\/wp\/v2\/tags?post=4646"}],"curies":[{"name":"wp","href":"https:\/\/api.w.org\/{rel}","templated":true}]}}