{"id":4637,"date":"2008-05-14T23:00:00","date_gmt":"2008-05-14T23:00:00","guid":{"rendered":"http:\/\/www.carideal.com\/blog\/2008\/05\/14\/controle-technique-le-test-obd-a-commence\/"},"modified":"2025-10-09T15:58:30","modified_gmt":"2025-10-09T13:58:30","slug":"controle-technique-le-test-obd-a-commence","status":"publish","type":"post","link":"https:\/\/www.carideal.com\/blog\/2008\/05\/14\/controle-technique-le-test-obd-a-commence\/","title":{"rendered":"Controle technique le test OBD a commenc\u00e9"},"content":{"rendered":"\n<div><img decoding=\"async\" src=\"http:\/\/www.carideal.com\/images_actualite\/obdcontroletechnique-1210843933.jpg\" alt=\"\">obd controle technique<p><\/p>\n<\/div>\n\n\n\n<p>Depuis le 1er Janvier 2008 les mod\u00e8les mis en irculation apr\u00e8s Janvier 2002 en essence et Janvier 2004 en diesel doivent se pr\u00e9ter \u00e0 un contr\u00f4le suppl\u00e9mentaire visant \u00e0 mettre \u00e0 jour leur m\u00e9moires \u00e9lectronique en mati\u00e8re d'OBD. que veut dire OBD\u00a0? On Board Diagnosis soit diagnostique enbarqu\u00e9. C'est \u00e0 dire que les calculateur de la voiture sont capable de verifier une certaine partie du fonctionnement de la voiture. Le contr\u00f4le technique doit donc s'assurer de la pr\u00e9sence ou non de code d\u00e9faut dans la m\u00e9moire de calculateurs d'injection et de l'allumage du voyant d'auto-diagnostic au moyen d'une <a href=\"https:\/\/www.carideal.com\/blog\/2025\/10\/09\/comment-utiliser-une-valise-diagnostic-auto-decouvrez\/\">valise<\/a>. Il est vrai que depuis que r\u00e8gne le multiplexage dans l'auto, ainsi que l'interaction entre des calculateurs electroniques de tout poils et de plus en plus nombreux, il y a quand m\u00eame un certain nombre de cafouillages de temps en temps. Ce nouveau contr\u00f4le n'est pas soumis \u00e0 contre visite, ce qui peut parra\u00eetre troublant, mais qui correspond \u00e0 une p\u00e9riode probatoire voulu par les pouvoirs publiques, afin de valider la pertinence de tous ces syst\u00e8mes OBD mis en place par les constructeurs. Il est d\u00e9j\u00e0 prevu qu'\u00e0 l'avenir,que le\u00a0seul\u00a0contr\u00f4le OBD remplacera le contr\u00f4le antipolution. En effet une voiture sans d\u00e9faut ne pollue pas. Il en sera de m\u00eame pour les diesels qui de toute fa\u00e7on ont tous tendance \u00e0 s'\u00e9quiper du filtre \u00e0 particule.<\/p>\n","protected":false},"excerpt":{"rendered":"<p>obd controle technique Depuis le 1er Janvier 2008 les mod\u00e8les mis en irculation apr\u00e8s Janvier 2002 en essence et Janvier 2004 en diesel doivent se pr\u00e9ter \u00e0 un contr\u00f4le suppl\u00e9mentaire visant \u00e0 mettre \u00e0 jour leur m\u00e9moires \u00e9lectronique en mati\u00e8re d&rsquo;OBD. que veut dire OBD\u00a0? On Board Diagnosis soit diagnostique enbarqu\u00e9. C&rsquo;est \u00e0 dire que &#8230; <a title=\"Controle technique le test OBD a commenc\u00e9\" class=\"read-more\" href=\"https:\/\/www.carideal.com\/blog\/2008\/05\/14\/controle-technique-le-test-obd-a-commence\/\" aria-label=\"En savoir plus sur Controle technique le test OBD a commenc\u00e9\">Lire plus<\/a><\/p>\n","protected":false},"author":3,"featured_media":0,"comment_status":"open","ping_status":"open","sticky":false,"template":"","format":"standard","meta":{"_uag_custom_page_level_css":"","_themeisle_gutenberg_block_has_review":false,"footnotes":""},"categories":[21],"tags":[1203],"class_list":["post-4637","post","type-post","status-publish","format-standard","hentry","category-actualites-auto","tag-controle-technique"],"wppr_data":{"cwp_meta_box_check":"No"},"yoast_head":"<!-- This site is optimized with the Yoast SEO plugin v24.8.1 - https:\/\/yoast.com\/wordpress\/plugins\/seo\/ -->\n<title>Controle technique le test OBD a commenc\u00e9 - Blog auto Carid\u00e9al<\/title>\n<meta name=\"robots\" content=\"index, follow, max-snippet:-1, max-image-preview:large, max-video-preview:-1\" \/>\n<link rel=\"canonical\" href=\"https:\/\/www.carideal.com\/blog\/2008\/05\/14\/controle-technique-le-test-obd-a-commence\/\" \/>\n<meta property=\"og:locale\" content=\"fr_FR\" \/>\n<meta property=\"og:type\" content=\"article\" \/>\n<meta property=\"og:title\" content=\"Controle technique le test OBD a commenc\u00e9 - Blog auto Carid\u00e9al\" \/>\n<meta property=\"og:description\" content=\"obd controle technique Depuis le 1er Janvier 2008 les mod\u00e8les mis en irculation apr\u00e8s Janvier 2002 en essence et Janvier 2004 en diesel doivent se pr\u00e9ter \u00e0 un contr\u00f4le suppl\u00e9mentaire visant \u00e0 mettre \u00e0 jour leur m\u00e9moires \u00e9lectronique en mati\u00e8re d&#039;OBD. que veut dire OBD\u00a0? On Board Diagnosis soit diagnostique enbarqu\u00e9. C&#039;est \u00e0 dire que ... Lire plus\" \/>\n<meta property=\"og:url\" content=\"https:\/\/www.carideal.com\/blog\/2008\/05\/14\/controle-technique-le-test-obd-a-commence\/\" \/>\n<meta property=\"og:site_name\" content=\"Blog auto Carid\u00e9al\" \/>\n<meta property=\"article:publisher\" content=\"https:\/\/www.facebook.com\/Carideal.mandataire.automobile\" \/>\n<meta property=\"article:author\" content=\"https:\/\/www.facebook.com\/nicolas.schiavon.39\" \/>\n<meta property=\"article:published_time\" content=\"2008-05-14T23:00:00+00:00\" \/>\n<meta property=\"article:modified_time\" content=\"2025-10-09T13:58:30+00:00\" \/>\n<meta property=\"og:image\" content=\"http:\/\/www.carideal.com\/images_actualite\/obdcontroletechnique-1210843933.jpg\" \/>\n<meta name=\"author\" content=\"Nicolas SCHIAVON\" \/>\n<meta name=\"twitter:card\" content=\"summary_large_image\" \/>\n<meta name=\"twitter:creator\" content=\"@caridealauto\" \/>\n<meta name=\"twitter:site\" content=\"@caridealauto\" \/>\n<meta name=\"twitter:label1\" content=\"\u00c9crit par\" \/>\n\t<meta name=\"twitter:data1\" content=\"Nicolas SCHIAVON\" \/>\n\t<meta name=\"twitter:label2\" content=\"Dur\u00e9e de lecture estim\u00e9e\" \/>\n\t<meta name=\"twitter:data2\" content=\"2 minutes\" \/>\n<script type=\"application\/ld+json\" class=\"yoast-schema-graph\">{\"@context\":\"https:\/\/schema.org\",\"@graph\":[{\"@type\":\"Article\",\"@id\":\"https:\/\/www.carideal.com\/blog\/2008\/05\/14\/controle-technique-le-test-obd-a-commence\/#article\",\"isPartOf\":{\"@id\":\"https:\/\/www.carideal.com\/blog\/2008\/05\/14\/controle-technique-le-test-obd-a-commence\/\"},\"author\":{\"name\":\"Nicolas SCHIAVON\",\"@id\":\"https:\/\/www.carideal.com\/blog\/#\/schema\/person\/cd95dc7919660de90d31b366f85be1ec\"},\"headline\":\"Controle technique le test OBD a commenc\u00e9\",\"datePublished\":\"2008-05-14T23:00:00+00:00\",\"dateModified\":\"2025-10-09T13:58:30+00:00\",\"mainEntityOfPage\":{\"@id\":\"https:\/\/www.carideal.com\/blog\/2008\/05\/14\/controle-technique-le-test-obd-a-commence\/\"},\"wordCount\":250,\"commentCount\":0,\"publisher\":{\"@id\":\"https:\/\/www.carideal.com\/blog\/#organization\"},\"image\":{\"@id\":\"https:\/\/www.carideal.com\/blog\/2008\/05\/14\/controle-technique-le-test-obd-a-commence\/#primaryimage\"},\"thumbnailUrl\":\"http:\/\/www.carideal.com\/images_actualite\/obdcontroletechnique-1210843933.jpg\",\"keywords\":[\"contr\u00f4le technique\"],\"articleSection\":[\"Actualit\u00e9 automobile\"],\"inLanguage\":\"fr-FR\",\"potentialAction\":[{\"@type\":\"CommentAction\",\"name\":\"Comment\",\"target\":[\"https:\/\/www.carideal.com\/blog\/2008\/05\/14\/controle-technique-le-test-obd-a-commence\/#respond\"]}]},{\"@type\":\"WebPage\",\"@id\":\"https:\/\/www.carideal.com\/blog\/2008\/05\/14\/controle-technique-le-test-obd-a-commence\/\",\"url\":\"https:\/\/www.carideal.com\/blog\/2008\/05\/14\/controle-technique-le-test-obd-a-commence\/\",\"name\":\"Controle technique le test OBD a commenc\u00e9 - Blog auto Carid\u00e9al\",\"isPartOf\":{\"@id\":\"https:\/\/www.carideal.com\/blog\/#website\"},\"primaryImageOfPage\":{\"@id\":\"https:\/\/www.carideal.com\/blog\/2008\/05\/14\/controle-technique-le-test-obd-a-commence\/#primaryimage\"},\"image\":{\"@id\":\"https:\/\/www.carideal.com\/blog\/2008\/05\/14\/controle-technique-le-test-obd-a-commence\/#primaryimage\"},\"thumbnailUrl\":\"http:\/\/www.carideal.com\/images_actualite\/obdcontroletechnique-1210843933.jpg\",\"datePublished\":\"2008-05-14T23:00:00+00:00\",\"dateModified\":\"2025-10-09T13:58:30+00:00\",\"breadcrumb\":{\"@id\":\"https:\/\/www.carideal.com\/blog\/2008\/05\/14\/controle-technique-le-test-obd-a-commence\/#breadcrumb\"},\"inLanguage\":\"fr-FR\",\"potentialAction\":[{\"@type\":\"ReadAction\",\"target\":[\"https:\/\/www.carideal.com\/blog\/2008\/05\/14\/controle-technique-le-test-obd-a-commence\/\"]}]},{\"@type\":\"ImageObject\",\"inLanguage\":\"fr-FR\",\"@id\":\"https:\/\/www.carideal.com\/blog\/2008\/05\/14\/controle-technique-le-test-obd-a-commence\/#primaryimage\",\"url\":\"http:\/\/www.carideal.com\/images_actualite\/obdcontroletechnique-1210843933.jpg\",\"contentUrl\":\"http:\/\/www.carideal.com\/images_actualite\/obdcontroletechnique-1210843933.jpg\"},{\"@type\":\"BreadcrumbList\",\"@id\":\"https:\/\/www.carideal.com\/blog\/2008\/05\/14\/controle-technique-le-test-obd-a-commence\/#breadcrumb\",\"itemListElement\":[{\"@type\":\"ListItem\",\"position\":1,\"name\":\"Blog Carid\u00e9al\",\"item\":\"https:\/\/www.carideal.com\/blog\/\"},{\"@type\":\"ListItem\",\"position\":2,\"name\":\"Actualit\u00e9 automobile\",\"item\":\"https:\/\/www.carideal.com\/blog\/actualites-auto\/\"},{\"@type\":\"ListItem\",\"position\":3,\"name\":\"Controle technique le test OBD a commenc\u00e9\"}]},{\"@type\":\"WebSite\",\"@id\":\"https:\/\/www.carideal.com\/blog\/#website\",\"url\":\"https:\/\/www.carideal.com\/blog\/\",\"name\":\"Blog auto Carid\u00e9al\",\"description\":\"Actualit\u00e9 auto par des passionn\u00e9s\",\"publisher\":{\"@id\":\"https:\/\/www.carideal.com\/blog\/#organization\"},\"potentialAction\":[{\"@type\":\"SearchAction\",\"target\":{\"@type\":\"EntryPoint\",\"urlTemplate\":\"https:\/\/www.carideal.com\/blog\/?s={search_term_string}\"},\"query-input\":{\"@type\":\"PropertyValueSpecification\",\"valueRequired\":true,\"valueName\":\"search_term_string\"}}],\"inLanguage\":\"fr-FR\"},{\"@type\":\"Organization\",\"@id\":\"https:\/\/www.carideal.com\/blog\/#organization\",\"name\":\"Carideal\",\"url\":\"https:\/\/www.carideal.com\/blog\/\",\"logo\":{\"@type\":\"ImageObject\",\"inLanguage\":\"fr-FR\",\"@id\":\"https:\/\/www.carideal.com\/blog\/#\/schema\/logo\/image\/\",\"url\":\"http:\/\/www.carideal.com\/blog\/wp-content\/uploads\/2016\/03\/logo-carideal-mandataire-automobile.png\",\"contentUrl\":\"http:\/\/www.carideal.com\/blog\/wp-content\/uploads\/2016\/03\/logo-carideal-mandataire-automobile.png\",\"width\":300,\"height\":300,\"caption\":\"Carideal\"},\"image\":{\"@id\":\"https:\/\/www.carideal.com\/blog\/#\/schema\/logo\/image\/\"},\"sameAs\":[\"https:\/\/www.facebook.com\/Carideal.mandataire.automobile\",\"https:\/\/x.com\/caridealauto\",\"https:\/\/www.instagram.com\/carideal1\/\",\"https:\/\/www.linkedin.com\/company\/carideal.com\",\"https:\/\/fr.pinterest.com\/schiavonsas\/\",\"https:\/\/www.youtube.com\/user\/caridealsas\"]},{\"@type\":\"Person\",\"@id\":\"https:\/\/www.carideal.com\/blog\/#\/schema\/person\/cd95dc7919660de90d31b366f85be1ec\",\"name\":\"Nicolas SCHIAVON\",\"image\":{\"@type\":\"ImageObject\",\"inLanguage\":\"fr-FR\",\"@id\":\"https:\/\/www.carideal.com\/blog\/#\/schema\/person\/image\/\",\"url\":\"https:\/\/secure.gravatar.com\/avatar\/c17e55009e671d92cc7f5dc837dc418a?s=96&r=g\",\"contentUrl\":\"https:\/\/secure.gravatar.com\/avatar\/c17e55009e671d92cc7f5dc837dc418a?s=96&r=g\",\"caption\":\"Nicolas SCHIAVON\"},\"description\":\"Nicolas Schiavon est tomb\u00e9 tout petit dans la marmite automobile. Ayant eu un garage de marque automobile, mandataire automobile de la premi\u00e8re heure d\u00e8s 1999. Nicolas a cr\u00e9\u00e9 ces premiers sites de vente de voiture et blog automobile d\u00e8s 1994. Carideal est n\u00e9 le 15 d\u00e9cembre 2000 de la volont\u00e9 de vendre des voitures d'occasions en ligne puis des voitures neuves. Il a pu essayer beaucoup de voitures tr\u00e8s diff\u00e9rentes et ayant eu personnellement quelques belles autos, Subaru Impreza, Mitsubishi Lancer Evo 7, Porsche 911, Ferrari Testarrossa, Audi RS3, RS4 et j'en passe...\",\"sameAs\":[\"http:\/\/www.carideal.com\",\"https:\/\/www.facebook.com\/nicolas.schiavon.39\",\"https:\/\/www.instagram.com\/carideal1\/\",\"https:\/\/www.linkedin.com\/in\/nschiavon\/\",\"https:\/\/x.com\/caridealauto\",\"https:\/\/www.youtube.com\/user\/caridealsas\/\"],\"url\":\"https:\/\/www.carideal.com\/blog\/author\/nschiavon\/\"}]}<\/script>\n<!-- \/ Yoast SEO plugin. -->","yoast_head_json":{"title":"Controle technique le test OBD a commenc\u00e9 - Blog auto Carid\u00e9al","robots":{"index":"index","follow":"follow","max-snippet":"max-snippet:-1","max-image-preview":"max-image-preview:large","max-video-preview":"max-video-preview:-1"},"canonical":"https:\/\/www.carideal.com\/blog\/2008\/05\/14\/controle-technique-le-test-obd-a-commence\/","og_locale":"fr_FR","og_type":"article","og_title":"Controle technique le test OBD a commenc\u00e9 - Blog auto Carid\u00e9al","og_description":"obd controle technique Depuis le 1er Janvier 2008 les mod\u00e8les mis en irculation apr\u00e8s Janvier 2002 en essence et Janvier 2004 en diesel doivent se pr\u00e9ter \u00e0 un contr\u00f4le suppl\u00e9mentaire visant \u00e0 mettre \u00e0 jour leur m\u00e9moires \u00e9lectronique en mati\u00e8re d'OBD. que veut dire OBD\u00a0? On Board Diagnosis soit diagnostique enbarqu\u00e9. C'est \u00e0 dire que ... Lire plus","og_url":"https:\/\/www.carideal.com\/blog\/2008\/05\/14\/controle-technique-le-test-obd-a-commence\/","og_site_name":"Blog auto Carid\u00e9al","article_publisher":"https:\/\/www.facebook.com\/Carideal.mandataire.automobile","article_author":"https:\/\/www.facebook.com\/nicolas.schiavon.39","article_published_time":"2008-05-14T23:00:00+00:00","article_modified_time":"2025-10-09T13:58:30+00:00","og_image":[{"url":"http:\/\/www.carideal.com\/images_actualite\/obdcontroletechnique-1210843933.jpg","type":"","width":"","height":""}],"author":"Nicolas SCHIAVON","twitter_card":"summary_large_image","twitter_creator":"@caridealauto","twitter_site":"@caridealauto","twitter_misc":{"\u00c9crit par":"Nicolas SCHIAVON","Dur\u00e9e de lecture estim\u00e9e":"2 minutes"},"schema":{"@context":"https:\/\/schema.org","@graph":[{"@type":"Article","@id":"https:\/\/www.carideal.com\/blog\/2008\/05\/14\/controle-technique-le-test-obd-a-commence\/#article","isPartOf":{"@id":"https:\/\/www.carideal.com\/blog\/2008\/05\/14\/controle-technique-le-test-obd-a-commence\/"},"author":{"name":"Nicolas SCHIAVON","@id":"https:\/\/www.carideal.com\/blog\/#\/schema\/person\/cd95dc7919660de90d31b366f85be1ec"},"headline":"Controle technique le test OBD a commenc\u00e9","datePublished":"2008-05-14T23:00:00+00:00","dateModified":"2025-10-09T13:58:30+00:00","mainEntityOfPage":{"@id":"https:\/\/www.carideal.com\/blog\/2008\/05\/14\/controle-technique-le-test-obd-a-commence\/"},"wordCount":250,"commentCount":0,"publisher":{"@id":"https:\/\/www.carideal.com\/blog\/#organization"},"image":{"@id":"https:\/\/www.carideal.com\/blog\/2008\/05\/14\/controle-technique-le-test-obd-a-commence\/#primaryimage"},"thumbnailUrl":"http:\/\/www.carideal.com\/images_actualite\/obdcontroletechnique-1210843933.jpg","keywords":["contr\u00f4le technique"],"articleSection":["Actualit\u00e9 automobile"],"inLanguage":"fr-FR","potentialAction":[{"@type":"CommentAction","name":"Comment","target":["https:\/\/www.carideal.com\/blog\/2008\/05\/14\/controle-technique-le-test-obd-a-commence\/#respond"]}]},{"@type":"WebPage","@id":"https:\/\/www.carideal.com\/blog\/2008\/05\/14\/controle-technique-le-test-obd-a-commence\/","url":"https:\/\/www.carideal.com\/blog\/2008\/05\/14\/controle-technique-le-test-obd-a-commence\/","name":"Controle technique le test OBD a commenc\u00e9 - Blog auto Carid\u00e9al","isPartOf":{"@id":"https:\/\/www.carideal.com\/blog\/#website"},"primaryImageOfPage":{"@id":"https:\/\/www.carideal.com\/blog\/2008\/05\/14\/controle-technique-le-test-obd-a-commence\/#primaryimage"},"image":{"@id":"https:\/\/www.carideal.com\/blog\/2008\/05\/14\/controle-technique-le-test-obd-a-commence\/#primaryimage"},"thumbnailUrl":"http:\/\/www.carideal.com\/images_actualite\/obdcontroletechnique-1210843933.jpg","datePublished":"2008-05-14T23:00:00+00:00","dateModified":"2025-10-09T13:58:30+00:00","breadcrumb":{"@id":"https:\/\/www.carideal.com\/blog\/2008\/05\/14\/controle-technique-le-test-obd-a-commence\/#breadcrumb"},"inLanguage":"fr-FR","potentialAction":[{"@type":"ReadAction","target":["https:\/\/www.carideal.com\/blog\/2008\/05\/14\/controle-technique-le-test-obd-a-commence\/"]}]},{"@type":"ImageObject","inLanguage":"fr-FR","@id":"https:\/\/www.carideal.com\/blog\/2008\/05\/14\/controle-technique-le-test-obd-a-commence\/#primaryimage","url":"http:\/\/www.carideal.com\/images_actualite\/obdcontroletechnique-1210843933.jpg","contentUrl":"http:\/\/www.carideal.com\/images_actualite\/obdcontroletechnique-1210843933.jpg"},{"@type":"BreadcrumbList","@id":"https:\/\/www.carideal.com\/blog\/2008\/05\/14\/controle-technique-le-test-obd-a-commence\/#breadcrumb","itemListElement":[{"@type":"ListItem","position":1,"name":"Blog Carid\u00e9al","item":"https:\/\/www.carideal.com\/blog\/"},{"@type":"ListItem","position":2,"name":"Actualit\u00e9 automobile","item":"https:\/\/www.carideal.com\/blog\/actualites-auto\/"},{"@type":"ListItem","position":3,"name":"Controle technique le test OBD a commenc\u00e9"}]},{"@type":"WebSite","@id":"https:\/\/www.carideal.com\/blog\/#website","url":"https:\/\/www.carideal.com\/blog\/","name":"Blog auto Carid\u00e9al","description":"Actualit\u00e9 auto par des passionn\u00e9s","publisher":{"@id":"https:\/\/www.carideal.com\/blog\/#organization"},"potentialAction":[{"@type":"SearchAction","target":{"@type":"EntryPoint","urlTemplate":"https:\/\/www.carideal.com\/blog\/?s={search_term_string}"},"query-input":{"@type":"PropertyValueSpecification","valueRequired":true,"valueName":"search_term_string"}}],"inLanguage":"fr-FR"},{"@type":"Organization","@id":"https:\/\/www.carideal.com\/blog\/#organization","name":"Carideal","url":"https:\/\/www.carideal.com\/blog\/","logo":{"@type":"ImageObject","inLanguage":"fr-FR","@id":"https:\/\/www.carideal.com\/blog\/#\/schema\/logo\/image\/","url":"http:\/\/www.carideal.com\/blog\/wp-content\/uploads\/2016\/03\/logo-carideal-mandataire-automobile.png","contentUrl":"http:\/\/www.carideal.com\/blog\/wp-content\/uploads\/2016\/03\/logo-carideal-mandataire-automobile.png","width":300,"height":300,"caption":"Carideal"},"image":{"@id":"https:\/\/www.carideal.com\/blog\/#\/schema\/logo\/image\/"},"sameAs":["https:\/\/www.facebook.com\/Carideal.mandataire.automobile","https:\/\/x.com\/caridealauto","https:\/\/www.instagram.com\/carideal1\/","https:\/\/www.linkedin.com\/company\/carideal.com","https:\/\/fr.pinterest.com\/schiavonsas\/","https:\/\/www.youtube.com\/user\/caridealsas"]},{"@type":"Person","@id":"https:\/\/www.carideal.com\/blog\/#\/schema\/person\/cd95dc7919660de90d31b366f85be1ec","name":"Nicolas SCHIAVON","image":{"@type":"ImageObject","inLanguage":"fr-FR","@id":"https:\/\/www.carideal.com\/blog\/#\/schema\/person\/image\/","url":"https:\/\/secure.gravatar.com\/avatar\/c17e55009e671d92cc7f5dc837dc418a?s=96&r=g","contentUrl":"https:\/\/secure.gravatar.com\/avatar\/c17e55009e671d92cc7f5dc837dc418a?s=96&r=g","caption":"Nicolas SCHIAVON"},"description":"Nicolas Schiavon est tomb\u00e9 tout petit dans la marmite automobile. Ayant eu un garage de marque automobile, mandataire automobile de la premi\u00e8re heure d\u00e8s 1999. Nicolas a cr\u00e9\u00e9 ces premiers sites de vente de voiture et blog automobile d\u00e8s 1994. Carideal est n\u00e9 le 15 d\u00e9cembre 2000 de la volont\u00e9 de vendre des voitures d'occasions en ligne puis des voitures neuves. Il a pu essayer beaucoup de voitures tr\u00e8s diff\u00e9rentes et ayant eu personnellement quelques belles autos, Subaru Impreza, Mitsubishi Lancer Evo 7, Porsche 911, Ferrari Testarrossa, Audi RS3, RS4 et j'en passe...","sameAs":["http:\/\/www.carideal.com","https:\/\/www.facebook.com\/nicolas.schiavon.39","https:\/\/www.instagram.com\/carideal1\/","https:\/\/www.linkedin.com\/in\/nschiavon\/","https:\/\/x.com\/caridealauto","https:\/\/www.youtube.com\/user\/caridealsas\/"],"url":"https:\/\/www.carideal.com\/blog\/author\/nschiavon\/"}]}},"uagb_featured_image_src":{"full":false,"thumbnail":false,"medium":false,"medium_large":false,"large":false,"1536x1536":false,"2048x2048":false,"wppr-widget":false},"uagb_author_info":{"display_name":"Nicolas SCHIAVON","author_link":"https:\/\/www.carideal.com\/blog\/author\/nschiavon\/"},"uagb_comment_info":0,"uagb_excerpt":"obd controle technique Depuis le 1er Janvier 2008 les mod\u00e8les mis en irculation apr\u00e8s Janvier 2002 en essence et Janvier 2004 en diesel doivent se pr\u00e9ter \u00e0 un contr\u00f4le suppl\u00e9mentaire visant \u00e0 mettre \u00e0 jour leur m\u00e9moires \u00e9lectronique en mati\u00e8re d'OBD. que veut dire OBD\u00a0? On Board Diagnosis soit diagnostique enbarqu\u00e9. C'est \u00e0 dire que\u2026","_links":{"self":[{"href":"https:\/\/www.carideal.com\/blog\/wp-json\/wp\/v2\/posts\/4637"}],"collection":[{"href":"https:\/\/www.carideal.com\/blog\/wp-json\/wp\/v2\/posts"}],"about":[{"href":"https:\/\/www.carideal.com\/blog\/wp-json\/wp\/v2\/types\/post"}],"author":[{"embeddable":true,"href":"https:\/\/www.carideal.com\/blog\/wp-json\/wp\/v2\/users\/3"}],"replies":[{"embeddable":true,"href":"https:\/\/www.carideal.com\/blog\/wp-json\/wp\/v2\/comments?post=4637"}],"version-history":[{"count":1,"href":"https:\/\/www.carideal.com\/blog\/wp-json\/wp\/v2\/posts\/4637\/revisions"}],"predecessor-version":[{"id":28253,"href":"https:\/\/www.carideal.com\/blog\/wp-json\/wp\/v2\/posts\/4637\/revisions\/28253"}],"wp:attachment":[{"href":"https:\/\/www.carideal.com\/blog\/wp-json\/wp\/v2\/media?parent=4637"}],"wp:term":[{"taxonomy":"category","embeddable":true,"href":"https:\/\/www.carideal.com\/blog\/wp-json\/wp\/v2\/categories?post=4637"},{"taxonomy":"post_tag","embeddable":true,"href":"https:\/\/www.carideal.com\/blog\/wp-json\/wp\/v2\/tags?post=4637"}],"curies":[{"name":"wp","href":"https:\/\/api.w.org\/{rel}","templated":true}]}}