{"id":4632,"date":"2008-04-16T23:00:00","date_gmt":"2008-04-16T23:00:00","guid":{"rendered":"http:\/\/www.carideal.com\/blog\/2008\/04\/16\/308-neuve-en-stock-a-16-de-remlise\/"},"modified":"2015-09-12T22:23:43","modified_gmt":"2015-09-12T20:23:43","slug":"308-neuve-en-stock-a-16-de-remise","status":"publish","type":"post","link":"https:\/\/www.carideal.com\/blog\/2008\/04\/16\/308-neuve-en-stock-a-16-de-remise\/","title":{"rendered":"Peugeot 308 neuve avec remise"},"content":{"rendered":"<div><img decoding=\"async\" src=\"http:\/\/www.carideal.com\/images_actualite\/peugeot308carideal-1208429293.jpg\" alt=\"\" \/>Remise sur 308 en stock<\/p>\n<\/div>\n<p><strong>PEUGEOT 308 NEUVES\u00a0 en STOCK<\/strong><\/p>\n<p><strong><span style=\"color: #ff0000;\">308 HDI 1.6L 110 FAP PREMIUM option<\/span><\/strong><\/p>\n<p>BV6 ESP, banquette AR 2\/3 1\/3, r\u00e9gulateur de vitesse, airbag passager d\u00e9connectable, volant reglable, pack ergonomie, accoudoir central, siege passager et conducteur reglable en hauteur, volant cuir, r\u00e9tros electriques et rabat \u00e9lectriquement, pare-brise athermique et accoustique, systeme audio RD4 et MP3, jantes alu 16, pack look, peinture metalisee, clim automatique, ABS, 4 vitres electriques, ordinateur de bord, antibrouillards, pack look style,<\/p>\n<p><strong>15 voitures en stock clim auto et JA 16 : 20500\u00a0 \u20ac<\/strong><\/p>\n<p><strong>5 voitures en stock clim auto et JA 17 : 20700 \u20ac<\/strong><\/p>\n<p><strong>14 voitures en stock clim meca et JA 16 : 20100 \u20ac<\/strong><\/p>\n<p>5 x PEUGEOT 308 Premium 1.6 HDI 110 Cv FAP 5 Portes<br \/>\n1560 cc 88 kw 110 cv HDI 5 Vitesses + FAP<br \/>\n2x Gris thorium \u2013 1x Gris Cendr\u00e9 \u2013 1x Noir Perla Nera \u2013 1x Gris Cendr\u00e9 Interieur Tissu \u00ab Starting \u00bb<br \/>\nV\u00e9hicules en stock : 1 semaine<br \/>\nDescription : Immatriculation 2008<br \/>\nClim Auto Bi-Zone, ABS + AFU, 8 Airbags, Antid\u00e9marrage, Verouillage Central avec Plip, 4x Vitres \u00e9lectriques, Isofix, Radio cd RD4 avec Commandes au Volant , R\u00e9gulateur de Vitesse, Jantes Alu 16 \u00bb (OL07), D\u00e9tecteur de Pluie &amp; D\u2019obscurit\u00e9, Ordinateur de Bord, Phares Antibrouillard, Peinture M\u00e9tal, Pare-chocs AV &amp; AR Sport, Pack Look,<\/p>\n<p><strong>PRIX : 19700 \u20ac<\/strong><\/p>\n<p>2x PEUGEOT 308 Premium 1.6 HDI 110 Cv FAP 5 Portes 6 Vitesses !!!<br \/>\n1560 cc 88 kw 110 cv HDI 6 Vitesses + FAP<br \/>\n2x Gris Aluminium Interieur Tissu \u00ab Starting \u00bb<br \/>\nV\u00e9hicules en stock : 1 semaine<br \/>\nDescription : Immatriculation 2008<br \/>\nClim Auto Bi-Zone, ABS + AFU, 8 Airbags, Antid\u00e9marrage, Verouillage Central avec Plip, 4x Vitres \u00e9lectriques, Isofix, Radio cd RD4 avec Commandes au Volant , R\u00e9gulateur de Vitesse, Jantes Alu 16 \u00bb (OL07), D\u00e9tecteur de Pluie &amp; D\u2019obscurit\u00e9, Ordinateur de Bord, Phares Antibrouillard, Peinture M\u00e9tal, Pare-chocs AV &amp; AR Sport, Pack Look,<\/p>\n<p><strong>PRIX : 19990 \u20ac<br \/>\n<\/strong><\/p>\n","protected":false},"excerpt":{"rendered":"<p>Remise sur 308 en stock PEUGEOT 308 NEUVES\u00a0 en STOCK 308 HDI 1.6L 110 FAP PREMIUM option BV6 ESP, banquette AR 2\/3 1\/3, r\u00e9gulateur de vitesse, airbag passager d\u00e9connectable, volant reglable, pack ergonomie, accoudoir central, siege passager et conducteur reglable en hauteur, volant cuir, r\u00e9tros electriques et rabat \u00e9lectriquement, pare-brise athermique et accoustique, systeme audio &#8230; <a title=\"Peugeot 308 neuve avec remise\" class=\"read-more\" href=\"https:\/\/www.carideal.com\/blog\/2008\/04\/16\/308-neuve-en-stock-a-16-de-remise\/\" aria-label=\"En savoir plus sur Peugeot 308 neuve avec remise\">Lire plus<\/a><\/p>\n","protected":false},"author":3,"featured_media":0,"comment_status":"open","ping_status":"open","sticky":false,"template":"","format":"standard","meta":{"_uag_custom_page_level_css":"","_themeisle_gutenberg_block_has_review":false,"footnotes":""},"categories":[21],"tags":[29],"class_list":["post-4632","post","type-post","status-publish","format-standard","hentry","category-actualites-auto","tag-remise"],"wppr_data":[],"yoast_head":"<!-- This site is optimized with the Yoast SEO plugin v24.8.1 - https:\/\/yoast.com\/wordpress\/plugins\/seo\/ -->\n<title>Peugeot 308 neuve avec remise - Blog auto Carid\u00e9al<\/title>\n<meta name=\"robots\" content=\"index, follow, max-snippet:-1, max-image-preview:large, max-video-preview:-1\" \/>\n<link rel=\"canonical\" href=\"https:\/\/www.carideal.com\/blog\/2008\/04\/16\/308-neuve-en-stock-a-16-de-remise\/\" \/>\n<meta property=\"og:locale\" content=\"fr_FR\" \/>\n<meta property=\"og:type\" content=\"article\" \/>\n<meta property=\"og:title\" content=\"Peugeot 308 neuve avec remise - Blog auto Carid\u00e9al\" \/>\n<meta property=\"og:description\" content=\"Remise sur 308 en stock PEUGEOT 308 NEUVES\u00a0 en STOCK 308 HDI 1.6L 110 FAP PREMIUM option BV6 ESP, banquette AR 2\/3 1\/3, r\u00e9gulateur de vitesse, airbag passager d\u00e9connectable, volant reglable, pack ergonomie, accoudoir central, siege passager et conducteur reglable en hauteur, volant cuir, r\u00e9tros electriques et rabat \u00e9lectriquement, pare-brise athermique et accoustique, systeme audio ... Lire plus\" \/>\n<meta property=\"og:url\" content=\"https:\/\/www.carideal.com\/blog\/2008\/04\/16\/308-neuve-en-stock-a-16-de-remise\/\" \/>\n<meta property=\"og:site_name\" content=\"Blog auto Carid\u00e9al\" \/>\n<meta property=\"article:publisher\" content=\"https:\/\/www.facebook.com\/Carideal.mandataire.automobile\" \/>\n<meta property=\"article:author\" content=\"https:\/\/www.facebook.com\/nicolas.schiavon.39\" \/>\n<meta property=\"article:published_time\" content=\"2008-04-16T23:00:00+00:00\" \/>\n<meta property=\"article:modified_time\" content=\"2015-09-12T20:23:43+00:00\" \/>\n<meta property=\"og:image\" content=\"http:\/\/www.carideal.com\/images_actualite\/peugeot308carideal-1208429293.jpg\" \/>\n<meta name=\"author\" content=\"Nicolas SCHIAVON\" \/>\n<meta name=\"twitter:card\" content=\"summary_large_image\" \/>\n<meta name=\"twitter:creator\" content=\"@caridealauto\" \/>\n<meta name=\"twitter:site\" content=\"@caridealauto\" \/>\n<meta name=\"twitter:label1\" content=\"\u00c9crit par\" \/>\n\t<meta name=\"twitter:data1\" content=\"Nicolas SCHIAVON\" \/>\n\t<meta name=\"twitter:label2\" content=\"Dur\u00e9e de lecture estim\u00e9e\" \/>\n\t<meta name=\"twitter:data2\" content=\"1 minute\" \/>\n<script type=\"application\/ld+json\" class=\"yoast-schema-graph\">{\"@context\":\"https:\/\/schema.org\",\"@graph\":[{\"@type\":\"Article\",\"@id\":\"https:\/\/www.carideal.com\/blog\/2008\/04\/16\/308-neuve-en-stock-a-16-de-remise\/#article\",\"isPartOf\":{\"@id\":\"https:\/\/www.carideal.com\/blog\/2008\/04\/16\/308-neuve-en-stock-a-16-de-remise\/\"},\"author\":{\"name\":\"Nicolas SCHIAVON\",\"@id\":\"https:\/\/www.carideal.com\/blog\/#\/schema\/person\/cd95dc7919660de90d31b366f85be1ec\"},\"headline\":\"Peugeot 308 neuve avec remise\",\"datePublished\":\"2008-04-16T23:00:00+00:00\",\"dateModified\":\"2015-09-12T20:23:43+00:00\",\"mainEntityOfPage\":{\"@id\":\"https:\/\/www.carideal.com\/blog\/2008\/04\/16\/308-neuve-en-stock-a-16-de-remise\/\"},\"wordCount\":267,\"commentCount\":0,\"publisher\":{\"@id\":\"https:\/\/www.carideal.com\/blog\/#organization\"},\"image\":{\"@id\":\"https:\/\/www.carideal.com\/blog\/2008\/04\/16\/308-neuve-en-stock-a-16-de-remise\/#primaryimage\"},\"thumbnailUrl\":\"http:\/\/www.carideal.com\/images_actualite\/peugeot308carideal-1208429293.jpg\",\"keywords\":[\"Remise voiture neuve\"],\"articleSection\":[\"Actualit\u00e9 automobile\"],\"inLanguage\":\"fr-FR\",\"potentialAction\":[{\"@type\":\"CommentAction\",\"name\":\"Comment\",\"target\":[\"https:\/\/www.carideal.com\/blog\/2008\/04\/16\/308-neuve-en-stock-a-16-de-remise\/#respond\"]}]},{\"@type\":\"WebPage\",\"@id\":\"https:\/\/www.carideal.com\/blog\/2008\/04\/16\/308-neuve-en-stock-a-16-de-remise\/\",\"url\":\"https:\/\/www.carideal.com\/blog\/2008\/04\/16\/308-neuve-en-stock-a-16-de-remise\/\",\"name\":\"Peugeot 308 neuve avec remise - Blog auto Carid\u00e9al\",\"isPartOf\":{\"@id\":\"https:\/\/www.carideal.com\/blog\/#website\"},\"primaryImageOfPage\":{\"@id\":\"https:\/\/www.carideal.com\/blog\/2008\/04\/16\/308-neuve-en-stock-a-16-de-remise\/#primaryimage\"},\"image\":{\"@id\":\"https:\/\/www.carideal.com\/blog\/2008\/04\/16\/308-neuve-en-stock-a-16-de-remise\/#primaryimage\"},\"thumbnailUrl\":\"http:\/\/www.carideal.com\/images_actualite\/peugeot308carideal-1208429293.jpg\",\"datePublished\":\"2008-04-16T23:00:00+00:00\",\"dateModified\":\"2015-09-12T20:23:43+00:00\",\"breadcrumb\":{\"@id\":\"https:\/\/www.carideal.com\/blog\/2008\/04\/16\/308-neuve-en-stock-a-16-de-remise\/#breadcrumb\"},\"inLanguage\":\"fr-FR\",\"potentialAction\":[{\"@type\":\"ReadAction\",\"target\":[\"https:\/\/www.carideal.com\/blog\/2008\/04\/16\/308-neuve-en-stock-a-16-de-remise\/\"]}]},{\"@type\":\"ImageObject\",\"inLanguage\":\"fr-FR\",\"@id\":\"https:\/\/www.carideal.com\/blog\/2008\/04\/16\/308-neuve-en-stock-a-16-de-remise\/#primaryimage\",\"url\":\"http:\/\/www.carideal.com\/images_actualite\/peugeot308carideal-1208429293.jpg\",\"contentUrl\":\"http:\/\/www.carideal.com\/images_actualite\/peugeot308carideal-1208429293.jpg\"},{\"@type\":\"BreadcrumbList\",\"@id\":\"https:\/\/www.carideal.com\/blog\/2008\/04\/16\/308-neuve-en-stock-a-16-de-remise\/#breadcrumb\",\"itemListElement\":[{\"@type\":\"ListItem\",\"position\":1,\"name\":\"Blog Carid\u00e9al\",\"item\":\"https:\/\/www.carideal.com\/blog\/\"},{\"@type\":\"ListItem\",\"position\":2,\"name\":\"Actualit\u00e9 automobile\",\"item\":\"https:\/\/www.carideal.com\/blog\/actualites-auto\/\"},{\"@type\":\"ListItem\",\"position\":3,\"name\":\"Peugeot 308 neuve avec remise\"}]},{\"@type\":\"WebSite\",\"@id\":\"https:\/\/www.carideal.com\/blog\/#website\",\"url\":\"https:\/\/www.carideal.com\/blog\/\",\"name\":\"Blog auto Carid\u00e9al\",\"description\":\"Actualit\u00e9 auto par des passionn\u00e9s\",\"publisher\":{\"@id\":\"https:\/\/www.carideal.com\/blog\/#organization\"},\"potentialAction\":[{\"@type\":\"SearchAction\",\"target\":{\"@type\":\"EntryPoint\",\"urlTemplate\":\"https:\/\/www.carideal.com\/blog\/?s={search_term_string}\"},\"query-input\":{\"@type\":\"PropertyValueSpecification\",\"valueRequired\":true,\"valueName\":\"search_term_string\"}}],\"inLanguage\":\"fr-FR\"},{\"@type\":\"Organization\",\"@id\":\"https:\/\/www.carideal.com\/blog\/#organization\",\"name\":\"Carideal\",\"url\":\"https:\/\/www.carideal.com\/blog\/\",\"logo\":{\"@type\":\"ImageObject\",\"inLanguage\":\"fr-FR\",\"@id\":\"https:\/\/www.carideal.com\/blog\/#\/schema\/logo\/image\/\",\"url\":\"http:\/\/www.carideal.com\/blog\/wp-content\/uploads\/2016\/03\/logo-carideal-mandataire-automobile.png\",\"contentUrl\":\"http:\/\/www.carideal.com\/blog\/wp-content\/uploads\/2016\/03\/logo-carideal-mandataire-automobile.png\",\"width\":300,\"height\":300,\"caption\":\"Carideal\"},\"image\":{\"@id\":\"https:\/\/www.carideal.com\/blog\/#\/schema\/logo\/image\/\"},\"sameAs\":[\"https:\/\/www.facebook.com\/Carideal.mandataire.automobile\",\"https:\/\/x.com\/caridealauto\",\"https:\/\/www.instagram.com\/carideal1\/\",\"https:\/\/www.linkedin.com\/company\/carideal.com\",\"https:\/\/fr.pinterest.com\/schiavonsas\/\",\"https:\/\/www.youtube.com\/user\/caridealsas\"]},{\"@type\":\"Person\",\"@id\":\"https:\/\/www.carideal.com\/blog\/#\/schema\/person\/cd95dc7919660de90d31b366f85be1ec\",\"name\":\"Nicolas SCHIAVON\",\"image\":{\"@type\":\"ImageObject\",\"inLanguage\":\"fr-FR\",\"@id\":\"https:\/\/www.carideal.com\/blog\/#\/schema\/person\/image\/\",\"url\":\"https:\/\/secure.gravatar.com\/avatar\/c17e55009e671d92cc7f5dc837dc418a?s=96&r=g\",\"contentUrl\":\"https:\/\/secure.gravatar.com\/avatar\/c17e55009e671d92cc7f5dc837dc418a?s=96&r=g\",\"caption\":\"Nicolas SCHIAVON\"},\"description\":\"Nicolas Schiavon est tomb\u00e9 tout petit dans la marmite automobile. Ayant eu un garage de marque automobile, mandataire automobile de la premi\u00e8re heure d\u00e8s 1999. Nicolas a cr\u00e9\u00e9 ces premiers sites de vente de voiture et blog automobile d\u00e8s 1994. Carideal est n\u00e9 le 15 d\u00e9cembre 2000 de la volont\u00e9 de vendre des voitures d'occasions en ligne puis des voitures neuves. Il a pu essayer beaucoup de voitures tr\u00e8s diff\u00e9rentes et ayant eu personnellement quelques belles autos, Subaru Impreza, Mitsubishi Lancer Evo 7, Porsche 911, Ferrari Testarrossa, Audi RS3, RS4 et j'en passe...\",\"sameAs\":[\"http:\/\/www.carideal.com\",\"https:\/\/www.facebook.com\/nicolas.schiavon.39\",\"https:\/\/www.instagram.com\/carideal1\/\",\"https:\/\/www.linkedin.com\/in\/nschiavon\/\",\"https:\/\/x.com\/caridealauto\",\"https:\/\/www.youtube.com\/user\/caridealsas\/\"],\"url\":\"https:\/\/www.carideal.com\/blog\/author\/nschiavon\/\"}]}<\/script>\n<!-- \/ Yoast SEO plugin. -->","yoast_head_json":{"title":"Peugeot 308 neuve avec remise - Blog auto Carid\u00e9al","robots":{"index":"index","follow":"follow","max-snippet":"max-snippet:-1","max-image-preview":"max-image-preview:large","max-video-preview":"max-video-preview:-1"},"canonical":"https:\/\/www.carideal.com\/blog\/2008\/04\/16\/308-neuve-en-stock-a-16-de-remise\/","og_locale":"fr_FR","og_type":"article","og_title":"Peugeot 308 neuve avec remise - Blog auto Carid\u00e9al","og_description":"Remise sur 308 en stock PEUGEOT 308 NEUVES\u00a0 en STOCK 308 HDI 1.6L 110 FAP PREMIUM option BV6 ESP, banquette AR 2\/3 1\/3, r\u00e9gulateur de vitesse, airbag passager d\u00e9connectable, volant reglable, pack ergonomie, accoudoir central, siege passager et conducteur reglable en hauteur, volant cuir, r\u00e9tros electriques et rabat \u00e9lectriquement, pare-brise athermique et accoustique, systeme audio ... Lire plus","og_url":"https:\/\/www.carideal.com\/blog\/2008\/04\/16\/308-neuve-en-stock-a-16-de-remise\/","og_site_name":"Blog auto Carid\u00e9al","article_publisher":"https:\/\/www.facebook.com\/Carideal.mandataire.automobile","article_author":"https:\/\/www.facebook.com\/nicolas.schiavon.39","article_published_time":"2008-04-16T23:00:00+00:00","article_modified_time":"2015-09-12T20:23:43+00:00","og_image":[{"url":"http:\/\/www.carideal.com\/images_actualite\/peugeot308carideal-1208429293.jpg","type":"","width":"","height":""}],"author":"Nicolas SCHIAVON","twitter_card":"summary_large_image","twitter_creator":"@caridealauto","twitter_site":"@caridealauto","twitter_misc":{"\u00c9crit par":"Nicolas SCHIAVON","Dur\u00e9e de lecture estim\u00e9e":"1 minute"},"schema":{"@context":"https:\/\/schema.org","@graph":[{"@type":"Article","@id":"https:\/\/www.carideal.com\/blog\/2008\/04\/16\/308-neuve-en-stock-a-16-de-remise\/#article","isPartOf":{"@id":"https:\/\/www.carideal.com\/blog\/2008\/04\/16\/308-neuve-en-stock-a-16-de-remise\/"},"author":{"name":"Nicolas SCHIAVON","@id":"https:\/\/www.carideal.com\/blog\/#\/schema\/person\/cd95dc7919660de90d31b366f85be1ec"},"headline":"Peugeot 308 neuve avec remise","datePublished":"2008-04-16T23:00:00+00:00","dateModified":"2015-09-12T20:23:43+00:00","mainEntityOfPage":{"@id":"https:\/\/www.carideal.com\/blog\/2008\/04\/16\/308-neuve-en-stock-a-16-de-remise\/"},"wordCount":267,"commentCount":0,"publisher":{"@id":"https:\/\/www.carideal.com\/blog\/#organization"},"image":{"@id":"https:\/\/www.carideal.com\/blog\/2008\/04\/16\/308-neuve-en-stock-a-16-de-remise\/#primaryimage"},"thumbnailUrl":"http:\/\/www.carideal.com\/images_actualite\/peugeot308carideal-1208429293.jpg","keywords":["Remise voiture neuve"],"articleSection":["Actualit\u00e9 automobile"],"inLanguage":"fr-FR","potentialAction":[{"@type":"CommentAction","name":"Comment","target":["https:\/\/www.carideal.com\/blog\/2008\/04\/16\/308-neuve-en-stock-a-16-de-remise\/#respond"]}]},{"@type":"WebPage","@id":"https:\/\/www.carideal.com\/blog\/2008\/04\/16\/308-neuve-en-stock-a-16-de-remise\/","url":"https:\/\/www.carideal.com\/blog\/2008\/04\/16\/308-neuve-en-stock-a-16-de-remise\/","name":"Peugeot 308 neuve avec remise - Blog auto Carid\u00e9al","isPartOf":{"@id":"https:\/\/www.carideal.com\/blog\/#website"},"primaryImageOfPage":{"@id":"https:\/\/www.carideal.com\/blog\/2008\/04\/16\/308-neuve-en-stock-a-16-de-remise\/#primaryimage"},"image":{"@id":"https:\/\/www.carideal.com\/blog\/2008\/04\/16\/308-neuve-en-stock-a-16-de-remise\/#primaryimage"},"thumbnailUrl":"http:\/\/www.carideal.com\/images_actualite\/peugeot308carideal-1208429293.jpg","datePublished":"2008-04-16T23:00:00+00:00","dateModified":"2015-09-12T20:23:43+00:00","breadcrumb":{"@id":"https:\/\/www.carideal.com\/blog\/2008\/04\/16\/308-neuve-en-stock-a-16-de-remise\/#breadcrumb"},"inLanguage":"fr-FR","potentialAction":[{"@type":"ReadAction","target":["https:\/\/www.carideal.com\/blog\/2008\/04\/16\/308-neuve-en-stock-a-16-de-remise\/"]}]},{"@type":"ImageObject","inLanguage":"fr-FR","@id":"https:\/\/www.carideal.com\/blog\/2008\/04\/16\/308-neuve-en-stock-a-16-de-remise\/#primaryimage","url":"http:\/\/www.carideal.com\/images_actualite\/peugeot308carideal-1208429293.jpg","contentUrl":"http:\/\/www.carideal.com\/images_actualite\/peugeot308carideal-1208429293.jpg"},{"@type":"BreadcrumbList","@id":"https:\/\/www.carideal.com\/blog\/2008\/04\/16\/308-neuve-en-stock-a-16-de-remise\/#breadcrumb","itemListElement":[{"@type":"ListItem","position":1,"name":"Blog Carid\u00e9al","item":"https:\/\/www.carideal.com\/blog\/"},{"@type":"ListItem","position":2,"name":"Actualit\u00e9 automobile","item":"https:\/\/www.carideal.com\/blog\/actualites-auto\/"},{"@type":"ListItem","position":3,"name":"Peugeot 308 neuve avec remise"}]},{"@type":"WebSite","@id":"https:\/\/www.carideal.com\/blog\/#website","url":"https:\/\/www.carideal.com\/blog\/","name":"Blog auto Carid\u00e9al","description":"Actualit\u00e9 auto par des passionn\u00e9s","publisher":{"@id":"https:\/\/www.carideal.com\/blog\/#organization"},"potentialAction":[{"@type":"SearchAction","target":{"@type":"EntryPoint","urlTemplate":"https:\/\/www.carideal.com\/blog\/?s={search_term_string}"},"query-input":{"@type":"PropertyValueSpecification","valueRequired":true,"valueName":"search_term_string"}}],"inLanguage":"fr-FR"},{"@type":"Organization","@id":"https:\/\/www.carideal.com\/blog\/#organization","name":"Carideal","url":"https:\/\/www.carideal.com\/blog\/","logo":{"@type":"ImageObject","inLanguage":"fr-FR","@id":"https:\/\/www.carideal.com\/blog\/#\/schema\/logo\/image\/","url":"http:\/\/www.carideal.com\/blog\/wp-content\/uploads\/2016\/03\/logo-carideal-mandataire-automobile.png","contentUrl":"http:\/\/www.carideal.com\/blog\/wp-content\/uploads\/2016\/03\/logo-carideal-mandataire-automobile.png","width":300,"height":300,"caption":"Carideal"},"image":{"@id":"https:\/\/www.carideal.com\/blog\/#\/schema\/logo\/image\/"},"sameAs":["https:\/\/www.facebook.com\/Carideal.mandataire.automobile","https:\/\/x.com\/caridealauto","https:\/\/www.instagram.com\/carideal1\/","https:\/\/www.linkedin.com\/company\/carideal.com","https:\/\/fr.pinterest.com\/schiavonsas\/","https:\/\/www.youtube.com\/user\/caridealsas"]},{"@type":"Person","@id":"https:\/\/www.carideal.com\/blog\/#\/schema\/person\/cd95dc7919660de90d31b366f85be1ec","name":"Nicolas SCHIAVON","image":{"@type":"ImageObject","inLanguage":"fr-FR","@id":"https:\/\/www.carideal.com\/blog\/#\/schema\/person\/image\/","url":"https:\/\/secure.gravatar.com\/avatar\/c17e55009e671d92cc7f5dc837dc418a?s=96&r=g","contentUrl":"https:\/\/secure.gravatar.com\/avatar\/c17e55009e671d92cc7f5dc837dc418a?s=96&r=g","caption":"Nicolas SCHIAVON"},"description":"Nicolas Schiavon est tomb\u00e9 tout petit dans la marmite automobile. Ayant eu un garage de marque automobile, mandataire automobile de la premi\u00e8re heure d\u00e8s 1999. Nicolas a cr\u00e9\u00e9 ces premiers sites de vente de voiture et blog automobile d\u00e8s 1994. Carideal est n\u00e9 le 15 d\u00e9cembre 2000 de la volont\u00e9 de vendre des voitures d'occasions en ligne puis des voitures neuves. Il a pu essayer beaucoup de voitures tr\u00e8s diff\u00e9rentes et ayant eu personnellement quelques belles autos, Subaru Impreza, Mitsubishi Lancer Evo 7, Porsche 911, Ferrari Testarrossa, Audi RS3, RS4 et j'en passe...","sameAs":["http:\/\/www.carideal.com","https:\/\/www.facebook.com\/nicolas.schiavon.39","https:\/\/www.instagram.com\/carideal1\/","https:\/\/www.linkedin.com\/in\/nschiavon\/","https:\/\/x.com\/caridealauto","https:\/\/www.youtube.com\/user\/caridealsas\/"],"url":"https:\/\/www.carideal.com\/blog\/author\/nschiavon\/"}]}},"uagb_featured_image_src":{"full":false,"thumbnail":false,"medium":false,"medium_large":false,"large":false,"1536x1536":false,"2048x2048":false,"wppr-widget":false},"uagb_author_info":{"display_name":"Nicolas SCHIAVON","author_link":"https:\/\/www.carideal.com\/blog\/author\/nschiavon\/"},"uagb_comment_info":0,"uagb_excerpt":"Remise sur 308 en stock PEUGEOT 308 NEUVES\u00a0 en STOCK 308 HDI 1.6L 110 FAP PREMIUM option BV6 ESP, banquette AR 2\/3 1\/3, r\u00e9gulateur de vitesse, airbag passager d\u00e9connectable, volant reglable, pack ergonomie, accoudoir central, siege passager et conducteur reglable en hauteur, volant cuir, r\u00e9tros electriques et rabat \u00e9lectriquement, pare-brise athermique et accoustique, systeme audio\u2026","_links":{"self":[{"href":"https:\/\/www.carideal.com\/blog\/wp-json\/wp\/v2\/posts\/4632"}],"collection":[{"href":"https:\/\/www.carideal.com\/blog\/wp-json\/wp\/v2\/posts"}],"about":[{"href":"https:\/\/www.carideal.com\/blog\/wp-json\/wp\/v2\/types\/post"}],"author":[{"embeddable":true,"href":"https:\/\/www.carideal.com\/blog\/wp-json\/wp\/v2\/users\/3"}],"replies":[{"embeddable":true,"href":"https:\/\/www.carideal.com\/blog\/wp-json\/wp\/v2\/comments?post=4632"}],"version-history":[{"count":0,"href":"https:\/\/www.carideal.com\/blog\/wp-json\/wp\/v2\/posts\/4632\/revisions"}],"wp:attachment":[{"href":"https:\/\/www.carideal.com\/blog\/wp-json\/wp\/v2\/media?parent=4632"}],"wp:term":[{"taxonomy":"category","embeddable":true,"href":"https:\/\/www.carideal.com\/blog\/wp-json\/wp\/v2\/categories?post=4632"},{"taxonomy":"post_tag","embeddable":true,"href":"https:\/\/www.carideal.com\/blog\/wp-json\/wp\/v2\/tags?post=4632"}],"curies":[{"name":"wp","href":"https:\/\/api.w.org\/{rel}","templated":true}]}}