{"id":4631,"date":"2008-04-15T23:00:00","date_gmt":"2008-04-15T23:00:00","guid":{"rendered":"http:\/\/www.carideal.com\/blog\/2008\/04\/15\/citroen-c2-d-occasion\/"},"modified":"2015-09-12T22:19:50","modified_gmt":"2015-09-12T20:19:50","slug":"citroen-c2-d-occasion","status":"publish","type":"post","link":"https:\/\/www.carideal.com\/blog\/2008\/04\/15\/citroen-c2-d-occasion\/","title":{"rendered":"Citroen C2 d&rsquo;occasion"},"content":{"rendered":"<div><img decoding=\"async\" src=\"http:\/\/www.carideal.com\/images_actualite\/citronc2occasion-1208333107.jpg\" alt=\"\" \/>CITRO\u00cbN C2<\/p>\n<\/div>\n<p>Des couleurs vives, une ligne originale, la CITRO\u00cbN C2 est une petite citadine moderne. N\u00e9e plus d'un an apr\u00e8s sa grande soeur la C3,\u00a0elle remplace honorablement la CITRO\u00cbN\u00a0Saxo. Elle reste encore ch\u00e8re neuve mais les prix redeviennent abordables quant aux occasions.<\/p>\n<p>A l'int\u00e9rieur de\u00a0cette petite voiture, on retrouve les lignes du tableau de bord de la C3, rondes et agr\u00e9ables, malgr\u00e9 des finitions parfois bas de gamme.\u00a0L'habitacle est tr\u00e8s restreint, laissant peu de place pour 2 personnes \u00e0 l'arri\u00e8re, sans compter les vitres fixes. Le coffre ne laisse gu\u00e8re plus de volume, on compte un petit 166L. Heureusement d\u00e8s la version Pack Ambiance, les 2 si\u00e8ges arri\u00e8res rabattables peuvent coulisser. On appr\u00e9cie son petit gabarit de 3.66m de long, tr\u00e8s pratique en ville et tr\u00e8s maniable gr\u00e2ce \u00e0 sa direction assist\u00e9e d\u00e8s l'entr\u00e9e de gamme.<\/p>\n<p>La CITRO\u00cbN C2 offre une tenue de route de qualit\u00e9: des suspensions souples, un amortissement bien dos\u00e9, un ch\u00e2ssis agile et \u00e9quilibr\u00e9. Si le mod\u00e8le de base (1.1 de 61ch)\u00a0reste destin\u00e9 \u00e0 la ville, la C2 1.4 de 75ch ou la 1.4 HDi de 70ch conviennent parfaitement hors milieu urbain.<\/p>\n<p>On trouve la C2 d'occasion entre 4000 et 8700\u20ac(mod\u00e9le de base) et de 5000 \u00e0 11000\u20ac(1.4 HDi) cote argus. La consommation restant plus que raisonnable. C\u00f4t\u00e9 entretien, la petite CITRO\u00cbN n'a rien a envier financi\u00e8rement, les pi\u00e8ces d'usure ayant une bonne dur\u00e9e de vie.<\/p>\n<p><u><em>\u00a0<\/em><\/u>\u00a0\u00a0\u00a0\u00a0\u00a0<u><em> historique et \u00e9quipements de s\u00e9rie\u00a0de la CITRO\u00cbN C2<\/em><\/u>:<\/p>\n<ul>\n<li><strong>\u00a0sept 2003\u00a0<\/strong>: lancement avec 3 moteurs essence et 1 diesel.<\/li>\n<\/ul>\n<p><strong><em>Base<\/em><\/strong>: ABS, ESP, airbag frontaux et lat\u00e9raux, DA et verrouillage centralis\u00e9.<\/p>\n<p><strong><em>\u00a0Pack<\/em><\/strong>: +vitres \u00e9lectriques<\/p>\n<p><strong><em>Pack ambiance<\/em><\/strong>: + r\u00e9tros electriques chauffant,lecteur CD<\/p>\n<p><strong><em>Exclusive<\/em><\/strong>: + capteur pluie et lumi\u00e8re,clim automatique,antibrouillards,radar de recul et r\u00e9gulateur de vitesse<\/p>\n<p><strong><em>VTR<\/em><\/strong>: +bo\u00eete motoris\u00e9e,jantes alu(sur 1.6 16V)<\/p>\n<ul>\n<li><strong>oct 2004<\/strong>: version <strong>VTS <\/strong>(125ch et ch\u00e2ssis sport)<\/li>\n<li><strong>sept 2005<\/strong>: l\u00e9ger restylage (planche de bord et nouveaux coloris,feux arri\u00e8res cristallins)<\/li>\n<li>et depuis CITRO\u00cbN offre r\u00e9guli\u00e8rement \u00e0 la petite C2 des s\u00e9ries sp\u00e9ciales avec des \u00e9quipements divers et vari\u00e9s selon les versions comme sellerie cuir,si\u00e8ges chauffants pour la s\u00e9rie So Chic\u00a0ou volant cuir,jantes blanches et adh\u00e9sifs pour la s\u00e9rie sp\u00e9ciale By Loeb...<\/li>\n<\/ul>\n<p>&nbsp;<\/p>\n<p>&nbsp;<\/p>\n<p>&nbsp;<\/p>\n<p>&nbsp;<\/p>\n","protected":false},"excerpt":{"rendered":"<p>CITRO\u00cbN C2 Des couleurs vives, une ligne originale, la CITRO\u00cbN C2 est une petite citadine moderne. N\u00e9e plus d&rsquo;un an apr\u00e8s sa grande soeur la C3,\u00a0elle remplace honorablement la CITRO\u00cbN\u00a0Saxo. Elle reste encore ch\u00e8re neuve mais les prix redeviennent abordables quant aux occasions. A l&rsquo;int\u00e9rieur de\u00a0cette petite voiture, on retrouve les lignes du tableau de &#8230; <a title=\"Citroen C2 d&rsquo;occasion\" class=\"read-more\" href=\"https:\/\/www.carideal.com\/blog\/2008\/04\/15\/citroen-c2-d-occasion\/\" aria-label=\"En savoir plus sur Citroen C2 d&rsquo;occasion\">Lire plus<\/a><\/p>\n","protected":false},"author":3,"featured_media":0,"comment_status":"open","ping_status":"open","sticky":false,"template":"","format":"standard","meta":{"_uag_custom_page_level_css":"","_themeisle_gutenberg_block_has_review":false,"footnotes":""},"categories":[21],"tags":[406],"class_list":["post-4631","post","type-post","status-publish","format-standard","hentry","category-actualites-auto","tag-hdi"],"wppr_data":[],"yoast_head":"<!-- This site is optimized with the Yoast SEO plugin v24.8.1 - https:\/\/yoast.com\/wordpress\/plugins\/seo\/ -->\n<title>Citroen C2 d&#039;occasion - Blog auto Carid\u00e9al<\/title>\n<meta name=\"robots\" content=\"index, follow, max-snippet:-1, max-image-preview:large, max-video-preview:-1\" \/>\n<link rel=\"canonical\" href=\"https:\/\/www.carideal.com\/blog\/2008\/04\/15\/citroen-c2-d-occasion\/\" \/>\n<meta property=\"og:locale\" content=\"fr_FR\" \/>\n<meta property=\"og:type\" content=\"article\" \/>\n<meta property=\"og:title\" content=\"Citroen C2 d&#039;occasion - Blog auto Carid\u00e9al\" \/>\n<meta property=\"og:description\" content=\"CITRO\u00cbN C2 Des couleurs vives, une ligne originale, la CITRO\u00cbN C2 est une petite citadine moderne. N\u00e9e plus d&#039;un an apr\u00e8s sa grande soeur la C3,\u00a0elle remplace honorablement la CITRO\u00cbN\u00a0Saxo. Elle reste encore ch\u00e8re neuve mais les prix redeviennent abordables quant aux occasions. A l&#039;int\u00e9rieur de\u00a0cette petite voiture, on retrouve les lignes du tableau de ... Lire plus\" \/>\n<meta property=\"og:url\" content=\"https:\/\/www.carideal.com\/blog\/2008\/04\/15\/citroen-c2-d-occasion\/\" \/>\n<meta property=\"og:site_name\" content=\"Blog auto Carid\u00e9al\" \/>\n<meta property=\"article:publisher\" content=\"https:\/\/www.facebook.com\/Carideal.mandataire.automobile\" \/>\n<meta property=\"article:author\" content=\"https:\/\/www.facebook.com\/nicolas.schiavon.39\" \/>\n<meta property=\"article:published_time\" content=\"2008-04-15T23:00:00+00:00\" \/>\n<meta property=\"article:modified_time\" content=\"2015-09-12T20:19:50+00:00\" \/>\n<meta property=\"og:image\" content=\"http:\/\/www.carideal.com\/images_actualite\/citronc2occasion-1208333107.jpg\" \/>\n<meta name=\"author\" content=\"Nicolas SCHIAVON\" \/>\n<meta name=\"twitter:card\" content=\"summary_large_image\" \/>\n<meta name=\"twitter:creator\" content=\"@caridealauto\" \/>\n<meta name=\"twitter:site\" content=\"@caridealauto\" \/>\n<meta name=\"twitter:label1\" content=\"\u00c9crit par\" \/>\n\t<meta name=\"twitter:data1\" content=\"Nicolas SCHIAVON\" \/>\n\t<meta name=\"twitter:label2\" content=\"Dur\u00e9e de lecture estim\u00e9e\" \/>\n\t<meta name=\"twitter:data2\" content=\"2 minutes\" \/>\n<script type=\"application\/ld+json\" class=\"yoast-schema-graph\">{\"@context\":\"https:\/\/schema.org\",\"@graph\":[{\"@type\":\"Article\",\"@id\":\"https:\/\/www.carideal.com\/blog\/2008\/04\/15\/citroen-c2-d-occasion\/#article\",\"isPartOf\":{\"@id\":\"https:\/\/www.carideal.com\/blog\/2008\/04\/15\/citroen-c2-d-occasion\/\"},\"author\":{\"name\":\"Nicolas SCHIAVON\",\"@id\":\"https:\/\/www.carideal.com\/blog\/#\/schema\/person\/cd95dc7919660de90d31b366f85be1ec\"},\"headline\":\"Citroen C2 d&rsquo;occasion\",\"datePublished\":\"2008-04-15T23:00:00+00:00\",\"dateModified\":\"2015-09-12T20:19:50+00:00\",\"mainEntityOfPage\":{\"@id\":\"https:\/\/www.carideal.com\/blog\/2008\/04\/15\/citroen-c2-d-occasion\/\"},\"wordCount\":404,\"commentCount\":0,\"publisher\":{\"@id\":\"https:\/\/www.carideal.com\/blog\/#organization\"},\"image\":{\"@id\":\"https:\/\/www.carideal.com\/blog\/2008\/04\/15\/citroen-c2-d-occasion\/#primaryimage\"},\"thumbnailUrl\":\"http:\/\/www.carideal.com\/images_actualite\/citronc2occasion-1208333107.jpg\",\"keywords\":[\"HDI Moteur diesel PSA\"],\"articleSection\":[\"Actualit\u00e9 automobile\"],\"inLanguage\":\"fr-FR\",\"potentialAction\":[{\"@type\":\"CommentAction\",\"name\":\"Comment\",\"target\":[\"https:\/\/www.carideal.com\/blog\/2008\/04\/15\/citroen-c2-d-occasion\/#respond\"]}]},{\"@type\":\"WebPage\",\"@id\":\"https:\/\/www.carideal.com\/blog\/2008\/04\/15\/citroen-c2-d-occasion\/\",\"url\":\"https:\/\/www.carideal.com\/blog\/2008\/04\/15\/citroen-c2-d-occasion\/\",\"name\":\"Citroen C2 d'occasion - Blog auto Carid\u00e9al\",\"isPartOf\":{\"@id\":\"https:\/\/www.carideal.com\/blog\/#website\"},\"primaryImageOfPage\":{\"@id\":\"https:\/\/www.carideal.com\/blog\/2008\/04\/15\/citroen-c2-d-occasion\/#primaryimage\"},\"image\":{\"@id\":\"https:\/\/www.carideal.com\/blog\/2008\/04\/15\/citroen-c2-d-occasion\/#primaryimage\"},\"thumbnailUrl\":\"http:\/\/www.carideal.com\/images_actualite\/citronc2occasion-1208333107.jpg\",\"datePublished\":\"2008-04-15T23:00:00+00:00\",\"dateModified\":\"2015-09-12T20:19:50+00:00\",\"breadcrumb\":{\"@id\":\"https:\/\/www.carideal.com\/blog\/2008\/04\/15\/citroen-c2-d-occasion\/#breadcrumb\"},\"inLanguage\":\"fr-FR\",\"potentialAction\":[{\"@type\":\"ReadAction\",\"target\":[\"https:\/\/www.carideal.com\/blog\/2008\/04\/15\/citroen-c2-d-occasion\/\"]}]},{\"@type\":\"ImageObject\",\"inLanguage\":\"fr-FR\",\"@id\":\"https:\/\/www.carideal.com\/blog\/2008\/04\/15\/citroen-c2-d-occasion\/#primaryimage\",\"url\":\"http:\/\/www.carideal.com\/images_actualite\/citronc2occasion-1208333107.jpg\",\"contentUrl\":\"http:\/\/www.carideal.com\/images_actualite\/citronc2occasion-1208333107.jpg\"},{\"@type\":\"BreadcrumbList\",\"@id\":\"https:\/\/www.carideal.com\/blog\/2008\/04\/15\/citroen-c2-d-occasion\/#breadcrumb\",\"itemListElement\":[{\"@type\":\"ListItem\",\"position\":1,\"name\":\"Blog Carid\u00e9al\",\"item\":\"https:\/\/www.carideal.com\/blog\/\"},{\"@type\":\"ListItem\",\"position\":2,\"name\":\"Actualit\u00e9 automobile\",\"item\":\"https:\/\/www.carideal.com\/blog\/actualites-auto\/\"},{\"@type\":\"ListItem\",\"position\":3,\"name\":\"Citroen C2 d&rsquo;occasion\"}]},{\"@type\":\"WebSite\",\"@id\":\"https:\/\/www.carideal.com\/blog\/#website\",\"url\":\"https:\/\/www.carideal.com\/blog\/\",\"name\":\"Blog auto Carid\u00e9al\",\"description\":\"Actualit\u00e9 auto par des passionn\u00e9s\",\"publisher\":{\"@id\":\"https:\/\/www.carideal.com\/blog\/#organization\"},\"potentialAction\":[{\"@type\":\"SearchAction\",\"target\":{\"@type\":\"EntryPoint\",\"urlTemplate\":\"https:\/\/www.carideal.com\/blog\/?s={search_term_string}\"},\"query-input\":{\"@type\":\"PropertyValueSpecification\",\"valueRequired\":true,\"valueName\":\"search_term_string\"}}],\"inLanguage\":\"fr-FR\"},{\"@type\":\"Organization\",\"@id\":\"https:\/\/www.carideal.com\/blog\/#organization\",\"name\":\"Carideal\",\"url\":\"https:\/\/www.carideal.com\/blog\/\",\"logo\":{\"@type\":\"ImageObject\",\"inLanguage\":\"fr-FR\",\"@id\":\"https:\/\/www.carideal.com\/blog\/#\/schema\/logo\/image\/\",\"url\":\"http:\/\/www.carideal.com\/blog\/wp-content\/uploads\/2016\/03\/logo-carideal-mandataire-automobile.png\",\"contentUrl\":\"http:\/\/www.carideal.com\/blog\/wp-content\/uploads\/2016\/03\/logo-carideal-mandataire-automobile.png\",\"width\":300,\"height\":300,\"caption\":\"Carideal\"},\"image\":{\"@id\":\"https:\/\/www.carideal.com\/blog\/#\/schema\/logo\/image\/\"},\"sameAs\":[\"https:\/\/www.facebook.com\/Carideal.mandataire.automobile\",\"https:\/\/x.com\/caridealauto\",\"https:\/\/www.instagram.com\/carideal1\/\",\"https:\/\/www.linkedin.com\/company\/carideal.com\",\"https:\/\/fr.pinterest.com\/schiavonsas\/\",\"https:\/\/www.youtube.com\/user\/caridealsas\"]},{\"@type\":\"Person\",\"@id\":\"https:\/\/www.carideal.com\/blog\/#\/schema\/person\/cd95dc7919660de90d31b366f85be1ec\",\"name\":\"Nicolas SCHIAVON\",\"image\":{\"@type\":\"ImageObject\",\"inLanguage\":\"fr-FR\",\"@id\":\"https:\/\/www.carideal.com\/blog\/#\/schema\/person\/image\/\",\"url\":\"https:\/\/secure.gravatar.com\/avatar\/c17e55009e671d92cc7f5dc837dc418a?s=96&r=g\",\"contentUrl\":\"https:\/\/secure.gravatar.com\/avatar\/c17e55009e671d92cc7f5dc837dc418a?s=96&r=g\",\"caption\":\"Nicolas SCHIAVON\"},\"description\":\"Nicolas Schiavon est tomb\u00e9 tout petit dans la marmite automobile. Ayant eu un garage de marque automobile, mandataire automobile de la premi\u00e8re heure d\u00e8s 1999. Nicolas a cr\u00e9\u00e9 ces premiers sites de vente de voiture et blog automobile d\u00e8s 1994. Carideal est n\u00e9 le 15 d\u00e9cembre 2000 de la volont\u00e9 de vendre des voitures d'occasions en ligne puis des voitures neuves. Il a pu essayer beaucoup de voitures tr\u00e8s diff\u00e9rentes et ayant eu personnellement quelques belles autos, Subaru Impreza, Mitsubishi Lancer Evo 7, Porsche 911, Ferrari Testarrossa, Audi RS3, RS4 et j'en passe...\",\"sameAs\":[\"http:\/\/www.carideal.com\",\"https:\/\/www.facebook.com\/nicolas.schiavon.39\",\"https:\/\/www.instagram.com\/carideal1\/\",\"https:\/\/www.linkedin.com\/in\/nschiavon\/\",\"https:\/\/x.com\/caridealauto\",\"https:\/\/www.youtube.com\/user\/caridealsas\/\"],\"url\":\"https:\/\/www.carideal.com\/blog\/author\/nschiavon\/\"}]}<\/script>\n<!-- \/ Yoast SEO plugin. -->","yoast_head_json":{"title":"Citroen C2 d'occasion - Blog auto Carid\u00e9al","robots":{"index":"index","follow":"follow","max-snippet":"max-snippet:-1","max-image-preview":"max-image-preview:large","max-video-preview":"max-video-preview:-1"},"canonical":"https:\/\/www.carideal.com\/blog\/2008\/04\/15\/citroen-c2-d-occasion\/","og_locale":"fr_FR","og_type":"article","og_title":"Citroen C2 d'occasion - Blog auto Carid\u00e9al","og_description":"CITRO\u00cbN C2 Des couleurs vives, une ligne originale, la CITRO\u00cbN C2 est une petite citadine moderne. N\u00e9e plus d'un an apr\u00e8s sa grande soeur la C3,\u00a0elle remplace honorablement la CITRO\u00cbN\u00a0Saxo. Elle reste encore ch\u00e8re neuve mais les prix redeviennent abordables quant aux occasions. A l'int\u00e9rieur de\u00a0cette petite voiture, on retrouve les lignes du tableau de ... Lire plus","og_url":"https:\/\/www.carideal.com\/blog\/2008\/04\/15\/citroen-c2-d-occasion\/","og_site_name":"Blog auto Carid\u00e9al","article_publisher":"https:\/\/www.facebook.com\/Carideal.mandataire.automobile","article_author":"https:\/\/www.facebook.com\/nicolas.schiavon.39","article_published_time":"2008-04-15T23:00:00+00:00","article_modified_time":"2015-09-12T20:19:50+00:00","og_image":[{"url":"http:\/\/www.carideal.com\/images_actualite\/citronc2occasion-1208333107.jpg","type":"","width":"","height":""}],"author":"Nicolas SCHIAVON","twitter_card":"summary_large_image","twitter_creator":"@caridealauto","twitter_site":"@caridealauto","twitter_misc":{"\u00c9crit par":"Nicolas SCHIAVON","Dur\u00e9e de lecture estim\u00e9e":"2 minutes"},"schema":{"@context":"https:\/\/schema.org","@graph":[{"@type":"Article","@id":"https:\/\/www.carideal.com\/blog\/2008\/04\/15\/citroen-c2-d-occasion\/#article","isPartOf":{"@id":"https:\/\/www.carideal.com\/blog\/2008\/04\/15\/citroen-c2-d-occasion\/"},"author":{"name":"Nicolas SCHIAVON","@id":"https:\/\/www.carideal.com\/blog\/#\/schema\/person\/cd95dc7919660de90d31b366f85be1ec"},"headline":"Citroen C2 d&rsquo;occasion","datePublished":"2008-04-15T23:00:00+00:00","dateModified":"2015-09-12T20:19:50+00:00","mainEntityOfPage":{"@id":"https:\/\/www.carideal.com\/blog\/2008\/04\/15\/citroen-c2-d-occasion\/"},"wordCount":404,"commentCount":0,"publisher":{"@id":"https:\/\/www.carideal.com\/blog\/#organization"},"image":{"@id":"https:\/\/www.carideal.com\/blog\/2008\/04\/15\/citroen-c2-d-occasion\/#primaryimage"},"thumbnailUrl":"http:\/\/www.carideal.com\/images_actualite\/citronc2occasion-1208333107.jpg","keywords":["HDI Moteur diesel PSA"],"articleSection":["Actualit\u00e9 automobile"],"inLanguage":"fr-FR","potentialAction":[{"@type":"CommentAction","name":"Comment","target":["https:\/\/www.carideal.com\/blog\/2008\/04\/15\/citroen-c2-d-occasion\/#respond"]}]},{"@type":"WebPage","@id":"https:\/\/www.carideal.com\/blog\/2008\/04\/15\/citroen-c2-d-occasion\/","url":"https:\/\/www.carideal.com\/blog\/2008\/04\/15\/citroen-c2-d-occasion\/","name":"Citroen C2 d'occasion - Blog auto Carid\u00e9al","isPartOf":{"@id":"https:\/\/www.carideal.com\/blog\/#website"},"primaryImageOfPage":{"@id":"https:\/\/www.carideal.com\/blog\/2008\/04\/15\/citroen-c2-d-occasion\/#primaryimage"},"image":{"@id":"https:\/\/www.carideal.com\/blog\/2008\/04\/15\/citroen-c2-d-occasion\/#primaryimage"},"thumbnailUrl":"http:\/\/www.carideal.com\/images_actualite\/citronc2occasion-1208333107.jpg","datePublished":"2008-04-15T23:00:00+00:00","dateModified":"2015-09-12T20:19:50+00:00","breadcrumb":{"@id":"https:\/\/www.carideal.com\/blog\/2008\/04\/15\/citroen-c2-d-occasion\/#breadcrumb"},"inLanguage":"fr-FR","potentialAction":[{"@type":"ReadAction","target":["https:\/\/www.carideal.com\/blog\/2008\/04\/15\/citroen-c2-d-occasion\/"]}]},{"@type":"ImageObject","inLanguage":"fr-FR","@id":"https:\/\/www.carideal.com\/blog\/2008\/04\/15\/citroen-c2-d-occasion\/#primaryimage","url":"http:\/\/www.carideal.com\/images_actualite\/citronc2occasion-1208333107.jpg","contentUrl":"http:\/\/www.carideal.com\/images_actualite\/citronc2occasion-1208333107.jpg"},{"@type":"BreadcrumbList","@id":"https:\/\/www.carideal.com\/blog\/2008\/04\/15\/citroen-c2-d-occasion\/#breadcrumb","itemListElement":[{"@type":"ListItem","position":1,"name":"Blog Carid\u00e9al","item":"https:\/\/www.carideal.com\/blog\/"},{"@type":"ListItem","position":2,"name":"Actualit\u00e9 automobile","item":"https:\/\/www.carideal.com\/blog\/actualites-auto\/"},{"@type":"ListItem","position":3,"name":"Citroen C2 d&rsquo;occasion"}]},{"@type":"WebSite","@id":"https:\/\/www.carideal.com\/blog\/#website","url":"https:\/\/www.carideal.com\/blog\/","name":"Blog auto Carid\u00e9al","description":"Actualit\u00e9 auto par des passionn\u00e9s","publisher":{"@id":"https:\/\/www.carideal.com\/blog\/#organization"},"potentialAction":[{"@type":"SearchAction","target":{"@type":"EntryPoint","urlTemplate":"https:\/\/www.carideal.com\/blog\/?s={search_term_string}"},"query-input":{"@type":"PropertyValueSpecification","valueRequired":true,"valueName":"search_term_string"}}],"inLanguage":"fr-FR"},{"@type":"Organization","@id":"https:\/\/www.carideal.com\/blog\/#organization","name":"Carideal","url":"https:\/\/www.carideal.com\/blog\/","logo":{"@type":"ImageObject","inLanguage":"fr-FR","@id":"https:\/\/www.carideal.com\/blog\/#\/schema\/logo\/image\/","url":"http:\/\/www.carideal.com\/blog\/wp-content\/uploads\/2016\/03\/logo-carideal-mandataire-automobile.png","contentUrl":"http:\/\/www.carideal.com\/blog\/wp-content\/uploads\/2016\/03\/logo-carideal-mandataire-automobile.png","width":300,"height":300,"caption":"Carideal"},"image":{"@id":"https:\/\/www.carideal.com\/blog\/#\/schema\/logo\/image\/"},"sameAs":["https:\/\/www.facebook.com\/Carideal.mandataire.automobile","https:\/\/x.com\/caridealauto","https:\/\/www.instagram.com\/carideal1\/","https:\/\/www.linkedin.com\/company\/carideal.com","https:\/\/fr.pinterest.com\/schiavonsas\/","https:\/\/www.youtube.com\/user\/caridealsas"]},{"@type":"Person","@id":"https:\/\/www.carideal.com\/blog\/#\/schema\/person\/cd95dc7919660de90d31b366f85be1ec","name":"Nicolas SCHIAVON","image":{"@type":"ImageObject","inLanguage":"fr-FR","@id":"https:\/\/www.carideal.com\/blog\/#\/schema\/person\/image\/","url":"https:\/\/secure.gravatar.com\/avatar\/c17e55009e671d92cc7f5dc837dc418a?s=96&r=g","contentUrl":"https:\/\/secure.gravatar.com\/avatar\/c17e55009e671d92cc7f5dc837dc418a?s=96&r=g","caption":"Nicolas SCHIAVON"},"description":"Nicolas Schiavon est tomb\u00e9 tout petit dans la marmite automobile. Ayant eu un garage de marque automobile, mandataire automobile de la premi\u00e8re heure d\u00e8s 1999. Nicolas a cr\u00e9\u00e9 ces premiers sites de vente de voiture et blog automobile d\u00e8s 1994. Carideal est n\u00e9 le 15 d\u00e9cembre 2000 de la volont\u00e9 de vendre des voitures d'occasions en ligne puis des voitures neuves. Il a pu essayer beaucoup de voitures tr\u00e8s diff\u00e9rentes et ayant eu personnellement quelques belles autos, Subaru Impreza, Mitsubishi Lancer Evo 7, Porsche 911, Ferrari Testarrossa, Audi RS3, RS4 et j'en passe...","sameAs":["http:\/\/www.carideal.com","https:\/\/www.facebook.com\/nicolas.schiavon.39","https:\/\/www.instagram.com\/carideal1\/","https:\/\/www.linkedin.com\/in\/nschiavon\/","https:\/\/x.com\/caridealauto","https:\/\/www.youtube.com\/user\/caridealsas\/"],"url":"https:\/\/www.carideal.com\/blog\/author\/nschiavon\/"}]}},"uagb_featured_image_src":{"full":false,"thumbnail":false,"medium":false,"medium_large":false,"large":false,"1536x1536":false,"2048x2048":false,"wppr-widget":false},"uagb_author_info":{"display_name":"Nicolas SCHIAVON","author_link":"https:\/\/www.carideal.com\/blog\/author\/nschiavon\/"},"uagb_comment_info":0,"uagb_excerpt":"CITRO\u00cbN C2 Des couleurs vives, une ligne originale, la CITRO\u00cbN C2 est une petite citadine moderne. N\u00e9e plus d'un an apr\u00e8s sa grande soeur la C3,\u00a0elle remplace honorablement la CITRO\u00cbN\u00a0Saxo. Elle reste encore ch\u00e8re neuve mais les prix redeviennent abordables quant aux occasions. A l'int\u00e9rieur de\u00a0cette petite voiture, on retrouve les lignes du tableau de\u2026","_links":{"self":[{"href":"https:\/\/www.carideal.com\/blog\/wp-json\/wp\/v2\/posts\/4631"}],"collection":[{"href":"https:\/\/www.carideal.com\/blog\/wp-json\/wp\/v2\/posts"}],"about":[{"href":"https:\/\/www.carideal.com\/blog\/wp-json\/wp\/v2\/types\/post"}],"author":[{"embeddable":true,"href":"https:\/\/www.carideal.com\/blog\/wp-json\/wp\/v2\/users\/3"}],"replies":[{"embeddable":true,"href":"https:\/\/www.carideal.com\/blog\/wp-json\/wp\/v2\/comments?post=4631"}],"version-history":[{"count":0,"href":"https:\/\/www.carideal.com\/blog\/wp-json\/wp\/v2\/posts\/4631\/revisions"}],"wp:attachment":[{"href":"https:\/\/www.carideal.com\/blog\/wp-json\/wp\/v2\/media?parent=4631"}],"wp:term":[{"taxonomy":"category","embeddable":true,"href":"https:\/\/www.carideal.com\/blog\/wp-json\/wp\/v2\/categories?post=4631"},{"taxonomy":"post_tag","embeddable":true,"href":"https:\/\/www.carideal.com\/blog\/wp-json\/wp\/v2\/tags?post=4631"}],"curies":[{"name":"wp","href":"https:\/\/api.w.org\/{rel}","templated":true}]}}