{"id":4630,"date":"2008-04-14T23:00:00","date_gmt":"2008-04-14T23:00:00","guid":{"rendered":"http:\/\/www.carideal.com\/blog\/2008\/04\/14\/citroen-saxo-d-occasion\/"},"modified":"2015-09-12T22:15:59","modified_gmt":"2015-09-12T20:15:59","slug":"citroen-saxo-d-occasion","status":"publish","type":"post","link":"https:\/\/www.carideal.com\/blog\/2008\/04\/14\/citroen-saxo-d-occasion\/","title":{"rendered":"Citroen Saxo d&rsquo;occasion"},"content":{"rendered":"<div><img decoding=\"async\" src=\"http:\/\/www.carideal.com\/images_actualite\/citroensaxooccasion-1208253705.jpg\" alt=\"\" \/>CITROEN Saxo<\/p>\n<\/div>\n<p>La premi\u00e8re <strong>Citroen Saxo<\/strong> est n\u00e9e en 1996. Malgr\u00e9 son \u00e2ge, elle reste une petite citadine confortable et fiable. Son faible co\u00fbt est \u00e9galement un v\u00e9ritable atout.<\/p>\n<p>On appr\u00e9cie particuli\u00e8rement sa tenue de route avec ses suspensions souples. Dans les courbes le ch\u00e2ssis reste tr\u00e8s pr\u00e9cis et \u00e9quilibr\u00e9 bien qu'on notera une tendance au train arri\u00e8re de la version VTS \u00e0 se d\u00e9hancher dans les entr\u00e9es de virage prises trop vite. Les autres motorisations n'auront pas ce probl\u00e8me, ils sont facilement accessibles aux longs trajets notamment le 1.4 de 75ch. Plus \u00e9conomique, la Citroen Saxo nous propose son moteur diesel 1.5D de 58ch et c\u00f4t\u00e9 performances, ce n'est pas sans compter sur la version VTS et son 1.6 16V de 120ch.<\/p>\n<p>L'int\u00e9rieur de la Saxo est sobre, les plastiques et assemblages restent \u00e9l\u00e9mentaires mais l'habitacle r\u00e9siste pourtant bien au temps. Malgr\u00e9 l'incommodit\u00e9 de la banquette arri\u00e8re, on peut compter sur l'espace. D\u00e9tail \u00e0 ne pas manquer, le volume du coffre de 280L, tr\u00e8s appr\u00e9ciable.<\/p>\n<p>Pas de pannes importantes recens\u00e9es sur la Citroen Saxo si ce n'est qu'une usure pr\u00e9coce des disques de freins sur les mod\u00e8les datant d'avant 1999. Toutefois, l'entretien et les pi\u00e9ces restent raisonnables financi\u00e8rement.<\/p>\n<p>La Citroen Saxo est une petite citadine appr\u00e9ciable c\u00f4t\u00e9 route et c\u00f4t\u00e9 budget. On aime surtout les 100ch de la 1.6 16V \u00e0 moins de 6000\u20ac et la fiabilit\u00e9 de la 1.5D qui cote moins de 4700\u20ac.<\/p>\n<p><em><u>historique et \u00e9quipements\u00a0de la Citroen Saxo<\/u>:<\/em><\/p>\n<ul>\n<li><strong>mars 2006<\/strong>: lancement de la Saxo avec moteurs essence (1.0 50ch,1.1 60ch,1.4 75ch et 1.6 90ch) <strong>X,SX,VSX,VTL<\/strong><\/li>\n<li><strong>mai 1996<\/strong>:\u00a0Saxo Diesel 1.5 58ch<\/li>\n<li><strong>juillet 2006<\/strong>: version 5 portes\u00a0; 1.6<strong> VTR<\/strong>(si\u00e8ge avant sport,\u00e9largisseurs d'aile et ch\u00e2ssis sport),1.6 16V 120ch <strong>VTS<\/strong> (jantes aluminium et airbag conducteur)<\/li>\n<li><strong>octobre 1996<\/strong>: s\u00e9rie Audace sur base X (pack \u00e9lectrique, DA,auto radio)<\/li>\n<li><strong>f\u00e9vrier 1997<\/strong>: s\u00e9rie Athena sur base Audace (sellerie velours et t\u00e9l\u00e9commande de verrouillage)<\/li>\n<li><strong>nov 1997<\/strong>: Restylage de la Saxo (nouvelle calandre,faux arr. \"cristal\"). S\u00e9rie\u00a0<strong>EXCLUSIVE<\/strong>(sellerie velours,autoradio rds,antibrouillards,jantes alu). La VTR devient VTS 1.6.<\/li>\n<li><strong>janvier 1998<\/strong>: s\u00e9rie limit\u00e9e Nouvelles Fronti\u00e8res sur base X (pack \u00e9lectrique,peinture m\u00e9tallis\u00e9e)<\/li>\n<li><strong>mars 2008<\/strong>: s\u00e9rie Clim sur base SX<\/li>\n<li><strong>sept 2008<\/strong>: s\u00e9rie BIC sur base 1.4SX<\/li>\n<li><strong>juin 1999<\/strong>: s\u00e9rie limit\u00e9e Sport sur base 1.1X (volant 3 branches,peinture m\u00e9tallis\u00e9e)<\/li>\n<li><strong>sept 1999<\/strong>: 2\u00e8me restylage : nouvel avant,projecteurs\u00a0ronds,capot bomb\u00e9 avec calandre int\u00e9gr\u00e9e.\u00a0Direction Assist\u00e9e d\u00e8s base<\/li>\n<li><strong>mars 2000<\/strong>: s\u00e9rie Pack sur base SX<\/li>\n<li><strong>mars 2001<\/strong>: s\u00e9rie New Morning sur base VTS (peinture\u00a0 m\u00e9tal bicolore)<\/li>\n<li><strong>juin 2001<\/strong>: s\u00e9rie Edition Sp\u00e9ciale sur base SX<\/li>\n<li><strong>mai 2002<\/strong>: s\u00e9rie Luxia (peinture int\u00e9grale et clim)<\/li>\n<li><strong>sept 2002<\/strong>: s\u00e9rie Furio(pack \u00e9lectrique,DA,boucliers 2 tons)<\/li>\n<\/ul>\n<p>&nbsp;<\/p>\n<p>&nbsp;<\/p>\n","protected":false},"excerpt":{"rendered":"<p>CITROEN Saxo La premi\u00e8re Citroen Saxo est n\u00e9e en 1996. Malgr\u00e9 son \u00e2ge, elle reste une petite citadine confortable et fiable. Son faible co\u00fbt est \u00e9galement un v\u00e9ritable atout. On appr\u00e9cie particuli\u00e8rement sa tenue de route avec ses suspensions souples. Dans les courbes le ch\u00e2ssis reste tr\u00e8s pr\u00e9cis et \u00e9quilibr\u00e9 bien qu&rsquo;on notera une tendance &#8230; <a title=\"Citroen Saxo d&rsquo;occasion\" class=\"read-more\" href=\"https:\/\/www.carideal.com\/blog\/2008\/04\/14\/citroen-saxo-d-occasion\/\" aria-label=\"En savoir plus sur Citroen Saxo d&rsquo;occasion\">Lire plus<\/a><\/p>\n","protected":false},"author":3,"featured_media":0,"comment_status":"open","ping_status":"open","sticky":false,"template":"","format":"standard","meta":{"_uag_custom_page_level_css":"","_themeisle_gutenberg_block_has_review":false,"footnotes":""},"categories":[21],"tags":[],"class_list":["post-4630","post","type-post","status-publish","format-standard","hentry","category-actualites-auto"],"wppr_data":[],"yoast_head":"<!-- This site is optimized with the Yoast SEO plugin v24.8.1 - https:\/\/yoast.com\/wordpress\/plugins\/seo\/ -->\n<title>Citroen Saxo d&#039;occasion - Blog auto Carid\u00e9al<\/title>\n<meta name=\"robots\" content=\"index, follow, max-snippet:-1, max-image-preview:large, max-video-preview:-1\" \/>\n<link rel=\"canonical\" href=\"https:\/\/www.carideal.com\/blog\/2008\/04\/14\/citroen-saxo-d-occasion\/\" \/>\n<meta property=\"og:locale\" content=\"fr_FR\" \/>\n<meta property=\"og:type\" content=\"article\" \/>\n<meta property=\"og:title\" content=\"Citroen Saxo d&#039;occasion - Blog auto Carid\u00e9al\" \/>\n<meta property=\"og:description\" content=\"CITROEN Saxo La premi\u00e8re Citroen Saxo est n\u00e9e en 1996. Malgr\u00e9 son \u00e2ge, elle reste une petite citadine confortable et fiable. Son faible co\u00fbt est \u00e9galement un v\u00e9ritable atout. On appr\u00e9cie particuli\u00e8rement sa tenue de route avec ses suspensions souples. Dans les courbes le ch\u00e2ssis reste tr\u00e8s pr\u00e9cis et \u00e9quilibr\u00e9 bien qu&#039;on notera une tendance ... Lire plus\" \/>\n<meta property=\"og:url\" content=\"https:\/\/www.carideal.com\/blog\/2008\/04\/14\/citroen-saxo-d-occasion\/\" \/>\n<meta property=\"og:site_name\" content=\"Blog auto Carid\u00e9al\" \/>\n<meta property=\"article:publisher\" content=\"https:\/\/www.facebook.com\/Carideal.mandataire.automobile\" \/>\n<meta property=\"article:author\" content=\"https:\/\/www.facebook.com\/nicolas.schiavon.39\" \/>\n<meta property=\"article:published_time\" content=\"2008-04-14T23:00:00+00:00\" \/>\n<meta property=\"article:modified_time\" content=\"2015-09-12T20:15:59+00:00\" \/>\n<meta property=\"og:image\" content=\"http:\/\/www.carideal.com\/images_actualite\/citroensaxooccasion-1208253705.jpg\" \/>\n<meta name=\"author\" content=\"Nicolas SCHIAVON\" \/>\n<meta name=\"twitter:card\" content=\"summary_large_image\" \/>\n<meta name=\"twitter:creator\" content=\"@caridealauto\" \/>\n<meta name=\"twitter:site\" content=\"@caridealauto\" \/>\n<meta name=\"twitter:label1\" content=\"\u00c9crit par\" \/>\n\t<meta name=\"twitter:data1\" content=\"Nicolas SCHIAVON\" \/>\n\t<meta name=\"twitter:label2\" content=\"Dur\u00e9e de lecture estim\u00e9e\" \/>\n\t<meta name=\"twitter:data2\" content=\"2 minutes\" \/>\n<script type=\"application\/ld+json\" class=\"yoast-schema-graph\">{\"@context\":\"https:\/\/schema.org\",\"@graph\":[{\"@type\":\"Article\",\"@id\":\"https:\/\/www.carideal.com\/blog\/2008\/04\/14\/citroen-saxo-d-occasion\/#article\",\"isPartOf\":{\"@id\":\"https:\/\/www.carideal.com\/blog\/2008\/04\/14\/citroen-saxo-d-occasion\/\"},\"author\":{\"name\":\"Nicolas SCHIAVON\",\"@id\":\"https:\/\/www.carideal.com\/blog\/#\/schema\/person\/cd95dc7919660de90d31b366f85be1ec\"},\"headline\":\"Citroen Saxo d&rsquo;occasion\",\"datePublished\":\"2008-04-14T23:00:00+00:00\",\"dateModified\":\"2015-09-12T20:15:59+00:00\",\"mainEntityOfPage\":{\"@id\":\"https:\/\/www.carideal.com\/blog\/2008\/04\/14\/citroen-saxo-d-occasion\/\"},\"wordCount\":474,\"commentCount\":0,\"publisher\":{\"@id\":\"https:\/\/www.carideal.com\/blog\/#organization\"},\"image\":{\"@id\":\"https:\/\/www.carideal.com\/blog\/2008\/04\/14\/citroen-saxo-d-occasion\/#primaryimage\"},\"thumbnailUrl\":\"http:\/\/www.carideal.com\/images_actualite\/citroensaxooccasion-1208253705.jpg\",\"articleSection\":[\"Actualit\u00e9 automobile\"],\"inLanguage\":\"fr-FR\",\"potentialAction\":[{\"@type\":\"CommentAction\",\"name\":\"Comment\",\"target\":[\"https:\/\/www.carideal.com\/blog\/2008\/04\/14\/citroen-saxo-d-occasion\/#respond\"]}]},{\"@type\":\"WebPage\",\"@id\":\"https:\/\/www.carideal.com\/blog\/2008\/04\/14\/citroen-saxo-d-occasion\/\",\"url\":\"https:\/\/www.carideal.com\/blog\/2008\/04\/14\/citroen-saxo-d-occasion\/\",\"name\":\"Citroen Saxo d'occasion - Blog auto Carid\u00e9al\",\"isPartOf\":{\"@id\":\"https:\/\/www.carideal.com\/blog\/#website\"},\"primaryImageOfPage\":{\"@id\":\"https:\/\/www.carideal.com\/blog\/2008\/04\/14\/citroen-saxo-d-occasion\/#primaryimage\"},\"image\":{\"@id\":\"https:\/\/www.carideal.com\/blog\/2008\/04\/14\/citroen-saxo-d-occasion\/#primaryimage\"},\"thumbnailUrl\":\"http:\/\/www.carideal.com\/images_actualite\/citroensaxooccasion-1208253705.jpg\",\"datePublished\":\"2008-04-14T23:00:00+00:00\",\"dateModified\":\"2015-09-12T20:15:59+00:00\",\"breadcrumb\":{\"@id\":\"https:\/\/www.carideal.com\/blog\/2008\/04\/14\/citroen-saxo-d-occasion\/#breadcrumb\"},\"inLanguage\":\"fr-FR\",\"potentialAction\":[{\"@type\":\"ReadAction\",\"target\":[\"https:\/\/www.carideal.com\/blog\/2008\/04\/14\/citroen-saxo-d-occasion\/\"]}]},{\"@type\":\"ImageObject\",\"inLanguage\":\"fr-FR\",\"@id\":\"https:\/\/www.carideal.com\/blog\/2008\/04\/14\/citroen-saxo-d-occasion\/#primaryimage\",\"url\":\"http:\/\/www.carideal.com\/images_actualite\/citroensaxooccasion-1208253705.jpg\",\"contentUrl\":\"http:\/\/www.carideal.com\/images_actualite\/citroensaxooccasion-1208253705.jpg\"},{\"@type\":\"BreadcrumbList\",\"@id\":\"https:\/\/www.carideal.com\/blog\/2008\/04\/14\/citroen-saxo-d-occasion\/#breadcrumb\",\"itemListElement\":[{\"@type\":\"ListItem\",\"position\":1,\"name\":\"Blog Carid\u00e9al\",\"item\":\"https:\/\/www.carideal.com\/blog\/\"},{\"@type\":\"ListItem\",\"position\":2,\"name\":\"Actualit\u00e9 automobile\",\"item\":\"https:\/\/www.carideal.com\/blog\/actualites-auto\/\"},{\"@type\":\"ListItem\",\"position\":3,\"name\":\"Citroen Saxo d&rsquo;occasion\"}]},{\"@type\":\"WebSite\",\"@id\":\"https:\/\/www.carideal.com\/blog\/#website\",\"url\":\"https:\/\/www.carideal.com\/blog\/\",\"name\":\"Blog auto Carid\u00e9al\",\"description\":\"Actualit\u00e9 auto par des passionn\u00e9s\",\"publisher\":{\"@id\":\"https:\/\/www.carideal.com\/blog\/#organization\"},\"potentialAction\":[{\"@type\":\"SearchAction\",\"target\":{\"@type\":\"EntryPoint\",\"urlTemplate\":\"https:\/\/www.carideal.com\/blog\/?s={search_term_string}\"},\"query-input\":{\"@type\":\"PropertyValueSpecification\",\"valueRequired\":true,\"valueName\":\"search_term_string\"}}],\"inLanguage\":\"fr-FR\"},{\"@type\":\"Organization\",\"@id\":\"https:\/\/www.carideal.com\/blog\/#organization\",\"name\":\"Carideal\",\"url\":\"https:\/\/www.carideal.com\/blog\/\",\"logo\":{\"@type\":\"ImageObject\",\"inLanguage\":\"fr-FR\",\"@id\":\"https:\/\/www.carideal.com\/blog\/#\/schema\/logo\/image\/\",\"url\":\"http:\/\/www.carideal.com\/blog\/wp-content\/uploads\/2016\/03\/logo-carideal-mandataire-automobile.png\",\"contentUrl\":\"http:\/\/www.carideal.com\/blog\/wp-content\/uploads\/2016\/03\/logo-carideal-mandataire-automobile.png\",\"width\":300,\"height\":300,\"caption\":\"Carideal\"},\"image\":{\"@id\":\"https:\/\/www.carideal.com\/blog\/#\/schema\/logo\/image\/\"},\"sameAs\":[\"https:\/\/www.facebook.com\/Carideal.mandataire.automobile\",\"https:\/\/x.com\/caridealauto\",\"https:\/\/www.instagram.com\/carideal1\/\",\"https:\/\/www.linkedin.com\/company\/carideal.com\",\"https:\/\/fr.pinterest.com\/schiavonsas\/\",\"https:\/\/www.youtube.com\/user\/caridealsas\"]},{\"@type\":\"Person\",\"@id\":\"https:\/\/www.carideal.com\/blog\/#\/schema\/person\/cd95dc7919660de90d31b366f85be1ec\",\"name\":\"Nicolas SCHIAVON\",\"image\":{\"@type\":\"ImageObject\",\"inLanguage\":\"fr-FR\",\"@id\":\"https:\/\/www.carideal.com\/blog\/#\/schema\/person\/image\/\",\"url\":\"https:\/\/secure.gravatar.com\/avatar\/c17e55009e671d92cc7f5dc837dc418a?s=96&r=g\",\"contentUrl\":\"https:\/\/secure.gravatar.com\/avatar\/c17e55009e671d92cc7f5dc837dc418a?s=96&r=g\",\"caption\":\"Nicolas SCHIAVON\"},\"description\":\"Nicolas Schiavon est tomb\u00e9 tout petit dans la marmite automobile. Ayant eu un garage de marque automobile, mandataire automobile de la premi\u00e8re heure d\u00e8s 1999. Nicolas a cr\u00e9\u00e9 ces premiers sites de vente de voiture et blog automobile d\u00e8s 1994. Carideal est n\u00e9 le 15 d\u00e9cembre 2000 de la volont\u00e9 de vendre des voitures d'occasions en ligne puis des voitures neuves. Il a pu essayer beaucoup de voitures tr\u00e8s diff\u00e9rentes et ayant eu personnellement quelques belles autos, Subaru Impreza, Mitsubishi Lancer Evo 7, Porsche 911, Ferrari Testarrossa, Audi RS3, RS4 et j'en passe...\",\"sameAs\":[\"http:\/\/www.carideal.com\",\"https:\/\/www.facebook.com\/nicolas.schiavon.39\",\"https:\/\/www.instagram.com\/carideal1\/\",\"https:\/\/www.linkedin.com\/in\/nschiavon\/\",\"https:\/\/x.com\/caridealauto\",\"https:\/\/www.youtube.com\/user\/caridealsas\/\"],\"url\":\"https:\/\/www.carideal.com\/blog\/author\/nschiavon\/\"}]}<\/script>\n<!-- \/ Yoast SEO plugin. -->","yoast_head_json":{"title":"Citroen Saxo d'occasion - Blog auto Carid\u00e9al","robots":{"index":"index","follow":"follow","max-snippet":"max-snippet:-1","max-image-preview":"max-image-preview:large","max-video-preview":"max-video-preview:-1"},"canonical":"https:\/\/www.carideal.com\/blog\/2008\/04\/14\/citroen-saxo-d-occasion\/","og_locale":"fr_FR","og_type":"article","og_title":"Citroen Saxo d'occasion - Blog auto Carid\u00e9al","og_description":"CITROEN Saxo La premi\u00e8re Citroen Saxo est n\u00e9e en 1996. Malgr\u00e9 son \u00e2ge, elle reste une petite citadine confortable et fiable. Son faible co\u00fbt est \u00e9galement un v\u00e9ritable atout. On appr\u00e9cie particuli\u00e8rement sa tenue de route avec ses suspensions souples. Dans les courbes le ch\u00e2ssis reste tr\u00e8s pr\u00e9cis et \u00e9quilibr\u00e9 bien qu'on notera une tendance ... Lire plus","og_url":"https:\/\/www.carideal.com\/blog\/2008\/04\/14\/citroen-saxo-d-occasion\/","og_site_name":"Blog auto Carid\u00e9al","article_publisher":"https:\/\/www.facebook.com\/Carideal.mandataire.automobile","article_author":"https:\/\/www.facebook.com\/nicolas.schiavon.39","article_published_time":"2008-04-14T23:00:00+00:00","article_modified_time":"2015-09-12T20:15:59+00:00","og_image":[{"url":"http:\/\/www.carideal.com\/images_actualite\/citroensaxooccasion-1208253705.jpg","type":"","width":"","height":""}],"author":"Nicolas SCHIAVON","twitter_card":"summary_large_image","twitter_creator":"@caridealauto","twitter_site":"@caridealauto","twitter_misc":{"\u00c9crit par":"Nicolas SCHIAVON","Dur\u00e9e de lecture estim\u00e9e":"2 minutes"},"schema":{"@context":"https:\/\/schema.org","@graph":[{"@type":"Article","@id":"https:\/\/www.carideal.com\/blog\/2008\/04\/14\/citroen-saxo-d-occasion\/#article","isPartOf":{"@id":"https:\/\/www.carideal.com\/blog\/2008\/04\/14\/citroen-saxo-d-occasion\/"},"author":{"name":"Nicolas SCHIAVON","@id":"https:\/\/www.carideal.com\/blog\/#\/schema\/person\/cd95dc7919660de90d31b366f85be1ec"},"headline":"Citroen Saxo d&rsquo;occasion","datePublished":"2008-04-14T23:00:00+00:00","dateModified":"2015-09-12T20:15:59+00:00","mainEntityOfPage":{"@id":"https:\/\/www.carideal.com\/blog\/2008\/04\/14\/citroen-saxo-d-occasion\/"},"wordCount":474,"commentCount":0,"publisher":{"@id":"https:\/\/www.carideal.com\/blog\/#organization"},"image":{"@id":"https:\/\/www.carideal.com\/blog\/2008\/04\/14\/citroen-saxo-d-occasion\/#primaryimage"},"thumbnailUrl":"http:\/\/www.carideal.com\/images_actualite\/citroensaxooccasion-1208253705.jpg","articleSection":["Actualit\u00e9 automobile"],"inLanguage":"fr-FR","potentialAction":[{"@type":"CommentAction","name":"Comment","target":["https:\/\/www.carideal.com\/blog\/2008\/04\/14\/citroen-saxo-d-occasion\/#respond"]}]},{"@type":"WebPage","@id":"https:\/\/www.carideal.com\/blog\/2008\/04\/14\/citroen-saxo-d-occasion\/","url":"https:\/\/www.carideal.com\/blog\/2008\/04\/14\/citroen-saxo-d-occasion\/","name":"Citroen Saxo d'occasion - Blog auto Carid\u00e9al","isPartOf":{"@id":"https:\/\/www.carideal.com\/blog\/#website"},"primaryImageOfPage":{"@id":"https:\/\/www.carideal.com\/blog\/2008\/04\/14\/citroen-saxo-d-occasion\/#primaryimage"},"image":{"@id":"https:\/\/www.carideal.com\/blog\/2008\/04\/14\/citroen-saxo-d-occasion\/#primaryimage"},"thumbnailUrl":"http:\/\/www.carideal.com\/images_actualite\/citroensaxooccasion-1208253705.jpg","datePublished":"2008-04-14T23:00:00+00:00","dateModified":"2015-09-12T20:15:59+00:00","breadcrumb":{"@id":"https:\/\/www.carideal.com\/blog\/2008\/04\/14\/citroen-saxo-d-occasion\/#breadcrumb"},"inLanguage":"fr-FR","potentialAction":[{"@type":"ReadAction","target":["https:\/\/www.carideal.com\/blog\/2008\/04\/14\/citroen-saxo-d-occasion\/"]}]},{"@type":"ImageObject","inLanguage":"fr-FR","@id":"https:\/\/www.carideal.com\/blog\/2008\/04\/14\/citroen-saxo-d-occasion\/#primaryimage","url":"http:\/\/www.carideal.com\/images_actualite\/citroensaxooccasion-1208253705.jpg","contentUrl":"http:\/\/www.carideal.com\/images_actualite\/citroensaxooccasion-1208253705.jpg"},{"@type":"BreadcrumbList","@id":"https:\/\/www.carideal.com\/blog\/2008\/04\/14\/citroen-saxo-d-occasion\/#breadcrumb","itemListElement":[{"@type":"ListItem","position":1,"name":"Blog Carid\u00e9al","item":"https:\/\/www.carideal.com\/blog\/"},{"@type":"ListItem","position":2,"name":"Actualit\u00e9 automobile","item":"https:\/\/www.carideal.com\/blog\/actualites-auto\/"},{"@type":"ListItem","position":3,"name":"Citroen Saxo d&rsquo;occasion"}]},{"@type":"WebSite","@id":"https:\/\/www.carideal.com\/blog\/#website","url":"https:\/\/www.carideal.com\/blog\/","name":"Blog auto Carid\u00e9al","description":"Actualit\u00e9 auto par des passionn\u00e9s","publisher":{"@id":"https:\/\/www.carideal.com\/blog\/#organization"},"potentialAction":[{"@type":"SearchAction","target":{"@type":"EntryPoint","urlTemplate":"https:\/\/www.carideal.com\/blog\/?s={search_term_string}"},"query-input":{"@type":"PropertyValueSpecification","valueRequired":true,"valueName":"search_term_string"}}],"inLanguage":"fr-FR"},{"@type":"Organization","@id":"https:\/\/www.carideal.com\/blog\/#organization","name":"Carideal","url":"https:\/\/www.carideal.com\/blog\/","logo":{"@type":"ImageObject","inLanguage":"fr-FR","@id":"https:\/\/www.carideal.com\/blog\/#\/schema\/logo\/image\/","url":"http:\/\/www.carideal.com\/blog\/wp-content\/uploads\/2016\/03\/logo-carideal-mandataire-automobile.png","contentUrl":"http:\/\/www.carideal.com\/blog\/wp-content\/uploads\/2016\/03\/logo-carideal-mandataire-automobile.png","width":300,"height":300,"caption":"Carideal"},"image":{"@id":"https:\/\/www.carideal.com\/blog\/#\/schema\/logo\/image\/"},"sameAs":["https:\/\/www.facebook.com\/Carideal.mandataire.automobile","https:\/\/x.com\/caridealauto","https:\/\/www.instagram.com\/carideal1\/","https:\/\/www.linkedin.com\/company\/carideal.com","https:\/\/fr.pinterest.com\/schiavonsas\/","https:\/\/www.youtube.com\/user\/caridealsas"]},{"@type":"Person","@id":"https:\/\/www.carideal.com\/blog\/#\/schema\/person\/cd95dc7919660de90d31b366f85be1ec","name":"Nicolas SCHIAVON","image":{"@type":"ImageObject","inLanguage":"fr-FR","@id":"https:\/\/www.carideal.com\/blog\/#\/schema\/person\/image\/","url":"https:\/\/secure.gravatar.com\/avatar\/c17e55009e671d92cc7f5dc837dc418a?s=96&r=g","contentUrl":"https:\/\/secure.gravatar.com\/avatar\/c17e55009e671d92cc7f5dc837dc418a?s=96&r=g","caption":"Nicolas SCHIAVON"},"description":"Nicolas Schiavon est tomb\u00e9 tout petit dans la marmite automobile. Ayant eu un garage de marque automobile, mandataire automobile de la premi\u00e8re heure d\u00e8s 1999. Nicolas a cr\u00e9\u00e9 ces premiers sites de vente de voiture et blog automobile d\u00e8s 1994. Carideal est n\u00e9 le 15 d\u00e9cembre 2000 de la volont\u00e9 de vendre des voitures d'occasions en ligne puis des voitures neuves. Il a pu essayer beaucoup de voitures tr\u00e8s diff\u00e9rentes et ayant eu personnellement quelques belles autos, Subaru Impreza, Mitsubishi Lancer Evo 7, Porsche 911, Ferrari Testarrossa, Audi RS3, RS4 et j'en passe...","sameAs":["http:\/\/www.carideal.com","https:\/\/www.facebook.com\/nicolas.schiavon.39","https:\/\/www.instagram.com\/carideal1\/","https:\/\/www.linkedin.com\/in\/nschiavon\/","https:\/\/x.com\/caridealauto","https:\/\/www.youtube.com\/user\/caridealsas\/"],"url":"https:\/\/www.carideal.com\/blog\/author\/nschiavon\/"}]}},"uagb_featured_image_src":{"full":false,"thumbnail":false,"medium":false,"medium_large":false,"large":false,"1536x1536":false,"2048x2048":false,"wppr-widget":false},"uagb_author_info":{"display_name":"Nicolas SCHIAVON","author_link":"https:\/\/www.carideal.com\/blog\/author\/nschiavon\/"},"uagb_comment_info":0,"uagb_excerpt":"CITROEN Saxo La premi\u00e8re Citroen Saxo est n\u00e9e en 1996. Malgr\u00e9 son \u00e2ge, elle reste une petite citadine confortable et fiable. Son faible co\u00fbt est \u00e9galement un v\u00e9ritable atout. On appr\u00e9cie particuli\u00e8rement sa tenue de route avec ses suspensions souples. Dans les courbes le ch\u00e2ssis reste tr\u00e8s pr\u00e9cis et \u00e9quilibr\u00e9 bien qu'on notera une tendance\u2026","_links":{"self":[{"href":"https:\/\/www.carideal.com\/blog\/wp-json\/wp\/v2\/posts\/4630"}],"collection":[{"href":"https:\/\/www.carideal.com\/blog\/wp-json\/wp\/v2\/posts"}],"about":[{"href":"https:\/\/www.carideal.com\/blog\/wp-json\/wp\/v2\/types\/post"}],"author":[{"embeddable":true,"href":"https:\/\/www.carideal.com\/blog\/wp-json\/wp\/v2\/users\/3"}],"replies":[{"embeddable":true,"href":"https:\/\/www.carideal.com\/blog\/wp-json\/wp\/v2\/comments?post=4630"}],"version-history":[{"count":0,"href":"https:\/\/www.carideal.com\/blog\/wp-json\/wp\/v2\/posts\/4630\/revisions"}],"wp:attachment":[{"href":"https:\/\/www.carideal.com\/blog\/wp-json\/wp\/v2\/media?parent=4630"}],"wp:term":[{"taxonomy":"category","embeddable":true,"href":"https:\/\/www.carideal.com\/blog\/wp-json\/wp\/v2\/categories?post=4630"},{"taxonomy":"post_tag","embeddable":true,"href":"https:\/\/www.carideal.com\/blog\/wp-json\/wp\/v2\/tags?post=4630"}],"curies":[{"name":"wp","href":"https:\/\/api.w.org\/{rel}","templated":true}]}}