{"id":4629,"date":"2008-04-14T23:00:00","date_gmt":"2008-04-14T23:00:00","guid":{"rendered":"http:\/\/www.carideal.com\/blog\/2008\/04\/14\/daewoo-matiz-d-occasion\/"},"modified":"2015-09-12T22:13:48","modified_gmt":"2015-09-12T20:13:48","slug":"daewoo-matiz-d-occasion","status":"publish","type":"post","link":"https:\/\/www.carideal.com\/blog\/2008\/04\/14\/daewoo-matiz-d-occasion\/","title":{"rendered":"Daewoo Matiz Occasion"},"content":{"rendered":"<div><img decoding=\"async\" src=\"http:\/\/www.carideal.com\/images_actualite\/daewoomatizcarideal-1208242632.jpg\" alt=\"\" \/>Daewoo Matiz d'occasion<\/p>\n<\/div>\n<p>La <strong>Daewoo Matiz<\/strong> est sortie en 1998 et fut restyl\u00e9e en 2005 sous <strong>Chevrolet<\/strong>,\u00a021600\u00a0sont aujourd'hui mises en\u00a0circulation. La cor\u00e9enne se voulait \u00eatre une concurrente directe de la Renault Twingo avec son\u00a0petit gabarit et son prix abordable.<\/p>\n<p>On appr\u00e9cie cette citadine pour ses 5 portes\u00a0mais l'habitacle reste tout de m\u00eame modeste et le coffre offre un faible volume (165L) . Toutefois, la Matiz, qui est l\u00e9g\u00e8re et courte, est une voiture tr\u00e8s maniable qui saura se faufiler partout en ville. Il faut compter sur la finition SE (entre la finition de base et la version SX) pour avoir la direction assist\u00e9e, la climatisation manuelle et la radio CD.<\/p>\n<p>Pas de diesels pour la Daewoo Matiz, il faudra compter sur le 4 cylindres 1.0 de 65ch pour une conduite plus souple et des relances correctes, la motorisation 3 cylindres de 52ch ne tenant pas le choc pour l'autoroute avec ses vibrations. Comptez toutefois une consommation trop \u00e9lev\u00e9e dans ces conditions.<\/p>\n<p>La finition des \u00e9quipements de bord restant l\u00e9g\u00e8re, la Matiz reste une voiture fiable sur le plan m\u00e9canique. Quelques soucis malgr\u00e9 tout comme le c\u00e2ble d'embrayage qui se bloque parfois ou des bruits apparaissant avec le temps. C\u00f4t\u00e9 entretien et pi\u00e8ces la Matiz aborde des prix raisonnables.<\/p>\n<p>On retiendra donc de la Chevrolet \/ Daewoo Matiz qu'elle est une petite citadine fiable et pratique pour la ville au tarif raisonnable en voiture d'occasion.<\/p>\n<p><em>\u00a0\u00a0\u00a0\u00a0 <u>Historique de la Matiz:<\/u><\/em><\/p>\n<ul>\n<li><strong>Sept 1998<\/strong>: lancement de la Daewoo Matiz moteur essence (0.8 de 52ch)<\/li>\n<li><strong>Janvier 2001<\/strong>: moteur 4 cylindres 1.0 65ch. l\u00e9ger restylage( clignotants avant...)<\/li>\n<li><strong>Sept 2002<\/strong>: suppression des finitions <strong>E<\/strong> et <strong>SE super <\/strong><\/li>\n<li><strong>Mars 2004: <\/strong>suppression de la s\u00e9rie sp\u00e9ciale Art de ville et retour de Make up<\/li>\n<li><strong>Janvier 2005<\/strong>: Daewoo devient Chevrolet. Restylage faces avant et arri\u00e8re ainsi que la planche de bord.<\/li>\n<\/ul>\n<p><em><u>Equipements de s\u00e9rie de la Chevrolet Matiz:<\/u><\/em><\/p>\n<ul>\n<li><strong>S<\/strong>: vitres avant \u00e9lectriques,t\u00e9l\u00e9commande de condamnation.<\/li>\n<li><strong>SE<\/strong>: climatisation manuelle,si\u00e8ge conducteur r\u00e9glable en hauteur, tiroir sous si\u00e8ge passager avant, radio CD 4HP.<\/li>\n<li><strong>SX<\/strong>: airbags lat\u00e9raux,vitres arri\u00e8res \u00e9lectriques,barre de toit,projecteurs antibrouillards, r\u00e9troviseur passager \u00e9lectrique, inserts fa\u00e7on aluminium, poign\u00e9es de porte et becquet ton carrosserie.<\/li>\n<\/ul>\n<p>&nbsp;<\/p>\n<p>&nbsp;<\/p>\n<p>&nbsp;<\/p>\n<p>&nbsp;<\/p>\n","protected":false},"excerpt":{"rendered":"<p>Daewoo Matiz d&rsquo;occasion La Daewoo Matiz est sortie en 1998 et fut restyl\u00e9e en 2005 sous Chevrolet,\u00a021600\u00a0sont aujourd&rsquo;hui mises en\u00a0circulation. La cor\u00e9enne se voulait \u00eatre une concurrente directe de la Renault Twingo avec son\u00a0petit gabarit et son prix abordable. On appr\u00e9cie cette citadine pour ses 5 portes\u00a0mais l&rsquo;habitacle reste tout de m\u00eame modeste et le &#8230; <a title=\"Daewoo Matiz Occasion\" class=\"read-more\" href=\"https:\/\/www.carideal.com\/blog\/2008\/04\/14\/daewoo-matiz-d-occasion\/\" aria-label=\"En savoir plus sur Daewoo Matiz Occasion\">Lire plus<\/a><\/p>\n","protected":false},"author":3,"featured_media":0,"comment_status":"open","ping_status":"open","sticky":false,"template":"","format":"standard","meta":{"_uag_custom_page_level_css":"","_themeisle_gutenberg_block_has_review":false,"footnotes":""},"categories":[21],"tags":[],"class_list":["post-4629","post","type-post","status-publish","format-standard","hentry","category-actualites-auto"],"wppr_data":[],"yoast_head":"<!-- This site is optimized with the Yoast SEO plugin v24.8.1 - https:\/\/yoast.com\/wordpress\/plugins\/seo\/ -->\n<title>Daewoo Matiz Occasion - Blog auto Carid\u00e9al<\/title>\n<meta name=\"robots\" content=\"index, follow, max-snippet:-1, max-image-preview:large, max-video-preview:-1\" \/>\n<link rel=\"canonical\" href=\"https:\/\/www.carideal.com\/blog\/2008\/04\/14\/daewoo-matiz-d-occasion\/\" \/>\n<meta property=\"og:locale\" content=\"fr_FR\" \/>\n<meta property=\"og:type\" content=\"article\" \/>\n<meta property=\"og:title\" content=\"Daewoo Matiz Occasion - Blog auto Carid\u00e9al\" \/>\n<meta property=\"og:description\" content=\"Daewoo Matiz d&#039;occasion La Daewoo Matiz est sortie en 1998 et fut restyl\u00e9e en 2005 sous Chevrolet,\u00a021600\u00a0sont aujourd&#039;hui mises en\u00a0circulation. La cor\u00e9enne se voulait \u00eatre une concurrente directe de la Renault Twingo avec son\u00a0petit gabarit et son prix abordable. On appr\u00e9cie cette citadine pour ses 5 portes\u00a0mais l&#039;habitacle reste tout de m\u00eame modeste et le ... Lire plus\" \/>\n<meta property=\"og:url\" content=\"https:\/\/www.carideal.com\/blog\/2008\/04\/14\/daewoo-matiz-d-occasion\/\" \/>\n<meta property=\"og:site_name\" content=\"Blog auto Carid\u00e9al\" \/>\n<meta property=\"article:publisher\" content=\"https:\/\/www.facebook.com\/Carideal.mandataire.automobile\" \/>\n<meta property=\"article:author\" content=\"https:\/\/www.facebook.com\/nicolas.schiavon.39\" \/>\n<meta property=\"article:published_time\" content=\"2008-04-14T23:00:00+00:00\" \/>\n<meta property=\"article:modified_time\" content=\"2015-09-12T20:13:48+00:00\" \/>\n<meta property=\"og:image\" content=\"http:\/\/www.carideal.com\/images_actualite\/daewoomatizcarideal-1208242632.jpg\" \/>\n<meta name=\"author\" content=\"Nicolas SCHIAVON\" \/>\n<meta name=\"twitter:card\" content=\"summary_large_image\" \/>\n<meta name=\"twitter:creator\" content=\"@caridealauto\" \/>\n<meta name=\"twitter:site\" content=\"@caridealauto\" \/>\n<meta name=\"twitter:label1\" content=\"\u00c9crit par\" \/>\n\t<meta name=\"twitter:data1\" content=\"Nicolas SCHIAVON\" \/>\n\t<meta name=\"twitter:label2\" content=\"Dur\u00e9e de lecture estim\u00e9e\" \/>\n\t<meta name=\"twitter:data2\" content=\"2 minutes\" \/>\n<script type=\"application\/ld+json\" class=\"yoast-schema-graph\">{\"@context\":\"https:\/\/schema.org\",\"@graph\":[{\"@type\":\"Article\",\"@id\":\"https:\/\/www.carideal.com\/blog\/2008\/04\/14\/daewoo-matiz-d-occasion\/#article\",\"isPartOf\":{\"@id\":\"https:\/\/www.carideal.com\/blog\/2008\/04\/14\/daewoo-matiz-d-occasion\/\"},\"author\":{\"name\":\"Nicolas SCHIAVON\",\"@id\":\"https:\/\/www.carideal.com\/blog\/#\/schema\/person\/cd95dc7919660de90d31b366f85be1ec\"},\"headline\":\"Daewoo Matiz Occasion\",\"datePublished\":\"2008-04-14T23:00:00+00:00\",\"dateModified\":\"2015-09-12T20:13:48+00:00\",\"mainEntityOfPage\":{\"@id\":\"https:\/\/www.carideal.com\/blog\/2008\/04\/14\/daewoo-matiz-d-occasion\/\"},\"wordCount\":380,\"commentCount\":0,\"publisher\":{\"@id\":\"https:\/\/www.carideal.com\/blog\/#organization\"},\"image\":{\"@id\":\"https:\/\/www.carideal.com\/blog\/2008\/04\/14\/daewoo-matiz-d-occasion\/#primaryimage\"},\"thumbnailUrl\":\"http:\/\/www.carideal.com\/images_actualite\/daewoomatizcarideal-1208242632.jpg\",\"articleSection\":[\"Actualit\u00e9 automobile\"],\"inLanguage\":\"fr-FR\",\"potentialAction\":[{\"@type\":\"CommentAction\",\"name\":\"Comment\",\"target\":[\"https:\/\/www.carideal.com\/blog\/2008\/04\/14\/daewoo-matiz-d-occasion\/#respond\"]}]},{\"@type\":\"WebPage\",\"@id\":\"https:\/\/www.carideal.com\/blog\/2008\/04\/14\/daewoo-matiz-d-occasion\/\",\"url\":\"https:\/\/www.carideal.com\/blog\/2008\/04\/14\/daewoo-matiz-d-occasion\/\",\"name\":\"Daewoo Matiz Occasion - Blog auto Carid\u00e9al\",\"isPartOf\":{\"@id\":\"https:\/\/www.carideal.com\/blog\/#website\"},\"primaryImageOfPage\":{\"@id\":\"https:\/\/www.carideal.com\/blog\/2008\/04\/14\/daewoo-matiz-d-occasion\/#primaryimage\"},\"image\":{\"@id\":\"https:\/\/www.carideal.com\/blog\/2008\/04\/14\/daewoo-matiz-d-occasion\/#primaryimage\"},\"thumbnailUrl\":\"http:\/\/www.carideal.com\/images_actualite\/daewoomatizcarideal-1208242632.jpg\",\"datePublished\":\"2008-04-14T23:00:00+00:00\",\"dateModified\":\"2015-09-12T20:13:48+00:00\",\"breadcrumb\":{\"@id\":\"https:\/\/www.carideal.com\/blog\/2008\/04\/14\/daewoo-matiz-d-occasion\/#breadcrumb\"},\"inLanguage\":\"fr-FR\",\"potentialAction\":[{\"@type\":\"ReadAction\",\"target\":[\"https:\/\/www.carideal.com\/blog\/2008\/04\/14\/daewoo-matiz-d-occasion\/\"]}]},{\"@type\":\"ImageObject\",\"inLanguage\":\"fr-FR\",\"@id\":\"https:\/\/www.carideal.com\/blog\/2008\/04\/14\/daewoo-matiz-d-occasion\/#primaryimage\",\"url\":\"http:\/\/www.carideal.com\/images_actualite\/daewoomatizcarideal-1208242632.jpg\",\"contentUrl\":\"http:\/\/www.carideal.com\/images_actualite\/daewoomatizcarideal-1208242632.jpg\"},{\"@type\":\"BreadcrumbList\",\"@id\":\"https:\/\/www.carideal.com\/blog\/2008\/04\/14\/daewoo-matiz-d-occasion\/#breadcrumb\",\"itemListElement\":[{\"@type\":\"ListItem\",\"position\":1,\"name\":\"Blog Carid\u00e9al\",\"item\":\"https:\/\/www.carideal.com\/blog\/\"},{\"@type\":\"ListItem\",\"position\":2,\"name\":\"Actualit\u00e9 automobile\",\"item\":\"https:\/\/www.carideal.com\/blog\/actualites-auto\/\"},{\"@type\":\"ListItem\",\"position\":3,\"name\":\"Daewoo Matiz Occasion\"}]},{\"@type\":\"WebSite\",\"@id\":\"https:\/\/www.carideal.com\/blog\/#website\",\"url\":\"https:\/\/www.carideal.com\/blog\/\",\"name\":\"Blog auto Carid\u00e9al\",\"description\":\"Actualit\u00e9 auto par des passionn\u00e9s\",\"publisher\":{\"@id\":\"https:\/\/www.carideal.com\/blog\/#organization\"},\"potentialAction\":[{\"@type\":\"SearchAction\",\"target\":{\"@type\":\"EntryPoint\",\"urlTemplate\":\"https:\/\/www.carideal.com\/blog\/?s={search_term_string}\"},\"query-input\":{\"@type\":\"PropertyValueSpecification\",\"valueRequired\":true,\"valueName\":\"search_term_string\"}}],\"inLanguage\":\"fr-FR\"},{\"@type\":\"Organization\",\"@id\":\"https:\/\/www.carideal.com\/blog\/#organization\",\"name\":\"Carideal\",\"url\":\"https:\/\/www.carideal.com\/blog\/\",\"logo\":{\"@type\":\"ImageObject\",\"inLanguage\":\"fr-FR\",\"@id\":\"https:\/\/www.carideal.com\/blog\/#\/schema\/logo\/image\/\",\"url\":\"http:\/\/www.carideal.com\/blog\/wp-content\/uploads\/2016\/03\/logo-carideal-mandataire-automobile.png\",\"contentUrl\":\"http:\/\/www.carideal.com\/blog\/wp-content\/uploads\/2016\/03\/logo-carideal-mandataire-automobile.png\",\"width\":300,\"height\":300,\"caption\":\"Carideal\"},\"image\":{\"@id\":\"https:\/\/www.carideal.com\/blog\/#\/schema\/logo\/image\/\"},\"sameAs\":[\"https:\/\/www.facebook.com\/Carideal.mandataire.automobile\",\"https:\/\/x.com\/caridealauto\",\"https:\/\/www.instagram.com\/carideal1\/\",\"https:\/\/www.linkedin.com\/company\/carideal.com\",\"https:\/\/fr.pinterest.com\/schiavonsas\/\",\"https:\/\/www.youtube.com\/user\/caridealsas\"]},{\"@type\":\"Person\",\"@id\":\"https:\/\/www.carideal.com\/blog\/#\/schema\/person\/cd95dc7919660de90d31b366f85be1ec\",\"name\":\"Nicolas SCHIAVON\",\"image\":{\"@type\":\"ImageObject\",\"inLanguage\":\"fr-FR\",\"@id\":\"https:\/\/www.carideal.com\/blog\/#\/schema\/person\/image\/\",\"url\":\"https:\/\/secure.gravatar.com\/avatar\/c17e55009e671d92cc7f5dc837dc418a?s=96&r=g\",\"contentUrl\":\"https:\/\/secure.gravatar.com\/avatar\/c17e55009e671d92cc7f5dc837dc418a?s=96&r=g\",\"caption\":\"Nicolas SCHIAVON\"},\"description\":\"Nicolas Schiavon est tomb\u00e9 tout petit dans la marmite automobile. Ayant eu un garage de marque automobile, mandataire automobile de la premi\u00e8re heure d\u00e8s 1999. Nicolas a cr\u00e9\u00e9 ces premiers sites de vente de voiture et blog automobile d\u00e8s 1994. Carideal est n\u00e9 le 15 d\u00e9cembre 2000 de la volont\u00e9 de vendre des voitures d'occasions en ligne puis des voitures neuves. Il a pu essayer beaucoup de voitures tr\u00e8s diff\u00e9rentes et ayant eu personnellement quelques belles autos, Subaru Impreza, Mitsubishi Lancer Evo 7, Porsche 911, Ferrari Testarrossa, Audi RS3, RS4 et j'en passe...\",\"sameAs\":[\"http:\/\/www.carideal.com\",\"https:\/\/www.facebook.com\/nicolas.schiavon.39\",\"https:\/\/www.instagram.com\/carideal1\/\",\"https:\/\/www.linkedin.com\/in\/nschiavon\/\",\"https:\/\/x.com\/caridealauto\",\"https:\/\/www.youtube.com\/user\/caridealsas\/\"],\"url\":\"https:\/\/www.carideal.com\/blog\/author\/nschiavon\/\"}]}<\/script>\n<!-- \/ Yoast SEO plugin. -->","yoast_head_json":{"title":"Daewoo Matiz Occasion - Blog auto Carid\u00e9al","robots":{"index":"index","follow":"follow","max-snippet":"max-snippet:-1","max-image-preview":"max-image-preview:large","max-video-preview":"max-video-preview:-1"},"canonical":"https:\/\/www.carideal.com\/blog\/2008\/04\/14\/daewoo-matiz-d-occasion\/","og_locale":"fr_FR","og_type":"article","og_title":"Daewoo Matiz Occasion - Blog auto Carid\u00e9al","og_description":"Daewoo Matiz d'occasion La Daewoo Matiz est sortie en 1998 et fut restyl\u00e9e en 2005 sous Chevrolet,\u00a021600\u00a0sont aujourd'hui mises en\u00a0circulation. La cor\u00e9enne se voulait \u00eatre une concurrente directe de la Renault Twingo avec son\u00a0petit gabarit et son prix abordable. On appr\u00e9cie cette citadine pour ses 5 portes\u00a0mais l'habitacle reste tout de m\u00eame modeste et le ... Lire plus","og_url":"https:\/\/www.carideal.com\/blog\/2008\/04\/14\/daewoo-matiz-d-occasion\/","og_site_name":"Blog auto Carid\u00e9al","article_publisher":"https:\/\/www.facebook.com\/Carideal.mandataire.automobile","article_author":"https:\/\/www.facebook.com\/nicolas.schiavon.39","article_published_time":"2008-04-14T23:00:00+00:00","article_modified_time":"2015-09-12T20:13:48+00:00","og_image":[{"url":"http:\/\/www.carideal.com\/images_actualite\/daewoomatizcarideal-1208242632.jpg","type":"","width":"","height":""}],"author":"Nicolas SCHIAVON","twitter_card":"summary_large_image","twitter_creator":"@caridealauto","twitter_site":"@caridealauto","twitter_misc":{"\u00c9crit par":"Nicolas SCHIAVON","Dur\u00e9e de lecture estim\u00e9e":"2 minutes"},"schema":{"@context":"https:\/\/schema.org","@graph":[{"@type":"Article","@id":"https:\/\/www.carideal.com\/blog\/2008\/04\/14\/daewoo-matiz-d-occasion\/#article","isPartOf":{"@id":"https:\/\/www.carideal.com\/blog\/2008\/04\/14\/daewoo-matiz-d-occasion\/"},"author":{"name":"Nicolas SCHIAVON","@id":"https:\/\/www.carideal.com\/blog\/#\/schema\/person\/cd95dc7919660de90d31b366f85be1ec"},"headline":"Daewoo Matiz Occasion","datePublished":"2008-04-14T23:00:00+00:00","dateModified":"2015-09-12T20:13:48+00:00","mainEntityOfPage":{"@id":"https:\/\/www.carideal.com\/blog\/2008\/04\/14\/daewoo-matiz-d-occasion\/"},"wordCount":380,"commentCount":0,"publisher":{"@id":"https:\/\/www.carideal.com\/blog\/#organization"},"image":{"@id":"https:\/\/www.carideal.com\/blog\/2008\/04\/14\/daewoo-matiz-d-occasion\/#primaryimage"},"thumbnailUrl":"http:\/\/www.carideal.com\/images_actualite\/daewoomatizcarideal-1208242632.jpg","articleSection":["Actualit\u00e9 automobile"],"inLanguage":"fr-FR","potentialAction":[{"@type":"CommentAction","name":"Comment","target":["https:\/\/www.carideal.com\/blog\/2008\/04\/14\/daewoo-matiz-d-occasion\/#respond"]}]},{"@type":"WebPage","@id":"https:\/\/www.carideal.com\/blog\/2008\/04\/14\/daewoo-matiz-d-occasion\/","url":"https:\/\/www.carideal.com\/blog\/2008\/04\/14\/daewoo-matiz-d-occasion\/","name":"Daewoo Matiz Occasion - Blog auto Carid\u00e9al","isPartOf":{"@id":"https:\/\/www.carideal.com\/blog\/#website"},"primaryImageOfPage":{"@id":"https:\/\/www.carideal.com\/blog\/2008\/04\/14\/daewoo-matiz-d-occasion\/#primaryimage"},"image":{"@id":"https:\/\/www.carideal.com\/blog\/2008\/04\/14\/daewoo-matiz-d-occasion\/#primaryimage"},"thumbnailUrl":"http:\/\/www.carideal.com\/images_actualite\/daewoomatizcarideal-1208242632.jpg","datePublished":"2008-04-14T23:00:00+00:00","dateModified":"2015-09-12T20:13:48+00:00","breadcrumb":{"@id":"https:\/\/www.carideal.com\/blog\/2008\/04\/14\/daewoo-matiz-d-occasion\/#breadcrumb"},"inLanguage":"fr-FR","potentialAction":[{"@type":"ReadAction","target":["https:\/\/www.carideal.com\/blog\/2008\/04\/14\/daewoo-matiz-d-occasion\/"]}]},{"@type":"ImageObject","inLanguage":"fr-FR","@id":"https:\/\/www.carideal.com\/blog\/2008\/04\/14\/daewoo-matiz-d-occasion\/#primaryimage","url":"http:\/\/www.carideal.com\/images_actualite\/daewoomatizcarideal-1208242632.jpg","contentUrl":"http:\/\/www.carideal.com\/images_actualite\/daewoomatizcarideal-1208242632.jpg"},{"@type":"BreadcrumbList","@id":"https:\/\/www.carideal.com\/blog\/2008\/04\/14\/daewoo-matiz-d-occasion\/#breadcrumb","itemListElement":[{"@type":"ListItem","position":1,"name":"Blog Carid\u00e9al","item":"https:\/\/www.carideal.com\/blog\/"},{"@type":"ListItem","position":2,"name":"Actualit\u00e9 automobile","item":"https:\/\/www.carideal.com\/blog\/actualites-auto\/"},{"@type":"ListItem","position":3,"name":"Daewoo Matiz Occasion"}]},{"@type":"WebSite","@id":"https:\/\/www.carideal.com\/blog\/#website","url":"https:\/\/www.carideal.com\/blog\/","name":"Blog auto Carid\u00e9al","description":"Actualit\u00e9 auto par des passionn\u00e9s","publisher":{"@id":"https:\/\/www.carideal.com\/blog\/#organization"},"potentialAction":[{"@type":"SearchAction","target":{"@type":"EntryPoint","urlTemplate":"https:\/\/www.carideal.com\/blog\/?s={search_term_string}"},"query-input":{"@type":"PropertyValueSpecification","valueRequired":true,"valueName":"search_term_string"}}],"inLanguage":"fr-FR"},{"@type":"Organization","@id":"https:\/\/www.carideal.com\/blog\/#organization","name":"Carideal","url":"https:\/\/www.carideal.com\/blog\/","logo":{"@type":"ImageObject","inLanguage":"fr-FR","@id":"https:\/\/www.carideal.com\/blog\/#\/schema\/logo\/image\/","url":"http:\/\/www.carideal.com\/blog\/wp-content\/uploads\/2016\/03\/logo-carideal-mandataire-automobile.png","contentUrl":"http:\/\/www.carideal.com\/blog\/wp-content\/uploads\/2016\/03\/logo-carideal-mandataire-automobile.png","width":300,"height":300,"caption":"Carideal"},"image":{"@id":"https:\/\/www.carideal.com\/blog\/#\/schema\/logo\/image\/"},"sameAs":["https:\/\/www.facebook.com\/Carideal.mandataire.automobile","https:\/\/x.com\/caridealauto","https:\/\/www.instagram.com\/carideal1\/","https:\/\/www.linkedin.com\/company\/carideal.com","https:\/\/fr.pinterest.com\/schiavonsas\/","https:\/\/www.youtube.com\/user\/caridealsas"]},{"@type":"Person","@id":"https:\/\/www.carideal.com\/blog\/#\/schema\/person\/cd95dc7919660de90d31b366f85be1ec","name":"Nicolas SCHIAVON","image":{"@type":"ImageObject","inLanguage":"fr-FR","@id":"https:\/\/www.carideal.com\/blog\/#\/schema\/person\/image\/","url":"https:\/\/secure.gravatar.com\/avatar\/c17e55009e671d92cc7f5dc837dc418a?s=96&r=g","contentUrl":"https:\/\/secure.gravatar.com\/avatar\/c17e55009e671d92cc7f5dc837dc418a?s=96&r=g","caption":"Nicolas SCHIAVON"},"description":"Nicolas Schiavon est tomb\u00e9 tout petit dans la marmite automobile. Ayant eu un garage de marque automobile, mandataire automobile de la premi\u00e8re heure d\u00e8s 1999. Nicolas a cr\u00e9\u00e9 ces premiers sites de vente de voiture et blog automobile d\u00e8s 1994. Carideal est n\u00e9 le 15 d\u00e9cembre 2000 de la volont\u00e9 de vendre des voitures d'occasions en ligne puis des voitures neuves. Il a pu essayer beaucoup de voitures tr\u00e8s diff\u00e9rentes et ayant eu personnellement quelques belles autos, Subaru Impreza, Mitsubishi Lancer Evo 7, Porsche 911, Ferrari Testarrossa, Audi RS3, RS4 et j'en passe...","sameAs":["http:\/\/www.carideal.com","https:\/\/www.facebook.com\/nicolas.schiavon.39","https:\/\/www.instagram.com\/carideal1\/","https:\/\/www.linkedin.com\/in\/nschiavon\/","https:\/\/x.com\/caridealauto","https:\/\/www.youtube.com\/user\/caridealsas\/"],"url":"https:\/\/www.carideal.com\/blog\/author\/nschiavon\/"}]}},"uagb_featured_image_src":{"full":false,"thumbnail":false,"medium":false,"medium_large":false,"large":false,"1536x1536":false,"2048x2048":false,"wppr-widget":false},"uagb_author_info":{"display_name":"Nicolas SCHIAVON","author_link":"https:\/\/www.carideal.com\/blog\/author\/nschiavon\/"},"uagb_comment_info":0,"uagb_excerpt":"Daewoo Matiz d'occasion La Daewoo Matiz est sortie en 1998 et fut restyl\u00e9e en 2005 sous Chevrolet,\u00a021600\u00a0sont aujourd'hui mises en\u00a0circulation. La cor\u00e9enne se voulait \u00eatre une concurrente directe de la Renault Twingo avec son\u00a0petit gabarit et son prix abordable. On appr\u00e9cie cette citadine pour ses 5 portes\u00a0mais l'habitacle reste tout de m\u00eame modeste et le\u2026","_links":{"self":[{"href":"https:\/\/www.carideal.com\/blog\/wp-json\/wp\/v2\/posts\/4629"}],"collection":[{"href":"https:\/\/www.carideal.com\/blog\/wp-json\/wp\/v2\/posts"}],"about":[{"href":"https:\/\/www.carideal.com\/blog\/wp-json\/wp\/v2\/types\/post"}],"author":[{"embeddable":true,"href":"https:\/\/www.carideal.com\/blog\/wp-json\/wp\/v2\/users\/3"}],"replies":[{"embeddable":true,"href":"https:\/\/www.carideal.com\/blog\/wp-json\/wp\/v2\/comments?post=4629"}],"version-history":[{"count":0,"href":"https:\/\/www.carideal.com\/blog\/wp-json\/wp\/v2\/posts\/4629\/revisions"}],"wp:attachment":[{"href":"https:\/\/www.carideal.com\/blog\/wp-json\/wp\/v2\/media?parent=4629"}],"wp:term":[{"taxonomy":"category","embeddable":true,"href":"https:\/\/www.carideal.com\/blog\/wp-json\/wp\/v2\/categories?post=4629"},{"taxonomy":"post_tag","embeddable":true,"href":"https:\/\/www.carideal.com\/blog\/wp-json\/wp\/v2\/tags?post=4629"}],"curies":[{"name":"wp","href":"https:\/\/api.w.org\/{rel}","templated":true}]}}