{"id":4624,"date":"2008-03-25T00:00:00","date_gmt":"2008-03-25T00:00:00","guid":{"rendered":"http:\/\/www.carideal.com\/blog\/2008\/03\/25\/guide-d-achat-des-suv-compact-diesel\/"},"modified":"2016-09-15T13:31:53","modified_gmt":"2016-09-15T11:31:53","slug":"guide-d-achat-des-suv-compact-diesel","status":"publish","type":"post","link":"https:\/\/www.carideal.com\/blog\/2008\/03\/25\/guide-d-achat-des-suv-compact-diesel\/","title":{"rendered":"Guide d&rsquo;achat des SUV compact diesel"},"content":{"rendered":"<div>\n<p><img decoding=\"async\" src=\"http:\/\/www.carideal.com\/images_actualite\/hondacrvcarideal-1206428618.jpg\" alt=\"\" \/>Honda CRV<\/p>\n<\/div>\n<div>\n<p><img decoding=\"async\" src=\"http:\/\/www.carideal.com\/images_actualite\/mitsubishioutlandercarideal-1206428642.jpg\" alt=\"\" \/>Mitsubishi Outlander<\/p>\n<\/div>\n<div>\n<figure style=\"width: 385px\" class=\"wp-caption alignnone\"><img loading=\"lazy\" decoding=\"async\" title=\"Guide d'achat des SUV\" src=\"http:\/\/www.carideal.com\/images_actualite\/nissanxtrailcarideal-1206428669.jpg\" alt=\"Guide d'achat des SUV\" width=\"395\" height=\"296\" \/><figcaption class=\"wp-caption-text\">Guide d'achat des SUV<\/figcaption><\/figure>\n<p>Nissan X-trail<\/p>\n<\/div>\n<h1><strong>Guide d'achat des SUV compact diesel<\/strong><\/h1>\n<p>Ces voitures sont \u00e0 la mode. Elles sont un palliatifs aux berlines puissantes qui ne servent plus a rien. Le Sport Utility Vehicle est un nouveau model, gros break sur-\u00e9lev\u00e9 pratique, pas forcement 4X4, certain le d\u00e9cline en 4X2 voir m\u00eame uniquement en traction av. Il s'agit d'une voiture de loisir qui permet de loger la famille, certains sont disponibles en 7 places, et permettent de loger des skis, d'autre un velo ou une planche de surf, bref une voiture de loisirs multifonctions, qui pr\u00e9sente bien. Les SUV sont d'ailleurs concus comme de veritables berlines, confortables et possedant un excellant comportement routier, rien \u00e0 voir avec nos anciens 4X4 rustiques, sous motoris\u00e9s \u00e0 la tenu de route aleatoire. D'ailleurs les constructeurs ont ennormement travaille le concept, en reduisant au maximum le cout de l'entretien de ces voitures. par rapport \u00e0 une berline ou un break classique, seul les pneus ou la consommation de carburant, du au gabarit et au poid de l'engin feront la difference. Nous pr\u00e9conisons l'achat d'un diesel, car le couple moteur va largement en faveur d'une utilisation de ce type de voiture, ce qui s'en ressent sur la consommation.<br \/>\n<strong>Le HONDA CR-V 22 ICDTI 140 ch<\/strong> 8cv\u00a0 est d\u00e9di\u00e9 a la route avec sa finition haut de gamme et une harmonie int\u00e9rieure de routi\u00e8re. Il sagit d'un 4X4 de route confortable plaisant a conduire. L'habitacle est modulaire avec sa banquette AR coulissante, un grand coffre. La finition est plaisante les plastiques sont de bon aloi meme si certain sont dures, la qualit\u00e9 percu est bonne, les equipements de serie sont complet. Le moteur diesel de Honda fait des merveilles, m\u00eame si dans le CRV il penne \u00e0 bouger le poid suplementaire, les performances sont respectables, il faudrait retravailler legerement l'insonorisation.<br \/>\n<strong>Le MITSUBISHI OUTLANDER 2.0 DID 140 ch<\/strong> 9cv est equip\u00e9 d'un moteur volkswagen 2.0 L de 140 ch qui sera remplac\u00e9 par un PSA 2.2 HDI de 156 ch. Ce 4X4 est une bonne routiere ave des trains roulants de bonne qualit\u00e9, le confort est bon, et l'amortissement excellent. L'outlander est disponible en 5 ou 7 Places, La finition est un peu cheap, la qualite des materiaux n'est pas flateuse. La\u00a0 banquette AR coulissante permet de degager un grand coffre. Le moteur est a la peine, il manque de souffle \u00e0 bas regime, ses 140 ch sont insufisants et trop bruyants.<br \/>\n<strong>Le NISSAN X-TRAIL 20 DCI 150 ch<\/strong> 9cv est presque iddentique a l'ancienne version, mais de loin seulement. En effet de nombreuses modifications amelliorent cette version. Le Nissan X-trail s'enbourgeoise, plus lourd, donc plus pattaud, il a perdu en agrement de conduite mais il est plus confortable. Son style, pas tr\u00e8s en vogue actuellement, ne l'a pas empeche de bien se vendre il y a quelques annees, il etait precurseur \u00e0 l'epoque. Il est convivial et assez spacieux, on aime ses rangements dans son double plancher. Nissan a fait de tr\u00e8s net progres\u00a0 en finition, les plastiques sont plus valorisants et l'insonorisation est en tres net progres. le client peut choisir deux moteurs au choix le dci 150 ou 173 ch : boite de vitesse automatique a eviter !<br \/>\n<strong>Le SUZUKI GRAND VITARA 1.9 DDIS 129ch<\/strong> 9cv Le Grand vitara de Suzuki est un v\u00e9ritable 4X4 avec des choix techniques audacieux, coque autoporteuse, 4X4 permanent, avec pour cons\u00e9quence une am\u00e9lioration de ses qualit\u00e9s routi\u00e8res et surtout c'est le meilleur dans les chemins. ce 4X4 compact plait en ville, mais n'est propos\u00e9 qu'en 5 places, et pour les bagages.... mieux vaut pr\u00e9voir une remorque tant la place est limit\u00e9e. La finition est moderne, inserts alu, cardrans sports, mais la qualit\u00e9 des plastique trahi le soucis d'economie. le moteur est d'origine renault, dci 130 ch : comme on dit chez nous : y'en manque !! il est creu a bas r\u00e9gime, bruyant et la boite pas super bien etag\u00e9.<\/p>\n","protected":false},"excerpt":{"rendered":"<p>Honda CRV Mitsubishi Outlander Nissan X-trail Guide d&rsquo;achat des SUV compact diesel Ces voitures sont \u00e0 la mode. Elles sont un palliatifs aux berlines puissantes qui ne servent plus a rien. Le Sport Utility Vehicle est un nouveau model, gros break sur-\u00e9lev\u00e9 pratique, pas forcement 4X4, certain le d\u00e9cline en 4X2 voir m\u00eame uniquement en &#8230; <a title=\"Guide d&rsquo;achat des SUV compact diesel\" class=\"read-more\" href=\"https:\/\/www.carideal.com\/blog\/2008\/03\/25\/guide-d-achat-des-suv-compact-diesel\/\" aria-label=\"En savoir plus sur Guide d&rsquo;achat des SUV compact diesel\">Lire plus<\/a><\/p>\n","protected":false},"author":3,"featured_media":0,"comment_status":"open","ping_status":"open","sticky":false,"template":"","format":"standard","meta":{"_uag_custom_page_level_css":"","_themeisle_gutenberg_block_has_review":false,"footnotes":""},"categories":[21],"tags":[5044,2998],"class_list":["post-4624","post","type-post","status-publish","format-standard","hentry","category-actualites-auto","tag-guide-achat","tag-compactes"],"wppr_data":[],"yoast_head":"<!-- This site is optimized with the Yoast SEO plugin v24.8.1 - https:\/\/yoast.com\/wordpress\/plugins\/seo\/ -->\n<title>Guide d&#039;achat des SUV compact diesel - Blog auto Carid\u00e9al<\/title>\n<meta name=\"robots\" content=\"index, follow, max-snippet:-1, max-image-preview:large, max-video-preview:-1\" \/>\n<link rel=\"canonical\" href=\"https:\/\/www.carideal.com\/blog\/2008\/03\/25\/guide-d-achat-des-suv-compact-diesel\/\" \/>\n<meta property=\"og:locale\" content=\"fr_FR\" \/>\n<meta property=\"og:type\" content=\"article\" \/>\n<meta property=\"og:title\" content=\"Guide d&#039;achat des SUV compact diesel - Blog auto Carid\u00e9al\" \/>\n<meta property=\"og:description\" content=\"Honda CRV Mitsubishi Outlander Nissan X-trail Guide d&#039;achat des SUV compact diesel Ces voitures sont \u00e0 la mode. Elles sont un palliatifs aux berlines puissantes qui ne servent plus a rien. Le Sport Utility Vehicle est un nouveau model, gros break sur-\u00e9lev\u00e9 pratique, pas forcement 4X4, certain le d\u00e9cline en 4X2 voir m\u00eame uniquement en ... Lire plus\" \/>\n<meta property=\"og:url\" content=\"https:\/\/www.carideal.com\/blog\/2008\/03\/25\/guide-d-achat-des-suv-compact-diesel\/\" \/>\n<meta property=\"og:site_name\" content=\"Blog auto Carid\u00e9al\" \/>\n<meta property=\"article:publisher\" content=\"https:\/\/www.facebook.com\/Carideal.mandataire.automobile\" \/>\n<meta property=\"article:author\" content=\"https:\/\/www.facebook.com\/nicolas.schiavon.39\" \/>\n<meta property=\"article:published_time\" content=\"2008-03-25T00:00:00+00:00\" \/>\n<meta property=\"article:modified_time\" content=\"2016-09-15T11:31:53+00:00\" \/>\n<meta property=\"og:image\" content=\"http:\/\/www.carideal.com\/images_actualite\/hondacrvcarideal-1206428618.jpg\" \/>\n<meta name=\"author\" content=\"Nicolas SCHIAVON\" \/>\n<meta name=\"twitter:card\" content=\"summary_large_image\" \/>\n<meta name=\"twitter:creator\" content=\"@caridealauto\" \/>\n<meta name=\"twitter:site\" content=\"@caridealauto\" \/>\n<meta name=\"twitter:label1\" content=\"\u00c9crit par\" \/>\n\t<meta name=\"twitter:data1\" content=\"Nicolas SCHIAVON\" \/>\n\t<meta name=\"twitter:label2\" content=\"Dur\u00e9e de lecture estim\u00e9e\" \/>\n\t<meta name=\"twitter:data2\" content=\"3 minutes\" \/>\n<script type=\"application\/ld+json\" class=\"yoast-schema-graph\">{\"@context\":\"https:\/\/schema.org\",\"@graph\":[{\"@type\":\"Article\",\"@id\":\"https:\/\/www.carideal.com\/blog\/2008\/03\/25\/guide-d-achat-des-suv-compact-diesel\/#article\",\"isPartOf\":{\"@id\":\"https:\/\/www.carideal.com\/blog\/2008\/03\/25\/guide-d-achat-des-suv-compact-diesel\/\"},\"author\":{\"name\":\"Nicolas SCHIAVON\",\"@id\":\"https:\/\/www.carideal.com\/blog\/#\/schema\/person\/cd95dc7919660de90d31b366f85be1ec\"},\"headline\":\"Guide d&rsquo;achat des SUV compact diesel\",\"datePublished\":\"2008-03-25T00:00:00+00:00\",\"dateModified\":\"2016-09-15T11:31:53+00:00\",\"mainEntityOfPage\":{\"@id\":\"https:\/\/www.carideal.com\/blog\/2008\/03\/25\/guide-d-achat-des-suv-compact-diesel\/\"},\"wordCount\":658,\"commentCount\":0,\"publisher\":{\"@id\":\"https:\/\/www.carideal.com\/blog\/#organization\"},\"image\":{\"@id\":\"https:\/\/www.carideal.com\/blog\/2008\/03\/25\/guide-d-achat-des-suv-compact-diesel\/#primaryimage\"},\"thumbnailUrl\":\"http:\/\/www.carideal.com\/images_actualite\/hondacrvcarideal-1206428618.jpg\",\"keywords\":[\"Guide achat voiture\",\"Voiture compacte\"],\"articleSection\":[\"Actualit\u00e9 automobile\"],\"inLanguage\":\"fr-FR\",\"potentialAction\":[{\"@type\":\"CommentAction\",\"name\":\"Comment\",\"target\":[\"https:\/\/www.carideal.com\/blog\/2008\/03\/25\/guide-d-achat-des-suv-compact-diesel\/#respond\"]}]},{\"@type\":\"WebPage\",\"@id\":\"https:\/\/www.carideal.com\/blog\/2008\/03\/25\/guide-d-achat-des-suv-compact-diesel\/\",\"url\":\"https:\/\/www.carideal.com\/blog\/2008\/03\/25\/guide-d-achat-des-suv-compact-diesel\/\",\"name\":\"Guide d'achat des SUV compact diesel - Blog auto Carid\u00e9al\",\"isPartOf\":{\"@id\":\"https:\/\/www.carideal.com\/blog\/#website\"},\"primaryImageOfPage\":{\"@id\":\"https:\/\/www.carideal.com\/blog\/2008\/03\/25\/guide-d-achat-des-suv-compact-diesel\/#primaryimage\"},\"image\":{\"@id\":\"https:\/\/www.carideal.com\/blog\/2008\/03\/25\/guide-d-achat-des-suv-compact-diesel\/#primaryimage\"},\"thumbnailUrl\":\"http:\/\/www.carideal.com\/images_actualite\/hondacrvcarideal-1206428618.jpg\",\"datePublished\":\"2008-03-25T00:00:00+00:00\",\"dateModified\":\"2016-09-15T11:31:53+00:00\",\"breadcrumb\":{\"@id\":\"https:\/\/www.carideal.com\/blog\/2008\/03\/25\/guide-d-achat-des-suv-compact-diesel\/#breadcrumb\"},\"inLanguage\":\"fr-FR\",\"potentialAction\":[{\"@type\":\"ReadAction\",\"target\":[\"https:\/\/www.carideal.com\/blog\/2008\/03\/25\/guide-d-achat-des-suv-compact-diesel\/\"]}]},{\"@type\":\"ImageObject\",\"inLanguage\":\"fr-FR\",\"@id\":\"https:\/\/www.carideal.com\/blog\/2008\/03\/25\/guide-d-achat-des-suv-compact-diesel\/#primaryimage\",\"url\":\"http:\/\/www.carideal.com\/images_actualite\/hondacrvcarideal-1206428618.jpg\",\"contentUrl\":\"http:\/\/www.carideal.com\/images_actualite\/hondacrvcarideal-1206428618.jpg\"},{\"@type\":\"BreadcrumbList\",\"@id\":\"https:\/\/www.carideal.com\/blog\/2008\/03\/25\/guide-d-achat-des-suv-compact-diesel\/#breadcrumb\",\"itemListElement\":[{\"@type\":\"ListItem\",\"position\":1,\"name\":\"Blog Carid\u00e9al\",\"item\":\"https:\/\/www.carideal.com\/blog\/\"},{\"@type\":\"ListItem\",\"position\":2,\"name\":\"Actualit\u00e9 automobile\",\"item\":\"https:\/\/www.carideal.com\/blog\/actualites-auto\/\"},{\"@type\":\"ListItem\",\"position\":3,\"name\":\"Guide d&rsquo;achat des SUV compact diesel\"}]},{\"@type\":\"WebSite\",\"@id\":\"https:\/\/www.carideal.com\/blog\/#website\",\"url\":\"https:\/\/www.carideal.com\/blog\/\",\"name\":\"Blog auto Carid\u00e9al\",\"description\":\"Actualit\u00e9 auto par des passionn\u00e9s\",\"publisher\":{\"@id\":\"https:\/\/www.carideal.com\/blog\/#organization\"},\"potentialAction\":[{\"@type\":\"SearchAction\",\"target\":{\"@type\":\"EntryPoint\",\"urlTemplate\":\"https:\/\/www.carideal.com\/blog\/?s={search_term_string}\"},\"query-input\":{\"@type\":\"PropertyValueSpecification\",\"valueRequired\":true,\"valueName\":\"search_term_string\"}}],\"inLanguage\":\"fr-FR\"},{\"@type\":\"Organization\",\"@id\":\"https:\/\/www.carideal.com\/blog\/#organization\",\"name\":\"Carideal\",\"url\":\"https:\/\/www.carideal.com\/blog\/\",\"logo\":{\"@type\":\"ImageObject\",\"inLanguage\":\"fr-FR\",\"@id\":\"https:\/\/www.carideal.com\/blog\/#\/schema\/logo\/image\/\",\"url\":\"http:\/\/www.carideal.com\/blog\/wp-content\/uploads\/2016\/03\/logo-carideal-mandataire-automobile.png\",\"contentUrl\":\"http:\/\/www.carideal.com\/blog\/wp-content\/uploads\/2016\/03\/logo-carideal-mandataire-automobile.png\",\"width\":300,\"height\":300,\"caption\":\"Carideal\"},\"image\":{\"@id\":\"https:\/\/www.carideal.com\/blog\/#\/schema\/logo\/image\/\"},\"sameAs\":[\"https:\/\/www.facebook.com\/Carideal.mandataire.automobile\",\"https:\/\/x.com\/caridealauto\",\"https:\/\/www.instagram.com\/carideal1\/\",\"https:\/\/www.linkedin.com\/company\/carideal.com\",\"https:\/\/fr.pinterest.com\/schiavonsas\/\",\"https:\/\/www.youtube.com\/user\/caridealsas\"]},{\"@type\":\"Person\",\"@id\":\"https:\/\/www.carideal.com\/blog\/#\/schema\/person\/cd95dc7919660de90d31b366f85be1ec\",\"name\":\"Nicolas SCHIAVON\",\"image\":{\"@type\":\"ImageObject\",\"inLanguage\":\"fr-FR\",\"@id\":\"https:\/\/www.carideal.com\/blog\/#\/schema\/person\/image\/\",\"url\":\"https:\/\/secure.gravatar.com\/avatar\/c17e55009e671d92cc7f5dc837dc418a?s=96&r=g\",\"contentUrl\":\"https:\/\/secure.gravatar.com\/avatar\/c17e55009e671d92cc7f5dc837dc418a?s=96&r=g\",\"caption\":\"Nicolas SCHIAVON\"},\"description\":\"Nicolas Schiavon est tomb\u00e9 tout petit dans la marmite automobile. Ayant eu un garage de marque automobile, mandataire automobile de la premi\u00e8re heure d\u00e8s 1999. Nicolas a cr\u00e9\u00e9 ces premiers sites de vente de voiture et blog automobile d\u00e8s 1994. Carideal est n\u00e9 le 15 d\u00e9cembre 2000 de la volont\u00e9 de vendre des voitures d'occasions en ligne puis des voitures neuves. Il a pu essayer beaucoup de voitures tr\u00e8s diff\u00e9rentes et ayant eu personnellement quelques belles autos, Subaru Impreza, Mitsubishi Lancer Evo 7, Porsche 911, Ferrari Testarrossa, Audi RS3, RS4 et j'en passe...\",\"sameAs\":[\"http:\/\/www.carideal.com\",\"https:\/\/www.facebook.com\/nicolas.schiavon.39\",\"https:\/\/www.instagram.com\/carideal1\/\",\"https:\/\/www.linkedin.com\/in\/nschiavon\/\",\"https:\/\/x.com\/caridealauto\",\"https:\/\/www.youtube.com\/user\/caridealsas\/\"],\"url\":\"https:\/\/www.carideal.com\/blog\/author\/nschiavon\/\"}]}<\/script>\n<!-- \/ Yoast SEO plugin. -->","yoast_head_json":{"title":"Guide d'achat des SUV compact diesel - Blog auto Carid\u00e9al","robots":{"index":"index","follow":"follow","max-snippet":"max-snippet:-1","max-image-preview":"max-image-preview:large","max-video-preview":"max-video-preview:-1"},"canonical":"https:\/\/www.carideal.com\/blog\/2008\/03\/25\/guide-d-achat-des-suv-compact-diesel\/","og_locale":"fr_FR","og_type":"article","og_title":"Guide d'achat des SUV compact diesel - Blog auto Carid\u00e9al","og_description":"Honda CRV Mitsubishi Outlander Nissan X-trail Guide d'achat des SUV compact diesel Ces voitures sont \u00e0 la mode. Elles sont un palliatifs aux berlines puissantes qui ne servent plus a rien. Le Sport Utility Vehicle est un nouveau model, gros break sur-\u00e9lev\u00e9 pratique, pas forcement 4X4, certain le d\u00e9cline en 4X2 voir m\u00eame uniquement en ... Lire plus","og_url":"https:\/\/www.carideal.com\/blog\/2008\/03\/25\/guide-d-achat-des-suv-compact-diesel\/","og_site_name":"Blog auto Carid\u00e9al","article_publisher":"https:\/\/www.facebook.com\/Carideal.mandataire.automobile","article_author":"https:\/\/www.facebook.com\/nicolas.schiavon.39","article_published_time":"2008-03-25T00:00:00+00:00","article_modified_time":"2016-09-15T11:31:53+00:00","og_image":[{"url":"http:\/\/www.carideal.com\/images_actualite\/hondacrvcarideal-1206428618.jpg","type":"","width":"","height":""}],"author":"Nicolas SCHIAVON","twitter_card":"summary_large_image","twitter_creator":"@caridealauto","twitter_site":"@caridealauto","twitter_misc":{"\u00c9crit par":"Nicolas SCHIAVON","Dur\u00e9e de lecture estim\u00e9e":"3 minutes"},"schema":{"@context":"https:\/\/schema.org","@graph":[{"@type":"Article","@id":"https:\/\/www.carideal.com\/blog\/2008\/03\/25\/guide-d-achat-des-suv-compact-diesel\/#article","isPartOf":{"@id":"https:\/\/www.carideal.com\/blog\/2008\/03\/25\/guide-d-achat-des-suv-compact-diesel\/"},"author":{"name":"Nicolas SCHIAVON","@id":"https:\/\/www.carideal.com\/blog\/#\/schema\/person\/cd95dc7919660de90d31b366f85be1ec"},"headline":"Guide d&rsquo;achat des SUV compact diesel","datePublished":"2008-03-25T00:00:00+00:00","dateModified":"2016-09-15T11:31:53+00:00","mainEntityOfPage":{"@id":"https:\/\/www.carideal.com\/blog\/2008\/03\/25\/guide-d-achat-des-suv-compact-diesel\/"},"wordCount":658,"commentCount":0,"publisher":{"@id":"https:\/\/www.carideal.com\/blog\/#organization"},"image":{"@id":"https:\/\/www.carideal.com\/blog\/2008\/03\/25\/guide-d-achat-des-suv-compact-diesel\/#primaryimage"},"thumbnailUrl":"http:\/\/www.carideal.com\/images_actualite\/hondacrvcarideal-1206428618.jpg","keywords":["Guide achat voiture","Voiture compacte"],"articleSection":["Actualit\u00e9 automobile"],"inLanguage":"fr-FR","potentialAction":[{"@type":"CommentAction","name":"Comment","target":["https:\/\/www.carideal.com\/blog\/2008\/03\/25\/guide-d-achat-des-suv-compact-diesel\/#respond"]}]},{"@type":"WebPage","@id":"https:\/\/www.carideal.com\/blog\/2008\/03\/25\/guide-d-achat-des-suv-compact-diesel\/","url":"https:\/\/www.carideal.com\/blog\/2008\/03\/25\/guide-d-achat-des-suv-compact-diesel\/","name":"Guide d'achat des SUV compact diesel - Blog auto Carid\u00e9al","isPartOf":{"@id":"https:\/\/www.carideal.com\/blog\/#website"},"primaryImageOfPage":{"@id":"https:\/\/www.carideal.com\/blog\/2008\/03\/25\/guide-d-achat-des-suv-compact-diesel\/#primaryimage"},"image":{"@id":"https:\/\/www.carideal.com\/blog\/2008\/03\/25\/guide-d-achat-des-suv-compact-diesel\/#primaryimage"},"thumbnailUrl":"http:\/\/www.carideal.com\/images_actualite\/hondacrvcarideal-1206428618.jpg","datePublished":"2008-03-25T00:00:00+00:00","dateModified":"2016-09-15T11:31:53+00:00","breadcrumb":{"@id":"https:\/\/www.carideal.com\/blog\/2008\/03\/25\/guide-d-achat-des-suv-compact-diesel\/#breadcrumb"},"inLanguage":"fr-FR","potentialAction":[{"@type":"ReadAction","target":["https:\/\/www.carideal.com\/blog\/2008\/03\/25\/guide-d-achat-des-suv-compact-diesel\/"]}]},{"@type":"ImageObject","inLanguage":"fr-FR","@id":"https:\/\/www.carideal.com\/blog\/2008\/03\/25\/guide-d-achat-des-suv-compact-diesel\/#primaryimage","url":"http:\/\/www.carideal.com\/images_actualite\/hondacrvcarideal-1206428618.jpg","contentUrl":"http:\/\/www.carideal.com\/images_actualite\/hondacrvcarideal-1206428618.jpg"},{"@type":"BreadcrumbList","@id":"https:\/\/www.carideal.com\/blog\/2008\/03\/25\/guide-d-achat-des-suv-compact-diesel\/#breadcrumb","itemListElement":[{"@type":"ListItem","position":1,"name":"Blog Carid\u00e9al","item":"https:\/\/www.carideal.com\/blog\/"},{"@type":"ListItem","position":2,"name":"Actualit\u00e9 automobile","item":"https:\/\/www.carideal.com\/blog\/actualites-auto\/"},{"@type":"ListItem","position":3,"name":"Guide d&rsquo;achat des SUV compact diesel"}]},{"@type":"WebSite","@id":"https:\/\/www.carideal.com\/blog\/#website","url":"https:\/\/www.carideal.com\/blog\/","name":"Blog auto Carid\u00e9al","description":"Actualit\u00e9 auto par des passionn\u00e9s","publisher":{"@id":"https:\/\/www.carideal.com\/blog\/#organization"},"potentialAction":[{"@type":"SearchAction","target":{"@type":"EntryPoint","urlTemplate":"https:\/\/www.carideal.com\/blog\/?s={search_term_string}"},"query-input":{"@type":"PropertyValueSpecification","valueRequired":true,"valueName":"search_term_string"}}],"inLanguage":"fr-FR"},{"@type":"Organization","@id":"https:\/\/www.carideal.com\/blog\/#organization","name":"Carideal","url":"https:\/\/www.carideal.com\/blog\/","logo":{"@type":"ImageObject","inLanguage":"fr-FR","@id":"https:\/\/www.carideal.com\/blog\/#\/schema\/logo\/image\/","url":"http:\/\/www.carideal.com\/blog\/wp-content\/uploads\/2016\/03\/logo-carideal-mandataire-automobile.png","contentUrl":"http:\/\/www.carideal.com\/blog\/wp-content\/uploads\/2016\/03\/logo-carideal-mandataire-automobile.png","width":300,"height":300,"caption":"Carideal"},"image":{"@id":"https:\/\/www.carideal.com\/blog\/#\/schema\/logo\/image\/"},"sameAs":["https:\/\/www.facebook.com\/Carideal.mandataire.automobile","https:\/\/x.com\/caridealauto","https:\/\/www.instagram.com\/carideal1\/","https:\/\/www.linkedin.com\/company\/carideal.com","https:\/\/fr.pinterest.com\/schiavonsas\/","https:\/\/www.youtube.com\/user\/caridealsas"]},{"@type":"Person","@id":"https:\/\/www.carideal.com\/blog\/#\/schema\/person\/cd95dc7919660de90d31b366f85be1ec","name":"Nicolas SCHIAVON","image":{"@type":"ImageObject","inLanguage":"fr-FR","@id":"https:\/\/www.carideal.com\/blog\/#\/schema\/person\/image\/","url":"https:\/\/secure.gravatar.com\/avatar\/c17e55009e671d92cc7f5dc837dc418a?s=96&r=g","contentUrl":"https:\/\/secure.gravatar.com\/avatar\/c17e55009e671d92cc7f5dc837dc418a?s=96&r=g","caption":"Nicolas SCHIAVON"},"description":"Nicolas Schiavon est tomb\u00e9 tout petit dans la marmite automobile. Ayant eu un garage de marque automobile, mandataire automobile de la premi\u00e8re heure d\u00e8s 1999. Nicolas a cr\u00e9\u00e9 ces premiers sites de vente de voiture et blog automobile d\u00e8s 1994. Carideal est n\u00e9 le 15 d\u00e9cembre 2000 de la volont\u00e9 de vendre des voitures d'occasions en ligne puis des voitures neuves. Il a pu essayer beaucoup de voitures tr\u00e8s diff\u00e9rentes et ayant eu personnellement quelques belles autos, Subaru Impreza, Mitsubishi Lancer Evo 7, Porsche 911, Ferrari Testarrossa, Audi RS3, RS4 et j'en passe...","sameAs":["http:\/\/www.carideal.com","https:\/\/www.facebook.com\/nicolas.schiavon.39","https:\/\/www.instagram.com\/carideal1\/","https:\/\/www.linkedin.com\/in\/nschiavon\/","https:\/\/x.com\/caridealauto","https:\/\/www.youtube.com\/user\/caridealsas\/"],"url":"https:\/\/www.carideal.com\/blog\/author\/nschiavon\/"}]}},"uagb_featured_image_src":{"full":false,"thumbnail":false,"medium":false,"medium_large":false,"large":false,"1536x1536":false,"2048x2048":false,"wppr-widget":false},"uagb_author_info":{"display_name":"Nicolas SCHIAVON","author_link":"https:\/\/www.carideal.com\/blog\/author\/nschiavon\/"},"uagb_comment_info":0,"uagb_excerpt":"Honda CRV Mitsubishi Outlander Nissan X-trail Guide d'achat des SUV compact diesel Ces voitures sont \u00e0 la mode. Elles sont un palliatifs aux berlines puissantes qui ne servent plus a rien. Le Sport Utility Vehicle est un nouveau model, gros break sur-\u00e9lev\u00e9 pratique, pas forcement 4X4, certain le d\u00e9cline en 4X2 voir m\u00eame uniquement en\u2026","_links":{"self":[{"href":"https:\/\/www.carideal.com\/blog\/wp-json\/wp\/v2\/posts\/4624"}],"collection":[{"href":"https:\/\/www.carideal.com\/blog\/wp-json\/wp\/v2\/posts"}],"about":[{"href":"https:\/\/www.carideal.com\/blog\/wp-json\/wp\/v2\/types\/post"}],"author":[{"embeddable":true,"href":"https:\/\/www.carideal.com\/blog\/wp-json\/wp\/v2\/users\/3"}],"replies":[{"embeddable":true,"href":"https:\/\/www.carideal.com\/blog\/wp-json\/wp\/v2\/comments?post=4624"}],"version-history":[{"count":0,"href":"https:\/\/www.carideal.com\/blog\/wp-json\/wp\/v2\/posts\/4624\/revisions"}],"wp:attachment":[{"href":"https:\/\/www.carideal.com\/blog\/wp-json\/wp\/v2\/media?parent=4624"}],"wp:term":[{"taxonomy":"category","embeddable":true,"href":"https:\/\/www.carideal.com\/blog\/wp-json\/wp\/v2\/categories?post=4624"},{"taxonomy":"post_tag","embeddable":true,"href":"https:\/\/www.carideal.com\/blog\/wp-json\/wp\/v2\/tags?post=4624"}],"curies":[{"name":"wp","href":"https:\/\/api.w.org\/{rel}","templated":true}]}}