{"id":4623,"date":"2008-03-25T00:00:00","date_gmt":"2008-03-25T00:00:00","guid":{"rendered":"http:\/\/www.carideal.com\/blog\/2008\/03\/25\/bmw-modifie-ses-gammes\/"},"modified":"2015-08-29T14:02:40","modified_gmt":"2015-08-29T12:02:40","slug":"bmw-modifie-ses-gammes","status":"publish","type":"post","link":"https:\/\/www.carideal.com\/blog\/2008\/03\/25\/bmw-modifie-ses-gammes\/","title":{"rendered":"BMW modifie ses gammes"},"content":{"rendered":"<div><img decoding=\"async\" src=\"http:\/\/www.carideal.com\/images_actualite\/bmwserie6carideal-1206428414.jpg\" alt=\"\" \/>Bmw moteur puissant et peu gourmand<\/p>\n<\/div>\n<p><strong>BMW modifie ses gammes<\/strong><br \/>\nBMW r\u00e9organise ses gammes, les moteurs \u00e9voluent, la technique et l'\u00e9quipement aussi. Le moteur de la 116 i passe ainsi de 115 a 122 ch, et la serie 1 serichit d'une fabuleuse version 123d : de 204 ch !! Un moteur diesel de 3L de 204 ch dans un compact de ce gabarit, ca demenage. La 318 i passe de 129 a 143 ch, la 320 i de 150 a 170 ch, la 330 i de 258 a 272 ch, la 318d de 122 a 143 ch, la 320d de 163 a 170 ch. BMW livre maintenant tous ses blocs diesel avec le filtre a particule de s\u00e9rie DPF. Le X5 sera equip\u00e9 du moteur diesel 3.sd de 286 ch comme sur le X3. Les series 6 en coup\u00e9 en cabriolet sera aussi equipe avec le 3.0 L de 286 ch. Bien entendu tout cela n'est pas gratuit et les tarif sont revus a la hausse de 200 \u00e0 3450 \u20ac de plus sur une serie 6.<\/p>\n","protected":false},"excerpt":{"rendered":"<p>Bmw moteur puissant et peu gourmand BMW modifie ses gammes BMW r\u00e9organise ses gammes, les moteurs \u00e9voluent, la technique et l&rsquo;\u00e9quipement aussi. Le moteur de la 116 i passe ainsi de 115 a 122 ch, et la serie 1 serichit d&rsquo;une fabuleuse version 123d : de 204 ch !! Un moteur diesel de 3L de &#8230; <a title=\"BMW modifie ses gammes\" class=\"read-more\" href=\"https:\/\/www.carideal.com\/blog\/2008\/03\/25\/bmw-modifie-ses-gammes\/\" aria-label=\"En savoir plus sur BMW modifie ses gammes\">Lire plus<\/a><\/p>\n","protected":false},"author":3,"featured_media":0,"comment_status":"open","ping_status":"open","sticky":false,"template":"","format":"standard","meta":{"_uag_custom_page_level_css":"","_themeisle_gutenberg_block_has_review":false,"footnotes":""},"categories":[21],"tags":[],"class_list":["post-4623","post","type-post","status-publish","format-standard","hentry","category-actualites-auto"],"wppr_data":[],"yoast_head":"<!-- This site is optimized with the Yoast SEO plugin v24.8.1 - https:\/\/yoast.com\/wordpress\/plugins\/seo\/ -->\n<title>BMW modifie ses gammes - Blog auto Carid\u00e9al<\/title>\n<meta name=\"robots\" content=\"index, follow, max-snippet:-1, max-image-preview:large, max-video-preview:-1\" \/>\n<link rel=\"canonical\" href=\"https:\/\/www.carideal.com\/blog\/2008\/03\/25\/bmw-modifie-ses-gammes\/\" \/>\n<meta property=\"og:locale\" content=\"fr_FR\" \/>\n<meta property=\"og:type\" content=\"article\" \/>\n<meta property=\"og:title\" content=\"BMW modifie ses gammes - Blog auto Carid\u00e9al\" \/>\n<meta property=\"og:description\" content=\"Bmw moteur puissant et peu gourmand BMW modifie ses gammes BMW r\u00e9organise ses gammes, les moteurs \u00e9voluent, la technique et l&#039;\u00e9quipement aussi. Le moteur de la 116 i passe ainsi de 115 a 122 ch, et la serie 1 serichit d&#039;une fabuleuse version 123d : de 204 ch !! Un moteur diesel de 3L de ... Lire plus\" \/>\n<meta property=\"og:url\" content=\"https:\/\/www.carideal.com\/blog\/2008\/03\/25\/bmw-modifie-ses-gammes\/\" \/>\n<meta property=\"og:site_name\" content=\"Blog auto Carid\u00e9al\" \/>\n<meta property=\"article:publisher\" content=\"https:\/\/www.facebook.com\/Carideal.mandataire.automobile\" \/>\n<meta property=\"article:author\" content=\"https:\/\/www.facebook.com\/nicolas.schiavon.39\" \/>\n<meta property=\"article:published_time\" content=\"2008-03-25T00:00:00+00:00\" \/>\n<meta property=\"article:modified_time\" content=\"2015-08-29T12:02:40+00:00\" \/>\n<meta property=\"og:image\" content=\"http:\/\/www.carideal.com\/images_actualite\/bmwserie6carideal-1206428414.jpg\" \/>\n<meta name=\"author\" content=\"Nicolas SCHIAVON\" \/>\n<meta name=\"twitter:card\" content=\"summary_large_image\" \/>\n<meta name=\"twitter:creator\" content=\"@caridealauto\" \/>\n<meta name=\"twitter:site\" content=\"@caridealauto\" \/>\n<meta name=\"twitter:label1\" content=\"\u00c9crit par\" \/>\n\t<meta name=\"twitter:data1\" content=\"Nicolas SCHIAVON\" \/>\n\t<meta name=\"twitter:label2\" content=\"Dur\u00e9e de lecture estim\u00e9e\" \/>\n\t<meta name=\"twitter:data2\" content=\"1 minute\" \/>\n<script type=\"application\/ld+json\" class=\"yoast-schema-graph\">{\"@context\":\"https:\/\/schema.org\",\"@graph\":[{\"@type\":\"Article\",\"@id\":\"https:\/\/www.carideal.com\/blog\/2008\/03\/25\/bmw-modifie-ses-gammes\/#article\",\"isPartOf\":{\"@id\":\"https:\/\/www.carideal.com\/blog\/2008\/03\/25\/bmw-modifie-ses-gammes\/\"},\"author\":{\"name\":\"Nicolas SCHIAVON\",\"@id\":\"https:\/\/www.carideal.com\/blog\/#\/schema\/person\/cd95dc7919660de90d31b366f85be1ec\"},\"headline\":\"BMW modifie ses gammes\",\"datePublished\":\"2008-03-25T00:00:00+00:00\",\"dateModified\":\"2015-08-29T12:02:40+00:00\",\"mainEntityOfPage\":{\"@id\":\"https:\/\/www.carideal.com\/blog\/2008\/03\/25\/bmw-modifie-ses-gammes\/\"},\"wordCount\":154,\"commentCount\":0,\"publisher\":{\"@id\":\"https:\/\/www.carideal.com\/blog\/#organization\"},\"image\":{\"@id\":\"https:\/\/www.carideal.com\/blog\/2008\/03\/25\/bmw-modifie-ses-gammes\/#primaryimage\"},\"thumbnailUrl\":\"http:\/\/www.carideal.com\/images_actualite\/bmwserie6carideal-1206428414.jpg\",\"articleSection\":[\"Actualit\u00e9 automobile\"],\"inLanguage\":\"fr-FR\",\"potentialAction\":[{\"@type\":\"CommentAction\",\"name\":\"Comment\",\"target\":[\"https:\/\/www.carideal.com\/blog\/2008\/03\/25\/bmw-modifie-ses-gammes\/#respond\"]}]},{\"@type\":\"WebPage\",\"@id\":\"https:\/\/www.carideal.com\/blog\/2008\/03\/25\/bmw-modifie-ses-gammes\/\",\"url\":\"https:\/\/www.carideal.com\/blog\/2008\/03\/25\/bmw-modifie-ses-gammes\/\",\"name\":\"BMW modifie ses gammes - Blog auto Carid\u00e9al\",\"isPartOf\":{\"@id\":\"https:\/\/www.carideal.com\/blog\/#website\"},\"primaryImageOfPage\":{\"@id\":\"https:\/\/www.carideal.com\/blog\/2008\/03\/25\/bmw-modifie-ses-gammes\/#primaryimage\"},\"image\":{\"@id\":\"https:\/\/www.carideal.com\/blog\/2008\/03\/25\/bmw-modifie-ses-gammes\/#primaryimage\"},\"thumbnailUrl\":\"http:\/\/www.carideal.com\/images_actualite\/bmwserie6carideal-1206428414.jpg\",\"datePublished\":\"2008-03-25T00:00:00+00:00\",\"dateModified\":\"2015-08-29T12:02:40+00:00\",\"breadcrumb\":{\"@id\":\"https:\/\/www.carideal.com\/blog\/2008\/03\/25\/bmw-modifie-ses-gammes\/#breadcrumb\"},\"inLanguage\":\"fr-FR\",\"potentialAction\":[{\"@type\":\"ReadAction\",\"target\":[\"https:\/\/www.carideal.com\/blog\/2008\/03\/25\/bmw-modifie-ses-gammes\/\"]}]},{\"@type\":\"ImageObject\",\"inLanguage\":\"fr-FR\",\"@id\":\"https:\/\/www.carideal.com\/blog\/2008\/03\/25\/bmw-modifie-ses-gammes\/#primaryimage\",\"url\":\"http:\/\/www.carideal.com\/images_actualite\/bmwserie6carideal-1206428414.jpg\",\"contentUrl\":\"http:\/\/www.carideal.com\/images_actualite\/bmwserie6carideal-1206428414.jpg\"},{\"@type\":\"BreadcrumbList\",\"@id\":\"https:\/\/www.carideal.com\/blog\/2008\/03\/25\/bmw-modifie-ses-gammes\/#breadcrumb\",\"itemListElement\":[{\"@type\":\"ListItem\",\"position\":1,\"name\":\"Blog Carid\u00e9al\",\"item\":\"https:\/\/www.carideal.com\/blog\/\"},{\"@type\":\"ListItem\",\"position\":2,\"name\":\"Actualit\u00e9 automobile\",\"item\":\"https:\/\/www.carideal.com\/blog\/actualites-auto\/\"},{\"@type\":\"ListItem\",\"position\":3,\"name\":\"BMW modifie ses gammes\"}]},{\"@type\":\"WebSite\",\"@id\":\"https:\/\/www.carideal.com\/blog\/#website\",\"url\":\"https:\/\/www.carideal.com\/blog\/\",\"name\":\"Blog auto Carid\u00e9al\",\"description\":\"Actualit\u00e9 auto par des passionn\u00e9s\",\"publisher\":{\"@id\":\"https:\/\/www.carideal.com\/blog\/#organization\"},\"potentialAction\":[{\"@type\":\"SearchAction\",\"target\":{\"@type\":\"EntryPoint\",\"urlTemplate\":\"https:\/\/www.carideal.com\/blog\/?s={search_term_string}\"},\"query-input\":{\"@type\":\"PropertyValueSpecification\",\"valueRequired\":true,\"valueName\":\"search_term_string\"}}],\"inLanguage\":\"fr-FR\"},{\"@type\":\"Organization\",\"@id\":\"https:\/\/www.carideal.com\/blog\/#organization\",\"name\":\"Carideal\",\"url\":\"https:\/\/www.carideal.com\/blog\/\",\"logo\":{\"@type\":\"ImageObject\",\"inLanguage\":\"fr-FR\",\"@id\":\"https:\/\/www.carideal.com\/blog\/#\/schema\/logo\/image\/\",\"url\":\"http:\/\/www.carideal.com\/blog\/wp-content\/uploads\/2016\/03\/logo-carideal-mandataire-automobile.png\",\"contentUrl\":\"http:\/\/www.carideal.com\/blog\/wp-content\/uploads\/2016\/03\/logo-carideal-mandataire-automobile.png\",\"width\":300,\"height\":300,\"caption\":\"Carideal\"},\"image\":{\"@id\":\"https:\/\/www.carideal.com\/blog\/#\/schema\/logo\/image\/\"},\"sameAs\":[\"https:\/\/www.facebook.com\/Carideal.mandataire.automobile\",\"https:\/\/x.com\/caridealauto\",\"https:\/\/www.instagram.com\/carideal1\/\",\"https:\/\/www.linkedin.com\/company\/carideal.com\",\"https:\/\/fr.pinterest.com\/schiavonsas\/\",\"https:\/\/www.youtube.com\/user\/caridealsas\"]},{\"@type\":\"Person\",\"@id\":\"https:\/\/www.carideal.com\/blog\/#\/schema\/person\/cd95dc7919660de90d31b366f85be1ec\",\"name\":\"Nicolas SCHIAVON\",\"image\":{\"@type\":\"ImageObject\",\"inLanguage\":\"fr-FR\",\"@id\":\"https:\/\/www.carideal.com\/blog\/#\/schema\/person\/image\/\",\"url\":\"https:\/\/secure.gravatar.com\/avatar\/c17e55009e671d92cc7f5dc837dc418a?s=96&r=g\",\"contentUrl\":\"https:\/\/secure.gravatar.com\/avatar\/c17e55009e671d92cc7f5dc837dc418a?s=96&r=g\",\"caption\":\"Nicolas SCHIAVON\"},\"description\":\"Nicolas Schiavon est tomb\u00e9 tout petit dans la marmite automobile. Ayant eu un garage de marque automobile, mandataire automobile de la premi\u00e8re heure d\u00e8s 1999. Nicolas a cr\u00e9\u00e9 ces premiers sites de vente de voiture et blog automobile d\u00e8s 1994. Carideal est n\u00e9 le 15 d\u00e9cembre 2000 de la volont\u00e9 de vendre des voitures d'occasions en ligne puis des voitures neuves. Il a pu essayer beaucoup de voitures tr\u00e8s diff\u00e9rentes et ayant eu personnellement quelques belles autos, Subaru Impreza, Mitsubishi Lancer Evo 7, Porsche 911, Ferrari Testarrossa, Audi RS3, RS4 et j'en passe...\",\"sameAs\":[\"http:\/\/www.carideal.com\",\"https:\/\/www.facebook.com\/nicolas.schiavon.39\",\"https:\/\/www.instagram.com\/carideal1\/\",\"https:\/\/www.linkedin.com\/in\/nschiavon\/\",\"https:\/\/x.com\/caridealauto\",\"https:\/\/www.youtube.com\/user\/caridealsas\/\"],\"url\":\"https:\/\/www.carideal.com\/blog\/author\/nschiavon\/\"}]}<\/script>\n<!-- \/ Yoast SEO plugin. -->","yoast_head_json":{"title":"BMW modifie ses gammes - Blog auto Carid\u00e9al","robots":{"index":"index","follow":"follow","max-snippet":"max-snippet:-1","max-image-preview":"max-image-preview:large","max-video-preview":"max-video-preview:-1"},"canonical":"https:\/\/www.carideal.com\/blog\/2008\/03\/25\/bmw-modifie-ses-gammes\/","og_locale":"fr_FR","og_type":"article","og_title":"BMW modifie ses gammes - Blog auto Carid\u00e9al","og_description":"Bmw moteur puissant et peu gourmand BMW modifie ses gammes BMW r\u00e9organise ses gammes, les moteurs \u00e9voluent, la technique et l'\u00e9quipement aussi. Le moteur de la 116 i passe ainsi de 115 a 122 ch, et la serie 1 serichit d'une fabuleuse version 123d : de 204 ch !! Un moteur diesel de 3L de ... Lire plus","og_url":"https:\/\/www.carideal.com\/blog\/2008\/03\/25\/bmw-modifie-ses-gammes\/","og_site_name":"Blog auto Carid\u00e9al","article_publisher":"https:\/\/www.facebook.com\/Carideal.mandataire.automobile","article_author":"https:\/\/www.facebook.com\/nicolas.schiavon.39","article_published_time":"2008-03-25T00:00:00+00:00","article_modified_time":"2015-08-29T12:02:40+00:00","og_image":[{"url":"http:\/\/www.carideal.com\/images_actualite\/bmwserie6carideal-1206428414.jpg","type":"","width":"","height":""}],"author":"Nicolas SCHIAVON","twitter_card":"summary_large_image","twitter_creator":"@caridealauto","twitter_site":"@caridealauto","twitter_misc":{"\u00c9crit par":"Nicolas SCHIAVON","Dur\u00e9e de lecture estim\u00e9e":"1 minute"},"schema":{"@context":"https:\/\/schema.org","@graph":[{"@type":"Article","@id":"https:\/\/www.carideal.com\/blog\/2008\/03\/25\/bmw-modifie-ses-gammes\/#article","isPartOf":{"@id":"https:\/\/www.carideal.com\/blog\/2008\/03\/25\/bmw-modifie-ses-gammes\/"},"author":{"name":"Nicolas SCHIAVON","@id":"https:\/\/www.carideal.com\/blog\/#\/schema\/person\/cd95dc7919660de90d31b366f85be1ec"},"headline":"BMW modifie ses gammes","datePublished":"2008-03-25T00:00:00+00:00","dateModified":"2015-08-29T12:02:40+00:00","mainEntityOfPage":{"@id":"https:\/\/www.carideal.com\/blog\/2008\/03\/25\/bmw-modifie-ses-gammes\/"},"wordCount":154,"commentCount":0,"publisher":{"@id":"https:\/\/www.carideal.com\/blog\/#organization"},"image":{"@id":"https:\/\/www.carideal.com\/blog\/2008\/03\/25\/bmw-modifie-ses-gammes\/#primaryimage"},"thumbnailUrl":"http:\/\/www.carideal.com\/images_actualite\/bmwserie6carideal-1206428414.jpg","articleSection":["Actualit\u00e9 automobile"],"inLanguage":"fr-FR","potentialAction":[{"@type":"CommentAction","name":"Comment","target":["https:\/\/www.carideal.com\/blog\/2008\/03\/25\/bmw-modifie-ses-gammes\/#respond"]}]},{"@type":"WebPage","@id":"https:\/\/www.carideal.com\/blog\/2008\/03\/25\/bmw-modifie-ses-gammes\/","url":"https:\/\/www.carideal.com\/blog\/2008\/03\/25\/bmw-modifie-ses-gammes\/","name":"BMW modifie ses gammes - Blog auto Carid\u00e9al","isPartOf":{"@id":"https:\/\/www.carideal.com\/blog\/#website"},"primaryImageOfPage":{"@id":"https:\/\/www.carideal.com\/blog\/2008\/03\/25\/bmw-modifie-ses-gammes\/#primaryimage"},"image":{"@id":"https:\/\/www.carideal.com\/blog\/2008\/03\/25\/bmw-modifie-ses-gammes\/#primaryimage"},"thumbnailUrl":"http:\/\/www.carideal.com\/images_actualite\/bmwserie6carideal-1206428414.jpg","datePublished":"2008-03-25T00:00:00+00:00","dateModified":"2015-08-29T12:02:40+00:00","breadcrumb":{"@id":"https:\/\/www.carideal.com\/blog\/2008\/03\/25\/bmw-modifie-ses-gammes\/#breadcrumb"},"inLanguage":"fr-FR","potentialAction":[{"@type":"ReadAction","target":["https:\/\/www.carideal.com\/blog\/2008\/03\/25\/bmw-modifie-ses-gammes\/"]}]},{"@type":"ImageObject","inLanguage":"fr-FR","@id":"https:\/\/www.carideal.com\/blog\/2008\/03\/25\/bmw-modifie-ses-gammes\/#primaryimage","url":"http:\/\/www.carideal.com\/images_actualite\/bmwserie6carideal-1206428414.jpg","contentUrl":"http:\/\/www.carideal.com\/images_actualite\/bmwserie6carideal-1206428414.jpg"},{"@type":"BreadcrumbList","@id":"https:\/\/www.carideal.com\/blog\/2008\/03\/25\/bmw-modifie-ses-gammes\/#breadcrumb","itemListElement":[{"@type":"ListItem","position":1,"name":"Blog Carid\u00e9al","item":"https:\/\/www.carideal.com\/blog\/"},{"@type":"ListItem","position":2,"name":"Actualit\u00e9 automobile","item":"https:\/\/www.carideal.com\/blog\/actualites-auto\/"},{"@type":"ListItem","position":3,"name":"BMW modifie ses gammes"}]},{"@type":"WebSite","@id":"https:\/\/www.carideal.com\/blog\/#website","url":"https:\/\/www.carideal.com\/blog\/","name":"Blog auto Carid\u00e9al","description":"Actualit\u00e9 auto par des passionn\u00e9s","publisher":{"@id":"https:\/\/www.carideal.com\/blog\/#organization"},"potentialAction":[{"@type":"SearchAction","target":{"@type":"EntryPoint","urlTemplate":"https:\/\/www.carideal.com\/blog\/?s={search_term_string}"},"query-input":{"@type":"PropertyValueSpecification","valueRequired":true,"valueName":"search_term_string"}}],"inLanguage":"fr-FR"},{"@type":"Organization","@id":"https:\/\/www.carideal.com\/blog\/#organization","name":"Carideal","url":"https:\/\/www.carideal.com\/blog\/","logo":{"@type":"ImageObject","inLanguage":"fr-FR","@id":"https:\/\/www.carideal.com\/blog\/#\/schema\/logo\/image\/","url":"http:\/\/www.carideal.com\/blog\/wp-content\/uploads\/2016\/03\/logo-carideal-mandataire-automobile.png","contentUrl":"http:\/\/www.carideal.com\/blog\/wp-content\/uploads\/2016\/03\/logo-carideal-mandataire-automobile.png","width":300,"height":300,"caption":"Carideal"},"image":{"@id":"https:\/\/www.carideal.com\/blog\/#\/schema\/logo\/image\/"},"sameAs":["https:\/\/www.facebook.com\/Carideal.mandataire.automobile","https:\/\/x.com\/caridealauto","https:\/\/www.instagram.com\/carideal1\/","https:\/\/www.linkedin.com\/company\/carideal.com","https:\/\/fr.pinterest.com\/schiavonsas\/","https:\/\/www.youtube.com\/user\/caridealsas"]},{"@type":"Person","@id":"https:\/\/www.carideal.com\/blog\/#\/schema\/person\/cd95dc7919660de90d31b366f85be1ec","name":"Nicolas SCHIAVON","image":{"@type":"ImageObject","inLanguage":"fr-FR","@id":"https:\/\/www.carideal.com\/blog\/#\/schema\/person\/image\/","url":"https:\/\/secure.gravatar.com\/avatar\/c17e55009e671d92cc7f5dc837dc418a?s=96&r=g","contentUrl":"https:\/\/secure.gravatar.com\/avatar\/c17e55009e671d92cc7f5dc837dc418a?s=96&r=g","caption":"Nicolas SCHIAVON"},"description":"Nicolas Schiavon est tomb\u00e9 tout petit dans la marmite automobile. Ayant eu un garage de marque automobile, mandataire automobile de la premi\u00e8re heure d\u00e8s 1999. Nicolas a cr\u00e9\u00e9 ces premiers sites de vente de voiture et blog automobile d\u00e8s 1994. Carideal est n\u00e9 le 15 d\u00e9cembre 2000 de la volont\u00e9 de vendre des voitures d'occasions en ligne puis des voitures neuves. Il a pu essayer beaucoup de voitures tr\u00e8s diff\u00e9rentes et ayant eu personnellement quelques belles autos, Subaru Impreza, Mitsubishi Lancer Evo 7, Porsche 911, Ferrari Testarrossa, Audi RS3, RS4 et j'en passe...","sameAs":["http:\/\/www.carideal.com","https:\/\/www.facebook.com\/nicolas.schiavon.39","https:\/\/www.instagram.com\/carideal1\/","https:\/\/www.linkedin.com\/in\/nschiavon\/","https:\/\/x.com\/caridealauto","https:\/\/www.youtube.com\/user\/caridealsas\/"],"url":"https:\/\/www.carideal.com\/blog\/author\/nschiavon\/"}]}},"uagb_featured_image_src":{"full":false,"thumbnail":false,"medium":false,"medium_large":false,"large":false,"1536x1536":false,"2048x2048":false,"wppr-widget":false},"uagb_author_info":{"display_name":"Nicolas SCHIAVON","author_link":"https:\/\/www.carideal.com\/blog\/author\/nschiavon\/"},"uagb_comment_info":0,"uagb_excerpt":"Bmw moteur puissant et peu gourmand BMW modifie ses gammes BMW r\u00e9organise ses gammes, les moteurs \u00e9voluent, la technique et l'\u00e9quipement aussi. Le moteur de la 116 i passe ainsi de 115 a 122 ch, et la serie 1 serichit d'une fabuleuse version 123d : de 204 ch !! Un moteur diesel de 3L de\u2026","_links":{"self":[{"href":"https:\/\/www.carideal.com\/blog\/wp-json\/wp\/v2\/posts\/4623"}],"collection":[{"href":"https:\/\/www.carideal.com\/blog\/wp-json\/wp\/v2\/posts"}],"about":[{"href":"https:\/\/www.carideal.com\/blog\/wp-json\/wp\/v2\/types\/post"}],"author":[{"embeddable":true,"href":"https:\/\/www.carideal.com\/blog\/wp-json\/wp\/v2\/users\/3"}],"replies":[{"embeddable":true,"href":"https:\/\/www.carideal.com\/blog\/wp-json\/wp\/v2\/comments?post=4623"}],"version-history":[{"count":0,"href":"https:\/\/www.carideal.com\/blog\/wp-json\/wp\/v2\/posts\/4623\/revisions"}],"wp:attachment":[{"href":"https:\/\/www.carideal.com\/blog\/wp-json\/wp\/v2\/media?parent=4623"}],"wp:term":[{"taxonomy":"category","embeddable":true,"href":"https:\/\/www.carideal.com\/blog\/wp-json\/wp\/v2\/categories?post=4623"},{"taxonomy":"post_tag","embeddable":true,"href":"https:\/\/www.carideal.com\/blog\/wp-json\/wp\/v2\/tags?post=4623"}],"curies":[{"name":"wp","href":"https:\/\/api.w.org\/{rel}","templated":true}]}}