{"id":4618,"date":"2008-02-03T23:00:00","date_gmt":"2008-02-03T23:00:00","guid":{"rendered":"http:\/\/www.carideal.com\/blog\/2008\/02\/03\/nouvelle-audi-a3-cabriolet\/"},"modified":"2019-01-25T18:17:39","modified_gmt":"2019-01-25T17:17:39","slug":"nouvelle-audi-a3-cabriolet","status":"publish","type":"post","link":"https:\/\/www.carideal.com\/blog\/2008\/02\/03\/nouvelle-audi-a3-cabriolet\/","title":{"rendered":"Nouvelle Audi A3 Cabriolet 2008"},"content":{"rendered":"<div>\n<h2>AUDI A3 CABRIOLET 2008<\/h2>\n<\/div>\n<p style=\"margin-bottom: 0cm;\"><strong>Depuis peu l'Audi A3 se d\u00e9cline en version cabriolet.<\/strong> 5500 \u20ac de plus qu'une A3 berline, c'est pas rien ! <a href=\"http:\/\/www.carideal.com\/blog\/marque-de-voiture-actualites-essais\/audi\/\">Audi<\/a> ne semble pas se d\u00e9cider pour le coup\u00e9 cabriolet et reste tr\u00e8s attach\u00e9 au cabriolet. Audi sort deux types de capotes en toile. Le choix de la capote en toile est surprenant, car c'est une solution bruyante, ce qui d\u00e9tonne pour Audi. Pour palier \u00e0 cet inconv\u00e9nient, sur les versions ambition luxe, les capotes sont acoustiques, et \u00e9quip\u00e9es d'une troisi\u00e8me couche en fibre synth\u00e9tique. Il suffit de 9 secondes pour d\u00e9ployer compl\u00e8tement la capote, trois fois plus rapide qu'un Coup\u00e9 Cabriolet. La capote se manoeuvre aussi bien \u00e0 l'arret qu'en roulant jusque 30 km\/h. Elle est commercialis\u00e9e avec le 19 TDI 105 le 20 TDI 140 le 1.8 TFSI et 2.0 TFSI.<\/p>\n<figure id=\"attachment_18378\" aria-describedby=\"caption-attachment-18378\" style=\"width: 340px\" class=\"wp-caption alignnone\"><a href=\"http:\/\/www.carideal.com\/blog\/wp-content\/uploads\/2008\/02\/audia3cabrioletcarideal-1202109645.jpg\"><img loading=\"lazy\" decoding=\"async\" class=\"wp-image-18378 size-full\" src=\"http:\/\/www.carideal.com\/blog\/wp-content\/uploads\/2008\/02\/audia3cabrioletcarideal-1202109645.jpg\" alt=\"La capote en toile permet de garder la m\u00eame arche\" width=\"350\" height=\"392\" srcset=\"https:\/\/www.carideal.com\/blog\/wp-content\/uploads\/2008\/02\/audia3cabrioletcarideal-1202109645.jpg 350w, https:\/\/www.carideal.com\/blog\/wp-content\/uploads\/2008\/02\/audia3cabrioletcarideal-1202109645-268x300.jpg 268w, https:\/\/www.carideal.com\/blog\/wp-content\/uploads\/2008\/02\/audia3cabrioletcarideal-1202109645-45x50.jpg 45w, https:\/\/www.carideal.com\/blog\/wp-content\/uploads\/2008\/02\/audia3cabrioletcarideal-1202109645-98x110.jpg 98w\" sizes=\"(max-width: 350px) 100vw, 350px\" \/><\/a><figcaption id=\"caption-attachment-18378\" class=\"wp-caption-text\">La capote en toile permet de garder la m\u00eame arche sur la nouvelle Audi A3 cabriolet 2008<\/figcaption><\/figure>\n<p>La capote en toile permet de garder la m\u00eame arche<\/p>\n<p>L'Audi A3 Cabriolet 2008 est un petit cabriolet haut de gamme, plus abordable que l'A4 Cabriolet et plus pratique que le TT Roadster. Il a fallu attendre quelque temps: la berline A3 sur laquelle elle est bas\u00e9e a \u00e9t\u00e9 lanc\u00e9e au milieu de 2003, alors que cette Cabriolet n\u2019apparaissait pas avant le d\u00e9but de 2008. Mais cela valait la peine d\u2019attendre. C\u2019est un toit ouvert agr\u00e9able \u00e0 vivre, bien construit, agr\u00e9able \u00e0 conduire et disponible avec d\u2019excellents moteurs.<\/p>\n<figure id=\"attachment_18380\" aria-describedby=\"caption-attachment-18380\" style=\"width: 443px\" class=\"wp-caption alignnone\"><a href=\"http:\/\/www.carideal.com\/blog\/wp-content\/uploads\/2008\/02\/audia3cabriolet1carideal-1202109629.jpg\"><img loading=\"lazy\" decoding=\"async\" class=\"size-full wp-image-18380\" src=\"http:\/\/www.carideal.com\/blog\/wp-content\/uploads\/2008\/02\/audia3cabriolet1carideal-1202109629.jpg\" alt=\"L'Audi A3 cabriolet ambition luxe poss\u00e8de une capote enti\u00e8rement automatique\" width=\"453\" height=\"302\" srcset=\"https:\/\/www.carideal.com\/blog\/wp-content\/uploads\/2008\/02\/audia3cabriolet1carideal-1202109629.jpg 453w, https:\/\/www.carideal.com\/blog\/wp-content\/uploads\/2008\/02\/audia3cabriolet1carideal-1202109629-300x200.jpg 300w, https:\/\/www.carideal.com\/blog\/wp-content\/uploads\/2008\/02\/audia3cabriolet1carideal-1202109629-50x33.jpg 50w, https:\/\/www.carideal.com\/blog\/wp-content\/uploads\/2008\/02\/audia3cabriolet1carideal-1202109629-110x73.jpg 110w, https:\/\/www.carideal.com\/blog\/wp-content\/uploads\/2008\/02\/audia3cabriolet1carideal-1202109629-420x280.jpg 420w, https:\/\/www.carideal.com\/blog\/wp-content\/uploads\/2008\/02\/audia3cabriolet1carideal-1202109629-272x182.jpg 272w\" sizes=\"(max-width: 453px) 100vw, 453px\" \/><\/a><figcaption id=\"caption-attachment-18380\" class=\"wp-caption-text\">L'Audi A3 cabriolet ambition luxe poss\u00e8de une capote enti\u00e8rement automatique un plus par rapport \u00e0 l'entr\u00e9e de gamme.<\/figcaption><\/figure>\n<p>Ce n\u2019est pas une voiture parfaite: le coffre est extr\u00eamement difficile \u00e0 acc\u00e9der et les voitures de base ne sont pas \u00e9quip\u00e9es d\u2019un toit enti\u00e8rement automatique. Mais ce sont des d\u00e9fauts mineurs dans ce qui est globalement une tr\u00e8s bonne voiture. En 2009, les moteurs TDI ont \u00e9t\u00e9 am\u00e9lior\u00e9s gr\u00e2ce \u00e0 un syst\u00e8me start-stop qui a permis de r\u00e9duire consid\u00e9rablement les \u00e9missions et d'accro\u00eetre les \u00e9conomies de carburant. En 2010, l'unit\u00e9 d'essence TSFI de 1,2 litre a \u00e9t\u00e9 ajout\u00e9e \u00e0 la gamme.<\/p>\n","protected":false},"excerpt":{"rendered":"<p>AUDI A3 CABRIOLET 2008 Depuis peu l&rsquo;Audi A3 se d\u00e9cline en version cabriolet. 5500 \u20ac de plus qu&rsquo;une A3 berline, c&rsquo;est pas rien ! Audi ne semble pas se d\u00e9cider pour le coup\u00e9 cabriolet et reste tr\u00e8s attach\u00e9 au cabriolet. Audi sort deux types de capotes en toile. Le choix de la capote en toile &#8230; <a title=\"Nouvelle Audi A3 Cabriolet 2008\" class=\"read-more\" href=\"https:\/\/www.carideal.com\/blog\/2008\/02\/03\/nouvelle-audi-a3-cabriolet\/\" aria-label=\"En savoir plus sur Nouvelle Audi A3 Cabriolet 2008\">Lire plus<\/a><\/p>\n","protected":false},"author":3,"featured_media":18379,"comment_status":"open","ping_status":"open","sticky":false,"template":"","format":"standard","meta":{"_uag_custom_page_level_css":"","_themeisle_gutenberg_block_has_review":false,"footnotes":""},"categories":[5978,6019,5974],"tags":[],"class_list":["post-4618","post","type-post","status-publish","format-standard","has-post-thumbnail","hentry","category-audi","category-cabriolet","category-type-de-vehicule"],"wppr_data":{"cwp_meta_box_check":"No"},"yoast_head":"<!-- This site is optimized with the Yoast SEO plugin v24.8.1 - https:\/\/yoast.com\/wordpress\/plugins\/seo\/ -->\n<title>Nouvelle Audi A3 Cabriolet 2008 - Blog auto Carid\u00e9al<\/title>\n<meta name=\"description\" content=\"A l&#039;instar de la concurrence Audi a d\u00e9cid\u00e9 d&#039;\u00e9quiper son Audi A3 Cabriolet 2008 d&#039;une capote en toile. Elle sera accoustique et enti\u00e8rement automatique sur la version Ambition Luxe.\" \/>\n<meta name=\"robots\" content=\"index, follow, max-snippet:-1, max-image-preview:large, max-video-preview:-1\" \/>\n<link rel=\"canonical\" href=\"https:\/\/www.carideal.com\/blog\/2008\/02\/03\/nouvelle-audi-a3-cabriolet\/\" \/>\n<meta property=\"og:locale\" content=\"fr_FR\" \/>\n<meta property=\"og:type\" content=\"article\" \/>\n<meta property=\"og:title\" content=\"Nouvelle Audi A3 Cabriolet 2008 - Blog auto Carid\u00e9al\" \/>\n<meta property=\"og:description\" content=\"A l&#039;instar de la concurrence Audi a d\u00e9cid\u00e9 d&#039;\u00e9quiper son Audi A3 Cabriolet 2008 d&#039;une capote en toile. Elle sera accoustique et enti\u00e8rement automatique sur la version Ambition Luxe.\" \/>\n<meta property=\"og:url\" content=\"https:\/\/www.carideal.com\/blog\/2008\/02\/03\/nouvelle-audi-a3-cabriolet\/\" \/>\n<meta property=\"og:site_name\" content=\"Blog auto Carid\u00e9al\" \/>\n<meta property=\"article:publisher\" content=\"https:\/\/www.facebook.com\/Carideal.mandataire.automobile\" \/>\n<meta property=\"article:author\" content=\"https:\/\/www.facebook.com\/nicolas.schiavon.39\" \/>\n<meta property=\"article:published_time\" content=\"2008-02-03T23:00:00+00:00\" \/>\n<meta property=\"article:modified_time\" content=\"2019-01-25T17:17:39+00:00\" \/>\n<meta property=\"og:image\" content=\"https:\/\/www.carideal.com\/blog\/wp-content\/uploads\/2008\/02\/audia3cabriolet0carideal-1202109482.jpg\" \/>\n\t<meta property=\"og:image:width\" content=\"530\" \/>\n\t<meta property=\"og:image:height\" content=\"352\" \/>\n\t<meta property=\"og:image:type\" content=\"image\/jpeg\" \/>\n<meta name=\"author\" content=\"Nicolas SCHIAVON\" \/>\n<meta name=\"twitter:card\" content=\"summary_large_image\" \/>\n<meta name=\"twitter:creator\" content=\"@caridealauto\" \/>\n<meta name=\"twitter:site\" content=\"@caridealauto\" \/>\n<meta name=\"twitter:label1\" content=\"\u00c9crit par\" \/>\n\t<meta name=\"twitter:data1\" content=\"Nicolas SCHIAVON\" \/>\n\t<meta name=\"twitter:label2\" content=\"Dur\u00e9e de lecture estim\u00e9e\" \/>\n\t<meta name=\"twitter:data2\" content=\"2 minutes\" \/>\n<script type=\"application\/ld+json\" class=\"yoast-schema-graph\">{\"@context\":\"https:\/\/schema.org\",\"@graph\":[{\"@type\":\"Article\",\"@id\":\"https:\/\/www.carideal.com\/blog\/2008\/02\/03\/nouvelle-audi-a3-cabriolet\/#article\",\"isPartOf\":{\"@id\":\"https:\/\/www.carideal.com\/blog\/2008\/02\/03\/nouvelle-audi-a3-cabriolet\/\"},\"author\":{\"name\":\"Nicolas SCHIAVON\",\"@id\":\"https:\/\/www.carideal.com\/blog\/#\/schema\/person\/cd95dc7919660de90d31b366f85be1ec\"},\"headline\":\"Nouvelle Audi A3 Cabriolet 2008\",\"datePublished\":\"2008-02-03T23:00:00+00:00\",\"dateModified\":\"2019-01-25T17:17:39+00:00\",\"mainEntityOfPage\":{\"@id\":\"https:\/\/www.carideal.com\/blog\/2008\/02\/03\/nouvelle-audi-a3-cabriolet\/\"},\"wordCount\":375,\"commentCount\":0,\"publisher\":{\"@id\":\"https:\/\/www.carideal.com\/blog\/#organization\"},\"image\":{\"@id\":\"https:\/\/www.carideal.com\/blog\/2008\/02\/03\/nouvelle-audi-a3-cabriolet\/#primaryimage\"},\"thumbnailUrl\":\"https:\/\/www.carideal.com\/blog\/wp-content\/uploads\/2008\/02\/audia3cabriolet0carideal-1202109482.jpg\",\"articleSection\":[\"Actualit\u00e9 Audi\",\"Cabriolet\",\"Type de v\u00e9hicule\"],\"inLanguage\":\"fr-FR\",\"potentialAction\":[{\"@type\":\"CommentAction\",\"name\":\"Comment\",\"target\":[\"https:\/\/www.carideal.com\/blog\/2008\/02\/03\/nouvelle-audi-a3-cabriolet\/#respond\"]}]},{\"@type\":\"WebPage\",\"@id\":\"https:\/\/www.carideal.com\/blog\/2008\/02\/03\/nouvelle-audi-a3-cabriolet\/\",\"url\":\"https:\/\/www.carideal.com\/blog\/2008\/02\/03\/nouvelle-audi-a3-cabriolet\/\",\"name\":\"Nouvelle Audi A3 Cabriolet 2008 - Blog auto Carid\u00e9al\",\"isPartOf\":{\"@id\":\"https:\/\/www.carideal.com\/blog\/#website\"},\"primaryImageOfPage\":{\"@id\":\"https:\/\/www.carideal.com\/blog\/2008\/02\/03\/nouvelle-audi-a3-cabriolet\/#primaryimage\"},\"image\":{\"@id\":\"https:\/\/www.carideal.com\/blog\/2008\/02\/03\/nouvelle-audi-a3-cabriolet\/#primaryimage\"},\"thumbnailUrl\":\"https:\/\/www.carideal.com\/blog\/wp-content\/uploads\/2008\/02\/audia3cabriolet0carideal-1202109482.jpg\",\"datePublished\":\"2008-02-03T23:00:00+00:00\",\"dateModified\":\"2019-01-25T17:17:39+00:00\",\"description\":\"A l'instar de la concurrence Audi a d\u00e9cid\u00e9 d'\u00e9quiper son Audi A3 Cabriolet 2008 d'une capote en toile. Elle sera accoustique et enti\u00e8rement automatique sur la version Ambition Luxe.\",\"breadcrumb\":{\"@id\":\"https:\/\/www.carideal.com\/blog\/2008\/02\/03\/nouvelle-audi-a3-cabriolet\/#breadcrumb\"},\"inLanguage\":\"fr-FR\",\"potentialAction\":[{\"@type\":\"ReadAction\",\"target\":[\"https:\/\/www.carideal.com\/blog\/2008\/02\/03\/nouvelle-audi-a3-cabriolet\/\"]}]},{\"@type\":\"ImageObject\",\"inLanguage\":\"fr-FR\",\"@id\":\"https:\/\/www.carideal.com\/blog\/2008\/02\/03\/nouvelle-audi-a3-cabriolet\/#primaryimage\",\"url\":\"https:\/\/www.carideal.com\/blog\/wp-content\/uploads\/2008\/02\/audia3cabriolet0carideal-1202109482.jpg\",\"contentUrl\":\"https:\/\/www.carideal.com\/blog\/wp-content\/uploads\/2008\/02\/audia3cabriolet0carideal-1202109482.jpg\",\"width\":530,\"height\":352,\"caption\":\"Nouvelle Audi A3 Cabriolet 2008\"},{\"@type\":\"BreadcrumbList\",\"@id\":\"https:\/\/www.carideal.com\/blog\/2008\/02\/03\/nouvelle-audi-a3-cabriolet\/#breadcrumb\",\"itemListElement\":[{\"@type\":\"ListItem\",\"position\":1,\"name\":\"Blog Carid\u00e9al\",\"item\":\"https:\/\/www.carideal.com\/blog\/\"},{\"@type\":\"ListItem\",\"position\":2,\"name\":\"Actualit\u00e9 constructeur automobile\",\"item\":\"https:\/\/www.carideal.com\/blog\/constructeur\/\"},{\"@type\":\"ListItem\",\"position\":3,\"name\":\"Actualit\u00e9 Audi\",\"item\":\"https:\/\/www.carideal.com\/blog\/constructeur\/audi\/\"},{\"@type\":\"ListItem\",\"position\":4,\"name\":\"Nouvelle Audi A3 Cabriolet 2008\"}]},{\"@type\":\"WebSite\",\"@id\":\"https:\/\/www.carideal.com\/blog\/#website\",\"url\":\"https:\/\/www.carideal.com\/blog\/\",\"name\":\"Blog auto Carid\u00e9al\",\"description\":\"Actualit\u00e9 auto par des passionn\u00e9s\",\"publisher\":{\"@id\":\"https:\/\/www.carideal.com\/blog\/#organization\"},\"potentialAction\":[{\"@type\":\"SearchAction\",\"target\":{\"@type\":\"EntryPoint\",\"urlTemplate\":\"https:\/\/www.carideal.com\/blog\/?s={search_term_string}\"},\"query-input\":{\"@type\":\"PropertyValueSpecification\",\"valueRequired\":true,\"valueName\":\"search_term_string\"}}],\"inLanguage\":\"fr-FR\"},{\"@type\":\"Organization\",\"@id\":\"https:\/\/www.carideal.com\/blog\/#organization\",\"name\":\"Carideal\",\"url\":\"https:\/\/www.carideal.com\/blog\/\",\"logo\":{\"@type\":\"ImageObject\",\"inLanguage\":\"fr-FR\",\"@id\":\"https:\/\/www.carideal.com\/blog\/#\/schema\/logo\/image\/\",\"url\":\"http:\/\/www.carideal.com\/blog\/wp-content\/uploads\/2016\/03\/logo-carideal-mandataire-automobile.png\",\"contentUrl\":\"http:\/\/www.carideal.com\/blog\/wp-content\/uploads\/2016\/03\/logo-carideal-mandataire-automobile.png\",\"width\":300,\"height\":300,\"caption\":\"Carideal\"},\"image\":{\"@id\":\"https:\/\/www.carideal.com\/blog\/#\/schema\/logo\/image\/\"},\"sameAs\":[\"https:\/\/www.facebook.com\/Carideal.mandataire.automobile\",\"https:\/\/x.com\/caridealauto\",\"https:\/\/www.instagram.com\/carideal1\/\",\"https:\/\/www.linkedin.com\/company\/carideal.com\",\"https:\/\/fr.pinterest.com\/schiavonsas\/\",\"https:\/\/www.youtube.com\/user\/caridealsas\"]},{\"@type\":\"Person\",\"@id\":\"https:\/\/www.carideal.com\/blog\/#\/schema\/person\/cd95dc7919660de90d31b366f85be1ec\",\"name\":\"Nicolas SCHIAVON\",\"image\":{\"@type\":\"ImageObject\",\"inLanguage\":\"fr-FR\",\"@id\":\"https:\/\/www.carideal.com\/blog\/#\/schema\/person\/image\/\",\"url\":\"https:\/\/secure.gravatar.com\/avatar\/c17e55009e671d92cc7f5dc837dc418a?s=96&r=g\",\"contentUrl\":\"https:\/\/secure.gravatar.com\/avatar\/c17e55009e671d92cc7f5dc837dc418a?s=96&r=g\",\"caption\":\"Nicolas SCHIAVON\"},\"description\":\"Nicolas Schiavon est tomb\u00e9 tout petit dans la marmite automobile. Ayant eu un garage de marque automobile, mandataire automobile de la premi\u00e8re heure d\u00e8s 1999. Nicolas a cr\u00e9\u00e9 ces premiers sites de vente de voiture et blog automobile d\u00e8s 1994. Carideal est n\u00e9 le 15 d\u00e9cembre 2000 de la volont\u00e9 de vendre des voitures d'occasions en ligne puis des voitures neuves. Il a pu essayer beaucoup de voitures tr\u00e8s diff\u00e9rentes et ayant eu personnellement quelques belles autos, Subaru Impreza, Mitsubishi Lancer Evo 7, Porsche 911, Ferrari Testarrossa, Audi RS3, RS4 et j'en passe...\",\"sameAs\":[\"http:\/\/www.carideal.com\",\"https:\/\/www.facebook.com\/nicolas.schiavon.39\",\"https:\/\/www.instagram.com\/carideal1\/\",\"https:\/\/www.linkedin.com\/in\/nschiavon\/\",\"https:\/\/x.com\/caridealauto\",\"https:\/\/www.youtube.com\/user\/caridealsas\/\"],\"url\":\"https:\/\/www.carideal.com\/blog\/author\/nschiavon\/\"}]}<\/script>\n<!-- \/ Yoast SEO plugin. -->","yoast_head_json":{"title":"Nouvelle Audi A3 Cabriolet 2008 - Blog auto Carid\u00e9al","description":"A l'instar de la concurrence Audi a d\u00e9cid\u00e9 d'\u00e9quiper son Audi A3 Cabriolet 2008 d'une capote en toile. Elle sera accoustique et enti\u00e8rement automatique sur la version Ambition Luxe.","robots":{"index":"index","follow":"follow","max-snippet":"max-snippet:-1","max-image-preview":"max-image-preview:large","max-video-preview":"max-video-preview:-1"},"canonical":"https:\/\/www.carideal.com\/blog\/2008\/02\/03\/nouvelle-audi-a3-cabriolet\/","og_locale":"fr_FR","og_type":"article","og_title":"Nouvelle Audi A3 Cabriolet 2008 - Blog auto Carid\u00e9al","og_description":"A l'instar de la concurrence Audi a d\u00e9cid\u00e9 d'\u00e9quiper son Audi A3 Cabriolet 2008 d'une capote en toile. Elle sera accoustique et enti\u00e8rement automatique sur la version Ambition Luxe.","og_url":"https:\/\/www.carideal.com\/blog\/2008\/02\/03\/nouvelle-audi-a3-cabriolet\/","og_site_name":"Blog auto Carid\u00e9al","article_publisher":"https:\/\/www.facebook.com\/Carideal.mandataire.automobile","article_author":"https:\/\/www.facebook.com\/nicolas.schiavon.39","article_published_time":"2008-02-03T23:00:00+00:00","article_modified_time":"2019-01-25T17:17:39+00:00","og_image":[{"width":530,"height":352,"url":"https:\/\/www.carideal.com\/blog\/wp-content\/uploads\/2008\/02\/audia3cabriolet0carideal-1202109482.jpg","type":"image\/jpeg"}],"author":"Nicolas SCHIAVON","twitter_card":"summary_large_image","twitter_creator":"@caridealauto","twitter_site":"@caridealauto","twitter_misc":{"\u00c9crit par":"Nicolas SCHIAVON","Dur\u00e9e de lecture estim\u00e9e":"2 minutes"},"schema":{"@context":"https:\/\/schema.org","@graph":[{"@type":"Article","@id":"https:\/\/www.carideal.com\/blog\/2008\/02\/03\/nouvelle-audi-a3-cabriolet\/#article","isPartOf":{"@id":"https:\/\/www.carideal.com\/blog\/2008\/02\/03\/nouvelle-audi-a3-cabriolet\/"},"author":{"name":"Nicolas SCHIAVON","@id":"https:\/\/www.carideal.com\/blog\/#\/schema\/person\/cd95dc7919660de90d31b366f85be1ec"},"headline":"Nouvelle Audi A3 Cabriolet 2008","datePublished":"2008-02-03T23:00:00+00:00","dateModified":"2019-01-25T17:17:39+00:00","mainEntityOfPage":{"@id":"https:\/\/www.carideal.com\/blog\/2008\/02\/03\/nouvelle-audi-a3-cabriolet\/"},"wordCount":375,"commentCount":0,"publisher":{"@id":"https:\/\/www.carideal.com\/blog\/#organization"},"image":{"@id":"https:\/\/www.carideal.com\/blog\/2008\/02\/03\/nouvelle-audi-a3-cabriolet\/#primaryimage"},"thumbnailUrl":"https:\/\/www.carideal.com\/blog\/wp-content\/uploads\/2008\/02\/audia3cabriolet0carideal-1202109482.jpg","articleSection":["Actualit\u00e9 Audi","Cabriolet","Type de v\u00e9hicule"],"inLanguage":"fr-FR","potentialAction":[{"@type":"CommentAction","name":"Comment","target":["https:\/\/www.carideal.com\/blog\/2008\/02\/03\/nouvelle-audi-a3-cabriolet\/#respond"]}]},{"@type":"WebPage","@id":"https:\/\/www.carideal.com\/blog\/2008\/02\/03\/nouvelle-audi-a3-cabriolet\/","url":"https:\/\/www.carideal.com\/blog\/2008\/02\/03\/nouvelle-audi-a3-cabriolet\/","name":"Nouvelle Audi A3 Cabriolet 2008 - Blog auto Carid\u00e9al","isPartOf":{"@id":"https:\/\/www.carideal.com\/blog\/#website"},"primaryImageOfPage":{"@id":"https:\/\/www.carideal.com\/blog\/2008\/02\/03\/nouvelle-audi-a3-cabriolet\/#primaryimage"},"image":{"@id":"https:\/\/www.carideal.com\/blog\/2008\/02\/03\/nouvelle-audi-a3-cabriolet\/#primaryimage"},"thumbnailUrl":"https:\/\/www.carideal.com\/blog\/wp-content\/uploads\/2008\/02\/audia3cabriolet0carideal-1202109482.jpg","datePublished":"2008-02-03T23:00:00+00:00","dateModified":"2019-01-25T17:17:39+00:00","description":"A l'instar de la concurrence Audi a d\u00e9cid\u00e9 d'\u00e9quiper son Audi A3 Cabriolet 2008 d'une capote en toile. Elle sera accoustique et enti\u00e8rement automatique sur la version Ambition Luxe.","breadcrumb":{"@id":"https:\/\/www.carideal.com\/blog\/2008\/02\/03\/nouvelle-audi-a3-cabriolet\/#breadcrumb"},"inLanguage":"fr-FR","potentialAction":[{"@type":"ReadAction","target":["https:\/\/www.carideal.com\/blog\/2008\/02\/03\/nouvelle-audi-a3-cabriolet\/"]}]},{"@type":"ImageObject","inLanguage":"fr-FR","@id":"https:\/\/www.carideal.com\/blog\/2008\/02\/03\/nouvelle-audi-a3-cabriolet\/#primaryimage","url":"https:\/\/www.carideal.com\/blog\/wp-content\/uploads\/2008\/02\/audia3cabriolet0carideal-1202109482.jpg","contentUrl":"https:\/\/www.carideal.com\/blog\/wp-content\/uploads\/2008\/02\/audia3cabriolet0carideal-1202109482.jpg","width":530,"height":352,"caption":"Nouvelle Audi A3 Cabriolet 2008"},{"@type":"BreadcrumbList","@id":"https:\/\/www.carideal.com\/blog\/2008\/02\/03\/nouvelle-audi-a3-cabriolet\/#breadcrumb","itemListElement":[{"@type":"ListItem","position":1,"name":"Blog Carid\u00e9al","item":"https:\/\/www.carideal.com\/blog\/"},{"@type":"ListItem","position":2,"name":"Actualit\u00e9 constructeur automobile","item":"https:\/\/www.carideal.com\/blog\/constructeur\/"},{"@type":"ListItem","position":3,"name":"Actualit\u00e9 Audi","item":"https:\/\/www.carideal.com\/blog\/constructeur\/audi\/"},{"@type":"ListItem","position":4,"name":"Nouvelle Audi A3 Cabriolet 2008"}]},{"@type":"WebSite","@id":"https:\/\/www.carideal.com\/blog\/#website","url":"https:\/\/www.carideal.com\/blog\/","name":"Blog auto Carid\u00e9al","description":"Actualit\u00e9 auto par des passionn\u00e9s","publisher":{"@id":"https:\/\/www.carideal.com\/blog\/#organization"},"potentialAction":[{"@type":"SearchAction","target":{"@type":"EntryPoint","urlTemplate":"https:\/\/www.carideal.com\/blog\/?s={search_term_string}"},"query-input":{"@type":"PropertyValueSpecification","valueRequired":true,"valueName":"search_term_string"}}],"inLanguage":"fr-FR"},{"@type":"Organization","@id":"https:\/\/www.carideal.com\/blog\/#organization","name":"Carideal","url":"https:\/\/www.carideal.com\/blog\/","logo":{"@type":"ImageObject","inLanguage":"fr-FR","@id":"https:\/\/www.carideal.com\/blog\/#\/schema\/logo\/image\/","url":"http:\/\/www.carideal.com\/blog\/wp-content\/uploads\/2016\/03\/logo-carideal-mandataire-automobile.png","contentUrl":"http:\/\/www.carideal.com\/blog\/wp-content\/uploads\/2016\/03\/logo-carideal-mandataire-automobile.png","width":300,"height":300,"caption":"Carideal"},"image":{"@id":"https:\/\/www.carideal.com\/blog\/#\/schema\/logo\/image\/"},"sameAs":["https:\/\/www.facebook.com\/Carideal.mandataire.automobile","https:\/\/x.com\/caridealauto","https:\/\/www.instagram.com\/carideal1\/","https:\/\/www.linkedin.com\/company\/carideal.com","https:\/\/fr.pinterest.com\/schiavonsas\/","https:\/\/www.youtube.com\/user\/caridealsas"]},{"@type":"Person","@id":"https:\/\/www.carideal.com\/blog\/#\/schema\/person\/cd95dc7919660de90d31b366f85be1ec","name":"Nicolas SCHIAVON","image":{"@type":"ImageObject","inLanguage":"fr-FR","@id":"https:\/\/www.carideal.com\/blog\/#\/schema\/person\/image\/","url":"https:\/\/secure.gravatar.com\/avatar\/c17e55009e671d92cc7f5dc837dc418a?s=96&r=g","contentUrl":"https:\/\/secure.gravatar.com\/avatar\/c17e55009e671d92cc7f5dc837dc418a?s=96&r=g","caption":"Nicolas SCHIAVON"},"description":"Nicolas Schiavon est tomb\u00e9 tout petit dans la marmite automobile. Ayant eu un garage de marque automobile, mandataire automobile de la premi\u00e8re heure d\u00e8s 1999. Nicolas a cr\u00e9\u00e9 ces premiers sites de vente de voiture et blog automobile d\u00e8s 1994. Carideal est n\u00e9 le 15 d\u00e9cembre 2000 de la volont\u00e9 de vendre des voitures d'occasions en ligne puis des voitures neuves. Il a pu essayer beaucoup de voitures tr\u00e8s diff\u00e9rentes et ayant eu personnellement quelques belles autos, Subaru Impreza, Mitsubishi Lancer Evo 7, Porsche 911, Ferrari Testarrossa, Audi RS3, RS4 et j'en passe...","sameAs":["http:\/\/www.carideal.com","https:\/\/www.facebook.com\/nicolas.schiavon.39","https:\/\/www.instagram.com\/carideal1\/","https:\/\/www.linkedin.com\/in\/nschiavon\/","https:\/\/x.com\/caridealauto","https:\/\/www.youtube.com\/user\/caridealsas\/"],"url":"https:\/\/www.carideal.com\/blog\/author\/nschiavon\/"}]}},"uagb_featured_image_src":{"full":["https:\/\/www.carideal.com\/blog\/wp-content\/uploads\/2008\/02\/audia3cabriolet0carideal-1202109482.jpg",530,352,false],"thumbnail":["https:\/\/www.carideal.com\/blog\/wp-content\/uploads\/2008\/02\/audia3cabriolet0carideal-1202109482-150x150.jpg",150,150,true],"medium":["https:\/\/www.carideal.com\/blog\/wp-content\/uploads\/2008\/02\/audia3cabriolet0carideal-1202109482-300x199.jpg",300,199,true],"medium_large":["https:\/\/www.carideal.com\/blog\/wp-content\/uploads\/2008\/02\/audia3cabriolet0carideal-1202109482.jpg",530,352,false],"large":["https:\/\/www.carideal.com\/blog\/wp-content\/uploads\/2008\/02\/audia3cabriolet0carideal-1202109482.jpg",530,352,false],"1536x1536":["https:\/\/www.carideal.com\/blog\/wp-content\/uploads\/2008\/02\/audia3cabriolet0carideal-1202109482.jpg",530,352,false],"2048x2048":["https:\/\/www.carideal.com\/blog\/wp-content\/uploads\/2008\/02\/audia3cabriolet0carideal-1202109482.jpg",530,352,false],"wppr-widget":["https:\/\/www.carideal.com\/blog\/wp-content\/uploads\/2008\/02\/audia3cabriolet0carideal-1202109482-50x33.jpg",50,33,true]},"uagb_author_info":{"display_name":"Nicolas SCHIAVON","author_link":"https:\/\/www.carideal.com\/blog\/author\/nschiavon\/"},"uagb_comment_info":2,"uagb_excerpt":"AUDI A3 CABRIOLET 2008 Depuis peu l'Audi A3 se d\u00e9cline en version cabriolet. 5500 \u20ac de plus qu'une A3 berline, c'est pas rien ! Audi ne semble pas se d\u00e9cider pour le coup\u00e9 cabriolet et reste tr\u00e8s attach\u00e9 au cabriolet. Audi sort deux types de capotes en toile. Le choix de la capote en toile\u2026","_links":{"self":[{"href":"https:\/\/www.carideal.com\/blog\/wp-json\/wp\/v2\/posts\/4618"}],"collection":[{"href":"https:\/\/www.carideal.com\/blog\/wp-json\/wp\/v2\/posts"}],"about":[{"href":"https:\/\/www.carideal.com\/blog\/wp-json\/wp\/v2\/types\/post"}],"author":[{"embeddable":true,"href":"https:\/\/www.carideal.com\/blog\/wp-json\/wp\/v2\/users\/3"}],"replies":[{"embeddable":true,"href":"https:\/\/www.carideal.com\/blog\/wp-json\/wp\/v2\/comments?post=4618"}],"version-history":[{"count":0,"href":"https:\/\/www.carideal.com\/blog\/wp-json\/wp\/v2\/posts\/4618\/revisions"}],"wp:featuredmedia":[{"embeddable":true,"href":"https:\/\/www.carideal.com\/blog\/wp-json\/wp\/v2\/media\/18379"}],"wp:attachment":[{"href":"https:\/\/www.carideal.com\/blog\/wp-json\/wp\/v2\/media?parent=4618"}],"wp:term":[{"taxonomy":"category","embeddable":true,"href":"https:\/\/www.carideal.com\/blog\/wp-json\/wp\/v2\/categories?post=4618"},{"taxonomy":"post_tag","embeddable":true,"href":"https:\/\/www.carideal.com\/blog\/wp-json\/wp\/v2\/tags?post=4618"}],"curies":[{"name":"wp","href":"https:\/\/api.w.org\/{rel}","templated":true}]}}