{"id":4608,"date":"2008-01-24T00:00:00","date_gmt":"2008-01-24T00:00:00","guid":{"rendered":"http:\/\/www.carideal.com\/blog\/2008\/01\/24\/occasion-bmw-serie-1\/"},"modified":"2019-12-15T15:03:15","modified_gmt":"2019-12-15T14:03:15","slug":"occasion-bmw-serie-1","status":"publish","type":"post","link":"https:\/\/www.carideal.com\/blog\/2008\/01\/24\/occasion-bmw-serie-1\/","title":{"rendered":"Occasion BMW s\u00e9rie 1 le succ\u00e8s"},"content":{"rendered":"<div>\n<h2><strong>Occasion<\/strong> BMW<strong> serie 1<\/strong><\/h2>\n<\/div>\n<div>\n<p><b>OCCASION BMW SERIE 1 :\u00a0<\/b>C'est une petite <a href=\"http:\/\/www.carideal.com\/blog\/marque-de-voiture-actualites-essais\/bmw\/\">BMW<\/a>, petite dans tous les sens du terme. La version la plue vendu est la BMW 118d qui a s\u00e9duite 67% des acheteurs puis la 120d qui s'adjuge 24 % des ventes de <span style=\"text-decoration: underline;\">BMW\u00a0neuves<\/span>. Les versions les plus vendus sont les plus luxueuses, Excellis et Luxe, la sport \u00e9tant la plus rare. Depuis peu, BMW vient de sortir une version 3P en compl\u00e9ment de la 5P. Donc on trouvera beaucoup plus de 5p sur le march\u00e9 de l'occasion. En fonction de l'age et des motorisations on trouvera des mod\u00e8les entre 17000 et 29000 \u20ac.<\/p>\n<ul>\n<li><a href=\"http:\/\/www.carideal.com\/blog\/2019\/12\/03\/voitures-doccasion-les-plus-fiables-2019\/\">Voitures d'occasions les plus fiables<\/a><\/li>\n<\/ul>\n<\/div>\n<div>\n<h2>Caract\u00e9ristiques de la BMW S\u00e9rie 1<\/h2>\n<figure id=\"attachment_20514\" aria-describedby=\"caption-attachment-20514\" style=\"width: 490px\" class=\"wp-caption alignnone\"><img loading=\"lazy\" decoding=\"async\" class=\"size-full wp-image-20514\" src=\"http:\/\/www.carideal.com\/blog\/wp-content\/uploads\/2008\/01\/bmwserie1carideal2-1201158259-e1576417740146.jpg\" alt=\"Occasion BMW s\u00e9rie 1 le succ\u00e8s\" width=\"500\" height=\"330\" \/><figcaption id=\"caption-attachment-20514\" class=\"wp-caption-text\">Occasion BMW s\u00e9rie 1 le succ\u00e8s<\/figcaption><\/figure>\n<p>Le\u00a0coffre de la BMW d'occasion s\u00e9rie 1 reste tr\u00e8s moyen avec 400 litres de contenance. La place aux places AR est compt\u00e9e, les passagers m\u00eame de gabarit moyen, de la banquette AR devront s'accommoder des genoux sous le menton, tellement l'espace aux jambes AR est restreint. Comme sur presque l'ensemble de la gamme BMW, la s\u00e9rie 1 est \u00e9quip\u00e9e de pneus runflat qui lui permette de rouler \u00e0 une vitesse minimum pour rejoindre le garage le plus proche. La finition est en retrait par rapport a l'ensemble de la gamme et m\u00eame par rapport \u00e0 la concurrence. La qualit\u00e9 per\u00e7u des mat\u00e9riaux n'est pas au rendez-vous. Les plastiques de la planche de bord font \u00ab\u00a0cheap\u00a0\u00bb leurs textures sont en retrait et sonnent le creux, leur toucher n'est pas agr\u00e9able.<\/p>\n<h2>Tenue de route de la BMW s\u00e9rie 1 d'occasion<\/h2>\n<figure id=\"attachment_20515\" aria-describedby=\"caption-attachment-20515\" style=\"width: 390px\" class=\"wp-caption alignnone\"><img loading=\"lazy\" decoding=\"async\" class=\"size-full wp-image-20515\" src=\"http:\/\/www.carideal.com\/blog\/wp-content\/uploads\/2008\/01\/bmwserie1carideal3-1201158283-e1576418490445.jpg\" alt=\"\" width=\"400\" height=\"229\" \/><figcaption id=\"caption-attachment-20515\" class=\"wp-caption-text\">BMW serie 1 d'occasion<\/figcaption><\/figure>\n<p>Pour une propulsion, la BMW et toute la gamme en g\u00e9n\u00e9ral, fait belle figure. Elle est toujours saine, et sa tenu de route est excellente, l'\u00e9lectronique est toujours pr\u00e9sente ne se faisant pas ressentir, mais redoutablement efficace. Une <span style=\"text-decoration: underline;\">occasion BMW<\/span>\u00a0s\u00e9rie reste une BMW et ses prix s'en ressentent, la <a href=\"http:\/\/www.carideal.com\/blog\/2008\/09\/25\/bmw-serie-1-d-occasion\/\"><span style=\"text-decoration: underline;\">s\u00e9rie 1<\/span><\/a> reste la berline la plus ch\u00e8re de sa gamme. C'est nouveau pour BMW, se lancer dans le cr\u00e9neau des berlines compacts, jamais personne n'y avait pens\u00e9, le constructeur \u00e0 l'h\u00e9lice n'avait pas besoin de cela, tout ce passait tr\u00e8s bien dans le haut de gamme tr\u00e8s rentable, mais voil\u00e0 devant le succ\u00e8s de l'<a href=\"http:\/\/www.carideal.com\/blog\/2012\/11\/10\/audi-a3-sportback-2013\/\"><span style=\"text-decoration: underline;\">Audi A3<\/span><\/a>, devant la demande, pour faire baisser la consommation moyenne de sa gamme (obligation europ\u00e9enne), BMW se lance. Le succ\u00e8s est l\u00e0 et le constructeur la d\u00e9cline en 3P.<\/p>\n<p><strong>En occasion la BMW s\u00e9rie 1<\/strong> est rare et cher. La Serie 1 propose une gamme de six moteurs essence et diesel. Le premier moteur essence ne pr\u00e9sente pas d'int\u00e9r\u00eat. En revanche la 130 i et ses 265 ch vous raviront, pour ceux qui ont le budget pour l'entretenir. Les versions les plus demand\u00e9es seront sans nul doute les diesels en 118 d et 120 d. Les deux blocs sont identiques, un diesel de deux litres de cylindr\u00e9 dont les r\u00e9glages sont diff\u00e9rents et proposent soit 122 ch ou 143 ch pour le 118d et 163 ou 177 ch pour le 120d. Ses consommations baissent sans cesse comme ses \u00e9missions de CO2. Une s\u00e9rie 1 est la voiture pour son conducteur, les sensations qu'elle distille en sont la preuve. Cette voiture a tr\u00e8s certainement un grand avenir en occasion.<\/p>\n<h2>Vid\u00e9o Occasion BMW s\u00e9rie 1<\/h2>\n<p><iframe loading=\"lazy\" src=\"https:\/\/www.youtube.com\/embed\/uSSc_EN2TeM\" width=\"560\" height=\"315\" frameborder=\"0\" allowfullscreen=\"allowfullscreen\"><\/iframe><\/p>\n<\/div>\n","protected":false},"excerpt":{"rendered":"<p>Occasion BMW serie 1 OCCASION BMW SERIE 1 :\u00a0C&rsquo;est une petite BMW, petite dans tous les sens du terme. La version la plue vendu est la BMW 118d qui a s\u00e9duite 67% des acheteurs puis la 120d qui s&rsquo;adjuge 24 % des ventes de BMW\u00a0neuves. Les versions les plus vendus sont les plus luxueuses, Excellis &#8230; <a title=\"Occasion BMW s\u00e9rie 1 le succ\u00e8s\" class=\"read-more\" href=\"https:\/\/www.carideal.com\/blog\/2008\/01\/24\/occasion-bmw-serie-1\/\" aria-label=\"En savoir plus sur Occasion BMW s\u00e9rie 1 le succ\u00e8s\">Lire plus<\/a><\/p>\n","protected":false},"author":3,"featured_media":20514,"comment_status":"open","ping_status":"open","sticky":false,"template":"","format":"standard","meta":{"_uag_custom_page_level_css":"","_themeisle_gutenberg_block_has_review":false,"footnotes":""},"categories":[5945,6012,6025,6169],"tags":[],"class_list":["post-4608","post","type-post","status-publish","format-standard","has-post-thumbnail","hentry","category-bmw","category-berlines","category-occasion-type-de-vehicule-type-de-vehicule","category-essais-bmw"],"wppr_data":{"cwp_meta_box_check":"No"},"yoast_head":"<!-- This site is optimized with the Yoast SEO plugin v24.8.1 - https:\/\/yoast.com\/wordpress\/plugins\/seo\/ -->\n<title>Occasion BMW s\u00e9rie 1 le succ\u00e8s - Blog auto Carid\u00e9al<\/title>\n<meta name=\"description\" content=\"OCCASION BMW SERIE 1 : C&#039;est une petite BMW. La version la plue vendu est la BMW 118d qui a s\u00e9duite 67% des acheteurs puis la 120d qui s&#039;adjuge 24 %\" \/>\n<meta name=\"robots\" content=\"index, follow, max-snippet:-1, max-image-preview:large, max-video-preview:-1\" \/>\n<link rel=\"canonical\" href=\"https:\/\/www.carideal.com\/blog\/2008\/01\/24\/occasion-bmw-serie-1\/\" \/>\n<meta property=\"og:locale\" content=\"fr_FR\" \/>\n<meta property=\"og:type\" content=\"article\" \/>\n<meta property=\"og:title\" content=\"Occasion BMW s\u00e9rie 1 le succ\u00e8s - Blog auto Carid\u00e9al\" \/>\n<meta property=\"og:description\" content=\"OCCASION BMW SERIE 1 : C&#039;est une petite BMW. La version la plue vendu est la BMW 118d qui a s\u00e9duite 67% des acheteurs puis la 120d qui s&#039;adjuge 24 %\" \/>\n<meta property=\"og:url\" content=\"https:\/\/www.carideal.com\/blog\/2008\/01\/24\/occasion-bmw-serie-1\/\" \/>\n<meta property=\"og:site_name\" content=\"Blog auto Carid\u00e9al\" \/>\n<meta property=\"article:publisher\" content=\"https:\/\/www.facebook.com\/Carideal.mandataire.automobile\" \/>\n<meta property=\"article:author\" content=\"https:\/\/www.facebook.com\/nicolas.schiavon.39\" \/>\n<meta property=\"article:published_time\" content=\"2008-01-24T00:00:00+00:00\" \/>\n<meta property=\"article:modified_time\" content=\"2019-12-15T14:03:15+00:00\" \/>\n<meta property=\"og:image\" content=\"https:\/\/www.carideal.com\/blog\/wp-content\/uploads\/2008\/01\/bmwserie1carideal2-1201158259-e1576417740146.jpg\" \/>\n\t<meta property=\"og:image:width\" content=\"500\" \/>\n\t<meta property=\"og:image:height\" content=\"330\" \/>\n\t<meta property=\"og:image:type\" content=\"image\/jpeg\" \/>\n<meta name=\"author\" content=\"Nicolas SCHIAVON\" \/>\n<meta name=\"twitter:card\" content=\"summary_large_image\" \/>\n<meta name=\"twitter:creator\" content=\"@caridealauto\" \/>\n<meta name=\"twitter:site\" content=\"@caridealauto\" \/>\n<meta name=\"twitter:label1\" content=\"\u00c9crit par\" \/>\n\t<meta name=\"twitter:data1\" content=\"Nicolas SCHIAVON\" \/>\n\t<meta name=\"twitter:label2\" content=\"Dur\u00e9e de lecture estim\u00e9e\" \/>\n\t<meta name=\"twitter:data2\" content=\"3 minutes\" \/>\n<script type=\"application\/ld+json\" class=\"yoast-schema-graph\">{\"@context\":\"https:\/\/schema.org\",\"@graph\":[{\"@type\":\"Article\",\"@id\":\"https:\/\/www.carideal.com\/blog\/2008\/01\/24\/occasion-bmw-serie-1\/#article\",\"isPartOf\":{\"@id\":\"https:\/\/www.carideal.com\/blog\/2008\/01\/24\/occasion-bmw-serie-1\/\"},\"author\":{\"name\":\"Nicolas SCHIAVON\",\"@id\":\"https:\/\/www.carideal.com\/blog\/#\/schema\/person\/cd95dc7919660de90d31b366f85be1ec\"},\"headline\":\"Occasion BMW s\u00e9rie 1 le succ\u00e8s\",\"datePublished\":\"2008-01-24T00:00:00+00:00\",\"dateModified\":\"2019-12-15T14:03:15+00:00\",\"mainEntityOfPage\":{\"@id\":\"https:\/\/www.carideal.com\/blog\/2008\/01\/24\/occasion-bmw-serie-1\/\"},\"wordCount\":580,\"commentCount\":0,\"publisher\":{\"@id\":\"https:\/\/www.carideal.com\/blog\/#organization\"},\"image\":{\"@id\":\"https:\/\/www.carideal.com\/blog\/2008\/01\/24\/occasion-bmw-serie-1\/#primaryimage\"},\"thumbnailUrl\":\"https:\/\/www.carideal.com\/blog\/wp-content\/uploads\/2008\/01\/bmwserie1carideal2-1201158259-e1576417740146.jpg\",\"articleSection\":[\"Actualit\u00e9 BMW\",\"Berlines\",\"Essai Voiture Occasion\",\"Essais BMW\"],\"inLanguage\":\"fr-FR\",\"potentialAction\":[{\"@type\":\"CommentAction\",\"name\":\"Comment\",\"target\":[\"https:\/\/www.carideal.com\/blog\/2008\/01\/24\/occasion-bmw-serie-1\/#respond\"]}]},{\"@type\":\"WebPage\",\"@id\":\"https:\/\/www.carideal.com\/blog\/2008\/01\/24\/occasion-bmw-serie-1\/\",\"url\":\"https:\/\/www.carideal.com\/blog\/2008\/01\/24\/occasion-bmw-serie-1\/\",\"name\":\"Occasion BMW s\u00e9rie 1 le succ\u00e8s - Blog auto Carid\u00e9al\",\"isPartOf\":{\"@id\":\"https:\/\/www.carideal.com\/blog\/#website\"},\"primaryImageOfPage\":{\"@id\":\"https:\/\/www.carideal.com\/blog\/2008\/01\/24\/occasion-bmw-serie-1\/#primaryimage\"},\"image\":{\"@id\":\"https:\/\/www.carideal.com\/blog\/2008\/01\/24\/occasion-bmw-serie-1\/#primaryimage\"},\"thumbnailUrl\":\"https:\/\/www.carideal.com\/blog\/wp-content\/uploads\/2008\/01\/bmwserie1carideal2-1201158259-e1576417740146.jpg\",\"datePublished\":\"2008-01-24T00:00:00+00:00\",\"dateModified\":\"2019-12-15T14:03:15+00:00\",\"description\":\"OCCASION BMW SERIE 1 : C'est une petite BMW. La version la plue vendu est la BMW 118d qui a s\u00e9duite 67% des acheteurs puis la 120d qui s'adjuge 24 %\",\"breadcrumb\":{\"@id\":\"https:\/\/www.carideal.com\/blog\/2008\/01\/24\/occasion-bmw-serie-1\/#breadcrumb\"},\"inLanguage\":\"fr-FR\",\"potentialAction\":[{\"@type\":\"ReadAction\",\"target\":[\"https:\/\/www.carideal.com\/blog\/2008\/01\/24\/occasion-bmw-serie-1\/\"]}]},{\"@type\":\"ImageObject\",\"inLanguage\":\"fr-FR\",\"@id\":\"https:\/\/www.carideal.com\/blog\/2008\/01\/24\/occasion-bmw-serie-1\/#primaryimage\",\"url\":\"https:\/\/www.carideal.com\/blog\/wp-content\/uploads\/2008\/01\/bmwserie1carideal2-1201158259-e1576417740146.jpg\",\"contentUrl\":\"https:\/\/www.carideal.com\/blog\/wp-content\/uploads\/2008\/01\/bmwserie1carideal2-1201158259-e1576417740146.jpg\",\"width\":500,\"height\":330,\"caption\":\"Occasion BMW s\u00e9rie 1 le succ\u00e8s\"},{\"@type\":\"BreadcrumbList\",\"@id\":\"https:\/\/www.carideal.com\/blog\/2008\/01\/24\/occasion-bmw-serie-1\/#breadcrumb\",\"itemListElement\":[{\"@type\":\"ListItem\",\"position\":1,\"name\":\"Blog Carid\u00e9al\",\"item\":\"https:\/\/www.carideal.com\/blog\/\"},{\"@type\":\"ListItem\",\"position\":2,\"name\":\"Actualit\u00e9 constructeur automobile\",\"item\":\"https:\/\/www.carideal.com\/blog\/constructeur\/\"},{\"@type\":\"ListItem\",\"position\":3,\"name\":\"Actualit\u00e9 BMW\",\"item\":\"https:\/\/www.carideal.com\/blog\/constructeur\/bmw\/\"},{\"@type\":\"ListItem\",\"position\":4,\"name\":\"Occasion BMW s\u00e9rie 1 le succ\u00e8s\"}]},{\"@type\":\"WebSite\",\"@id\":\"https:\/\/www.carideal.com\/blog\/#website\",\"url\":\"https:\/\/www.carideal.com\/blog\/\",\"name\":\"Blog auto Carid\u00e9al\",\"description\":\"Actualit\u00e9 auto par des passionn\u00e9s\",\"publisher\":{\"@id\":\"https:\/\/www.carideal.com\/blog\/#organization\"},\"potentialAction\":[{\"@type\":\"SearchAction\",\"target\":{\"@type\":\"EntryPoint\",\"urlTemplate\":\"https:\/\/www.carideal.com\/blog\/?s={search_term_string}\"},\"query-input\":{\"@type\":\"PropertyValueSpecification\",\"valueRequired\":true,\"valueName\":\"search_term_string\"}}],\"inLanguage\":\"fr-FR\"},{\"@type\":\"Organization\",\"@id\":\"https:\/\/www.carideal.com\/blog\/#organization\",\"name\":\"Carideal\",\"url\":\"https:\/\/www.carideal.com\/blog\/\",\"logo\":{\"@type\":\"ImageObject\",\"inLanguage\":\"fr-FR\",\"@id\":\"https:\/\/www.carideal.com\/blog\/#\/schema\/logo\/image\/\",\"url\":\"http:\/\/www.carideal.com\/blog\/wp-content\/uploads\/2016\/03\/logo-carideal-mandataire-automobile.png\",\"contentUrl\":\"http:\/\/www.carideal.com\/blog\/wp-content\/uploads\/2016\/03\/logo-carideal-mandataire-automobile.png\",\"width\":300,\"height\":300,\"caption\":\"Carideal\"},\"image\":{\"@id\":\"https:\/\/www.carideal.com\/blog\/#\/schema\/logo\/image\/\"},\"sameAs\":[\"https:\/\/www.facebook.com\/Carideal.mandataire.automobile\",\"https:\/\/x.com\/caridealauto\",\"https:\/\/www.instagram.com\/carideal1\/\",\"https:\/\/www.linkedin.com\/company\/carideal.com\",\"https:\/\/fr.pinterest.com\/schiavonsas\/\",\"https:\/\/www.youtube.com\/user\/caridealsas\"]},{\"@type\":\"Person\",\"@id\":\"https:\/\/www.carideal.com\/blog\/#\/schema\/person\/cd95dc7919660de90d31b366f85be1ec\",\"name\":\"Nicolas SCHIAVON\",\"image\":{\"@type\":\"ImageObject\",\"inLanguage\":\"fr-FR\",\"@id\":\"https:\/\/www.carideal.com\/blog\/#\/schema\/person\/image\/\",\"url\":\"https:\/\/secure.gravatar.com\/avatar\/c17e55009e671d92cc7f5dc837dc418a?s=96&r=g\",\"contentUrl\":\"https:\/\/secure.gravatar.com\/avatar\/c17e55009e671d92cc7f5dc837dc418a?s=96&r=g\",\"caption\":\"Nicolas SCHIAVON\"},\"description\":\"Nicolas Schiavon est tomb\u00e9 tout petit dans la marmite automobile. Ayant eu un garage de marque automobile, mandataire automobile de la premi\u00e8re heure d\u00e8s 1999. Nicolas a cr\u00e9\u00e9 ces premiers sites de vente de voiture et blog automobile d\u00e8s 1994. Carideal est n\u00e9 le 15 d\u00e9cembre 2000 de la volont\u00e9 de vendre des voitures d'occasions en ligne puis des voitures neuves. Il a pu essayer beaucoup de voitures tr\u00e8s diff\u00e9rentes et ayant eu personnellement quelques belles autos, Subaru Impreza, Mitsubishi Lancer Evo 7, Porsche 911, Ferrari Testarrossa, Audi RS3, RS4 et j'en passe...\",\"sameAs\":[\"http:\/\/www.carideal.com\",\"https:\/\/www.facebook.com\/nicolas.schiavon.39\",\"https:\/\/www.instagram.com\/carideal1\/\",\"https:\/\/www.linkedin.com\/in\/nschiavon\/\",\"https:\/\/x.com\/caridealauto\",\"https:\/\/www.youtube.com\/user\/caridealsas\/\"],\"url\":\"https:\/\/www.carideal.com\/blog\/author\/nschiavon\/\"}]}<\/script>\n<!-- \/ Yoast SEO plugin. -->","yoast_head_json":{"title":"Occasion BMW s\u00e9rie 1 le succ\u00e8s - Blog auto Carid\u00e9al","description":"OCCASION BMW SERIE 1 : C'est une petite BMW. La version la plue vendu est la BMW 118d qui a s\u00e9duite 67% des acheteurs puis la 120d qui s'adjuge 24 %","robots":{"index":"index","follow":"follow","max-snippet":"max-snippet:-1","max-image-preview":"max-image-preview:large","max-video-preview":"max-video-preview:-1"},"canonical":"https:\/\/www.carideal.com\/blog\/2008\/01\/24\/occasion-bmw-serie-1\/","og_locale":"fr_FR","og_type":"article","og_title":"Occasion BMW s\u00e9rie 1 le succ\u00e8s - Blog auto Carid\u00e9al","og_description":"OCCASION BMW SERIE 1 : C'est une petite BMW. La version la plue vendu est la BMW 118d qui a s\u00e9duite 67% des acheteurs puis la 120d qui s'adjuge 24 %","og_url":"https:\/\/www.carideal.com\/blog\/2008\/01\/24\/occasion-bmw-serie-1\/","og_site_name":"Blog auto Carid\u00e9al","article_publisher":"https:\/\/www.facebook.com\/Carideal.mandataire.automobile","article_author":"https:\/\/www.facebook.com\/nicolas.schiavon.39","article_published_time":"2008-01-24T00:00:00+00:00","article_modified_time":"2019-12-15T14:03:15+00:00","og_image":[{"width":500,"height":330,"url":"https:\/\/www.carideal.com\/blog\/wp-content\/uploads\/2008\/01\/bmwserie1carideal2-1201158259-e1576417740146.jpg","type":"image\/jpeg"}],"author":"Nicolas SCHIAVON","twitter_card":"summary_large_image","twitter_creator":"@caridealauto","twitter_site":"@caridealauto","twitter_misc":{"\u00c9crit par":"Nicolas SCHIAVON","Dur\u00e9e de lecture estim\u00e9e":"3 minutes"},"schema":{"@context":"https:\/\/schema.org","@graph":[{"@type":"Article","@id":"https:\/\/www.carideal.com\/blog\/2008\/01\/24\/occasion-bmw-serie-1\/#article","isPartOf":{"@id":"https:\/\/www.carideal.com\/blog\/2008\/01\/24\/occasion-bmw-serie-1\/"},"author":{"name":"Nicolas SCHIAVON","@id":"https:\/\/www.carideal.com\/blog\/#\/schema\/person\/cd95dc7919660de90d31b366f85be1ec"},"headline":"Occasion BMW s\u00e9rie 1 le succ\u00e8s","datePublished":"2008-01-24T00:00:00+00:00","dateModified":"2019-12-15T14:03:15+00:00","mainEntityOfPage":{"@id":"https:\/\/www.carideal.com\/blog\/2008\/01\/24\/occasion-bmw-serie-1\/"},"wordCount":580,"commentCount":0,"publisher":{"@id":"https:\/\/www.carideal.com\/blog\/#organization"},"image":{"@id":"https:\/\/www.carideal.com\/blog\/2008\/01\/24\/occasion-bmw-serie-1\/#primaryimage"},"thumbnailUrl":"https:\/\/www.carideal.com\/blog\/wp-content\/uploads\/2008\/01\/bmwserie1carideal2-1201158259-e1576417740146.jpg","articleSection":["Actualit\u00e9 BMW","Berlines","Essai Voiture Occasion","Essais BMW"],"inLanguage":"fr-FR","potentialAction":[{"@type":"CommentAction","name":"Comment","target":["https:\/\/www.carideal.com\/blog\/2008\/01\/24\/occasion-bmw-serie-1\/#respond"]}]},{"@type":"WebPage","@id":"https:\/\/www.carideal.com\/blog\/2008\/01\/24\/occasion-bmw-serie-1\/","url":"https:\/\/www.carideal.com\/blog\/2008\/01\/24\/occasion-bmw-serie-1\/","name":"Occasion BMW s\u00e9rie 1 le succ\u00e8s - Blog auto Carid\u00e9al","isPartOf":{"@id":"https:\/\/www.carideal.com\/blog\/#website"},"primaryImageOfPage":{"@id":"https:\/\/www.carideal.com\/blog\/2008\/01\/24\/occasion-bmw-serie-1\/#primaryimage"},"image":{"@id":"https:\/\/www.carideal.com\/blog\/2008\/01\/24\/occasion-bmw-serie-1\/#primaryimage"},"thumbnailUrl":"https:\/\/www.carideal.com\/blog\/wp-content\/uploads\/2008\/01\/bmwserie1carideal2-1201158259-e1576417740146.jpg","datePublished":"2008-01-24T00:00:00+00:00","dateModified":"2019-12-15T14:03:15+00:00","description":"OCCASION BMW SERIE 1 : C'est une petite BMW. La version la plue vendu est la BMW 118d qui a s\u00e9duite 67% des acheteurs puis la 120d qui s'adjuge 24 %","breadcrumb":{"@id":"https:\/\/www.carideal.com\/blog\/2008\/01\/24\/occasion-bmw-serie-1\/#breadcrumb"},"inLanguage":"fr-FR","potentialAction":[{"@type":"ReadAction","target":["https:\/\/www.carideal.com\/blog\/2008\/01\/24\/occasion-bmw-serie-1\/"]}]},{"@type":"ImageObject","inLanguage":"fr-FR","@id":"https:\/\/www.carideal.com\/blog\/2008\/01\/24\/occasion-bmw-serie-1\/#primaryimage","url":"https:\/\/www.carideal.com\/blog\/wp-content\/uploads\/2008\/01\/bmwserie1carideal2-1201158259-e1576417740146.jpg","contentUrl":"https:\/\/www.carideal.com\/blog\/wp-content\/uploads\/2008\/01\/bmwserie1carideal2-1201158259-e1576417740146.jpg","width":500,"height":330,"caption":"Occasion BMW s\u00e9rie 1 le succ\u00e8s"},{"@type":"BreadcrumbList","@id":"https:\/\/www.carideal.com\/blog\/2008\/01\/24\/occasion-bmw-serie-1\/#breadcrumb","itemListElement":[{"@type":"ListItem","position":1,"name":"Blog Carid\u00e9al","item":"https:\/\/www.carideal.com\/blog\/"},{"@type":"ListItem","position":2,"name":"Actualit\u00e9 constructeur automobile","item":"https:\/\/www.carideal.com\/blog\/constructeur\/"},{"@type":"ListItem","position":3,"name":"Actualit\u00e9 BMW","item":"https:\/\/www.carideal.com\/blog\/constructeur\/bmw\/"},{"@type":"ListItem","position":4,"name":"Occasion BMW s\u00e9rie 1 le succ\u00e8s"}]},{"@type":"WebSite","@id":"https:\/\/www.carideal.com\/blog\/#website","url":"https:\/\/www.carideal.com\/blog\/","name":"Blog auto Carid\u00e9al","description":"Actualit\u00e9 auto par des passionn\u00e9s","publisher":{"@id":"https:\/\/www.carideal.com\/blog\/#organization"},"potentialAction":[{"@type":"SearchAction","target":{"@type":"EntryPoint","urlTemplate":"https:\/\/www.carideal.com\/blog\/?s={search_term_string}"},"query-input":{"@type":"PropertyValueSpecification","valueRequired":true,"valueName":"search_term_string"}}],"inLanguage":"fr-FR"},{"@type":"Organization","@id":"https:\/\/www.carideal.com\/blog\/#organization","name":"Carideal","url":"https:\/\/www.carideal.com\/blog\/","logo":{"@type":"ImageObject","inLanguage":"fr-FR","@id":"https:\/\/www.carideal.com\/blog\/#\/schema\/logo\/image\/","url":"http:\/\/www.carideal.com\/blog\/wp-content\/uploads\/2016\/03\/logo-carideal-mandataire-automobile.png","contentUrl":"http:\/\/www.carideal.com\/blog\/wp-content\/uploads\/2016\/03\/logo-carideal-mandataire-automobile.png","width":300,"height":300,"caption":"Carideal"},"image":{"@id":"https:\/\/www.carideal.com\/blog\/#\/schema\/logo\/image\/"},"sameAs":["https:\/\/www.facebook.com\/Carideal.mandataire.automobile","https:\/\/x.com\/caridealauto","https:\/\/www.instagram.com\/carideal1\/","https:\/\/www.linkedin.com\/company\/carideal.com","https:\/\/fr.pinterest.com\/schiavonsas\/","https:\/\/www.youtube.com\/user\/caridealsas"]},{"@type":"Person","@id":"https:\/\/www.carideal.com\/blog\/#\/schema\/person\/cd95dc7919660de90d31b366f85be1ec","name":"Nicolas SCHIAVON","image":{"@type":"ImageObject","inLanguage":"fr-FR","@id":"https:\/\/www.carideal.com\/blog\/#\/schema\/person\/image\/","url":"https:\/\/secure.gravatar.com\/avatar\/c17e55009e671d92cc7f5dc837dc418a?s=96&r=g","contentUrl":"https:\/\/secure.gravatar.com\/avatar\/c17e55009e671d92cc7f5dc837dc418a?s=96&r=g","caption":"Nicolas SCHIAVON"},"description":"Nicolas Schiavon est tomb\u00e9 tout petit dans la marmite automobile. Ayant eu un garage de marque automobile, mandataire automobile de la premi\u00e8re heure d\u00e8s 1999. Nicolas a cr\u00e9\u00e9 ces premiers sites de vente de voiture et blog automobile d\u00e8s 1994. Carideal est n\u00e9 le 15 d\u00e9cembre 2000 de la volont\u00e9 de vendre des voitures d'occasions en ligne puis des voitures neuves. Il a pu essayer beaucoup de voitures tr\u00e8s diff\u00e9rentes et ayant eu personnellement quelques belles autos, Subaru Impreza, Mitsubishi Lancer Evo 7, Porsche 911, Ferrari Testarrossa, Audi RS3, RS4 et j'en passe...","sameAs":["http:\/\/www.carideal.com","https:\/\/www.facebook.com\/nicolas.schiavon.39","https:\/\/www.instagram.com\/carideal1\/","https:\/\/www.linkedin.com\/in\/nschiavon\/","https:\/\/x.com\/caridealauto","https:\/\/www.youtube.com\/user\/caridealsas\/"],"url":"https:\/\/www.carideal.com\/blog\/author\/nschiavon\/"}]}},"uagb_featured_image_src":{"full":["https:\/\/www.carideal.com\/blog\/wp-content\/uploads\/2008\/01\/bmwserie1carideal2-1201158259-e1576417740146.jpg",500,330,false],"thumbnail":["https:\/\/www.carideal.com\/blog\/wp-content\/uploads\/2008\/01\/bmwserie1carideal2-1201158259-150x150.jpg",150,150,true],"medium":["https:\/\/www.carideal.com\/blog\/wp-content\/uploads\/2008\/01\/bmwserie1carideal2-1201158259-300x198.jpg",300,198,true],"medium_large":["https:\/\/www.carideal.com\/blog\/wp-content\/uploads\/2008\/01\/bmwserie1carideal2-1201158259-e1576417740146.jpg",500,330,false],"large":["https:\/\/www.carideal.com\/blog\/wp-content\/uploads\/2008\/01\/bmwserie1carideal2-1201158259-e1576417740146.jpg",500,330,false],"1536x1536":["https:\/\/www.carideal.com\/blog\/wp-content\/uploads\/2008\/01\/bmwserie1carideal2-1201158259-e1576417740146.jpg",500,330,false],"2048x2048":["https:\/\/www.carideal.com\/blog\/wp-content\/uploads\/2008\/01\/bmwserie1carideal2-1201158259-e1576417740146.jpg",500,330,false],"wppr-widget":["https:\/\/www.carideal.com\/blog\/wp-content\/uploads\/2008\/01\/bmwserie1carideal2-1201158259-50x33.jpg",50,33,true]},"uagb_author_info":{"display_name":"Nicolas SCHIAVON","author_link":"https:\/\/www.carideal.com\/blog\/author\/nschiavon\/"},"uagb_comment_info":0,"uagb_excerpt":"Occasion BMW serie 1 OCCASION BMW SERIE 1 :\u00a0C'est une petite BMW, petite dans tous les sens du terme. La version la plue vendu est la BMW 118d qui a s\u00e9duite 67% des acheteurs puis la 120d qui s'adjuge 24 % des ventes de BMW\u00a0neuves. Les versions les plus vendus sont les plus luxueuses, Excellis\u2026","_links":{"self":[{"href":"https:\/\/www.carideal.com\/blog\/wp-json\/wp\/v2\/posts\/4608"}],"collection":[{"href":"https:\/\/www.carideal.com\/blog\/wp-json\/wp\/v2\/posts"}],"about":[{"href":"https:\/\/www.carideal.com\/blog\/wp-json\/wp\/v2\/types\/post"}],"author":[{"embeddable":true,"href":"https:\/\/www.carideal.com\/blog\/wp-json\/wp\/v2\/users\/3"}],"replies":[{"embeddable":true,"href":"https:\/\/www.carideal.com\/blog\/wp-json\/wp\/v2\/comments?post=4608"}],"version-history":[{"count":0,"href":"https:\/\/www.carideal.com\/blog\/wp-json\/wp\/v2\/posts\/4608\/revisions"}],"wp:featuredmedia":[{"embeddable":true,"href":"https:\/\/www.carideal.com\/blog\/wp-json\/wp\/v2\/media\/20514"}],"wp:attachment":[{"href":"https:\/\/www.carideal.com\/blog\/wp-json\/wp\/v2\/media?parent=4608"}],"wp:term":[{"taxonomy":"category","embeddable":true,"href":"https:\/\/www.carideal.com\/blog\/wp-json\/wp\/v2\/categories?post=4608"},{"taxonomy":"post_tag","embeddable":true,"href":"https:\/\/www.carideal.com\/blog\/wp-json\/wp\/v2\/tags?post=4608"}],"curies":[{"name":"wp","href":"https:\/\/api.w.org\/{rel}","templated":true}]}}