{"id":4606,"date":"2008-01-22T00:00:00","date_gmt":"2008-01-22T00:00:00","guid":{"rendered":"http:\/\/www.carideal.com\/blog\/2008\/01\/22\/nouvelle-corvette-zr-1\/"},"modified":"2015-07-06T15:43:23","modified_gmt":"2015-07-06T13:43:23","slug":"nouvelle-corvette-zr-1","status":"publish","type":"post","link":"https:\/\/www.carideal.com\/blog\/2008\/01\/22\/nouvelle-corvette-zr-1\/","title":{"rendered":"Nouvelle Corvette ZR1"},"content":{"rendered":"<div><img decoding=\"async\" src=\"http:\/\/www.carideal.com\/images_actualite\/chevroletcorvettecorvettezr1carideal-1200988079.jpg\" alt=\"\" \/>Chevrollet corvette ZR1<\/p>\n<\/div>\n<div><img decoding=\"async\" src=\"http:\/\/www.carideal.com\/images_actualite\/chevroletcorvettecorvettezr1carideal2-1200988059.jpg\" alt=\"\" \/>La corvette ZR1 affolle les compteurs<\/p>\n<\/div>\n<div><img decoding=\"async\" src=\"http:\/\/www.carideal.com\/images_actualite\/corvettemoteurzr1superchargedcarideal-1200988118.jpg\" alt=\"\" \/>Le moteur supercharged de la Corvette ZR1<\/p>\n<\/div>\n<p style=\"margin-bottom: 0cm;\"><b>NOUVELLE CORVETTE ZR-1<\/b><\/p>\n<p>&nbsp;<\/p>\n<p style=\"margin-bottom: 0cm;\">Les am\u00e9ricains s'\u00e9nervent ! Ils veulent reconqu\u00e9rir une certaine image de l'automobile du r\u00e8ve am\u00e9ricain. Apr\u00e8s la C6 et son V8 de 6 litres de cylindr\u00e9 et 400 ch, apr\u00e8s la Z06 de 7 litres et 512 ch voil\u00e0 la ZR-1 qui reprend la base du bloc de la C6 r\u00e9al\u00e9s\u00e9 \u00e0 6.2 litres et gav\u00e9 par un compresseur pour d\u00e9livrer 620 ch et 82.3 mkg de couple. La carrosserie n'est pas en reste avec quelques \u00e9l\u00e9ments sp\u00e9cifiques en carbonne et un capot moteur transparent pour admirer le monstre qui n'attend que son pilote pour faire fondre l'asphalte.<\/p>\n","protected":false},"excerpt":{"rendered":"<p>Chevrollet corvette ZR1 La corvette ZR1 affolle les compteurs Le moteur supercharged de la Corvette ZR1 NOUVELLE CORVETTE ZR-1 &nbsp; Les am\u00e9ricains s&rsquo;\u00e9nervent ! Ils veulent reconqu\u00e9rir une certaine image de l&rsquo;automobile du r\u00e8ve am\u00e9ricain. Apr\u00e8s la C6 et son V8 de 6 litres de cylindr\u00e9 et 400 ch, apr\u00e8s la Z06 de 7 litres &#8230; <a title=\"Nouvelle Corvette ZR1\" class=\"read-more\" href=\"https:\/\/www.carideal.com\/blog\/2008\/01\/22\/nouvelle-corvette-zr-1\/\" aria-label=\"En savoir plus sur Nouvelle Corvette ZR1\">Lire plus<\/a><\/p>\n","protected":false},"author":3,"featured_media":0,"comment_status":"open","ping_status":"open","sticky":false,"template":"","format":"standard","meta":{"_uag_custom_page_level_css":"","_themeisle_gutenberg_block_has_review":false,"footnotes":""},"categories":[21],"tags":[],"class_list":["post-4606","post","type-post","status-publish","format-standard","hentry","category-actualites-auto"],"wppr_data":[],"yoast_head":"<!-- This site is optimized with the Yoast SEO plugin v24.8.1 - https:\/\/yoast.com\/wordpress\/plugins\/seo\/ -->\n<title>Nouvelle Corvette ZR1 - Blog auto Carid\u00e9al<\/title>\n<meta name=\"robots\" content=\"index, follow, max-snippet:-1, max-image-preview:large, max-video-preview:-1\" \/>\n<link rel=\"canonical\" href=\"https:\/\/www.carideal.com\/blog\/2008\/01\/22\/nouvelle-corvette-zr-1\/\" \/>\n<meta property=\"og:locale\" content=\"fr_FR\" \/>\n<meta property=\"og:type\" content=\"article\" \/>\n<meta property=\"og:title\" content=\"Nouvelle Corvette ZR1 - Blog auto Carid\u00e9al\" \/>\n<meta property=\"og:description\" content=\"Chevrollet corvette ZR1 La corvette ZR1 affolle les compteurs Le moteur supercharged de la Corvette ZR1 NOUVELLE CORVETTE ZR-1 &nbsp; Les am\u00e9ricains s&#039;\u00e9nervent ! Ils veulent reconqu\u00e9rir une certaine image de l&#039;automobile du r\u00e8ve am\u00e9ricain. Apr\u00e8s la C6 et son V8 de 6 litres de cylindr\u00e9 et 400 ch, apr\u00e8s la Z06 de 7 litres ... Lire plus\" \/>\n<meta property=\"og:url\" content=\"https:\/\/www.carideal.com\/blog\/2008\/01\/22\/nouvelle-corvette-zr-1\/\" \/>\n<meta property=\"og:site_name\" content=\"Blog auto Carid\u00e9al\" \/>\n<meta property=\"article:publisher\" content=\"https:\/\/www.facebook.com\/Carideal.mandataire.automobile\" \/>\n<meta property=\"article:author\" content=\"https:\/\/www.facebook.com\/nicolas.schiavon.39\" \/>\n<meta property=\"article:published_time\" content=\"2008-01-22T00:00:00+00:00\" \/>\n<meta property=\"article:modified_time\" content=\"2015-07-06T13:43:23+00:00\" \/>\n<meta property=\"og:image\" content=\"http:\/\/www.carideal.com\/images_actualite\/chevroletcorvettecorvettezr1carideal-1200988079.jpg\" \/>\n<meta name=\"author\" content=\"Nicolas SCHIAVON\" \/>\n<meta name=\"twitter:card\" content=\"summary_large_image\" \/>\n<meta name=\"twitter:creator\" content=\"@caridealauto\" \/>\n<meta name=\"twitter:site\" content=\"@caridealauto\" \/>\n<meta name=\"twitter:label1\" content=\"\u00c9crit par\" \/>\n\t<meta name=\"twitter:data1\" content=\"Nicolas SCHIAVON\" \/>\n\t<meta name=\"twitter:label2\" content=\"Dur\u00e9e de lecture estim\u00e9e\" \/>\n\t<meta name=\"twitter:data2\" content=\"1 minute\" \/>\n<script type=\"application\/ld+json\" class=\"yoast-schema-graph\">{\"@context\":\"https:\/\/schema.org\",\"@graph\":[{\"@type\":\"Article\",\"@id\":\"https:\/\/www.carideal.com\/blog\/2008\/01\/22\/nouvelle-corvette-zr-1\/#article\",\"isPartOf\":{\"@id\":\"https:\/\/www.carideal.com\/blog\/2008\/01\/22\/nouvelle-corvette-zr-1\/\"},\"author\":{\"name\":\"Nicolas SCHIAVON\",\"@id\":\"https:\/\/www.carideal.com\/blog\/#\/schema\/person\/cd95dc7919660de90d31b366f85be1ec\"},\"headline\":\"Nouvelle Corvette ZR1\",\"datePublished\":\"2008-01-22T00:00:00+00:00\",\"dateModified\":\"2015-07-06T13:43:23+00:00\",\"mainEntityOfPage\":{\"@id\":\"https:\/\/www.carideal.com\/blog\/2008\/01\/22\/nouvelle-corvette-zr-1\/\"},\"wordCount\":124,\"commentCount\":0,\"publisher\":{\"@id\":\"https:\/\/www.carideal.com\/blog\/#organization\"},\"image\":{\"@id\":\"https:\/\/www.carideal.com\/blog\/2008\/01\/22\/nouvelle-corvette-zr-1\/#primaryimage\"},\"thumbnailUrl\":\"http:\/\/www.carideal.com\/images_actualite\/chevroletcorvettecorvettezr1carideal-1200988079.jpg\",\"articleSection\":[\"Actualit\u00e9 automobile\"],\"inLanguage\":\"fr-FR\",\"potentialAction\":[{\"@type\":\"CommentAction\",\"name\":\"Comment\",\"target\":[\"https:\/\/www.carideal.com\/blog\/2008\/01\/22\/nouvelle-corvette-zr-1\/#respond\"]}]},{\"@type\":\"WebPage\",\"@id\":\"https:\/\/www.carideal.com\/blog\/2008\/01\/22\/nouvelle-corvette-zr-1\/\",\"url\":\"https:\/\/www.carideal.com\/blog\/2008\/01\/22\/nouvelle-corvette-zr-1\/\",\"name\":\"Nouvelle Corvette ZR1 - Blog auto Carid\u00e9al\",\"isPartOf\":{\"@id\":\"https:\/\/www.carideal.com\/blog\/#website\"},\"primaryImageOfPage\":{\"@id\":\"https:\/\/www.carideal.com\/blog\/2008\/01\/22\/nouvelle-corvette-zr-1\/#primaryimage\"},\"image\":{\"@id\":\"https:\/\/www.carideal.com\/blog\/2008\/01\/22\/nouvelle-corvette-zr-1\/#primaryimage\"},\"thumbnailUrl\":\"http:\/\/www.carideal.com\/images_actualite\/chevroletcorvettecorvettezr1carideal-1200988079.jpg\",\"datePublished\":\"2008-01-22T00:00:00+00:00\",\"dateModified\":\"2015-07-06T13:43:23+00:00\",\"breadcrumb\":{\"@id\":\"https:\/\/www.carideal.com\/blog\/2008\/01\/22\/nouvelle-corvette-zr-1\/#breadcrumb\"},\"inLanguage\":\"fr-FR\",\"potentialAction\":[{\"@type\":\"ReadAction\",\"target\":[\"https:\/\/www.carideal.com\/blog\/2008\/01\/22\/nouvelle-corvette-zr-1\/\"]}]},{\"@type\":\"ImageObject\",\"inLanguage\":\"fr-FR\",\"@id\":\"https:\/\/www.carideal.com\/blog\/2008\/01\/22\/nouvelle-corvette-zr-1\/#primaryimage\",\"url\":\"http:\/\/www.carideal.com\/images_actualite\/chevroletcorvettecorvettezr1carideal-1200988079.jpg\",\"contentUrl\":\"http:\/\/www.carideal.com\/images_actualite\/chevroletcorvettecorvettezr1carideal-1200988079.jpg\"},{\"@type\":\"BreadcrumbList\",\"@id\":\"https:\/\/www.carideal.com\/blog\/2008\/01\/22\/nouvelle-corvette-zr-1\/#breadcrumb\",\"itemListElement\":[{\"@type\":\"ListItem\",\"position\":1,\"name\":\"Blog Carid\u00e9al\",\"item\":\"https:\/\/www.carideal.com\/blog\/\"},{\"@type\":\"ListItem\",\"position\":2,\"name\":\"Actualit\u00e9 automobile\",\"item\":\"https:\/\/www.carideal.com\/blog\/actualites-auto\/\"},{\"@type\":\"ListItem\",\"position\":3,\"name\":\"Nouvelle Corvette ZR1\"}]},{\"@type\":\"WebSite\",\"@id\":\"https:\/\/www.carideal.com\/blog\/#website\",\"url\":\"https:\/\/www.carideal.com\/blog\/\",\"name\":\"Blog auto Carid\u00e9al\",\"description\":\"Actualit\u00e9 auto par des passionn\u00e9s\",\"publisher\":{\"@id\":\"https:\/\/www.carideal.com\/blog\/#organization\"},\"potentialAction\":[{\"@type\":\"SearchAction\",\"target\":{\"@type\":\"EntryPoint\",\"urlTemplate\":\"https:\/\/www.carideal.com\/blog\/?s={search_term_string}\"},\"query-input\":{\"@type\":\"PropertyValueSpecification\",\"valueRequired\":true,\"valueName\":\"search_term_string\"}}],\"inLanguage\":\"fr-FR\"},{\"@type\":\"Organization\",\"@id\":\"https:\/\/www.carideal.com\/blog\/#organization\",\"name\":\"Carideal\",\"url\":\"https:\/\/www.carideal.com\/blog\/\",\"logo\":{\"@type\":\"ImageObject\",\"inLanguage\":\"fr-FR\",\"@id\":\"https:\/\/www.carideal.com\/blog\/#\/schema\/logo\/image\/\",\"url\":\"http:\/\/www.carideal.com\/blog\/wp-content\/uploads\/2016\/03\/logo-carideal-mandataire-automobile.png\",\"contentUrl\":\"http:\/\/www.carideal.com\/blog\/wp-content\/uploads\/2016\/03\/logo-carideal-mandataire-automobile.png\",\"width\":300,\"height\":300,\"caption\":\"Carideal\"},\"image\":{\"@id\":\"https:\/\/www.carideal.com\/blog\/#\/schema\/logo\/image\/\"},\"sameAs\":[\"https:\/\/www.facebook.com\/Carideal.mandataire.automobile\",\"https:\/\/x.com\/caridealauto\",\"https:\/\/www.instagram.com\/carideal1\/\",\"https:\/\/www.linkedin.com\/company\/carideal.com\",\"https:\/\/fr.pinterest.com\/schiavonsas\/\",\"https:\/\/www.youtube.com\/user\/caridealsas\"]},{\"@type\":\"Person\",\"@id\":\"https:\/\/www.carideal.com\/blog\/#\/schema\/person\/cd95dc7919660de90d31b366f85be1ec\",\"name\":\"Nicolas SCHIAVON\",\"image\":{\"@type\":\"ImageObject\",\"inLanguage\":\"fr-FR\",\"@id\":\"https:\/\/www.carideal.com\/blog\/#\/schema\/person\/image\/\",\"url\":\"https:\/\/secure.gravatar.com\/avatar\/c17e55009e671d92cc7f5dc837dc418a?s=96&r=g\",\"contentUrl\":\"https:\/\/secure.gravatar.com\/avatar\/c17e55009e671d92cc7f5dc837dc418a?s=96&r=g\",\"caption\":\"Nicolas SCHIAVON\"},\"description\":\"Nicolas Schiavon est tomb\u00e9 tout petit dans la marmite automobile. Ayant eu un garage de marque automobile, mandataire automobile de la premi\u00e8re heure d\u00e8s 1999. Nicolas a cr\u00e9\u00e9 ces premiers sites de vente de voiture et blog automobile d\u00e8s 1994. Carideal est n\u00e9 le 15 d\u00e9cembre 2000 de la volont\u00e9 de vendre des voitures d'occasions en ligne puis des voitures neuves. Il a pu essayer beaucoup de voitures tr\u00e8s diff\u00e9rentes et ayant eu personnellement quelques belles autos, Subaru Impreza, Mitsubishi Lancer Evo 7, Porsche 911, Ferrari Testarrossa, Audi RS3, RS4 et j'en passe...\",\"sameAs\":[\"http:\/\/www.carideal.com\",\"https:\/\/www.facebook.com\/nicolas.schiavon.39\",\"https:\/\/www.instagram.com\/carideal1\/\",\"https:\/\/www.linkedin.com\/in\/nschiavon\/\",\"https:\/\/x.com\/caridealauto\",\"https:\/\/www.youtube.com\/user\/caridealsas\/\"],\"url\":\"https:\/\/www.carideal.com\/blog\/author\/nschiavon\/\"}]}<\/script>\n<!-- \/ Yoast SEO plugin. -->","yoast_head_json":{"title":"Nouvelle Corvette ZR1 - Blog auto Carid\u00e9al","robots":{"index":"index","follow":"follow","max-snippet":"max-snippet:-1","max-image-preview":"max-image-preview:large","max-video-preview":"max-video-preview:-1"},"canonical":"https:\/\/www.carideal.com\/blog\/2008\/01\/22\/nouvelle-corvette-zr-1\/","og_locale":"fr_FR","og_type":"article","og_title":"Nouvelle Corvette ZR1 - Blog auto Carid\u00e9al","og_description":"Chevrollet corvette ZR1 La corvette ZR1 affolle les compteurs Le moteur supercharged de la Corvette ZR1 NOUVELLE CORVETTE ZR-1 &nbsp; Les am\u00e9ricains s'\u00e9nervent ! Ils veulent reconqu\u00e9rir une certaine image de l'automobile du r\u00e8ve am\u00e9ricain. Apr\u00e8s la C6 et son V8 de 6 litres de cylindr\u00e9 et 400 ch, apr\u00e8s la Z06 de 7 litres ... Lire plus","og_url":"https:\/\/www.carideal.com\/blog\/2008\/01\/22\/nouvelle-corvette-zr-1\/","og_site_name":"Blog auto Carid\u00e9al","article_publisher":"https:\/\/www.facebook.com\/Carideal.mandataire.automobile","article_author":"https:\/\/www.facebook.com\/nicolas.schiavon.39","article_published_time":"2008-01-22T00:00:00+00:00","article_modified_time":"2015-07-06T13:43:23+00:00","og_image":[{"url":"http:\/\/www.carideal.com\/images_actualite\/chevroletcorvettecorvettezr1carideal-1200988079.jpg","type":"","width":"","height":""}],"author":"Nicolas SCHIAVON","twitter_card":"summary_large_image","twitter_creator":"@caridealauto","twitter_site":"@caridealauto","twitter_misc":{"\u00c9crit par":"Nicolas SCHIAVON","Dur\u00e9e de lecture estim\u00e9e":"1 minute"},"schema":{"@context":"https:\/\/schema.org","@graph":[{"@type":"Article","@id":"https:\/\/www.carideal.com\/blog\/2008\/01\/22\/nouvelle-corvette-zr-1\/#article","isPartOf":{"@id":"https:\/\/www.carideal.com\/blog\/2008\/01\/22\/nouvelle-corvette-zr-1\/"},"author":{"name":"Nicolas SCHIAVON","@id":"https:\/\/www.carideal.com\/blog\/#\/schema\/person\/cd95dc7919660de90d31b366f85be1ec"},"headline":"Nouvelle Corvette ZR1","datePublished":"2008-01-22T00:00:00+00:00","dateModified":"2015-07-06T13:43:23+00:00","mainEntityOfPage":{"@id":"https:\/\/www.carideal.com\/blog\/2008\/01\/22\/nouvelle-corvette-zr-1\/"},"wordCount":124,"commentCount":0,"publisher":{"@id":"https:\/\/www.carideal.com\/blog\/#organization"},"image":{"@id":"https:\/\/www.carideal.com\/blog\/2008\/01\/22\/nouvelle-corvette-zr-1\/#primaryimage"},"thumbnailUrl":"http:\/\/www.carideal.com\/images_actualite\/chevroletcorvettecorvettezr1carideal-1200988079.jpg","articleSection":["Actualit\u00e9 automobile"],"inLanguage":"fr-FR","potentialAction":[{"@type":"CommentAction","name":"Comment","target":["https:\/\/www.carideal.com\/blog\/2008\/01\/22\/nouvelle-corvette-zr-1\/#respond"]}]},{"@type":"WebPage","@id":"https:\/\/www.carideal.com\/blog\/2008\/01\/22\/nouvelle-corvette-zr-1\/","url":"https:\/\/www.carideal.com\/blog\/2008\/01\/22\/nouvelle-corvette-zr-1\/","name":"Nouvelle Corvette ZR1 - Blog auto Carid\u00e9al","isPartOf":{"@id":"https:\/\/www.carideal.com\/blog\/#website"},"primaryImageOfPage":{"@id":"https:\/\/www.carideal.com\/blog\/2008\/01\/22\/nouvelle-corvette-zr-1\/#primaryimage"},"image":{"@id":"https:\/\/www.carideal.com\/blog\/2008\/01\/22\/nouvelle-corvette-zr-1\/#primaryimage"},"thumbnailUrl":"http:\/\/www.carideal.com\/images_actualite\/chevroletcorvettecorvettezr1carideal-1200988079.jpg","datePublished":"2008-01-22T00:00:00+00:00","dateModified":"2015-07-06T13:43:23+00:00","breadcrumb":{"@id":"https:\/\/www.carideal.com\/blog\/2008\/01\/22\/nouvelle-corvette-zr-1\/#breadcrumb"},"inLanguage":"fr-FR","potentialAction":[{"@type":"ReadAction","target":["https:\/\/www.carideal.com\/blog\/2008\/01\/22\/nouvelle-corvette-zr-1\/"]}]},{"@type":"ImageObject","inLanguage":"fr-FR","@id":"https:\/\/www.carideal.com\/blog\/2008\/01\/22\/nouvelle-corvette-zr-1\/#primaryimage","url":"http:\/\/www.carideal.com\/images_actualite\/chevroletcorvettecorvettezr1carideal-1200988079.jpg","contentUrl":"http:\/\/www.carideal.com\/images_actualite\/chevroletcorvettecorvettezr1carideal-1200988079.jpg"},{"@type":"BreadcrumbList","@id":"https:\/\/www.carideal.com\/blog\/2008\/01\/22\/nouvelle-corvette-zr-1\/#breadcrumb","itemListElement":[{"@type":"ListItem","position":1,"name":"Blog Carid\u00e9al","item":"https:\/\/www.carideal.com\/blog\/"},{"@type":"ListItem","position":2,"name":"Actualit\u00e9 automobile","item":"https:\/\/www.carideal.com\/blog\/actualites-auto\/"},{"@type":"ListItem","position":3,"name":"Nouvelle Corvette ZR1"}]},{"@type":"WebSite","@id":"https:\/\/www.carideal.com\/blog\/#website","url":"https:\/\/www.carideal.com\/blog\/","name":"Blog auto Carid\u00e9al","description":"Actualit\u00e9 auto par des passionn\u00e9s","publisher":{"@id":"https:\/\/www.carideal.com\/blog\/#organization"},"potentialAction":[{"@type":"SearchAction","target":{"@type":"EntryPoint","urlTemplate":"https:\/\/www.carideal.com\/blog\/?s={search_term_string}"},"query-input":{"@type":"PropertyValueSpecification","valueRequired":true,"valueName":"search_term_string"}}],"inLanguage":"fr-FR"},{"@type":"Organization","@id":"https:\/\/www.carideal.com\/blog\/#organization","name":"Carideal","url":"https:\/\/www.carideal.com\/blog\/","logo":{"@type":"ImageObject","inLanguage":"fr-FR","@id":"https:\/\/www.carideal.com\/blog\/#\/schema\/logo\/image\/","url":"http:\/\/www.carideal.com\/blog\/wp-content\/uploads\/2016\/03\/logo-carideal-mandataire-automobile.png","contentUrl":"http:\/\/www.carideal.com\/blog\/wp-content\/uploads\/2016\/03\/logo-carideal-mandataire-automobile.png","width":300,"height":300,"caption":"Carideal"},"image":{"@id":"https:\/\/www.carideal.com\/blog\/#\/schema\/logo\/image\/"},"sameAs":["https:\/\/www.facebook.com\/Carideal.mandataire.automobile","https:\/\/x.com\/caridealauto","https:\/\/www.instagram.com\/carideal1\/","https:\/\/www.linkedin.com\/company\/carideal.com","https:\/\/fr.pinterest.com\/schiavonsas\/","https:\/\/www.youtube.com\/user\/caridealsas"]},{"@type":"Person","@id":"https:\/\/www.carideal.com\/blog\/#\/schema\/person\/cd95dc7919660de90d31b366f85be1ec","name":"Nicolas SCHIAVON","image":{"@type":"ImageObject","inLanguage":"fr-FR","@id":"https:\/\/www.carideal.com\/blog\/#\/schema\/person\/image\/","url":"https:\/\/secure.gravatar.com\/avatar\/c17e55009e671d92cc7f5dc837dc418a?s=96&r=g","contentUrl":"https:\/\/secure.gravatar.com\/avatar\/c17e55009e671d92cc7f5dc837dc418a?s=96&r=g","caption":"Nicolas SCHIAVON"},"description":"Nicolas Schiavon est tomb\u00e9 tout petit dans la marmite automobile. Ayant eu un garage de marque automobile, mandataire automobile de la premi\u00e8re heure d\u00e8s 1999. Nicolas a cr\u00e9\u00e9 ces premiers sites de vente de voiture et blog automobile d\u00e8s 1994. Carideal est n\u00e9 le 15 d\u00e9cembre 2000 de la volont\u00e9 de vendre des voitures d'occasions en ligne puis des voitures neuves. Il a pu essayer beaucoup de voitures tr\u00e8s diff\u00e9rentes et ayant eu personnellement quelques belles autos, Subaru Impreza, Mitsubishi Lancer Evo 7, Porsche 911, Ferrari Testarrossa, Audi RS3, RS4 et j'en passe...","sameAs":["http:\/\/www.carideal.com","https:\/\/www.facebook.com\/nicolas.schiavon.39","https:\/\/www.instagram.com\/carideal1\/","https:\/\/www.linkedin.com\/in\/nschiavon\/","https:\/\/x.com\/caridealauto","https:\/\/www.youtube.com\/user\/caridealsas\/"],"url":"https:\/\/www.carideal.com\/blog\/author\/nschiavon\/"}]}},"uagb_featured_image_src":{"full":false,"thumbnail":false,"medium":false,"medium_large":false,"large":false,"1536x1536":false,"2048x2048":false,"wppr-widget":false},"uagb_author_info":{"display_name":"Nicolas SCHIAVON","author_link":"https:\/\/www.carideal.com\/blog\/author\/nschiavon\/"},"uagb_comment_info":0,"uagb_excerpt":"Chevrollet corvette ZR1 La corvette ZR1 affolle les compteurs Le moteur supercharged de la Corvette ZR1 NOUVELLE CORVETTE ZR-1 &nbsp; Les am\u00e9ricains s'\u00e9nervent ! Ils veulent reconqu\u00e9rir une certaine image de l'automobile du r\u00e8ve am\u00e9ricain. Apr\u00e8s la C6 et son V8 de 6 litres de cylindr\u00e9 et 400 ch, apr\u00e8s la Z06 de 7 litres\u2026","_links":{"self":[{"href":"https:\/\/www.carideal.com\/blog\/wp-json\/wp\/v2\/posts\/4606"}],"collection":[{"href":"https:\/\/www.carideal.com\/blog\/wp-json\/wp\/v2\/posts"}],"about":[{"href":"https:\/\/www.carideal.com\/blog\/wp-json\/wp\/v2\/types\/post"}],"author":[{"embeddable":true,"href":"https:\/\/www.carideal.com\/blog\/wp-json\/wp\/v2\/users\/3"}],"replies":[{"embeddable":true,"href":"https:\/\/www.carideal.com\/blog\/wp-json\/wp\/v2\/comments?post=4606"}],"version-history":[{"count":0,"href":"https:\/\/www.carideal.com\/blog\/wp-json\/wp\/v2\/posts\/4606\/revisions"}],"wp:attachment":[{"href":"https:\/\/www.carideal.com\/blog\/wp-json\/wp\/v2\/media?parent=4606"}],"wp:term":[{"taxonomy":"category","embeddable":true,"href":"https:\/\/www.carideal.com\/blog\/wp-json\/wp\/v2\/categories?post=4606"},{"taxonomy":"post_tag","embeddable":true,"href":"https:\/\/www.carideal.com\/blog\/wp-json\/wp\/v2\/tags?post=4606"}],"curies":[{"name":"wp","href":"https:\/\/api.w.org\/{rel}","templated":true}]}}