{"id":4600,"date":"2008-01-20T00:00:00","date_gmt":"2008-01-20T00:00:00","guid":{"rendered":"http:\/\/www.carideal.com\/blog\/2008\/01\/20\/les-pick-up-ne-sont-plus-a-la-fete\/"},"modified":"2020-03-07T22:40:29","modified_gmt":"2020-03-07T21:40:29","slug":"les-pick-up-ne-sont-plus-a-la-fete","status":"publish","type":"post","link":"https:\/\/www.carideal.com\/blog\/2008\/01\/20\/les-pick-up-ne-sont-plus-a-la-fete\/","title":{"rendered":"Les Pick-up ne ne se vendent plus"},"content":{"rendered":"<h1>LES PICK-UP NE SONT PLUS A LA FETE<\/h1>\n<p style=\"margin-bottom: 0cm;\">Le premier march\u00e9 pour les pick-up est les Etats Unis, pourtant leurs ventes ne cessent de baisser, \u00e0 un tel point que leurs constructeurs arr\u00e8tent la fabrication en Janvier. Gen\u00e9ral Motors, Chrysler et Ford voient leur vente continuellment baisser.<\/p>\n<p>R\u00e9capitulatif des ventes de pick-up de fin d'ann\u00e9e 2008<\/p>\n<figure id=\"attachment_17321\" aria-describedby=\"caption-attachment-17321\" style=\"width: 490px\" class=\"wp-caption alignnone\"><a href=\"http:\/\/www.carideal.com\/blog\/wp-content\/uploads\/2008\/01\/pickup-carideal-3.jpg\"><img loading=\"lazy\" decoding=\"async\" class=\"wp-image-17321 size-full\" title=\"Les Pick-up ne ne se vendent plus\" src=\"http:\/\/www.carideal.com\/blog\/wp-content\/uploads\/2008\/01\/pickup-carideal-3.jpg\" alt=\"Les Pick-up ne ne se vendent plus\" width=\"500\" height=\"301\" srcset=\"https:\/\/www.carideal.com\/blog\/wp-content\/uploads\/2008\/01\/pickup-carideal-3.jpg 500w, https:\/\/www.carideal.com\/blog\/wp-content\/uploads\/2008\/01\/pickup-carideal-3-300x181.jpg 300w, https:\/\/www.carideal.com\/blog\/wp-content\/uploads\/2008\/01\/pickup-carideal-3-50x30.jpg 50w, https:\/\/www.carideal.com\/blog\/wp-content\/uploads\/2008\/01\/pickup-carideal-3-110x66.jpg 110w, https:\/\/www.carideal.com\/blog\/wp-content\/uploads\/2008\/01\/pickup-carideal-3-420x253.jpg 420w\" sizes=\"(max-width: 500px) 100vw, 500px\" \/><\/a><figcaption id=\"caption-attachment-17321\" class=\"wp-caption-text\">Les Pick-up ne ne se vendent plus<\/figcaption><\/figure>\n<p>Nous savions que \u00e7a n'allait pas \u00eatre joli. Les chiffres sont en 2008 pour les ventes automobiles am\u00e9ricaines et les camionnettes ont \u00e9t\u00e9 particuli\u00e8rement touch\u00e9es, atteignant leurs niveaux de ventes les plus bas depuis plus de dix ans. Selon le Wall Street Journal, les ventes de voitures aux \u00c9tats-Unis ont baiss\u00e9 de 18% en 2008, pour atteindre 13,24 millions de v\u00e9hicules, soit le chiffre le plus bas depuis 1992. De ce chiffre, 2 millions ont chut\u00e9 de 26,5% contre 2,73 millions en 2007.<\/p>\n<p>Les prix \u00e9lev\u00e9s du carburant ont chass\u00e9 les acheteurs occasionnels de gros pick-up au premier semestre et les march\u00e9s bris\u00e9s du logement et du cr\u00e9dit ont emp\u00each\u00e9 les acheteurs de pick-up d'acheter de nouveaux pick-up pour remplacer leurs anciens v\u00e9hicules.<\/p>\n<p>Malgr\u00e9 la baisse des ventes la plus importante depuis des d\u00e9cennies, certaines choses n\u2019ont pas chang\u00e9. Les Ford F-Series et Chevrolet Silverado ont continu\u00e9 d\u2019occuper les deux premi\u00e8res positions de ventes parmi toutes les voitures et tous les pick-up ont les m\u00eames places qu\u2019au cours de l\u2019ann\u00e9e derni\u00e8re - en battant les Toyota Camry, Honda Accord et Toyota Corolla . La Dodge Ram a termin\u00e9 huiti\u00e8me.<\/p>\n<p>Un changement sans pr\u00e9c\u00e9dent l'an dernier : pour la premi\u00e8re fois, Chrysler a c\u00e9d\u00e9 la troisi\u00e8me place, derri\u00e8re GM et Ford, \u00e0 Toyota pour l'ensemble des ventes de pick-up (compact \/ interm\u00e9diaire et pleine grandeur), marquant ainsi la premi\u00e8re fois qu'une marque import\u00e9e prenne cette place.<\/p>\n<figure id=\"attachment_17320\" aria-describedby=\"caption-attachment-17320\" style=\"width: 470px\" class=\"wp-caption alignnone\"><a href=\"http:\/\/www.carideal.com\/blog\/wp-content\/uploads\/2008\/01\/pickup-carideal-2.jpg\"><img loading=\"lazy\" decoding=\"async\" class=\"wp-image-17320 size-full\" src=\"http:\/\/www.carideal.com\/blog\/wp-content\/uploads\/2008\/01\/pickup-carideal-2.jpg\" alt=\"Les Pick-up am\u00e9ricains ne ne se vendent plus\" width=\"480\" height=\"319\" srcset=\"https:\/\/www.carideal.com\/blog\/wp-content\/uploads\/2008\/01\/pickup-carideal-2.jpg 480w, https:\/\/www.carideal.com\/blog\/wp-content\/uploads\/2008\/01\/pickup-carideal-2-300x199.jpg 300w, https:\/\/www.carideal.com\/blog\/wp-content\/uploads\/2008\/01\/pickup-carideal-2-50x33.jpg 50w, https:\/\/www.carideal.com\/blog\/wp-content\/uploads\/2008\/01\/pickup-carideal-2-110x73.jpg 110w, https:\/\/www.carideal.com\/blog\/wp-content\/uploads\/2008\/01\/pickup-carideal-2-420x279.jpg 420w, https:\/\/www.carideal.com\/blog\/wp-content\/uploads\/2008\/01\/pickup-carideal-2-272x182.jpg 272w\" sizes=\"(max-width: 480px) 100vw, 480px\" \/><\/a><figcaption id=\"caption-attachment-17320\" class=\"wp-caption-text\">Les Pick-up am\u00e9ricains ne ne se vendent plus<\/figcaption><\/figure>\n<h2>Les gros pick-up<\/h2>\n<p>Gagnants: Chevrolet, <a href=\"http:\/\/www.carideal.com\/blog\/marque-de-voiture-actualites-essais\/ford\/\">Ford<\/a>, GMC<br \/>\nLes perdants: Dodge, Nissan, Toyota<\/p>\n<p>Parmi les plus gros pick-up, le total des ventes de v\u00e9hicules l\u00e9gers et lourds en 2008 \u00e9tait de 1,61 million d\u2019unit\u00e9s, en baisse de 27,1% par rapport aux 2,21 millions de pick-up vendus en 2007 et le pic de 2004 (2,56 millions). Ce chiffre exclut le <a href=\"http:\/\/www.carideal.com\/blog\/2008\/08\/14\/general-motors-veut-revendre-hummer\/\">Hummer<\/a> H2 SUT, que GM ne sort pas du total des ventes de H2.<\/p>\n<p>GM a vendu 673 334 camionnettes pleine grandeur en 2008, soit 24,4% de moins que l\u2019an dernier. Ce nombre comprend 633 609 Chevrolet Silverado et GMC Sierra GMT900 traditionnels, 39 712 Chevrolet Avalanche et Cadillac Escalade EXT GMT940, et 13 roadsters Chevrolet SSD (un camion de taille moyenne, mais son impact dans les deux cat\u00e9gories est marginal). .<\/p>\n<p>Le faible volume de ventes de GM masque une bonne nouvelle: un gain de 1,5% de la part de march\u00e9 des gros pick-up. GM repr\u00e9sentait 41,8% de ce march\u00e9 en 2008, sa plus grande part depuis 2002. Cette ann\u00e9e, les nouveaux pick-up l\u00e9gers Ford F-150 et Dodge Ram 1500 2009 ont fait leurs d\u00e9buts.<\/p>\n<p>La Ford F-Series a termin\u00e9 2008 en tant que v\u00e9hicule le plus vendu au Etats-Unis pour la 32e ann\u00e9e cons\u00e9cutive, avec des ventes de 515 513 unit\u00e9s. Combin\u00e9e \u00e0 la Lincoln Mark LT abandonn\u00e9e, Ford a vendu 520 144 pick-up de grosse taille, soit 32,3% du segment.<\/p>\n<p>\u00c0 l'instar de GM, Ford a \u00e9galement augment\u00e9 sa part de march\u00e9 de 0,7% par rapport \u00e0 2007. Malgr\u00e9 cette am\u00e9lioration, le volume total des ventes de v\u00e9hicules l\u00e9gers et lourds a diminu\u00e9 de 178 827 unit\u00e9s, soit 25,6%.<\/p>\n<p>Chrysler a \u00e9t\u00e9 le seul constructeur de pick-up national \u00e0 voir \u00e0 la fois une diminution du volume des ventes et des parts de march\u00e9 l\u2019an dernier. Le nouveau Dodge Ram l\u00e9ger n'a pas r\u00e9ussi \u00e0 faire baisser le chiffre d'affaires de 31,4% de la soci\u00e9t\u00e9, passant de 358 295 \u00e0 245 840 unit\u00e9s. La part de march\u00e9 a recul\u00e9 de presque un point de pourcentage pour atteindre 15,26%, soit la plus faible part de march\u00e9 enregistr\u00e9e par le Ram depuis 2001.<\/p>\n<p>Toyota avait de grands projets pour le Tundra actuel. Il \u00e9tait pr\u00e9vu de vendre 200 000 unit\u00e9s par an ou plus lors de sa mise en vente en 2007. Aujourd'hui, cette cible est une m\u00e9moire qui s'estompe. Le Tundra a rat\u00e9 son objectif de vente de plus de 60 000 unit\u00e9s en 2008, en baisse de 30,2% par rapport \u00e0 2007. En fait, le dernier Tundra a d\u00e9pass\u00e9 les ventes de pointe de la g\u00e9n\u00e9ration pr\u00e9c\u00e9dente, en 2005, par seulement 10 720 camions. La part de march\u00e9 de Toyota d\u2019une ann\u00e9e sur l\u2019autre a diminu\u00e9 de 0,37% \u00e0 8,52%. Nous nous demandons combien de clients de Tundra en 2008 \u00e9taient des acheteurs occasionnels par rapport aux acheteurs de camions principaux.<\/p>\n<p><a href=\"http:\/\/www.carideal.com\/blog\/marque-de-voiture-actualites-essais\/toyota\/\">Toyota<\/a> peut se consoler, cependant, ce n'est pas le cas de\u00a0<a href=\"http:\/\/www.carideal.com\/blog\/marque-de-voiture-actualites-essais\/nissan\/\">Nissan<\/a>. Le Nissan Titan - le plus vieux pick-up sur le march\u00e9 dans sa conception actuelle - a vu ses ventes chuter de pr\u00e8s de 50%. Le Titan a \u00e9galement c\u00e9d\u00e9 presque un point complet de part de march\u00e9, passant de 2,98% du march\u00e9 complet \u00e0 2,11%.<\/p>\n","protected":false},"excerpt":{"rendered":"<p>LES PICK-UP NE SONT PLUS A LA FETE Le premier march\u00e9 pour les pick-up est les Etats Unis, pourtant leurs ventes ne cessent de baisser, \u00e0 un tel point que leurs constructeurs arr\u00e8tent la fabrication en Janvier. Gen\u00e9ral Motors, Chrysler et Ford voient leur vente continuellment baisser. R\u00e9capitulatif des ventes de pick-up de fin d&rsquo;ann\u00e9e &#8230; <a title=\"Les Pick-up ne ne se vendent plus\" class=\"read-more\" href=\"https:\/\/www.carideal.com\/blog\/2008\/01\/20\/les-pick-up-ne-sont-plus-a-la-fete\/\" aria-label=\"En savoir plus sur Les Pick-up ne ne se vendent plus\">Lire plus<\/a><\/p>\n","protected":false},"author":3,"featured_media":17319,"comment_status":"open","ping_status":"open","sticky":false,"template":"","format":"standard","meta":{"_uag_custom_page_level_css":"","_themeisle_gutenberg_block_has_review":false,"footnotes":""},"categories":[21,5944,3,6163,5974],"tags":[],"class_list":["post-4600","post","type-post","status-publish","format-standard","has-post-thumbnail","hentry","category-actualites-auto","category-constructeur","category-actualites-financieres","category-pick-up","category-type-de-vehicule"],"wppr_data":{"cwp_meta_box_check":"No"},"yoast_head":"<!-- This site is optimized with the Yoast SEO plugin v24.8.1 - https:\/\/yoast.com\/wordpress\/plugins\/seo\/ -->\n<title>Les Pick-up ne ne se vendent plus - Blog auto Carid\u00e9al<\/title>\n<meta name=\"description\" content=\"A cause de la crise automobile, de l&#039;immobilier et des cr\u00e9dits Les Pick-up ne ne se vendent plus. Non seulement aux Etats-Unis mais en France aussi.\" \/>\n<meta name=\"robots\" content=\"index, follow, max-snippet:-1, max-image-preview:large, max-video-preview:-1\" \/>\n<link rel=\"canonical\" href=\"https:\/\/www.carideal.com\/blog\/2008\/01\/20\/les-pick-up-ne-sont-plus-a-la-fete\/\" \/>\n<meta property=\"og:locale\" content=\"fr_FR\" \/>\n<meta property=\"og:type\" content=\"article\" \/>\n<meta property=\"og:title\" content=\"Les Pick-up ne ne se vendent plus - Blog auto Carid\u00e9al\" \/>\n<meta property=\"og:description\" content=\"A cause de la crise automobile, de l&#039;immobilier et des cr\u00e9dits Les Pick-up ne ne se vendent plus. Non seulement aux Etats-Unis mais en France aussi.\" \/>\n<meta property=\"og:url\" content=\"https:\/\/www.carideal.com\/blog\/2008\/01\/20\/les-pick-up-ne-sont-plus-a-la-fete\/\" \/>\n<meta property=\"og:site_name\" content=\"Blog auto Carid\u00e9al\" \/>\n<meta property=\"article:publisher\" content=\"https:\/\/www.facebook.com\/Carideal.mandataire.automobile\" \/>\n<meta property=\"article:author\" content=\"https:\/\/www.facebook.com\/nicolas.schiavon.39\" \/>\n<meta property=\"article:published_time\" content=\"2008-01-20T00:00:00+00:00\" \/>\n<meta property=\"article:modified_time\" content=\"2020-03-07T21:40:29+00:00\" \/>\n<meta property=\"og:image\" content=\"https:\/\/www.carideal.com\/blog\/wp-content\/uploads\/2008\/01\/pickup-carideal.jpg\" \/>\n\t<meta property=\"og:image:width\" content=\"800\" \/>\n\t<meta property=\"og:image:height\" content=\"533\" \/>\n\t<meta property=\"og:image:type\" content=\"image\/jpeg\" \/>\n<meta name=\"author\" content=\"Nicolas SCHIAVON\" \/>\n<meta name=\"twitter:card\" content=\"summary_large_image\" \/>\n<meta name=\"twitter:creator\" content=\"@caridealauto\" \/>\n<meta name=\"twitter:site\" content=\"@caridealauto\" \/>\n<meta name=\"twitter:label1\" content=\"\u00c9crit par\" \/>\n\t<meta name=\"twitter:data1\" content=\"Nicolas SCHIAVON\" \/>\n\t<meta name=\"twitter:label2\" content=\"Dur\u00e9e de lecture estim\u00e9e\" \/>\n\t<meta name=\"twitter:data2\" content=\"4 minutes\" \/>\n<script type=\"application\/ld+json\" class=\"yoast-schema-graph\">{\"@context\":\"https:\/\/schema.org\",\"@graph\":[{\"@type\":\"Article\",\"@id\":\"https:\/\/www.carideal.com\/blog\/2008\/01\/20\/les-pick-up-ne-sont-plus-a-la-fete\/#article\",\"isPartOf\":{\"@id\":\"https:\/\/www.carideal.com\/blog\/2008\/01\/20\/les-pick-up-ne-sont-plus-a-la-fete\/\"},\"author\":{\"name\":\"Nicolas SCHIAVON\",\"@id\":\"https:\/\/www.carideal.com\/blog\/#\/schema\/person\/cd95dc7919660de90d31b366f85be1ec\"},\"headline\":\"Les Pick-up ne ne se vendent plus\",\"datePublished\":\"2008-01-20T00:00:00+00:00\",\"dateModified\":\"2020-03-07T21:40:29+00:00\",\"mainEntityOfPage\":{\"@id\":\"https:\/\/www.carideal.com\/blog\/2008\/01\/20\/les-pick-up-ne-sont-plus-a-la-fete\/\"},\"wordCount\":848,\"commentCount\":0,\"publisher\":{\"@id\":\"https:\/\/www.carideal.com\/blog\/#organization\"},\"image\":{\"@id\":\"https:\/\/www.carideal.com\/blog\/2008\/01\/20\/les-pick-up-ne-sont-plus-a-la-fete\/#primaryimage\"},\"thumbnailUrl\":\"https:\/\/www.carideal.com\/blog\/wp-content\/uploads\/2008\/01\/pickup-carideal.jpg\",\"articleSection\":[\"Actualit\u00e9 automobile\",\"Actualit\u00e9 Constructeur automobile\",\"Actualit\u00e9 Financi\u00e8re\",\"pick-up\",\"Type de v\u00e9hicule\"],\"inLanguage\":\"fr-FR\",\"potentialAction\":[{\"@type\":\"CommentAction\",\"name\":\"Comment\",\"target\":[\"https:\/\/www.carideal.com\/blog\/2008\/01\/20\/les-pick-up-ne-sont-plus-a-la-fete\/#respond\"]}]},{\"@type\":\"WebPage\",\"@id\":\"https:\/\/www.carideal.com\/blog\/2008\/01\/20\/les-pick-up-ne-sont-plus-a-la-fete\/\",\"url\":\"https:\/\/www.carideal.com\/blog\/2008\/01\/20\/les-pick-up-ne-sont-plus-a-la-fete\/\",\"name\":\"Les Pick-up ne ne se vendent plus - Blog auto Carid\u00e9al\",\"isPartOf\":{\"@id\":\"https:\/\/www.carideal.com\/blog\/#website\"},\"primaryImageOfPage\":{\"@id\":\"https:\/\/www.carideal.com\/blog\/2008\/01\/20\/les-pick-up-ne-sont-plus-a-la-fete\/#primaryimage\"},\"image\":{\"@id\":\"https:\/\/www.carideal.com\/blog\/2008\/01\/20\/les-pick-up-ne-sont-plus-a-la-fete\/#primaryimage\"},\"thumbnailUrl\":\"https:\/\/www.carideal.com\/blog\/wp-content\/uploads\/2008\/01\/pickup-carideal.jpg\",\"datePublished\":\"2008-01-20T00:00:00+00:00\",\"dateModified\":\"2020-03-07T21:40:29+00:00\",\"description\":\"A cause de la crise automobile, de l'immobilier et des cr\u00e9dits Les Pick-up ne ne se vendent plus. Non seulement aux Etats-Unis mais en France aussi.\",\"breadcrumb\":{\"@id\":\"https:\/\/www.carideal.com\/blog\/2008\/01\/20\/les-pick-up-ne-sont-plus-a-la-fete\/#breadcrumb\"},\"inLanguage\":\"fr-FR\",\"potentialAction\":[{\"@type\":\"ReadAction\",\"target\":[\"https:\/\/www.carideal.com\/blog\/2008\/01\/20\/les-pick-up-ne-sont-plus-a-la-fete\/\"]}]},{\"@type\":\"ImageObject\",\"inLanguage\":\"fr-FR\",\"@id\":\"https:\/\/www.carideal.com\/blog\/2008\/01\/20\/les-pick-up-ne-sont-plus-a-la-fete\/#primaryimage\",\"url\":\"https:\/\/www.carideal.com\/blog\/wp-content\/uploads\/2008\/01\/pickup-carideal.jpg\",\"contentUrl\":\"https:\/\/www.carideal.com\/blog\/wp-content\/uploads\/2008\/01\/pickup-carideal.jpg\",\"width\":800,\"height\":533,\"caption\":\"Les Pick-up ne ne se vendent plus\"},{\"@type\":\"BreadcrumbList\",\"@id\":\"https:\/\/www.carideal.com\/blog\/2008\/01\/20\/les-pick-up-ne-sont-plus-a-la-fete\/#breadcrumb\",\"itemListElement\":[{\"@type\":\"ListItem\",\"position\":1,\"name\":\"Blog Carid\u00e9al\",\"item\":\"https:\/\/www.carideal.com\/blog\/\"},{\"@type\":\"ListItem\",\"position\":2,\"name\":\"Actualit\u00e9 automobile\",\"item\":\"https:\/\/www.carideal.com\/blog\/actualites-auto\/\"},{\"@type\":\"ListItem\",\"position\":3,\"name\":\"Les Pick-up ne ne se vendent plus\"}]},{\"@type\":\"WebSite\",\"@id\":\"https:\/\/www.carideal.com\/blog\/#website\",\"url\":\"https:\/\/www.carideal.com\/blog\/\",\"name\":\"Blog auto Carid\u00e9al\",\"description\":\"Actualit\u00e9 auto par des passionn\u00e9s\",\"publisher\":{\"@id\":\"https:\/\/www.carideal.com\/blog\/#organization\"},\"potentialAction\":[{\"@type\":\"SearchAction\",\"target\":{\"@type\":\"EntryPoint\",\"urlTemplate\":\"https:\/\/www.carideal.com\/blog\/?s={search_term_string}\"},\"query-input\":{\"@type\":\"PropertyValueSpecification\",\"valueRequired\":true,\"valueName\":\"search_term_string\"}}],\"inLanguage\":\"fr-FR\"},{\"@type\":\"Organization\",\"@id\":\"https:\/\/www.carideal.com\/blog\/#organization\",\"name\":\"Carideal\",\"url\":\"https:\/\/www.carideal.com\/blog\/\",\"logo\":{\"@type\":\"ImageObject\",\"inLanguage\":\"fr-FR\",\"@id\":\"https:\/\/www.carideal.com\/blog\/#\/schema\/logo\/image\/\",\"url\":\"http:\/\/www.carideal.com\/blog\/wp-content\/uploads\/2016\/03\/logo-carideal-mandataire-automobile.png\",\"contentUrl\":\"http:\/\/www.carideal.com\/blog\/wp-content\/uploads\/2016\/03\/logo-carideal-mandataire-automobile.png\",\"width\":300,\"height\":300,\"caption\":\"Carideal\"},\"image\":{\"@id\":\"https:\/\/www.carideal.com\/blog\/#\/schema\/logo\/image\/\"},\"sameAs\":[\"https:\/\/www.facebook.com\/Carideal.mandataire.automobile\",\"https:\/\/x.com\/caridealauto\",\"https:\/\/www.instagram.com\/carideal1\/\",\"https:\/\/www.linkedin.com\/company\/carideal.com\",\"https:\/\/fr.pinterest.com\/schiavonsas\/\",\"https:\/\/www.youtube.com\/user\/caridealsas\"]},{\"@type\":\"Person\",\"@id\":\"https:\/\/www.carideal.com\/blog\/#\/schema\/person\/cd95dc7919660de90d31b366f85be1ec\",\"name\":\"Nicolas SCHIAVON\",\"image\":{\"@type\":\"ImageObject\",\"inLanguage\":\"fr-FR\",\"@id\":\"https:\/\/www.carideal.com\/blog\/#\/schema\/person\/image\/\",\"url\":\"https:\/\/secure.gravatar.com\/avatar\/c17e55009e671d92cc7f5dc837dc418a?s=96&r=g\",\"contentUrl\":\"https:\/\/secure.gravatar.com\/avatar\/c17e55009e671d92cc7f5dc837dc418a?s=96&r=g\",\"caption\":\"Nicolas SCHIAVON\"},\"description\":\"Nicolas Schiavon est tomb\u00e9 tout petit dans la marmite automobile. Ayant eu un garage de marque automobile, mandataire automobile de la premi\u00e8re heure d\u00e8s 1999. Nicolas a cr\u00e9\u00e9 ces premiers sites de vente de voiture et blog automobile d\u00e8s 1994. Carideal est n\u00e9 le 15 d\u00e9cembre 2000 de la volont\u00e9 de vendre des voitures d'occasions en ligne puis des voitures neuves. Il a pu essayer beaucoup de voitures tr\u00e8s diff\u00e9rentes et ayant eu personnellement quelques belles autos, Subaru Impreza, Mitsubishi Lancer Evo 7, Porsche 911, Ferrari Testarrossa, Audi RS3, RS4 et j'en passe...\",\"sameAs\":[\"http:\/\/www.carideal.com\",\"https:\/\/www.facebook.com\/nicolas.schiavon.39\",\"https:\/\/www.instagram.com\/carideal1\/\",\"https:\/\/www.linkedin.com\/in\/nschiavon\/\",\"https:\/\/x.com\/caridealauto\",\"https:\/\/www.youtube.com\/user\/caridealsas\/\"],\"url\":\"https:\/\/www.carideal.com\/blog\/author\/nschiavon\/\"}]}<\/script>\n<!-- \/ Yoast SEO plugin. -->","yoast_head_json":{"title":"Les Pick-up ne ne se vendent plus - Blog auto Carid\u00e9al","description":"A cause de la crise automobile, de l'immobilier et des cr\u00e9dits Les Pick-up ne ne se vendent plus. Non seulement aux Etats-Unis mais en France aussi.","robots":{"index":"index","follow":"follow","max-snippet":"max-snippet:-1","max-image-preview":"max-image-preview:large","max-video-preview":"max-video-preview:-1"},"canonical":"https:\/\/www.carideal.com\/blog\/2008\/01\/20\/les-pick-up-ne-sont-plus-a-la-fete\/","og_locale":"fr_FR","og_type":"article","og_title":"Les Pick-up ne ne se vendent plus - Blog auto Carid\u00e9al","og_description":"A cause de la crise automobile, de l'immobilier et des cr\u00e9dits Les Pick-up ne ne se vendent plus. Non seulement aux Etats-Unis mais en France aussi.","og_url":"https:\/\/www.carideal.com\/blog\/2008\/01\/20\/les-pick-up-ne-sont-plus-a-la-fete\/","og_site_name":"Blog auto Carid\u00e9al","article_publisher":"https:\/\/www.facebook.com\/Carideal.mandataire.automobile","article_author":"https:\/\/www.facebook.com\/nicolas.schiavon.39","article_published_time":"2008-01-20T00:00:00+00:00","article_modified_time":"2020-03-07T21:40:29+00:00","og_image":[{"width":800,"height":533,"url":"https:\/\/www.carideal.com\/blog\/wp-content\/uploads\/2008\/01\/pickup-carideal.jpg","type":"image\/jpeg"}],"author":"Nicolas SCHIAVON","twitter_card":"summary_large_image","twitter_creator":"@caridealauto","twitter_site":"@caridealauto","twitter_misc":{"\u00c9crit par":"Nicolas SCHIAVON","Dur\u00e9e de lecture estim\u00e9e":"4 minutes"},"schema":{"@context":"https:\/\/schema.org","@graph":[{"@type":"Article","@id":"https:\/\/www.carideal.com\/blog\/2008\/01\/20\/les-pick-up-ne-sont-plus-a-la-fete\/#article","isPartOf":{"@id":"https:\/\/www.carideal.com\/blog\/2008\/01\/20\/les-pick-up-ne-sont-plus-a-la-fete\/"},"author":{"name":"Nicolas SCHIAVON","@id":"https:\/\/www.carideal.com\/blog\/#\/schema\/person\/cd95dc7919660de90d31b366f85be1ec"},"headline":"Les Pick-up ne ne se vendent plus","datePublished":"2008-01-20T00:00:00+00:00","dateModified":"2020-03-07T21:40:29+00:00","mainEntityOfPage":{"@id":"https:\/\/www.carideal.com\/blog\/2008\/01\/20\/les-pick-up-ne-sont-plus-a-la-fete\/"},"wordCount":848,"commentCount":0,"publisher":{"@id":"https:\/\/www.carideal.com\/blog\/#organization"},"image":{"@id":"https:\/\/www.carideal.com\/blog\/2008\/01\/20\/les-pick-up-ne-sont-plus-a-la-fete\/#primaryimage"},"thumbnailUrl":"https:\/\/www.carideal.com\/blog\/wp-content\/uploads\/2008\/01\/pickup-carideal.jpg","articleSection":["Actualit\u00e9 automobile","Actualit\u00e9 Constructeur automobile","Actualit\u00e9 Financi\u00e8re","pick-up","Type de v\u00e9hicule"],"inLanguage":"fr-FR","potentialAction":[{"@type":"CommentAction","name":"Comment","target":["https:\/\/www.carideal.com\/blog\/2008\/01\/20\/les-pick-up-ne-sont-plus-a-la-fete\/#respond"]}]},{"@type":"WebPage","@id":"https:\/\/www.carideal.com\/blog\/2008\/01\/20\/les-pick-up-ne-sont-plus-a-la-fete\/","url":"https:\/\/www.carideal.com\/blog\/2008\/01\/20\/les-pick-up-ne-sont-plus-a-la-fete\/","name":"Les Pick-up ne ne se vendent plus - Blog auto Carid\u00e9al","isPartOf":{"@id":"https:\/\/www.carideal.com\/blog\/#website"},"primaryImageOfPage":{"@id":"https:\/\/www.carideal.com\/blog\/2008\/01\/20\/les-pick-up-ne-sont-plus-a-la-fete\/#primaryimage"},"image":{"@id":"https:\/\/www.carideal.com\/blog\/2008\/01\/20\/les-pick-up-ne-sont-plus-a-la-fete\/#primaryimage"},"thumbnailUrl":"https:\/\/www.carideal.com\/blog\/wp-content\/uploads\/2008\/01\/pickup-carideal.jpg","datePublished":"2008-01-20T00:00:00+00:00","dateModified":"2020-03-07T21:40:29+00:00","description":"A cause de la crise automobile, de l'immobilier et des cr\u00e9dits Les Pick-up ne ne se vendent plus. Non seulement aux Etats-Unis mais en France aussi.","breadcrumb":{"@id":"https:\/\/www.carideal.com\/blog\/2008\/01\/20\/les-pick-up-ne-sont-plus-a-la-fete\/#breadcrumb"},"inLanguage":"fr-FR","potentialAction":[{"@type":"ReadAction","target":["https:\/\/www.carideal.com\/blog\/2008\/01\/20\/les-pick-up-ne-sont-plus-a-la-fete\/"]}]},{"@type":"ImageObject","inLanguage":"fr-FR","@id":"https:\/\/www.carideal.com\/blog\/2008\/01\/20\/les-pick-up-ne-sont-plus-a-la-fete\/#primaryimage","url":"https:\/\/www.carideal.com\/blog\/wp-content\/uploads\/2008\/01\/pickup-carideal.jpg","contentUrl":"https:\/\/www.carideal.com\/blog\/wp-content\/uploads\/2008\/01\/pickup-carideal.jpg","width":800,"height":533,"caption":"Les Pick-up ne ne se vendent plus"},{"@type":"BreadcrumbList","@id":"https:\/\/www.carideal.com\/blog\/2008\/01\/20\/les-pick-up-ne-sont-plus-a-la-fete\/#breadcrumb","itemListElement":[{"@type":"ListItem","position":1,"name":"Blog Carid\u00e9al","item":"https:\/\/www.carideal.com\/blog\/"},{"@type":"ListItem","position":2,"name":"Actualit\u00e9 automobile","item":"https:\/\/www.carideal.com\/blog\/actualites-auto\/"},{"@type":"ListItem","position":3,"name":"Les Pick-up ne ne se vendent plus"}]},{"@type":"WebSite","@id":"https:\/\/www.carideal.com\/blog\/#website","url":"https:\/\/www.carideal.com\/blog\/","name":"Blog auto Carid\u00e9al","description":"Actualit\u00e9 auto par des passionn\u00e9s","publisher":{"@id":"https:\/\/www.carideal.com\/blog\/#organization"},"potentialAction":[{"@type":"SearchAction","target":{"@type":"EntryPoint","urlTemplate":"https:\/\/www.carideal.com\/blog\/?s={search_term_string}"},"query-input":{"@type":"PropertyValueSpecification","valueRequired":true,"valueName":"search_term_string"}}],"inLanguage":"fr-FR"},{"@type":"Organization","@id":"https:\/\/www.carideal.com\/blog\/#organization","name":"Carideal","url":"https:\/\/www.carideal.com\/blog\/","logo":{"@type":"ImageObject","inLanguage":"fr-FR","@id":"https:\/\/www.carideal.com\/blog\/#\/schema\/logo\/image\/","url":"http:\/\/www.carideal.com\/blog\/wp-content\/uploads\/2016\/03\/logo-carideal-mandataire-automobile.png","contentUrl":"http:\/\/www.carideal.com\/blog\/wp-content\/uploads\/2016\/03\/logo-carideal-mandataire-automobile.png","width":300,"height":300,"caption":"Carideal"},"image":{"@id":"https:\/\/www.carideal.com\/blog\/#\/schema\/logo\/image\/"},"sameAs":["https:\/\/www.facebook.com\/Carideal.mandataire.automobile","https:\/\/x.com\/caridealauto","https:\/\/www.instagram.com\/carideal1\/","https:\/\/www.linkedin.com\/company\/carideal.com","https:\/\/fr.pinterest.com\/schiavonsas\/","https:\/\/www.youtube.com\/user\/caridealsas"]},{"@type":"Person","@id":"https:\/\/www.carideal.com\/blog\/#\/schema\/person\/cd95dc7919660de90d31b366f85be1ec","name":"Nicolas SCHIAVON","image":{"@type":"ImageObject","inLanguage":"fr-FR","@id":"https:\/\/www.carideal.com\/blog\/#\/schema\/person\/image\/","url":"https:\/\/secure.gravatar.com\/avatar\/c17e55009e671d92cc7f5dc837dc418a?s=96&r=g","contentUrl":"https:\/\/secure.gravatar.com\/avatar\/c17e55009e671d92cc7f5dc837dc418a?s=96&r=g","caption":"Nicolas SCHIAVON"},"description":"Nicolas Schiavon est tomb\u00e9 tout petit dans la marmite automobile. Ayant eu un garage de marque automobile, mandataire automobile de la premi\u00e8re heure d\u00e8s 1999. Nicolas a cr\u00e9\u00e9 ces premiers sites de vente de voiture et blog automobile d\u00e8s 1994. Carideal est n\u00e9 le 15 d\u00e9cembre 2000 de la volont\u00e9 de vendre des voitures d'occasions en ligne puis des voitures neuves. Il a pu essayer beaucoup de voitures tr\u00e8s diff\u00e9rentes et ayant eu personnellement quelques belles autos, Subaru Impreza, Mitsubishi Lancer Evo 7, Porsche 911, Ferrari Testarrossa, Audi RS3, RS4 et j'en passe...","sameAs":["http:\/\/www.carideal.com","https:\/\/www.facebook.com\/nicolas.schiavon.39","https:\/\/www.instagram.com\/carideal1\/","https:\/\/www.linkedin.com\/in\/nschiavon\/","https:\/\/x.com\/caridealauto","https:\/\/www.youtube.com\/user\/caridealsas\/"],"url":"https:\/\/www.carideal.com\/blog\/author\/nschiavon\/"}]}},"uagb_featured_image_src":{"full":["https:\/\/www.carideal.com\/blog\/wp-content\/uploads\/2008\/01\/pickup-carideal.jpg",800,533,false],"thumbnail":["https:\/\/www.carideal.com\/blog\/wp-content\/uploads\/2008\/01\/pickup-carideal-150x150.jpg",150,150,true],"medium":["https:\/\/www.carideal.com\/blog\/wp-content\/uploads\/2008\/01\/pickup-carideal-300x200.jpg",300,200,true],"medium_large":["https:\/\/www.carideal.com\/blog\/wp-content\/uploads\/2008\/01\/pickup-carideal-768x512.jpg",768,512,true],"large":["https:\/\/www.carideal.com\/blog\/wp-content\/uploads\/2008\/01\/pickup-carideal.jpg",800,533,false],"1536x1536":["https:\/\/www.carideal.com\/blog\/wp-content\/uploads\/2008\/01\/pickup-carideal.jpg",800,533,false],"2048x2048":["https:\/\/www.carideal.com\/blog\/wp-content\/uploads\/2008\/01\/pickup-carideal.jpg",800,533,false],"wppr-widget":["https:\/\/www.carideal.com\/blog\/wp-content\/uploads\/2008\/01\/pickup-carideal-50x33.jpg",50,33,true]},"uagb_author_info":{"display_name":"Nicolas SCHIAVON","author_link":"https:\/\/www.carideal.com\/blog\/author\/nschiavon\/"},"uagb_comment_info":1,"uagb_excerpt":"LES PICK-UP NE SONT PLUS A LA FETE Le premier march\u00e9 pour les pick-up est les Etats Unis, pourtant leurs ventes ne cessent de baisser, \u00e0 un tel point que leurs constructeurs arr\u00e8tent la fabrication en Janvier. Gen\u00e9ral Motors, Chrysler et Ford voient leur vente continuellment baisser. R\u00e9capitulatif des ventes de pick-up de fin d'ann\u00e9e\u2026","_links":{"self":[{"href":"https:\/\/www.carideal.com\/blog\/wp-json\/wp\/v2\/posts\/4600"}],"collection":[{"href":"https:\/\/www.carideal.com\/blog\/wp-json\/wp\/v2\/posts"}],"about":[{"href":"https:\/\/www.carideal.com\/blog\/wp-json\/wp\/v2\/types\/post"}],"author":[{"embeddable":true,"href":"https:\/\/www.carideal.com\/blog\/wp-json\/wp\/v2\/users\/3"}],"replies":[{"embeddable":true,"href":"https:\/\/www.carideal.com\/blog\/wp-json\/wp\/v2\/comments?post=4600"}],"version-history":[{"count":0,"href":"https:\/\/www.carideal.com\/blog\/wp-json\/wp\/v2\/posts\/4600\/revisions"}],"wp:featuredmedia":[{"embeddable":true,"href":"https:\/\/www.carideal.com\/blog\/wp-json\/wp\/v2\/media\/17319"}],"wp:attachment":[{"href":"https:\/\/www.carideal.com\/blog\/wp-json\/wp\/v2\/media?parent=4600"}],"wp:term":[{"taxonomy":"category","embeddable":true,"href":"https:\/\/www.carideal.com\/blog\/wp-json\/wp\/v2\/categories?post=4600"},{"taxonomy":"post_tag","embeddable":true,"href":"https:\/\/www.carideal.com\/blog\/wp-json\/wp\/v2\/tags?post=4600"}],"curies":[{"name":"wp","href":"https:\/\/api.w.org\/{rel}","templated":true}]}}