{"id":460,"date":"2010-06-21T08:37:00","date_gmt":"2010-06-21T08:37:00","guid":{"rendered":"http:\/\/carideal.com\/blog\/?p=460"},"modified":"2010-06-21T08:37:00","modified_gmt":"2010-06-21T08:37:00","slug":"la-chanceuse-du-jour-elle-derape-et-s-arrete-a-cheval-sur-un-pont","status":"publish","type":"post","link":"https:\/\/www.carideal.com\/blog\/2010\/06\/21\/la-chanceuse-du-jour-elle-derape-et-s-arrete-a-cheval-sur-un-pont\/","title":{"rendered":"La chanceuse du jour Elle d\u00e9rape et s arrete \u00e0 cheval sur un pont"},"content":{"rendered":"<p>C'est ce qu'on appelle avoir de la chance&nbsp;! Une habitante de Pimprez, commune proche de Noyon, a du conna\u00eetre a peur de sa vie ce week-end&nbsp;! Alors qu'elle circulait dans un <a href=\"\/blog\/index.php?tag\/Citro%C3%ABn%20Berlingo\">Citro\u00ebn Berlingo<\/a> avec ses 3 enfants \u00e0 bord, elle a gliss\u00e9 sur la D608 au niveau d'un pont, percut\u00e9 la barri\u00e8re de protection de la <a href=\"\/blog\/index.php?tag\/SNCF\">SNCF<\/a>... et s'est miraculeusement arr\u00eat\u00e9e \u00e0 moiti\u00e9 dans le vide, au dessus de la voie de train&nbsp;!<\/p>\n<p>Un sapeur-pompier sur place nous confirme que c'est un vrai miracle:<\/p>\n<p><q>A 30 cm pr\u00e8s, la voiture chutait sur les cat\u00e9naires et sur les voies. Cette dame a eu beaucoup de chance, elle et ses trois enfants ont pu s\u2019extirper du v\u00e9hicule. Heureusement qu\u2019elle roulait doucement et que la SNCF a install\u00e9 des barri\u00e8res de suspension \u00e0 cet effet.<\/q>Plus de peur que de mal donc. La circulation des trains a pu reprendre cet apr\u00e8s-midi vers 15 heures, elle avait \u00e9t\u00e9 coup\u00e9e entre Compi\u00e8gne et Tergnier. En voyant la voiture ainsi suspendue, les conducteurs de train ont du rester sans voix...<\/p>\n","protected":false},"excerpt":{"rendered":"<p>C&rsquo;est ce qu&rsquo;on appelle avoir de la chance&nbsp;! Une habitante de Pimprez, commune proche de Noyon, a du conna\u00eetre a peur de sa vie ce week-end&nbsp;! Alors qu&rsquo;elle circulait dans un Citro\u00ebn Berlingo avec ses 3 enfants \u00e0 bord, elle a gliss\u00e9 sur la D608 au niveau d&rsquo;un pont, percut\u00e9 la barri\u00e8re de protection de &#8230; <a title=\"La chanceuse du jour Elle d\u00e9rape et s arrete \u00e0 cheval sur un pont\" class=\"read-more\" href=\"https:\/\/www.carideal.com\/blog\/2010\/06\/21\/la-chanceuse-du-jour-elle-derape-et-s-arrete-a-cheval-sur-un-pont\/\" aria-label=\"En savoir plus sur La chanceuse du jour Elle d\u00e9rape et s arrete \u00e0 cheval sur un pont\">Lire plus<\/a><\/p>\n","protected":false},"author":1,"featured_media":0,"comment_status":"open","ping_status":"open","sticky":false,"template":"","format":"standard","meta":{"_uag_custom_page_level_css":"","_themeisle_gutenberg_block_has_review":false,"footnotes":""},"categories":[9],"tags":[],"class_list":["post-460","post","type-post","status-publish","format-standard","hentry","category-divers"],"wppr_data":[],"yoast_head":"<!-- This site is optimized with the Yoast SEO plugin v24.8.1 - https:\/\/yoast.com\/wordpress\/plugins\/seo\/ -->\n<title>La chanceuse du jour Elle d\u00e9rape et s arrete \u00e0 cheval sur un pont - Blog auto Carid\u00e9al<\/title>\n<meta name=\"robots\" content=\"index, follow, max-snippet:-1, max-image-preview:large, max-video-preview:-1\" \/>\n<link rel=\"canonical\" href=\"https:\/\/www.carideal.com\/blog\/2010\/06\/21\/la-chanceuse-du-jour-elle-derape-et-s-arrete-a-cheval-sur-un-pont\/\" \/>\n<meta property=\"og:locale\" content=\"fr_FR\" \/>\n<meta property=\"og:type\" content=\"article\" \/>\n<meta property=\"og:title\" content=\"La chanceuse du jour Elle d\u00e9rape et s arrete \u00e0 cheval sur un pont - Blog auto Carid\u00e9al\" \/>\n<meta property=\"og:description\" content=\"C&#039;est ce qu&#039;on appelle avoir de la chance&nbsp;! Une habitante de Pimprez, commune proche de Noyon, a du conna\u00eetre a peur de sa vie ce week-end&nbsp;! Alors qu&#039;elle circulait dans un Citro\u00ebn Berlingo avec ses 3 enfants \u00e0 bord, elle a gliss\u00e9 sur la D608 au niveau d&#039;un pont, percut\u00e9 la barri\u00e8re de protection de ... Lire plus\" \/>\n<meta property=\"og:url\" content=\"https:\/\/www.carideal.com\/blog\/2010\/06\/21\/la-chanceuse-du-jour-elle-derape-et-s-arrete-a-cheval-sur-un-pont\/\" \/>\n<meta property=\"og:site_name\" content=\"Blog auto Carid\u00e9al\" \/>\n<meta property=\"article:publisher\" content=\"https:\/\/www.facebook.com\/Carideal.mandataire.automobile\" \/>\n<meta property=\"article:author\" content=\"https:\/\/www.facebook.com\/Carideal.mandataire.automobile\/\" \/>\n<meta property=\"article:published_time\" content=\"2010-06-21T08:37:00+00:00\" \/>\n<meta property=\"og:image\" content=\"https:\/\/www.carideal.com\/blog\/wp-content\/uploads\/2016\/03\/logo-carideal-mandataire-automobile.png\" \/>\n\t<meta property=\"og:image:width\" content=\"300\" \/>\n\t<meta property=\"og:image:height\" content=\"300\" \/>\n\t<meta property=\"og:image:type\" content=\"image\/png\" \/>\n<meta name=\"author\" content=\"N.S Carideal\" \/>\n<meta name=\"twitter:card\" content=\"summary_large_image\" \/>\n<meta name=\"twitter:creator\" content=\"@caridealauto\" \/>\n<meta name=\"twitter:site\" content=\"@caridealauto\" \/>\n<meta name=\"twitter:label1\" content=\"\u00c9crit par\" \/>\n\t<meta name=\"twitter:data1\" content=\"N.S Carideal\" \/>\n\t<meta name=\"twitter:label2\" content=\"Dur\u00e9e de lecture estim\u00e9e\" \/>\n\t<meta name=\"twitter:data2\" content=\"1 minute\" \/>\n<script type=\"application\/ld+json\" class=\"yoast-schema-graph\">{\"@context\":\"https:\/\/schema.org\",\"@graph\":[{\"@type\":\"Article\",\"@id\":\"https:\/\/www.carideal.com\/blog\/2010\/06\/21\/la-chanceuse-du-jour-elle-derape-et-s-arrete-a-cheval-sur-un-pont\/#article\",\"isPartOf\":{\"@id\":\"https:\/\/www.carideal.com\/blog\/2010\/06\/21\/la-chanceuse-du-jour-elle-derape-et-s-arrete-a-cheval-sur-un-pont\/\"},\"author\":{\"name\":\"N.S Carideal\",\"@id\":\"https:\/\/www.carideal.com\/blog\/#\/schema\/person\/985c7e757d1042d647f21bfaf8d41ebc\"},\"headline\":\"La chanceuse du jour Elle d\u00e9rape et s arrete \u00e0 cheval sur un pont\",\"datePublished\":\"2010-06-21T08:37:00+00:00\",\"mainEntityOfPage\":{\"@id\":\"https:\/\/www.carideal.com\/blog\/2010\/06\/21\/la-chanceuse-du-jour-elle-derape-et-s-arrete-a-cheval-sur-un-pont\/\"},\"wordCount\":199,\"commentCount\":0,\"publisher\":{\"@id\":\"https:\/\/www.carideal.com\/blog\/#organization\"},\"articleSection\":[\"Divers\"],\"inLanguage\":\"fr-FR\",\"potentialAction\":[{\"@type\":\"CommentAction\",\"name\":\"Comment\",\"target\":[\"https:\/\/www.carideal.com\/blog\/2010\/06\/21\/la-chanceuse-du-jour-elle-derape-et-s-arrete-a-cheval-sur-un-pont\/#respond\"]}]},{\"@type\":\"WebPage\",\"@id\":\"https:\/\/www.carideal.com\/blog\/2010\/06\/21\/la-chanceuse-du-jour-elle-derape-et-s-arrete-a-cheval-sur-un-pont\/\",\"url\":\"https:\/\/www.carideal.com\/blog\/2010\/06\/21\/la-chanceuse-du-jour-elle-derape-et-s-arrete-a-cheval-sur-un-pont\/\",\"name\":\"La chanceuse du jour Elle d\u00e9rape et s arrete \u00e0 cheval sur un pont - Blog auto Carid\u00e9al\",\"isPartOf\":{\"@id\":\"https:\/\/www.carideal.com\/blog\/#website\"},\"datePublished\":\"2010-06-21T08:37:00+00:00\",\"breadcrumb\":{\"@id\":\"https:\/\/www.carideal.com\/blog\/2010\/06\/21\/la-chanceuse-du-jour-elle-derape-et-s-arrete-a-cheval-sur-un-pont\/#breadcrumb\"},\"inLanguage\":\"fr-FR\",\"potentialAction\":[{\"@type\":\"ReadAction\",\"target\":[\"https:\/\/www.carideal.com\/blog\/2010\/06\/21\/la-chanceuse-du-jour-elle-derape-et-s-arrete-a-cheval-sur-un-pont\/\"]}]},{\"@type\":\"BreadcrumbList\",\"@id\":\"https:\/\/www.carideal.com\/blog\/2010\/06\/21\/la-chanceuse-du-jour-elle-derape-et-s-arrete-a-cheval-sur-un-pont\/#breadcrumb\",\"itemListElement\":[{\"@type\":\"ListItem\",\"position\":1,\"name\":\"Blog Carid\u00e9al\",\"item\":\"https:\/\/www.carideal.com\/blog\/\"},{\"@type\":\"ListItem\",\"position\":2,\"name\":\"Divers\",\"item\":\"https:\/\/www.carideal.com\/blog\/divers\/\"},{\"@type\":\"ListItem\",\"position\":3,\"name\":\"La chanceuse du jour Elle d\u00e9rape et s arrete \u00e0 cheval sur un pont\"}]},{\"@type\":\"WebSite\",\"@id\":\"https:\/\/www.carideal.com\/blog\/#website\",\"url\":\"https:\/\/www.carideal.com\/blog\/\",\"name\":\"Blog auto Carid\u00e9al\",\"description\":\"Actualit\u00e9 auto par des passionn\u00e9s\",\"publisher\":{\"@id\":\"https:\/\/www.carideal.com\/blog\/#organization\"},\"potentialAction\":[{\"@type\":\"SearchAction\",\"target\":{\"@type\":\"EntryPoint\",\"urlTemplate\":\"https:\/\/www.carideal.com\/blog\/?s={search_term_string}\"},\"query-input\":{\"@type\":\"PropertyValueSpecification\",\"valueRequired\":true,\"valueName\":\"search_term_string\"}}],\"inLanguage\":\"fr-FR\"},{\"@type\":\"Organization\",\"@id\":\"https:\/\/www.carideal.com\/blog\/#organization\",\"name\":\"Carideal\",\"url\":\"https:\/\/www.carideal.com\/blog\/\",\"logo\":{\"@type\":\"ImageObject\",\"inLanguage\":\"fr-FR\",\"@id\":\"https:\/\/www.carideal.com\/blog\/#\/schema\/logo\/image\/\",\"url\":\"http:\/\/www.carideal.com\/blog\/wp-content\/uploads\/2016\/03\/logo-carideal-mandataire-automobile.png\",\"contentUrl\":\"http:\/\/www.carideal.com\/blog\/wp-content\/uploads\/2016\/03\/logo-carideal-mandataire-automobile.png\",\"width\":300,\"height\":300,\"caption\":\"Carideal\"},\"image\":{\"@id\":\"https:\/\/www.carideal.com\/blog\/#\/schema\/logo\/image\/\"},\"sameAs\":[\"https:\/\/www.facebook.com\/Carideal.mandataire.automobile\",\"https:\/\/x.com\/caridealauto\",\"https:\/\/www.instagram.com\/carideal1\/\",\"https:\/\/www.linkedin.com\/company\/carideal.com\",\"https:\/\/fr.pinterest.com\/schiavonsas\/\",\"https:\/\/www.youtube.com\/user\/caridealsas\"]},{\"@type\":\"Person\",\"@id\":\"https:\/\/www.carideal.com\/blog\/#\/schema\/person\/985c7e757d1042d647f21bfaf8d41ebc\",\"name\":\"N.S Carideal\",\"image\":{\"@type\":\"ImageObject\",\"inLanguage\":\"fr-FR\",\"@id\":\"https:\/\/www.carideal.com\/blog\/#\/schema\/person\/image\/\",\"url\":\"https:\/\/secure.gravatar.com\/avatar\/edb7ccdf1a4e3d14aef967760d354d0e?s=96&r=g\",\"contentUrl\":\"https:\/\/secure.gravatar.com\/avatar\/edb7ccdf1a4e3d14aef967760d354d0e?s=96&r=g\",\"caption\":\"N.S Carideal\"},\"description\":\"Depuis tout petit fan d'automobile. Il est question d'essayer et de comparer toutes ces voitures qui nous ont fait r\u00e9ver, avant que celles-ci ne devient uniquement des voitures de collection.\",\"sameAs\":[\"http:\/\/www.carideal.com\/blog\",\"https:\/\/www.facebook.com\/Carideal.mandataire.automobile\/\",\"https:\/\/www.linkedin.com\/in\/nschiavon\/\",\"https:\/\/www.youtube.com\/user\/caridealsas\/\"],\"url\":\"https:\/\/www.carideal.com\/blog\/author\/admin_carideal\/\"}]}<\/script>\n<!-- \/ Yoast SEO plugin. -->","yoast_head_json":{"title":"La chanceuse du jour Elle d\u00e9rape et s arrete \u00e0 cheval sur un pont - Blog auto Carid\u00e9al","robots":{"index":"index","follow":"follow","max-snippet":"max-snippet:-1","max-image-preview":"max-image-preview:large","max-video-preview":"max-video-preview:-1"},"canonical":"https:\/\/www.carideal.com\/blog\/2010\/06\/21\/la-chanceuse-du-jour-elle-derape-et-s-arrete-a-cheval-sur-un-pont\/","og_locale":"fr_FR","og_type":"article","og_title":"La chanceuse du jour Elle d\u00e9rape et s arrete \u00e0 cheval sur un pont - Blog auto Carid\u00e9al","og_description":"C'est ce qu'on appelle avoir de la chance&nbsp;! Une habitante de Pimprez, commune proche de Noyon, a du conna\u00eetre a peur de sa vie ce week-end&nbsp;! Alors qu'elle circulait dans un Citro\u00ebn Berlingo avec ses 3 enfants \u00e0 bord, elle a gliss\u00e9 sur la D608 au niveau d'un pont, percut\u00e9 la barri\u00e8re de protection de ... Lire plus","og_url":"https:\/\/www.carideal.com\/blog\/2010\/06\/21\/la-chanceuse-du-jour-elle-derape-et-s-arrete-a-cheval-sur-un-pont\/","og_site_name":"Blog auto Carid\u00e9al","article_publisher":"https:\/\/www.facebook.com\/Carideal.mandataire.automobile","article_author":"https:\/\/www.facebook.com\/Carideal.mandataire.automobile\/","article_published_time":"2010-06-21T08:37:00+00:00","og_image":[{"width":300,"height":300,"url":"https:\/\/www.carideal.com\/blog\/wp-content\/uploads\/2016\/03\/logo-carideal-mandataire-automobile.png","type":"image\/png"}],"author":"N.S Carideal","twitter_card":"summary_large_image","twitter_creator":"@caridealauto","twitter_site":"@caridealauto","twitter_misc":{"\u00c9crit par":"N.S Carideal","Dur\u00e9e de lecture estim\u00e9e":"1 minute"},"schema":{"@context":"https:\/\/schema.org","@graph":[{"@type":"Article","@id":"https:\/\/www.carideal.com\/blog\/2010\/06\/21\/la-chanceuse-du-jour-elle-derape-et-s-arrete-a-cheval-sur-un-pont\/#article","isPartOf":{"@id":"https:\/\/www.carideal.com\/blog\/2010\/06\/21\/la-chanceuse-du-jour-elle-derape-et-s-arrete-a-cheval-sur-un-pont\/"},"author":{"name":"N.S Carideal","@id":"https:\/\/www.carideal.com\/blog\/#\/schema\/person\/985c7e757d1042d647f21bfaf8d41ebc"},"headline":"La chanceuse du jour Elle d\u00e9rape et s arrete \u00e0 cheval sur un pont","datePublished":"2010-06-21T08:37:00+00:00","mainEntityOfPage":{"@id":"https:\/\/www.carideal.com\/blog\/2010\/06\/21\/la-chanceuse-du-jour-elle-derape-et-s-arrete-a-cheval-sur-un-pont\/"},"wordCount":199,"commentCount":0,"publisher":{"@id":"https:\/\/www.carideal.com\/blog\/#organization"},"articleSection":["Divers"],"inLanguage":"fr-FR","potentialAction":[{"@type":"CommentAction","name":"Comment","target":["https:\/\/www.carideal.com\/blog\/2010\/06\/21\/la-chanceuse-du-jour-elle-derape-et-s-arrete-a-cheval-sur-un-pont\/#respond"]}]},{"@type":"WebPage","@id":"https:\/\/www.carideal.com\/blog\/2010\/06\/21\/la-chanceuse-du-jour-elle-derape-et-s-arrete-a-cheval-sur-un-pont\/","url":"https:\/\/www.carideal.com\/blog\/2010\/06\/21\/la-chanceuse-du-jour-elle-derape-et-s-arrete-a-cheval-sur-un-pont\/","name":"La chanceuse du jour Elle d\u00e9rape et s arrete \u00e0 cheval sur un pont - Blog auto Carid\u00e9al","isPartOf":{"@id":"https:\/\/www.carideal.com\/blog\/#website"},"datePublished":"2010-06-21T08:37:00+00:00","breadcrumb":{"@id":"https:\/\/www.carideal.com\/blog\/2010\/06\/21\/la-chanceuse-du-jour-elle-derape-et-s-arrete-a-cheval-sur-un-pont\/#breadcrumb"},"inLanguage":"fr-FR","potentialAction":[{"@type":"ReadAction","target":["https:\/\/www.carideal.com\/blog\/2010\/06\/21\/la-chanceuse-du-jour-elle-derape-et-s-arrete-a-cheval-sur-un-pont\/"]}]},{"@type":"BreadcrumbList","@id":"https:\/\/www.carideal.com\/blog\/2010\/06\/21\/la-chanceuse-du-jour-elle-derape-et-s-arrete-a-cheval-sur-un-pont\/#breadcrumb","itemListElement":[{"@type":"ListItem","position":1,"name":"Blog Carid\u00e9al","item":"https:\/\/www.carideal.com\/blog\/"},{"@type":"ListItem","position":2,"name":"Divers","item":"https:\/\/www.carideal.com\/blog\/divers\/"},{"@type":"ListItem","position":3,"name":"La chanceuse du jour Elle d\u00e9rape et s arrete \u00e0 cheval sur un pont"}]},{"@type":"WebSite","@id":"https:\/\/www.carideal.com\/blog\/#website","url":"https:\/\/www.carideal.com\/blog\/","name":"Blog auto Carid\u00e9al","description":"Actualit\u00e9 auto par des passionn\u00e9s","publisher":{"@id":"https:\/\/www.carideal.com\/blog\/#organization"},"potentialAction":[{"@type":"SearchAction","target":{"@type":"EntryPoint","urlTemplate":"https:\/\/www.carideal.com\/blog\/?s={search_term_string}"},"query-input":{"@type":"PropertyValueSpecification","valueRequired":true,"valueName":"search_term_string"}}],"inLanguage":"fr-FR"},{"@type":"Organization","@id":"https:\/\/www.carideal.com\/blog\/#organization","name":"Carideal","url":"https:\/\/www.carideal.com\/blog\/","logo":{"@type":"ImageObject","inLanguage":"fr-FR","@id":"https:\/\/www.carideal.com\/blog\/#\/schema\/logo\/image\/","url":"http:\/\/www.carideal.com\/blog\/wp-content\/uploads\/2016\/03\/logo-carideal-mandataire-automobile.png","contentUrl":"http:\/\/www.carideal.com\/blog\/wp-content\/uploads\/2016\/03\/logo-carideal-mandataire-automobile.png","width":300,"height":300,"caption":"Carideal"},"image":{"@id":"https:\/\/www.carideal.com\/blog\/#\/schema\/logo\/image\/"},"sameAs":["https:\/\/www.facebook.com\/Carideal.mandataire.automobile","https:\/\/x.com\/caridealauto","https:\/\/www.instagram.com\/carideal1\/","https:\/\/www.linkedin.com\/company\/carideal.com","https:\/\/fr.pinterest.com\/schiavonsas\/","https:\/\/www.youtube.com\/user\/caridealsas"]},{"@type":"Person","@id":"https:\/\/www.carideal.com\/blog\/#\/schema\/person\/985c7e757d1042d647f21bfaf8d41ebc","name":"N.S Carideal","image":{"@type":"ImageObject","inLanguage":"fr-FR","@id":"https:\/\/www.carideal.com\/blog\/#\/schema\/person\/image\/","url":"https:\/\/secure.gravatar.com\/avatar\/edb7ccdf1a4e3d14aef967760d354d0e?s=96&r=g","contentUrl":"https:\/\/secure.gravatar.com\/avatar\/edb7ccdf1a4e3d14aef967760d354d0e?s=96&r=g","caption":"N.S Carideal"},"description":"Depuis tout petit fan d'automobile. Il est question d'essayer et de comparer toutes ces voitures qui nous ont fait r\u00e9ver, avant que celles-ci ne devient uniquement des voitures de collection.","sameAs":["http:\/\/www.carideal.com\/blog","https:\/\/www.facebook.com\/Carideal.mandataire.automobile\/","https:\/\/www.linkedin.com\/in\/nschiavon\/","https:\/\/www.youtube.com\/user\/caridealsas\/"],"url":"https:\/\/www.carideal.com\/blog\/author\/admin_carideal\/"}]}},"uagb_featured_image_src":{"full":false,"thumbnail":false,"medium":false,"medium_large":false,"large":false,"1536x1536":false,"2048x2048":false,"wppr-widget":false},"uagb_author_info":{"display_name":"N.S Carideal","author_link":"https:\/\/www.carideal.com\/blog\/author\/admin_carideal\/"},"uagb_comment_info":0,"uagb_excerpt":"C'est ce qu'on appelle avoir de la chance&nbsp;! Une habitante de Pimprez, commune proche de Noyon, a du conna\u00eetre a peur de sa vie ce week-end&nbsp;! Alors qu'elle circulait dans un Citro\u00ebn Berlingo avec ses 3 enfants \u00e0 bord, elle a gliss\u00e9 sur la D608 au niveau d'un pont, percut\u00e9 la barri\u00e8re de protection de\u2026","_links":{"self":[{"href":"https:\/\/www.carideal.com\/blog\/wp-json\/wp\/v2\/posts\/460"}],"collection":[{"href":"https:\/\/www.carideal.com\/blog\/wp-json\/wp\/v2\/posts"}],"about":[{"href":"https:\/\/www.carideal.com\/blog\/wp-json\/wp\/v2\/types\/post"}],"author":[{"embeddable":true,"href":"https:\/\/www.carideal.com\/blog\/wp-json\/wp\/v2\/users\/1"}],"replies":[{"embeddable":true,"href":"https:\/\/www.carideal.com\/blog\/wp-json\/wp\/v2\/comments?post=460"}],"version-history":[{"count":0,"href":"https:\/\/www.carideal.com\/blog\/wp-json\/wp\/v2\/posts\/460\/revisions"}],"wp:attachment":[{"href":"https:\/\/www.carideal.com\/blog\/wp-json\/wp\/v2\/media?parent=460"}],"wp:term":[{"taxonomy":"category","embeddable":true,"href":"https:\/\/www.carideal.com\/blog\/wp-json\/wp\/v2\/categories?post=460"},{"taxonomy":"post_tag","embeddable":true,"href":"https:\/\/www.carideal.com\/blog\/wp-json\/wp\/v2\/tags?post=460"}],"curies":[{"name":"wp","href":"https:\/\/api.w.org\/{rel}","templated":true}]}}