{"id":4596,"date":"2008-01-11T00:00:00","date_gmt":"2008-01-11T00:00:00","guid":{"rendered":"http:\/\/www.carideal.com\/blog\/2008\/01\/11\/tata-presente-sa-voiture-a-1700\/"},"modified":"2015-08-17T09:34:56","modified_gmt":"2015-08-17T07:34:56","slug":"tata-presente-sa-voiture-a-1700","status":"publish","type":"post","link":"https:\/\/www.carideal.com\/blog\/2008\/01\/11\/tata-presente-sa-voiture-a-1700\/","title":{"rendered":"Tata pr\u00e9sente la voiture \u00e0 1700 \u20ac"},"content":{"rendered":"<div><img decoding=\"async\" src=\"http:\/\/www.carideal.com\/images_actualite\/tatananocarideal2-1200036572.jpg\" alt=\"\" \/>tata nano 2500 $<\/p>\n<\/div>\n<div><img decoding=\"async\" src=\"http:\/\/www.carideal.com\/images_actualite\/tatananocarideal3-1200036588.jpg\" alt=\"\" \/>tata nano 1700 \u20ac<\/p>\n<\/div>\n<div><img decoding=\"async\" src=\"http:\/\/www.carideal.com\/images_actualite\/tatananocarideal-1200037373.jpg\" alt=\"\" \/>tata nano l'ultra low cost<\/p>\n<\/div>\n<p>Pour r\u00e9pondre aux besoins des pays emmergents et en particulier le sien, l'Inde, M TATA Propri\u00e9taire du groupe du m\u00eame nom, a cr\u00e9\u00e9 la TATA Nano. C'est en constatant les risques que prennent tous les jours des millions d'indiens en motos, certaines fois toute la famille est sur la moto \u00e0 4 ou plus que Mr\u00a0TATA a d\u00e9cid\u00e9 de concevoir une petite auto pas ch\u00e8re et accessible \u00e0 tous. Les Indiens ne peuvent que se payer qu'une moto sans plus pour se d\u00e9placer. La Nano sera vendu 1700 \u20ac, le moins cher des ultra low cost, ce n'est que deux fois plus cher qu'une moto, mais encore beaucoup moins chere qu'une voiture. TATA a d\u00e9cid\u00e9 de s'occuper de son propre march\u00e9 Indien pendant deux ans avant d'attaquer le march\u00e9 export dont la chine voisine.<\/p>\n","protected":false},"excerpt":{"rendered":"<p>tata nano 2500 $ tata nano 1700 \u20ac tata nano l&rsquo;ultra low cost Pour r\u00e9pondre aux besoins des pays emmergents et en particulier le sien, l&rsquo;Inde, M TATA Propri\u00e9taire du groupe du m\u00eame nom, a cr\u00e9\u00e9 la TATA Nano. C&rsquo;est en constatant les risques que prennent tous les jours des millions d&rsquo;indiens en motos, certaines &#8230; <a title=\"Tata pr\u00e9sente la voiture \u00e0 1700 \u20ac\" class=\"read-more\" href=\"https:\/\/www.carideal.com\/blog\/2008\/01\/11\/tata-presente-sa-voiture-a-1700\/\" aria-label=\"En savoir plus sur Tata pr\u00e9sente la voiture \u00e0 1700 \u20ac\">Lire plus<\/a><\/p>\n","protected":false},"author":3,"featured_media":0,"comment_status":"open","ping_status":"open","sticky":false,"template":"","format":"standard","meta":{"_uag_custom_page_level_css":"","_themeisle_gutenberg_block_has_review":false,"footnotes":""},"categories":[21],"tags":[1433],"class_list":["post-4596","post","type-post","status-publish","format-standard","hentry","category-actualites-auto","tag-low-cost"],"wppr_data":[],"yoast_head":"<!-- This site is optimized with the Yoast SEO plugin v24.8.1 - https:\/\/yoast.com\/wordpress\/plugins\/seo\/ -->\n<title>Tata pr\u00e9sente la voiture \u00e0 1700 \u20ac - Blog auto Carid\u00e9al<\/title>\n<meta name=\"robots\" content=\"index, follow, max-snippet:-1, max-image-preview:large, max-video-preview:-1\" \/>\n<link rel=\"canonical\" href=\"https:\/\/www.carideal.com\/blog\/2008\/01\/11\/tata-presente-sa-voiture-a-1700\/\" \/>\n<meta property=\"og:locale\" content=\"fr_FR\" \/>\n<meta property=\"og:type\" content=\"article\" \/>\n<meta property=\"og:title\" content=\"Tata pr\u00e9sente la voiture \u00e0 1700 \u20ac - Blog auto Carid\u00e9al\" \/>\n<meta property=\"og:description\" content=\"tata nano 2500 $ tata nano 1700 \u20ac tata nano l&#039;ultra low cost Pour r\u00e9pondre aux besoins des pays emmergents et en particulier le sien, l&#039;Inde, M TATA Propri\u00e9taire du groupe du m\u00eame nom, a cr\u00e9\u00e9 la TATA Nano. C&#039;est en constatant les risques que prennent tous les jours des millions d&#039;indiens en motos, certaines ... Lire plus\" \/>\n<meta property=\"og:url\" content=\"https:\/\/www.carideal.com\/blog\/2008\/01\/11\/tata-presente-sa-voiture-a-1700\/\" \/>\n<meta property=\"og:site_name\" content=\"Blog auto Carid\u00e9al\" \/>\n<meta property=\"article:publisher\" content=\"https:\/\/www.facebook.com\/Carideal.mandataire.automobile\" \/>\n<meta property=\"article:author\" content=\"https:\/\/www.facebook.com\/nicolas.schiavon.39\" \/>\n<meta property=\"article:published_time\" content=\"2008-01-11T00:00:00+00:00\" \/>\n<meta property=\"article:modified_time\" content=\"2015-08-17T07:34:56+00:00\" \/>\n<meta property=\"og:image\" content=\"http:\/\/www.carideal.com\/images_actualite\/tatananocarideal2-1200036572.jpg\" \/>\n<meta name=\"author\" content=\"Nicolas SCHIAVON\" \/>\n<meta name=\"twitter:card\" content=\"summary_large_image\" \/>\n<meta name=\"twitter:creator\" content=\"@caridealauto\" \/>\n<meta name=\"twitter:site\" content=\"@caridealauto\" \/>\n<meta name=\"twitter:label1\" content=\"\u00c9crit par\" \/>\n\t<meta name=\"twitter:data1\" content=\"Nicolas SCHIAVON\" \/>\n\t<meta name=\"twitter:label2\" content=\"Dur\u00e9e de lecture estim\u00e9e\" \/>\n\t<meta name=\"twitter:data2\" content=\"1 minute\" \/>\n<script type=\"application\/ld+json\" class=\"yoast-schema-graph\">{\"@context\":\"https:\/\/schema.org\",\"@graph\":[{\"@type\":\"Article\",\"@id\":\"https:\/\/www.carideal.com\/blog\/2008\/01\/11\/tata-presente-sa-voiture-a-1700\/#article\",\"isPartOf\":{\"@id\":\"https:\/\/www.carideal.com\/blog\/2008\/01\/11\/tata-presente-sa-voiture-a-1700\/\"},\"author\":{\"name\":\"Nicolas SCHIAVON\",\"@id\":\"https:\/\/www.carideal.com\/blog\/#\/schema\/person\/cd95dc7919660de90d31b366f85be1ec\"},\"headline\":\"Tata pr\u00e9sente la voiture \u00e0 1700 \u20ac\",\"datePublished\":\"2008-01-11T00:00:00+00:00\",\"dateModified\":\"2015-08-17T07:34:56+00:00\",\"mainEntityOfPage\":{\"@id\":\"https:\/\/www.carideal.com\/blog\/2008\/01\/11\/tata-presente-sa-voiture-a-1700\/\"},\"wordCount\":151,\"commentCount\":0,\"publisher\":{\"@id\":\"https:\/\/www.carideal.com\/blog\/#organization\"},\"image\":{\"@id\":\"https:\/\/www.carideal.com\/blog\/2008\/01\/11\/tata-presente-sa-voiture-a-1700\/#primaryimage\"},\"thumbnailUrl\":\"http:\/\/www.carideal.com\/images_actualite\/tatananocarideal2-1200036572.jpg\",\"keywords\":[\"low cost\"],\"articleSection\":[\"Actualit\u00e9 automobile\"],\"inLanguage\":\"fr-FR\",\"potentialAction\":[{\"@type\":\"CommentAction\",\"name\":\"Comment\",\"target\":[\"https:\/\/www.carideal.com\/blog\/2008\/01\/11\/tata-presente-sa-voiture-a-1700\/#respond\"]}]},{\"@type\":\"WebPage\",\"@id\":\"https:\/\/www.carideal.com\/blog\/2008\/01\/11\/tata-presente-sa-voiture-a-1700\/\",\"url\":\"https:\/\/www.carideal.com\/blog\/2008\/01\/11\/tata-presente-sa-voiture-a-1700\/\",\"name\":\"Tata pr\u00e9sente la voiture \u00e0 1700 \u20ac - Blog auto Carid\u00e9al\",\"isPartOf\":{\"@id\":\"https:\/\/www.carideal.com\/blog\/#website\"},\"primaryImageOfPage\":{\"@id\":\"https:\/\/www.carideal.com\/blog\/2008\/01\/11\/tata-presente-sa-voiture-a-1700\/#primaryimage\"},\"image\":{\"@id\":\"https:\/\/www.carideal.com\/blog\/2008\/01\/11\/tata-presente-sa-voiture-a-1700\/#primaryimage\"},\"thumbnailUrl\":\"http:\/\/www.carideal.com\/images_actualite\/tatananocarideal2-1200036572.jpg\",\"datePublished\":\"2008-01-11T00:00:00+00:00\",\"dateModified\":\"2015-08-17T07:34:56+00:00\",\"breadcrumb\":{\"@id\":\"https:\/\/www.carideal.com\/blog\/2008\/01\/11\/tata-presente-sa-voiture-a-1700\/#breadcrumb\"},\"inLanguage\":\"fr-FR\",\"potentialAction\":[{\"@type\":\"ReadAction\",\"target\":[\"https:\/\/www.carideal.com\/blog\/2008\/01\/11\/tata-presente-sa-voiture-a-1700\/\"]}]},{\"@type\":\"ImageObject\",\"inLanguage\":\"fr-FR\",\"@id\":\"https:\/\/www.carideal.com\/blog\/2008\/01\/11\/tata-presente-sa-voiture-a-1700\/#primaryimage\",\"url\":\"http:\/\/www.carideal.com\/images_actualite\/tatananocarideal2-1200036572.jpg\",\"contentUrl\":\"http:\/\/www.carideal.com\/images_actualite\/tatananocarideal2-1200036572.jpg\"},{\"@type\":\"BreadcrumbList\",\"@id\":\"https:\/\/www.carideal.com\/blog\/2008\/01\/11\/tata-presente-sa-voiture-a-1700\/#breadcrumb\",\"itemListElement\":[{\"@type\":\"ListItem\",\"position\":1,\"name\":\"Blog Carid\u00e9al\",\"item\":\"https:\/\/www.carideal.com\/blog\/\"},{\"@type\":\"ListItem\",\"position\":2,\"name\":\"Actualit\u00e9 automobile\",\"item\":\"https:\/\/www.carideal.com\/blog\/actualites-auto\/\"},{\"@type\":\"ListItem\",\"position\":3,\"name\":\"Tata pr\u00e9sente la voiture \u00e0 1700 \u20ac\"}]},{\"@type\":\"WebSite\",\"@id\":\"https:\/\/www.carideal.com\/blog\/#website\",\"url\":\"https:\/\/www.carideal.com\/blog\/\",\"name\":\"Blog auto Carid\u00e9al\",\"description\":\"Actualit\u00e9 auto par des passionn\u00e9s\",\"publisher\":{\"@id\":\"https:\/\/www.carideal.com\/blog\/#organization\"},\"potentialAction\":[{\"@type\":\"SearchAction\",\"target\":{\"@type\":\"EntryPoint\",\"urlTemplate\":\"https:\/\/www.carideal.com\/blog\/?s={search_term_string}\"},\"query-input\":{\"@type\":\"PropertyValueSpecification\",\"valueRequired\":true,\"valueName\":\"search_term_string\"}}],\"inLanguage\":\"fr-FR\"},{\"@type\":\"Organization\",\"@id\":\"https:\/\/www.carideal.com\/blog\/#organization\",\"name\":\"Carideal\",\"url\":\"https:\/\/www.carideal.com\/blog\/\",\"logo\":{\"@type\":\"ImageObject\",\"inLanguage\":\"fr-FR\",\"@id\":\"https:\/\/www.carideal.com\/blog\/#\/schema\/logo\/image\/\",\"url\":\"http:\/\/www.carideal.com\/blog\/wp-content\/uploads\/2016\/03\/logo-carideal-mandataire-automobile.png\",\"contentUrl\":\"http:\/\/www.carideal.com\/blog\/wp-content\/uploads\/2016\/03\/logo-carideal-mandataire-automobile.png\",\"width\":300,\"height\":300,\"caption\":\"Carideal\"},\"image\":{\"@id\":\"https:\/\/www.carideal.com\/blog\/#\/schema\/logo\/image\/\"},\"sameAs\":[\"https:\/\/www.facebook.com\/Carideal.mandataire.automobile\",\"https:\/\/x.com\/caridealauto\",\"https:\/\/www.instagram.com\/carideal1\/\",\"https:\/\/www.linkedin.com\/company\/carideal.com\",\"https:\/\/fr.pinterest.com\/schiavonsas\/\",\"https:\/\/www.youtube.com\/user\/caridealsas\"]},{\"@type\":\"Person\",\"@id\":\"https:\/\/www.carideal.com\/blog\/#\/schema\/person\/cd95dc7919660de90d31b366f85be1ec\",\"name\":\"Nicolas SCHIAVON\",\"image\":{\"@type\":\"ImageObject\",\"inLanguage\":\"fr-FR\",\"@id\":\"https:\/\/www.carideal.com\/blog\/#\/schema\/person\/image\/\",\"url\":\"https:\/\/secure.gravatar.com\/avatar\/c17e55009e671d92cc7f5dc837dc418a?s=96&r=g\",\"contentUrl\":\"https:\/\/secure.gravatar.com\/avatar\/c17e55009e671d92cc7f5dc837dc418a?s=96&r=g\",\"caption\":\"Nicolas SCHIAVON\"},\"description\":\"Nicolas Schiavon est tomb\u00e9 tout petit dans la marmite automobile. Ayant eu un garage de marque automobile, mandataire automobile de la premi\u00e8re heure d\u00e8s 1999. Nicolas a cr\u00e9\u00e9 ces premiers sites de vente de voiture et blog automobile d\u00e8s 1994. Carideal est n\u00e9 le 15 d\u00e9cembre 2000 de la volont\u00e9 de vendre des voitures d'occasions en ligne puis des voitures neuves. Il a pu essayer beaucoup de voitures tr\u00e8s diff\u00e9rentes et ayant eu personnellement quelques belles autos, Subaru Impreza, Mitsubishi Lancer Evo 7, Porsche 911, Ferrari Testarrossa, Audi RS3, RS4 et j'en passe...\",\"sameAs\":[\"http:\/\/www.carideal.com\",\"https:\/\/www.facebook.com\/nicolas.schiavon.39\",\"https:\/\/www.instagram.com\/carideal1\/\",\"https:\/\/www.linkedin.com\/in\/nschiavon\/\",\"https:\/\/x.com\/caridealauto\",\"https:\/\/www.youtube.com\/user\/caridealsas\/\"],\"url\":\"https:\/\/www.carideal.com\/blog\/author\/nschiavon\/\"}]}<\/script>\n<!-- \/ Yoast SEO plugin. -->","yoast_head_json":{"title":"Tata pr\u00e9sente la voiture \u00e0 1700 \u20ac - Blog auto Carid\u00e9al","robots":{"index":"index","follow":"follow","max-snippet":"max-snippet:-1","max-image-preview":"max-image-preview:large","max-video-preview":"max-video-preview:-1"},"canonical":"https:\/\/www.carideal.com\/blog\/2008\/01\/11\/tata-presente-sa-voiture-a-1700\/","og_locale":"fr_FR","og_type":"article","og_title":"Tata pr\u00e9sente la voiture \u00e0 1700 \u20ac - Blog auto Carid\u00e9al","og_description":"tata nano 2500 $ tata nano 1700 \u20ac tata nano l'ultra low cost Pour r\u00e9pondre aux besoins des pays emmergents et en particulier le sien, l'Inde, M TATA Propri\u00e9taire du groupe du m\u00eame nom, a cr\u00e9\u00e9 la TATA Nano. C'est en constatant les risques que prennent tous les jours des millions d'indiens en motos, certaines ... Lire plus","og_url":"https:\/\/www.carideal.com\/blog\/2008\/01\/11\/tata-presente-sa-voiture-a-1700\/","og_site_name":"Blog auto Carid\u00e9al","article_publisher":"https:\/\/www.facebook.com\/Carideal.mandataire.automobile","article_author":"https:\/\/www.facebook.com\/nicolas.schiavon.39","article_published_time":"2008-01-11T00:00:00+00:00","article_modified_time":"2015-08-17T07:34:56+00:00","og_image":[{"url":"http:\/\/www.carideal.com\/images_actualite\/tatananocarideal2-1200036572.jpg","type":"","width":"","height":""}],"author":"Nicolas SCHIAVON","twitter_card":"summary_large_image","twitter_creator":"@caridealauto","twitter_site":"@caridealauto","twitter_misc":{"\u00c9crit par":"Nicolas SCHIAVON","Dur\u00e9e de lecture estim\u00e9e":"1 minute"},"schema":{"@context":"https:\/\/schema.org","@graph":[{"@type":"Article","@id":"https:\/\/www.carideal.com\/blog\/2008\/01\/11\/tata-presente-sa-voiture-a-1700\/#article","isPartOf":{"@id":"https:\/\/www.carideal.com\/blog\/2008\/01\/11\/tata-presente-sa-voiture-a-1700\/"},"author":{"name":"Nicolas SCHIAVON","@id":"https:\/\/www.carideal.com\/blog\/#\/schema\/person\/cd95dc7919660de90d31b366f85be1ec"},"headline":"Tata pr\u00e9sente la voiture \u00e0 1700 \u20ac","datePublished":"2008-01-11T00:00:00+00:00","dateModified":"2015-08-17T07:34:56+00:00","mainEntityOfPage":{"@id":"https:\/\/www.carideal.com\/blog\/2008\/01\/11\/tata-presente-sa-voiture-a-1700\/"},"wordCount":151,"commentCount":0,"publisher":{"@id":"https:\/\/www.carideal.com\/blog\/#organization"},"image":{"@id":"https:\/\/www.carideal.com\/blog\/2008\/01\/11\/tata-presente-sa-voiture-a-1700\/#primaryimage"},"thumbnailUrl":"http:\/\/www.carideal.com\/images_actualite\/tatananocarideal2-1200036572.jpg","keywords":["low cost"],"articleSection":["Actualit\u00e9 automobile"],"inLanguage":"fr-FR","potentialAction":[{"@type":"CommentAction","name":"Comment","target":["https:\/\/www.carideal.com\/blog\/2008\/01\/11\/tata-presente-sa-voiture-a-1700\/#respond"]}]},{"@type":"WebPage","@id":"https:\/\/www.carideal.com\/blog\/2008\/01\/11\/tata-presente-sa-voiture-a-1700\/","url":"https:\/\/www.carideal.com\/blog\/2008\/01\/11\/tata-presente-sa-voiture-a-1700\/","name":"Tata pr\u00e9sente la voiture \u00e0 1700 \u20ac - Blog auto Carid\u00e9al","isPartOf":{"@id":"https:\/\/www.carideal.com\/blog\/#website"},"primaryImageOfPage":{"@id":"https:\/\/www.carideal.com\/blog\/2008\/01\/11\/tata-presente-sa-voiture-a-1700\/#primaryimage"},"image":{"@id":"https:\/\/www.carideal.com\/blog\/2008\/01\/11\/tata-presente-sa-voiture-a-1700\/#primaryimage"},"thumbnailUrl":"http:\/\/www.carideal.com\/images_actualite\/tatananocarideal2-1200036572.jpg","datePublished":"2008-01-11T00:00:00+00:00","dateModified":"2015-08-17T07:34:56+00:00","breadcrumb":{"@id":"https:\/\/www.carideal.com\/blog\/2008\/01\/11\/tata-presente-sa-voiture-a-1700\/#breadcrumb"},"inLanguage":"fr-FR","potentialAction":[{"@type":"ReadAction","target":["https:\/\/www.carideal.com\/blog\/2008\/01\/11\/tata-presente-sa-voiture-a-1700\/"]}]},{"@type":"ImageObject","inLanguage":"fr-FR","@id":"https:\/\/www.carideal.com\/blog\/2008\/01\/11\/tata-presente-sa-voiture-a-1700\/#primaryimage","url":"http:\/\/www.carideal.com\/images_actualite\/tatananocarideal2-1200036572.jpg","contentUrl":"http:\/\/www.carideal.com\/images_actualite\/tatananocarideal2-1200036572.jpg"},{"@type":"BreadcrumbList","@id":"https:\/\/www.carideal.com\/blog\/2008\/01\/11\/tata-presente-sa-voiture-a-1700\/#breadcrumb","itemListElement":[{"@type":"ListItem","position":1,"name":"Blog Carid\u00e9al","item":"https:\/\/www.carideal.com\/blog\/"},{"@type":"ListItem","position":2,"name":"Actualit\u00e9 automobile","item":"https:\/\/www.carideal.com\/blog\/actualites-auto\/"},{"@type":"ListItem","position":3,"name":"Tata pr\u00e9sente la voiture \u00e0 1700 \u20ac"}]},{"@type":"WebSite","@id":"https:\/\/www.carideal.com\/blog\/#website","url":"https:\/\/www.carideal.com\/blog\/","name":"Blog auto Carid\u00e9al","description":"Actualit\u00e9 auto par des passionn\u00e9s","publisher":{"@id":"https:\/\/www.carideal.com\/blog\/#organization"},"potentialAction":[{"@type":"SearchAction","target":{"@type":"EntryPoint","urlTemplate":"https:\/\/www.carideal.com\/blog\/?s={search_term_string}"},"query-input":{"@type":"PropertyValueSpecification","valueRequired":true,"valueName":"search_term_string"}}],"inLanguage":"fr-FR"},{"@type":"Organization","@id":"https:\/\/www.carideal.com\/blog\/#organization","name":"Carideal","url":"https:\/\/www.carideal.com\/blog\/","logo":{"@type":"ImageObject","inLanguage":"fr-FR","@id":"https:\/\/www.carideal.com\/blog\/#\/schema\/logo\/image\/","url":"http:\/\/www.carideal.com\/blog\/wp-content\/uploads\/2016\/03\/logo-carideal-mandataire-automobile.png","contentUrl":"http:\/\/www.carideal.com\/blog\/wp-content\/uploads\/2016\/03\/logo-carideal-mandataire-automobile.png","width":300,"height":300,"caption":"Carideal"},"image":{"@id":"https:\/\/www.carideal.com\/blog\/#\/schema\/logo\/image\/"},"sameAs":["https:\/\/www.facebook.com\/Carideal.mandataire.automobile","https:\/\/x.com\/caridealauto","https:\/\/www.instagram.com\/carideal1\/","https:\/\/www.linkedin.com\/company\/carideal.com","https:\/\/fr.pinterest.com\/schiavonsas\/","https:\/\/www.youtube.com\/user\/caridealsas"]},{"@type":"Person","@id":"https:\/\/www.carideal.com\/blog\/#\/schema\/person\/cd95dc7919660de90d31b366f85be1ec","name":"Nicolas SCHIAVON","image":{"@type":"ImageObject","inLanguage":"fr-FR","@id":"https:\/\/www.carideal.com\/blog\/#\/schema\/person\/image\/","url":"https:\/\/secure.gravatar.com\/avatar\/c17e55009e671d92cc7f5dc837dc418a?s=96&r=g","contentUrl":"https:\/\/secure.gravatar.com\/avatar\/c17e55009e671d92cc7f5dc837dc418a?s=96&r=g","caption":"Nicolas SCHIAVON"},"description":"Nicolas Schiavon est tomb\u00e9 tout petit dans la marmite automobile. Ayant eu un garage de marque automobile, mandataire automobile de la premi\u00e8re heure d\u00e8s 1999. Nicolas a cr\u00e9\u00e9 ces premiers sites de vente de voiture et blog automobile d\u00e8s 1994. Carideal est n\u00e9 le 15 d\u00e9cembre 2000 de la volont\u00e9 de vendre des voitures d'occasions en ligne puis des voitures neuves. Il a pu essayer beaucoup de voitures tr\u00e8s diff\u00e9rentes et ayant eu personnellement quelques belles autos, Subaru Impreza, Mitsubishi Lancer Evo 7, Porsche 911, Ferrari Testarrossa, Audi RS3, RS4 et j'en passe...","sameAs":["http:\/\/www.carideal.com","https:\/\/www.facebook.com\/nicolas.schiavon.39","https:\/\/www.instagram.com\/carideal1\/","https:\/\/www.linkedin.com\/in\/nschiavon\/","https:\/\/x.com\/caridealauto","https:\/\/www.youtube.com\/user\/caridealsas\/"],"url":"https:\/\/www.carideal.com\/blog\/author\/nschiavon\/"}]}},"uagb_featured_image_src":{"full":false,"thumbnail":false,"medium":false,"medium_large":false,"large":false,"1536x1536":false,"2048x2048":false,"wppr-widget":false},"uagb_author_info":{"display_name":"Nicolas SCHIAVON","author_link":"https:\/\/www.carideal.com\/blog\/author\/nschiavon\/"},"uagb_comment_info":0,"uagb_excerpt":"tata nano 2500 $ tata nano 1700 \u20ac tata nano l'ultra low cost Pour r\u00e9pondre aux besoins des pays emmergents et en particulier le sien, l'Inde, M TATA Propri\u00e9taire du groupe du m\u00eame nom, a cr\u00e9\u00e9 la TATA Nano. C'est en constatant les risques que prennent tous les jours des millions d'indiens en motos, certaines\u2026","_links":{"self":[{"href":"https:\/\/www.carideal.com\/blog\/wp-json\/wp\/v2\/posts\/4596"}],"collection":[{"href":"https:\/\/www.carideal.com\/blog\/wp-json\/wp\/v2\/posts"}],"about":[{"href":"https:\/\/www.carideal.com\/blog\/wp-json\/wp\/v2\/types\/post"}],"author":[{"embeddable":true,"href":"https:\/\/www.carideal.com\/blog\/wp-json\/wp\/v2\/users\/3"}],"replies":[{"embeddable":true,"href":"https:\/\/www.carideal.com\/blog\/wp-json\/wp\/v2\/comments?post=4596"}],"version-history":[{"count":0,"href":"https:\/\/www.carideal.com\/blog\/wp-json\/wp\/v2\/posts\/4596\/revisions"}],"wp:attachment":[{"href":"https:\/\/www.carideal.com\/blog\/wp-json\/wp\/v2\/media?parent=4596"}],"wp:term":[{"taxonomy":"category","embeddable":true,"href":"https:\/\/www.carideal.com\/blog\/wp-json\/wp\/v2\/categories?post=4596"},{"taxonomy":"post_tag","embeddable":true,"href":"https:\/\/www.carideal.com\/blog\/wp-json\/wp\/v2\/tags?post=4596"}],"curies":[{"name":"wp","href":"https:\/\/api.w.org\/{rel}","templated":true}]}}