{"id":4589,"date":"2008-01-07T00:00:00","date_gmt":"2008-01-07T00:00:00","guid":{"rendered":"http:\/\/www.carideal.com\/blog\/2008\/01\/07\/daimler-contre-les-chinois\/"},"modified":"2020-08-03T11:53:18","modified_gmt":"2020-08-03T09:53:18","slug":"daimler-contre-les-chinois","status":"publish","type":"post","link":"https:\/\/www.carideal.com\/blog\/2008\/01\/07\/daimler-contre-les-chinois\/","title":{"rendered":"Daimler contre les constructeurs chinois \u00e0 Bologne"},"content":{"rendered":"\n<h2 class=\"wp-block-heading\"><strong>Mercedes Daimler contre les constructeurs chinois \u00e0 Bologne<\/strong><\/h2>\n\n\n\n<p>Le groupe Allemand <a href=\"http:\/\/www.carideal.com\/blog\/2013\/02\/19\/les-modeles-daimler-hors-normes\/\">Daimler<\/a> (<a href=\"http:\/\/www.carideal.com\/blog\/marque-de-voiture-actualites-essais\/mercedes\/\">Mercedes<\/a>) est parvenu aupr\u00e8s des tribunaux \u00e0 emp\u00eacher la participation du constructeur chinois <a href=\"http:\/\/www.carideal.com\/blog\/2007\/11\/12\/les-vehicules-chinois\/\">Shuanghuan<\/a> au Salon de Bologne. Daimler accuse le <a href=\"http:\/\/www.carideal.com\/blog\/2007\/11\/27\/l-industrie-automobile-chinoise\/\">constructeur Chinois<\/a>, de plagiat, il y aurait trop de ressemblances entre la chinoise Noble et la <a href=\"http:\/\/www.carideal.com\/blog\/2009\/02\/01\/smart-fortwo-i-d-occasion\/\">Smart Fortwo<\/a>.<\/p>\n\n\n\n<div class=\"wp-block-image\"><figure class=\"aligncenter size-large\"><img loading=\"lazy\" decoding=\"async\" width=\"400\" height=\"600\" src=\"http:\/\/www.carideal.com\/blog\/wp-content\/uploads\/2008\/01\/Shuanghuan-noble.jpg\" alt=\"Daimler contre les constructeurs chinois \u00e0 Bologne\" class=\"wp-image-25728\" srcset=\"https:\/\/www.carideal.com\/blog\/wp-content\/uploads\/2008\/01\/Shuanghuan-noble.jpg 400w, https:\/\/www.carideal.com\/blog\/wp-content\/uploads\/2008\/01\/Shuanghuan-noble-200x300.jpg 200w, https:\/\/www.carideal.com\/blog\/wp-content\/uploads\/2008\/01\/Shuanghuan-noble-33x50.jpg 33w, https:\/\/www.carideal.com\/blog\/wp-content\/uploads\/2008\/01\/Shuanghuan-noble-73x110.jpg 73w, https:\/\/www.carideal.com\/blog\/wp-content\/uploads\/2008\/01\/Shuanghuan-noble-280x420.jpg 280w, https:\/\/www.carideal.com\/blog\/wp-content\/uploads\/2008\/01\/Shuanghuan-noble-287x430.jpg 287w\" sizes=\"(max-width: 400px) 100vw, 400px\" \/><figcaption>Daimler contre les constructeurs chinois \u00e0 Bologne<\/figcaption><\/figure><\/div>\n\n\n\n<ul class=\"wp-block-list\"><li><a href=\"http:\/\/www.carideal.com\/blog\/2018\/02\/09\/meilleures-citadines-2018\/\">Les meilleures voitures citadines<\/a><\/li><\/ul>\n\n\n\n<p>Les constructeurs automobiles chinois ne se pr\u00e9occupent gu\u00e8re du fait qu'un certain nombre de leurs v\u00e9hicules semblent \u00eatre des copies flagrantes de mod\u00e8les de production d'autres constructeurs. La Shuanghuan Noble, qui a r\u00e9cemment \u00e9t\u00e9 mise en vente dans plusieurs pays europ\u00e9ens, est un clone \u00e9vident de la Smart Fortwo. Si le v\u00e9hicule n'a pas suffi \u00e0 donner une gifle \u00e0 la soci\u00e9t\u00e9 m\u00e8re de Smart, Daimler, le nouveau slogan de la voiture \"Plus intelligente que les autres\" ne gagne certainement pas de fans en Allemagne.<\/p>\n\n\n\n<p>Le mois dernier encore, Shuanghuan a re\u00e7u l'autorisation d'importer en Europe son clone de la <a href=\"http:\/\/www.carideal.com\/blog\/2013\/11\/10\/bmw-x5-4x2-et-4-cylindres\/\">BMW X5<\/a> appel\u00e9 le <a href=\"http:\/\/www.carideal.com\/blog\/2007\/11\/28\/le-sceo-de-shuanghuan\/\">CEO<\/a>. <a href=\"http:\/\/www.carideal.com\/blog\/marque-de-voiture-actualites-essais\/bmw\/\">BMW<\/a> se battait vigoureusement pour emp\u00eacher cela, et se bat peut-\u00eatre encore pour faire r\u00e9voquer l'approbation du PDG. Smart a r\u00e9cemment emp\u00each\u00e9 Shuanghuan de montrer sa version de la Fortwo au salon de l'automobile de Bologne en Italie, \u00e0 l'\u00e9poque o\u00f9 elle s'appelait la Bulle.<\/p>\n\n\n\n<p>Le prix d'une Shuanghuan Noble grecque se situe entre 8 880 et 11 880 euros, alors que le coup\u00e9 Smart Fortwo est propos\u00e9 \u00e0 partir de 9 850 euros. Il reste \u00e0 voir combien de personnes seront tent\u00e9es d'opter pour la Noble afin d'\u00e9conomiser moins de 1 000 euros.<\/p>\n","protected":false},"excerpt":{"rendered":"<p>Mercedes Daimler contre les constructeurs chinois \u00e0 Bologne Le groupe Allemand Daimler (Mercedes) est parvenu aupr\u00e8s des tribunaux \u00e0 emp\u00eacher la participation du constructeur chinois Shuanghuan au Salon de Bologne. Daimler accuse le constructeur Chinois, de plagiat, il y aurait trop de ressemblances entre la chinoise Noble et la Smart Fortwo. Les meilleures voitures citadines &#8230; <a title=\"Daimler contre les constructeurs chinois \u00e0 Bologne\" class=\"read-more\" href=\"https:\/\/www.carideal.com\/blog\/2008\/01\/07\/daimler-contre-les-chinois\/\" aria-label=\"En savoir plus sur Daimler contre les constructeurs chinois \u00e0 Bologne\">Lire plus<\/a><\/p>\n","protected":false},"author":3,"featured_media":25728,"comment_status":"open","ping_status":"open","sticky":false,"template":"","format":"standard","meta":{"_uag_custom_page_level_css":"","_themeisle_gutenberg_block_has_review":false,"footnotes":""},"categories":[21],"tags":[163],"class_list":["post-4589","post","type-post","status-publish","format-standard","has-post-thumbnail","hentry","category-actualites-auto","tag-chine"],"wppr_data":{"cwp_meta_box_check":"No"},"yoast_head":"<!-- This site is optimized with the Yoast SEO plugin v24.8.1 - https:\/\/yoast.com\/wordpress\/plugins\/seo\/ -->\n<title>Daimler contre les constructeurs chinois \u00e0 Bologne - Blog auto Carid\u00e9al<\/title>\n<meta name=\"description\" content=\"Le groupe Allemand Daimler (Mercedes) est parvenu aupr\u00e8s des tribunaux \u00e0 emp\u00eacher la participation du constructeur chinois Shuanghuan au Salon de Bologne\" \/>\n<meta name=\"robots\" content=\"index, follow, max-snippet:-1, max-image-preview:large, max-video-preview:-1\" \/>\n<link rel=\"canonical\" href=\"https:\/\/www.carideal.com\/blog\/2008\/01\/07\/daimler-contre-les-chinois\/\" \/>\n<meta property=\"og:locale\" content=\"fr_FR\" \/>\n<meta property=\"og:type\" content=\"article\" \/>\n<meta property=\"og:title\" content=\"Daimler contre les constructeurs chinois \u00e0 Bologne - Blog auto Carid\u00e9al\" \/>\n<meta property=\"og:description\" content=\"Le groupe Allemand Daimler (Mercedes) est parvenu aupr\u00e8s des tribunaux \u00e0 emp\u00eacher la participation du constructeur chinois Shuanghuan au Salon de Bologne\" \/>\n<meta property=\"og:url\" content=\"https:\/\/www.carideal.com\/blog\/2008\/01\/07\/daimler-contre-les-chinois\/\" \/>\n<meta property=\"og:site_name\" content=\"Blog auto Carid\u00e9al\" \/>\n<meta property=\"article:publisher\" content=\"https:\/\/www.facebook.com\/Carideal.mandataire.automobile\" \/>\n<meta property=\"article:author\" content=\"https:\/\/www.facebook.com\/nicolas.schiavon.39\" \/>\n<meta property=\"article:published_time\" content=\"2008-01-07T00:00:00+00:00\" \/>\n<meta property=\"article:modified_time\" content=\"2020-08-03T09:53:18+00:00\" \/>\n<meta property=\"og:image\" content=\"https:\/\/www.carideal.com\/blog\/wp-content\/uploads\/2008\/01\/Shuanghuan-noble.jpg\" \/>\n\t<meta property=\"og:image:width\" content=\"400\" \/>\n\t<meta property=\"og:image:height\" content=\"600\" \/>\n\t<meta property=\"og:image:type\" content=\"image\/jpeg\" \/>\n<meta name=\"author\" content=\"Nicolas SCHIAVON\" \/>\n<meta name=\"twitter:card\" content=\"summary_large_image\" \/>\n<meta name=\"twitter:creator\" content=\"@caridealauto\" \/>\n<meta name=\"twitter:site\" content=\"@caridealauto\" \/>\n<meta name=\"twitter:label1\" content=\"\u00c9crit par\" \/>\n\t<meta name=\"twitter:data1\" content=\"Nicolas SCHIAVON\" \/>\n\t<meta name=\"twitter:label2\" content=\"Dur\u00e9e de lecture estim\u00e9e\" \/>\n\t<meta name=\"twitter:data2\" content=\"1 minute\" \/>\n<script type=\"application\/ld+json\" class=\"yoast-schema-graph\">{\"@context\":\"https:\/\/schema.org\",\"@graph\":[{\"@type\":\"Article\",\"@id\":\"https:\/\/www.carideal.com\/blog\/2008\/01\/07\/daimler-contre-les-chinois\/#article\",\"isPartOf\":{\"@id\":\"https:\/\/www.carideal.com\/blog\/2008\/01\/07\/daimler-contre-les-chinois\/\"},\"author\":{\"name\":\"Nicolas SCHIAVON\",\"@id\":\"https:\/\/www.carideal.com\/blog\/#\/schema\/person\/cd95dc7919660de90d31b366f85be1ec\"},\"headline\":\"Daimler contre les constructeurs chinois \u00e0 Bologne\",\"datePublished\":\"2008-01-07T00:00:00+00:00\",\"dateModified\":\"2020-08-03T09:53:18+00:00\",\"mainEntityOfPage\":{\"@id\":\"https:\/\/www.carideal.com\/blog\/2008\/01\/07\/daimler-contre-les-chinois\/\"},\"wordCount\":271,\"commentCount\":0,\"publisher\":{\"@id\":\"https:\/\/www.carideal.com\/blog\/#organization\"},\"image\":{\"@id\":\"https:\/\/www.carideal.com\/blog\/2008\/01\/07\/daimler-contre-les-chinois\/#primaryimage\"},\"thumbnailUrl\":\"https:\/\/www.carideal.com\/blog\/wp-content\/uploads\/2008\/01\/Shuanghuan-noble.jpg\",\"keywords\":[\"Voiture chinoise\"],\"articleSection\":[\"Actualit\u00e9 automobile\"],\"inLanguage\":\"fr-FR\",\"potentialAction\":[{\"@type\":\"CommentAction\",\"name\":\"Comment\",\"target\":[\"https:\/\/www.carideal.com\/blog\/2008\/01\/07\/daimler-contre-les-chinois\/#respond\"]}]},{\"@type\":\"WebPage\",\"@id\":\"https:\/\/www.carideal.com\/blog\/2008\/01\/07\/daimler-contre-les-chinois\/\",\"url\":\"https:\/\/www.carideal.com\/blog\/2008\/01\/07\/daimler-contre-les-chinois\/\",\"name\":\"Daimler contre les constructeurs chinois \u00e0 Bologne - Blog auto Carid\u00e9al\",\"isPartOf\":{\"@id\":\"https:\/\/www.carideal.com\/blog\/#website\"},\"primaryImageOfPage\":{\"@id\":\"https:\/\/www.carideal.com\/blog\/2008\/01\/07\/daimler-contre-les-chinois\/#primaryimage\"},\"image\":{\"@id\":\"https:\/\/www.carideal.com\/blog\/2008\/01\/07\/daimler-contre-les-chinois\/#primaryimage\"},\"thumbnailUrl\":\"https:\/\/www.carideal.com\/blog\/wp-content\/uploads\/2008\/01\/Shuanghuan-noble.jpg\",\"datePublished\":\"2008-01-07T00:00:00+00:00\",\"dateModified\":\"2020-08-03T09:53:18+00:00\",\"description\":\"Le groupe Allemand Daimler (Mercedes) est parvenu aupr\u00e8s des tribunaux \u00e0 emp\u00eacher la participation du constructeur chinois Shuanghuan au Salon de Bologne\",\"breadcrumb\":{\"@id\":\"https:\/\/www.carideal.com\/blog\/2008\/01\/07\/daimler-contre-les-chinois\/#breadcrumb\"},\"inLanguage\":\"fr-FR\",\"potentialAction\":[{\"@type\":\"ReadAction\",\"target\":[\"https:\/\/www.carideal.com\/blog\/2008\/01\/07\/daimler-contre-les-chinois\/\"]}]},{\"@type\":\"ImageObject\",\"inLanguage\":\"fr-FR\",\"@id\":\"https:\/\/www.carideal.com\/blog\/2008\/01\/07\/daimler-contre-les-chinois\/#primaryimage\",\"url\":\"https:\/\/www.carideal.com\/blog\/wp-content\/uploads\/2008\/01\/Shuanghuan-noble.jpg\",\"contentUrl\":\"https:\/\/www.carideal.com\/blog\/wp-content\/uploads\/2008\/01\/Shuanghuan-noble.jpg\",\"width\":400,\"height\":600,\"caption\":\"Daimler contre les constructeurs chinois \u00e0 Bologne\"},{\"@type\":\"BreadcrumbList\",\"@id\":\"https:\/\/www.carideal.com\/blog\/2008\/01\/07\/daimler-contre-les-chinois\/#breadcrumb\",\"itemListElement\":[{\"@type\":\"ListItem\",\"position\":1,\"name\":\"Blog Carid\u00e9al\",\"item\":\"https:\/\/www.carideal.com\/blog\/\"},{\"@type\":\"ListItem\",\"position\":2,\"name\":\"Actualit\u00e9 automobile\",\"item\":\"https:\/\/www.carideal.com\/blog\/actualites-auto\/\"},{\"@type\":\"ListItem\",\"position\":3,\"name\":\"Daimler contre les constructeurs chinois \u00e0 Bologne\"}]},{\"@type\":\"WebSite\",\"@id\":\"https:\/\/www.carideal.com\/blog\/#website\",\"url\":\"https:\/\/www.carideal.com\/blog\/\",\"name\":\"Blog auto Carid\u00e9al\",\"description\":\"Actualit\u00e9 auto par des passionn\u00e9s\",\"publisher\":{\"@id\":\"https:\/\/www.carideal.com\/blog\/#organization\"},\"potentialAction\":[{\"@type\":\"SearchAction\",\"target\":{\"@type\":\"EntryPoint\",\"urlTemplate\":\"https:\/\/www.carideal.com\/blog\/?s={search_term_string}\"},\"query-input\":{\"@type\":\"PropertyValueSpecification\",\"valueRequired\":true,\"valueName\":\"search_term_string\"}}],\"inLanguage\":\"fr-FR\"},{\"@type\":\"Organization\",\"@id\":\"https:\/\/www.carideal.com\/blog\/#organization\",\"name\":\"Carideal\",\"url\":\"https:\/\/www.carideal.com\/blog\/\",\"logo\":{\"@type\":\"ImageObject\",\"inLanguage\":\"fr-FR\",\"@id\":\"https:\/\/www.carideal.com\/blog\/#\/schema\/logo\/image\/\",\"url\":\"http:\/\/www.carideal.com\/blog\/wp-content\/uploads\/2016\/03\/logo-carideal-mandataire-automobile.png\",\"contentUrl\":\"http:\/\/www.carideal.com\/blog\/wp-content\/uploads\/2016\/03\/logo-carideal-mandataire-automobile.png\",\"width\":300,\"height\":300,\"caption\":\"Carideal\"},\"image\":{\"@id\":\"https:\/\/www.carideal.com\/blog\/#\/schema\/logo\/image\/\"},\"sameAs\":[\"https:\/\/www.facebook.com\/Carideal.mandataire.automobile\",\"https:\/\/x.com\/caridealauto\",\"https:\/\/www.instagram.com\/carideal1\/\",\"https:\/\/www.linkedin.com\/company\/carideal.com\",\"https:\/\/fr.pinterest.com\/schiavonsas\/\",\"https:\/\/www.youtube.com\/user\/caridealsas\"]},{\"@type\":\"Person\",\"@id\":\"https:\/\/www.carideal.com\/blog\/#\/schema\/person\/cd95dc7919660de90d31b366f85be1ec\",\"name\":\"Nicolas SCHIAVON\",\"image\":{\"@type\":\"ImageObject\",\"inLanguage\":\"fr-FR\",\"@id\":\"https:\/\/www.carideal.com\/blog\/#\/schema\/person\/image\/\",\"url\":\"https:\/\/secure.gravatar.com\/avatar\/c17e55009e671d92cc7f5dc837dc418a?s=96&r=g\",\"contentUrl\":\"https:\/\/secure.gravatar.com\/avatar\/c17e55009e671d92cc7f5dc837dc418a?s=96&r=g\",\"caption\":\"Nicolas SCHIAVON\"},\"description\":\"Nicolas Schiavon est tomb\u00e9 tout petit dans la marmite automobile. Ayant eu un garage de marque automobile, mandataire automobile de la premi\u00e8re heure d\u00e8s 1999. Nicolas a cr\u00e9\u00e9 ces premiers sites de vente de voiture et blog automobile d\u00e8s 1994. Carideal est n\u00e9 le 15 d\u00e9cembre 2000 de la volont\u00e9 de vendre des voitures d'occasions en ligne puis des voitures neuves. Il a pu essayer beaucoup de voitures tr\u00e8s diff\u00e9rentes et ayant eu personnellement quelques belles autos, Subaru Impreza, Mitsubishi Lancer Evo 7, Porsche 911, Ferrari Testarrossa, Audi RS3, RS4 et j'en passe...\",\"sameAs\":[\"http:\/\/www.carideal.com\",\"https:\/\/www.facebook.com\/nicolas.schiavon.39\",\"https:\/\/www.instagram.com\/carideal1\/\",\"https:\/\/www.linkedin.com\/in\/nschiavon\/\",\"https:\/\/x.com\/caridealauto\",\"https:\/\/www.youtube.com\/user\/caridealsas\/\"],\"url\":\"https:\/\/www.carideal.com\/blog\/author\/nschiavon\/\"}]}<\/script>\n<!-- \/ Yoast SEO plugin. -->","yoast_head_json":{"title":"Daimler contre les constructeurs chinois \u00e0 Bologne - Blog auto Carid\u00e9al","description":"Le groupe Allemand Daimler (Mercedes) est parvenu aupr\u00e8s des tribunaux \u00e0 emp\u00eacher la participation du constructeur chinois Shuanghuan au Salon de Bologne","robots":{"index":"index","follow":"follow","max-snippet":"max-snippet:-1","max-image-preview":"max-image-preview:large","max-video-preview":"max-video-preview:-1"},"canonical":"https:\/\/www.carideal.com\/blog\/2008\/01\/07\/daimler-contre-les-chinois\/","og_locale":"fr_FR","og_type":"article","og_title":"Daimler contre les constructeurs chinois \u00e0 Bologne - Blog auto Carid\u00e9al","og_description":"Le groupe Allemand Daimler (Mercedes) est parvenu aupr\u00e8s des tribunaux \u00e0 emp\u00eacher la participation du constructeur chinois Shuanghuan au Salon de Bologne","og_url":"https:\/\/www.carideal.com\/blog\/2008\/01\/07\/daimler-contre-les-chinois\/","og_site_name":"Blog auto Carid\u00e9al","article_publisher":"https:\/\/www.facebook.com\/Carideal.mandataire.automobile","article_author":"https:\/\/www.facebook.com\/nicolas.schiavon.39","article_published_time":"2008-01-07T00:00:00+00:00","article_modified_time":"2020-08-03T09:53:18+00:00","og_image":[{"width":400,"height":600,"url":"https:\/\/www.carideal.com\/blog\/wp-content\/uploads\/2008\/01\/Shuanghuan-noble.jpg","type":"image\/jpeg"}],"author":"Nicolas SCHIAVON","twitter_card":"summary_large_image","twitter_creator":"@caridealauto","twitter_site":"@caridealauto","twitter_misc":{"\u00c9crit par":"Nicolas SCHIAVON","Dur\u00e9e de lecture estim\u00e9e":"1 minute"},"schema":{"@context":"https:\/\/schema.org","@graph":[{"@type":"Article","@id":"https:\/\/www.carideal.com\/blog\/2008\/01\/07\/daimler-contre-les-chinois\/#article","isPartOf":{"@id":"https:\/\/www.carideal.com\/blog\/2008\/01\/07\/daimler-contre-les-chinois\/"},"author":{"name":"Nicolas SCHIAVON","@id":"https:\/\/www.carideal.com\/blog\/#\/schema\/person\/cd95dc7919660de90d31b366f85be1ec"},"headline":"Daimler contre les constructeurs chinois \u00e0 Bologne","datePublished":"2008-01-07T00:00:00+00:00","dateModified":"2020-08-03T09:53:18+00:00","mainEntityOfPage":{"@id":"https:\/\/www.carideal.com\/blog\/2008\/01\/07\/daimler-contre-les-chinois\/"},"wordCount":271,"commentCount":0,"publisher":{"@id":"https:\/\/www.carideal.com\/blog\/#organization"},"image":{"@id":"https:\/\/www.carideal.com\/blog\/2008\/01\/07\/daimler-contre-les-chinois\/#primaryimage"},"thumbnailUrl":"https:\/\/www.carideal.com\/blog\/wp-content\/uploads\/2008\/01\/Shuanghuan-noble.jpg","keywords":["Voiture chinoise"],"articleSection":["Actualit\u00e9 automobile"],"inLanguage":"fr-FR","potentialAction":[{"@type":"CommentAction","name":"Comment","target":["https:\/\/www.carideal.com\/blog\/2008\/01\/07\/daimler-contre-les-chinois\/#respond"]}]},{"@type":"WebPage","@id":"https:\/\/www.carideal.com\/blog\/2008\/01\/07\/daimler-contre-les-chinois\/","url":"https:\/\/www.carideal.com\/blog\/2008\/01\/07\/daimler-contre-les-chinois\/","name":"Daimler contre les constructeurs chinois \u00e0 Bologne - Blog auto Carid\u00e9al","isPartOf":{"@id":"https:\/\/www.carideal.com\/blog\/#website"},"primaryImageOfPage":{"@id":"https:\/\/www.carideal.com\/blog\/2008\/01\/07\/daimler-contre-les-chinois\/#primaryimage"},"image":{"@id":"https:\/\/www.carideal.com\/blog\/2008\/01\/07\/daimler-contre-les-chinois\/#primaryimage"},"thumbnailUrl":"https:\/\/www.carideal.com\/blog\/wp-content\/uploads\/2008\/01\/Shuanghuan-noble.jpg","datePublished":"2008-01-07T00:00:00+00:00","dateModified":"2020-08-03T09:53:18+00:00","description":"Le groupe Allemand Daimler (Mercedes) est parvenu aupr\u00e8s des tribunaux \u00e0 emp\u00eacher la participation du constructeur chinois Shuanghuan au Salon de Bologne","breadcrumb":{"@id":"https:\/\/www.carideal.com\/blog\/2008\/01\/07\/daimler-contre-les-chinois\/#breadcrumb"},"inLanguage":"fr-FR","potentialAction":[{"@type":"ReadAction","target":["https:\/\/www.carideal.com\/blog\/2008\/01\/07\/daimler-contre-les-chinois\/"]}]},{"@type":"ImageObject","inLanguage":"fr-FR","@id":"https:\/\/www.carideal.com\/blog\/2008\/01\/07\/daimler-contre-les-chinois\/#primaryimage","url":"https:\/\/www.carideal.com\/blog\/wp-content\/uploads\/2008\/01\/Shuanghuan-noble.jpg","contentUrl":"https:\/\/www.carideal.com\/blog\/wp-content\/uploads\/2008\/01\/Shuanghuan-noble.jpg","width":400,"height":600,"caption":"Daimler contre les constructeurs chinois \u00e0 Bologne"},{"@type":"BreadcrumbList","@id":"https:\/\/www.carideal.com\/blog\/2008\/01\/07\/daimler-contre-les-chinois\/#breadcrumb","itemListElement":[{"@type":"ListItem","position":1,"name":"Blog Carid\u00e9al","item":"https:\/\/www.carideal.com\/blog\/"},{"@type":"ListItem","position":2,"name":"Actualit\u00e9 automobile","item":"https:\/\/www.carideal.com\/blog\/actualites-auto\/"},{"@type":"ListItem","position":3,"name":"Daimler contre les constructeurs chinois \u00e0 Bologne"}]},{"@type":"WebSite","@id":"https:\/\/www.carideal.com\/blog\/#website","url":"https:\/\/www.carideal.com\/blog\/","name":"Blog auto Carid\u00e9al","description":"Actualit\u00e9 auto par des passionn\u00e9s","publisher":{"@id":"https:\/\/www.carideal.com\/blog\/#organization"},"potentialAction":[{"@type":"SearchAction","target":{"@type":"EntryPoint","urlTemplate":"https:\/\/www.carideal.com\/blog\/?s={search_term_string}"},"query-input":{"@type":"PropertyValueSpecification","valueRequired":true,"valueName":"search_term_string"}}],"inLanguage":"fr-FR"},{"@type":"Organization","@id":"https:\/\/www.carideal.com\/blog\/#organization","name":"Carideal","url":"https:\/\/www.carideal.com\/blog\/","logo":{"@type":"ImageObject","inLanguage":"fr-FR","@id":"https:\/\/www.carideal.com\/blog\/#\/schema\/logo\/image\/","url":"http:\/\/www.carideal.com\/blog\/wp-content\/uploads\/2016\/03\/logo-carideal-mandataire-automobile.png","contentUrl":"http:\/\/www.carideal.com\/blog\/wp-content\/uploads\/2016\/03\/logo-carideal-mandataire-automobile.png","width":300,"height":300,"caption":"Carideal"},"image":{"@id":"https:\/\/www.carideal.com\/blog\/#\/schema\/logo\/image\/"},"sameAs":["https:\/\/www.facebook.com\/Carideal.mandataire.automobile","https:\/\/x.com\/caridealauto","https:\/\/www.instagram.com\/carideal1\/","https:\/\/www.linkedin.com\/company\/carideal.com","https:\/\/fr.pinterest.com\/schiavonsas\/","https:\/\/www.youtube.com\/user\/caridealsas"]},{"@type":"Person","@id":"https:\/\/www.carideal.com\/blog\/#\/schema\/person\/cd95dc7919660de90d31b366f85be1ec","name":"Nicolas SCHIAVON","image":{"@type":"ImageObject","inLanguage":"fr-FR","@id":"https:\/\/www.carideal.com\/blog\/#\/schema\/person\/image\/","url":"https:\/\/secure.gravatar.com\/avatar\/c17e55009e671d92cc7f5dc837dc418a?s=96&r=g","contentUrl":"https:\/\/secure.gravatar.com\/avatar\/c17e55009e671d92cc7f5dc837dc418a?s=96&r=g","caption":"Nicolas SCHIAVON"},"description":"Nicolas Schiavon est tomb\u00e9 tout petit dans la marmite automobile. Ayant eu un garage de marque automobile, mandataire automobile de la premi\u00e8re heure d\u00e8s 1999. Nicolas a cr\u00e9\u00e9 ces premiers sites de vente de voiture et blog automobile d\u00e8s 1994. Carideal est n\u00e9 le 15 d\u00e9cembre 2000 de la volont\u00e9 de vendre des voitures d'occasions en ligne puis des voitures neuves. Il a pu essayer beaucoup de voitures tr\u00e8s diff\u00e9rentes et ayant eu personnellement quelques belles autos, Subaru Impreza, Mitsubishi Lancer Evo 7, Porsche 911, Ferrari Testarrossa, Audi RS3, RS4 et j'en passe...","sameAs":["http:\/\/www.carideal.com","https:\/\/www.facebook.com\/nicolas.schiavon.39","https:\/\/www.instagram.com\/carideal1\/","https:\/\/www.linkedin.com\/in\/nschiavon\/","https:\/\/x.com\/caridealauto","https:\/\/www.youtube.com\/user\/caridealsas\/"],"url":"https:\/\/www.carideal.com\/blog\/author\/nschiavon\/"}]}},"uagb_featured_image_src":{"full":["https:\/\/www.carideal.com\/blog\/wp-content\/uploads\/2008\/01\/Shuanghuan-noble.jpg",400,600,false],"thumbnail":["https:\/\/www.carideal.com\/blog\/wp-content\/uploads\/2008\/01\/Shuanghuan-noble-150x150.jpg",150,150,true],"medium":["https:\/\/www.carideal.com\/blog\/wp-content\/uploads\/2008\/01\/Shuanghuan-noble-200x300.jpg",200,300,true],"medium_large":["https:\/\/www.carideal.com\/blog\/wp-content\/uploads\/2008\/01\/Shuanghuan-noble.jpg",400,600,false],"large":["https:\/\/www.carideal.com\/blog\/wp-content\/uploads\/2008\/01\/Shuanghuan-noble.jpg",400,600,false],"1536x1536":["https:\/\/www.carideal.com\/blog\/wp-content\/uploads\/2008\/01\/Shuanghuan-noble.jpg",400,600,false],"2048x2048":["https:\/\/www.carideal.com\/blog\/wp-content\/uploads\/2008\/01\/Shuanghuan-noble.jpg",400,600,false],"wppr-widget":["https:\/\/www.carideal.com\/blog\/wp-content\/uploads\/2008\/01\/Shuanghuan-noble-33x50.jpg",33,50,true]},"uagb_author_info":{"display_name":"Nicolas SCHIAVON","author_link":"https:\/\/www.carideal.com\/blog\/author\/nschiavon\/"},"uagb_comment_info":0,"uagb_excerpt":"Mercedes Daimler contre les constructeurs chinois \u00e0 Bologne Le groupe Allemand Daimler (Mercedes) est parvenu aupr\u00e8s des tribunaux \u00e0 emp\u00eacher la participation du constructeur chinois Shuanghuan au Salon de Bologne. Daimler accuse le constructeur Chinois, de plagiat, il y aurait trop de ressemblances entre la chinoise Noble et la Smart Fortwo. Les meilleures voitures citadines\u2026","_links":{"self":[{"href":"https:\/\/www.carideal.com\/blog\/wp-json\/wp\/v2\/posts\/4589"}],"collection":[{"href":"https:\/\/www.carideal.com\/blog\/wp-json\/wp\/v2\/posts"}],"about":[{"href":"https:\/\/www.carideal.com\/blog\/wp-json\/wp\/v2\/types\/post"}],"author":[{"embeddable":true,"href":"https:\/\/www.carideal.com\/blog\/wp-json\/wp\/v2\/users\/3"}],"replies":[{"embeddable":true,"href":"https:\/\/www.carideal.com\/blog\/wp-json\/wp\/v2\/comments?post=4589"}],"version-history":[{"count":0,"href":"https:\/\/www.carideal.com\/blog\/wp-json\/wp\/v2\/posts\/4589\/revisions"}],"wp:featuredmedia":[{"embeddable":true,"href":"https:\/\/www.carideal.com\/blog\/wp-json\/wp\/v2\/media\/25728"}],"wp:attachment":[{"href":"https:\/\/www.carideal.com\/blog\/wp-json\/wp\/v2\/media?parent=4589"}],"wp:term":[{"taxonomy":"category","embeddable":true,"href":"https:\/\/www.carideal.com\/blog\/wp-json\/wp\/v2\/categories?post=4589"},{"taxonomy":"post_tag","embeddable":true,"href":"https:\/\/www.carideal.com\/blog\/wp-json\/wp\/v2\/tags?post=4589"}],"curies":[{"name":"wp","href":"https:\/\/api.w.org\/{rel}","templated":true}]}}