{"id":4588,"date":"2008-01-07T00:00:00","date_gmt":"2008-01-07T00:00:00","guid":{"rendered":"http:\/\/www.carideal.com\/blog\/2008\/01\/07\/ethanol-et-agriculteurs\/"},"modified":"2020-07-30T19:13:06","modified_gmt":"2020-07-30T17:13:06","slug":"ethanol-et-agriculteurs","status":"publish","type":"post","link":"https:\/\/www.carideal.com\/blog\/2008\/01\/07\/ethanol-et-agriculteurs\/","title":{"rendered":"Ethanol et agriculteurs"},"content":{"rendered":"\n<h2 class=\"wp-block-heading\">ETHANOL ET AGRICULTEURS<\/h2>\n\n\n\n<p>Trois organisations agricoles ont sign\u00e9s un communiqu\u00e9 d\u00e9non\u00e7ant le gouvernement et le non-respect de sa parole. Les c\u00e9r\u00e9aliers, betteraviers, et producteurs de mais sont inquiets de la volont\u00e9 du gouvernement de taxer l'<strong>\u00e9thanol ou E85<\/strong> contrairement \u00e0 ce qu'avait promis le pr\u00e9c\u00e9dent gouvernement de Villepin.<\/p>\n\n\n\n<div class=\"wp-block-image\"><figure class=\"aligncenter size-large\"><img loading=\"lazy\" decoding=\"async\" width=\"400\" height=\"300\" src=\"http:\/\/www.carideal.com\/blog\/wp-content\/uploads\/2008\/01\/ethanol-85-carideal-1199691012.jpg\" alt=\"Ethanol E85\" class=\"wp-image-25725\" srcset=\"https:\/\/www.carideal.com\/blog\/wp-content\/uploads\/2008\/01\/ethanol-85-carideal-1199691012.jpg 400w, https:\/\/www.carideal.com\/blog\/wp-content\/uploads\/2008\/01\/ethanol-85-carideal-1199691012-300x225.jpg 300w, https:\/\/www.carideal.com\/blog\/wp-content\/uploads\/2008\/01\/ethanol-85-carideal-1199691012-50x38.jpg 50w, https:\/\/www.carideal.com\/blog\/wp-content\/uploads\/2008\/01\/ethanol-85-carideal-1199691012-110x83.jpg 110w\" sizes=\"(max-width: 400px) 100vw, 400px\" \/><figcaption>Ethanol E85<\/figcaption><\/figure><\/div>\n\n\n\n<p>Les subventions \u00e0 l'<a href=\"http:\/\/www.carideal.com\/blog\/2013\/12\/31\/les-francais-sont-pour-le-bioethanol\/\">\u00e9thanol<\/a> sont bien \u00e9tablies dans la politique fran\u00e7aise et ont une priorit\u00e9 \u00e9lev\u00e9e dans l'agenda politique des producteurs de ma\u00efs. Ce document d\u00e9veloppe un mod\u00e8le de march\u00e9 vertical de l'\u00e9thanol, des sous-produits et du ma\u00efs qui est utilis\u00e9 pour analyser si les producteurs de ma\u00efs pr\u00e9f\u00e9reraient que l'argent des subventions du gouvernement soit d\u00e9pens\u00e9 directement pour les subventions du ma\u00efs (par le biais de paiements compensatoires) plut\u00f4t que pour une subvention sur l'\u00e9thanol fabriqu\u00e9 \u00e0 partir du ma\u00efs. <\/p>\n\n\n\n<ul class=\"wp-block-list\"><li><a href=\"http:\/\/www.carideal.com\/blog\/2007\/12\/10\/seulement-150-pompes-a-ethanol-e85-en-service\/\">Seulement 150 pompe \u00e0 l'\u00e9thanol<\/a><\/li><\/ul>\n\n\n\n<p>Comme le montant de la subvention doit \u00eatre partag\u00e9 avec les fabricants d'\u00e9thanol dans le cadre de la subvention \u00e0 l'\u00e9thanol, il faut s'attendre, et le mod\u00e8le le confirme, \u00e0 ce qu'un euro d\u00e9pens\u00e9 pour une subvention directe au ma\u00efs augmente le surplus du producteur de ma\u00efs plus qu'un dollar d\u00e9pens\u00e9 pour une subvention \u00e0 l'\u00e9thanol selon de nombreuses valeurs plausibles des param\u00e8tres pertinents. <\/p>\n\n\n\n<ul class=\"wp-block-list\"><li><a href=\"http:\/\/www.carideal.com\/blog\/2020\/01\/11\/meilleures-voitures-vertes-a-faibles-emissions\/\">Les meilleures voitures vertes<\/a><\/li><\/ul>\n\n\n\n<p>Mais il existe des valeurs de param\u00e8tres tout aussi plausibles en vertu desquelles la subvention \u00e0 l'\u00e9thanol est pr\u00e9f\u00e9r\u00e9e par les producteurs de ma\u00efs. L'\u00e9conomie de ce r\u00e9sultat repose principalement sur la discrimination de prix qu'une subvention \u00e0 l'\u00e9thanol cr\u00e9e entre l'\u00e9thanol et le ma\u00efs utilis\u00e9 pour l'alimentation animale et l'exportation, ce qui r\u00e9duit le prix d'achat de l'\u00e9thanol et des sous-produits mais augmente le prix du ma\u00efs utilis\u00e9 pour l'alimentation animale et export\u00e9. <\/p>\n\n\n\n<p>Cela permet aux producteurs de ma\u00efs et d'\u00e9thanol d'augmenter leurs exc\u00e9dents de co-production au-del\u00e0 de la valeur totale des subventions vers\u00e9es. Le document analyse \u00e9galement le co\u00fbt social (perte de poids mort) de ces subventions et constate que la subvention \u00e0 l'\u00e9thanol qui g\u00e9n\u00e8re des pertes de poids mort se chiffre probablement en milliards de dollars par an.<\/p>\n","protected":false},"excerpt":{"rendered":"<p>ETHANOL ET AGRICULTEURS Trois organisations agricoles ont sign\u00e9s un communiqu\u00e9 d\u00e9non\u00e7ant le gouvernement et le non-respect de sa parole. Les c\u00e9r\u00e9aliers, betteraviers, et producteurs de mais sont inquiets de la volont\u00e9 du gouvernement de taxer l&rsquo;\u00e9thanol ou E85 contrairement \u00e0 ce qu&rsquo;avait promis le pr\u00e9c\u00e9dent gouvernement de Villepin. Les subventions \u00e0 l&rsquo;\u00e9thanol sont bien \u00e9tablies &#8230; <a title=\"Ethanol et agriculteurs\" class=\"read-more\" href=\"https:\/\/www.carideal.com\/blog\/2008\/01\/07\/ethanol-et-agriculteurs\/\" aria-label=\"En savoir plus sur Ethanol et agriculteurs\">Lire plus<\/a><\/p>\n","protected":false},"author":3,"featured_media":25725,"comment_status":"open","ping_status":"open","sticky":false,"template":"","format":"standard","meta":{"_uag_custom_page_level_css":"","_themeisle_gutenberg_block_has_review":false,"footnotes":""},"categories":[6],"tags":[946],"class_list":["post-4588","post","type-post","status-publish","format-standard","has-post-thumbnail","hentry","category-ecologie","tag-ethanol"],"wppr_data":{"cwp_meta_box_check":"No"},"yoast_head":"<!-- This site is optimized with the Yoast SEO plugin v24.8.1 - https:\/\/yoast.com\/wordpress\/plugins\/seo\/ -->\n<title>Ethanol et agriculteurs - Blog auto Carid\u00e9al<\/title>\n<meta name=\"robots\" content=\"index, follow, max-snippet:-1, max-image-preview:large, max-video-preview:-1\" \/>\n<link rel=\"canonical\" href=\"https:\/\/www.carideal.com\/blog\/2008\/01\/07\/ethanol-et-agriculteurs\/\" \/>\n<meta property=\"og:locale\" content=\"fr_FR\" \/>\n<meta property=\"og:type\" content=\"article\" \/>\n<meta property=\"og:title\" content=\"Ethanol et agriculteurs - Blog auto Carid\u00e9al\" \/>\n<meta property=\"og:description\" content=\"ETHANOL ET AGRICULTEURS Trois organisations agricoles ont sign\u00e9s un communiqu\u00e9 d\u00e9non\u00e7ant le gouvernement et le non-respect de sa parole. Les c\u00e9r\u00e9aliers, betteraviers, et producteurs de mais sont inquiets de la volont\u00e9 du gouvernement de taxer l&#039;\u00e9thanol ou E85 contrairement \u00e0 ce qu&#039;avait promis le pr\u00e9c\u00e9dent gouvernement de Villepin. Les subventions \u00e0 l&#039;\u00e9thanol sont bien \u00e9tablies ... Lire plus\" \/>\n<meta property=\"og:url\" content=\"https:\/\/www.carideal.com\/blog\/2008\/01\/07\/ethanol-et-agriculteurs\/\" \/>\n<meta property=\"og:site_name\" content=\"Blog auto Carid\u00e9al\" \/>\n<meta property=\"article:publisher\" content=\"https:\/\/www.facebook.com\/Carideal.mandataire.automobile\" \/>\n<meta property=\"article:author\" content=\"https:\/\/www.facebook.com\/nicolas.schiavon.39\" \/>\n<meta property=\"article:published_time\" content=\"2008-01-07T00:00:00+00:00\" \/>\n<meta property=\"article:modified_time\" content=\"2020-07-30T17:13:06+00:00\" \/>\n<meta property=\"og:image\" content=\"https:\/\/www.carideal.com\/blog\/wp-content\/uploads\/2008\/01\/ethanol-85-carideal-1199691012.jpg\" \/>\n\t<meta property=\"og:image:width\" content=\"400\" \/>\n\t<meta property=\"og:image:height\" content=\"300\" \/>\n\t<meta property=\"og:image:type\" content=\"image\/jpeg\" \/>\n<meta name=\"author\" content=\"Nicolas SCHIAVON\" \/>\n<meta name=\"twitter:card\" content=\"summary_large_image\" \/>\n<meta name=\"twitter:creator\" content=\"@caridealauto\" \/>\n<meta name=\"twitter:site\" content=\"@caridealauto\" \/>\n<meta name=\"twitter:label1\" content=\"\u00c9crit par\" \/>\n\t<meta name=\"twitter:data1\" content=\"Nicolas SCHIAVON\" \/>\n\t<meta name=\"twitter:label2\" content=\"Dur\u00e9e de lecture estim\u00e9e\" \/>\n\t<meta name=\"twitter:data2\" content=\"2 minutes\" \/>\n<script type=\"application\/ld+json\" class=\"yoast-schema-graph\">{\"@context\":\"https:\/\/schema.org\",\"@graph\":[{\"@type\":\"Article\",\"@id\":\"https:\/\/www.carideal.com\/blog\/2008\/01\/07\/ethanol-et-agriculteurs\/#article\",\"isPartOf\":{\"@id\":\"https:\/\/www.carideal.com\/blog\/2008\/01\/07\/ethanol-et-agriculteurs\/\"},\"author\":{\"name\":\"Nicolas SCHIAVON\",\"@id\":\"https:\/\/www.carideal.com\/blog\/#\/schema\/person\/cd95dc7919660de90d31b366f85be1ec\"},\"headline\":\"Ethanol et agriculteurs\",\"datePublished\":\"2008-01-07T00:00:00+00:00\",\"dateModified\":\"2020-07-30T17:13:06+00:00\",\"mainEntityOfPage\":{\"@id\":\"https:\/\/www.carideal.com\/blog\/2008\/01\/07\/ethanol-et-agriculteurs\/\"},\"wordCount\":385,\"commentCount\":0,\"publisher\":{\"@id\":\"https:\/\/www.carideal.com\/blog\/#organization\"},\"image\":{\"@id\":\"https:\/\/www.carideal.com\/blog\/2008\/01\/07\/ethanol-et-agriculteurs\/#primaryimage\"},\"thumbnailUrl\":\"https:\/\/www.carideal.com\/blog\/wp-content\/uploads\/2008\/01\/ethanol-85-carideal-1199691012.jpg\",\"keywords\":[\"\u00e9thanol\"],\"articleSection\":[\"Ecologie\"],\"inLanguage\":\"fr-FR\",\"potentialAction\":[{\"@type\":\"CommentAction\",\"name\":\"Comment\",\"target\":[\"https:\/\/www.carideal.com\/blog\/2008\/01\/07\/ethanol-et-agriculteurs\/#respond\"]}]},{\"@type\":\"WebPage\",\"@id\":\"https:\/\/www.carideal.com\/blog\/2008\/01\/07\/ethanol-et-agriculteurs\/\",\"url\":\"https:\/\/www.carideal.com\/blog\/2008\/01\/07\/ethanol-et-agriculteurs\/\",\"name\":\"Ethanol et agriculteurs - Blog auto Carid\u00e9al\",\"isPartOf\":{\"@id\":\"https:\/\/www.carideal.com\/blog\/#website\"},\"primaryImageOfPage\":{\"@id\":\"https:\/\/www.carideal.com\/blog\/2008\/01\/07\/ethanol-et-agriculteurs\/#primaryimage\"},\"image\":{\"@id\":\"https:\/\/www.carideal.com\/blog\/2008\/01\/07\/ethanol-et-agriculteurs\/#primaryimage\"},\"thumbnailUrl\":\"https:\/\/www.carideal.com\/blog\/wp-content\/uploads\/2008\/01\/ethanol-85-carideal-1199691012.jpg\",\"datePublished\":\"2008-01-07T00:00:00+00:00\",\"dateModified\":\"2020-07-30T17:13:06+00:00\",\"breadcrumb\":{\"@id\":\"https:\/\/www.carideal.com\/blog\/2008\/01\/07\/ethanol-et-agriculteurs\/#breadcrumb\"},\"inLanguage\":\"fr-FR\",\"potentialAction\":[{\"@type\":\"ReadAction\",\"target\":[\"https:\/\/www.carideal.com\/blog\/2008\/01\/07\/ethanol-et-agriculteurs\/\"]}]},{\"@type\":\"ImageObject\",\"inLanguage\":\"fr-FR\",\"@id\":\"https:\/\/www.carideal.com\/blog\/2008\/01\/07\/ethanol-et-agriculteurs\/#primaryimage\",\"url\":\"https:\/\/www.carideal.com\/blog\/wp-content\/uploads\/2008\/01\/ethanol-85-carideal-1199691012.jpg\",\"contentUrl\":\"https:\/\/www.carideal.com\/blog\/wp-content\/uploads\/2008\/01\/ethanol-85-carideal-1199691012.jpg\",\"width\":400,\"height\":300,\"caption\":\"Ethanol E85\"},{\"@type\":\"BreadcrumbList\",\"@id\":\"https:\/\/www.carideal.com\/blog\/2008\/01\/07\/ethanol-et-agriculteurs\/#breadcrumb\",\"itemListElement\":[{\"@type\":\"ListItem\",\"position\":1,\"name\":\"Blog Carid\u00e9al\",\"item\":\"https:\/\/www.carideal.com\/blog\/\"},{\"@type\":\"ListItem\",\"position\":2,\"name\":\"Ecologie\",\"item\":\"https:\/\/www.carideal.com\/blog\/ecologie\/\"},{\"@type\":\"ListItem\",\"position\":3,\"name\":\"Ethanol et agriculteurs\"}]},{\"@type\":\"WebSite\",\"@id\":\"https:\/\/www.carideal.com\/blog\/#website\",\"url\":\"https:\/\/www.carideal.com\/blog\/\",\"name\":\"Blog auto Carid\u00e9al\",\"description\":\"Actualit\u00e9 auto par des passionn\u00e9s\",\"publisher\":{\"@id\":\"https:\/\/www.carideal.com\/blog\/#organization\"},\"potentialAction\":[{\"@type\":\"SearchAction\",\"target\":{\"@type\":\"EntryPoint\",\"urlTemplate\":\"https:\/\/www.carideal.com\/blog\/?s={search_term_string}\"},\"query-input\":{\"@type\":\"PropertyValueSpecification\",\"valueRequired\":true,\"valueName\":\"search_term_string\"}}],\"inLanguage\":\"fr-FR\"},{\"@type\":\"Organization\",\"@id\":\"https:\/\/www.carideal.com\/blog\/#organization\",\"name\":\"Carideal\",\"url\":\"https:\/\/www.carideal.com\/blog\/\",\"logo\":{\"@type\":\"ImageObject\",\"inLanguage\":\"fr-FR\",\"@id\":\"https:\/\/www.carideal.com\/blog\/#\/schema\/logo\/image\/\",\"url\":\"http:\/\/www.carideal.com\/blog\/wp-content\/uploads\/2016\/03\/logo-carideal-mandataire-automobile.png\",\"contentUrl\":\"http:\/\/www.carideal.com\/blog\/wp-content\/uploads\/2016\/03\/logo-carideal-mandataire-automobile.png\",\"width\":300,\"height\":300,\"caption\":\"Carideal\"},\"image\":{\"@id\":\"https:\/\/www.carideal.com\/blog\/#\/schema\/logo\/image\/\"},\"sameAs\":[\"https:\/\/www.facebook.com\/Carideal.mandataire.automobile\",\"https:\/\/x.com\/caridealauto\",\"https:\/\/www.instagram.com\/carideal1\/\",\"https:\/\/www.linkedin.com\/company\/carideal.com\",\"https:\/\/fr.pinterest.com\/schiavonsas\/\",\"https:\/\/www.youtube.com\/user\/caridealsas\"]},{\"@type\":\"Person\",\"@id\":\"https:\/\/www.carideal.com\/blog\/#\/schema\/person\/cd95dc7919660de90d31b366f85be1ec\",\"name\":\"Nicolas SCHIAVON\",\"image\":{\"@type\":\"ImageObject\",\"inLanguage\":\"fr-FR\",\"@id\":\"https:\/\/www.carideal.com\/blog\/#\/schema\/person\/image\/\",\"url\":\"https:\/\/secure.gravatar.com\/avatar\/c17e55009e671d92cc7f5dc837dc418a?s=96&r=g\",\"contentUrl\":\"https:\/\/secure.gravatar.com\/avatar\/c17e55009e671d92cc7f5dc837dc418a?s=96&r=g\",\"caption\":\"Nicolas SCHIAVON\"},\"description\":\"Nicolas Schiavon est tomb\u00e9 tout petit dans la marmite automobile. Ayant eu un garage de marque automobile, mandataire automobile de la premi\u00e8re heure d\u00e8s 1999. Nicolas a cr\u00e9\u00e9 ces premiers sites de vente de voiture et blog automobile d\u00e8s 1994. Carideal est n\u00e9 le 15 d\u00e9cembre 2000 de la volont\u00e9 de vendre des voitures d'occasions en ligne puis des voitures neuves. Il a pu essayer beaucoup de voitures tr\u00e8s diff\u00e9rentes et ayant eu personnellement quelques belles autos, Subaru Impreza, Mitsubishi Lancer Evo 7, Porsche 911, Ferrari Testarrossa, Audi RS3, RS4 et j'en passe...\",\"sameAs\":[\"http:\/\/www.carideal.com\",\"https:\/\/www.facebook.com\/nicolas.schiavon.39\",\"https:\/\/www.instagram.com\/carideal1\/\",\"https:\/\/www.linkedin.com\/in\/nschiavon\/\",\"https:\/\/x.com\/caridealauto\",\"https:\/\/www.youtube.com\/user\/caridealsas\/\"],\"url\":\"https:\/\/www.carideal.com\/blog\/author\/nschiavon\/\"}]}<\/script>\n<!-- \/ Yoast SEO plugin. -->","yoast_head_json":{"title":"Ethanol et agriculteurs - Blog auto Carid\u00e9al","robots":{"index":"index","follow":"follow","max-snippet":"max-snippet:-1","max-image-preview":"max-image-preview:large","max-video-preview":"max-video-preview:-1"},"canonical":"https:\/\/www.carideal.com\/blog\/2008\/01\/07\/ethanol-et-agriculteurs\/","og_locale":"fr_FR","og_type":"article","og_title":"Ethanol et agriculteurs - Blog auto Carid\u00e9al","og_description":"ETHANOL ET AGRICULTEURS Trois organisations agricoles ont sign\u00e9s un communiqu\u00e9 d\u00e9non\u00e7ant le gouvernement et le non-respect de sa parole. Les c\u00e9r\u00e9aliers, betteraviers, et producteurs de mais sont inquiets de la volont\u00e9 du gouvernement de taxer l'\u00e9thanol ou E85 contrairement \u00e0 ce qu'avait promis le pr\u00e9c\u00e9dent gouvernement de Villepin. Les subventions \u00e0 l'\u00e9thanol sont bien \u00e9tablies ... Lire plus","og_url":"https:\/\/www.carideal.com\/blog\/2008\/01\/07\/ethanol-et-agriculteurs\/","og_site_name":"Blog auto Carid\u00e9al","article_publisher":"https:\/\/www.facebook.com\/Carideal.mandataire.automobile","article_author":"https:\/\/www.facebook.com\/nicolas.schiavon.39","article_published_time":"2008-01-07T00:00:00+00:00","article_modified_time":"2020-07-30T17:13:06+00:00","og_image":[{"width":400,"height":300,"url":"https:\/\/www.carideal.com\/blog\/wp-content\/uploads\/2008\/01\/ethanol-85-carideal-1199691012.jpg","type":"image\/jpeg"}],"author":"Nicolas SCHIAVON","twitter_card":"summary_large_image","twitter_creator":"@caridealauto","twitter_site":"@caridealauto","twitter_misc":{"\u00c9crit par":"Nicolas SCHIAVON","Dur\u00e9e de lecture estim\u00e9e":"2 minutes"},"schema":{"@context":"https:\/\/schema.org","@graph":[{"@type":"Article","@id":"https:\/\/www.carideal.com\/blog\/2008\/01\/07\/ethanol-et-agriculteurs\/#article","isPartOf":{"@id":"https:\/\/www.carideal.com\/blog\/2008\/01\/07\/ethanol-et-agriculteurs\/"},"author":{"name":"Nicolas SCHIAVON","@id":"https:\/\/www.carideal.com\/blog\/#\/schema\/person\/cd95dc7919660de90d31b366f85be1ec"},"headline":"Ethanol et agriculteurs","datePublished":"2008-01-07T00:00:00+00:00","dateModified":"2020-07-30T17:13:06+00:00","mainEntityOfPage":{"@id":"https:\/\/www.carideal.com\/blog\/2008\/01\/07\/ethanol-et-agriculteurs\/"},"wordCount":385,"commentCount":0,"publisher":{"@id":"https:\/\/www.carideal.com\/blog\/#organization"},"image":{"@id":"https:\/\/www.carideal.com\/blog\/2008\/01\/07\/ethanol-et-agriculteurs\/#primaryimage"},"thumbnailUrl":"https:\/\/www.carideal.com\/blog\/wp-content\/uploads\/2008\/01\/ethanol-85-carideal-1199691012.jpg","keywords":["\u00e9thanol"],"articleSection":["Ecologie"],"inLanguage":"fr-FR","potentialAction":[{"@type":"CommentAction","name":"Comment","target":["https:\/\/www.carideal.com\/blog\/2008\/01\/07\/ethanol-et-agriculteurs\/#respond"]}]},{"@type":"WebPage","@id":"https:\/\/www.carideal.com\/blog\/2008\/01\/07\/ethanol-et-agriculteurs\/","url":"https:\/\/www.carideal.com\/blog\/2008\/01\/07\/ethanol-et-agriculteurs\/","name":"Ethanol et agriculteurs - Blog auto Carid\u00e9al","isPartOf":{"@id":"https:\/\/www.carideal.com\/blog\/#website"},"primaryImageOfPage":{"@id":"https:\/\/www.carideal.com\/blog\/2008\/01\/07\/ethanol-et-agriculteurs\/#primaryimage"},"image":{"@id":"https:\/\/www.carideal.com\/blog\/2008\/01\/07\/ethanol-et-agriculteurs\/#primaryimage"},"thumbnailUrl":"https:\/\/www.carideal.com\/blog\/wp-content\/uploads\/2008\/01\/ethanol-85-carideal-1199691012.jpg","datePublished":"2008-01-07T00:00:00+00:00","dateModified":"2020-07-30T17:13:06+00:00","breadcrumb":{"@id":"https:\/\/www.carideal.com\/blog\/2008\/01\/07\/ethanol-et-agriculteurs\/#breadcrumb"},"inLanguage":"fr-FR","potentialAction":[{"@type":"ReadAction","target":["https:\/\/www.carideal.com\/blog\/2008\/01\/07\/ethanol-et-agriculteurs\/"]}]},{"@type":"ImageObject","inLanguage":"fr-FR","@id":"https:\/\/www.carideal.com\/blog\/2008\/01\/07\/ethanol-et-agriculteurs\/#primaryimage","url":"https:\/\/www.carideal.com\/blog\/wp-content\/uploads\/2008\/01\/ethanol-85-carideal-1199691012.jpg","contentUrl":"https:\/\/www.carideal.com\/blog\/wp-content\/uploads\/2008\/01\/ethanol-85-carideal-1199691012.jpg","width":400,"height":300,"caption":"Ethanol E85"},{"@type":"BreadcrumbList","@id":"https:\/\/www.carideal.com\/blog\/2008\/01\/07\/ethanol-et-agriculteurs\/#breadcrumb","itemListElement":[{"@type":"ListItem","position":1,"name":"Blog Carid\u00e9al","item":"https:\/\/www.carideal.com\/blog\/"},{"@type":"ListItem","position":2,"name":"Ecologie","item":"https:\/\/www.carideal.com\/blog\/ecologie\/"},{"@type":"ListItem","position":3,"name":"Ethanol et agriculteurs"}]},{"@type":"WebSite","@id":"https:\/\/www.carideal.com\/blog\/#website","url":"https:\/\/www.carideal.com\/blog\/","name":"Blog auto Carid\u00e9al","description":"Actualit\u00e9 auto par des passionn\u00e9s","publisher":{"@id":"https:\/\/www.carideal.com\/blog\/#organization"},"potentialAction":[{"@type":"SearchAction","target":{"@type":"EntryPoint","urlTemplate":"https:\/\/www.carideal.com\/blog\/?s={search_term_string}"},"query-input":{"@type":"PropertyValueSpecification","valueRequired":true,"valueName":"search_term_string"}}],"inLanguage":"fr-FR"},{"@type":"Organization","@id":"https:\/\/www.carideal.com\/blog\/#organization","name":"Carideal","url":"https:\/\/www.carideal.com\/blog\/","logo":{"@type":"ImageObject","inLanguage":"fr-FR","@id":"https:\/\/www.carideal.com\/blog\/#\/schema\/logo\/image\/","url":"http:\/\/www.carideal.com\/blog\/wp-content\/uploads\/2016\/03\/logo-carideal-mandataire-automobile.png","contentUrl":"http:\/\/www.carideal.com\/blog\/wp-content\/uploads\/2016\/03\/logo-carideal-mandataire-automobile.png","width":300,"height":300,"caption":"Carideal"},"image":{"@id":"https:\/\/www.carideal.com\/blog\/#\/schema\/logo\/image\/"},"sameAs":["https:\/\/www.facebook.com\/Carideal.mandataire.automobile","https:\/\/x.com\/caridealauto","https:\/\/www.instagram.com\/carideal1\/","https:\/\/www.linkedin.com\/company\/carideal.com","https:\/\/fr.pinterest.com\/schiavonsas\/","https:\/\/www.youtube.com\/user\/caridealsas"]},{"@type":"Person","@id":"https:\/\/www.carideal.com\/blog\/#\/schema\/person\/cd95dc7919660de90d31b366f85be1ec","name":"Nicolas SCHIAVON","image":{"@type":"ImageObject","inLanguage":"fr-FR","@id":"https:\/\/www.carideal.com\/blog\/#\/schema\/person\/image\/","url":"https:\/\/secure.gravatar.com\/avatar\/c17e55009e671d92cc7f5dc837dc418a?s=96&r=g","contentUrl":"https:\/\/secure.gravatar.com\/avatar\/c17e55009e671d92cc7f5dc837dc418a?s=96&r=g","caption":"Nicolas SCHIAVON"},"description":"Nicolas Schiavon est tomb\u00e9 tout petit dans la marmite automobile. Ayant eu un garage de marque automobile, mandataire automobile de la premi\u00e8re heure d\u00e8s 1999. Nicolas a cr\u00e9\u00e9 ces premiers sites de vente de voiture et blog automobile d\u00e8s 1994. Carideal est n\u00e9 le 15 d\u00e9cembre 2000 de la volont\u00e9 de vendre des voitures d'occasions en ligne puis des voitures neuves. Il a pu essayer beaucoup de voitures tr\u00e8s diff\u00e9rentes et ayant eu personnellement quelques belles autos, Subaru Impreza, Mitsubishi Lancer Evo 7, Porsche 911, Ferrari Testarrossa, Audi RS3, RS4 et j'en passe...","sameAs":["http:\/\/www.carideal.com","https:\/\/www.facebook.com\/nicolas.schiavon.39","https:\/\/www.instagram.com\/carideal1\/","https:\/\/www.linkedin.com\/in\/nschiavon\/","https:\/\/x.com\/caridealauto","https:\/\/www.youtube.com\/user\/caridealsas\/"],"url":"https:\/\/www.carideal.com\/blog\/author\/nschiavon\/"}]}},"uagb_featured_image_src":{"full":["https:\/\/www.carideal.com\/blog\/wp-content\/uploads\/2008\/01\/ethanol-85-carideal-1199691012.jpg",400,300,false],"thumbnail":["https:\/\/www.carideal.com\/blog\/wp-content\/uploads\/2008\/01\/ethanol-85-carideal-1199691012-150x150.jpg",150,150,true],"medium":["https:\/\/www.carideal.com\/blog\/wp-content\/uploads\/2008\/01\/ethanol-85-carideal-1199691012-300x225.jpg",300,225,true],"medium_large":["https:\/\/www.carideal.com\/blog\/wp-content\/uploads\/2008\/01\/ethanol-85-carideal-1199691012.jpg",400,300,false],"large":["https:\/\/www.carideal.com\/blog\/wp-content\/uploads\/2008\/01\/ethanol-85-carideal-1199691012.jpg",400,300,false],"1536x1536":["https:\/\/www.carideal.com\/blog\/wp-content\/uploads\/2008\/01\/ethanol-85-carideal-1199691012.jpg",400,300,false],"2048x2048":["https:\/\/www.carideal.com\/blog\/wp-content\/uploads\/2008\/01\/ethanol-85-carideal-1199691012.jpg",400,300,false],"wppr-widget":["https:\/\/www.carideal.com\/blog\/wp-content\/uploads\/2008\/01\/ethanol-85-carideal-1199691012-50x38.jpg",50,38,true]},"uagb_author_info":{"display_name":"Nicolas SCHIAVON","author_link":"https:\/\/www.carideal.com\/blog\/author\/nschiavon\/"},"uagb_comment_info":0,"uagb_excerpt":"ETHANOL ET AGRICULTEURS Trois organisations agricoles ont sign\u00e9s un communiqu\u00e9 d\u00e9non\u00e7ant le gouvernement et le non-respect de sa parole. Les c\u00e9r\u00e9aliers, betteraviers, et producteurs de mais sont inquiets de la volont\u00e9 du gouvernement de taxer l'\u00e9thanol ou E85 contrairement \u00e0 ce qu'avait promis le pr\u00e9c\u00e9dent gouvernement de Villepin. Les subventions \u00e0 l'\u00e9thanol sont bien \u00e9tablies\u2026","_links":{"self":[{"href":"https:\/\/www.carideal.com\/blog\/wp-json\/wp\/v2\/posts\/4588"}],"collection":[{"href":"https:\/\/www.carideal.com\/blog\/wp-json\/wp\/v2\/posts"}],"about":[{"href":"https:\/\/www.carideal.com\/blog\/wp-json\/wp\/v2\/types\/post"}],"author":[{"embeddable":true,"href":"https:\/\/www.carideal.com\/blog\/wp-json\/wp\/v2\/users\/3"}],"replies":[{"embeddable":true,"href":"https:\/\/www.carideal.com\/blog\/wp-json\/wp\/v2\/comments?post=4588"}],"version-history":[{"count":0,"href":"https:\/\/www.carideal.com\/blog\/wp-json\/wp\/v2\/posts\/4588\/revisions"}],"wp:featuredmedia":[{"embeddable":true,"href":"https:\/\/www.carideal.com\/blog\/wp-json\/wp\/v2\/media\/25725"}],"wp:attachment":[{"href":"https:\/\/www.carideal.com\/blog\/wp-json\/wp\/v2\/media?parent=4588"}],"wp:term":[{"taxonomy":"category","embeddable":true,"href":"https:\/\/www.carideal.com\/blog\/wp-json\/wp\/v2\/categories?post=4588"},{"taxonomy":"post_tag","embeddable":true,"href":"https:\/\/www.carideal.com\/blog\/wp-json\/wp\/v2\/tags?post=4588"}],"curies":[{"name":"wp","href":"https:\/\/api.w.org\/{rel}","templated":true}]}}